{"id":107535,"date":"2026-09-04T02:30:00","date_gmt":"2026-09-04T05:30:00","guid":{"rendered":"https:\/\/www.tuasaude.com\/news\/?p=107535"},"modified":"2026-09-03T14:55:08","modified_gmt":"2026-09-03T17:55:08","slug":"perda-auditiva-zumbido-e-queda-no-rendimento-os-prejuizos-do-uso-prolongado-de-fones","status":"publish","type":"post","link":"https:\/\/www.tuasaude.com\/news\/2026\/09\/04\/perda-auditiva-zumbido-e-queda-no-rendimento-os-prejuizos-do-uso-prolongado-de-fones\/","title":{"rendered":"Perda auditiva, zumbido e queda no rendimento: os preju\u00edzos do uso prolongado de fones"},"content":{"rendered":"\n<p class=\"wp-block-paragraph\">O uso prolongado de fones de ouvido em volume alto pode causar perda auditiva progressiva, zumbido persistente e queda significativa no rendimento mental e f\u00edsico ao longo do dia. Ouvir m\u00fasica, aulas ou reuni\u00f5es por v\u00e1rias horas seguidas exp\u00f5e as estruturas delicadas do ouvido interno a uma sobrecarga sonora que danifica c\u00e9lulas respons\u00e1veis pela audi\u00e7\u00e3o e afeta diretamente a concentra\u00e7\u00e3o, o sono e o humor. Compreender esses riscos \u00e9 o primeiro passo para adotar h\u00e1bitos mais seguros e proteger a audi\u00e7\u00e3o em uma rotina cada vez mais dependente de dispositivos pessoais de som.<\/p>\n\n\n\n<h2 class=\"wp-block-heading\">Como o volume alto afeta as c\u00e9lulas ciliadas do ouvido interno?<\/h2>\n\n\n\n<p class=\"wp-block-paragraph\">Dentro do ouvido interno existem milhares de c\u00e9lulas ciliadas, estruturas microsc\u00f3picas que transformam vibra\u00e7\u00f5es sonoras em impulsos el\u00e9tricos enviados ao c\u00e9rebro. Quando expostas a volumes elevados por muito tempo, essas c\u00e9lulas sofrem fadiga, dano oxidativo e podem morrer.<\/p>\n\n\n\n<p class=\"wp-block-paragraph\">Ao contr\u00e1rio de outros tecidos do corpo, as c\u00e9lulas ciliadas n\u00e3o se regeneram, o que torna a les\u00e3o permanente. Esse processo silencioso costuma se instalar sem dor e explica boa parte dos casos de <a href=\"https:\/\/www.tuasaude.com\/perda-auditiva\/\" target=\"_blank\" rel=\"noreferrer noopener\">perda auditiva<\/a> em jovens e adultos que usam fones diariamente.<\/p>\n\n\n\n<h2 class=\"wp-block-heading\">Por que o uso prolongado de fones favorece o zumbido?<\/h2>\n\n\n\n<p class=\"wp-block-paragraph\">O zumbido, conhecido na medicina como tinnitus, \u00e9 a percep\u00e7\u00e3o de sons como apitos, chiados ou zunidos sem uma fonte externa. Ele costuma aparecer ap\u00f3s a exposi\u00e7\u00e3o repetida a ru\u00eddos intensos, mesmo quando ainda n\u00e3o existe perda auditiva detect\u00e1vel em exames.<\/p>\n\n\n\n<p class=\"wp-block-paragraph\">A Organiza\u00e7\u00e3o Mundial da Sa\u00fade, por meio da campanha Make Listening Safe, alerta que essa exposi\u00e7\u00e3o sonora prolongada \u00e9 uma das principais causas evit\u00e1veis desse sintoma em jovens, favorecendo quadros que evoluem para o <a href=\"https:\/\/www.tuasaude.com\/nauseas\/\" target=\"_blank\" rel=\"noreferrer noopener\">zumbido<\/a> cr\u00f4nico e persistente ao longo dos anos.<\/p>\n\n\n<div class=\"wp-block-image\">\n<figure class=\"aligncenter size-large\"><img decoding=\"async\" width=\"1024\" height=\"571\" src=\"https:\/\/www.tuasaude.com\/news\/wp-content\/uploads\/2026\/09\/Infographic_about_hearing_health\u2026_202609031454-1024x571.jpg\" alt=\"Volume, tempo, ambiente e sinais de alerta orientam uma escuta mais segura.\" class=\"wp-image-107542\" srcset=\"https:\/\/www.tuasaude.com\/news\/wp-content\/uploads\/2026\/09\/Infographic_about_hearing_health\u2026_202609031454-1024x571.jpg 1024w, https:\/\/www.tuasaude.com\/news\/wp-content\/uploads\/2026\/09\/Infographic_about_hearing_health\u2026_202609031454-300x167.jpg 300w, https:\/\/www.tuasaude.com\/news\/wp-content\/uploads\/2026\/09\/Infographic_about_hearing_health\u2026_202609031454-768x428.jpg 768w, https:\/\/www.tuasaude.com\/news\/wp-content\/uploads\/2026\/09\/Infographic_about_hearing_health\u2026_202609031454-750x418.jpg 750w, https:\/\/www.tuasaude.com\/news\/wp-content\/uploads\/2026\/09\/Infographic_about_hearing_health\u2026_202609031454-1140x636.jpg 1140w, https:\/\/www.tuasaude.com\/news\/wp-content\/uploads\/2026\/09\/Infographic_about_hearing_health\u2026_202609031454.jpg 1280w\" sizes=\"(max-width: 1024px) 100vw, 1024px\" \/><figcaption class=\"wp-element-caption\">Volume, tempo, ambiente e sinais de alerta orientam uma escuta mais segura.<\/figcaption><\/figure>\n<\/div>\n\n\n<h2 class=\"wp-block-heading\">Quais sinais indicam que os fones est\u00e3o prejudicando a audi\u00e7\u00e3o?<\/h2>\n\n\n\n<p class=\"wp-block-paragraph\">Alguns sintomas costumam surgir de forma sutil e s\u00e3o facilmente confundidos com cansa\u00e7o ou distra\u00e7\u00e3o, mas merecem aten\u00e7\u00e3o. Entre os principais sinais est\u00e3o:<\/p>\n\n\n\n<ul class=\"wp-block-list\">\n<li><strong>Sensa\u00e7\u00e3o de ouvido tampado<\/strong> ap\u00f3s retirar os fones<\/li>\n\n\n\n<li><strong>Zumbido intermitente<\/strong>, especialmente em ambientes silenciosos<\/li>\n\n\n\n<li><strong>Dificuldade para entender conversas<\/strong> em locais com ru\u00eddo<\/li>\n\n\n\n<li><strong>Necessidade de aumentar o volume<\/strong> da televis\u00e3o ou do celular<\/li>\n\n\n\n<li><strong>Sensibilidade aumentada a sons agudos<\/strong> ou desconforto com ru\u00eddos comuns<\/li>\n\n\n\n<li><strong>Dor ou press\u00e3o no ouvido<\/strong> ap\u00f3s uso prolongado<\/li>\n\n\n\n<li><strong>Cansa\u00e7o mental<\/strong> e queda de concentra\u00e7\u00e3o no fim do dia<\/li>\n<\/ul>\n\n\n\n<h2 class=\"wp-block-heading\">O que a ci\u00eancia revela sobre o uso de fones e a sa\u00fade auditiva?<\/h2>\n\n\n\n<p class=\"wp-block-paragraph\">Os riscos associados ao uso de fones em volume alto j\u00e1 s\u00e3o bem documentados em pesquisas internacionais de refer\u00eancia. Segundo a revis\u00e3o sistem\u00e1tica com meta-an\u00e1lise <a href=\"https:\/\/pubmed.ncbi.nlm.nih.gov\/36379592\/\" target=\"_blank\" rel=\"noreferrer noopener\">Prevalence and global estimates of unsafe listening practices in adolescents and young adults<\/a>, publicada no peri\u00f3dico BMJ Global Health, mais de 1 bilh\u00e3o de jovens em todo o mundo est\u00e3o em risco de perda auditiva devido a pr\u00e1ticas inseguras de escuta com dispositivos pessoais e em ambientes de m\u00fasica alta.<\/p>\n\n\n\n<p class=\"wp-block-paragraph\">Os autores destacam que a exposi\u00e7\u00e3o cont\u00ednua a n\u00edveis sonoros acima de 80 decib\u00e9is compromete a sa\u00fade do ouvido interno e favorece o surgimento de zumbido e perda auditiva precoce, refor\u00e7ando as orienta\u00e7\u00f5es da OMS e da Sociedade Brasileira de Otologia sobre a ado\u00e7\u00e3o de h\u00e1bitos de escuta segura.<\/p>\n\n\n<div class=\"wp-block-image\">\n<figure class=\"aligncenter size-large\"><img decoding=\"async\" width=\"1024\" height=\"571\" src=\"https:\/\/www.tuasaude.com\/news\/wp-content\/uploads\/2026\/09\/Woman_resting_from_headphone_use_202609031454-1024x571.jpg\" alt=\"Sobrecarga sonora repetida pode afetar c\u00e9lulas do ouvido e a concentra\u00e7\u00e3o di\u00e1ria.\" class=\"wp-image-107543\" srcset=\"https:\/\/www.tuasaude.com\/news\/wp-content\/uploads\/2026\/09\/Woman_resting_from_headphone_use_202609031454-1024x571.jpg 1024w, https:\/\/www.tuasaude.com\/news\/wp-content\/uploads\/2026\/09\/Woman_resting_from_headphone_use_202609031454-300x167.jpg 300w, https:\/\/www.tuasaude.com\/news\/wp-content\/uploads\/2026\/09\/Woman_resting_from_headphone_use_202609031454-768x428.jpg 768w, https:\/\/www.tuasaude.com\/news\/wp-content\/uploads\/2026\/09\/Woman_resting_from_headphone_use_202609031454-750x418.jpg 750w, https:\/\/www.tuasaude.com\/news\/wp-content\/uploads\/2026\/09\/Woman_resting_from_headphone_use_202609031454-1140x636.jpg 1140w, https:\/\/www.tuasaude.com\/news\/wp-content\/uploads\/2026\/09\/Woman_resting_from_headphone_use_202609031454.jpg 1280w\" sizes=\"(max-width: 1024px) 100vw, 1024px\" \/><figcaption class=\"wp-element-caption\">Sobrecarga sonora repetida pode afetar c\u00e9lulas do ouvido e a concentra\u00e7\u00e3o di\u00e1ria.<\/figcaption><\/figure>\n<\/div>\n\n\n<h2 class=\"wp-block-heading\">Como proteger a audi\u00e7\u00e3o e evitar a queda no rendimento?<\/h2>\n\n\n\n<p class=\"wp-block-paragraph\">Adotar algumas medidas simples ajuda a preservar a sa\u00fade auditiva e a manter a concentra\u00e7\u00e3o ao longo do dia. As recomenda\u00e7\u00f5es mais indicadas incluem:<\/p>\n\n\n\n<ol class=\"wp-block-list\">\n<li>Manter o volume em <strong>at\u00e9 60% do m\u00e1ximo<\/strong> do dispositivo<\/li>\n\n\n\n<li>Limitar o uso de fones a, no m\u00e1ximo, <strong>60 minutos por vez<\/strong><\/li>\n\n\n\n<li>Fazer <strong>pausas regulares<\/strong> de 10 a 15 minutos entre as sess\u00f5es<\/li>\n\n\n\n<li>Preferir <strong>fones supra-auriculares<\/strong> ou com cancelamento de ru\u00eddo, que exigem menos volume<\/li>\n\n\n\n<li>Evitar o uso de fones em <strong>ambientes muito barulhentos<\/strong>, como transporte p\u00fablico<\/li>\n\n\n\n<li>Usar <strong>protetores auriculares<\/strong> em shows e locais com m\u00fasica alta<\/li>\n\n\n\n<li>Realizar <strong>avalia\u00e7\u00e3o auditiva anual<\/strong>, principalmente ao notar zumbido ou dificuldade para ouvir<\/li>\n<\/ol>\n\n\n\n<p class=\"wp-block-paragraph\">Sintomas persistentes como zumbido, sensa\u00e7\u00e3o de ouvido tampado, dor ou queda na capacidade auditiva devem ser avaliados por um m\u00e9dico otorrinolaringologista, que poder\u00e1 solicitar exames como a audiometria, identificar a causa e indicar o tratamento adequado antes que o quadro evolua para uma perda permanente.<\/p>\n\n\n\n<p class=\"wp-block-paragraph\"><em>Este conte\u00fado tem car\u00e1ter apenas informativo e n\u00e3o substitui a avalia\u00e7\u00e3o, o diagn\u00f3stico ou o tratamento realizados por um profissional de sa\u00fade qualificado.<\/em><\/p>\n","protected":false},"excerpt":{"rendered":"<p>O uso prolongado de fones de ouvido em volume alto pode causar perda auditiva progressiva, zumbido persistente e queda significativa no rendimento mental e f\u00edsico ao longo do dia. Ouvir m\u00fasica, aulas ou reuni\u00f5es por v\u00e1rias horas seguidas exp\u00f5e as estruturas delicadas do ouvido interno a uma sobrecarga sonora que danifica c\u00e9lulas respons\u00e1veis pela audi\u00e7\u00e3o [&hellip;]<\/p>\n","protected":false},"author":11,"featured_media":107541,"comment_status":"open","ping_status":"open","sticky":false,"template":"","format":"standard","meta":{"_yoast_wpseo_focuskw":"fones","_yoast_wpseo_title":"","_yoast_wpseo_metadesc":"Usar fones por muito tempo e em volume alto pode causar zumbido e perda auditiva. Entenda os sinais de alerta e quais h\u00e1bitos ajudam a proteger sua audi\u00e7\u00e3o.","jnews-multi-image_gallery":[],"jnews_single_post":{"format":"standard"},"jnews_primary_category":[],"jnews_social_meta":[],"jnews_override_counter":[],"footnotes":""},"categories":[111],"tags":[13130,1438,136,7172],"class_list":["post-107535","post","type-post","status-publish","format-standard","has-post-thumbnail","hentry","category-saude","tag-fones","tag-perda-auditiva","tag-saude","tag-zumbido"],"yoast_head":"<!-- This site is optimized with the Yoast SEO plugin v26.7 - https:\/\/yoast.com\/wordpress\/plugins\/seo\/ -->\n<title>Perda auditiva, zumbido e queda no rendimento: os preju\u00edzos do uso prolongado de fones - Tua Sa\u00fade<\/title>\n<meta name=\"description\" content=\"Usar fones por muito tempo e em volume alto pode causar zumbido e perda auditiva. Entenda os sinais de alerta e quais h\u00e1bitos ajudam a proteger sua audi\u00e7\u00e3o.\" \/>\n<meta name=\"robots\" content=\"index, follow, max-snippet:-1, max-image-preview:large, max-video-preview:-1\" \/>\n<link rel=\"canonical\" href=\"https:\/\/www.tuasaude.com\/news\/2026\/09\/04\/perda-auditiva-zumbido-e-queda-no-rendimento-os-prejuizos-do-uso-prolongado-de-fones\/\" \/>\n<meta property=\"og:locale\" content=\"pt_BR\" \/>\n<meta property=\"og:type\" content=\"article\" \/>\n<meta property=\"og:title\" content=\"Perda auditiva, zumbido e queda no rendimento: os preju\u00edzos do uso prolongado de fones - Tua Sa\u00fade\" \/>\n<meta property=\"og:description\" content=\"Usar fones por muito tempo e em volume alto pode causar zumbido e perda auditiva. Entenda os sinais de alerta e quais h\u00e1bitos ajudam a proteger sua audi\u00e7\u00e3o.\" \/>\n<meta property=\"og:url\" content=\"https:\/\/www.tuasaude.com\/news\/2026\/09\/04\/perda-auditiva-zumbido-e-queda-no-rendimento-os-prejuizos-do-uso-prolongado-de-fones\/\" \/>\n<meta property=\"og:site_name\" content=\"Tua Sa\u00fade\" \/>\n<meta property=\"article:published_time\" content=\"2026-09-04T05:30:00+00:00\" \/>\n<meta property=\"og:image\" content=\"https:\/\/www.tuasaude.com\/news\/wp-content\/uploads\/2026\/09\/Man_removing_headphones_at_desk_202609031454.jpg\" \/>\n\t<meta property=\"og:image:width\" content=\"1280\" \/>\n\t<meta property=\"og:image:height\" content=\"714\" \/>\n\t<meta property=\"og:image:type\" content=\"image\/jpeg\" \/>\n<meta name=\"author\" content=\"Gessika Julia Carvalho\" \/>\n<meta name=\"twitter:card\" content=\"summary_large_image\" \/>\n<meta name=\"twitter:label1\" content=\"Escrito por\" \/>\n\t<meta name=\"twitter:data1\" content=\"Gessika Julia Carvalho\" \/>\n\t<meta name=\"twitter:label2\" content=\"Est. tempo de leitura\" \/>\n\t<meta name=\"twitter:data2\" content=\"5 minutos\" \/>\n<!-- \/ Yoast SEO plugin. -->","yoast_head_json":{"title":"Perda auditiva, zumbido e queda no rendimento: os preju\u00edzos do uso prolongado de fones - Tua Sa\u00fade","description":"Usar fones por muito tempo e em volume alto pode causar zumbido e perda auditiva. Entenda os sinais de alerta e quais h\u00e1bitos ajudam a proteger sua audi\u00e7\u00e3o.","robots":{"index":"index","follow":"follow","max-snippet":"max-snippet:-1","max-image-preview":"max-image-preview:large","max-video-preview":"max-video-preview:-1"},"canonical":"https:\/\/www.tuasaude.com\/news\/2026\/09\/04\/perda-auditiva-zumbido-e-queda-no-rendimento-os-prejuizos-do-uso-prolongado-de-fones\/","og_locale":"pt_BR","og_type":"article","og_title":"Perda auditiva, zumbido e queda no rendimento: os preju\u00edzos do uso prolongado de fones - Tua Sa\u00fade","og_description":"Usar fones por muito tempo e em volume alto pode causar zumbido e perda auditiva. Entenda os sinais de alerta e quais h\u00e1bitos ajudam a proteger sua audi\u00e7\u00e3o.","og_url":"https:\/\/www.tuasaude.com\/news\/2026\/09\/04\/perda-auditiva-zumbido-e-queda-no-rendimento-os-prejuizos-do-uso-prolongado-de-fones\/","og_site_name":"Tua Sa\u00fade","article_published_time":"2026-09-04T05:30:00+00:00","og_image":[{"width":1280,"height":714,"url":"https:\/\/www.tuasaude.com\/news\/wp-content\/uploads\/2026\/09\/Man_removing_headphones_at_desk_202609031454.jpg","type":"image\/jpeg"}],"author":"Gessika Julia Carvalho","twitter_card":"summary_large_image","twitter_misc":{"Escrito por":"Gessika Julia Carvalho","Est. tempo de leitura":"5 minutos"},"schema":{"@context":"https:\/\/schema.org","@graph":[{"@type":"Article","@id":"https:\/\/www.tuasaude.com\/news\/2026\/09\/04\/perda-auditiva-zumbido-e-queda-no-rendimento-os-prejuizos-do-uso-prolongado-de-fones\/#article","isPartOf":{"@id":"https:\/\/www.tuasaude.com\/news\/2026\/09\/04\/perda-auditiva-zumbido-e-queda-no-rendimento-os-prejuizos-do-uso-prolongado-de-fones\/"},"author":{"name":"Gessika Julia Carvalho","@id":"https:\/\/www.tuasaude.com\/news\/#\/schema\/person\/2e9df841be69ec84f5d20ddb8d273ac2"},"headline":"Perda auditiva, zumbido e queda no rendimento: os preju\u00edzos do uso prolongado de fones","datePublished":"2026-09-04T05:30:00+00:00","mainEntityOfPage":{"@id":"https:\/\/www.tuasaude.com\/news\/2026\/09\/04\/perda-auditiva-zumbido-e-queda-no-rendimento-os-prejuizos-do-uso-prolongado-de-fones\/"},"wordCount":813,"commentCount":0,"image":{"@id":"https:\/\/www.tuasaude.com\/news\/2026\/09\/04\/perda-auditiva-zumbido-e-queda-no-rendimento-os-prejuizos-do-uso-prolongado-de-fones\/#primaryimage"},"thumbnailUrl":"https:\/\/www.tuasaude.com\/news\/wp-content\/uploads\/2026\/09\/Man_removing_headphones_at_desk_202609031454.jpg","keywords":["fones","perda auditiva","sa\u00fade","zumbido"],"articleSection":["Sa\u00fade"],"inLanguage":"pt-BR","potentialAction":[{"@type":"CommentAction","name":"Comment","target":["https:\/\/www.tuasaude.com\/news\/2026\/09\/04\/perda-auditiva-zumbido-e-queda-no-rendimento-os-prejuizos-do-uso-prolongado-de-fones\/#respond"]}]},{"@type":"WebPage","@id":"https:\/\/www.tuasaude.com\/news\/2026\/09\/04\/perda-auditiva-zumbido-e-queda-no-rendimento-os-prejuizos-do-uso-prolongado-de-fones\/","url":"https:\/\/www.tuasaude.com\/news\/2026\/09\/04\/perda-auditiva-zumbido-e-queda-no-rendimento-os-prejuizos-do-uso-prolongado-de-fones\/","name":"Perda auditiva, zumbido e queda no rendimento: os preju\u00edzos do uso prolongado de fones - Tua Sa\u00fade","isPartOf":{"@id":"https:\/\/www.tuasaude.com\/news\/#website"},"primaryImageOfPage":{"@id":"https:\/\/www.tuasaude.com\/news\/2026\/09\/04\/perda-auditiva-zumbido-e-queda-no-rendimento-os-prejuizos-do-uso-prolongado-de-fones\/#primaryimage"},"image":{"@id":"https:\/\/www.tuasaude.com\/news\/2026\/09\/04\/perda-auditiva-zumbido-e-queda-no-rendimento-os-prejuizos-do-uso-prolongado-de-fones\/#primaryimage"},"thumbnailUrl":"https:\/\/www.tuasaude.com\/news\/wp-content\/uploads\/2026\/09\/Man_removing_headphones_at_desk_202609031454.jpg","datePublished":"2026-09-04T05:30:00+00:00","author":{"@id":"https:\/\/www.tuasaude.com\/news\/#\/schema\/person\/2e9df841be69ec84f5d20ddb8d273ac2"},"description":"Usar fones por muito tempo e em volume alto pode causar zumbido e perda auditiva. Entenda os sinais de alerta e quais h\u00e1bitos ajudam a proteger sua audi\u00e7\u00e3o.","breadcrumb":{"@id":"https:\/\/www.tuasaude.com\/news\/2026\/09\/04\/perda-auditiva-zumbido-e-queda-no-rendimento-os-prejuizos-do-uso-prolongado-de-fones\/#breadcrumb"},"inLanguage":"pt-BR","potentialAction":[{"@type":"ReadAction","target":["https:\/\/www.tuasaude.com\/news\/2026\/09\/04\/perda-auditiva-zumbido-e-queda-no-rendimento-os-prejuizos-do-uso-prolongado-de-fones\/"]}]},{"@type":"ImageObject","inLanguage":"pt-BR","@id":"https:\/\/www.tuasaude.com\/news\/2026\/09\/04\/perda-auditiva-zumbido-e-queda-no-rendimento-os-prejuizos-do-uso-prolongado-de-fones\/#primaryimage","url":"https:\/\/www.tuasaude.com\/news\/wp-content\/uploads\/2026\/09\/Man_removing_headphones_at_desk_202609031454.jpg","contentUrl":"https:\/\/www.tuasaude.com\/news\/wp-content\/uploads\/2026\/09\/Man_removing_headphones_at_desk_202609031454.jpg","width":1280,"height":714,"caption":"Perda auditiva, zumbido e queda no rendimento: os preju\u00edzos do uso prolongado de fones"},{"@type":"BreadcrumbList","@id":"https:\/\/www.tuasaude.com\/news\/2026\/09\/04\/perda-auditiva-zumbido-e-queda-no-rendimento-os-prejuizos-do-uso-prolongado-de-fones\/#breadcrumb","itemListElement":[{"@type":"ListItem","position":1,"name":"In\u00edcio","item":"https:\/\/www.tuasaude.com\/news\/"},{"@type":"ListItem","position":2,"name":"Perda auditiva, zumbido e queda no rendimento: os preju\u00edzos do uso prolongado de fones"}]},{"@type":"WebSite","@id":"https:\/\/www.tuasaude.com\/news\/#website","url":"https:\/\/www.tuasaude.com\/news\/","name":"Tua Sa\u00fade","description":"Seu site de sa\u00fade","potentialAction":[{"@type":"SearchAction","target":{"@type":"EntryPoint","urlTemplate":"https:\/\/www.tuasaude.com\/news\/?s={search_term_string}"},"query-input":{"@type":"PropertyValueSpecification","valueRequired":true,"valueName":"search_term_string"}}],"inLanguage":"pt-BR"},{"@type":"Person","@id":"https:\/\/www.tuasaude.com\/news\/#\/schema\/person\/2e9df841be69ec84f5d20ddb8d273ac2","name":"Gessika Julia Carvalho","image":{"@type":"ImageObject","inLanguage":"pt-BR","@id":"https:\/\/www.tuasaude.com\/news\/#\/schema\/person\/image\/","url":"https:\/\/secure.gravatar.com\/avatar\/0fcc8769024577fd0bc6a8b766055690f76a8e8f29dfb2a2f89cf04db8d0f2d2?s=96&d=mm&r=g","contentUrl":"https:\/\/secure.gravatar.com\/avatar\/0fcc8769024577fd0bc6a8b766055690f76a8e8f29dfb2a2f89cf04db8d0f2d2?s=96&d=mm&r=g","caption":"Gessika Julia Carvalho"},"sameAs":["https:\/\/www.tuasaude.com\/news\/"],"url":"https:\/\/www.tuasaude.com\/news\/author\/gessika-julia\/"}]}},"_links":{"self":[{"href":"https:\/\/www.tuasaude.com\/news\/wp-json\/wp\/v2\/posts\/107535","targetHints":{"allow":["GET"]}}],"collection":[{"href":"https:\/\/www.tuasaude.com\/news\/wp-json\/wp\/v2\/posts"}],"about":[{"href":"https:\/\/www.tuasaude.com\/news\/wp-json\/wp\/v2\/types\/post"}],"author":[{"embeddable":true,"href":"https:\/\/www.tuasaude.com\/news\/wp-json\/wp\/v2\/users\/11"}],"replies":[{"embeddable":true,"href":"https:\/\/www.tuasaude.com\/news\/wp-json\/wp\/v2\/comments?post=107535"}],"version-history":[{"count":1,"href":"https:\/\/www.tuasaude.com\/news\/wp-json\/wp\/v2\/posts\/107535\/revisions"}],"predecessor-version":[{"id":107544,"href":"https:\/\/www.tuasaude.com\/news\/wp-json\/wp\/v2\/posts\/107535\/revisions\/107544"}],"wp:featuredmedia":[{"embeddable":true,"href":"https:\/\/www.tuasaude.com\/news\/wp-json\/wp\/v2\/media\/107541"}],"wp:attachment":[{"href":"https:\/\/www.tuasaude.com\/news\/wp-json\/wp\/v2\/media?parent=107535"}],"wp:term":[{"taxonomy":"category","embeddable":true,"href":"https:\/\/www.tuasaude.com\/news\/wp-json\/wp\/v2\/categories?post=107535"},{"taxonomy":"post_tag","embeddable":true,"href":"https:\/\/www.tuasaude.com\/news\/wp-json\/wp\/v2\/tags?post=107535"}],"curies":[{"name":"wp","href":"https:\/\/api.w.org\/{rel}","templated":true}]}}