{"id":107502,"date":"2026-09-03T14:20:00","date_gmt":"2026-09-03T17:20:00","guid":{"rendered":"https:\/\/www.tuasaude.com\/news\/?p=107502"},"modified":"2026-09-03T13:26:53","modified_gmt":"2026-09-03T16:26:53","slug":"pao-frances-ou-pao-integral-qual-e-a-escolha-mais-indicada-para-quem-tem-diabetes","status":"publish","type":"post","link":"https:\/\/www.tuasaude.com\/news\/2026\/09\/03\/pao-frances-ou-pao-integral-qual-e-a-escolha-mais-indicada-para-quem-tem-diabetes\/","title":{"rendered":"P\u00e3o franc\u00eas ou p\u00e3o integral: qual \u00e9 a escolha mais indicada para quem tem diabetes?"},"content":{"rendered":"\n<p class=\"wp-block-paragraph\">Para quem convive com diabetes, o p\u00e3o integral \u00e9 a escolha mais indicada em compara\u00e7\u00e3o ao p\u00e3o franc\u00eas, principalmente por apresentar menor \u00edndice glic\u00eamico, maior teor de fibras e provocar um impacto mais suave na glicemia ap\u00f3s as refei\u00e7\u00f5es. Essa diferen\u00e7a, aparentemente simples, pode influenciar diretamente no controle da glicose ao longo do dia e na sensa\u00e7\u00e3o de saciedade. Entender por que essa troca faz sentido ajuda a montar um card\u00e1pio equilibrado, sem abrir m\u00e3o do prazer de comer p\u00e3o no caf\u00e9 da manh\u00e3 ou no lanche.<\/p>\n\n\n\n<h2 class=\"wp-block-heading\">Qual \u00e9 a diferen\u00e7a entre o p\u00e3o franc\u00eas e o p\u00e3o integral?<\/h2>\n\n\n\n<p class=\"wp-block-paragraph\">O p\u00e3o franc\u00eas \u00e9 produzido com farinha de trigo refinada, que perde grande parte das fibras, vitaminas e minerais durante o processamento. J\u00e1 o p\u00e3o integral utiliza farinha de trigo integral, mantendo o farelo e o germe do gr\u00e3o, o que garante mais nutrientes e fibras por por\u00e7\u00e3o.<\/p>\n\n\n\n<p class=\"wp-block-paragraph\">Segundo a tabela TACO, o p\u00e3o integral apresenta cerca de 6,9 g de fibras a cada 100 g, enquanto o p\u00e3o franc\u00eas fica em torno de 2,3 g. Essa diferen\u00e7a \u00e9 decisiva para pessoas com diabetes, j\u00e1 que as fibras retardam a absor\u00e7\u00e3o dos carboidratos e favorecem o controle glic\u00eamico ao longo do dia.<\/p>\n\n\n\n<h2 class=\"wp-block-heading\">Como o \u00edndice glic\u00eamico influencia no controle da diabetes?<\/h2>\n\n\n\n<p class=\"wp-block-paragraph\">O \u00edndice glic\u00eamico (IG) mede a velocidade com que um alimento eleva a glicose no sangue ap\u00f3s o consumo. Quanto menor o IG, mais gradual \u00e9 a libera\u00e7\u00e3o de a\u00e7\u00facar na corrente sangu\u00ednea, o que favorece o controle glic\u00eamico e evita picos de insulina.<\/p>\n\n\n\n<p class=\"wp-block-paragraph\">O p\u00e3o franc\u00eas possui IG alto, em torno de 70 a 75, enquanto o p\u00e3o integral fica em uma faixa moderada, entre 50 e 55. Essa diferen\u00e7a explica por que a vers\u00e3o integral \u00e9 mais recomendada pela Sociedade Brasileira de Diabetes para compor uma <a href=\"https:\/\/www.tuasaude.com\/o-que-comer-na-diabetes\/\" target=\"_blank\" rel=\"noreferrer noopener\">alimenta\u00e7\u00e3o para diabetes<\/a> equilibrada.<\/p>\n\n\n<div class=\"wp-block-image\">\n<figure class=\"aligncenter size-large\"><img decoding=\"async\" width=\"1024\" height=\"571\" src=\"https:\/\/www.tuasaude.com\/news\/wp-content\/uploads\/2026\/09\/Pao_e_diabetes_escolha_equilibrada_202609031325-1024x571.jpg\" alt=\"Integral, por\u00e7\u00e3o adequada, prote\u00edna e gorduras boas favorecem refei\u00e7\u00f5es mais equilibradas.\" class=\"wp-image-107510\" srcset=\"https:\/\/www.tuasaude.com\/news\/wp-content\/uploads\/2026\/09\/Pao_e_diabetes_escolha_equilibrada_202609031325-1024x571.jpg 1024w, https:\/\/www.tuasaude.com\/news\/wp-content\/uploads\/2026\/09\/Pao_e_diabetes_escolha_equilibrada_202609031325-300x167.jpg 300w, https:\/\/www.tuasaude.com\/news\/wp-content\/uploads\/2026\/09\/Pao_e_diabetes_escolha_equilibrada_202609031325-768x428.jpg 768w, https:\/\/www.tuasaude.com\/news\/wp-content\/uploads\/2026\/09\/Pao_e_diabetes_escolha_equilibrada_202609031325-750x418.jpg 750w, https:\/\/www.tuasaude.com\/news\/wp-content\/uploads\/2026\/09\/Pao_e_diabetes_escolha_equilibrada_202609031325-1140x636.jpg 1140w, https:\/\/www.tuasaude.com\/news\/wp-content\/uploads\/2026\/09\/Pao_e_diabetes_escolha_equilibrada_202609031325.jpg 1280w\" sizes=\"(max-width: 1024px) 100vw, 1024px\" \/><figcaption class=\"wp-element-caption\">Integral, por\u00e7\u00e3o adequada, prote\u00edna e gorduras boas favorecem refei\u00e7\u00f5es mais equilibradas.<\/figcaption><\/figure>\n<\/div>\n\n\n<h2 class=\"wp-block-heading\">Quais s\u00e3o os benef\u00edcios do p\u00e3o integral para quem tem diabetes?<\/h2>\n\n\n\n<p class=\"wp-block-paragraph\">A escolha do p\u00e3o integral vai al\u00e9m do controle da glicose e traz vantagens que impactam a sa\u00fade de forma ampla. Entre os principais benef\u00edcios est\u00e3o:<\/p>\n\n\n\n<ul class=\"wp-block-list\">\n<li><strong>Maior saciedade<\/strong>, ajudando a reduzir a fome entre as refei\u00e7\u00f5es<\/li>\n\n\n\n<li><strong>Melhora do tr\u00e2nsito intestinal<\/strong>, gra\u00e7as ao alto teor de fibras<\/li>\n\n\n\n<li><strong>Redu\u00e7\u00e3o do colesterol LDL<\/strong>, o que protege a sa\u00fade cardiovascular<\/li>\n\n\n\n<li><strong>Controle mais est\u00e1vel da glicemia<\/strong> p\u00f3s-refei\u00e7\u00e3o<\/li>\n\n\n\n<li><strong>Fornecimento de vitaminas do complexo B<\/strong>, importantes para o metabolismo<\/li>\n\n\n\n<li><strong>Presen\u00e7a de minerais<\/strong> como magn\u00e9sio e zinco, associados \u00e0 sensibilidade \u00e0 insulina<\/li>\n<\/ul>\n\n\n\n<h2 class=\"wp-block-heading\">O que diz a ci\u00eancia sobre o consumo de gr\u00e3os integrais e diabetes?<\/h2>\n\n\n\n<p class=\"wp-block-paragraph\">Diversas pesquisas confirmam a rela\u00e7\u00e3o positiva entre o consumo regular de gr\u00e3os integrais e o melhor controle do diabetes. De acordo com a revis\u00e3o sistem\u00e1tica e metan\u00e1lise <a href=\"https:\/\/pubmed.ncbi.nlm.nih.gov\/27301975\/\" target=\"_blank\" rel=\"noreferrer noopener\">Whole grain consumption and risk of cardiovascular disease, cancer, and all cause and cause specific mortality<\/a>, publicada no peri\u00f3dico brit\u00e2nico The BMJ, a ingest\u00e3o di\u00e1ria de cerca de 90 g de gr\u00e3os integrais est\u00e1 associada \u00e0 redu\u00e7\u00e3o significativa do risco de diabetes tipo 2, al\u00e9m de menor mortalidade por doen\u00e7as cardiovasculares.<\/p>\n\n\n\n<p class=\"wp-block-paragraph\">Os autores destacam que as fibras, os compostos antioxidantes e os fitoqu\u00edmicos presentes nos gr\u00e3os integrais atuam em conjunto para melhorar a resposta \u00e0 insulina, refor\u00e7ando a orienta\u00e7\u00e3o de incluir <a href=\"https:\/\/www.tuasaude.com\/alimentos-que-previnem-a-diabetes\/\" target=\"_blank\" rel=\"noreferrer noopener\">alimentos que previnem a diabetes<\/a> na rotina alimentar.<\/p>\n\n\n<div class=\"wp-block-image\">\n<figure class=\"aligncenter size-large\"><img decoding=\"async\" width=\"1024\" height=\"571\" src=\"https:\/\/www.tuasaude.com\/news\/wp-content\/uploads\/2026\/09\/Man_comparing_bread_types_202609031325-1024x571.jpg\" alt=\"Fibras e combina\u00e7\u00f5es equilibradas ajudam a reduzir o impacto do p\u00e3o na glicemia.\" class=\"wp-image-107511\" srcset=\"https:\/\/www.tuasaude.com\/news\/wp-content\/uploads\/2026\/09\/Man_comparing_bread_types_202609031325-1024x571.jpg 1024w, https:\/\/www.tuasaude.com\/news\/wp-content\/uploads\/2026\/09\/Man_comparing_bread_types_202609031325-300x167.jpg 300w, https:\/\/www.tuasaude.com\/news\/wp-content\/uploads\/2026\/09\/Man_comparing_bread_types_202609031325-768x428.jpg 768w, https:\/\/www.tuasaude.com\/news\/wp-content\/uploads\/2026\/09\/Man_comparing_bread_types_202609031325-750x418.jpg 750w, https:\/\/www.tuasaude.com\/news\/wp-content\/uploads\/2026\/09\/Man_comparing_bread_types_202609031325-1140x636.jpg 1140w, https:\/\/www.tuasaude.com\/news\/wp-content\/uploads\/2026\/09\/Man_comparing_bread_types_202609031325.jpg 1280w\" sizes=\"(max-width: 1024px) 100vw, 1024px\" \/><figcaption class=\"wp-element-caption\">Fibras e combina\u00e7\u00f5es equilibradas ajudam a reduzir o impacto do p\u00e3o na glicemia.<\/figcaption><\/figure>\n<\/div>\n\n\n<h2 class=\"wp-block-heading\">Como incluir o p\u00e3o integral na alimenta\u00e7\u00e3o de forma equilibrada?<\/h2>\n\n\n\n<p class=\"wp-block-paragraph\">Mesmo sendo mais indicado, o p\u00e3o integral precisa ser consumido com modera\u00e7\u00e3o e combinado a outros alimentos para potencializar o controle glic\u00eamico. Algumas recomenda\u00e7\u00f5es pr\u00e1ticas incluem:<\/p>\n\n\n\n<ol class=\"wp-block-list\">\n<li>Verificar o r\u00f3tulo e escolher p\u00e3es com <strong>farinha de trigo integral como primeiro ingrediente<\/strong><\/li>\n\n\n\n<li>Consumir no m\u00e1ximo <strong>2 fatias por refei\u00e7\u00e3o<\/strong>, conforme orienta\u00e7\u00e3o nutricional<\/li>\n\n\n\n<li>Combinar com <strong>prote\u00ednas magras<\/strong>, como ovo, queijo branco ou frango desfiado<\/li>\n\n\n\n<li>Adicionar <strong>gorduras boas<\/strong>, como abacate ou pasta de amendoim sem a\u00e7\u00facar<\/li>\n\n\n\n<li>Evitar acompanhar com <strong>geleias a\u00e7ucaradas<\/strong> ou embutidos ricos em s\u00f3dio<\/li>\n\n\n\n<li>Priorizar o consumo ao lado de <a href=\"https:\/\/www.tuasaude.com\/alimentos-para-diabeticos\/\" target=\"_blank\" rel=\"noreferrer noopener\">alimentos para diab\u00e9ticos<\/a> ricos em fibras e nutrientes<\/li>\n<\/ol>\n\n\n\n<p class=\"wp-block-paragraph\">Cada organismo responde de maneira diferente aos alimentos, e o acompanhamento com m\u00e9dico endocrinologista e nutricionista \u00e9 fundamental para ajustar as por\u00e7\u00f5es, avaliar a resposta glic\u00eamica individual e definir o plano alimentar mais adequado ao seu caso.<\/p>\n\n\n\n<p class=\"wp-block-paragraph\"><em>Este conte\u00fado tem car\u00e1ter apenas informativo e n\u00e3o substitui a avalia\u00e7\u00e3o, o diagn\u00f3stico ou o tratamento realizados por um profissional de sa\u00fade qualificado.<\/em><\/p>\n","protected":false},"excerpt":{"rendered":"<p>Para quem convive com diabetes, o p\u00e3o integral \u00e9 a escolha mais indicada em compara\u00e7\u00e3o ao p\u00e3o franc\u00eas, principalmente por apresentar menor \u00edndice glic\u00eamico, maior teor de fibras e provocar um impacto mais suave na glicemia ap\u00f3s as refei\u00e7\u00f5es. Essa diferen\u00e7a, aparentemente simples, pode influenciar diretamente no controle da glicose ao longo do dia e [&hellip;]<\/p>\n","protected":false},"author":11,"featured_media":107509,"comment_status":"open","ping_status":"open","sticky":false,"template":"","format":"standard","meta":{"_yoast_wpseo_focuskw":"diabetes","_yoast_wpseo_title":"","_yoast_wpseo_metadesc":"P\u00e3o integral tem mais fibras e menor \u00edndice glic\u00eamico que o p\u00e3o franc\u00eas. Entenda como essa diferen\u00e7a influencia a glicemia de quem convive com diabetes.","jnews-multi-image_gallery":[],"jnews_single_post":{"format":"standard"},"jnews_primary_category":[],"jnews_social_meta":[],"jnews_override_counter":[],"footnotes":""},"categories":[111],"tags":[220,261,13129,7491,136],"class_list":["post-107502","post","type-post","status-publish","format-standard","has-post-thumbnail","hentry","category-saude","tag-alimentacao","tag-diabetes","tag-pao-frances","tag-pao-integral","tag-saude"],"yoast_head":"<!-- This site is optimized with the Yoast SEO plugin v26.7 - https:\/\/yoast.com\/wordpress\/plugins\/seo\/ -->\n<title>P\u00e3o franc\u00eas ou p\u00e3o integral: qual \u00e9 a escolha mais indicada para quem tem diabetes? - Tua Sa\u00fade<\/title>\n<meta name=\"description\" content=\"P\u00e3o integral tem mais fibras e menor \u00edndice glic\u00eamico que o p\u00e3o franc\u00eas. Entenda como essa diferen\u00e7a influencia a glicemia de quem convive com diabetes.\" \/>\n<meta name=\"robots\" content=\"index, follow, max-snippet:-1, max-image-preview:large, max-video-preview:-1\" \/>\n<link rel=\"canonical\" href=\"https:\/\/www.tuasaude.com\/news\/2026\/09\/03\/pao-frances-ou-pao-integral-qual-e-a-escolha-mais-indicada-para-quem-tem-diabetes\/\" \/>\n<meta property=\"og:locale\" content=\"pt_BR\" \/>\n<meta property=\"og:type\" content=\"article\" \/>\n<meta property=\"og:title\" content=\"P\u00e3o franc\u00eas ou p\u00e3o integral: qual \u00e9 a escolha mais indicada para quem tem diabetes? - Tua Sa\u00fade\" \/>\n<meta property=\"og:description\" content=\"P\u00e3o integral tem mais fibras e menor \u00edndice glic\u00eamico que o p\u00e3o franc\u00eas. Entenda como essa diferen\u00e7a influencia a glicemia de quem convive com diabetes.\" \/>\n<meta property=\"og:url\" content=\"https:\/\/www.tuasaude.com\/news\/2026\/09\/03\/pao-frances-ou-pao-integral-qual-e-a-escolha-mais-indicada-para-quem-tem-diabetes\/\" \/>\n<meta property=\"og:site_name\" content=\"Tua Sa\u00fade\" \/>\n<meta property=\"article:published_time\" content=\"2026-09-03T17:20:00+00:00\" \/>\n<meta property=\"og:image\" content=\"https:\/\/www.tuasaude.com\/news\/wp-content\/uploads\/2026\/09\/Woman_choosing_bread_for_diabetes_202609031325.jpg\" \/>\n\t<meta property=\"og:image:width\" content=\"1280\" \/>\n\t<meta property=\"og:image:height\" content=\"714\" \/>\n\t<meta property=\"og:image:type\" content=\"image\/jpeg\" \/>\n<meta name=\"author\" content=\"Gessika Julia Carvalho\" \/>\n<meta name=\"twitter:card\" content=\"summary_large_image\" \/>\n<meta name=\"twitter:label1\" content=\"Escrito por\" \/>\n\t<meta name=\"twitter:data1\" content=\"Gessika Julia Carvalho\" \/>\n\t<meta name=\"twitter:label2\" content=\"Est. tempo de leitura\" \/>\n\t<meta name=\"twitter:data2\" content=\"5 minutos\" \/>\n<!-- \/ Yoast SEO plugin. -->","yoast_head_json":{"title":"P\u00e3o franc\u00eas ou p\u00e3o integral: qual \u00e9 a escolha mais indicada para quem tem diabetes? - Tua Sa\u00fade","description":"P\u00e3o integral tem mais fibras e menor \u00edndice glic\u00eamico que o p\u00e3o franc\u00eas. Entenda como essa diferen\u00e7a influencia a glicemia de quem convive com diabetes.","robots":{"index":"index","follow":"follow","max-snippet":"max-snippet:-1","max-image-preview":"max-image-preview:large","max-video-preview":"max-video-preview:-1"},"canonical":"https:\/\/www.tuasaude.com\/news\/2026\/09\/03\/pao-frances-ou-pao-integral-qual-e-a-escolha-mais-indicada-para-quem-tem-diabetes\/","og_locale":"pt_BR","og_type":"article","og_title":"P\u00e3o franc\u00eas ou p\u00e3o integral: qual \u00e9 a escolha mais indicada para quem tem diabetes? - Tua Sa\u00fade","og_description":"P\u00e3o integral tem mais fibras e menor \u00edndice glic\u00eamico que o p\u00e3o franc\u00eas. Entenda como essa diferen\u00e7a influencia a glicemia de quem convive com diabetes.","og_url":"https:\/\/www.tuasaude.com\/news\/2026\/09\/03\/pao-frances-ou-pao-integral-qual-e-a-escolha-mais-indicada-para-quem-tem-diabetes\/","og_site_name":"Tua Sa\u00fade","article_published_time":"2026-09-03T17:20:00+00:00","og_image":[{"width":1280,"height":714,"url":"https:\/\/www.tuasaude.com\/news\/wp-content\/uploads\/2026\/09\/Woman_choosing_bread_for_diabetes_202609031325.jpg","type":"image\/jpeg"}],"author":"Gessika Julia Carvalho","twitter_card":"summary_large_image","twitter_misc":{"Escrito por":"Gessika Julia Carvalho","Est. tempo de leitura":"5 minutos"},"schema":{"@context":"https:\/\/schema.org","@graph":[{"@type":"Article","@id":"https:\/\/www.tuasaude.com\/news\/2026\/09\/03\/pao-frances-ou-pao-integral-qual-e-a-escolha-mais-indicada-para-quem-tem-diabetes\/#article","isPartOf":{"@id":"https:\/\/www.tuasaude.com\/news\/2026\/09\/03\/pao-frances-ou-pao-integral-qual-e-a-escolha-mais-indicada-para-quem-tem-diabetes\/"},"author":{"name":"Gessika Julia Carvalho","@id":"https:\/\/www.tuasaude.com\/news\/#\/schema\/person\/2e9df841be69ec84f5d20ddb8d273ac2"},"headline":"P\u00e3o franc\u00eas ou p\u00e3o integral: qual \u00e9 a escolha mais indicada para quem tem diabetes?","datePublished":"2026-09-03T17:20:00+00:00","mainEntityOfPage":{"@id":"https:\/\/www.tuasaude.com\/news\/2026\/09\/03\/pao-frances-ou-pao-integral-qual-e-a-escolha-mais-indicada-para-quem-tem-diabetes\/"},"wordCount":820,"commentCount":0,"image":{"@id":"https:\/\/www.tuasaude.com\/news\/2026\/09\/03\/pao-frances-ou-pao-integral-qual-e-a-escolha-mais-indicada-para-quem-tem-diabetes\/#primaryimage"},"thumbnailUrl":"https:\/\/www.tuasaude.com\/news\/wp-content\/uploads\/2026\/09\/Woman_choosing_bread_for_diabetes_202609031325.jpg","keywords":["Alimenta\u00e7\u00e3o","Diabetes","P\u00e3o franc\u00eas","p\u00e3o integral","sa\u00fade"],"articleSection":["Sa\u00fade"],"inLanguage":"pt-BR","potentialAction":[{"@type":"CommentAction","name":"Comment","target":["https:\/\/www.tuasaude.com\/news\/2026\/09\/03\/pao-frances-ou-pao-integral-qual-e-a-escolha-mais-indicada-para-quem-tem-diabetes\/#respond"]}]},{"@type":"WebPage","@id":"https:\/\/www.tuasaude.com\/news\/2026\/09\/03\/pao-frances-ou-pao-integral-qual-e-a-escolha-mais-indicada-para-quem-tem-diabetes\/","url":"https:\/\/www.tuasaude.com\/news\/2026\/09\/03\/pao-frances-ou-pao-integral-qual-e-a-escolha-mais-indicada-para-quem-tem-diabetes\/","name":"P\u00e3o franc\u00eas ou p\u00e3o integral: qual \u00e9 a escolha mais indicada para quem tem diabetes? - Tua Sa\u00fade","isPartOf":{"@id":"https:\/\/www.tuasaude.com\/news\/#website"},"primaryImageOfPage":{"@id":"https:\/\/www.tuasaude.com\/news\/2026\/09\/03\/pao-frances-ou-pao-integral-qual-e-a-escolha-mais-indicada-para-quem-tem-diabetes\/#primaryimage"},"image":{"@id":"https:\/\/www.tuasaude.com\/news\/2026\/09\/03\/pao-frances-ou-pao-integral-qual-e-a-escolha-mais-indicada-para-quem-tem-diabetes\/#primaryimage"},"thumbnailUrl":"https:\/\/www.tuasaude.com\/news\/wp-content\/uploads\/2026\/09\/Woman_choosing_bread_for_diabetes_202609031325.jpg","datePublished":"2026-09-03T17:20:00+00:00","author":{"@id":"https:\/\/www.tuasaude.com\/news\/#\/schema\/person\/2e9df841be69ec84f5d20ddb8d273ac2"},"description":"P\u00e3o integral tem mais fibras e menor \u00edndice glic\u00eamico que o p\u00e3o franc\u00eas. Entenda como essa diferen\u00e7a influencia a glicemia de quem convive com diabetes.","breadcrumb":{"@id":"https:\/\/www.tuasaude.com\/news\/2026\/09\/03\/pao-frances-ou-pao-integral-qual-e-a-escolha-mais-indicada-para-quem-tem-diabetes\/#breadcrumb"},"inLanguage":"pt-BR","potentialAction":[{"@type":"ReadAction","target":["https:\/\/www.tuasaude.com\/news\/2026\/09\/03\/pao-frances-ou-pao-integral-qual-e-a-escolha-mais-indicada-para-quem-tem-diabetes\/"]}]},{"@type":"ImageObject","inLanguage":"pt-BR","@id":"https:\/\/www.tuasaude.com\/news\/2026\/09\/03\/pao-frances-ou-pao-integral-qual-e-a-escolha-mais-indicada-para-quem-tem-diabetes\/#primaryimage","url":"https:\/\/www.tuasaude.com\/news\/wp-content\/uploads\/2026\/09\/Woman_choosing_bread_for_diabetes_202609031325.jpg","contentUrl":"https:\/\/www.tuasaude.com\/news\/wp-content\/uploads\/2026\/09\/Woman_choosing_bread_for_diabetes_202609031325.jpg","width":1280,"height":714,"caption":"P\u00e3o franc\u00eas ou p\u00e3o integral: qual \u00e9 a escolha mais indicada para quem tem diabetes?"},{"@type":"BreadcrumbList","@id":"https:\/\/www.tuasaude.com\/news\/2026\/09\/03\/pao-frances-ou-pao-integral-qual-e-a-escolha-mais-indicada-para-quem-tem-diabetes\/#breadcrumb","itemListElement":[{"@type":"ListItem","position":1,"name":"In\u00edcio","item":"https:\/\/www.tuasaude.com\/news\/"},{"@type":"ListItem","position":2,"name":"P\u00e3o franc\u00eas ou p\u00e3o integral: qual \u00e9 a escolha mais indicada para quem tem diabetes?"}]},{"@type":"WebSite","@id":"https:\/\/www.tuasaude.com\/news\/#website","url":"https:\/\/www.tuasaude.com\/news\/","name":"Tua Sa\u00fade","description":"Seu site de sa\u00fade","potentialAction":[{"@type":"SearchAction","target":{"@type":"EntryPoint","urlTemplate":"https:\/\/www.tuasaude.com\/news\/?s={search_term_string}"},"query-input":{"@type":"PropertyValueSpecification","valueRequired":true,"valueName":"search_term_string"}}],"inLanguage":"pt-BR"},{"@type":"Person","@id":"https:\/\/www.tuasaude.com\/news\/#\/schema\/person\/2e9df841be69ec84f5d20ddb8d273ac2","name":"Gessika Julia Carvalho","image":{"@type":"ImageObject","inLanguage":"pt-BR","@id":"https:\/\/www.tuasaude.com\/news\/#\/schema\/person\/image\/","url":"https:\/\/secure.gravatar.com\/avatar\/0fcc8769024577fd0bc6a8b766055690f76a8e8f29dfb2a2f89cf04db8d0f2d2?s=96&d=mm&r=g","contentUrl":"https:\/\/secure.gravatar.com\/avatar\/0fcc8769024577fd0bc6a8b766055690f76a8e8f29dfb2a2f89cf04db8d0f2d2?s=96&d=mm&r=g","caption":"Gessika Julia Carvalho"},"sameAs":["https:\/\/www.tuasaude.com\/news\/"],"url":"https:\/\/www.tuasaude.com\/news\/author\/gessika-julia\/"}]}},"_links":{"self":[{"href":"https:\/\/www.tuasaude.com\/news\/wp-json\/wp\/v2\/posts\/107502","targetHints":{"allow":["GET"]}}],"collection":[{"href":"https:\/\/www.tuasaude.com\/news\/wp-json\/wp\/v2\/posts"}],"about":[{"href":"https:\/\/www.tuasaude.com\/news\/wp-json\/wp\/v2\/types\/post"}],"author":[{"embeddable":true,"href":"https:\/\/www.tuasaude.com\/news\/wp-json\/wp\/v2\/users\/11"}],"replies":[{"embeddable":true,"href":"https:\/\/www.tuasaude.com\/news\/wp-json\/wp\/v2\/comments?post=107502"}],"version-history":[{"count":1,"href":"https:\/\/www.tuasaude.com\/news\/wp-json\/wp\/v2\/posts\/107502\/revisions"}],"predecessor-version":[{"id":107512,"href":"https:\/\/www.tuasaude.com\/news\/wp-json\/wp\/v2\/posts\/107502\/revisions\/107512"}],"wp:featuredmedia":[{"embeddable":true,"href":"https:\/\/www.tuasaude.com\/news\/wp-json\/wp\/v2\/media\/107509"}],"wp:attachment":[{"href":"https:\/\/www.tuasaude.com\/news\/wp-json\/wp\/v2\/media?parent=107502"}],"wp:term":[{"taxonomy":"category","embeddable":true,"href":"https:\/\/www.tuasaude.com\/news\/wp-json\/wp\/v2\/categories?post=107502"},{"taxonomy":"post_tag","embeddable":true,"href":"https:\/\/www.tuasaude.com\/news\/wp-json\/wp\/v2\/tags?post=107502"}],"curies":[{"name":"wp","href":"https:\/\/api.w.org\/{rel}","templated":true}]}}