{"id":107470,"date":"2026-09-06T15:50:00","date_gmt":"2026-09-06T18:50:00","guid":{"rendered":"https:\/\/www.tuasaude.com\/news\/?p=107470"},"modified":"2026-09-03T03:54:01","modified_gmt":"2026-09-03T06:54:01","slug":"rosto-e-maos-inchados-ao-acordar-merecem-atencao-quando-o-inchaco-persiste","status":"publish","type":"post","link":"https:\/\/www.tuasaude.com\/news\/2026\/09\/06\/rosto-e-maos-inchados-ao-acordar-merecem-atencao-quando-o-inchaco-persiste\/","title":{"rendered":"Rosto e m\u00e3os inchados ao acordar merecem aten\u00e7\u00e3o quando o incha\u00e7o persiste"},"content":{"rendered":"\n<p class=\"wp-block-paragraph\">Acordar com o rosto e as m\u00e3os inchados \u00e9 uma queixa comum e, na maioria das vezes, passageira, j\u00e1 que o corpo passa muitas horas deitado e acumula l\u00edquidos com facilidade durante a noite. O ponto de aten\u00e7\u00e3o surge quando esse incha\u00e7o se repete, demora a desaparecer ou vem acompanhado de outros sinais, pois pode indicar reten\u00e7\u00e3o de s\u00f3dio, altera\u00e7\u00f5es nos rins ou uma rea\u00e7\u00e3o al\u00e9rgica. Entender essa diferen\u00e7a ajuda a saber quando o sintoma \u00e9 apenas parte do sono e quando merece investiga\u00e7\u00e3o com exames adequados.<\/p>\n\n\n\n<h2 class=\"wp-block-heading\">Por que o rosto e as m\u00e3os incham ao acordar?<\/h2>\n\n\n\n<p class=\"wp-block-paragraph\">Durante o sono, o corpo permanece deitado por v\u00e1rias horas e o sistema linf\u00e1tico trabalha mais devagar, o que favorece o ac\u00famulo de l\u00edquidos nas \u00e1reas de pele mais fina, como as p\u00e1lpebras e as m\u00e3os. Esse incha\u00e7o leve costuma melhorar sozinho ao longo da manh\u00e3.<\/p>\n\n\n\n<p class=\"wp-block-paragraph\">Quando a gravidade volta a redistribuir os l\u00edquidos para as partes mais baixas do corpo, a face desincha naturalmente. Se isso n\u00e3o acontece e o incha\u00e7o persiste, vale observar melhor a causa.<\/p>\n\n\n\n<h2 class=\"wp-block-heading\">Como o excesso de s\u00f3dio causa incha\u00e7o?<\/h2>\n\n\n\n<p class=\"wp-block-paragraph\">O sal \u00e9 rico em s\u00f3dio, um mineral que, em excesso, faz o corpo reter mais \u00e1gua para equilibrar sua concentra\u00e7\u00e3o no sangue. Esse ac\u00famulo de l\u00edquido aparece com frequ\u00eancia no rosto e nas m\u00e3os logo pela manh\u00e3, principalmente ap\u00f3s refei\u00e7\u00f5es salgadas na noite anterior.<\/p>\n\n\n\n<p class=\"wp-block-paragraph\">Reduzir alimentos ultraprocessados e embutidos \u00e9 uma das principais formas de diminuir esse tipo de incha\u00e7o. Ajustar a alimenta\u00e7\u00e3o e cuidar da <a href=\"https:\/\/www.tuasaude.com\/retencao-de-liquido\/\" target=\"_blank\" rel=\"noreferrer noopener\">reten\u00e7\u00e3o de l\u00edquidos<\/a> costuma trazer resultados percept\u00edveis em poucos dias.<\/p>\n\n\n<div class=\"wp-block-image\">\n<figure class=\"aligncenter size-large\"><img decoding=\"async\" width=\"1024\" height=\"571\" src=\"https:\/\/www.tuasaude.com\/news\/wp-content\/uploads\/2026\/09\/Inchaco_ao_acordar_causas_medicas_202609030353-1024x571.jpg\" alt=\"S\u00f3dio, alergias e altera\u00e7\u00f5es renais est\u00e3o entre as causas investigadas do incha\u00e7o matinal.\" class=\"wp-image-107472\" srcset=\"https:\/\/www.tuasaude.com\/news\/wp-content\/uploads\/2026\/09\/Inchaco_ao_acordar_causas_medicas_202609030353-1024x571.jpg 1024w, https:\/\/www.tuasaude.com\/news\/wp-content\/uploads\/2026\/09\/Inchaco_ao_acordar_causas_medicas_202609030353-300x167.jpg 300w, https:\/\/www.tuasaude.com\/news\/wp-content\/uploads\/2026\/09\/Inchaco_ao_acordar_causas_medicas_202609030353-768x428.jpg 768w, https:\/\/www.tuasaude.com\/news\/wp-content\/uploads\/2026\/09\/Inchaco_ao_acordar_causas_medicas_202609030353-750x418.jpg 750w, https:\/\/www.tuasaude.com\/news\/wp-content\/uploads\/2026\/09\/Inchaco_ao_acordar_causas_medicas_202609030353-1140x636.jpg 1140w, https:\/\/www.tuasaude.com\/news\/wp-content\/uploads\/2026\/09\/Inchaco_ao_acordar_causas_medicas_202609030353.jpg 1280w\" sizes=\"(max-width: 1024px) 100vw, 1024px\" \/><figcaption class=\"wp-element-caption\">S\u00f3dio, alergias e altera\u00e7\u00f5es renais est\u00e3o entre as causas investigadas do incha\u00e7o matinal.<\/figcaption><\/figure>\n<\/div>\n\n\n<h2 class=\"wp-block-heading\">Quando o incha\u00e7o indica problemas nos rins ou alergias?<\/h2>\n\n\n\n<p class=\"wp-block-paragraph\">Os rins ajudam a filtrar o sangue, eliminar o excesso de \u00e1gua e controlar os sais do organismo. Quando essa fun\u00e7\u00e3o \u00e9 afetada, o corpo ret\u00e9m l\u00edquido e o incha\u00e7o pode surgir no rosto, nas p\u00e1lpebras e nas m\u00e3os, muitas vezes com urina espumosa, cansa\u00e7o ou press\u00e3o alta.<\/p>\n\n\n\n<p class=\"wp-block-paragraph\">J\u00e1 as alergias, causadas por alimentos, cosm\u00e9ticos, poeira ou picadas, costumam inchar o rosto de forma mais repentina, geralmente acompanhadas de coceira ou vermelhid\u00e3o. Reconhecer os <a href=\"https:\/\/www.tuasaude.com\/sintomas-de-alergia\/\" target=\"_blank\" rel=\"noreferrer noopener\">sintomas de alergia<\/a> ajuda a diferenciar esse quadro de uma reten\u00e7\u00e3o comum. A rela\u00e7\u00e3o entre incha\u00e7o matinal e causas internas \u00e9 reconhecida pela ci\u00eancia. Segundo o estudo <a href=\"https:\/\/www.ncbi.nlm.nih.gov\/pmc\/articles\/PMC2884828\/\" target=\"_blank\" rel=\"noreferrer noopener\">Eyelid Edema<\/a>, publicado na revista cient\u00edfica Seminars in Plastic Surgery, o incha\u00e7o das p\u00e1lpebras pode ser uma das primeiras formas percebidas de reten\u00e7\u00e3o no corpo e deve considerar causas renais, card\u00edacas, hep\u00e1ticas, da tireoide e al\u00e9rgicas.<\/p>\n\n\n\n<h2 class=\"wp-block-heading\">Quais exames ajudam a descobrir a causa?<\/h2>\n\n\n\n<p class=\"wp-block-paragraph\">Quando o incha\u00e7o \u00e9 frequente ou vem com sinais de alerta, o m\u00e9dico pode solicitar exames para investigar a origem do problema. Entre os principais est\u00e3o:<\/p>\n\n\n\n<ul class=\"wp-block-list\">\n<li><strong>Exame de urina (EAS)<\/strong>, que avalia a presen\u00e7a de prote\u00ednas, sangue ou outras altera\u00e7\u00f5es que indicam problemas nos rins;<\/li>\n\n\n\n<li><strong>Creatinina e ureia<\/strong>, que medem a capacidade dos rins de filtrar o sangue;<\/li>\n\n\n\n<li><strong>Dosagem de albumina<\/strong>, para verificar a perda de prote\u00ednas pela urina;<\/li>\n\n\n\n<li><strong>Hemograma completo<\/strong>, que avalia sinais de infec\u00e7\u00e3o ou anemia;<\/li>\n\n\n\n<li><strong>Dosagem de TSH e T4 livre<\/strong>, para investigar altera\u00e7\u00f5es na tireoide.<\/li>\n<\/ul>\n\n\n\n<p class=\"wp-block-paragraph\">O <a href=\"https:\/\/www.tuasaude.com\/exame-de-urina\/\" target=\"_blank\" rel=\"noreferrer noopener\">exame de urina<\/a> \u00e9 frequentemente o primeiro passo, pois ajuda a diferenciar uma reten\u00e7\u00e3o passageira de altera\u00e7\u00f5es renais que precisam de acompanhamento.<\/p>\n\n\n<div class=\"wp-block-image\">\n<figure class=\"aligncenter size-large\"><img decoding=\"async\" width=\"1024\" height=\"571\" src=\"https:\/\/www.tuasaude.com\/news\/wp-content\/uploads\/2026\/09\/Man_examining_puffiness_in_mirror_202609030353-1024x571.jpg\" alt=\"Rosto e m\u00e3os inchados podem refletir reten\u00e7\u00e3o de l\u00edquidos ou altera\u00e7\u00f5es internas.\" class=\"wp-image-107473\" srcset=\"https:\/\/www.tuasaude.com\/news\/wp-content\/uploads\/2026\/09\/Man_examining_puffiness_in_mirror_202609030353-1024x571.jpg 1024w, https:\/\/www.tuasaude.com\/news\/wp-content\/uploads\/2026\/09\/Man_examining_puffiness_in_mirror_202609030353-300x167.jpg 300w, https:\/\/www.tuasaude.com\/news\/wp-content\/uploads\/2026\/09\/Man_examining_puffiness_in_mirror_202609030353-768x428.jpg 768w, https:\/\/www.tuasaude.com\/news\/wp-content\/uploads\/2026\/09\/Man_examining_puffiness_in_mirror_202609030353-750x418.jpg 750w, https:\/\/www.tuasaude.com\/news\/wp-content\/uploads\/2026\/09\/Man_examining_puffiness_in_mirror_202609030353-1140x636.jpg 1140w, https:\/\/www.tuasaude.com\/news\/wp-content\/uploads\/2026\/09\/Man_examining_puffiness_in_mirror_202609030353.jpg 1280w\" sizes=\"(max-width: 1024px) 100vw, 1024px\" \/><figcaption class=\"wp-element-caption\">Rosto e m\u00e3os inchados podem refletir reten\u00e7\u00e3o de l\u00edquidos ou altera\u00e7\u00f5es internas.<\/figcaption><\/figure>\n<\/div>\n\n\n<h2 class=\"wp-block-heading\">Como \u00e9 feita a avalia\u00e7\u00e3o da fun\u00e7\u00e3o renal?<\/h2>\n\n\n\n<p class=\"wp-block-paragraph\">A avalia\u00e7\u00e3o da fun\u00e7\u00e3o renal re\u00fane o resultado dos exames de sangue e de urina com a observa\u00e7\u00e3o dos sintomas e a medi\u00e7\u00e3o da press\u00e3o arterial. Esse conjunto permite ao m\u00e9dico entender se os rins est\u00e3o filtrando o sangue de forma adequada.<\/p>\n\n\n\n<p class=\"wp-block-paragraph\">Quando h\u00e1 suspeita de altera\u00e7\u00e3o, o cl\u00ednico geral ou o nefrologista pode solicitar exames complementares e acompanhar a evolu\u00e7\u00e3o ao longo do tempo, evitando complica\u00e7\u00f5es e orientando o tratamento mais adequado para cada caso.<\/p>\n\n\n\n<p class=\"wp-block-paragraph\"><em>Este conte\u00fado tem car\u00e1ter apenas informativo e n\u00e3o substitui a avalia\u00e7\u00e3o, o diagn\u00f3stico ou o tratamento realizado por um m\u00e9dico. Diante de incha\u00e7o frequente ou acompanhado de outros sinais, procure orienta\u00e7\u00e3o profissional adequada.<\/em><\/p>\n","protected":false},"excerpt":{"rendered":"<p>Acordar com o rosto e as m\u00e3os inchados \u00e9 uma queixa comum e, na maioria das vezes, passageira, j\u00e1 que o corpo passa muitas horas deitado e acumula l\u00edquidos com facilidade durante a noite. O ponto de aten\u00e7\u00e3o surge quando esse incha\u00e7o se repete, demora a desaparecer ou vem acompanhado de outros sinais, pois pode [&hellip;]<\/p>\n","protected":false},"author":16,"featured_media":107471,"comment_status":"open","ping_status":"open","sticky":false,"template":"","format":"standard","meta":{"_yoast_wpseo_focuskw":"rosto e m\u00e3os inchados ao acordar","_yoast_wpseo_title":"","_yoast_wpseo_metadesc":"Rosto e m\u00e3os inchados ao acordar podem ser passageiros ou indicar reten\u00e7\u00e3o de l\u00edquidos, altera\u00e7\u00f5es nos rins ou alergia. Saiba quando investigar.","jnews-multi-image_gallery":[],"jnews_single_post":{"format":"standard"},"jnews_primary_category":[],"jnews_social_meta":[],"jnews_override_counter":[],"footnotes":""},"categories":[111],"tags":[11772,9456,13112,8633,13114,6222,136],"class_list":["post-107470","post","type-post","status-publish","format-standard","has-post-thumbnail","hentry","category-saude","tag-ao-acordar","tag-atencao","tag-inchados","tag-maos","tag-persiste","tag-rosto","tag-saude"],"yoast_head":"<!-- This site is optimized with the Yoast SEO plugin v26.7 - https:\/\/yoast.com\/wordpress\/plugins\/seo\/ -->\n<title>Rosto e m\u00e3os inchados ao acordar merecem aten\u00e7\u00e3o quando o incha\u00e7o persiste - Tua Sa\u00fade<\/title>\n<meta name=\"description\" content=\"Rosto e m\u00e3os inchados ao acordar podem ser passageiros ou indicar reten\u00e7\u00e3o de l\u00edquidos, altera\u00e7\u00f5es nos rins ou alergia. Saiba quando investigar.\" \/>\n<meta name=\"robots\" content=\"index, follow, max-snippet:-1, max-image-preview:large, max-video-preview:-1\" \/>\n<link rel=\"canonical\" href=\"https:\/\/www.tuasaude.com\/news\/2026\/09\/06\/rosto-e-maos-inchados-ao-acordar-merecem-atencao-quando-o-inchaco-persiste\/\" \/>\n<meta property=\"og:locale\" content=\"pt_BR\" \/>\n<meta property=\"og:type\" content=\"article\" \/>\n<meta property=\"og:title\" content=\"Rosto e m\u00e3os inchados ao acordar merecem aten\u00e7\u00e3o quando o incha\u00e7o persiste - Tua Sa\u00fade\" \/>\n<meta property=\"og:description\" content=\"Rosto e m\u00e3os inchados ao acordar podem ser passageiros ou indicar reten\u00e7\u00e3o de l\u00edquidos, altera\u00e7\u00f5es nos rins ou alergia. Saiba quando investigar.\" \/>\n<meta property=\"og:url\" content=\"https:\/\/www.tuasaude.com\/news\/2026\/09\/06\/rosto-e-maos-inchados-ao-acordar-merecem-atencao-quando-o-inchaco-persiste\/\" \/>\n<meta property=\"og:site_name\" content=\"Tua Sa\u00fade\" \/>\n<meta property=\"article:published_time\" content=\"2026-09-06T18:50:00+00:00\" \/>\n<meta property=\"og:image\" content=\"https:\/\/www.tuasaude.com\/news\/wp-content\/uploads\/2026\/09\/Woman_looking_at_swollen_hands_202609030352.jpg\" \/>\n\t<meta property=\"og:image:width\" content=\"1280\" \/>\n\t<meta property=\"og:image:height\" content=\"714\" \/>\n\t<meta property=\"og:image:type\" content=\"image\/jpeg\" \/>\n<meta name=\"author\" content=\"Maycon Geovane\" \/>\n<meta name=\"twitter:card\" content=\"summary_large_image\" \/>\n<meta name=\"twitter:label1\" content=\"Escrito por\" \/>\n\t<meta name=\"twitter:data1\" content=\"Maycon Geovane\" \/>\n\t<meta name=\"twitter:label2\" content=\"Est. tempo de leitura\" \/>\n\t<meta name=\"twitter:data2\" content=\"5 minutos\" \/>\n<!-- \/ Yoast SEO plugin. -->","yoast_head_json":{"title":"Rosto e m\u00e3os inchados ao acordar merecem aten\u00e7\u00e3o quando o incha\u00e7o persiste - Tua Sa\u00fade","description":"Rosto e m\u00e3os inchados ao acordar podem ser passageiros ou indicar reten\u00e7\u00e3o de l\u00edquidos, altera\u00e7\u00f5es nos rins ou alergia. Saiba quando investigar.","robots":{"index":"index","follow":"follow","max-snippet":"max-snippet:-1","max-image-preview":"max-image-preview:large","max-video-preview":"max-video-preview:-1"},"canonical":"https:\/\/www.tuasaude.com\/news\/2026\/09\/06\/rosto-e-maos-inchados-ao-acordar-merecem-atencao-quando-o-inchaco-persiste\/","og_locale":"pt_BR","og_type":"article","og_title":"Rosto e m\u00e3os inchados ao acordar merecem aten\u00e7\u00e3o quando o incha\u00e7o persiste - Tua Sa\u00fade","og_description":"Rosto e m\u00e3os inchados ao acordar podem ser passageiros ou indicar reten\u00e7\u00e3o de l\u00edquidos, altera\u00e7\u00f5es nos rins ou alergia. Saiba quando investigar.","og_url":"https:\/\/www.tuasaude.com\/news\/2026\/09\/06\/rosto-e-maos-inchados-ao-acordar-merecem-atencao-quando-o-inchaco-persiste\/","og_site_name":"Tua Sa\u00fade","article_published_time":"2026-09-06T18:50:00+00:00","og_image":[{"width":1280,"height":714,"url":"https:\/\/www.tuasaude.com\/news\/wp-content\/uploads\/2026\/09\/Woman_looking_at_swollen_hands_202609030352.jpg","type":"image\/jpeg"}],"author":"Maycon Geovane","twitter_card":"summary_large_image","twitter_misc":{"Escrito por":"Maycon Geovane","Est. tempo de leitura":"5 minutos"},"schema":{"@context":"https:\/\/schema.org","@graph":[{"@type":"Article","@id":"https:\/\/www.tuasaude.com\/news\/2026\/09\/06\/rosto-e-maos-inchados-ao-acordar-merecem-atencao-quando-o-inchaco-persiste\/#article","isPartOf":{"@id":"https:\/\/www.tuasaude.com\/news\/2026\/09\/06\/rosto-e-maos-inchados-ao-acordar-merecem-atencao-quando-o-inchaco-persiste\/"},"author":{"name":"Maycon Geovane","@id":"https:\/\/www.tuasaude.com\/news\/#\/schema\/person\/da63bccfbda5c95cfbf2d37c4276fca0"},"headline":"Rosto e m\u00e3os inchados ao acordar merecem aten\u00e7\u00e3o quando o incha\u00e7o persiste","datePublished":"2026-09-06T18:50:00+00:00","mainEntityOfPage":{"@id":"https:\/\/www.tuasaude.com\/news\/2026\/09\/06\/rosto-e-maos-inchados-ao-acordar-merecem-atencao-quando-o-inchaco-persiste\/"},"wordCount":772,"commentCount":0,"image":{"@id":"https:\/\/www.tuasaude.com\/news\/2026\/09\/06\/rosto-e-maos-inchados-ao-acordar-merecem-atencao-quando-o-inchaco-persiste\/#primaryimage"},"thumbnailUrl":"https:\/\/www.tuasaude.com\/news\/wp-content\/uploads\/2026\/09\/Woman_looking_at_swollen_hands_202609030352.jpg","keywords":["ao acordar","aten\u00e7\u00e3o","inchados","m\u00e3os","persiste","rosto","sa\u00fade"],"articleSection":["Sa\u00fade"],"inLanguage":"pt-BR","potentialAction":[{"@type":"CommentAction","name":"Comment","target":["https:\/\/www.tuasaude.com\/news\/2026\/09\/06\/rosto-e-maos-inchados-ao-acordar-merecem-atencao-quando-o-inchaco-persiste\/#respond"]}]},{"@type":"WebPage","@id":"https:\/\/www.tuasaude.com\/news\/2026\/09\/06\/rosto-e-maos-inchados-ao-acordar-merecem-atencao-quando-o-inchaco-persiste\/","url":"https:\/\/www.tuasaude.com\/news\/2026\/09\/06\/rosto-e-maos-inchados-ao-acordar-merecem-atencao-quando-o-inchaco-persiste\/","name":"Rosto e m\u00e3os inchados ao acordar merecem aten\u00e7\u00e3o quando o incha\u00e7o persiste - Tua Sa\u00fade","isPartOf":{"@id":"https:\/\/www.tuasaude.com\/news\/#website"},"primaryImageOfPage":{"@id":"https:\/\/www.tuasaude.com\/news\/2026\/09\/06\/rosto-e-maos-inchados-ao-acordar-merecem-atencao-quando-o-inchaco-persiste\/#primaryimage"},"image":{"@id":"https:\/\/www.tuasaude.com\/news\/2026\/09\/06\/rosto-e-maos-inchados-ao-acordar-merecem-atencao-quando-o-inchaco-persiste\/#primaryimage"},"thumbnailUrl":"https:\/\/www.tuasaude.com\/news\/wp-content\/uploads\/2026\/09\/Woman_looking_at_swollen_hands_202609030352.jpg","datePublished":"2026-09-06T18:50:00+00:00","author":{"@id":"https:\/\/www.tuasaude.com\/news\/#\/schema\/person\/da63bccfbda5c95cfbf2d37c4276fca0"},"description":"Rosto e m\u00e3os inchados ao acordar podem ser passageiros ou indicar reten\u00e7\u00e3o de l\u00edquidos, altera\u00e7\u00f5es nos rins ou alergia. Saiba quando investigar.","breadcrumb":{"@id":"https:\/\/www.tuasaude.com\/news\/2026\/09\/06\/rosto-e-maos-inchados-ao-acordar-merecem-atencao-quando-o-inchaco-persiste\/#breadcrumb"},"inLanguage":"pt-BR","potentialAction":[{"@type":"ReadAction","target":["https:\/\/www.tuasaude.com\/news\/2026\/09\/06\/rosto-e-maos-inchados-ao-acordar-merecem-atencao-quando-o-inchaco-persiste\/"]}]},{"@type":"ImageObject","inLanguage":"pt-BR","@id":"https:\/\/www.tuasaude.com\/news\/2026\/09\/06\/rosto-e-maos-inchados-ao-acordar-merecem-atencao-quando-o-inchaco-persiste\/#primaryimage","url":"https:\/\/www.tuasaude.com\/news\/wp-content\/uploads\/2026\/09\/Woman_looking_at_swollen_hands_202609030352.jpg","contentUrl":"https:\/\/www.tuasaude.com\/news\/wp-content\/uploads\/2026\/09\/Woman_looking_at_swollen_hands_202609030352.jpg","width":1280,"height":714,"caption":"Rosto e m\u00e3os inchados ao acordar merecem aten\u00e7\u00e3o quando o incha\u00e7o persiste"},{"@type":"BreadcrumbList","@id":"https:\/\/www.tuasaude.com\/news\/2026\/09\/06\/rosto-e-maos-inchados-ao-acordar-merecem-atencao-quando-o-inchaco-persiste\/#breadcrumb","itemListElement":[{"@type":"ListItem","position":1,"name":"In\u00edcio","item":"https:\/\/www.tuasaude.com\/news\/"},{"@type":"ListItem","position":2,"name":"Rosto e m\u00e3os inchados ao acordar merecem aten\u00e7\u00e3o quando o incha\u00e7o persiste"}]},{"@type":"WebSite","@id":"https:\/\/www.tuasaude.com\/news\/#website","url":"https:\/\/www.tuasaude.com\/news\/","name":"Tua Sa\u00fade","description":"Seu site de sa\u00fade","potentialAction":[{"@type":"SearchAction","target":{"@type":"EntryPoint","urlTemplate":"https:\/\/www.tuasaude.com\/news\/?s={search_term_string}"},"query-input":{"@type":"PropertyValueSpecification","valueRequired":true,"valueName":"search_term_string"}}],"inLanguage":"pt-BR"},{"@type":"Person","@id":"https:\/\/www.tuasaude.com\/news\/#\/schema\/person\/da63bccfbda5c95cfbf2d37c4276fca0","name":"Maycon Geovane","image":{"@type":"ImageObject","inLanguage":"pt-BR","@id":"https:\/\/www.tuasaude.com\/news\/#\/schema\/person\/image\/","url":"https:\/\/secure.gravatar.com\/avatar\/4f4908cf0a2f249a9f1137f9d5769cacc373d9aee67910cc212a09a346873b7d?s=96&d=mm&r=g","contentUrl":"https:\/\/secure.gravatar.com\/avatar\/4f4908cf0a2f249a9f1137f9d5769cacc373d9aee67910cc212a09a346873b7d?s=96&d=mm&r=g","caption":"Maycon Geovane"},"sameAs":["https:\/\/www.tuasaude.com\/news\/"],"url":"https:\/\/www.tuasaude.com\/news\/author\/maycongeovane\/"}]}},"_links":{"self":[{"href":"https:\/\/www.tuasaude.com\/news\/wp-json\/wp\/v2\/posts\/107470","targetHints":{"allow":["GET"]}}],"collection":[{"href":"https:\/\/www.tuasaude.com\/news\/wp-json\/wp\/v2\/posts"}],"about":[{"href":"https:\/\/www.tuasaude.com\/news\/wp-json\/wp\/v2\/types\/post"}],"author":[{"embeddable":true,"href":"https:\/\/www.tuasaude.com\/news\/wp-json\/wp\/v2\/users\/16"}],"replies":[{"embeddable":true,"href":"https:\/\/www.tuasaude.com\/news\/wp-json\/wp\/v2\/comments?post=107470"}],"version-history":[{"count":1,"href":"https:\/\/www.tuasaude.com\/news\/wp-json\/wp\/v2\/posts\/107470\/revisions"}],"predecessor-version":[{"id":107474,"href":"https:\/\/www.tuasaude.com\/news\/wp-json\/wp\/v2\/posts\/107470\/revisions\/107474"}],"wp:featuredmedia":[{"embeddable":true,"href":"https:\/\/www.tuasaude.com\/news\/wp-json\/wp\/v2\/media\/107471"}],"wp:attachment":[{"href":"https:\/\/www.tuasaude.com\/news\/wp-json\/wp\/v2\/media?parent=107470"}],"wp:term":[{"taxonomy":"category","embeddable":true,"href":"https:\/\/www.tuasaude.com\/news\/wp-json\/wp\/v2\/categories?post=107470"},{"taxonomy":"post_tag","embeddable":true,"href":"https:\/\/www.tuasaude.com\/news\/wp-json\/wp\/v2\/tags?post=107470"}],"curies":[{"name":"wp","href":"https:\/\/api.w.org\/{rel}","templated":true}]}}