{"id":107455,"date":"2026-09-06T12:35:00","date_gmt":"2026-09-06T15:35:00","guid":{"rendered":"https:\/\/www.tuasaude.com\/news\/?p=107455"},"modified":"2026-09-03T03:41:12","modified_gmt":"2026-09-03T06:41:12","slug":"mais-do-que-tristeza-como-reconhecer-sinais-de-depressao-e-quando-buscar-avaliacao","status":"publish","type":"post","link":"https:\/\/www.tuasaude.com\/news\/2026\/09\/06\/mais-do-que-tristeza-como-reconhecer-sinais-de-depressao-e-quando-buscar-avaliacao\/","title":{"rendered":"Mais do que tristeza: como reconhecer sinais de depress\u00e3o e quando buscar avalia\u00e7\u00e3o"},"content":{"rendered":"\n<p class=\"wp-block-paragraph\">Todos passamos por momentos de tristeza, des\u00e2nimo ou solid\u00e3o, especialmente ap\u00f3s perdas ou fases dif\u00edceis, e isso faz parte da experi\u00eancia humana. A depress\u00e3o, por\u00e9m, \u00e9 diferente: trata-se de uma condi\u00e7\u00e3o de sa\u00fade que se distingue por ser persistente, intensa e capaz de interferir na vida di\u00e1ria. Aprender a reconhecer os sinais que v\u00e3o al\u00e9m da tristeza passageira, como a perda de interesse, as altera\u00e7\u00f5es no sono e o des\u00e2nimo constante, \u00e9 o primeiro passo para buscar ajuda no momento certo e cuidar do pr\u00f3prio bem-estar.<\/p>\n\n\n\n<h2 class=\"wp-block-heading\">Qual a diferen\u00e7a entre tristeza e depress\u00e3o?<\/h2>\n\n\n\n<p class=\"wp-block-paragraph\">A tristeza \u00e9 um sentimento natural e passageiro, geralmente ligado a um acontecimento espec\u00edfico, que tende a melhorar com o tempo e com atitudes que trazem conforto. Ela n\u00e3o costuma comprometer de forma grave a rotina, o trabalho ou os relacionamentos.<\/p>\n\n\n\n<p class=\"wp-block-paragraph\">J\u00e1 a depress\u00e3o provoca uma tristeza profunda e duradoura, que n\u00e3o melhora sozinha e afeta diversas \u00e1reas da vida. Entender melhor como <a href=\"https:\/\/www.tuasaude.com\/como-saber-se-e-tristeza-ou-depressao\/\" target=\"_blank\" rel=\"noreferrer noopener\">diferenciar tristeza de depress\u00e3o<\/a> ajuda a saber quando \u00e9 hora de procurar apoio.<\/p>\n\n\n\n<h2 class=\"wp-block-heading\">Quais s\u00e3o os principais sinais de depress\u00e3o?<\/h2>\n\n\n\n<p class=\"wp-block-paragraph\">Os sintomas costumam surgir de forma gradual e em baixa intensidade, piorando ao longo do tempo. Quando se mant\u00eam por mais de duas semanas, na maior parte dos dias, merecem aten\u00e7\u00e3o. Conhe\u00e7a os principais sinais:<\/p>\n\n\n\n<ul class=\"wp-block-list\">\n<li><strong>Perda de interesse<\/strong> ou prazer em atividades que antes eram agrad\u00e1veis;<\/li>\n\n\n\n<li><strong>Des\u00e2nimo persistente<\/strong>, com sensa\u00e7\u00e3o de vazio e falta de energia;<\/li>\n\n\n\n<li><strong>Altera\u00e7\u00f5es no sono<\/strong>, como ins\u00f4nia ou sono em excesso;<\/li>\n\n\n\n<li>Cansa\u00e7o constante e dificuldade para realizar tarefas simples;<\/li>\n\n\n\n<li>Altera\u00e7\u00f5es no apetite e no peso, para mais ou para menos;<\/li>\n\n\n\n<li>Dificuldade de concentra\u00e7\u00e3o, irritabilidade e sentimentos de culpa.<\/li>\n<\/ul>\n\n\n\n<p class=\"wp-block-paragraph\">Nem todos os sinais aparecem ao mesmo tempo, e eles variam de pessoa para pessoa, por isso \u00e9 \u00fatil conhecer os diferentes <a href=\"https:\/\/www.tuasaude.com\/sintomas-de-depressao\/\" target=\"_blank\" rel=\"noreferrer noopener\">sintomas de depress\u00e3o<\/a> para n\u00e3o os ignorar.<\/p>\n\n\n<div class=\"wp-block-image\">\n<figure class=\"aligncenter size-large\"><img decoding=\"async\" width=\"1024\" height=\"571\" src=\"https:\/\/www.tuasaude.com\/news\/wp-content\/uploads\/2026\/09\/Depressao_sinais_e_quando_buscar\u2026_202609030339-1024x571.jpg\" alt=\"Sintomas persistentes por mais de duas semanas podem exigir avalia\u00e7\u00e3o profissional e apoio adequado.\" class=\"wp-image-107456\" srcset=\"https:\/\/www.tuasaude.com\/news\/wp-content\/uploads\/2026\/09\/Depressao_sinais_e_quando_buscar\u2026_202609030339-1024x571.jpg 1024w, https:\/\/www.tuasaude.com\/news\/wp-content\/uploads\/2026\/09\/Depressao_sinais_e_quando_buscar\u2026_202609030339-300x167.jpg 300w, https:\/\/www.tuasaude.com\/news\/wp-content\/uploads\/2026\/09\/Depressao_sinais_e_quando_buscar\u2026_202609030339-768x428.jpg 768w, https:\/\/www.tuasaude.com\/news\/wp-content\/uploads\/2026\/09\/Depressao_sinais_e_quando_buscar\u2026_202609030339-750x418.jpg 750w, https:\/\/www.tuasaude.com\/news\/wp-content\/uploads\/2026\/09\/Depressao_sinais_e_quando_buscar\u2026_202609030339-1140x636.jpg 1140w, https:\/\/www.tuasaude.com\/news\/wp-content\/uploads\/2026\/09\/Depressao_sinais_e_quando_buscar\u2026_202609030339.jpg 1280w\" sizes=\"(max-width: 1024px) 100vw, 1024px\" \/><figcaption class=\"wp-element-caption\">Sintomas persistentes por mais de duas semanas podem exigir avalia\u00e7\u00e3o profissional e apoio adequado.<\/figcaption><\/figure>\n<\/div>\n\n\n<h2 class=\"wp-block-heading\">Por que a depress\u00e3o merece aten\u00e7\u00e3o s\u00e9ria?<\/h2>\n\n\n\n<p class=\"wp-block-paragraph\">A depress\u00e3o \u00e9 uma condi\u00e7\u00e3o de sa\u00fade comum e trat\u00e1vel, mas que exige cuidado. Ela n\u00e3o \u00e9 sinal de fraqueza, pregui\u00e7a ou falta de vontade, e sim uma altera\u00e7\u00e3o que envolve fatores biol\u00f3gicos, psicol\u00f3gicos e sociais.<\/p>\n\n\n\n<p class=\"wp-block-paragraph\">Reconhecer sua dimens\u00e3o ajuda a levar os sintomas a s\u00e9rio. Segundo o estudo <a href=\"https:\/\/www.thelancet.com\/journals\/lanpsy\/article\/PIIS2215-0366(21)00395-3\/fulltext\" target=\"_blank\" rel=\"noreferrer noopener\">Global, regional, and national burden of 12 mental disorders in 204 countries and territories<\/a>, publicado na revista The Lancet Psychiatry, os transtornos mentais, incluindo a depress\u00e3o, permanecem entre as principais causas de incapacidade no mundo, o que refor\u00e7a a import\u00e2ncia de buscar avalia\u00e7\u00e3o e tratamento adequados.<\/p>\n\n\n\n<h2 class=\"wp-block-heading\">Quando \u00e9 hora de buscar avalia\u00e7\u00e3o profissional?<\/h2>\n\n\n\n<p class=\"wp-block-paragraph\">Vale procurar ajuda quando o des\u00e2nimo, a perda de interesse ou as altera\u00e7\u00f5es no sono persistem por mais de duas semanas e come\u00e7am a afetar o trabalho, os estudos, o sono ou os relacionamentos. N\u00e3o \u00e9 preciso esperar o quadro se agravar.<\/p>\n\n\n\n<p class=\"wp-block-paragraph\">A busca por avalia\u00e7\u00e3o \u00e9 ainda mais urgente diante de pensamentos de morte ou de que a vida n\u00e3o vale a pena. Nesses casos, falar com algu\u00e9m de confian\u00e7a e procurar um profissional o quanto antes faz toda a diferen\u00e7a.<\/p>\n\n\n<div class=\"wp-block-image\">\n<figure class=\"aligncenter size-large\"><img decoding=\"async\" width=\"1024\" height=\"571\" src=\"https:\/\/www.tuasaude.com\/news\/wp-content\/uploads\/2026\/09\/Woman_sitting_thoughtfully_holdi\u2026_202609030339-1024x571.jpg\" alt=\"Persist\u00eancia dos sintomas e impacto na rotina ajudam a diferenciar depress\u00e3o de uma tristeza passageira.\" class=\"wp-image-107457\" srcset=\"https:\/\/www.tuasaude.com\/news\/wp-content\/uploads\/2026\/09\/Woman_sitting_thoughtfully_holdi\u2026_202609030339-1024x571.jpg 1024w, https:\/\/www.tuasaude.com\/news\/wp-content\/uploads\/2026\/09\/Woman_sitting_thoughtfully_holdi\u2026_202609030339-300x167.jpg 300w, https:\/\/www.tuasaude.com\/news\/wp-content\/uploads\/2026\/09\/Woman_sitting_thoughtfully_holdi\u2026_202609030339-768x428.jpg 768w, https:\/\/www.tuasaude.com\/news\/wp-content\/uploads\/2026\/09\/Woman_sitting_thoughtfully_holdi\u2026_202609030339-750x418.jpg 750w, https:\/\/www.tuasaude.com\/news\/wp-content\/uploads\/2026\/09\/Woman_sitting_thoughtfully_holdi\u2026_202609030339-1140x636.jpg 1140w, https:\/\/www.tuasaude.com\/news\/wp-content\/uploads\/2026\/09\/Woman_sitting_thoughtfully_holdi\u2026_202609030339.jpg 1280w\" sizes=\"(max-width: 1024px) 100vw, 1024px\" \/><figcaption class=\"wp-element-caption\">Persist\u00eancia dos sintomas e impacto na rotina ajudam a diferenciar depress\u00e3o de uma tristeza passageira.<\/figcaption><\/figure>\n<\/div>\n\n\n<h2 class=\"wp-block-heading\">Como \u00e9 feita a avalia\u00e7\u00e3o com o profissional de sa\u00fade mental?<\/h2>\n\n\n\n<p class=\"wp-block-paragraph\">O diagn\u00f3stico da depress\u00e3o \u00e9 feito pelo psiquiatra ou psic\u00f3logo, por meio de uma entrevista cl\u00ednica que avalia os sintomas, sua intensidade, dura\u00e7\u00e3o e o impacto na vida da pessoa, al\u00e9m do hist\u00f3rico pessoal e familiar.<\/p>\n\n\n\n<p class=\"wp-block-paragraph\">N\u00e3o existe um exame \u00fanico que confirme a depress\u00e3o, mas o profissional pode solicitar exames para descartar outras causas. A partir dessa avalia\u00e7\u00e3o, define-se o acompanhamento mais adequado, que pode incluir psicoterapia e, quando necess\u00e1rio, medica\u00e7\u00e3o, como explicam os conte\u00fados sobre o <a href=\"https:\/\/www.tuasaude.com\/transtorno-depressivo-maior\/\" target=\"_blank\" rel=\"noreferrer noopener\">transtorno depressivo maior<\/a>.<\/p>\n\n\n\n<p class=\"wp-block-paragraph\"><em>Este conte\u00fado tem car\u00e1ter apenas informativo e n\u00e3o substitui a avalia\u00e7\u00e3o de um profissional de sa\u00fade. Se voc\u00ea ou algu\u00e9m pr\u00f3ximo estiver enfrentando sofrimento emocional, procure um psic\u00f3logo ou psiquiatra. Em momentos de crise, no Brasil, \u00e9 poss\u00edvel ligar para o CVV pelo n\u00famero 188, dispon\u00edvel 24 horas.<\/em><\/p>\n","protected":false},"excerpt":{"rendered":"<p>Todos passamos por momentos de tristeza, des\u00e2nimo ou solid\u00e3o, especialmente ap\u00f3s perdas ou fases dif\u00edceis, e isso faz parte da experi\u00eancia humana. A depress\u00e3o, por\u00e9m, \u00e9 diferente: trata-se de uma condi\u00e7\u00e3o de sa\u00fade que se distingue por ser persistente, intensa e capaz de interferir na vida di\u00e1ria. Aprender a reconhecer os sinais que v\u00e3o al\u00e9m [&hellip;]<\/p>\n","protected":false},"author":16,"featured_media":107458,"comment_status":"open","ping_status":"open","sticky":false,"template":"","format":"standard","meta":{"_yoast_wpseo_focuskw":"depress\u00e3o","_yoast_wpseo_title":"","_yoast_wpseo_metadesc":"Nem toda tristeza \u00e9 depress\u00e3o. Entenda quais sinais persistem por mais de duas semanas e quando o des\u00e2nimo e a perda de interesse pedem avalia\u00e7\u00e3o.","jnews-multi-image_gallery":[],"jnews_single_post":{"format":"standard"},"jnews_primary_category":[],"jnews_social_meta":[],"jnews_override_counter":[],"footnotes":""},"categories":[111],"tags":[10351,11988,302,13097,11143,136,188,5336],"class_list":["post-107455","post","type-post","status-publish","format-standard","has-post-thumbnail","hentry","category-saude","tag-avaliacao","tag-buscar","tag-depressao","tag-mais-do-que","tag-reconhecer","tag-saude","tag-sinais","tag-tristeza"],"yoast_head":"<!-- This site is optimized with the Yoast SEO plugin v26.7 - https:\/\/yoast.com\/wordpress\/plugins\/seo\/ -->\n<title>Mais do que tristeza: como reconhecer sinais de depress\u00e3o e quando buscar avalia\u00e7\u00e3o - Tua Sa\u00fade<\/title>\n<meta name=\"description\" content=\"Nem toda tristeza \u00e9 depress\u00e3o. Entenda quais sinais persistem por mais de duas semanas e quando o des\u00e2nimo e a perda de interesse pedem avalia\u00e7\u00e3o.\" \/>\n<meta name=\"robots\" content=\"index, follow, max-snippet:-1, max-image-preview:large, max-video-preview:-1\" \/>\n<link rel=\"canonical\" href=\"https:\/\/www.tuasaude.com\/news\/2026\/09\/06\/mais-do-que-tristeza-como-reconhecer-sinais-de-depressao-e-quando-buscar-avaliacao\/\" \/>\n<meta property=\"og:locale\" content=\"pt_BR\" \/>\n<meta property=\"og:type\" content=\"article\" \/>\n<meta property=\"og:title\" content=\"Mais do que tristeza: como reconhecer sinais de depress\u00e3o e quando buscar avalia\u00e7\u00e3o - Tua Sa\u00fade\" \/>\n<meta property=\"og:description\" content=\"Nem toda tristeza \u00e9 depress\u00e3o. Entenda quais sinais persistem por mais de duas semanas e quando o des\u00e2nimo e a perda de interesse pedem avalia\u00e7\u00e3o.\" \/>\n<meta property=\"og:url\" content=\"https:\/\/www.tuasaude.com\/news\/2026\/09\/06\/mais-do-que-tristeza-como-reconhecer-sinais-de-depressao-e-quando-buscar-avaliacao\/\" \/>\n<meta property=\"og:site_name\" content=\"Tua Sa\u00fade\" \/>\n<meta property=\"article:published_time\" content=\"2026-09-06T15:35:00+00:00\" \/>\n<meta property=\"og:image\" content=\"https:\/\/www.tuasaude.com\/news\/wp-content\/uploads\/2026\/09\/Man_sitting_at_desk_indoors_202609030340.jpg\" \/>\n\t<meta property=\"og:image:width\" content=\"1280\" \/>\n\t<meta property=\"og:image:height\" content=\"714\" \/>\n\t<meta property=\"og:image:type\" content=\"image\/jpeg\" \/>\n<meta name=\"author\" content=\"Maycon Geovane\" \/>\n<meta name=\"twitter:card\" content=\"summary_large_image\" \/>\n<meta name=\"twitter:label1\" content=\"Escrito por\" \/>\n\t<meta name=\"twitter:data1\" content=\"Maycon Geovane\" \/>\n\t<meta name=\"twitter:label2\" content=\"Est. tempo de leitura\" \/>\n\t<meta name=\"twitter:data2\" content=\"5 minutos\" \/>\n<!-- \/ Yoast SEO plugin. -->","yoast_head_json":{"title":"Mais do que tristeza: como reconhecer sinais de depress\u00e3o e quando buscar avalia\u00e7\u00e3o - Tua Sa\u00fade","description":"Nem toda tristeza \u00e9 depress\u00e3o. Entenda quais sinais persistem por mais de duas semanas e quando o des\u00e2nimo e a perda de interesse pedem avalia\u00e7\u00e3o.","robots":{"index":"index","follow":"follow","max-snippet":"max-snippet:-1","max-image-preview":"max-image-preview:large","max-video-preview":"max-video-preview:-1"},"canonical":"https:\/\/www.tuasaude.com\/news\/2026\/09\/06\/mais-do-que-tristeza-como-reconhecer-sinais-de-depressao-e-quando-buscar-avaliacao\/","og_locale":"pt_BR","og_type":"article","og_title":"Mais do que tristeza: como reconhecer sinais de depress\u00e3o e quando buscar avalia\u00e7\u00e3o - Tua Sa\u00fade","og_description":"Nem toda tristeza \u00e9 depress\u00e3o. Entenda quais sinais persistem por mais de duas semanas e quando o des\u00e2nimo e a perda de interesse pedem avalia\u00e7\u00e3o.","og_url":"https:\/\/www.tuasaude.com\/news\/2026\/09\/06\/mais-do-que-tristeza-como-reconhecer-sinais-de-depressao-e-quando-buscar-avaliacao\/","og_site_name":"Tua Sa\u00fade","article_published_time":"2026-09-06T15:35:00+00:00","og_image":[{"width":1280,"height":714,"url":"https:\/\/www.tuasaude.com\/news\/wp-content\/uploads\/2026\/09\/Man_sitting_at_desk_indoors_202609030340.jpg","type":"image\/jpeg"}],"author":"Maycon Geovane","twitter_card":"summary_large_image","twitter_misc":{"Escrito por":"Maycon Geovane","Est. tempo de leitura":"5 minutos"},"schema":{"@context":"https:\/\/schema.org","@graph":[{"@type":"Article","@id":"https:\/\/www.tuasaude.com\/news\/2026\/09\/06\/mais-do-que-tristeza-como-reconhecer-sinais-de-depressao-e-quando-buscar-avaliacao\/#article","isPartOf":{"@id":"https:\/\/www.tuasaude.com\/news\/2026\/09\/06\/mais-do-que-tristeza-como-reconhecer-sinais-de-depressao-e-quando-buscar-avaliacao\/"},"author":{"name":"Maycon Geovane","@id":"https:\/\/www.tuasaude.com\/news\/#\/schema\/person\/da63bccfbda5c95cfbf2d37c4276fca0"},"headline":"Mais do que tristeza: como reconhecer sinais de depress\u00e3o e quando buscar avalia\u00e7\u00e3o","datePublished":"2026-09-06T15:35:00+00:00","mainEntityOfPage":{"@id":"https:\/\/www.tuasaude.com\/news\/2026\/09\/06\/mais-do-que-tristeza-como-reconhecer-sinais-de-depressao-e-quando-buscar-avaliacao\/"},"wordCount":749,"commentCount":0,"image":{"@id":"https:\/\/www.tuasaude.com\/news\/2026\/09\/06\/mais-do-que-tristeza-como-reconhecer-sinais-de-depressao-e-quando-buscar-avaliacao\/#primaryimage"},"thumbnailUrl":"https:\/\/www.tuasaude.com\/news\/wp-content\/uploads\/2026\/09\/Man_sitting_at_desk_indoors_202609030340.jpg","keywords":["avalia\u00e7\u00e3o","buscar","depress\u00e3o","mais do que","reconhecer","sa\u00fade","sinais","tristeza"],"articleSection":["Sa\u00fade"],"inLanguage":"pt-BR","potentialAction":[{"@type":"CommentAction","name":"Comment","target":["https:\/\/www.tuasaude.com\/news\/2026\/09\/06\/mais-do-que-tristeza-como-reconhecer-sinais-de-depressao-e-quando-buscar-avaliacao\/#respond"]}]},{"@type":"WebPage","@id":"https:\/\/www.tuasaude.com\/news\/2026\/09\/06\/mais-do-que-tristeza-como-reconhecer-sinais-de-depressao-e-quando-buscar-avaliacao\/","url":"https:\/\/www.tuasaude.com\/news\/2026\/09\/06\/mais-do-que-tristeza-como-reconhecer-sinais-de-depressao-e-quando-buscar-avaliacao\/","name":"Mais do que tristeza: como reconhecer sinais de depress\u00e3o e quando buscar avalia\u00e7\u00e3o - Tua Sa\u00fade","isPartOf":{"@id":"https:\/\/www.tuasaude.com\/news\/#website"},"primaryImageOfPage":{"@id":"https:\/\/www.tuasaude.com\/news\/2026\/09\/06\/mais-do-que-tristeza-como-reconhecer-sinais-de-depressao-e-quando-buscar-avaliacao\/#primaryimage"},"image":{"@id":"https:\/\/www.tuasaude.com\/news\/2026\/09\/06\/mais-do-que-tristeza-como-reconhecer-sinais-de-depressao-e-quando-buscar-avaliacao\/#primaryimage"},"thumbnailUrl":"https:\/\/www.tuasaude.com\/news\/wp-content\/uploads\/2026\/09\/Man_sitting_at_desk_indoors_202609030340.jpg","datePublished":"2026-09-06T15:35:00+00:00","author":{"@id":"https:\/\/www.tuasaude.com\/news\/#\/schema\/person\/da63bccfbda5c95cfbf2d37c4276fca0"},"description":"Nem toda tristeza \u00e9 depress\u00e3o. Entenda quais sinais persistem por mais de duas semanas e quando o des\u00e2nimo e a perda de interesse pedem avalia\u00e7\u00e3o.","breadcrumb":{"@id":"https:\/\/www.tuasaude.com\/news\/2026\/09\/06\/mais-do-que-tristeza-como-reconhecer-sinais-de-depressao-e-quando-buscar-avaliacao\/#breadcrumb"},"inLanguage":"pt-BR","potentialAction":[{"@type":"ReadAction","target":["https:\/\/www.tuasaude.com\/news\/2026\/09\/06\/mais-do-que-tristeza-como-reconhecer-sinais-de-depressao-e-quando-buscar-avaliacao\/"]}]},{"@type":"ImageObject","inLanguage":"pt-BR","@id":"https:\/\/www.tuasaude.com\/news\/2026\/09\/06\/mais-do-que-tristeza-como-reconhecer-sinais-de-depressao-e-quando-buscar-avaliacao\/#primaryimage","url":"https:\/\/www.tuasaude.com\/news\/wp-content\/uploads\/2026\/09\/Man_sitting_at_desk_indoors_202609030340.jpg","contentUrl":"https:\/\/www.tuasaude.com\/news\/wp-content\/uploads\/2026\/09\/Man_sitting_at_desk_indoors_202609030340.jpg","width":1280,"height":714,"caption":"Mais do que tristeza: como reconhecer sinais de depress\u00e3o e quando buscar avalia\u00e7\u00e3o"},{"@type":"BreadcrumbList","@id":"https:\/\/www.tuasaude.com\/news\/2026\/09\/06\/mais-do-que-tristeza-como-reconhecer-sinais-de-depressao-e-quando-buscar-avaliacao\/#breadcrumb","itemListElement":[{"@type":"ListItem","position":1,"name":"In\u00edcio","item":"https:\/\/www.tuasaude.com\/news\/"},{"@type":"ListItem","position":2,"name":"Mais do que tristeza: como reconhecer sinais de depress\u00e3o e quando buscar avalia\u00e7\u00e3o"}]},{"@type":"WebSite","@id":"https:\/\/www.tuasaude.com\/news\/#website","url":"https:\/\/www.tuasaude.com\/news\/","name":"Tua Sa\u00fade","description":"Seu site de sa\u00fade","potentialAction":[{"@type":"SearchAction","target":{"@type":"EntryPoint","urlTemplate":"https:\/\/www.tuasaude.com\/news\/?s={search_term_string}"},"query-input":{"@type":"PropertyValueSpecification","valueRequired":true,"valueName":"search_term_string"}}],"inLanguage":"pt-BR"},{"@type":"Person","@id":"https:\/\/www.tuasaude.com\/news\/#\/schema\/person\/da63bccfbda5c95cfbf2d37c4276fca0","name":"Maycon Geovane","image":{"@type":"ImageObject","inLanguage":"pt-BR","@id":"https:\/\/www.tuasaude.com\/news\/#\/schema\/person\/image\/","url":"https:\/\/secure.gravatar.com\/avatar\/4f4908cf0a2f249a9f1137f9d5769cacc373d9aee67910cc212a09a346873b7d?s=96&d=mm&r=g","contentUrl":"https:\/\/secure.gravatar.com\/avatar\/4f4908cf0a2f249a9f1137f9d5769cacc373d9aee67910cc212a09a346873b7d?s=96&d=mm&r=g","caption":"Maycon Geovane"},"sameAs":["https:\/\/www.tuasaude.com\/news\/"],"url":"https:\/\/www.tuasaude.com\/news\/author\/maycongeovane\/"}]}},"_links":{"self":[{"href":"https:\/\/www.tuasaude.com\/news\/wp-json\/wp\/v2\/posts\/107455","targetHints":{"allow":["GET"]}}],"collection":[{"href":"https:\/\/www.tuasaude.com\/news\/wp-json\/wp\/v2\/posts"}],"about":[{"href":"https:\/\/www.tuasaude.com\/news\/wp-json\/wp\/v2\/types\/post"}],"author":[{"embeddable":true,"href":"https:\/\/www.tuasaude.com\/news\/wp-json\/wp\/v2\/users\/16"}],"replies":[{"embeddable":true,"href":"https:\/\/www.tuasaude.com\/news\/wp-json\/wp\/v2\/comments?post=107455"}],"version-history":[{"count":1,"href":"https:\/\/www.tuasaude.com\/news\/wp-json\/wp\/v2\/posts\/107455\/revisions"}],"predecessor-version":[{"id":107459,"href":"https:\/\/www.tuasaude.com\/news\/wp-json\/wp\/v2\/posts\/107455\/revisions\/107459"}],"wp:featuredmedia":[{"embeddable":true,"href":"https:\/\/www.tuasaude.com\/news\/wp-json\/wp\/v2\/media\/107458"}],"wp:attachment":[{"href":"https:\/\/www.tuasaude.com\/news\/wp-json\/wp\/v2\/media?parent=107455"}],"wp:term":[{"taxonomy":"category","embeddable":true,"href":"https:\/\/www.tuasaude.com\/news\/wp-json\/wp\/v2\/categories?post=107455"},{"taxonomy":"post_tag","embeddable":true,"href":"https:\/\/www.tuasaude.com\/news\/wp-json\/wp\/v2\/tags?post=107455"}],"curies":[{"name":"wp","href":"https:\/\/api.w.org\/{rel}","templated":true}]}}