{"id":107405,"date":"2026-09-05T19:30:00","date_gmt":"2026-09-05T22:30:00","guid":{"rendered":"https:\/\/www.tuasaude.com\/news\/?p=107405"},"modified":"2026-09-03T02:47:18","modified_gmt":"2026-09-03T05:47:18","slug":"o-diabetes-tipo-2-nao-comeca-no-dia-do-diagnostico-mas-sim-anos-antes-na-fase-silenciosa-do-pre-diabetes","status":"publish","type":"post","link":"https:\/\/www.tuasaude.com\/news\/2026\/09\/05\/o-diabetes-tipo-2-nao-comeca-no-dia-do-diagnostico-mas-sim-anos-antes-na-fase-silenciosa-do-pre-diabetes\/","title":{"rendered":"O diabetes tipo 2 n\u00e3o come\u00e7a no dia do diagn\u00f3stico, mas sim anos antes, na fase silenciosa do pr\u00e9-diabetes"},"content":{"rendered":"\n<p class=\"wp-block-paragraph\">Quando algu\u00e9m recebe o diagn\u00f3stico de diabetes tipo 2, \u00e9 comum pensar que a doen\u00e7a acabou de surgir, mas a verdade \u00e9 outra. O corpo costuma dar sinais discretos anos antes, numa fase silenciosa chamada pr\u00e9-diabetes, em que o a\u00e7\u00facar no sangue j\u00e1 est\u00e1 acima do normal sem chegar ao ponto da doen\u00e7a. O melhor de tudo \u00e9 que essa \u00e9 justamente a janela em que ainda d\u00e1 para reverter o quadro. Entender esse est\u00e1gio inicial pode mudar completamente o rumo da sa\u00fade metab\u00f3lica de uma pessoa.<\/p>\n\n\n\n<h2 class=\"wp-block-heading\">O que acontece no corpo durante o pr\u00e9-diabetes?<\/h2>\n\n\n\n<p class=\"wp-block-paragraph\">No pr\u00e9-diabetes, as c\u00e9lulas do corpo come\u00e7am a responder mal \u00e0 insulina, o horm\u00f4nio que leva a glicose para dentro delas. Para compensar, o p\u00e2ncreas produz cada vez mais insulina e consegue manter o a\u00e7\u00facar sob controle por um bom tempo.<\/p>\n\n\n\n<p class=\"wp-block-paragraph\">Esse esfor\u00e7o extra funciona por anos, o que explica por que a pessoa se sente bem enquanto o desequil\u00edbrio avan\u00e7a. Com o tempo, por\u00e9m, o p\u00e2ncreas se esgota, e \u00e9 a\u00ed que a glicose come\u00e7a a subir de forma percept\u00edvel.<\/p>\n\n\n\n<h2 class=\"wp-block-heading\">Por que essa fase passa despercebida por tanto tempo?<\/h2>\n\n\n\n<p class=\"wp-block-paragraph\">O grande desafio do pr\u00e9-diabetes \u00e9 que ele raramente provoca sintomas evidentes. Muitas pessoas convivem com a altera\u00e7\u00e3o por anos sem imaginar que algo est\u00e1 errado, justamente porque o corpo compensa bem no in\u00edcio.<\/p>\n\n\n\n<p class=\"wp-block-paragraph\">Quando surgem sinais como cansa\u00e7o, sede aumentada ou manchas escuras na pele, o quadro j\u00e1 pode estar avan\u00e7ado. Por isso, a <a href=\"https:\/\/www.tuasaude.com\/resistencia-a-insulina\/\" target=\"_blank\" rel=\"noreferrer noopener\">resist\u00eancia \u00e0 insulina<\/a> costuma ser descoberta apenas em exames de rotina, e n\u00e3o pelos sintomas.<\/p>\n\n\n<div class=\"wp-block-image\">\n<figure class=\"aligncenter size-large\"><img decoding=\"async\" width=\"1024\" height=\"571\" src=\"https:\/\/www.tuasaude.com\/news\/wp-content\/uploads\/2026\/09\/Pre-diabetes_infographic_about_i\u2026_202609030246-1024x571.jpg\" alt=\"Exames e mudan\u00e7as de rotina ajudam a identificar e reverter o pr\u00e9-diabetes.\" class=\"wp-image-107408\" srcset=\"https:\/\/www.tuasaude.com\/news\/wp-content\/uploads\/2026\/09\/Pre-diabetes_infographic_about_i\u2026_202609030246-1024x571.jpg 1024w, https:\/\/www.tuasaude.com\/news\/wp-content\/uploads\/2026\/09\/Pre-diabetes_infographic_about_i\u2026_202609030246-300x167.jpg 300w, https:\/\/www.tuasaude.com\/news\/wp-content\/uploads\/2026\/09\/Pre-diabetes_infographic_about_i\u2026_202609030246-768x428.jpg 768w, https:\/\/www.tuasaude.com\/news\/wp-content\/uploads\/2026\/09\/Pre-diabetes_infographic_about_i\u2026_202609030246-750x418.jpg 750w, https:\/\/www.tuasaude.com\/news\/wp-content\/uploads\/2026\/09\/Pre-diabetes_infographic_about_i\u2026_202609030246-1140x636.jpg 1140w, https:\/\/www.tuasaude.com\/news\/wp-content\/uploads\/2026\/09\/Pre-diabetes_infographic_about_i\u2026_202609030246.jpg 1280w\" sizes=\"(max-width: 1024px) 100vw, 1024px\" \/><figcaption class=\"wp-element-caption\">Exames e mudan\u00e7as de rotina ajudam a identificar e reverter o pr\u00e9-diabetes.<\/figcaption><\/figure>\n<\/div>\n\n\n<h2 class=\"wp-block-heading\">Quais exames revelam o pr\u00e9-diabetes?<\/h2>\n\n\n\n<p class=\"wp-block-paragraph\">A boa not\u00edcia \u00e9 que exames de sangue simples conseguem flagrar a altera\u00e7\u00e3o muito antes do diabetes se instalar. Conhecer os valores de refer\u00eancia ajuda a interpretar os resultados junto ao m\u00e9dico. Os principais s\u00e3o:<\/p>\n\n\n\n<ul class=\"wp-block-list\">\n<li><strong>Glicemia de jejum<\/strong>, com valores entre 100 e 125 mg\/dL indicando pr\u00e9-diabetes;<\/li>\n\n\n\n<li><strong>Hemoglobina glicada (HbA1c)<\/strong>, com resultados entre 5,7% e 6,4%;<\/li>\n\n\n\n<li><strong>Teste oral de toler\u00e2ncia \u00e0 glicose<\/strong>, com glicemia entre 140 e 199 mg\/dL ap\u00f3s duas horas.<\/li>\n<\/ul>\n\n\n\n<p class=\"wp-block-paragraph\">Esses n\u00fameros indicam uma faixa intermedi\u00e1ria, acima do normal, mas ainda abaixo do limite da doen\u00e7a. Pessoas com sobrepeso, sedentarismo ou hist\u00f3rico familiar devem conversar com o m\u00e9dico sobre incluir esses exames na rotina.<\/p>\n\n\n\n<h2 class=\"wp-block-heading\">Como um estudo cient\u00edfico confirma esse est\u00e1gio de risco?<\/h2>\n\n\n\n<p class=\"wp-block-paragraph\">A rela\u00e7\u00e3o entre pr\u00e9-diabetes e o desenvolvimento do diabetes \u00e9 bem documentada pela ci\u00eancia. Pesquisadores reuniram evid\u00eancias para entender como essa fase intermedi\u00e1ria antecede a doen\u00e7a. Segundo a revis\u00e3o <a href=\"https:\/\/pubmed.ncbi.nlm.nih.gov\/22683128\/\" target=\"_blank\" rel=\"noreferrer noopener\">Prediabetes a high-risk state for diabetes development<\/a>, publicada na revista brit\u00e2nica The Lancet, pessoas com glicemia alterada ou hemoglobina glicada na faixa intermedi\u00e1ria t\u00eam risco elevado de evoluir para o diabetes tipo 2.<\/p>\n\n\n\n<p class=\"wp-block-paragraph\">O mesmo trabalho aponta que cerca de 5 a 10% das pessoas com pr\u00e9-diabetes progridem para a doen\u00e7a a cada ano, mas uma propor\u00e7\u00e3o semelhante consegue voltar aos n\u00edveis normais. Isso refor\u00e7a que o quadro n\u00e3o \u00e9 uma senten\u00e7a, e sim um alerta com margem real de revers\u00e3o.<\/p>\n\n\n<div class=\"wp-block-image\">\n<figure class=\"aligncenter size-large\"><img decoding=\"async\" width=\"1024\" height=\"571\" src=\"https:\/\/www.tuasaude.com\/news\/wp-content\/uploads\/2026\/09\/Man_walking_through_neighborhood_202609030245-1024x571.jpg\" alt=\"Atividade f\u00edsica e mudan\u00e7as de h\u00e1bitos podem interromper a progress\u00e3o do pr\u00e9-diabetes.\" class=\"wp-image-107406\" srcset=\"https:\/\/www.tuasaude.com\/news\/wp-content\/uploads\/2026\/09\/Man_walking_through_neighborhood_202609030245-1024x571.jpg 1024w, https:\/\/www.tuasaude.com\/news\/wp-content\/uploads\/2026\/09\/Man_walking_through_neighborhood_202609030245-300x167.jpg 300w, https:\/\/www.tuasaude.com\/news\/wp-content\/uploads\/2026\/09\/Man_walking_through_neighborhood_202609030245-768x428.jpg 768w, https:\/\/www.tuasaude.com\/news\/wp-content\/uploads\/2026\/09\/Man_walking_through_neighborhood_202609030245-750x418.jpg 750w, https:\/\/www.tuasaude.com\/news\/wp-content\/uploads\/2026\/09\/Man_walking_through_neighborhood_202609030245-1140x636.jpg 1140w, https:\/\/www.tuasaude.com\/news\/wp-content\/uploads\/2026\/09\/Man_walking_through_neighborhood_202609030245.jpg 1280w\" sizes=\"(max-width: 1024px) 100vw, 1024px\" \/><figcaption class=\"wp-element-caption\">Atividade f\u00edsica e mudan\u00e7as de h\u00e1bitos podem interromper a progress\u00e3o do pr\u00e9-diabetes.<\/figcaption><\/figure>\n<\/div>\n\n\n<h2 class=\"wp-block-heading\">Por que essa \u00e9 a janela para reverter o quadro?<\/h2>\n\n\n\n<p class=\"wp-block-paragraph\">Enquanto o p\u00e2ncreas ainda compensa a resist\u00eancia \u00e0 insulina, o corpo responde muito bem a mudan\u00e7as de h\u00e1bito. Perder de 5% a 7% do peso corporal e praticar atividade f\u00edsica regular podem reduzir de forma expressiva o risco de progress\u00e3o.<\/p>\n\n\n\n<p class=\"wp-block-paragraph\">Ajustar a alimenta\u00e7\u00e3o, reduzir ultraprocessados e melhorar o sono tamb\u00e9m fazem diferen\u00e7a nesse est\u00e1gio. Agir cedo, ainda no pr\u00e9-diabetes, \u00e9 a forma mais eficaz de proteger o metabolismo e evitar d\u00e9cadas de complica\u00e7\u00f5es no futuro.<\/p>\n\n\n\n<p class=\"wp-block-paragraph\"><em>Este conte\u00fado tem car\u00e1ter apenas informativo e n\u00e3o substitui a avalia\u00e7\u00e3o de um profissional de sa\u00fade. Consulte um endocrinologista, cl\u00ednico geral ou nutricionista para interpretar seus exames e receber orienta\u00e7\u00e3o individualizada.<\/em><\/p>\n","protected":false},"excerpt":{"rendered":"<p>Quando algu\u00e9m recebe o diagn\u00f3stico de diabetes tipo 2, \u00e9 comum pensar que a doen\u00e7a acabou de surgir, mas a verdade \u00e9 outra. O corpo costuma dar sinais discretos anos antes, numa fase silenciosa chamada pr\u00e9-diabetes, em que o a\u00e7\u00facar no sangue j\u00e1 est\u00e1 acima do normal sem chegar ao ponto da doen\u00e7a. O melhor [&hellip;]<\/p>\n","protected":false},"author":16,"featured_media":107407,"comment_status":"open","ping_status":"open","sticky":false,"template":"","format":"standard","meta":{"_yoast_wpseo_focuskw":"pr\u00e9-diabetes","_yoast_wpseo_title":"","_yoast_wpseo_metadesc":"O pr\u00e9-diabetes pode permanecer silencioso por anos. Entenda os exames que revelam essa fase e por que agir cedo pode mudar o risco futuro.","jnews-multi-image_gallery":[],"jnews_single_post":{"format":"standard"},"jnews_primary_category":[],"jnews_social_meta":[],"jnews_override_counter":[],"footnotes":""},"categories":[111],"tags":[13082,13081,1234,6138,13083,2186,136],"class_list":["post-107405","post","type-post","status-publish","format-standard","has-post-thumbnail","hentry","category-saude","tag-anos-antes","tag-comeca","tag-diabetes-tipo-2","tag-diagnostico-2","tag-fase","tag-pre-diabetes","tag-saude"],"yoast_head":"<!-- This site is optimized with the Yoast SEO plugin v26.7 - https:\/\/yoast.com\/wordpress\/plugins\/seo\/ -->\n<title>O diabetes tipo 2 n\u00e3o come\u00e7a no dia do diagn\u00f3stico, mas sim anos antes, na fase silenciosa do pr\u00e9-diabetes - Tua Sa\u00fade<\/title>\n<meta name=\"description\" content=\"O pr\u00e9-diabetes pode permanecer silencioso por anos. Entenda os exames que revelam essa fase e por que agir cedo pode mudar o risco futuro.\" \/>\n<meta name=\"robots\" content=\"index, follow, max-snippet:-1, max-image-preview:large, max-video-preview:-1\" \/>\n<link rel=\"canonical\" href=\"https:\/\/www.tuasaude.com\/news\/2026\/09\/05\/o-diabetes-tipo-2-nao-comeca-no-dia-do-diagnostico-mas-sim-anos-antes-na-fase-silenciosa-do-pre-diabetes\/\" \/>\n<meta property=\"og:locale\" content=\"pt_BR\" \/>\n<meta property=\"og:type\" content=\"article\" \/>\n<meta property=\"og:title\" content=\"O diabetes tipo 2 n\u00e3o come\u00e7a no dia do diagn\u00f3stico, mas sim anos antes, na fase silenciosa do pr\u00e9-diabetes - Tua Sa\u00fade\" \/>\n<meta property=\"og:description\" content=\"O pr\u00e9-diabetes pode permanecer silencioso por anos. Entenda os exames que revelam essa fase e por que agir cedo pode mudar o risco futuro.\" \/>\n<meta property=\"og:url\" content=\"https:\/\/www.tuasaude.com\/news\/2026\/09\/05\/o-diabetes-tipo-2-nao-comeca-no-dia-do-diagnostico-mas-sim-anos-antes-na-fase-silenciosa-do-pre-diabetes\/\" \/>\n<meta property=\"og:site_name\" content=\"Tua Sa\u00fade\" \/>\n<meta property=\"article:published_time\" content=\"2026-09-05T22:30:00+00:00\" \/>\n<meta property=\"og:image\" content=\"https:\/\/www.tuasaude.com\/news\/wp-content\/uploads\/2026\/09\/Woman_checking_blood_glucose_levels_202609030246.jpg\" \/>\n\t<meta property=\"og:image:width\" content=\"1280\" \/>\n\t<meta property=\"og:image:height\" content=\"714\" \/>\n\t<meta property=\"og:image:type\" content=\"image\/jpeg\" \/>\n<meta name=\"author\" content=\"Maycon Geovane\" \/>\n<meta name=\"twitter:card\" content=\"summary_large_image\" \/>\n<meta name=\"twitter:label1\" content=\"Escrito por\" \/>\n\t<meta name=\"twitter:data1\" content=\"Maycon Geovane\" \/>\n\t<meta name=\"twitter:label2\" content=\"Est. tempo de leitura\" \/>\n\t<meta name=\"twitter:data2\" content=\"5 minutos\" \/>\n<!-- \/ Yoast SEO plugin. -->","yoast_head_json":{"title":"O diabetes tipo 2 n\u00e3o come\u00e7a no dia do diagn\u00f3stico, mas sim anos antes, na fase silenciosa do pr\u00e9-diabetes - Tua Sa\u00fade","description":"O pr\u00e9-diabetes pode permanecer silencioso por anos. Entenda os exames que revelam essa fase e por que agir cedo pode mudar o risco futuro.","robots":{"index":"index","follow":"follow","max-snippet":"max-snippet:-1","max-image-preview":"max-image-preview:large","max-video-preview":"max-video-preview:-1"},"canonical":"https:\/\/www.tuasaude.com\/news\/2026\/09\/05\/o-diabetes-tipo-2-nao-comeca-no-dia-do-diagnostico-mas-sim-anos-antes-na-fase-silenciosa-do-pre-diabetes\/","og_locale":"pt_BR","og_type":"article","og_title":"O diabetes tipo 2 n\u00e3o come\u00e7a no dia do diagn\u00f3stico, mas sim anos antes, na fase silenciosa do pr\u00e9-diabetes - Tua Sa\u00fade","og_description":"O pr\u00e9-diabetes pode permanecer silencioso por anos. Entenda os exames que revelam essa fase e por que agir cedo pode mudar o risco futuro.","og_url":"https:\/\/www.tuasaude.com\/news\/2026\/09\/05\/o-diabetes-tipo-2-nao-comeca-no-dia-do-diagnostico-mas-sim-anos-antes-na-fase-silenciosa-do-pre-diabetes\/","og_site_name":"Tua Sa\u00fade","article_published_time":"2026-09-05T22:30:00+00:00","og_image":[{"width":1280,"height":714,"url":"https:\/\/www.tuasaude.com\/news\/wp-content\/uploads\/2026\/09\/Woman_checking_blood_glucose_levels_202609030246.jpg","type":"image\/jpeg"}],"author":"Maycon Geovane","twitter_card":"summary_large_image","twitter_misc":{"Escrito por":"Maycon Geovane","Est. tempo de leitura":"5 minutos"},"schema":{"@context":"https:\/\/schema.org","@graph":[{"@type":"Article","@id":"https:\/\/www.tuasaude.com\/news\/2026\/09\/05\/o-diabetes-tipo-2-nao-comeca-no-dia-do-diagnostico-mas-sim-anos-antes-na-fase-silenciosa-do-pre-diabetes\/#article","isPartOf":{"@id":"https:\/\/www.tuasaude.com\/news\/2026\/09\/05\/o-diabetes-tipo-2-nao-comeca-no-dia-do-diagnostico-mas-sim-anos-antes-na-fase-silenciosa-do-pre-diabetes\/"},"author":{"name":"Maycon Geovane","@id":"https:\/\/www.tuasaude.com\/news\/#\/schema\/person\/da63bccfbda5c95cfbf2d37c4276fca0"},"headline":"O diabetes tipo 2 n\u00e3o come\u00e7a no dia do diagn\u00f3stico, mas sim anos antes, na fase silenciosa do pr\u00e9-diabetes","datePublished":"2026-09-05T22:30:00+00:00","mainEntityOfPage":{"@id":"https:\/\/www.tuasaude.com\/news\/2026\/09\/05\/o-diabetes-tipo-2-nao-comeca-no-dia-do-diagnostico-mas-sim-anos-antes-na-fase-silenciosa-do-pre-diabetes\/"},"wordCount":714,"commentCount":0,"image":{"@id":"https:\/\/www.tuasaude.com\/news\/2026\/09\/05\/o-diabetes-tipo-2-nao-comeca-no-dia-do-diagnostico-mas-sim-anos-antes-na-fase-silenciosa-do-pre-diabetes\/#primaryimage"},"thumbnailUrl":"https:\/\/www.tuasaude.com\/news\/wp-content\/uploads\/2026\/09\/Woman_checking_blood_glucose_levels_202609030246.jpg","keywords":["anos antes","come\u00e7a","diabetes tipo 2","diagn\u00f3stico","fase","pr\u00e9-diabetes","sa\u00fade"],"articleSection":["Sa\u00fade"],"inLanguage":"pt-BR","potentialAction":[{"@type":"CommentAction","name":"Comment","target":["https:\/\/www.tuasaude.com\/news\/2026\/09\/05\/o-diabetes-tipo-2-nao-comeca-no-dia-do-diagnostico-mas-sim-anos-antes-na-fase-silenciosa-do-pre-diabetes\/#respond"]}]},{"@type":"WebPage","@id":"https:\/\/www.tuasaude.com\/news\/2026\/09\/05\/o-diabetes-tipo-2-nao-comeca-no-dia-do-diagnostico-mas-sim-anos-antes-na-fase-silenciosa-do-pre-diabetes\/","url":"https:\/\/www.tuasaude.com\/news\/2026\/09\/05\/o-diabetes-tipo-2-nao-comeca-no-dia-do-diagnostico-mas-sim-anos-antes-na-fase-silenciosa-do-pre-diabetes\/","name":"O diabetes tipo 2 n\u00e3o come\u00e7a no dia do diagn\u00f3stico, mas sim anos antes, na fase silenciosa do pr\u00e9-diabetes - Tua Sa\u00fade","isPartOf":{"@id":"https:\/\/www.tuasaude.com\/news\/#website"},"primaryImageOfPage":{"@id":"https:\/\/www.tuasaude.com\/news\/2026\/09\/05\/o-diabetes-tipo-2-nao-comeca-no-dia-do-diagnostico-mas-sim-anos-antes-na-fase-silenciosa-do-pre-diabetes\/#primaryimage"},"image":{"@id":"https:\/\/www.tuasaude.com\/news\/2026\/09\/05\/o-diabetes-tipo-2-nao-comeca-no-dia-do-diagnostico-mas-sim-anos-antes-na-fase-silenciosa-do-pre-diabetes\/#primaryimage"},"thumbnailUrl":"https:\/\/www.tuasaude.com\/news\/wp-content\/uploads\/2026\/09\/Woman_checking_blood_glucose_levels_202609030246.jpg","datePublished":"2026-09-05T22:30:00+00:00","author":{"@id":"https:\/\/www.tuasaude.com\/news\/#\/schema\/person\/da63bccfbda5c95cfbf2d37c4276fca0"},"description":"O pr\u00e9-diabetes pode permanecer silencioso por anos. Entenda os exames que revelam essa fase e por que agir cedo pode mudar o risco futuro.","breadcrumb":{"@id":"https:\/\/www.tuasaude.com\/news\/2026\/09\/05\/o-diabetes-tipo-2-nao-comeca-no-dia-do-diagnostico-mas-sim-anos-antes-na-fase-silenciosa-do-pre-diabetes\/#breadcrumb"},"inLanguage":"pt-BR","potentialAction":[{"@type":"ReadAction","target":["https:\/\/www.tuasaude.com\/news\/2026\/09\/05\/o-diabetes-tipo-2-nao-comeca-no-dia-do-diagnostico-mas-sim-anos-antes-na-fase-silenciosa-do-pre-diabetes\/"]}]},{"@type":"ImageObject","inLanguage":"pt-BR","@id":"https:\/\/www.tuasaude.com\/news\/2026\/09\/05\/o-diabetes-tipo-2-nao-comeca-no-dia-do-diagnostico-mas-sim-anos-antes-na-fase-silenciosa-do-pre-diabetes\/#primaryimage","url":"https:\/\/www.tuasaude.com\/news\/wp-content\/uploads\/2026\/09\/Woman_checking_blood_glucose_levels_202609030246.jpg","contentUrl":"https:\/\/www.tuasaude.com\/news\/wp-content\/uploads\/2026\/09\/Woman_checking_blood_glucose_levels_202609030246.jpg","width":1280,"height":714,"caption":"O diabetes tipo 2 n\u00e3o come\u00e7a no dia do diagn\u00f3stico, mas sim anos antes, na fase silenciosa do pr\u00e9-diabetes"},{"@type":"BreadcrumbList","@id":"https:\/\/www.tuasaude.com\/news\/2026\/09\/05\/o-diabetes-tipo-2-nao-comeca-no-dia-do-diagnostico-mas-sim-anos-antes-na-fase-silenciosa-do-pre-diabetes\/#breadcrumb","itemListElement":[{"@type":"ListItem","position":1,"name":"In\u00edcio","item":"https:\/\/www.tuasaude.com\/news\/"},{"@type":"ListItem","position":2,"name":"O diabetes tipo 2 n\u00e3o come\u00e7a no dia do diagn\u00f3stico, mas sim anos antes, na fase silenciosa do pr\u00e9-diabetes"}]},{"@type":"WebSite","@id":"https:\/\/www.tuasaude.com\/news\/#website","url":"https:\/\/www.tuasaude.com\/news\/","name":"Tua Sa\u00fade","description":"Seu site de sa\u00fade","potentialAction":[{"@type":"SearchAction","target":{"@type":"EntryPoint","urlTemplate":"https:\/\/www.tuasaude.com\/news\/?s={search_term_string}"},"query-input":{"@type":"PropertyValueSpecification","valueRequired":true,"valueName":"search_term_string"}}],"inLanguage":"pt-BR"},{"@type":"Person","@id":"https:\/\/www.tuasaude.com\/news\/#\/schema\/person\/da63bccfbda5c95cfbf2d37c4276fca0","name":"Maycon Geovane","image":{"@type":"ImageObject","inLanguage":"pt-BR","@id":"https:\/\/www.tuasaude.com\/news\/#\/schema\/person\/image\/","url":"https:\/\/secure.gravatar.com\/avatar\/4f4908cf0a2f249a9f1137f9d5769cacc373d9aee67910cc212a09a346873b7d?s=96&d=mm&r=g","contentUrl":"https:\/\/secure.gravatar.com\/avatar\/4f4908cf0a2f249a9f1137f9d5769cacc373d9aee67910cc212a09a346873b7d?s=96&d=mm&r=g","caption":"Maycon Geovane"},"sameAs":["https:\/\/www.tuasaude.com\/news\/"],"url":"https:\/\/www.tuasaude.com\/news\/author\/maycongeovane\/"}]}},"_links":{"self":[{"href":"https:\/\/www.tuasaude.com\/news\/wp-json\/wp\/v2\/posts\/107405","targetHints":{"allow":["GET"]}}],"collection":[{"href":"https:\/\/www.tuasaude.com\/news\/wp-json\/wp\/v2\/posts"}],"about":[{"href":"https:\/\/www.tuasaude.com\/news\/wp-json\/wp\/v2\/types\/post"}],"author":[{"embeddable":true,"href":"https:\/\/www.tuasaude.com\/news\/wp-json\/wp\/v2\/users\/16"}],"replies":[{"embeddable":true,"href":"https:\/\/www.tuasaude.com\/news\/wp-json\/wp\/v2\/comments?post=107405"}],"version-history":[{"count":1,"href":"https:\/\/www.tuasaude.com\/news\/wp-json\/wp\/v2\/posts\/107405\/revisions"}],"predecessor-version":[{"id":107409,"href":"https:\/\/www.tuasaude.com\/news\/wp-json\/wp\/v2\/posts\/107405\/revisions\/107409"}],"wp:featuredmedia":[{"embeddable":true,"href":"https:\/\/www.tuasaude.com\/news\/wp-json\/wp\/v2\/media\/107407"}],"wp:attachment":[{"href":"https:\/\/www.tuasaude.com\/news\/wp-json\/wp\/v2\/media?parent=107405"}],"wp:term":[{"taxonomy":"category","embeddable":true,"href":"https:\/\/www.tuasaude.com\/news\/wp-json\/wp\/v2\/categories?post=107405"},{"taxonomy":"post_tag","embeddable":true,"href":"https:\/\/www.tuasaude.com\/news\/wp-json\/wp\/v2\/tags?post=107405"}],"curies":[{"name":"wp","href":"https:\/\/api.w.org\/{rel}","templated":true}]}}