{"id":107350,"date":"2026-09-05T07:10:00","date_gmt":"2026-09-05T10:10:00","guid":{"rendered":"https:\/\/www.tuasaude.com\/news\/?p=107350"},"modified":"2026-09-03T01:51:04","modified_gmt":"2026-09-03T04:51:04","slug":"a-dor-que-desce-da-lombar-ate-a-perna-nao-vem-apenas-da-coluna-mas-sim-na-maioria-de-uma-raiz-nervosa-comprimida-no-caminho","status":"publish","type":"post","link":"https:\/\/www.tuasaude.com\/news\/2026\/09\/05\/a-dor-que-desce-da-lombar-ate-a-perna-nao-vem-apenas-da-coluna-mas-sim-na-maioria-de-uma-raiz-nervosa-comprimida-no-caminho\/","title":{"rendered":"A dor que desce da lombar at\u00e9 a perna n\u00e3o vem apenas da coluna, mas sim na maioria de uma raiz nervosa comprimida no caminho"},"content":{"rendered":"\n<p class=\"wp-block-paragraph\">Quando a dor come\u00e7a na parte baixa das costas e escorrega at\u00e9 a perna, o problema quase nunca est\u00e1 apenas na coluna. Na maioria das vezes existe uma <strong>raiz nervosa comprimida<\/strong> em algum ponto do trajeto, e \u00e9 essa compress\u00e3o que transforma um simples desconforto lombar numa dor que percorre o gl\u00fateo, a coxa e, muitas vezes, ultrapassa o joelho. Entender de onde vem essa dor ajuda a saber quando esperar e, principalmente, quando procurar ajuda sem demora.<\/p>\n\n\n\n<h2 class=\"wp-block-heading\">Por que a dor desce da lombar at\u00e9 a perna?<\/h2>\n\n\n\n<p class=\"wp-block-paragraph\">As ra\u00edzes nervosas L4, L5 e S1 se unem na parte baixa da coluna e formam o nervo ci\u00e1tico, o maior do corpo. Quando uma dessas ra\u00edzes \u00e9 comprimida, geralmente por uma h\u00e9rnia de disco ou pelo estreitamento do canal da coluna, a dor deixa de ficar restrita \u00e0s costas e passa a seguir o caminho do nervo at\u00e9 a perna.<\/p>\n\n\n\n<p class=\"wp-block-paragraph\">Por isso a dor tem um trajeto t\u00e3o caracter\u00edstico. Ela desce por tr\u00e1s da coxa e, dependendo da raiz afetada, alcan\u00e7a a lateral ou a parte de tr\u00e1s da perna, podendo chegar ao p\u00e9. Esse padr\u00e3o \u00e9 o que diferencia a <a href=\"https:\/\/www.tuasaude.com\/nervo-ciatico-inflamado\/\" target=\"_blank\" rel=\"noreferrer noopener\">dor no nervo ci\u00e1tico<\/a> de uma dor nas costas comum.<\/p>\n\n\n\n<h2 class=\"wp-block-heading\">Como identificar a dor ci\u00e1tica?<\/h2>\n\n\n\n<p class=\"wp-block-paragraph\">A dor ci\u00e1tica costuma ser bem diferente de uma dor muscular. Ela \u00e9 frequentemente descrita como um choque ou uma queima\u00e7\u00e3o que corre pela perna, quase sempre de um lado s\u00f3, e piora ao ficar sentado por muito tempo, tossir ou espirrar.<\/p>\n\n\n\n<p class=\"wp-block-paragraph\">Al\u00e9m da dor em choque, \u00e9 comum surgir formigamento e dorm\u00eancia no trajeto do nervo. Esses sinais indicam que a raiz nervosa est\u00e1 sendo irritada, e n\u00e3o apenas os m\u00fasculos da regi\u00e3o lombar, sendo um dos <a href=\"https:\/\/www.tuasaude.com\/sintomas-de-hernia-de-disco\/\" target=\"_blank\" rel=\"noreferrer noopener\">sintomas de h\u00e9rnia de disco<\/a> mais frequentes.<\/p>\n\n\n<div class=\"wp-block-image\">\n<figure class=\"aligncenter size-large\"><img decoding=\"async\" width=\"1024\" height=\"571\" src=\"https:\/\/www.tuasaude.com\/news\/wp-content\/uploads\/2026\/09\/Infographic_explaining_sciatic_n\u2026_202609030149-1024x571.jpg\" alt=\"Dor ci\u00e1tica envolve trajeto nervoso, sintomas, causas e sinais de alerta importantes.\" class=\"wp-image-107352\" srcset=\"https:\/\/www.tuasaude.com\/news\/wp-content\/uploads\/2026\/09\/Infographic_explaining_sciatic_n\u2026_202609030149-1024x571.jpg 1024w, https:\/\/www.tuasaude.com\/news\/wp-content\/uploads\/2026\/09\/Infographic_explaining_sciatic_n\u2026_202609030149-300x167.jpg 300w, https:\/\/www.tuasaude.com\/news\/wp-content\/uploads\/2026\/09\/Infographic_explaining_sciatic_n\u2026_202609030149-768x428.jpg 768w, https:\/\/www.tuasaude.com\/news\/wp-content\/uploads\/2026\/09\/Infographic_explaining_sciatic_n\u2026_202609030149-750x418.jpg 750w, https:\/\/www.tuasaude.com\/news\/wp-content\/uploads\/2026\/09\/Infographic_explaining_sciatic_n\u2026_202609030149-1140x636.jpg 1140w, https:\/\/www.tuasaude.com\/news\/wp-content\/uploads\/2026\/09\/Infographic_explaining_sciatic_n\u2026_202609030149.jpg 1280w\" sizes=\"(max-width: 1024px) 100vw, 1024px\" \/><figcaption class=\"wp-element-caption\">Dor ci\u00e1tica envolve trajeto nervoso, sintomas, causas e sinais de alerta importantes.<\/figcaption><\/figure>\n<\/div>\n\n\n<h2 class=\"wp-block-heading\">Quais s\u00e3o os principais sintomas da dor ci\u00e1tica?<\/h2>\n\n\n\n<p class=\"wp-block-paragraph\">Reconhecer os sintomas ajuda a diferenciar a dor ci\u00e1tica de outras dores nas costas. Os sinais mais frequentes s\u00e3o:<\/p>\n\n\n\n<ul class=\"wp-block-list\">\n<li><strong>Dor que irradia abaixo do joelho<\/strong>, seguindo o trajeto do nervo at\u00e9 a perna ou o p\u00e9;<\/li>\n\n\n\n<li><strong>Sensa\u00e7\u00e3o de choque el\u00e9trico ou queima\u00e7\u00e3o<\/strong> que desce pela parte de tr\u00e1s ou pela lateral da perna;<\/li>\n\n\n\n<li><strong>Formigamento e dorm\u00eancia<\/strong> no trajeto do nervo, especialmente no p\u00e9;<\/li>\n\n\n\n<li><strong>Dor unilateral<\/strong>, que atinge apenas um dos lados do corpo;<\/li>\n\n\n\n<li><strong>Piora ao permanecer sentado<\/strong>, tossir, espirrar ou fazer esfor\u00e7o.<\/li>\n<\/ul>\n\n\n\n<h2 class=\"wp-block-heading\">Quais sinais de alarme exigem atendimento imediato?<\/h2>\n\n\n\n<p class=\"wp-block-paragraph\">A maior parte dos casos de dor ci\u00e1tica melhora com tratamento conservador, mas alguns sinais pedem avalia\u00e7\u00e3o urgente porque podem indicar uma compress\u00e3o nervosa grave. Procure atendimento imediato diante de:<\/p>\n\n\n\n<ul class=\"wp-block-list\">\n<li><strong>Perda de for\u00e7a na perna ou no p\u00e9<\/strong>, com dificuldade para caminhar ou trope\u00e7os frequentes;<\/li>\n\n\n\n<li><strong>Dorm\u00eancia na regi\u00e3o genital ou entre as pernas<\/strong>, sensa\u00e7\u00e3o conhecida como anestesia em sela;<\/li>\n\n\n\n<li><strong>Perda do controle da urina ou das fezes<\/strong>, seja dificuldade para urinar ou perda involunt\u00e1ria;<\/li>\n\n\n\n<li><strong>Dor ci\u00e1tica nas duas pernas ao mesmo tempo<\/strong>, especialmente se surgir de forma s\u00fabita.<\/li>\n<\/ul>\n\n\n\n<p class=\"wp-block-paragraph\">Esses sintomas s\u00e3o menos comuns, por\u00e9m podem sinalizar a s\u00edndrome da cauda equina, uma emerg\u00eancia que precisa de tratamento r\u00e1pido para evitar sequelas permanentes.<\/p>\n\n\n<div class=\"wp-block-image\">\n<figure class=\"aligncenter size-large\"><img decoding=\"async\" width=\"1024\" height=\"571\" src=\"https:\/\/www.tuasaude.com\/news\/wp-content\/uploads\/2026\/09\/Man_experiencing_radiating_leg_pain_202609030149-1024x571.jpg\" alt=\"Dor que desce da lombar pela perna pode indicar compress\u00e3o de uma raiz nervosa.\" class=\"wp-image-107353\" srcset=\"https:\/\/www.tuasaude.com\/news\/wp-content\/uploads\/2026\/09\/Man_experiencing_radiating_leg_pain_202609030149-1024x571.jpg 1024w, https:\/\/www.tuasaude.com\/news\/wp-content\/uploads\/2026\/09\/Man_experiencing_radiating_leg_pain_202609030149-300x167.jpg 300w, https:\/\/www.tuasaude.com\/news\/wp-content\/uploads\/2026\/09\/Man_experiencing_radiating_leg_pain_202609030149-768x428.jpg 768w, https:\/\/www.tuasaude.com\/news\/wp-content\/uploads\/2026\/09\/Man_experiencing_radiating_leg_pain_202609030149-750x418.jpg 750w, https:\/\/www.tuasaude.com\/news\/wp-content\/uploads\/2026\/09\/Man_experiencing_radiating_leg_pain_202609030149-1140x636.jpg 1140w, https:\/\/www.tuasaude.com\/news\/wp-content\/uploads\/2026\/09\/Man_experiencing_radiating_leg_pain_202609030149.jpg 1280w\" sizes=\"(max-width: 1024px) 100vw, 1024px\" \/><figcaption class=\"wp-element-caption\">Dor que desce da lombar pela perna pode indicar compress\u00e3o de uma raiz nervosa.<\/figcaption><\/figure>\n<\/div>\n\n\n<h2 class=\"wp-block-heading\">O que a ci\u00eancia mostra sobre a compress\u00e3o nervosa?<\/h2>\n\n\n\n<p class=\"wp-block-paragraph\">A rela\u00e7\u00e3o entre a compress\u00e3o da raiz nervosa e a dor que desce at\u00e9 a perna \u00e9 bem documentada na literatura m\u00e9dica. Segundo a revis\u00e3o <a href=\"https:\/\/pmc.ncbi.nlm.nih.gov\/articles\/PMC6858271\/\" target=\"_blank\" rel=\"noreferrer noopener\">A Review of Lumbar Radiculopathy, Diagnosis, and Treatment<\/a>, publicada na revista Cureus, a radiculopatia lombar resulta da irrita\u00e7\u00e3o de uma raiz nervosa e produz dor, altera\u00e7\u00f5es de sensibilidade e perda de reflexos ao longo do trajeto do nervo, com sinais de alerta que exigem avalia\u00e7\u00e3o de emerg\u00eancia.<\/p>\n\n\n\n<p class=\"wp-block-paragraph\">Esse embasamento refor\u00e7a a import\u00e2ncia de observar n\u00e3o s\u00f3 a intensidade da dor, mas tamb\u00e9m os sinais neurol\u00f3gicos que a acompanham. Uma <a href=\"https:\/\/www.tuasaude.com\/hernia-de-disco-lombar\/\" target=\"_blank\" rel=\"noreferrer noopener\">h\u00e9rnia de disco lombar<\/a> \u00e9 a causa mais frequente dessa compress\u00e3o, mas apenas uma avalia\u00e7\u00e3o individual permite confirmar a origem do problema.<\/p>\n\n\n\n<p class=\"wp-block-paragraph\"><em>Este conte\u00fado tem car\u00e1ter apenas informativo e n\u00e3o substitui a avalia\u00e7\u00e3o de um m\u00e9dico. Diante de dor persistente ou de qualquer sinal de alarme, procure orienta\u00e7\u00e3o profissional para diagn\u00f3stico e tratamento adequados.<\/em><\/p>\n","protected":false},"excerpt":{"rendered":"<p>Quando a dor come\u00e7a na parte baixa das costas e escorrega at\u00e9 a perna, o problema quase nunca est\u00e1 apenas na coluna. Na maioria das vezes existe uma raiz nervosa comprimida em algum ponto do trajeto, e \u00e9 essa compress\u00e3o que transforma um simples desconforto lombar numa dor que percorre o gl\u00fateo, a coxa e, [&hellip;]<\/p>\n","protected":false},"author":16,"featured_media":107351,"comment_status":"open","ping_status":"open","sticky":false,"template":"","format":"standard","meta":{"_yoast_wpseo_focuskw":"dor ci\u00e1tica","_yoast_wpseo_title":"","_yoast_wpseo_metadesc":"Entenda por que a dor pode descer da lombar at\u00e9 a perna, quais sintomas sugerem compress\u00e3o nervosa e quais sinais exigem atendimento imediato.","jnews-multi-image_gallery":[],"jnews_single_post":{"format":"standard"},"jnews_primary_category":[],"jnews_social_meta":[],"jnews_override_counter":[],"footnotes":""},"categories":[111],"tags":[938,13055,13053,1607,8734,9050,13054,136],"class_list":["post-107350","post","type-post","status-publish","format-standard","has-post-thumbnail","hentry","category-saude","tag-coluna","tag-comprimida","tag-desce","tag-dor","tag-lombar","tag-perna","tag-raiz-nervosa","tag-saude"],"yoast_head":"<!-- This site is optimized with the Yoast SEO plugin v26.7 - https:\/\/yoast.com\/wordpress\/plugins\/seo\/ -->\n<title>A dor que desce da lombar at\u00e9 a perna n\u00e3o vem apenas da coluna, mas sim na maioria de uma raiz nervosa comprimida no caminho - Tua Sa\u00fade<\/title>\n<meta name=\"description\" content=\"Entenda por que a dor pode descer da lombar at\u00e9 a perna, quais sintomas sugerem compress\u00e3o nervosa e quais sinais exigem atendimento imediato.\" \/>\n<meta name=\"robots\" content=\"index, follow, max-snippet:-1, max-image-preview:large, max-video-preview:-1\" \/>\n<link rel=\"canonical\" href=\"https:\/\/www.tuasaude.com\/news\/2026\/09\/05\/a-dor-que-desce-da-lombar-ate-a-perna-nao-vem-apenas-da-coluna-mas-sim-na-maioria-de-uma-raiz-nervosa-comprimida-no-caminho\/\" \/>\n<meta property=\"og:locale\" content=\"pt_BR\" \/>\n<meta property=\"og:type\" content=\"article\" \/>\n<meta property=\"og:title\" content=\"A dor que desce da lombar at\u00e9 a perna n\u00e3o vem apenas da coluna, mas sim na maioria de uma raiz nervosa comprimida no caminho - Tua Sa\u00fade\" \/>\n<meta property=\"og:description\" content=\"Entenda por que a dor pode descer da lombar at\u00e9 a perna, quais sintomas sugerem compress\u00e3o nervosa e quais sinais exigem atendimento imediato.\" \/>\n<meta property=\"og:url\" content=\"https:\/\/www.tuasaude.com\/news\/2026\/09\/05\/a-dor-que-desce-da-lombar-ate-a-perna-nao-vem-apenas-da-coluna-mas-sim-na-maioria-de-uma-raiz-nervosa-comprimida-no-caminho\/\" \/>\n<meta property=\"og:site_name\" content=\"Tua Sa\u00fade\" \/>\n<meta property=\"article:published_time\" content=\"2026-09-05T10:10:00+00:00\" \/>\n<meta property=\"og:image\" content=\"https:\/\/www.tuasaude.com\/news\/wp-content\/uploads\/2026\/09\/Woman_experiencing_sciatica_on_sofa_202609030149.jpg\" \/>\n\t<meta property=\"og:image:width\" content=\"1280\" \/>\n\t<meta property=\"og:image:height\" content=\"714\" \/>\n\t<meta property=\"og:image:type\" content=\"image\/jpeg\" \/>\n<meta name=\"author\" content=\"Maycon Geovane\" \/>\n<meta name=\"twitter:card\" content=\"summary_large_image\" \/>\n<meta name=\"twitter:label1\" content=\"Escrito por\" \/>\n\t<meta name=\"twitter:data1\" content=\"Maycon Geovane\" \/>\n\t<meta name=\"twitter:label2\" content=\"Est. tempo de leitura\" \/>\n\t<meta name=\"twitter:data2\" content=\"5 minutos\" \/>\n<!-- \/ Yoast SEO plugin. -->","yoast_head_json":{"title":"A dor que desce da lombar at\u00e9 a perna n\u00e3o vem apenas da coluna, mas sim na maioria de uma raiz nervosa comprimida no caminho - Tua Sa\u00fade","description":"Entenda por que a dor pode descer da lombar at\u00e9 a perna, quais sintomas sugerem compress\u00e3o nervosa e quais sinais exigem atendimento imediato.","robots":{"index":"index","follow":"follow","max-snippet":"max-snippet:-1","max-image-preview":"max-image-preview:large","max-video-preview":"max-video-preview:-1"},"canonical":"https:\/\/www.tuasaude.com\/news\/2026\/09\/05\/a-dor-que-desce-da-lombar-ate-a-perna-nao-vem-apenas-da-coluna-mas-sim-na-maioria-de-uma-raiz-nervosa-comprimida-no-caminho\/","og_locale":"pt_BR","og_type":"article","og_title":"A dor que desce da lombar at\u00e9 a perna n\u00e3o vem apenas da coluna, mas sim na maioria de uma raiz nervosa comprimida no caminho - Tua Sa\u00fade","og_description":"Entenda por que a dor pode descer da lombar at\u00e9 a perna, quais sintomas sugerem compress\u00e3o nervosa e quais sinais exigem atendimento imediato.","og_url":"https:\/\/www.tuasaude.com\/news\/2026\/09\/05\/a-dor-que-desce-da-lombar-ate-a-perna-nao-vem-apenas-da-coluna-mas-sim-na-maioria-de-uma-raiz-nervosa-comprimida-no-caminho\/","og_site_name":"Tua Sa\u00fade","article_published_time":"2026-09-05T10:10:00+00:00","og_image":[{"width":1280,"height":714,"url":"https:\/\/www.tuasaude.com\/news\/wp-content\/uploads\/2026\/09\/Woman_experiencing_sciatica_on_sofa_202609030149.jpg","type":"image\/jpeg"}],"author":"Maycon Geovane","twitter_card":"summary_large_image","twitter_misc":{"Escrito por":"Maycon Geovane","Est. tempo de leitura":"5 minutos"},"schema":{"@context":"https:\/\/schema.org","@graph":[{"@type":"Article","@id":"https:\/\/www.tuasaude.com\/news\/2026\/09\/05\/a-dor-que-desce-da-lombar-ate-a-perna-nao-vem-apenas-da-coluna-mas-sim-na-maioria-de-uma-raiz-nervosa-comprimida-no-caminho\/#article","isPartOf":{"@id":"https:\/\/www.tuasaude.com\/news\/2026\/09\/05\/a-dor-que-desce-da-lombar-ate-a-perna-nao-vem-apenas-da-coluna-mas-sim-na-maioria-de-uma-raiz-nervosa-comprimida-no-caminho\/"},"author":{"name":"Maycon Geovane","@id":"https:\/\/www.tuasaude.com\/news\/#\/schema\/person\/da63bccfbda5c95cfbf2d37c4276fca0"},"headline":"A dor que desce da lombar at\u00e9 a perna n\u00e3o vem apenas da coluna, mas sim na maioria de uma raiz nervosa comprimida no caminho","datePublished":"2026-09-05T10:10:00+00:00","mainEntityOfPage":{"@id":"https:\/\/www.tuasaude.com\/news\/2026\/09\/05\/a-dor-que-desce-da-lombar-ate-a-perna-nao-vem-apenas-da-coluna-mas-sim-na-maioria-de-uma-raiz-nervosa-comprimida-no-caminho\/"},"wordCount":777,"commentCount":0,"image":{"@id":"https:\/\/www.tuasaude.com\/news\/2026\/09\/05\/a-dor-que-desce-da-lombar-ate-a-perna-nao-vem-apenas-da-coluna-mas-sim-na-maioria-de-uma-raiz-nervosa-comprimida-no-caminho\/#primaryimage"},"thumbnailUrl":"https:\/\/www.tuasaude.com\/news\/wp-content\/uploads\/2026\/09\/Woman_experiencing_sciatica_on_sofa_202609030149.jpg","keywords":["coluna","comprimida","desce","dor","lombar","perna","raiz nervosa","sa\u00fade"],"articleSection":["Sa\u00fade"],"inLanguage":"pt-BR","potentialAction":[{"@type":"CommentAction","name":"Comment","target":["https:\/\/www.tuasaude.com\/news\/2026\/09\/05\/a-dor-que-desce-da-lombar-ate-a-perna-nao-vem-apenas-da-coluna-mas-sim-na-maioria-de-uma-raiz-nervosa-comprimida-no-caminho\/#respond"]}]},{"@type":"WebPage","@id":"https:\/\/www.tuasaude.com\/news\/2026\/09\/05\/a-dor-que-desce-da-lombar-ate-a-perna-nao-vem-apenas-da-coluna-mas-sim-na-maioria-de-uma-raiz-nervosa-comprimida-no-caminho\/","url":"https:\/\/www.tuasaude.com\/news\/2026\/09\/05\/a-dor-que-desce-da-lombar-ate-a-perna-nao-vem-apenas-da-coluna-mas-sim-na-maioria-de-uma-raiz-nervosa-comprimida-no-caminho\/","name":"A dor que desce da lombar at\u00e9 a perna n\u00e3o vem apenas da coluna, mas sim na maioria de uma raiz nervosa comprimida no caminho - Tua Sa\u00fade","isPartOf":{"@id":"https:\/\/www.tuasaude.com\/news\/#website"},"primaryImageOfPage":{"@id":"https:\/\/www.tuasaude.com\/news\/2026\/09\/05\/a-dor-que-desce-da-lombar-ate-a-perna-nao-vem-apenas-da-coluna-mas-sim-na-maioria-de-uma-raiz-nervosa-comprimida-no-caminho\/#primaryimage"},"image":{"@id":"https:\/\/www.tuasaude.com\/news\/2026\/09\/05\/a-dor-que-desce-da-lombar-ate-a-perna-nao-vem-apenas-da-coluna-mas-sim-na-maioria-de-uma-raiz-nervosa-comprimida-no-caminho\/#primaryimage"},"thumbnailUrl":"https:\/\/www.tuasaude.com\/news\/wp-content\/uploads\/2026\/09\/Woman_experiencing_sciatica_on_sofa_202609030149.jpg","datePublished":"2026-09-05T10:10:00+00:00","author":{"@id":"https:\/\/www.tuasaude.com\/news\/#\/schema\/person\/da63bccfbda5c95cfbf2d37c4276fca0"},"description":"Entenda por que a dor pode descer da lombar at\u00e9 a perna, quais sintomas sugerem compress\u00e3o nervosa e quais sinais exigem atendimento imediato.","breadcrumb":{"@id":"https:\/\/www.tuasaude.com\/news\/2026\/09\/05\/a-dor-que-desce-da-lombar-ate-a-perna-nao-vem-apenas-da-coluna-mas-sim-na-maioria-de-uma-raiz-nervosa-comprimida-no-caminho\/#breadcrumb"},"inLanguage":"pt-BR","potentialAction":[{"@type":"ReadAction","target":["https:\/\/www.tuasaude.com\/news\/2026\/09\/05\/a-dor-que-desce-da-lombar-ate-a-perna-nao-vem-apenas-da-coluna-mas-sim-na-maioria-de-uma-raiz-nervosa-comprimida-no-caminho\/"]}]},{"@type":"ImageObject","inLanguage":"pt-BR","@id":"https:\/\/www.tuasaude.com\/news\/2026\/09\/05\/a-dor-que-desce-da-lombar-ate-a-perna-nao-vem-apenas-da-coluna-mas-sim-na-maioria-de-uma-raiz-nervosa-comprimida-no-caminho\/#primaryimage","url":"https:\/\/www.tuasaude.com\/news\/wp-content\/uploads\/2026\/09\/Woman_experiencing_sciatica_on_sofa_202609030149.jpg","contentUrl":"https:\/\/www.tuasaude.com\/news\/wp-content\/uploads\/2026\/09\/Woman_experiencing_sciatica_on_sofa_202609030149.jpg","width":1280,"height":714,"caption":"A dor que desce da lombar at\u00e9 a perna n\u00e3o vem apenas da coluna, mas sim na maioria de uma raiz nervosa comprimida no caminho"},{"@type":"BreadcrumbList","@id":"https:\/\/www.tuasaude.com\/news\/2026\/09\/05\/a-dor-que-desce-da-lombar-ate-a-perna-nao-vem-apenas-da-coluna-mas-sim-na-maioria-de-uma-raiz-nervosa-comprimida-no-caminho\/#breadcrumb","itemListElement":[{"@type":"ListItem","position":1,"name":"In\u00edcio","item":"https:\/\/www.tuasaude.com\/news\/"},{"@type":"ListItem","position":2,"name":"A dor que desce da lombar at\u00e9 a perna n\u00e3o vem apenas da coluna, mas sim na maioria de uma raiz nervosa comprimida no caminho"}]},{"@type":"WebSite","@id":"https:\/\/www.tuasaude.com\/news\/#website","url":"https:\/\/www.tuasaude.com\/news\/","name":"Tua Sa\u00fade","description":"Seu site de sa\u00fade","potentialAction":[{"@type":"SearchAction","target":{"@type":"EntryPoint","urlTemplate":"https:\/\/www.tuasaude.com\/news\/?s={search_term_string}"},"query-input":{"@type":"PropertyValueSpecification","valueRequired":true,"valueName":"search_term_string"}}],"inLanguage":"pt-BR"},{"@type":"Person","@id":"https:\/\/www.tuasaude.com\/news\/#\/schema\/person\/da63bccfbda5c95cfbf2d37c4276fca0","name":"Maycon Geovane","image":{"@type":"ImageObject","inLanguage":"pt-BR","@id":"https:\/\/www.tuasaude.com\/news\/#\/schema\/person\/image\/","url":"https:\/\/secure.gravatar.com\/avatar\/4f4908cf0a2f249a9f1137f9d5769cacc373d9aee67910cc212a09a346873b7d?s=96&d=mm&r=g","contentUrl":"https:\/\/secure.gravatar.com\/avatar\/4f4908cf0a2f249a9f1137f9d5769cacc373d9aee67910cc212a09a346873b7d?s=96&d=mm&r=g","caption":"Maycon Geovane"},"sameAs":["https:\/\/www.tuasaude.com\/news\/"],"url":"https:\/\/www.tuasaude.com\/news\/author\/maycongeovane\/"}]}},"_links":{"self":[{"href":"https:\/\/www.tuasaude.com\/news\/wp-json\/wp\/v2\/posts\/107350","targetHints":{"allow":["GET"]}}],"collection":[{"href":"https:\/\/www.tuasaude.com\/news\/wp-json\/wp\/v2\/posts"}],"about":[{"href":"https:\/\/www.tuasaude.com\/news\/wp-json\/wp\/v2\/types\/post"}],"author":[{"embeddable":true,"href":"https:\/\/www.tuasaude.com\/news\/wp-json\/wp\/v2\/users\/16"}],"replies":[{"embeddable":true,"href":"https:\/\/www.tuasaude.com\/news\/wp-json\/wp\/v2\/comments?post=107350"}],"version-history":[{"count":1,"href":"https:\/\/www.tuasaude.com\/news\/wp-json\/wp\/v2\/posts\/107350\/revisions"}],"predecessor-version":[{"id":107354,"href":"https:\/\/www.tuasaude.com\/news\/wp-json\/wp\/v2\/posts\/107350\/revisions\/107354"}],"wp:featuredmedia":[{"embeddable":true,"href":"https:\/\/www.tuasaude.com\/news\/wp-json\/wp\/v2\/media\/107351"}],"wp:attachment":[{"href":"https:\/\/www.tuasaude.com\/news\/wp-json\/wp\/v2\/media?parent=107350"}],"wp:term":[{"taxonomy":"category","embeddable":true,"href":"https:\/\/www.tuasaude.com\/news\/wp-json\/wp\/v2\/categories?post=107350"},{"taxonomy":"post_tag","embeddable":true,"href":"https:\/\/www.tuasaude.com\/news\/wp-json\/wp\/v2\/tags?post=107350"}],"curies":[{"name":"wp","href":"https:\/\/api.w.org\/{rel}","templated":true}]}}