{"id":107330,"date":"2026-09-04T19:30:00","date_gmt":"2026-09-04T22:30:00","guid":{"rendered":"https:\/\/www.tuasaude.com\/news\/?p=107330"},"modified":"2026-09-02T20:58:34","modified_gmt":"2026-09-02T23:58:34","slug":"a-protecao-do-pulmao-pela-alimentacao-nao-vem-de-uma-vitamina-isolada-mas-sim-do-conjunto-de-frutas-e-verduras-da-rotina","status":"publish","type":"post","link":"https:\/\/www.tuasaude.com\/news\/2026\/09\/04\/a-protecao-do-pulmao-pela-alimentacao-nao-vem-de-uma-vitamina-isolada-mas-sim-do-conjunto-de-frutas-e-verduras-da-rotina\/","title":{"rendered":"A prote\u00e7\u00e3o do pulm\u00e3o pela alimenta\u00e7\u00e3o n\u00e3o vem de uma vitamina isolada, mas sim do conjunto de frutas e verduras da rotina"},"content":{"rendered":"\n<p class=\"wp-block-paragraph\">Cuidar dos pulm\u00f5es pela alimenta\u00e7\u00e3o n\u00e3o depende de uma vitamina milagrosa nem de um suplemento espec\u00edfico. O que estudos populacionais mostram \u00e9 que pessoas com maior consumo regular de frutas e verduras tendem a ter melhor fun\u00e7\u00e3o pulmonar e menor risco de doen\u00e7as respirat\u00f3rias cr\u00f4nicas. O efeito parece vir do conjunto, ou seja, da variedade e da frequ\u00eancia, e n\u00e3o de um \u00fanico nutriente isolado da rotina.<\/p>\n\n\n\n<h2 class=\"wp-block-heading\">Como a alimenta\u00e7\u00e3o influencia a sa\u00fade dos pulm\u00f5es?<\/h2>\n\n\n\n<p class=\"wp-block-paragraph\">Os pulm\u00f5es est\u00e3o em contato constante com o ar, o que os exp\u00f5e a poluentes, fuma\u00e7a e microrganismos capazes de gerar inflama\u00e7\u00e3o e estresse oxidativo. Frutas e verduras oferecem vitaminas antioxidantes, polifen\u00f3is e fibras que ajudam a modular essa resposta inflamat\u00f3ria.<\/p>\n\n\n\n<p class=\"wp-block-paragraph\">Uma dieta baseada em vegetais tamb\u00e9m favorece o peso adequado, a microbiota intestinal e o controle de doen\u00e7as que afetam indiretamente o pulm\u00e3o, como diabetes e obesidade. J\u00e1 dietas ricas em ultraprocessados e pobres em fibras t\u00eam sido associadas a maior risco de <a href=\"https:\/\/www.tuasaude.com\/doenca-pulmonar-obstrutiva-cronica-dpoc\/\" target=\"_blank\" rel=\"noreferrer noopener\">DPOC<\/a> e piora da fun\u00e7\u00e3o respirat\u00f3ria.<\/p>\n\n\n\n<h2 class=\"wp-block-heading\">O que dizem os estudos sobre frutas, verduras e fun\u00e7\u00e3o pulmonar?<\/h2>\n\n\n\n<p class=\"wp-block-paragraph\">A associa\u00e7\u00e3o entre padr\u00e3o alimentar e sa\u00fade pulmonar j\u00e1 foi analisada em diferentes popula\u00e7\u00f5es, com resultados consistentes ao longo dos anos. Uma das s\u00ednteses mais completas foi feita por pesquisadores holandeses, que reuniram estudos de longo prazo em adultos saud\u00e1veis e em pacientes com doen\u00e7a pulmonar.<\/p>\n\n\n\n<p class=\"wp-block-paragraph\">Segundo a revis\u00e3o sistem\u00e1tica <a href=\"https:\/\/academic.oup.com\/nutritionreviews\/article\/80\/6\/1434\/6372404\" target=\"_blank\" rel=\"noreferrer noopener\">Nutrition as a modifiable factor in the onset and progression of pulmonary function impairment in COPD<\/a>, publicada na revista cient\u00edfica Nutrition Reviews, o consumo elevado de frutas e verduras est\u00e1 associado a menor risco de DPOC e a uma melhor fun\u00e7\u00e3o pulmonar na popula\u00e7\u00e3o em geral, embora se trate de associa\u00e7\u00e3o, n\u00e3o de prova de causa direta.<\/p>\n\n\n<div class=\"wp-block-image\">\n<figure class=\"aligncenter size-large\"><img decoding=\"async\" width=\"1024\" height=\"571\" src=\"https:\/\/www.tuasaude.com\/news\/wp-content\/uploads\/2026\/09\/Alimentacao_e_saude_dos_pulmoes_202609022056-1024x571.jpg\" alt=\"Frutas, verduras, fibras e variedade formam a base alimentar associada \u00e0 sa\u00fade pulmonar.\" class=\"wp-image-107332\" srcset=\"https:\/\/www.tuasaude.com\/news\/wp-content\/uploads\/2026\/09\/Alimentacao_e_saude_dos_pulmoes_202609022056-1024x571.jpg 1024w, https:\/\/www.tuasaude.com\/news\/wp-content\/uploads\/2026\/09\/Alimentacao_e_saude_dos_pulmoes_202609022056-300x167.jpg 300w, https:\/\/www.tuasaude.com\/news\/wp-content\/uploads\/2026\/09\/Alimentacao_e_saude_dos_pulmoes_202609022056-768x428.jpg 768w, https:\/\/www.tuasaude.com\/news\/wp-content\/uploads\/2026\/09\/Alimentacao_e_saude_dos_pulmoes_202609022056-750x418.jpg 750w, https:\/\/www.tuasaude.com\/news\/wp-content\/uploads\/2026\/09\/Alimentacao_e_saude_dos_pulmoes_202609022056-1140x636.jpg 1140w, https:\/\/www.tuasaude.com\/news\/wp-content\/uploads\/2026\/09\/Alimentacao_e_saude_dos_pulmoes_202609022056.jpg 1280w\" sizes=\"(max-width: 1024px) 100vw, 1024px\" \/><figcaption class=\"wp-element-caption\">Frutas, verduras, fibras e variedade formam a base alimentar associada \u00e0 sa\u00fade pulmonar.<\/figcaption><\/figure>\n<\/div>\n\n\n<h2 class=\"wp-block-heading\">Quais alimentos merecem espa\u00e7o na rotina?<\/h2>\n\n\n\n<p class=\"wp-block-paragraph\">Nenhum alimento sozinho protege o pulm\u00e3o, mas alguns grupos aparecem com frequ\u00eancia nos estudos populacionais. Vale distribuir ao longo da semana:<\/p>\n\n\n\n<ul class=\"wp-block-list\">\n<li>Frutas c\u00edtricas, como laranja, acerola, kiwi e goiaba, ricas em vitamina C;<\/li>\n\n\n\n<li>Frutas vermelhas, como morango, mirtilo e amora, fontes de antocianinas;<\/li>\n\n\n\n<li>Vegetais verde-escuros, como br\u00f3colis, espinafre e couve, com folato e carotenoides;<\/li>\n\n\n\n<li>Vegetais alaranjados, como cenoura, ab\u00f3bora e batata-doce, ricos em betacaroteno;<\/li>\n\n\n\n<li>Tomate, uva e azeite de oliva, fontes de licopeno e polifen\u00f3is;<\/li>\n\n\n\n<li>Cereais integrais, feij\u00f5es e sementes, que fornecem fibras associadas a menor risco de DPOC.<\/li>\n<\/ul>\n\n\n\n<h2 class=\"wp-block-heading\">Por que o suplemento isolado n\u00e3o reproduz o mesmo efeito?<\/h2>\n\n\n\n<p class=\"wp-block-paragraph\">V\u00e1rios estudos testaram vitaminas em c\u00e1psula, como betacaroteno e vitamina E, na tentativa de reproduzir os benef\u00edcios observados em quem come muitas frutas e verduras. Os resultados foram decepcionantes, e alguns at\u00e9 revelaram riscos, como maior chance de c\u00e2ncer de pulm\u00e3o em fumantes que usaram doses altas de betacaroteno.<\/p>\n\n\n\n<p class=\"wp-block-paragraph\">Isso refor\u00e7a que o alimento age em conjunto, com dezenas de compostos que interagem entre si, algo que uma \u00fanica mol\u00e9cula em c\u00e1psula n\u00e3o consegue imitar. Antes de recorrer a um suplemento, vale conversar com um nutricionista, que pode indicar ajustes na dieta e o uso de <a href=\"https:\/\/www.tuasaude.com\/radicais-livres-e-envelhecimento\/\" target=\"_blank\" rel=\"noreferrer noopener\">alimentos antioxidantes<\/a> de forma mais segura e eficaz.<\/p>\n\n\n<div class=\"wp-block-image\">\n<figure class=\"aligncenter size-large\"><img decoding=\"async\" width=\"1024\" height=\"571\" src=\"https:\/\/www.tuasaude.com\/news\/wp-content\/uploads\/2026\/09\/Man_sitting_at_dining_table_202609022056-1024x571.jpg\" alt=\"Nenhum suplemento isolado substitui o conjunto de alimentos que sustenta a sa\u00fade pulmonar.\" class=\"wp-image-107333\" srcset=\"https:\/\/www.tuasaude.com\/news\/wp-content\/uploads\/2026\/09\/Man_sitting_at_dining_table_202609022056-1024x571.jpg 1024w, https:\/\/www.tuasaude.com\/news\/wp-content\/uploads\/2026\/09\/Man_sitting_at_dining_table_202609022056-300x167.jpg 300w, https:\/\/www.tuasaude.com\/news\/wp-content\/uploads\/2026\/09\/Man_sitting_at_dining_table_202609022056-768x428.jpg 768w, https:\/\/www.tuasaude.com\/news\/wp-content\/uploads\/2026\/09\/Man_sitting_at_dining_table_202609022056-750x418.jpg 750w, https:\/\/www.tuasaude.com\/news\/wp-content\/uploads\/2026\/09\/Man_sitting_at_dining_table_202609022056-1140x636.jpg 1140w, https:\/\/www.tuasaude.com\/news\/wp-content\/uploads\/2026\/09\/Man_sitting_at_dining_table_202609022056.jpg 1280w\" sizes=\"(max-width: 1024px) 100vw, 1024px\" \/><figcaption class=\"wp-element-caption\">Nenhum suplemento isolado substitui o conjunto de alimentos que sustenta a sa\u00fade pulmonar.<\/figcaption><\/figure>\n<\/div>\n\n\n<h2 class=\"wp-block-heading\">Quais outros h\u00e1bitos protegem os pulm\u00f5es?<\/h2>\n\n\n\n<p class=\"wp-block-paragraph\">A alimenta\u00e7\u00e3o faz parte de um conjunto de medidas que preservam a fun\u00e7\u00e3o pulmonar ao longo da vida. N\u00e3o fumar e evitar a exposi\u00e7\u00e3o \u00e0 fuma\u00e7a de cigarro \u00e9, disparado, o h\u00e1bito de maior impacto. Manter as vacinas em dia, praticar atividade f\u00edsica regular e evitar ambientes com muita polui\u00e7\u00e3o tamb\u00e9m s\u00e3o passos importantes.<\/p>\n\n\n\n<p class=\"wp-block-paragraph\">Sintomas como falta de ar aos esfor\u00e7os, tosse persistente, chiado no peito ou infec\u00e7\u00f5es respirat\u00f3rias frequentes merecem investiga\u00e7\u00e3o, sobretudo em fumantes e ex-fumantes. Diante desses sinais ou de d\u00favidas sobre a melhor forma de proteger a sa\u00fade respirat\u00f3ria, procure orienta\u00e7\u00e3o de um m\u00e9dico ou nutricionista para uma avalia\u00e7\u00e3o individualizada.<\/p>\n\n\n\n<p class=\"wp-block-paragraph\"><em>Este conte\u00fado tem car\u00e1ter apenas informativo e n\u00e3o substitui a avalia\u00e7\u00e3o de um profissional de sa\u00fade. Procure sempre orienta\u00e7\u00e3o m\u00e9dica para o diagn\u00f3stico e o tratamento adequados.<\/em><\/p>\n","protected":false},"excerpt":{"rendered":"<p>Cuidar dos pulm\u00f5es pela alimenta\u00e7\u00e3o n\u00e3o depende de uma vitamina milagrosa nem de um suplemento espec\u00edfico. O que estudos populacionais mostram \u00e9 que pessoas com maior consumo regular de frutas e verduras tendem a ter melhor fun\u00e7\u00e3o pulmonar e menor risco de doen\u00e7as respirat\u00f3rias cr\u00f4nicas. O efeito parece vir do conjunto, ou seja, da variedade [&hellip;]<\/p>\n","protected":false},"author":16,"featured_media":107331,"comment_status":"open","ping_status":"open","sticky":false,"template":"","format":"standard","meta":{"_yoast_wpseo_focuskw":"frutas e verduras","_yoast_wpseo_title":"","_yoast_wpseo_metadesc":"Frutas e verduras est\u00e3o associadas a melhor fun\u00e7\u00e3o pulmonar e menor risco de DPOC. Entenda por que a variedade importa mais que uma vitamina isolada.","jnews-multi-image_gallery":[],"jnews_single_post":{"format":"standard"},"jnews_primary_category":[],"jnews_social_meta":[],"jnews_override_counter":[],"footnotes":""},"categories":[111],"tags":[220,13041,9113,7378,8692,136,4067,13040],"class_list":["post-107330","post","type-post","status-publish","format-standard","has-post-thumbnail","hentry","category-saude","tag-alimentacao","tag-conjunto-de-frutas","tag-protecao","tag-pulmao","tag-rotina","tag-saude","tag-verduras","tag-vitamina-isolada"],"yoast_head":"<!-- This site is optimized with the Yoast SEO plugin v26.7 - https:\/\/yoast.com\/wordpress\/plugins\/seo\/ -->\n<title>A prote\u00e7\u00e3o do pulm\u00e3o pela alimenta\u00e7\u00e3o n\u00e3o vem de uma vitamina isolada, mas sim do conjunto de frutas e verduras da rotina - Tua Sa\u00fade<\/title>\n<meta name=\"description\" content=\"Frutas e verduras est\u00e3o associadas a melhor fun\u00e7\u00e3o pulmonar e menor risco de DPOC. Entenda por que a variedade importa mais que uma vitamina isolada.\" \/>\n<meta name=\"robots\" content=\"index, follow, max-snippet:-1, max-image-preview:large, max-video-preview:-1\" \/>\n<link rel=\"canonical\" href=\"https:\/\/www.tuasaude.com\/news\/2026\/09\/04\/a-protecao-do-pulmao-pela-alimentacao-nao-vem-de-uma-vitamina-isolada-mas-sim-do-conjunto-de-frutas-e-verduras-da-rotina\/\" \/>\n<meta property=\"og:locale\" content=\"pt_BR\" \/>\n<meta property=\"og:type\" content=\"article\" \/>\n<meta property=\"og:title\" content=\"A prote\u00e7\u00e3o do pulm\u00e3o pela alimenta\u00e7\u00e3o n\u00e3o vem de uma vitamina isolada, mas sim do conjunto de frutas e verduras da rotina - Tua Sa\u00fade\" \/>\n<meta property=\"og:description\" content=\"Frutas e verduras est\u00e3o associadas a melhor fun\u00e7\u00e3o pulmonar e menor risco de DPOC. Entenda por que a variedade importa mais que uma vitamina isolada.\" \/>\n<meta property=\"og:url\" content=\"https:\/\/www.tuasaude.com\/news\/2026\/09\/04\/a-protecao-do-pulmao-pela-alimentacao-nao-vem-de-uma-vitamina-isolada-mas-sim-do-conjunto-de-frutas-e-verduras-da-rotina\/\" \/>\n<meta property=\"og:site_name\" content=\"Tua Sa\u00fade\" \/>\n<meta property=\"article:published_time\" content=\"2026-09-04T22:30:00+00:00\" \/>\n<meta property=\"og:image\" content=\"https:\/\/www.tuasaude.com\/news\/wp-content\/uploads\/2026\/09\/Woman_preparing_vegetable_meal_202609022056.jpg\" \/>\n\t<meta property=\"og:image:width\" content=\"1280\" \/>\n\t<meta property=\"og:image:height\" content=\"714\" \/>\n\t<meta property=\"og:image:type\" content=\"image\/jpeg\" \/>\n<meta name=\"author\" content=\"Maycon Geovane\" \/>\n<meta name=\"twitter:card\" content=\"summary_large_image\" \/>\n<meta name=\"twitter:label1\" content=\"Escrito por\" \/>\n\t<meta name=\"twitter:data1\" content=\"Maycon Geovane\" \/>\n\t<meta name=\"twitter:label2\" content=\"Est. tempo de leitura\" \/>\n\t<meta name=\"twitter:data2\" content=\"5 minutos\" \/>\n<!-- \/ Yoast SEO plugin. -->","yoast_head_json":{"title":"A prote\u00e7\u00e3o do pulm\u00e3o pela alimenta\u00e7\u00e3o n\u00e3o vem de uma vitamina isolada, mas sim do conjunto de frutas e verduras da rotina - Tua Sa\u00fade","description":"Frutas e verduras est\u00e3o associadas a melhor fun\u00e7\u00e3o pulmonar e menor risco de DPOC. Entenda por que a variedade importa mais que uma vitamina isolada.","robots":{"index":"index","follow":"follow","max-snippet":"max-snippet:-1","max-image-preview":"max-image-preview:large","max-video-preview":"max-video-preview:-1"},"canonical":"https:\/\/www.tuasaude.com\/news\/2026\/09\/04\/a-protecao-do-pulmao-pela-alimentacao-nao-vem-de-uma-vitamina-isolada-mas-sim-do-conjunto-de-frutas-e-verduras-da-rotina\/","og_locale":"pt_BR","og_type":"article","og_title":"A prote\u00e7\u00e3o do pulm\u00e3o pela alimenta\u00e7\u00e3o n\u00e3o vem de uma vitamina isolada, mas sim do conjunto de frutas e verduras da rotina - Tua Sa\u00fade","og_description":"Frutas e verduras est\u00e3o associadas a melhor fun\u00e7\u00e3o pulmonar e menor risco de DPOC. Entenda por que a variedade importa mais que uma vitamina isolada.","og_url":"https:\/\/www.tuasaude.com\/news\/2026\/09\/04\/a-protecao-do-pulmao-pela-alimentacao-nao-vem-de-uma-vitamina-isolada-mas-sim-do-conjunto-de-frutas-e-verduras-da-rotina\/","og_site_name":"Tua Sa\u00fade","article_published_time":"2026-09-04T22:30:00+00:00","og_image":[{"width":1280,"height":714,"url":"https:\/\/www.tuasaude.com\/news\/wp-content\/uploads\/2026\/09\/Woman_preparing_vegetable_meal_202609022056.jpg","type":"image\/jpeg"}],"author":"Maycon Geovane","twitter_card":"summary_large_image","twitter_misc":{"Escrito por":"Maycon Geovane","Est. tempo de leitura":"5 minutos"},"schema":{"@context":"https:\/\/schema.org","@graph":[{"@type":"Article","@id":"https:\/\/www.tuasaude.com\/news\/2026\/09\/04\/a-protecao-do-pulmao-pela-alimentacao-nao-vem-de-uma-vitamina-isolada-mas-sim-do-conjunto-de-frutas-e-verduras-da-rotina\/#article","isPartOf":{"@id":"https:\/\/www.tuasaude.com\/news\/2026\/09\/04\/a-protecao-do-pulmao-pela-alimentacao-nao-vem-de-uma-vitamina-isolada-mas-sim-do-conjunto-de-frutas-e-verduras-da-rotina\/"},"author":{"name":"Maycon Geovane","@id":"https:\/\/www.tuasaude.com\/news\/#\/schema\/person\/da63bccfbda5c95cfbf2d37c4276fca0"},"headline":"A prote\u00e7\u00e3o do pulm\u00e3o pela alimenta\u00e7\u00e3o n\u00e3o vem de uma vitamina isolada, mas sim do conjunto de frutas e verduras da rotina","datePublished":"2026-09-04T22:30:00+00:00","mainEntityOfPage":{"@id":"https:\/\/www.tuasaude.com\/news\/2026\/09\/04\/a-protecao-do-pulmao-pela-alimentacao-nao-vem-de-uma-vitamina-isolada-mas-sim-do-conjunto-de-frutas-e-verduras-da-rotina\/"},"wordCount":767,"commentCount":0,"image":{"@id":"https:\/\/www.tuasaude.com\/news\/2026\/09\/04\/a-protecao-do-pulmao-pela-alimentacao-nao-vem-de-uma-vitamina-isolada-mas-sim-do-conjunto-de-frutas-e-verduras-da-rotina\/#primaryimage"},"thumbnailUrl":"https:\/\/www.tuasaude.com\/news\/wp-content\/uploads\/2026\/09\/Woman_preparing_vegetable_meal_202609022056.jpg","keywords":["Alimenta\u00e7\u00e3o","conjunto de frutas","prote\u00e7\u00e3o","pulm\u00e3o","rotina","sa\u00fade","Verduras","vitamina isolada"],"articleSection":["Sa\u00fade"],"inLanguage":"pt-BR","potentialAction":[{"@type":"CommentAction","name":"Comment","target":["https:\/\/www.tuasaude.com\/news\/2026\/09\/04\/a-protecao-do-pulmao-pela-alimentacao-nao-vem-de-uma-vitamina-isolada-mas-sim-do-conjunto-de-frutas-e-verduras-da-rotina\/#respond"]}]},{"@type":"WebPage","@id":"https:\/\/www.tuasaude.com\/news\/2026\/09\/04\/a-protecao-do-pulmao-pela-alimentacao-nao-vem-de-uma-vitamina-isolada-mas-sim-do-conjunto-de-frutas-e-verduras-da-rotina\/","url":"https:\/\/www.tuasaude.com\/news\/2026\/09\/04\/a-protecao-do-pulmao-pela-alimentacao-nao-vem-de-uma-vitamina-isolada-mas-sim-do-conjunto-de-frutas-e-verduras-da-rotina\/","name":"A prote\u00e7\u00e3o do pulm\u00e3o pela alimenta\u00e7\u00e3o n\u00e3o vem de uma vitamina isolada, mas sim do conjunto de frutas e verduras da rotina - Tua Sa\u00fade","isPartOf":{"@id":"https:\/\/www.tuasaude.com\/news\/#website"},"primaryImageOfPage":{"@id":"https:\/\/www.tuasaude.com\/news\/2026\/09\/04\/a-protecao-do-pulmao-pela-alimentacao-nao-vem-de-uma-vitamina-isolada-mas-sim-do-conjunto-de-frutas-e-verduras-da-rotina\/#primaryimage"},"image":{"@id":"https:\/\/www.tuasaude.com\/news\/2026\/09\/04\/a-protecao-do-pulmao-pela-alimentacao-nao-vem-de-uma-vitamina-isolada-mas-sim-do-conjunto-de-frutas-e-verduras-da-rotina\/#primaryimage"},"thumbnailUrl":"https:\/\/www.tuasaude.com\/news\/wp-content\/uploads\/2026\/09\/Woman_preparing_vegetable_meal_202609022056.jpg","datePublished":"2026-09-04T22:30:00+00:00","author":{"@id":"https:\/\/www.tuasaude.com\/news\/#\/schema\/person\/da63bccfbda5c95cfbf2d37c4276fca0"},"description":"Frutas e verduras est\u00e3o associadas a melhor fun\u00e7\u00e3o pulmonar e menor risco de DPOC. Entenda por que a variedade importa mais que uma vitamina isolada.","breadcrumb":{"@id":"https:\/\/www.tuasaude.com\/news\/2026\/09\/04\/a-protecao-do-pulmao-pela-alimentacao-nao-vem-de-uma-vitamina-isolada-mas-sim-do-conjunto-de-frutas-e-verduras-da-rotina\/#breadcrumb"},"inLanguage":"pt-BR","potentialAction":[{"@type":"ReadAction","target":["https:\/\/www.tuasaude.com\/news\/2026\/09\/04\/a-protecao-do-pulmao-pela-alimentacao-nao-vem-de-uma-vitamina-isolada-mas-sim-do-conjunto-de-frutas-e-verduras-da-rotina\/"]}]},{"@type":"ImageObject","inLanguage":"pt-BR","@id":"https:\/\/www.tuasaude.com\/news\/2026\/09\/04\/a-protecao-do-pulmao-pela-alimentacao-nao-vem-de-uma-vitamina-isolada-mas-sim-do-conjunto-de-frutas-e-verduras-da-rotina\/#primaryimage","url":"https:\/\/www.tuasaude.com\/news\/wp-content\/uploads\/2026\/09\/Woman_preparing_vegetable_meal_202609022056.jpg","contentUrl":"https:\/\/www.tuasaude.com\/news\/wp-content\/uploads\/2026\/09\/Woman_preparing_vegetable_meal_202609022056.jpg","width":1280,"height":714,"caption":"A prote\u00e7\u00e3o do pulm\u00e3o pela alimenta\u00e7\u00e3o n\u00e3o vem de uma vitamina isolada, mas sim do conjunto de frutas e verduras da rotina"},{"@type":"BreadcrumbList","@id":"https:\/\/www.tuasaude.com\/news\/2026\/09\/04\/a-protecao-do-pulmao-pela-alimentacao-nao-vem-de-uma-vitamina-isolada-mas-sim-do-conjunto-de-frutas-e-verduras-da-rotina\/#breadcrumb","itemListElement":[{"@type":"ListItem","position":1,"name":"In\u00edcio","item":"https:\/\/www.tuasaude.com\/news\/"},{"@type":"ListItem","position":2,"name":"A prote\u00e7\u00e3o do pulm\u00e3o pela alimenta\u00e7\u00e3o n\u00e3o vem de uma vitamina isolada, mas sim do conjunto de frutas e verduras da rotina"}]},{"@type":"WebSite","@id":"https:\/\/www.tuasaude.com\/news\/#website","url":"https:\/\/www.tuasaude.com\/news\/","name":"Tua Sa\u00fade","description":"Seu site de sa\u00fade","potentialAction":[{"@type":"SearchAction","target":{"@type":"EntryPoint","urlTemplate":"https:\/\/www.tuasaude.com\/news\/?s={search_term_string}"},"query-input":{"@type":"PropertyValueSpecification","valueRequired":true,"valueName":"search_term_string"}}],"inLanguage":"pt-BR"},{"@type":"Person","@id":"https:\/\/www.tuasaude.com\/news\/#\/schema\/person\/da63bccfbda5c95cfbf2d37c4276fca0","name":"Maycon Geovane","image":{"@type":"ImageObject","inLanguage":"pt-BR","@id":"https:\/\/www.tuasaude.com\/news\/#\/schema\/person\/image\/","url":"https:\/\/secure.gravatar.com\/avatar\/4f4908cf0a2f249a9f1137f9d5769cacc373d9aee67910cc212a09a346873b7d?s=96&d=mm&r=g","contentUrl":"https:\/\/secure.gravatar.com\/avatar\/4f4908cf0a2f249a9f1137f9d5769cacc373d9aee67910cc212a09a346873b7d?s=96&d=mm&r=g","caption":"Maycon Geovane"},"sameAs":["https:\/\/www.tuasaude.com\/news\/"],"url":"https:\/\/www.tuasaude.com\/news\/author\/maycongeovane\/"}]}},"_links":{"self":[{"href":"https:\/\/www.tuasaude.com\/news\/wp-json\/wp\/v2\/posts\/107330","targetHints":{"allow":["GET"]}}],"collection":[{"href":"https:\/\/www.tuasaude.com\/news\/wp-json\/wp\/v2\/posts"}],"about":[{"href":"https:\/\/www.tuasaude.com\/news\/wp-json\/wp\/v2\/types\/post"}],"author":[{"embeddable":true,"href":"https:\/\/www.tuasaude.com\/news\/wp-json\/wp\/v2\/users\/16"}],"replies":[{"embeddable":true,"href":"https:\/\/www.tuasaude.com\/news\/wp-json\/wp\/v2\/comments?post=107330"}],"version-history":[{"count":1,"href":"https:\/\/www.tuasaude.com\/news\/wp-json\/wp\/v2\/posts\/107330\/revisions"}],"predecessor-version":[{"id":107334,"href":"https:\/\/www.tuasaude.com\/news\/wp-json\/wp\/v2\/posts\/107330\/revisions\/107334"}],"wp:featuredmedia":[{"embeddable":true,"href":"https:\/\/www.tuasaude.com\/news\/wp-json\/wp\/v2\/media\/107331"}],"wp:attachment":[{"href":"https:\/\/www.tuasaude.com\/news\/wp-json\/wp\/v2\/media?parent=107330"}],"wp:term":[{"taxonomy":"category","embeddable":true,"href":"https:\/\/www.tuasaude.com\/news\/wp-json\/wp\/v2\/categories?post=107330"},{"taxonomy":"post_tag","embeddable":true,"href":"https:\/\/www.tuasaude.com\/news\/wp-json\/wp\/v2\/tags?post=107330"}],"curies":[{"name":"wp","href":"https:\/\/api.w.org\/{rel}","templated":true}]}}