{"id":107315,"date":"2026-09-04T13:58:00","date_gmt":"2026-09-04T16:58:00","guid":{"rendered":"https:\/\/www.tuasaude.com\/news\/?p=107315"},"modified":"2026-09-02T20:45:20","modified_gmt":"2026-09-02T23:45:20","slug":"tomar-vitamina-c-todo-dia-nao-evita-o-resfriado-na-maioria-das-pessoas-mas-sim-encurta-o-tempo-dos-sintomas","status":"publish","type":"post","link":"https:\/\/www.tuasaude.com\/news\/2026\/09\/04\/tomar-vitamina-c-todo-dia-nao-evita-o-resfriado-na-maioria-das-pessoas-mas-sim-encurta-o-tempo-dos-sintomas\/","title":{"rendered":"Tomar vitamina C todo dia n\u00e3o evita o resfriado na maioria das pessoas, mas sim encurta o tempo dos sintomas"},"content":{"rendered":"\n<p class=\"wp-block-paragraph\">A ideia de que uma c\u00e1psula di\u00e1ria de vitamina C funciona como escudo contra gripes e resfriados atravessa gera\u00e7\u00f5es, mas as revis\u00f5es de estudos cl\u00ednicos contam outra hist\u00f3ria. Nas pessoas em geral, o suplemento tomado de forma cont\u00ednua n\u00e3o reduz a quantidade de resfriados ao longo do ano; o efeito real, quando aparece, \u00e9 encurtar um pouco a dura\u00e7\u00e3o dos sintomas. Entender esse recorte ajuda a decidir se vale mesmo a pena manter aquele frasco na mesa de cabeceira.<\/p>\n\n\n\n<h2 class=\"wp-block-heading\">Por que a vitamina C \u00e9 t\u00e3o associada \u00e0 preven\u00e7\u00e3o de resfriados?<\/h2>\n\n\n\n<p class=\"wp-block-paragraph\">A vitamina C participa da produ\u00e7\u00e3o e do funcionamento dos gl\u00f3bulos brancos, protege as c\u00e9lulas do estresse oxidativo e ajuda a manter a integridade das mucosas das vias respirat\u00f3rias. Esse conjunto de fun\u00e7\u00f5es deu origem \u00e0 ideia, popular desde os anos 1970, de que refor\u00e7ar a ingest\u00e3o di\u00e1ria serviria como escudo contra v\u00edrus.<\/p>\n\n\n\n<p class=\"wp-block-paragraph\">Na pr\u00e1tica, os estudos mostram que essa prote\u00e7\u00e3o \u00e9 bem mais modesta do que a fama sugere. O nutriente \u00e9 essencial para a defesa do organismo, mas a maioria das pessoas j\u00e1 obt\u00e9m a quantidade necess\u00e1ria pela alimenta\u00e7\u00e3o, sem precisar de suplemento adicional.<\/p>\n\n\n\n<h2 class=\"wp-block-heading\">O que a vitamina C realmente faz durante um resfriado?<\/h2>\n\n\n\n<p class=\"wp-block-paragraph\">Tomada regularmente antes de qualquer sintoma, a vitamina C tende a diminuir levemente o tempo de dura\u00e7\u00e3o dos epis\u00f3dios de <a href=\"https:\/\/www.tuasaude.com\/resfriado\/\" target=\"_blank\" rel=\"noreferrer noopener\">resfriado<\/a>, sem alterar de forma relevante o n\u00famero de vezes que a pessoa adoece ao longo do ano.<\/p>\n\n\n\n<p class=\"wp-block-paragraph\">O efeito \u00e9 maior em crian\u00e7as e discreto em adultos. J\u00e1 em quem come\u00e7a a tomar o suplemento apenas depois que os sintomas aparecem, os estudos n\u00e3o confirmam benef\u00edcio consistente na redu\u00e7\u00e3o da dura\u00e7\u00e3o ou da gravidade da <a href=\"https:\/\/www.tuasaude.com\/gripe\/\" target=\"_blank\" rel=\"noreferrer noopener\">gripe<\/a> e do resfriado.<\/p>\n\n\n<div class=\"wp-block-image\">\n<figure class=\"aligncenter size-large\"><img decoding=\"async\" width=\"1024\" height=\"571\" src=\"https:\/\/www.tuasaude.com\/news\/wp-content\/uploads\/2026\/09\/Infographic_about_vitamin_C_and_202609022044-1024x571.jpg\" alt=\"Alimenta\u00e7\u00e3o, dura\u00e7\u00e3o dos sintomas e indica\u00e7\u00e3o individual orientam o uso de vitamina C.\" class=\"wp-image-107317\" srcset=\"https:\/\/www.tuasaude.com\/news\/wp-content\/uploads\/2026\/09\/Infographic_about_vitamin_C_and_202609022044-1024x571.jpg 1024w, https:\/\/www.tuasaude.com\/news\/wp-content\/uploads\/2026\/09\/Infographic_about_vitamin_C_and_202609022044-300x167.jpg 300w, https:\/\/www.tuasaude.com\/news\/wp-content\/uploads\/2026\/09\/Infographic_about_vitamin_C_and_202609022044-768x428.jpg 768w, https:\/\/www.tuasaude.com\/news\/wp-content\/uploads\/2026\/09\/Infographic_about_vitamin_C_and_202609022044-750x418.jpg 750w, https:\/\/www.tuasaude.com\/news\/wp-content\/uploads\/2026\/09\/Infographic_about_vitamin_C_and_202609022044-1140x636.jpg 1140w, https:\/\/www.tuasaude.com\/news\/wp-content\/uploads\/2026\/09\/Infographic_about_vitamin_C_and_202609022044.jpg 1280w\" sizes=\"(max-width: 1024px) 100vw, 1024px\" \/><figcaption class=\"wp-element-caption\">Alimenta\u00e7\u00e3o, dura\u00e7\u00e3o dos sintomas e indica\u00e7\u00e3o individual orientam o uso de vitamina C.<\/figcaption><\/figure>\n<\/div>\n\n\n<h2 class=\"wp-block-heading\">Quem pode se beneficiar mais do uso cont\u00ednuo?<\/h2>\n\n\n\n<p class=\"wp-block-paragraph\">Existe um grupo restrito de pessoas em que a suplementa\u00e7\u00e3o di\u00e1ria mostrou impacto maior sobre a preven\u00e7\u00e3o de resfriados, segundo os ensaios cl\u00ednicos analisados:<\/p>\n\n\n\n<ul class=\"wp-block-list\">\n<li>Praticantes de esfor\u00e7o f\u00edsico extremo, como maratonistas, esquiadores e triatletas<\/li>\n\n\n\n<li>Soldados e trabalhadores expostos a frio intenso e treinamento pesado<\/li>\n\n\n\n<li>Pessoas com ingest\u00e3o comprovadamente baixa de frutas e vegetais frescos<\/li>\n\n\n\n<li>Fumantes, que apresentam maior demanda pelo nutriente<\/li>\n\n\n\n<li>Indiv\u00edduos com diagn\u00f3stico de defici\u00eancia de vitamina C confirmada em avalia\u00e7\u00e3o cl\u00ednica<\/li>\n\n\n\n<li>Pacientes em recupera\u00e7\u00e3o de doen\u00e7as graves ou grandes cirurgias, sob orienta\u00e7\u00e3o profissional<\/li>\n<\/ul>\n\n\n\n<h2 class=\"wp-block-heading\">O que uma revis\u00e3o cient\u00edfica mostra sobre vitamina C e resfriados?<\/h2>\n\n\n\n<p class=\"wp-block-paragraph\">A pergunta se vale a pena tomar vitamina C todo dia para prevenir gripes j\u00e1 foi respondida por uma das an\u00e1lises mais rigorosas da literatura, que reuniu resultados de dezenas de ensaios cl\u00ednicos controlados por placebo em adultos e crian\u00e7as. O trabalho comparou uso cont\u00ednuo, uso apenas no in\u00edcio dos sintomas e diferentes perfis de exposi\u00e7\u00e3o.<\/p>\n\n\n\n<p class=\"wp-block-paragraph\">Segundo <a href=\"https:\/\/pubmed.ncbi.nlm.nih.gov\/23440782\/\" target=\"_blank\" rel=\"noreferrer noopener\">Vitamin C for preventing and treating the common cold<\/a>, revis\u00e3o sistem\u00e1tica publicada na revista cient\u00edfica <em>Cochrane Database of Systematic Reviews<\/em>, a suplementa\u00e7\u00e3o regular n\u00e3o reduziu o n\u00famero de resfriados na popula\u00e7\u00e3o geral, mas encurtou a dura\u00e7\u00e3o dos epis\u00f3dios em cerca de 8% em adultos e 14% em crian\u00e7as, e mostrou efeito preventivo maior em pessoas submetidas a esfor\u00e7o f\u00edsico intenso ou frio extremo.<\/p>\n\n\n<div class=\"wp-block-image\">\n<figure class=\"aligncenter size-large\"><img decoding=\"async\" width=\"1024\" height=\"571\" src=\"https:\/\/www.tuasaude.com\/news\/wp-content\/uploads\/2026\/09\/Woman_preparing_fruit_in_kitchen_202609022044-1024x571.jpg\" alt=\"O uso cont\u00ednuo de vitamina C pode encurtar sintomas, sem prevenir resfriados na maioria.\" class=\"wp-image-107318\" srcset=\"https:\/\/www.tuasaude.com\/news\/wp-content\/uploads\/2026\/09\/Woman_preparing_fruit_in_kitchen_202609022044-1024x571.jpg 1024w, https:\/\/www.tuasaude.com\/news\/wp-content\/uploads\/2026\/09\/Woman_preparing_fruit_in_kitchen_202609022044-300x167.jpg 300w, https:\/\/www.tuasaude.com\/news\/wp-content\/uploads\/2026\/09\/Woman_preparing_fruit_in_kitchen_202609022044-768x428.jpg 768w, https:\/\/www.tuasaude.com\/news\/wp-content\/uploads\/2026\/09\/Woman_preparing_fruit_in_kitchen_202609022044-750x418.jpg 750w, https:\/\/www.tuasaude.com\/news\/wp-content\/uploads\/2026\/09\/Woman_preparing_fruit_in_kitchen_202609022044-1140x636.jpg 1140w, https:\/\/www.tuasaude.com\/news\/wp-content\/uploads\/2026\/09\/Woman_preparing_fruit_in_kitchen_202609022044.jpg 1280w\" sizes=\"(max-width: 1024px) 100vw, 1024px\" \/><figcaption class=\"wp-element-caption\">O uso cont\u00ednuo de vitamina C pode encurtar sintomas, sem prevenir resfriados na maioria.<\/figcaption><\/figure>\n<\/div>\n\n\n<h2 class=\"wp-block-heading\">Como aproveitar melhor a vitamina C no dia a dia?<\/h2>\n\n\n\n<p class=\"wp-block-paragraph\">Antes de recorrer a c\u00e1psulas ou <a href=\"https:\/\/www.tuasaude.com\/vitamina-c-efervescente\/\" target=\"_blank\" rel=\"noreferrer noopener\">vitamina C efervescente<\/a>, vale organizar h\u00e1bitos que garantem quantidade adequada do nutriente e realmente sustentam a imunidade. Algumas orienta\u00e7\u00f5es pr\u00e1ticas ajudam:<\/p>\n\n\n\n<ol class=\"wp-block-list\">\n<li>Consumir diariamente frutas frescas como acerola, goiaba, laranja, kiwi e morango, principais fontes do nutriente<\/li>\n\n\n\n<li>Incluir vegetais crus, como piment\u00e3o, br\u00f3coli e couve, j\u00e1 que o calor degrada boa parte da vitamina C<\/li>\n\n\n\n<li>Preferir sucos naturais consumidos logo ap\u00f3s o preparo, sem longos per\u00edodos de exposi\u00e7\u00e3o ao ar<\/li>\n\n\n\n<li>Manter sono regular, atividade f\u00edsica moderada e controle do estresse, fatores que tamb\u00e9m influenciam a imunidade<\/li>\n\n\n\n<li>N\u00e3o recorrer a megadoses isoladas por conta pr\u00f3pria, que podem causar diarreia, desconforto g\u00e1strico e risco de c\u00e1lculo renal<\/li>\n\n\n\n<li>Buscar avalia\u00e7\u00e3o com m\u00e9dico ou nutricionista antes de suplementar, especialmente em quem tem doen\u00e7a renal ou usa outros medicamentos<\/li>\n\n\n\n<li>Manter a vacina anual contra a gripe em dia, principal medida preventiva realmente comprovada<\/li>\n<\/ol>\n\n\n\n<p class=\"wp-block-paragraph\">Nem toda promessa embalada como imunidade se sustenta nos estudos, e a decis\u00e3o de suplementar vitamina C precisa considerar contexto individual. Agende uma consulta com o cl\u00ednico geral ou o nutricionista para avaliar sua alimenta\u00e7\u00e3o, h\u00e1bitos e a real necessidade de uso cont\u00ednuo.<\/p>\n\n\n\n<p class=\"wp-block-paragraph\"><em>Este conte\u00fado tem car\u00e1ter apenas informativo e n\u00e3o substitui a avalia\u00e7\u00e3o, o diagn\u00f3stico ou a orienta\u00e7\u00e3o de um profissional de sa\u00fade.<\/em><\/p>\n","protected":false},"excerpt":{"rendered":"<p>A ideia de que uma c\u00e1psula di\u00e1ria de vitamina C funciona como escudo contra gripes e resfriados atravessa gera\u00e7\u00f5es, mas as revis\u00f5es de estudos cl\u00ednicos contam outra hist\u00f3ria. Nas pessoas em geral, o suplemento tomado de forma cont\u00ednua n\u00e3o reduz a quantidade de resfriados ao longo do ano; o efeito real, quando aparece, \u00e9 encurtar [&hellip;]<\/p>\n","protected":false},"author":16,"featured_media":107316,"comment_status":"open","ping_status":"open","sticky":false,"template":"","format":"standard","meta":{"_yoast_wpseo_focuskw":"vitamina C para resfriado","_yoast_wpseo_title":"","_yoast_wpseo_metadesc":"Tomar vitamina C todos os dias n\u00e3o evita resfriados na popula\u00e7\u00e3o geral, mas pode encurtar os sintomas. Entenda quando o efeito \u00e9 maior.","jnews-multi-image_gallery":[],"jnews_single_post":{"format":"standard"},"jnews_primary_category":[],"jnews_social_meta":[],"jnews_override_counter":[],"footnotes":""},"categories":[111],"tags":[13033,13032,1497,136,163,10980,13031,12402,1076],"class_list":["post-107315","post","type-post","status-publish","format-standard","has-post-thumbnail","hentry","category-saude","tag-encurta","tag-nao-evita","tag-resfriado","tag-saude","tag-sintomas","tag-tempo","tag-todo-dia","tag-tomar","tag-vitamina-c"],"yoast_head":"<!-- This site is optimized with the Yoast SEO plugin v26.7 - https:\/\/yoast.com\/wordpress\/plugins\/seo\/ -->\n<title>Tomar vitamina C todo dia n\u00e3o evita o resfriado na maioria das pessoas, mas sim encurta o tempo dos sintomas - Tua Sa\u00fade<\/title>\n<meta name=\"description\" content=\"Tomar vitamina C todos os dias n\u00e3o evita resfriados na popula\u00e7\u00e3o geral, mas pode encurtar os sintomas. Entenda quando o efeito \u00e9 maior.\" \/>\n<meta name=\"robots\" content=\"index, follow, max-snippet:-1, max-image-preview:large, max-video-preview:-1\" \/>\n<link rel=\"canonical\" href=\"https:\/\/www.tuasaude.com\/news\/2026\/09\/04\/tomar-vitamina-c-todo-dia-nao-evita-o-resfriado-na-maioria-das-pessoas-mas-sim-encurta-o-tempo-dos-sintomas\/\" \/>\n<meta property=\"og:locale\" content=\"pt_BR\" \/>\n<meta property=\"og:type\" content=\"article\" \/>\n<meta property=\"og:title\" content=\"Tomar vitamina C todo dia n\u00e3o evita o resfriado na maioria das pessoas, mas sim encurta o tempo dos sintomas - Tua Sa\u00fade\" \/>\n<meta property=\"og:description\" content=\"Tomar vitamina C todos os dias n\u00e3o evita resfriados na popula\u00e7\u00e3o geral, mas pode encurtar os sintomas. Entenda quando o efeito \u00e9 maior.\" \/>\n<meta property=\"og:url\" content=\"https:\/\/www.tuasaude.com\/news\/2026\/09\/04\/tomar-vitamina-c-todo-dia-nao-evita-o-resfriado-na-maioria-das-pessoas-mas-sim-encurta-o-tempo-dos-sintomas\/\" \/>\n<meta property=\"og:site_name\" content=\"Tua Sa\u00fade\" \/>\n<meta property=\"article:published_time\" content=\"2026-09-04T16:58:00+00:00\" \/>\n<meta property=\"og:image\" content=\"https:\/\/www.tuasaude.com\/news\/wp-content\/uploads\/2026\/09\/Man_examining_vitamin_C_supplement_202609022044.jpg\" \/>\n\t<meta property=\"og:image:width\" content=\"1280\" \/>\n\t<meta property=\"og:image:height\" content=\"714\" \/>\n\t<meta property=\"og:image:type\" content=\"image\/jpeg\" \/>\n<meta name=\"author\" content=\"Maycon Geovane\" \/>\n<meta name=\"twitter:card\" content=\"summary_large_image\" \/>\n<meta name=\"twitter:label1\" content=\"Escrito por\" \/>\n\t<meta name=\"twitter:data1\" content=\"Maycon Geovane\" \/>\n\t<meta name=\"twitter:label2\" content=\"Est. tempo de leitura\" \/>\n\t<meta name=\"twitter:data2\" content=\"5 minutos\" \/>\n<!-- \/ Yoast SEO plugin. -->","yoast_head_json":{"title":"Tomar vitamina C todo dia n\u00e3o evita o resfriado na maioria das pessoas, mas sim encurta o tempo dos sintomas - Tua Sa\u00fade","description":"Tomar vitamina C todos os dias n\u00e3o evita resfriados na popula\u00e7\u00e3o geral, mas pode encurtar os sintomas. Entenda quando o efeito \u00e9 maior.","robots":{"index":"index","follow":"follow","max-snippet":"max-snippet:-1","max-image-preview":"max-image-preview:large","max-video-preview":"max-video-preview:-1"},"canonical":"https:\/\/www.tuasaude.com\/news\/2026\/09\/04\/tomar-vitamina-c-todo-dia-nao-evita-o-resfriado-na-maioria-das-pessoas-mas-sim-encurta-o-tempo-dos-sintomas\/","og_locale":"pt_BR","og_type":"article","og_title":"Tomar vitamina C todo dia n\u00e3o evita o resfriado na maioria das pessoas, mas sim encurta o tempo dos sintomas - Tua Sa\u00fade","og_description":"Tomar vitamina C todos os dias n\u00e3o evita resfriados na popula\u00e7\u00e3o geral, mas pode encurtar os sintomas. Entenda quando o efeito \u00e9 maior.","og_url":"https:\/\/www.tuasaude.com\/news\/2026\/09\/04\/tomar-vitamina-c-todo-dia-nao-evita-o-resfriado-na-maioria-das-pessoas-mas-sim-encurta-o-tempo-dos-sintomas\/","og_site_name":"Tua Sa\u00fade","article_published_time":"2026-09-04T16:58:00+00:00","og_image":[{"width":1280,"height":714,"url":"https:\/\/www.tuasaude.com\/news\/wp-content\/uploads\/2026\/09\/Man_examining_vitamin_C_supplement_202609022044.jpg","type":"image\/jpeg"}],"author":"Maycon Geovane","twitter_card":"summary_large_image","twitter_misc":{"Escrito por":"Maycon Geovane","Est. tempo de leitura":"5 minutos"},"schema":{"@context":"https:\/\/schema.org","@graph":[{"@type":"Article","@id":"https:\/\/www.tuasaude.com\/news\/2026\/09\/04\/tomar-vitamina-c-todo-dia-nao-evita-o-resfriado-na-maioria-das-pessoas-mas-sim-encurta-o-tempo-dos-sintomas\/#article","isPartOf":{"@id":"https:\/\/www.tuasaude.com\/news\/2026\/09\/04\/tomar-vitamina-c-todo-dia-nao-evita-o-resfriado-na-maioria-das-pessoas-mas-sim-encurta-o-tempo-dos-sintomas\/"},"author":{"name":"Maycon Geovane","@id":"https:\/\/www.tuasaude.com\/news\/#\/schema\/person\/da63bccfbda5c95cfbf2d37c4276fca0"},"headline":"Tomar vitamina C todo dia n\u00e3o evita o resfriado na maioria das pessoas, mas sim encurta o tempo dos sintomas","datePublished":"2026-09-04T16:58:00+00:00","mainEntityOfPage":{"@id":"https:\/\/www.tuasaude.com\/news\/2026\/09\/04\/tomar-vitamina-c-todo-dia-nao-evita-o-resfriado-na-maioria-das-pessoas-mas-sim-encurta-o-tempo-dos-sintomas\/"},"wordCount":860,"commentCount":0,"image":{"@id":"https:\/\/www.tuasaude.com\/news\/2026\/09\/04\/tomar-vitamina-c-todo-dia-nao-evita-o-resfriado-na-maioria-das-pessoas-mas-sim-encurta-o-tempo-dos-sintomas\/#primaryimage"},"thumbnailUrl":"https:\/\/www.tuasaude.com\/news\/wp-content\/uploads\/2026\/09\/Man_examining_vitamin_C_supplement_202609022044.jpg","keywords":["encurta","n\u00e3o evita","resfriado","sa\u00fade","sintomas","tempo","todo dia","tomar","vitamina c"],"articleSection":["Sa\u00fade"],"inLanguage":"pt-BR","potentialAction":[{"@type":"CommentAction","name":"Comment","target":["https:\/\/www.tuasaude.com\/news\/2026\/09\/04\/tomar-vitamina-c-todo-dia-nao-evita-o-resfriado-na-maioria-das-pessoas-mas-sim-encurta-o-tempo-dos-sintomas\/#respond"]}]},{"@type":"WebPage","@id":"https:\/\/www.tuasaude.com\/news\/2026\/09\/04\/tomar-vitamina-c-todo-dia-nao-evita-o-resfriado-na-maioria-das-pessoas-mas-sim-encurta-o-tempo-dos-sintomas\/","url":"https:\/\/www.tuasaude.com\/news\/2026\/09\/04\/tomar-vitamina-c-todo-dia-nao-evita-o-resfriado-na-maioria-das-pessoas-mas-sim-encurta-o-tempo-dos-sintomas\/","name":"Tomar vitamina C todo dia n\u00e3o evita o resfriado na maioria das pessoas, mas sim encurta o tempo dos sintomas - Tua Sa\u00fade","isPartOf":{"@id":"https:\/\/www.tuasaude.com\/news\/#website"},"primaryImageOfPage":{"@id":"https:\/\/www.tuasaude.com\/news\/2026\/09\/04\/tomar-vitamina-c-todo-dia-nao-evita-o-resfriado-na-maioria-das-pessoas-mas-sim-encurta-o-tempo-dos-sintomas\/#primaryimage"},"image":{"@id":"https:\/\/www.tuasaude.com\/news\/2026\/09\/04\/tomar-vitamina-c-todo-dia-nao-evita-o-resfriado-na-maioria-das-pessoas-mas-sim-encurta-o-tempo-dos-sintomas\/#primaryimage"},"thumbnailUrl":"https:\/\/www.tuasaude.com\/news\/wp-content\/uploads\/2026\/09\/Man_examining_vitamin_C_supplement_202609022044.jpg","datePublished":"2026-09-04T16:58:00+00:00","author":{"@id":"https:\/\/www.tuasaude.com\/news\/#\/schema\/person\/da63bccfbda5c95cfbf2d37c4276fca0"},"description":"Tomar vitamina C todos os dias n\u00e3o evita resfriados na popula\u00e7\u00e3o geral, mas pode encurtar os sintomas. Entenda quando o efeito \u00e9 maior.","breadcrumb":{"@id":"https:\/\/www.tuasaude.com\/news\/2026\/09\/04\/tomar-vitamina-c-todo-dia-nao-evita-o-resfriado-na-maioria-das-pessoas-mas-sim-encurta-o-tempo-dos-sintomas\/#breadcrumb"},"inLanguage":"pt-BR","potentialAction":[{"@type":"ReadAction","target":["https:\/\/www.tuasaude.com\/news\/2026\/09\/04\/tomar-vitamina-c-todo-dia-nao-evita-o-resfriado-na-maioria-das-pessoas-mas-sim-encurta-o-tempo-dos-sintomas\/"]}]},{"@type":"ImageObject","inLanguage":"pt-BR","@id":"https:\/\/www.tuasaude.com\/news\/2026\/09\/04\/tomar-vitamina-c-todo-dia-nao-evita-o-resfriado-na-maioria-das-pessoas-mas-sim-encurta-o-tempo-dos-sintomas\/#primaryimage","url":"https:\/\/www.tuasaude.com\/news\/wp-content\/uploads\/2026\/09\/Man_examining_vitamin_C_supplement_202609022044.jpg","contentUrl":"https:\/\/www.tuasaude.com\/news\/wp-content\/uploads\/2026\/09\/Man_examining_vitamin_C_supplement_202609022044.jpg","width":1280,"height":714,"caption":"Tomar vitamina C todo dia n\u00e3o evita o resfriado na maioria das pessoas, mas sim encurta o tempo dos sintomas"},{"@type":"BreadcrumbList","@id":"https:\/\/www.tuasaude.com\/news\/2026\/09\/04\/tomar-vitamina-c-todo-dia-nao-evita-o-resfriado-na-maioria-das-pessoas-mas-sim-encurta-o-tempo-dos-sintomas\/#breadcrumb","itemListElement":[{"@type":"ListItem","position":1,"name":"In\u00edcio","item":"https:\/\/www.tuasaude.com\/news\/"},{"@type":"ListItem","position":2,"name":"Tomar vitamina C todo dia n\u00e3o evita o resfriado na maioria das pessoas, mas sim encurta o tempo dos sintomas"}]},{"@type":"WebSite","@id":"https:\/\/www.tuasaude.com\/news\/#website","url":"https:\/\/www.tuasaude.com\/news\/","name":"Tua Sa\u00fade","description":"Seu site de sa\u00fade","potentialAction":[{"@type":"SearchAction","target":{"@type":"EntryPoint","urlTemplate":"https:\/\/www.tuasaude.com\/news\/?s={search_term_string}"},"query-input":{"@type":"PropertyValueSpecification","valueRequired":true,"valueName":"search_term_string"}}],"inLanguage":"pt-BR"},{"@type":"Person","@id":"https:\/\/www.tuasaude.com\/news\/#\/schema\/person\/da63bccfbda5c95cfbf2d37c4276fca0","name":"Maycon Geovane","image":{"@type":"ImageObject","inLanguage":"pt-BR","@id":"https:\/\/www.tuasaude.com\/news\/#\/schema\/person\/image\/","url":"https:\/\/secure.gravatar.com\/avatar\/4f4908cf0a2f249a9f1137f9d5769cacc373d9aee67910cc212a09a346873b7d?s=96&d=mm&r=g","contentUrl":"https:\/\/secure.gravatar.com\/avatar\/4f4908cf0a2f249a9f1137f9d5769cacc373d9aee67910cc212a09a346873b7d?s=96&d=mm&r=g","caption":"Maycon Geovane"},"sameAs":["https:\/\/www.tuasaude.com\/news\/"],"url":"https:\/\/www.tuasaude.com\/news\/author\/maycongeovane\/"}]}},"_links":{"self":[{"href":"https:\/\/www.tuasaude.com\/news\/wp-json\/wp\/v2\/posts\/107315","targetHints":{"allow":["GET"]}}],"collection":[{"href":"https:\/\/www.tuasaude.com\/news\/wp-json\/wp\/v2\/posts"}],"about":[{"href":"https:\/\/www.tuasaude.com\/news\/wp-json\/wp\/v2\/types\/post"}],"author":[{"embeddable":true,"href":"https:\/\/www.tuasaude.com\/news\/wp-json\/wp\/v2\/users\/16"}],"replies":[{"embeddable":true,"href":"https:\/\/www.tuasaude.com\/news\/wp-json\/wp\/v2\/comments?post=107315"}],"version-history":[{"count":1,"href":"https:\/\/www.tuasaude.com\/news\/wp-json\/wp\/v2\/posts\/107315\/revisions"}],"predecessor-version":[{"id":107319,"href":"https:\/\/www.tuasaude.com\/news\/wp-json\/wp\/v2\/posts\/107315\/revisions\/107319"}],"wp:featuredmedia":[{"embeddable":true,"href":"https:\/\/www.tuasaude.com\/news\/wp-json\/wp\/v2\/media\/107316"}],"wp:attachment":[{"href":"https:\/\/www.tuasaude.com\/news\/wp-json\/wp\/v2\/media?parent=107315"}],"wp:term":[{"taxonomy":"category","embeddable":true,"href":"https:\/\/www.tuasaude.com\/news\/wp-json\/wp\/v2\/categories?post=107315"},{"taxonomy":"post_tag","embeddable":true,"href":"https:\/\/www.tuasaude.com\/news\/wp-json\/wp\/v2\/tags?post=107315"}],"curies":[{"name":"wp","href":"https:\/\/api.w.org\/{rel}","templated":true}]}}