{"id":107310,"date":"2026-09-04T14:10:00","date_gmt":"2026-09-04T17:10:00","guid":{"rendered":"https:\/\/www.tuasaude.com\/news\/?p=107310"},"modified":"2026-09-02T20:42:08","modified_gmt":"2026-09-02T23:42:08","slug":"as-gripes-seguidas-em-criancas-que-entraram-na-creche-nao-se-devem-apenas-a-imunidade-fraca-mas-sim-na-maioria-a-exposicao-normal-a-virus-nessa-fase-da-vida","status":"publish","type":"post","link":"https:\/\/www.tuasaude.com\/news\/2026\/09\/04\/as-gripes-seguidas-em-criancas-que-entraram-na-creche-nao-se-devem-apenas-a-imunidade-fraca-mas-sim-na-maioria-a-exposicao-normal-a-virus-nessa-fase-da-vida\/","title":{"rendered":"As gripes seguidas em crian\u00e7as que entraram na creche n\u00e3o se devem apenas \u00e0 imunidade fraca, mas sim na maioria \u00e0 exposi\u00e7\u00e3o normal a v\u00edrus nessa fase da vida"},"content":{"rendered":"\n<p class=\"wp-block-paragraph\">Se o seu filho entrou na creche e desde ent\u00e3o parece viver resfriado, saiba que isso raramente significa imunidade baixa. Na maior parte dos casos, as gripes seguidas em crian\u00e7as pequenas s\u00e3o o resultado esperado de um encontro novo e intenso com dezenas de v\u00edrus respirat\u00f3rios que circulam em ambientes coletivos. \u00c9 um per\u00edodo cansativo para a fam\u00edlia, mas com tempo definido e com sinais bastante claros de quando ele foge do normal.<\/p>\n\n\n\n<h2 class=\"wp-block-heading\">Por que a crian\u00e7a fica gripada logo depois de entrar na creche?<\/h2>\n\n\n\n<p class=\"wp-block-paragraph\">Ao nascer, a crian\u00e7a ainda n\u00e3o teve contato com a maioria dos v\u00edrus respirat\u00f3rios que circulam entre as pessoas. Cada resfriado funciona como um treino para o sistema de defesa, que passa a reconhecer aquele agente e a responder melhor nas pr\u00f3ximas vezes.<\/p>\n\n\n\n<p class=\"wp-block-paragraph\">Na creche, esse contato acontece de forma concentrada. S\u00e3o muitas crian\u00e7as no mesmo espa\u00e7o, compartilhando brinquedos, objetos e secre\u00e7\u00f5es, em uma idade em que ainda n\u00e3o sabem cobrir a boca ao tossir. O resultado \u00e9 uma sequ\u00eancia de epis\u00f3dios de <a href=\"https:\/\/www.tuasaude.com\/gripe\/\" target=\"_blank\" rel=\"noreferrer noopener\">gripe<\/a> e resfriado que assusta os pais, mas costuma ser leve.<\/p>\n\n\n\n<h2 class=\"wp-block-heading\">O que a ci\u00eancia mostra sobre as infec\u00e7\u00f5es na creche?<\/h2>\n\n\n\n<p class=\"wp-block-paragraph\">Essa percep\u00e7\u00e3o de que o quadro melhora com o tempo tem respaldo cient\u00edfico. Pesquisadores canadenses acompanharam 1.238 fam\u00edlias durante oito anos para comparar a frequ\u00eancia de infec\u00e7\u00f5es em crian\u00e7as que ficaram em casa e em crian\u00e7as que entraram cedo em creches coletivas.<\/p>\n\n\n\n<p class=\"wp-block-paragraph\">Segundo o estudo <a href=\"https:\/\/jamanetwork.com\/journals\/jamapediatrics\/fullarticle\/384057\" target=\"_blank\" rel=\"noreferrer noopener\">Short- and Long-term Risk of Infections as a Function of Group Child Care Attendance<\/a>, publicado na revista cient\u00edfica Archives of Pediatrics &amp; Adolescent Medicine, as crian\u00e7as que entraram na creche antes dos dois anos e meio tiveram mais infec\u00e7\u00f5es respirat\u00f3rias e de ouvido naquele per\u00edodo, mas adoeceram <strong>menos<\/strong> durante os anos do ensino fundamental.<\/p>\n\n\n<div class=\"wp-block-image\">\n<figure class=\"aligncenter size-large\"><img decoding=\"async\" width=\"1024\" height=\"571\" src=\"https:\/\/www.tuasaude.com\/news\/wp-content\/uploads\/2026\/09\/Gripes_seguidas_na_creche_202609022040-1024x571.jpg\" alt=\"Frequ\u00eancia, recupera\u00e7\u00e3o e gravidade ajudam a diferenciar infec\u00e7\u00f5es esperadas de sinais de alerta.\" class=\"wp-image-107312\" srcset=\"https:\/\/www.tuasaude.com\/news\/wp-content\/uploads\/2026\/09\/Gripes_seguidas_na_creche_202609022040-1024x571.jpg 1024w, https:\/\/www.tuasaude.com\/news\/wp-content\/uploads\/2026\/09\/Gripes_seguidas_na_creche_202609022040-300x167.jpg 300w, https:\/\/www.tuasaude.com\/news\/wp-content\/uploads\/2026\/09\/Gripes_seguidas_na_creche_202609022040-768x428.jpg 768w, https:\/\/www.tuasaude.com\/news\/wp-content\/uploads\/2026\/09\/Gripes_seguidas_na_creche_202609022040-750x418.jpg 750w, https:\/\/www.tuasaude.com\/news\/wp-content\/uploads\/2026\/09\/Gripes_seguidas_na_creche_202609022040-1140x636.jpg 1140w, https:\/\/www.tuasaude.com\/news\/wp-content\/uploads\/2026\/09\/Gripes_seguidas_na_creche_202609022040.jpg 1280w\" sizes=\"(max-width: 1024px) 100vw, 1024px\" \/><figcaption class=\"wp-element-caption\">Frequ\u00eancia, recupera\u00e7\u00e3o e gravidade ajudam a diferenciar infec\u00e7\u00f5es esperadas de sinais de alerta.<\/figcaption><\/figure>\n<\/div>\n\n\n<h2 class=\"wp-block-heading\">Quantas infec\u00e7\u00f5es respirat\u00f3rias por ano s\u00e3o esperadas?<\/h2>\n\n\n\n<p class=\"wp-block-paragraph\">A frequ\u00eancia considerada normal varia conforme a idade e o ambiente em que a crian\u00e7a vive. De modo geral, espera-se:<\/p>\n\n\n\n<ul class=\"wp-block-list\">\n<li>At\u00e9 os 2 anos, entre 6 e 10 epis\u00f3dios de infec\u00e7\u00e3o respirat\u00f3ria por ano;<\/li>\n\n\n\n<li>Entre 2 e 5 anos, cerca de 5 a 8 epis\u00f3dios por ano;<\/li>\n\n\n\n<li>A partir dos 6 anos, redu\u00e7\u00e3o progressiva do n\u00famero de epis\u00f3dios;<\/li>\n\n\n\n<li>No primeiro ano de creche, n\u00fameros ainda maiores, especialmente no outono e no inverno;<\/li>\n\n\n\n<li>Dura\u00e7\u00e3o m\u00e9dia de 7 a 10 dias por epis\u00f3dio, com tosse que pode se prolongar um pouco mais.<\/li>\n<\/ul>\n\n\n\n<h2 class=\"wp-block-heading\">Quando as gripes seguidas deixam de ser normais?<\/h2>\n\n\n\n<p class=\"wp-block-paragraph\">O que diferencia o esperado do preocupante n\u00e3o \u00e9 o n\u00famero de resfriados, mas a gravidade e as consequ\u00eancias deles. Vale procurar avalia\u00e7\u00e3o m\u00e9dica diante de:<\/p>\n\n\n\n<ul class=\"wp-block-list\">\n<li>Duas ou mais <a href=\"https:\/\/www.tuasaude.com\/pneumonia-infantil\/\" target=\"_blank\" rel=\"noreferrer noopener\">pneumonias<\/a> em um ano ou tr\u00eas ao longo da vida;<\/li>\n\n\n\n<li>Falha de crescimento, com perda de peso ou estagna\u00e7\u00e3o na curva;<\/li>\n\n\n\n<li>Infec\u00e7\u00f5es graves, como meningite, sepse ou abscessos de repeti\u00e7\u00e3o;<\/li>\n\n\n\n<li>Necessidade de antibi\u00f3ticos venosos ou interna\u00e7\u00f5es repetidas;<\/li>\n\n\n\n<li>Quadros que nunca se resolvem por completo entre um epis\u00f3dio e outro;<\/li>\n\n\n\n<li>Diarreia persistente, feridas na pele que n\u00e3o cicatrizam ou sapinho frequente ap\u00f3s o primeiro ano.<\/li>\n<\/ul>\n\n\n<div class=\"wp-block-image\">\n<figure class=\"aligncenter size-large\"><img decoding=\"async\" width=\"1024\" height=\"571\" src=\"https:\/\/www.tuasaude.com\/news\/wp-content\/uploads\/2026\/09\/Boy_holding_tissue_with_mother_202609022040-1024x571.jpg\" alt=\"Gripes seguidas na creche costumam diminuir conforme a imunidade aprende a reconhecer v\u00edrus.\" class=\"wp-image-107313\" srcset=\"https:\/\/www.tuasaude.com\/news\/wp-content\/uploads\/2026\/09\/Boy_holding_tissue_with_mother_202609022040-1024x571.jpg 1024w, https:\/\/www.tuasaude.com\/news\/wp-content\/uploads\/2026\/09\/Boy_holding_tissue_with_mother_202609022040-300x167.jpg 300w, https:\/\/www.tuasaude.com\/news\/wp-content\/uploads\/2026\/09\/Boy_holding_tissue_with_mother_202609022040-768x428.jpg 768w, https:\/\/www.tuasaude.com\/news\/wp-content\/uploads\/2026\/09\/Boy_holding_tissue_with_mother_202609022040-750x418.jpg 750w, https:\/\/www.tuasaude.com\/news\/wp-content\/uploads\/2026\/09\/Boy_holding_tissue_with_mother_202609022040-1140x636.jpg 1140w, https:\/\/www.tuasaude.com\/news\/wp-content\/uploads\/2026\/09\/Boy_holding_tissue_with_mother_202609022040.jpg 1280w\" sizes=\"(max-width: 1024px) 100vw, 1024px\" \/><figcaption class=\"wp-element-caption\">Gripes seguidas na creche costumam diminuir conforme a imunidade aprende a reconhecer v\u00edrus.<\/figcaption><\/figure>\n<\/div>\n\n\n<h2 class=\"wp-block-heading\">Como reduzir a frequ\u00eancia das infec\u00e7\u00f5es respirat\u00f3rias?<\/h2>\n\n\n\n<p class=\"wp-block-paragraph\">Algumas medidas simples diminuem a carga de v\u00edrus a que a crian\u00e7a \u00e9 exposta. Manter o calend\u00e1rio vacinal em dia, incluindo as vacinas contra gripe e pneumococo, lavar bem as m\u00e3os e manter a casa livre de fuma\u00e7a de cigarro fazem diferen\u00e7a real.<\/p>\n\n\n\n<p class=\"wp-block-paragraph\">Tamb\u00e9m \u00e9 importante observar como a crian\u00e7a se recupera. Sintomas como respira\u00e7\u00e3o acelerada, chiado no peito, cansa\u00e7o para mamar ou colora\u00e7\u00e3o azulada nos l\u00e1bios podem indicar <a href=\"https:\/\/www.tuasaude.com\/bronquiolite\/\" target=\"_blank\" rel=\"noreferrer noopener\">bronquiolite<\/a> e exigem atendimento imediato. Na d\u00favida sobre a frequ\u00eancia ou a intensidade dos epis\u00f3dios, o pediatra \u00e9 o profissional indicado para avaliar a crian\u00e7a e definir se h\u00e1 necessidade de investiga\u00e7\u00e3o.<\/p>\n\n\n\n<p class=\"wp-block-paragraph\"><em>Este conte\u00fado tem car\u00e1ter apenas informativo e n\u00e3o substitui a avalia\u00e7\u00e3o de um profissional de sa\u00fade. Procure sempre orienta\u00e7\u00e3o m\u00e9dica para o diagn\u00f3stico e o tratamento adequados.<\/em><\/p>\n","protected":false},"excerpt":{"rendered":"<p>Se o seu filho entrou na creche e desde ent\u00e3o parece viver resfriado, saiba que isso raramente significa imunidade baixa. Na maior parte dos casos, as gripes seguidas em crian\u00e7as pequenas s\u00e3o o resultado esperado de um encontro novo e intenso com dezenas de v\u00edrus respirat\u00f3rios que circulam em ambientes coletivos. \u00c9 um per\u00edodo cansativo [&hellip;]<\/p>\n","protected":false},"author":16,"featured_media":107311,"comment_status":"open","ping_status":"open","sticky":false,"template":"","format":"standard","meta":{"_yoast_wpseo_focuskw":"gripes seguidas na creche","_yoast_wpseo_title":"","_yoast_wpseo_metadesc":"Gripes seguidas na creche nem sempre indicam imunidade fraca. Entenda por que as infec\u00e7\u00f5es aumentam e quais sinais merecem avalia\u00e7\u00e3o m\u00e9dica.","jnews-multi-image_gallery":[],"jnews_single_post":{"format":"standard"},"jnews_primary_category":[],"jnews_social_meta":[],"jnews_override_counter":[],"footnotes":""},"categories":[111],"tags":[13028,406,13030,13027,13029,136,12268],"class_list":["post-107310","post","type-post","status-publish","format-standard","has-post-thumbnail","hentry","category-saude","tag-creche","tag-criancas","tag-exposicao-normal","tag-gripes-seguidas","tag-imunidade-fraca","tag-saude","tag-virus"],"yoast_head":"<!-- This site is optimized with the Yoast SEO plugin v26.7 - https:\/\/yoast.com\/wordpress\/plugins\/seo\/ -->\n<title>As gripes seguidas em crian\u00e7as que entraram na creche n\u00e3o se devem apenas \u00e0 imunidade fraca, mas sim na maioria \u00e0 exposi\u00e7\u00e3o normal a v\u00edrus nessa fase da vida - Tua Sa\u00fade<\/title>\n<meta name=\"description\" content=\"Gripes seguidas na creche nem sempre indicam imunidade fraca. Entenda por que as infec\u00e7\u00f5es aumentam e quais sinais merecem avalia\u00e7\u00e3o m\u00e9dica.\" \/>\n<meta name=\"robots\" content=\"index, follow, max-snippet:-1, max-image-preview:large, max-video-preview:-1\" \/>\n<link rel=\"canonical\" href=\"https:\/\/www.tuasaude.com\/news\/2026\/09\/04\/as-gripes-seguidas-em-criancas-que-entraram-na-creche-nao-se-devem-apenas-a-imunidade-fraca-mas-sim-na-maioria-a-exposicao-normal-a-virus-nessa-fase-da-vida\/\" \/>\n<meta property=\"og:locale\" content=\"pt_BR\" \/>\n<meta property=\"og:type\" content=\"article\" \/>\n<meta property=\"og:title\" content=\"As gripes seguidas em crian\u00e7as que entraram na creche n\u00e3o se devem apenas \u00e0 imunidade fraca, mas sim na maioria \u00e0 exposi\u00e7\u00e3o normal a v\u00edrus nessa fase da vida - Tua Sa\u00fade\" \/>\n<meta property=\"og:description\" content=\"Gripes seguidas na creche nem sempre indicam imunidade fraca. Entenda por que as infec\u00e7\u00f5es aumentam e quais sinais merecem avalia\u00e7\u00e3o m\u00e9dica.\" \/>\n<meta property=\"og:url\" content=\"https:\/\/www.tuasaude.com\/news\/2026\/09\/04\/as-gripes-seguidas-em-criancas-que-entraram-na-creche-nao-se-devem-apenas-a-imunidade-fraca-mas-sim-na-maioria-a-exposicao-normal-a-virus-nessa-fase-da-vida\/\" \/>\n<meta property=\"og:site_name\" content=\"Tua Sa\u00fade\" \/>\n<meta property=\"article:published_time\" content=\"2026-09-04T17:10:00+00:00\" \/>\n<meta property=\"og:image\" content=\"https:\/\/www.tuasaude.com\/news\/wp-content\/uploads\/2026\/09\/Girl_sitting_at_preschool_table_202609022040.jpg\" \/>\n\t<meta property=\"og:image:width\" content=\"1280\" \/>\n\t<meta property=\"og:image:height\" content=\"714\" \/>\n\t<meta property=\"og:image:type\" content=\"image\/jpeg\" \/>\n<meta name=\"author\" content=\"Maycon Geovane\" \/>\n<meta name=\"twitter:card\" content=\"summary_large_image\" \/>\n<meta name=\"twitter:label1\" content=\"Escrito por\" \/>\n\t<meta name=\"twitter:data1\" content=\"Maycon Geovane\" \/>\n\t<meta name=\"twitter:label2\" content=\"Est. tempo de leitura\" \/>\n\t<meta name=\"twitter:data2\" content=\"5 minutos\" \/>\n<!-- \/ Yoast SEO plugin. -->","yoast_head_json":{"title":"As gripes seguidas em crian\u00e7as que entraram na creche n\u00e3o se devem apenas \u00e0 imunidade fraca, mas sim na maioria \u00e0 exposi\u00e7\u00e3o normal a v\u00edrus nessa fase da vida - Tua Sa\u00fade","description":"Gripes seguidas na creche nem sempre indicam imunidade fraca. Entenda por que as infec\u00e7\u00f5es aumentam e quais sinais merecem avalia\u00e7\u00e3o m\u00e9dica.","robots":{"index":"index","follow":"follow","max-snippet":"max-snippet:-1","max-image-preview":"max-image-preview:large","max-video-preview":"max-video-preview:-1"},"canonical":"https:\/\/www.tuasaude.com\/news\/2026\/09\/04\/as-gripes-seguidas-em-criancas-que-entraram-na-creche-nao-se-devem-apenas-a-imunidade-fraca-mas-sim-na-maioria-a-exposicao-normal-a-virus-nessa-fase-da-vida\/","og_locale":"pt_BR","og_type":"article","og_title":"As gripes seguidas em crian\u00e7as que entraram na creche n\u00e3o se devem apenas \u00e0 imunidade fraca, mas sim na maioria \u00e0 exposi\u00e7\u00e3o normal a v\u00edrus nessa fase da vida - Tua Sa\u00fade","og_description":"Gripes seguidas na creche nem sempre indicam imunidade fraca. Entenda por que as infec\u00e7\u00f5es aumentam e quais sinais merecem avalia\u00e7\u00e3o m\u00e9dica.","og_url":"https:\/\/www.tuasaude.com\/news\/2026\/09\/04\/as-gripes-seguidas-em-criancas-que-entraram-na-creche-nao-se-devem-apenas-a-imunidade-fraca-mas-sim-na-maioria-a-exposicao-normal-a-virus-nessa-fase-da-vida\/","og_site_name":"Tua Sa\u00fade","article_published_time":"2026-09-04T17:10:00+00:00","og_image":[{"width":1280,"height":714,"url":"https:\/\/www.tuasaude.com\/news\/wp-content\/uploads\/2026\/09\/Girl_sitting_at_preschool_table_202609022040.jpg","type":"image\/jpeg"}],"author":"Maycon Geovane","twitter_card":"summary_large_image","twitter_misc":{"Escrito por":"Maycon Geovane","Est. tempo de leitura":"5 minutos"},"schema":{"@context":"https:\/\/schema.org","@graph":[{"@type":"Article","@id":"https:\/\/www.tuasaude.com\/news\/2026\/09\/04\/as-gripes-seguidas-em-criancas-que-entraram-na-creche-nao-se-devem-apenas-a-imunidade-fraca-mas-sim-na-maioria-a-exposicao-normal-a-virus-nessa-fase-da-vida\/#article","isPartOf":{"@id":"https:\/\/www.tuasaude.com\/news\/2026\/09\/04\/as-gripes-seguidas-em-criancas-que-entraram-na-creche-nao-se-devem-apenas-a-imunidade-fraca-mas-sim-na-maioria-a-exposicao-normal-a-virus-nessa-fase-da-vida\/"},"author":{"name":"Maycon Geovane","@id":"https:\/\/www.tuasaude.com\/news\/#\/schema\/person\/da63bccfbda5c95cfbf2d37c4276fca0"},"headline":"As gripes seguidas em crian\u00e7as que entraram na creche n\u00e3o se devem apenas \u00e0 imunidade fraca, mas sim na maioria \u00e0 exposi\u00e7\u00e3o normal a v\u00edrus nessa fase da vida","datePublished":"2026-09-04T17:10:00+00:00","mainEntityOfPage":{"@id":"https:\/\/www.tuasaude.com\/news\/2026\/09\/04\/as-gripes-seguidas-em-criancas-que-entraram-na-creche-nao-se-devem-apenas-a-imunidade-fraca-mas-sim-na-maioria-a-exposicao-normal-a-virus-nessa-fase-da-vida\/"},"wordCount":757,"commentCount":0,"image":{"@id":"https:\/\/www.tuasaude.com\/news\/2026\/09\/04\/as-gripes-seguidas-em-criancas-que-entraram-na-creche-nao-se-devem-apenas-a-imunidade-fraca-mas-sim-na-maioria-a-exposicao-normal-a-virus-nessa-fase-da-vida\/#primaryimage"},"thumbnailUrl":"https:\/\/www.tuasaude.com\/news\/wp-content\/uploads\/2026\/09\/Girl_sitting_at_preschool_table_202609022040.jpg","keywords":["creche","crian\u00e7as","exposi\u00e7\u00e3o normal","gripes seguidas","imunidade fraca","sa\u00fade","v\u00edrus"],"articleSection":["Sa\u00fade"],"inLanguage":"pt-BR","potentialAction":[{"@type":"CommentAction","name":"Comment","target":["https:\/\/www.tuasaude.com\/news\/2026\/09\/04\/as-gripes-seguidas-em-criancas-que-entraram-na-creche-nao-se-devem-apenas-a-imunidade-fraca-mas-sim-na-maioria-a-exposicao-normal-a-virus-nessa-fase-da-vida\/#respond"]}]},{"@type":"WebPage","@id":"https:\/\/www.tuasaude.com\/news\/2026\/09\/04\/as-gripes-seguidas-em-criancas-que-entraram-na-creche-nao-se-devem-apenas-a-imunidade-fraca-mas-sim-na-maioria-a-exposicao-normal-a-virus-nessa-fase-da-vida\/","url":"https:\/\/www.tuasaude.com\/news\/2026\/09\/04\/as-gripes-seguidas-em-criancas-que-entraram-na-creche-nao-se-devem-apenas-a-imunidade-fraca-mas-sim-na-maioria-a-exposicao-normal-a-virus-nessa-fase-da-vida\/","name":"As gripes seguidas em crian\u00e7as que entraram na creche n\u00e3o se devem apenas \u00e0 imunidade fraca, mas sim na maioria \u00e0 exposi\u00e7\u00e3o normal a v\u00edrus nessa fase da vida - Tua Sa\u00fade","isPartOf":{"@id":"https:\/\/www.tuasaude.com\/news\/#website"},"primaryImageOfPage":{"@id":"https:\/\/www.tuasaude.com\/news\/2026\/09\/04\/as-gripes-seguidas-em-criancas-que-entraram-na-creche-nao-se-devem-apenas-a-imunidade-fraca-mas-sim-na-maioria-a-exposicao-normal-a-virus-nessa-fase-da-vida\/#primaryimage"},"image":{"@id":"https:\/\/www.tuasaude.com\/news\/2026\/09\/04\/as-gripes-seguidas-em-criancas-que-entraram-na-creche-nao-se-devem-apenas-a-imunidade-fraca-mas-sim-na-maioria-a-exposicao-normal-a-virus-nessa-fase-da-vida\/#primaryimage"},"thumbnailUrl":"https:\/\/www.tuasaude.com\/news\/wp-content\/uploads\/2026\/09\/Girl_sitting_at_preschool_table_202609022040.jpg","datePublished":"2026-09-04T17:10:00+00:00","author":{"@id":"https:\/\/www.tuasaude.com\/news\/#\/schema\/person\/da63bccfbda5c95cfbf2d37c4276fca0"},"description":"Gripes seguidas na creche nem sempre indicam imunidade fraca. Entenda por que as infec\u00e7\u00f5es aumentam e quais sinais merecem avalia\u00e7\u00e3o m\u00e9dica.","breadcrumb":{"@id":"https:\/\/www.tuasaude.com\/news\/2026\/09\/04\/as-gripes-seguidas-em-criancas-que-entraram-na-creche-nao-se-devem-apenas-a-imunidade-fraca-mas-sim-na-maioria-a-exposicao-normal-a-virus-nessa-fase-da-vida\/#breadcrumb"},"inLanguage":"pt-BR","potentialAction":[{"@type":"ReadAction","target":["https:\/\/www.tuasaude.com\/news\/2026\/09\/04\/as-gripes-seguidas-em-criancas-que-entraram-na-creche-nao-se-devem-apenas-a-imunidade-fraca-mas-sim-na-maioria-a-exposicao-normal-a-virus-nessa-fase-da-vida\/"]}]},{"@type":"ImageObject","inLanguage":"pt-BR","@id":"https:\/\/www.tuasaude.com\/news\/2026\/09\/04\/as-gripes-seguidas-em-criancas-que-entraram-na-creche-nao-se-devem-apenas-a-imunidade-fraca-mas-sim-na-maioria-a-exposicao-normal-a-virus-nessa-fase-da-vida\/#primaryimage","url":"https:\/\/www.tuasaude.com\/news\/wp-content\/uploads\/2026\/09\/Girl_sitting_at_preschool_table_202609022040.jpg","contentUrl":"https:\/\/www.tuasaude.com\/news\/wp-content\/uploads\/2026\/09\/Girl_sitting_at_preschool_table_202609022040.jpg","width":1280,"height":714,"caption":"As gripes seguidas em crian\u00e7as que entraram na creche n\u00e3o se devem apenas \u00e0 imunidade fraca, mas sim na maioria \u00e0 exposi\u00e7\u00e3o normal a v\u00edrus nessa fase da vida"},{"@type":"BreadcrumbList","@id":"https:\/\/www.tuasaude.com\/news\/2026\/09\/04\/as-gripes-seguidas-em-criancas-que-entraram-na-creche-nao-se-devem-apenas-a-imunidade-fraca-mas-sim-na-maioria-a-exposicao-normal-a-virus-nessa-fase-da-vida\/#breadcrumb","itemListElement":[{"@type":"ListItem","position":1,"name":"In\u00edcio","item":"https:\/\/www.tuasaude.com\/news\/"},{"@type":"ListItem","position":2,"name":"As gripes seguidas em crian\u00e7as que entraram na creche n\u00e3o se devem apenas \u00e0 imunidade fraca, mas sim na maioria \u00e0 exposi\u00e7\u00e3o normal a v\u00edrus nessa fase da vida"}]},{"@type":"WebSite","@id":"https:\/\/www.tuasaude.com\/news\/#website","url":"https:\/\/www.tuasaude.com\/news\/","name":"Tua Sa\u00fade","description":"Seu site de sa\u00fade","potentialAction":[{"@type":"SearchAction","target":{"@type":"EntryPoint","urlTemplate":"https:\/\/www.tuasaude.com\/news\/?s={search_term_string}"},"query-input":{"@type":"PropertyValueSpecification","valueRequired":true,"valueName":"search_term_string"}}],"inLanguage":"pt-BR"},{"@type":"Person","@id":"https:\/\/www.tuasaude.com\/news\/#\/schema\/person\/da63bccfbda5c95cfbf2d37c4276fca0","name":"Maycon Geovane","image":{"@type":"ImageObject","inLanguage":"pt-BR","@id":"https:\/\/www.tuasaude.com\/news\/#\/schema\/person\/image\/","url":"https:\/\/secure.gravatar.com\/avatar\/4f4908cf0a2f249a9f1137f9d5769cacc373d9aee67910cc212a09a346873b7d?s=96&d=mm&r=g","contentUrl":"https:\/\/secure.gravatar.com\/avatar\/4f4908cf0a2f249a9f1137f9d5769cacc373d9aee67910cc212a09a346873b7d?s=96&d=mm&r=g","caption":"Maycon Geovane"},"sameAs":["https:\/\/www.tuasaude.com\/news\/"],"url":"https:\/\/www.tuasaude.com\/news\/author\/maycongeovane\/"}]}},"_links":{"self":[{"href":"https:\/\/www.tuasaude.com\/news\/wp-json\/wp\/v2\/posts\/107310","targetHints":{"allow":["GET"]}}],"collection":[{"href":"https:\/\/www.tuasaude.com\/news\/wp-json\/wp\/v2\/posts"}],"about":[{"href":"https:\/\/www.tuasaude.com\/news\/wp-json\/wp\/v2\/types\/post"}],"author":[{"embeddable":true,"href":"https:\/\/www.tuasaude.com\/news\/wp-json\/wp\/v2\/users\/16"}],"replies":[{"embeddable":true,"href":"https:\/\/www.tuasaude.com\/news\/wp-json\/wp\/v2\/comments?post=107310"}],"version-history":[{"count":1,"href":"https:\/\/www.tuasaude.com\/news\/wp-json\/wp\/v2\/posts\/107310\/revisions"}],"predecessor-version":[{"id":107314,"href":"https:\/\/www.tuasaude.com\/news\/wp-json\/wp\/v2\/posts\/107310\/revisions\/107314"}],"wp:featuredmedia":[{"embeddable":true,"href":"https:\/\/www.tuasaude.com\/news\/wp-json\/wp\/v2\/media\/107311"}],"wp:attachment":[{"href":"https:\/\/www.tuasaude.com\/news\/wp-json\/wp\/v2\/media?parent=107310"}],"wp:term":[{"taxonomy":"category","embeddable":true,"href":"https:\/\/www.tuasaude.com\/news\/wp-json\/wp\/v2\/categories?post=107310"},{"taxonomy":"post_tag","embeddable":true,"href":"https:\/\/www.tuasaude.com\/news\/wp-json\/wp\/v2\/tags?post=107310"}],"curies":[{"name":"wp","href":"https:\/\/api.w.org\/{rel}","templated":true}]}}