{"id":107305,"date":"2026-09-04T12:35:00","date_gmt":"2026-09-04T15:35:00","guid":{"rendered":"https:\/\/www.tuasaude.com\/news\/?p=107305"},"modified":"2026-09-02T20:38:00","modified_gmt":"2026-09-02T23:38:00","slug":"a-vitamina-d-nao-protege-todo-mundo-contra-infeccoes-respiratorias-mas-sim-na-maioria-quem-ja-esta-com-falta-dela","status":"publish","type":"post","link":"https:\/\/www.tuasaude.com\/news\/2026\/09\/04\/a-vitamina-d-nao-protege-todo-mundo-contra-infeccoes-respiratorias-mas-sim-na-maioria-quem-ja-esta-com-falta-dela\/","title":{"rendered":"A vitamina D n\u00e3o protege todo mundo contra infec\u00e7\u00f5es respirat\u00f3rias, mas sim na maioria quem j\u00e1 est\u00e1 com falta dela"},"content":{"rendered":"\n<p class=\"wp-block-paragraph\">A ideia de que a vitamina D funciona como um escudo universal contra gripes, resfriados e outras infec\u00e7\u00f5es respirat\u00f3rias virou senso comum, mas os estudos mostram uma realidade mais matizada. O efeito protetor existe, \u00e9 modesto no conjunto da popula\u00e7\u00e3o e se concentra em pessoas que j\u00e1 apresentam n\u00edveis baixos no exame de sangue. Entender esse recorte evita gasto desnecess\u00e1rio com suplementos e ajuda a direcionar a reposi\u00e7\u00e3o para quem realmente se beneficia.<\/p>\n\n\n\n<h2 class=\"wp-block-heading\">Por que a vitamina D \u00e9 associada \u00e0 imunidade respirat\u00f3ria?<\/h2>\n\n\n\n<p class=\"wp-block-paragraph\">A vitamina D atua em c\u00e9lulas do sistema imune e nas vias a\u00e9reas, favorecendo a produ\u00e7\u00e3o de pept\u00eddeos antimicrobianos e modulando a resposta inflamat\u00f3ria. Esse papel biol\u00f3gico explica o interesse em us\u00e1-la como forma de prevenir infec\u00e7\u00f5es respirat\u00f3rias agudas.<\/p>\n\n\n\n<p class=\"wp-block-paragraph\">Na pr\u00e1tica, por\u00e9m, o benef\u00edcio aparece de forma clara quando o organismo est\u00e1 em desvantagem: a prote\u00e7\u00e3o \u00e9 maior justamente em quem tem <a href=\"https:\/\/www.tuasaude.com\/deficiencia-de-vitamina-d\/\" target=\"_blank\" rel=\"noreferrer noopener\">falta de vitamina D<\/a> comprovada em exame, e n\u00e3o em quem j\u00e1 mant\u00e9m n\u00edveis adequados no sangue.<\/p>\n\n\n\n<h2 class=\"wp-block-heading\">Quem realmente pode se beneficiar da suplementa\u00e7\u00e3o?<\/h2>\n\n\n\n<p class=\"wp-block-paragraph\">Idosos, gestantes, pessoas com pele mais escura, obesidade, doen\u00e7as intestinais ou hep\u00e1ticas e quem passa a maior parte do dia em ambientes fechados s\u00e3o os grupos mais expostos \u00e0 defici\u00eancia. Nesse perfil, corrigir a car\u00eancia tende a ter impacto percept\u00edvel na frequ\u00eancia de infec\u00e7\u00f5es respirat\u00f3rias.<\/p>\n\n\n\n<p class=\"wp-block-paragraph\">J\u00e1 em adultos saud\u00e1veis com boa exposi\u00e7\u00e3o solar e alimenta\u00e7\u00e3o equilibrada, o suplemento n\u00e3o substitui vacina, higiene das m\u00e3os, sono e outros h\u00e1bitos protetores, e o ganho adicional para prevenir gripes e resfriados \u00e9 pequeno ou incerto.<\/p>\n\n\n<div class=\"wp-block-image\">\n<figure class=\"aligncenter size-large\"><img decoding=\"async\" width=\"1024\" height=\"571\" src=\"https:\/\/www.tuasaude.com\/news\/wp-content\/uploads\/2026\/09\/Vitamina_D_e_infeccoes_respirato\u2026_202609022037-1024x571.jpg\" alt=\"Defici\u00eancia, exposi\u00e7\u00e3o solar, alimenta\u00e7\u00e3o e avalia\u00e7\u00e3o m\u00e9dica orientam a reposi\u00e7\u00e3o de vitamina D.\" class=\"wp-image-107307\" srcset=\"https:\/\/www.tuasaude.com\/news\/wp-content\/uploads\/2026\/09\/Vitamina_D_e_infeccoes_respirato\u2026_202609022037-1024x571.jpg 1024w, https:\/\/www.tuasaude.com\/news\/wp-content\/uploads\/2026\/09\/Vitamina_D_e_infeccoes_respirato\u2026_202609022037-300x167.jpg 300w, https:\/\/www.tuasaude.com\/news\/wp-content\/uploads\/2026\/09\/Vitamina_D_e_infeccoes_respirato\u2026_202609022037-768x428.jpg 768w, https:\/\/www.tuasaude.com\/news\/wp-content\/uploads\/2026\/09\/Vitamina_D_e_infeccoes_respirato\u2026_202609022037-750x418.jpg 750w, https:\/\/www.tuasaude.com\/news\/wp-content\/uploads\/2026\/09\/Vitamina_D_e_infeccoes_respirato\u2026_202609022037-1140x636.jpg 1140w, https:\/\/www.tuasaude.com\/news\/wp-content\/uploads\/2026\/09\/Vitamina_D_e_infeccoes_respirato\u2026_202609022037.jpg 1280w\" sizes=\"(max-width: 1024px) 100vw, 1024px\" \/><figcaption class=\"wp-element-caption\">Defici\u00eancia, exposi\u00e7\u00e3o solar, alimenta\u00e7\u00e3o e avalia\u00e7\u00e3o m\u00e9dica orientam a reposi\u00e7\u00e3o de vitamina D.<\/figcaption><\/figure>\n<\/div>\n\n\n<h2 class=\"wp-block-heading\">Quais fatores aumentam o risco de vitamina D baixa?<\/h2>\n\n\n\n<p class=\"wp-block-paragraph\">Antes de pensar em suplemento, vale identificar situa\u00e7\u00f5es que favorecem a defici\u00eancia e devem ser discutidas com o m\u00e9dico:<\/p>\n\n\n\n<ul class=\"wp-block-list\">\n<li>Idade acima de 60 anos, quando a pele produz menos vitamina D pela luz solar<\/li>\n\n\n\n<li>Pele mais escura, que sintetiza menos vitamina com a mesma exposi\u00e7\u00e3o ao sol<\/li>\n\n\n\n<li>Trabalho em ambientes fechados, com pouco contato com o sol da manh\u00e3<\/li>\n\n\n\n<li>Obesidade e cirurgia bari\u00e1trica, que reduzem a disponibilidade da vitamina<\/li>\n\n\n\n<li>Doen\u00e7as intestinais, como Crohn, doen\u00e7a cel\u00edaca e insufici\u00eancia pancre\u00e1tica<\/li>\n\n\n\n<li>Doen\u00e7as renais ou hep\u00e1ticas cr\u00f4nicas, que atrapalham a ativa\u00e7\u00e3o da vitamina<\/li>\n\n\n\n<li>Uso cont\u00ednuo de anticonvulsivantes, corticoides ou orlistat<\/li>\n\n\n\n<li>Baixo consumo de <a href=\"https:\/\/www.tuasaude.com\/alimentos-ricos-em-vitamina-d\/\" target=\"_blank\" rel=\"noreferrer noopener\">alimentos ricos em vitamina D<\/a>, como salm\u00e3o, sardinha, ovos e leite<\/li>\n<\/ul>\n\n\n\n<h2 class=\"wp-block-heading\">O que um estudo cient\u00edfico mostra sobre suplementa\u00e7\u00e3o e infec\u00e7\u00f5es?<\/h2>\n\n\n\n<p class=\"wp-block-paragraph\">A pergunta se todos deveriam suplementar vitamina D para evitar infec\u00e7\u00f5es respirat\u00f3rias j\u00e1 foi respondida por uma das an\u00e1lises mais robustas do tema, que reuniu dados individuais de milhares de participantes de ensaios cl\u00ednicos em v\u00e1rios pa\u00edses. O trabalho conseguiu comparar o efeito conforme os n\u00edveis iniciais no sangue e o esquema de dose utilizado.<\/p>\n\n\n\n<p class=\"wp-block-paragraph\">Segundo <a href=\"https:\/\/pubmed.ncbi.nlm.nih.gov\/28202713\/\" target=\"_blank\" rel=\"noreferrer noopener\">Vitamin D supplementation to prevent acute respiratory tract infections systematic review and meta-analysis of individual participant data<\/a>, metan\u00e1lise publicada na revista cient\u00edfica <em>BMJ<\/em>, a suplementa\u00e7\u00e3o reduziu de forma modesta o risco de infec\u00e7\u00f5es respirat\u00f3rias na popula\u00e7\u00e3o geral, mas a prote\u00e7\u00e3o foi muito maior em pessoas com defici\u00eancia grave e em quem recebeu doses di\u00e1rias ou semanais, e n\u00e3o em quem tomou megadoses isoladas.<\/p>\n\n\n<div class=\"wp-block-image\">\n<figure class=\"aligncenter size-large\"><img decoding=\"async\" width=\"1024\" height=\"571\" src=\"https:\/\/www.tuasaude.com\/news\/wp-content\/uploads\/2026\/09\/Man_reviewing_blood_test_results_202609022036-1024x571.jpg\" alt=\"Suplementa\u00e7\u00e3o de vitamina D deve considerar exames e o risco individual de defici\u00eancia.\" class=\"wp-image-107308\" srcset=\"https:\/\/www.tuasaude.com\/news\/wp-content\/uploads\/2026\/09\/Man_reviewing_blood_test_results_202609022036-1024x571.jpg 1024w, https:\/\/www.tuasaude.com\/news\/wp-content\/uploads\/2026\/09\/Man_reviewing_blood_test_results_202609022036-300x167.jpg 300w, https:\/\/www.tuasaude.com\/news\/wp-content\/uploads\/2026\/09\/Man_reviewing_blood_test_results_202609022036-768x428.jpg 768w, https:\/\/www.tuasaude.com\/news\/wp-content\/uploads\/2026\/09\/Man_reviewing_blood_test_results_202609022036-750x418.jpg 750w, https:\/\/www.tuasaude.com\/news\/wp-content\/uploads\/2026\/09\/Man_reviewing_blood_test_results_202609022036-1140x636.jpg 1140w, https:\/\/www.tuasaude.com\/news\/wp-content\/uploads\/2026\/09\/Man_reviewing_blood_test_results_202609022036.jpg 1280w\" sizes=\"(max-width: 1024px) 100vw, 1024px\" \/><figcaption class=\"wp-element-caption\">Suplementa\u00e7\u00e3o de vitamina D deve considerar exames e o risco individual de defici\u00eancia.<\/figcaption><\/figure>\n<\/div>\n\n\n<h2 class=\"wp-block-heading\">Como fazer a reposi\u00e7\u00e3o da forma mais segura?<\/h2>\n\n\n\n<p class=\"wp-block-paragraph\">A decis\u00e3o de suplementar deve come\u00e7ar com avalia\u00e7\u00e3o m\u00e9dica e exame de sangue, e n\u00e3o com autoprescri\u00e7\u00e3o. Depois do diagn\u00f3stico, algumas orienta\u00e7\u00f5es pr\u00e1ticas ajudam a aproveitar melhor o tratamento e reduzir riscos:<\/p>\n\n\n\n<ol class=\"wp-block-list\">\n<li>Dosar a 25-hidroxivitamina D antes de iniciar a suplementa\u00e7\u00e3o, para saber se ela \u00e9 necess\u00e1ria<\/li>\n\n\n\n<li>Preferir esquemas di\u00e1rios ou semanais em vez de doses \u00fanicas muito altas, mais eficazes para elevar os n\u00edveis<\/li>\n\n\n\n<li>Seguir a <a href=\"https:\/\/www.tuasaude.com\/vitamina-d\/\" target=\"_blank\" rel=\"noreferrer noopener\">dose de vitamina D recomendada<\/a> para a idade e o quadro, sob orienta\u00e7\u00e3o profissional<\/li>\n\n\n\n<li>Tomar o suplemento junto de uma refei\u00e7\u00e3o com alguma gordura, para melhorar a absor\u00e7\u00e3o intestinal<\/li>\n\n\n\n<li>Manter exposi\u00e7\u00e3o solar moderada e segura, respeitando o tipo de pele<\/li>\n\n\n\n<li>Repetir o exame de sangue ap\u00f3s alguns meses para ajustar a dose e evitar excesso, que tamb\u00e9m traz riscos<\/li>\n\n\n\n<li>N\u00e3o abandonar vacinas contra gripe e outras medidas de preven\u00e7\u00e3o de infec\u00e7\u00f5es respirat\u00f3rias<\/li>\n<\/ol>\n\n\n\n<p class=\"wp-block-paragraph\">Suplementar vitamina D sem avalia\u00e7\u00e3o m\u00e9dica raramente traz o benef\u00edcio esperado e pode mascarar outras causas de infec\u00e7\u00f5es de repeti\u00e7\u00e3o. Agende uma consulta com o cl\u00ednico geral, endocrinologista ou nutricionista para avaliar seus exames e definir a melhor estrat\u00e9gia para o seu caso.<\/p>\n\n\n\n<p class=\"wp-block-paragraph\"><em>Este conte\u00fado tem car\u00e1ter apenas informativo e n\u00e3o substitui a avalia\u00e7\u00e3o, o diagn\u00f3stico ou a orienta\u00e7\u00e3o de um profissional de sa\u00fade.<\/em><\/p>\n","protected":false},"excerpt":{"rendered":"<p>A ideia de que a vitamina D funciona como um escudo universal contra gripes, resfriados e outras infec\u00e7\u00f5es respirat\u00f3rias virou senso comum, mas os estudos mostram uma realidade mais matizada. O efeito protetor existe, \u00e9 modesto no conjunto da popula\u00e7\u00e3o e se concentra em pessoas que j\u00e1 apresentam n\u00edveis baixos no exame de sangue. Entender [&hellip;]<\/p>\n","protected":false},"author":16,"featured_media":107306,"comment_status":"open","ping_status":"open","sticky":false,"template":"","format":"standard","meta":{"_yoast_wpseo_focuskw":"vitamina D e infec\u00e7\u00f5es respirat\u00f3rias","_yoast_wpseo_title":"","_yoast_wpseo_metadesc":"A vitamina D pode reduzir modestamente infec\u00e7\u00f5es respirat\u00f3rias, mas o benef\u00edcio \u00e9 maior em quem tem defici\u00eancia comprovada no exame de sangue.","jnews-multi-image_gallery":[],"jnews_single_post":{"format":"standard"},"jnews_primary_category":[],"jnews_social_meta":[],"jnews_override_counter":[],"footnotes":""},"categories":[111],"tags":[13026,5159,13025,136,114],"class_list":["post-107305","post","type-post","status-publish","format-standard","has-post-thumbnail","hentry","category-saude","tag-falta-dela","tag-infeccoes-respiratorias","tag-protege","tag-saude","tag-vitamina-d"],"yoast_head":"<!-- This site is optimized with the Yoast SEO plugin v26.7 - https:\/\/yoast.com\/wordpress\/plugins\/seo\/ -->\n<title>A vitamina D n\u00e3o protege todo mundo contra infec\u00e7\u00f5es respirat\u00f3rias, mas sim na maioria quem j\u00e1 est\u00e1 com falta dela - Tua Sa\u00fade<\/title>\n<meta name=\"description\" content=\"A vitamina D pode reduzir modestamente infec\u00e7\u00f5es respirat\u00f3rias, mas o benef\u00edcio \u00e9 maior em quem tem defici\u00eancia comprovada no exame de sangue.\" \/>\n<meta name=\"robots\" content=\"index, follow, max-snippet:-1, max-image-preview:large, max-video-preview:-1\" \/>\n<link rel=\"canonical\" href=\"https:\/\/www.tuasaude.com\/news\/2026\/09\/04\/a-vitamina-d-nao-protege-todo-mundo-contra-infeccoes-respiratorias-mas-sim-na-maioria-quem-ja-esta-com-falta-dela\/\" \/>\n<meta property=\"og:locale\" content=\"pt_BR\" \/>\n<meta property=\"og:type\" content=\"article\" \/>\n<meta property=\"og:title\" content=\"A vitamina D n\u00e3o protege todo mundo contra infec\u00e7\u00f5es respirat\u00f3rias, mas sim na maioria quem j\u00e1 est\u00e1 com falta dela - Tua Sa\u00fade\" \/>\n<meta property=\"og:description\" content=\"A vitamina D pode reduzir modestamente infec\u00e7\u00f5es respirat\u00f3rias, mas o benef\u00edcio \u00e9 maior em quem tem defici\u00eancia comprovada no exame de sangue.\" \/>\n<meta property=\"og:url\" content=\"https:\/\/www.tuasaude.com\/news\/2026\/09\/04\/a-vitamina-d-nao-protege-todo-mundo-contra-infeccoes-respiratorias-mas-sim-na-maioria-quem-ja-esta-com-falta-dela\/\" \/>\n<meta property=\"og:site_name\" content=\"Tua Sa\u00fade\" \/>\n<meta property=\"article:published_time\" content=\"2026-09-04T15:35:00+00:00\" \/>\n<meta property=\"og:image\" content=\"https:\/\/www.tuasaude.com\/news\/wp-content\/uploads\/2026\/09\/Woman_eating_breakfast_at_balcony_202609022036.jpg\" \/>\n\t<meta property=\"og:image:width\" content=\"1280\" \/>\n\t<meta property=\"og:image:height\" content=\"714\" \/>\n\t<meta property=\"og:image:type\" content=\"image\/jpeg\" \/>\n<meta name=\"author\" content=\"Maycon Geovane\" \/>\n<meta name=\"twitter:card\" content=\"summary_large_image\" \/>\n<meta name=\"twitter:label1\" content=\"Escrito por\" \/>\n\t<meta name=\"twitter:data1\" content=\"Maycon Geovane\" \/>\n\t<meta name=\"twitter:label2\" content=\"Est. tempo de leitura\" \/>\n\t<meta name=\"twitter:data2\" content=\"5 minutos\" \/>\n<!-- \/ Yoast SEO plugin. -->","yoast_head_json":{"title":"A vitamina D n\u00e3o protege todo mundo contra infec\u00e7\u00f5es respirat\u00f3rias, mas sim na maioria quem j\u00e1 est\u00e1 com falta dela - Tua Sa\u00fade","description":"A vitamina D pode reduzir modestamente infec\u00e7\u00f5es respirat\u00f3rias, mas o benef\u00edcio \u00e9 maior em quem tem defici\u00eancia comprovada no exame de sangue.","robots":{"index":"index","follow":"follow","max-snippet":"max-snippet:-1","max-image-preview":"max-image-preview:large","max-video-preview":"max-video-preview:-1"},"canonical":"https:\/\/www.tuasaude.com\/news\/2026\/09\/04\/a-vitamina-d-nao-protege-todo-mundo-contra-infeccoes-respiratorias-mas-sim-na-maioria-quem-ja-esta-com-falta-dela\/","og_locale":"pt_BR","og_type":"article","og_title":"A vitamina D n\u00e3o protege todo mundo contra infec\u00e7\u00f5es respirat\u00f3rias, mas sim na maioria quem j\u00e1 est\u00e1 com falta dela - Tua Sa\u00fade","og_description":"A vitamina D pode reduzir modestamente infec\u00e7\u00f5es respirat\u00f3rias, mas o benef\u00edcio \u00e9 maior em quem tem defici\u00eancia comprovada no exame de sangue.","og_url":"https:\/\/www.tuasaude.com\/news\/2026\/09\/04\/a-vitamina-d-nao-protege-todo-mundo-contra-infeccoes-respiratorias-mas-sim-na-maioria-quem-ja-esta-com-falta-dela\/","og_site_name":"Tua Sa\u00fade","article_published_time":"2026-09-04T15:35:00+00:00","og_image":[{"width":1280,"height":714,"url":"https:\/\/www.tuasaude.com\/news\/wp-content\/uploads\/2026\/09\/Woman_eating_breakfast_at_balcony_202609022036.jpg","type":"image\/jpeg"}],"author":"Maycon Geovane","twitter_card":"summary_large_image","twitter_misc":{"Escrito por":"Maycon Geovane","Est. tempo de leitura":"5 minutos"},"schema":{"@context":"https:\/\/schema.org","@graph":[{"@type":"Article","@id":"https:\/\/www.tuasaude.com\/news\/2026\/09\/04\/a-vitamina-d-nao-protege-todo-mundo-contra-infeccoes-respiratorias-mas-sim-na-maioria-quem-ja-esta-com-falta-dela\/#article","isPartOf":{"@id":"https:\/\/www.tuasaude.com\/news\/2026\/09\/04\/a-vitamina-d-nao-protege-todo-mundo-contra-infeccoes-respiratorias-mas-sim-na-maioria-quem-ja-esta-com-falta-dela\/"},"author":{"name":"Maycon Geovane","@id":"https:\/\/www.tuasaude.com\/news\/#\/schema\/person\/da63bccfbda5c95cfbf2d37c4276fca0"},"headline":"A vitamina D n\u00e3o protege todo mundo contra infec\u00e7\u00f5es respirat\u00f3rias, mas sim na maioria quem j\u00e1 est\u00e1 com falta dela","datePublished":"2026-09-04T15:35:00+00:00","mainEntityOfPage":{"@id":"https:\/\/www.tuasaude.com\/news\/2026\/09\/04\/a-vitamina-d-nao-protege-todo-mundo-contra-infeccoes-respiratorias-mas-sim-na-maioria-quem-ja-esta-com-falta-dela\/"},"wordCount":872,"commentCount":0,"image":{"@id":"https:\/\/www.tuasaude.com\/news\/2026\/09\/04\/a-vitamina-d-nao-protege-todo-mundo-contra-infeccoes-respiratorias-mas-sim-na-maioria-quem-ja-esta-com-falta-dela\/#primaryimage"},"thumbnailUrl":"https:\/\/www.tuasaude.com\/news\/wp-content\/uploads\/2026\/09\/Woman_eating_breakfast_at_balcony_202609022036.jpg","keywords":["falta dela","infec\u00e7\u00f5es respirat\u00f3rias","protege","sa\u00fade","vitamina d"],"articleSection":["Sa\u00fade"],"inLanguage":"pt-BR","potentialAction":[{"@type":"CommentAction","name":"Comment","target":["https:\/\/www.tuasaude.com\/news\/2026\/09\/04\/a-vitamina-d-nao-protege-todo-mundo-contra-infeccoes-respiratorias-mas-sim-na-maioria-quem-ja-esta-com-falta-dela\/#respond"]}]},{"@type":"WebPage","@id":"https:\/\/www.tuasaude.com\/news\/2026\/09\/04\/a-vitamina-d-nao-protege-todo-mundo-contra-infeccoes-respiratorias-mas-sim-na-maioria-quem-ja-esta-com-falta-dela\/","url":"https:\/\/www.tuasaude.com\/news\/2026\/09\/04\/a-vitamina-d-nao-protege-todo-mundo-contra-infeccoes-respiratorias-mas-sim-na-maioria-quem-ja-esta-com-falta-dela\/","name":"A vitamina D n\u00e3o protege todo mundo contra infec\u00e7\u00f5es respirat\u00f3rias, mas sim na maioria quem j\u00e1 est\u00e1 com falta dela - Tua Sa\u00fade","isPartOf":{"@id":"https:\/\/www.tuasaude.com\/news\/#website"},"primaryImageOfPage":{"@id":"https:\/\/www.tuasaude.com\/news\/2026\/09\/04\/a-vitamina-d-nao-protege-todo-mundo-contra-infeccoes-respiratorias-mas-sim-na-maioria-quem-ja-esta-com-falta-dela\/#primaryimage"},"image":{"@id":"https:\/\/www.tuasaude.com\/news\/2026\/09\/04\/a-vitamina-d-nao-protege-todo-mundo-contra-infeccoes-respiratorias-mas-sim-na-maioria-quem-ja-esta-com-falta-dela\/#primaryimage"},"thumbnailUrl":"https:\/\/www.tuasaude.com\/news\/wp-content\/uploads\/2026\/09\/Woman_eating_breakfast_at_balcony_202609022036.jpg","datePublished":"2026-09-04T15:35:00+00:00","author":{"@id":"https:\/\/www.tuasaude.com\/news\/#\/schema\/person\/da63bccfbda5c95cfbf2d37c4276fca0"},"description":"A vitamina D pode reduzir modestamente infec\u00e7\u00f5es respirat\u00f3rias, mas o benef\u00edcio \u00e9 maior em quem tem defici\u00eancia comprovada no exame de sangue.","breadcrumb":{"@id":"https:\/\/www.tuasaude.com\/news\/2026\/09\/04\/a-vitamina-d-nao-protege-todo-mundo-contra-infeccoes-respiratorias-mas-sim-na-maioria-quem-ja-esta-com-falta-dela\/#breadcrumb"},"inLanguage":"pt-BR","potentialAction":[{"@type":"ReadAction","target":["https:\/\/www.tuasaude.com\/news\/2026\/09\/04\/a-vitamina-d-nao-protege-todo-mundo-contra-infeccoes-respiratorias-mas-sim-na-maioria-quem-ja-esta-com-falta-dela\/"]}]},{"@type":"ImageObject","inLanguage":"pt-BR","@id":"https:\/\/www.tuasaude.com\/news\/2026\/09\/04\/a-vitamina-d-nao-protege-todo-mundo-contra-infeccoes-respiratorias-mas-sim-na-maioria-quem-ja-esta-com-falta-dela\/#primaryimage","url":"https:\/\/www.tuasaude.com\/news\/wp-content\/uploads\/2026\/09\/Woman_eating_breakfast_at_balcony_202609022036.jpg","contentUrl":"https:\/\/www.tuasaude.com\/news\/wp-content\/uploads\/2026\/09\/Woman_eating_breakfast_at_balcony_202609022036.jpg","width":1280,"height":714,"caption":"A vitamina D n\u00e3o protege todo mundo contra infec\u00e7\u00f5es respirat\u00f3rias, mas sim na maioria quem j\u00e1 est\u00e1 com falta dela"},{"@type":"BreadcrumbList","@id":"https:\/\/www.tuasaude.com\/news\/2026\/09\/04\/a-vitamina-d-nao-protege-todo-mundo-contra-infeccoes-respiratorias-mas-sim-na-maioria-quem-ja-esta-com-falta-dela\/#breadcrumb","itemListElement":[{"@type":"ListItem","position":1,"name":"In\u00edcio","item":"https:\/\/www.tuasaude.com\/news\/"},{"@type":"ListItem","position":2,"name":"A vitamina D n\u00e3o protege todo mundo contra infec\u00e7\u00f5es respirat\u00f3rias, mas sim na maioria quem j\u00e1 est\u00e1 com falta dela"}]},{"@type":"WebSite","@id":"https:\/\/www.tuasaude.com\/news\/#website","url":"https:\/\/www.tuasaude.com\/news\/","name":"Tua Sa\u00fade","description":"Seu site de sa\u00fade","potentialAction":[{"@type":"SearchAction","target":{"@type":"EntryPoint","urlTemplate":"https:\/\/www.tuasaude.com\/news\/?s={search_term_string}"},"query-input":{"@type":"PropertyValueSpecification","valueRequired":true,"valueName":"search_term_string"}}],"inLanguage":"pt-BR"},{"@type":"Person","@id":"https:\/\/www.tuasaude.com\/news\/#\/schema\/person\/da63bccfbda5c95cfbf2d37c4276fca0","name":"Maycon Geovane","image":{"@type":"ImageObject","inLanguage":"pt-BR","@id":"https:\/\/www.tuasaude.com\/news\/#\/schema\/person\/image\/","url":"https:\/\/secure.gravatar.com\/avatar\/4f4908cf0a2f249a9f1137f9d5769cacc373d9aee67910cc212a09a346873b7d?s=96&d=mm&r=g","contentUrl":"https:\/\/secure.gravatar.com\/avatar\/4f4908cf0a2f249a9f1137f9d5769cacc373d9aee67910cc212a09a346873b7d?s=96&d=mm&r=g","caption":"Maycon Geovane"},"sameAs":["https:\/\/www.tuasaude.com\/news\/"],"url":"https:\/\/www.tuasaude.com\/news\/author\/maycongeovane\/"}]}},"_links":{"self":[{"href":"https:\/\/www.tuasaude.com\/news\/wp-json\/wp\/v2\/posts\/107305","targetHints":{"allow":["GET"]}}],"collection":[{"href":"https:\/\/www.tuasaude.com\/news\/wp-json\/wp\/v2\/posts"}],"about":[{"href":"https:\/\/www.tuasaude.com\/news\/wp-json\/wp\/v2\/types\/post"}],"author":[{"embeddable":true,"href":"https:\/\/www.tuasaude.com\/news\/wp-json\/wp\/v2\/users\/16"}],"replies":[{"embeddable":true,"href":"https:\/\/www.tuasaude.com\/news\/wp-json\/wp\/v2\/comments?post=107305"}],"version-history":[{"count":1,"href":"https:\/\/www.tuasaude.com\/news\/wp-json\/wp\/v2\/posts\/107305\/revisions"}],"predecessor-version":[{"id":107309,"href":"https:\/\/www.tuasaude.com\/news\/wp-json\/wp\/v2\/posts\/107305\/revisions\/107309"}],"wp:featuredmedia":[{"embeddable":true,"href":"https:\/\/www.tuasaude.com\/news\/wp-json\/wp\/v2\/media\/107306"}],"wp:attachment":[{"href":"https:\/\/www.tuasaude.com\/news\/wp-json\/wp\/v2\/media?parent=107305"}],"wp:term":[{"taxonomy":"category","embeddable":true,"href":"https:\/\/www.tuasaude.com\/news\/wp-json\/wp\/v2\/categories?post=107305"},{"taxonomy":"post_tag","embeddable":true,"href":"https:\/\/www.tuasaude.com\/news\/wp-json\/wp\/v2\/tags?post=107305"}],"curies":[{"name":"wp","href":"https:\/\/api.w.org\/{rel}","templated":true}]}}