{"id":107284,"date":"2026-09-04T08:50:00","date_gmt":"2026-09-04T11:50:00","guid":{"rendered":"https:\/\/www.tuasaude.com\/news\/?p=107284"},"modified":"2026-09-02T20:20:39","modified_gmt":"2026-09-02T23:20:39","slug":"a-falta-de-ar-ao-subir-escadas-em-quem-fuma-ha-anos-nao-se-deve-apenas-a-falta-de-condicionamento-mas-sim-na-maioria-a-uma-dpoc-ainda-nao-diagnosticada","status":"publish","type":"post","link":"https:\/\/www.tuasaude.com\/news\/2026\/09\/04\/a-falta-de-ar-ao-subir-escadas-em-quem-fuma-ha-anos-nao-se-deve-apenas-a-falta-de-condicionamento-mas-sim-na-maioria-a-uma-dpoc-ainda-nao-diagnosticada\/","title":{"rendered":"A falta de ar ao subir escadas em fumantes pode ser DPOC n\u00e3o diagnosticada"},"content":{"rendered":"\n<p class=\"wp-block-paragraph\">Sentir o f\u00f4lego acabar depois de dois lances de escada \u00e9 f\u00e1cil de confundir com sedentarismo, idade ou alguns quilos a mais. Em quem fuma h\u00e1 anos, por\u00e9m, essa dificuldade progressiva costuma ter outro motivo: a doen\u00e7a pulmonar obstrutiva cr\u00f4nica, ou DPOC, uma perda gradual e silenciosa da fun\u00e7\u00e3o dos pulm\u00f5es que na maior parte dos casos ainda n\u00e3o recebeu diagn\u00f3stico. Reconhecer o padr\u00e3o cedo pode mudar o rumo da doen\u00e7a e da qualidade de vida.<\/p>\n\n\n\n<h2 class=\"wp-block-heading\">Por que a falta de ar em fumantes costuma ser DPOC?<\/h2>\n\n\n\n<p class=\"wp-block-paragraph\">O cigarro provoca inflama\u00e7\u00e3o persistente nas vias a\u00e9reas e destrui\u00e7\u00e3o gradual dos alv\u00e9olos, estruturas respons\u00e1veis pelas trocas gasosas. Como esse processo acontece devagar, o corpo se adapta e a pessoa reduz atividades sem perceber, atribuindo o cansa\u00e7o ao envelhecimento.<\/p>\n\n\n\n<p class=\"wp-block-paragraph\">Com o tempo, o fluxo de ar fica limitado e surgem falta de ar progressiva, tosse cr\u00f4nica e chiado no peito. Esse conjunto de sinais \u00e9 a marca da <a href=\"https:\/\/www.tuasaude.com\/doenca-pulmonar-obstrutiva-cronica-dpoc\/\" target=\"_blank\" rel=\"noreferrer noopener\">doen\u00e7a pulmonar obstrutiva cr\u00f4nica<\/a>, que engloba a bronquite cr\u00f4nica e o enfisema pulmonar.<\/p>\n\n\n\n<h2 class=\"wp-block-heading\">Como diferenciar DPOC de sedentarismo ou envelhecimento?<\/h2>\n\n\n\n<p class=\"wp-block-paragraph\">Falta de ar por sedentarismo melhora com poucas semanas de atividade f\u00edsica regular e n\u00e3o vem acompanhada de tosse persistente. J\u00e1 a dispneia da DPOC piora com o tempo, aparece em esfor\u00e7os cada vez menores e n\u00e3o some com o descanso.<\/p>\n\n\n\n<p class=\"wp-block-paragraph\">Chiado no peito, tosse pela manh\u00e3, catarro frequente e infec\u00e7\u00f5es respirat\u00f3rias que se repetem refor\u00e7am a suspeita. Em fumantes com mais de 40 anos, esse conjunto raramente \u00e9 apenas condicionamento e merece avalia\u00e7\u00e3o com pneumologista.<\/p>\n\n\n<div class=\"wp-block-image\">\n<figure class=\"aligncenter size-large\"><img decoding=\"async\" width=\"1024\" height=\"571\" src=\"https:\/\/www.tuasaude.com\/news\/wp-content\/uploads\/2026\/09\/COPD_medical_infographic_illustr\u2026_202609022019-1024x571.jpg\" alt=\"Tosse, chiado, falta de ar e espirometria ajudam a investigar a DPOC.\" class=\"wp-image-107286\" srcset=\"https:\/\/www.tuasaude.com\/news\/wp-content\/uploads\/2026\/09\/COPD_medical_infographic_illustr\u2026_202609022019-1024x571.jpg 1024w, https:\/\/www.tuasaude.com\/news\/wp-content\/uploads\/2026\/09\/COPD_medical_infographic_illustr\u2026_202609022019-300x167.jpg 300w, https:\/\/www.tuasaude.com\/news\/wp-content\/uploads\/2026\/09\/COPD_medical_infographic_illustr\u2026_202609022019-768x428.jpg 768w, https:\/\/www.tuasaude.com\/news\/wp-content\/uploads\/2026\/09\/COPD_medical_infographic_illustr\u2026_202609022019-750x418.jpg 750w, https:\/\/www.tuasaude.com\/news\/wp-content\/uploads\/2026\/09\/COPD_medical_infographic_illustr\u2026_202609022019-1140x636.jpg 1140w, https:\/\/www.tuasaude.com\/news\/wp-content\/uploads\/2026\/09\/COPD_medical_infographic_illustr\u2026_202609022019.jpg 1280w\" sizes=\"(max-width: 1024px) 100vw, 1024px\" \/><figcaption class=\"wp-element-caption\">Tosse, chiado, falta de ar e espirometria ajudam a investigar a DPOC.<\/figcaption><\/figure>\n<\/div>\n\n\n<h2 class=\"wp-block-heading\">Quais sinais fazem pensar em DPOC?<\/h2>\n\n\n\n<p class=\"wp-block-paragraph\">Alguns achados aumentam a probabilidade de que a falta de ar tenha origem pulmonar e n\u00e3o simples sedentarismo:<\/p>\n\n\n\n<ul class=\"wp-block-list\">\n<li>Falta de ar que piora progressivamente ao longo de meses ou anos<\/li>\n\n\n\n<li>Dificuldade para acompanhar pessoas da mesma idade em caminhadas ou escadas<\/li>\n\n\n\n<li>Tosse cr\u00f4nica, com ou sem catarro, especialmente pela manh\u00e3<\/li>\n\n\n\n<li>Chiado ou aperto no peito ao respirar<\/li>\n\n\n\n<li>Infec\u00e7\u00f5es respirat\u00f3rias frequentes, como bronquites de repeti\u00e7\u00e3o<\/li>\n\n\n\n<li>Hist\u00f3rico de tabagismo prolongado, ativo ou passivo, ou exposi\u00e7\u00e3o a fuma\u00e7a de lenha e poeiras ocupacionais<\/li>\n\n\n\n<li>Perda de peso inexplicada nas fases mais avan\u00e7adas, como ocorre no <a href=\"https:\/\/www.tuasaude.com\/enfisema-pulmonar\/\" target=\"_blank\" rel=\"noreferrer noopener\">enfisema pulmonar<\/a><\/li>\n<\/ul>\n\n\n\n<h2 class=\"wp-block-heading\">O que um estudo cient\u00edfico revela sobre o subdiagn\u00f3stico da DPOC?<\/h2>\n\n\n\n<p class=\"wp-block-paragraph\">A percep\u00e7\u00e3o de que muitos fumantes convivem com DPOC sem saber \u00e9 sustentada por dados robustos da literatura m\u00e9dica. Uma investiga\u00e7\u00e3o populacional em aten\u00e7\u00e3o prim\u00e1ria avaliou fumantes com mais de 45 anos por meio de question\u00e1rio cl\u00ednico e espirometria com prova broncodilatadora, e comparou os achados com o que j\u00e1 constava nos prontu\u00e1rios.<\/p>\n\n\n\n<p class=\"wp-block-paragraph\">Segundo <a href=\"https:\/\/pubmed.ncbi.nlm.nih.gov\/25474184\/\" target=\"_blank\" rel=\"noreferrer noopener\">Prevalence Risk Factors and Diagnostic Accuracy of COPD Among Smokers in Primary Care<\/a>, estudo publicado na revista cient\u00edfica <em>Archivos de Bronconeumolog\u00eda<\/em>, a preval\u00eancia de DPOC nesse grupo chegou a 24,3%, e 56,7% dos casos ainda n\u00e3o haviam sido diagnosticados. O achado mostra que a maioria dos fumantes com a doen\u00e7a ainda desconhece o pr\u00f3prio quadro.<\/p>\n\n\n<div class=\"wp-block-image\">\n<figure class=\"aligncenter size-large\"><img decoding=\"async\" width=\"1024\" height=\"571\" src=\"https:\/\/www.tuasaude.com\/news\/wp-content\/uploads\/2026\/09\/Man_pausing_on_stairs_202609022019-1024x571.jpg\" alt=\"Em fumantes, falta de ar progressiva merece investiga\u00e7\u00e3o pulmonar al\u00e9m do envelhecimento.\" class=\"wp-image-107288\" srcset=\"https:\/\/www.tuasaude.com\/news\/wp-content\/uploads\/2026\/09\/Man_pausing_on_stairs_202609022019-1024x571.jpg 1024w, https:\/\/www.tuasaude.com\/news\/wp-content\/uploads\/2026\/09\/Man_pausing_on_stairs_202609022019-300x167.jpg 300w, https:\/\/www.tuasaude.com\/news\/wp-content\/uploads\/2026\/09\/Man_pausing_on_stairs_202609022019-768x428.jpg 768w, https:\/\/www.tuasaude.com\/news\/wp-content\/uploads\/2026\/09\/Man_pausing_on_stairs_202609022019-750x418.jpg 750w, https:\/\/www.tuasaude.com\/news\/wp-content\/uploads\/2026\/09\/Man_pausing_on_stairs_202609022019-1140x636.jpg 1140w, https:\/\/www.tuasaude.com\/news\/wp-content\/uploads\/2026\/09\/Man_pausing_on_stairs_202609022019.jpg 1280w\" sizes=\"(max-width: 1024px) 100vw, 1024px\" \/><figcaption class=\"wp-element-caption\">Em fumantes, falta de ar progressiva merece investiga\u00e7\u00e3o pulmonar al\u00e9m do envelhecimento.<\/figcaption><\/figure>\n<\/div>\n\n\n<h2 class=\"wp-block-heading\">Como a espirometria confirma o diagn\u00f3stico?<\/h2>\n\n\n\n<p class=\"wp-block-paragraph\">O exame que fecha o diagn\u00f3stico da DPOC \u00e9 a <a href=\"https:\/\/www.tuasaude.com\/espirometria\/\" target=\"_blank\" rel=\"noreferrer noopener\">espirometria<\/a>, teste de fun\u00e7\u00e3o pulmonar r\u00e1pido, n\u00e3o invasivo e dispon\u00edvel pelo SUS. A pessoa respira em um bocal conectado a um aparelho, que mede o volume e a velocidade do ar expirado.<\/p>\n\n\n\n<p class=\"wp-block-paragraph\">A compara\u00e7\u00e3o entre o volume expirado no primeiro segundo e a capacidade total permite identificar a obstru\u00e7\u00e3o do fluxo a\u00e9reo caracter\u00edstica da doen\u00e7a. Antes de procurar avalia\u00e7\u00e3o, vale organizar algumas informa\u00e7\u00f5es:<\/p>\n\n\n\n<ol class=\"wp-block-list\">\n<li>Anotar h\u00e1 quanto tempo a falta de ar come\u00e7ou e em quais situa\u00e7\u00f5es aparece<\/li>\n\n\n\n<li>Registrar carga tab\u00e1gica aproximada, ou seja, quantos cigarros por dia e por quantos anos<\/li>\n\n\n\n<li>Listar outros sintomas, como tosse, catarro, chiado e infec\u00e7\u00f5es respirat\u00f3rias recentes<\/li>\n\n\n\n<li>Levar a rela\u00e7\u00e3o de medicamentos em uso e doen\u00e7as j\u00e1 diagnosticadas<\/li>\n\n\n\n<li>Buscar avalia\u00e7\u00e3o de urg\u00eancia se houver l\u00e1bios azulados, dor no peito, tosse com sangue ou falta de ar em repouso<\/li>\n<\/ol>\n\n\n\n<p class=\"wp-block-paragraph\">Falta de ar progressiva em quem fuma nunca deve ser tratada como consequ\u00eancia natural da idade. Agende uma consulta com pneumologista para investigar a causa, realizar espirometria e iniciar o tratamento adequado, incluindo o suporte para parar de fumar.<\/p>\n\n\n\n<p class=\"wp-block-paragraph\"><em>Este conte\u00fado tem car\u00e1ter apenas informativo e n\u00e3o substitui a avalia\u00e7\u00e3o, o diagn\u00f3stico ou a orienta\u00e7\u00e3o de um profissional de sa\u00fade.<\/em><\/p>\n","protected":false},"excerpt":{"rendered":"<p>Sentir o f\u00f4lego acabar depois de dois lances de escada \u00e9 f\u00e1cil de confundir com sedentarismo, idade ou alguns quilos a mais. Em quem fuma h\u00e1 anos, por\u00e9m, essa dificuldade progressiva costuma ter outro motivo: a doen\u00e7a pulmonar obstrutiva cr\u00f4nica, ou DPOC, uma perda gradual e silenciosa da fun\u00e7\u00e3o dos pulm\u00f5es que na maior parte [&hellip;]<\/p>\n","protected":false},"author":16,"featured_media":107285,"comment_status":"open","ping_status":"open","sticky":false,"template":"","format":"standard","meta":{"_yoast_wpseo_focuskw":"DPOC","_yoast_wpseo_title":"","_yoast_wpseo_metadesc":"A falta de ar progressiva em fumantes pode estar ligada \u00e0 DPOC. Entenda os sinais que merecem aten\u00e7\u00e3o e como a espirometria confirma o diagn\u00f3stico.","jnews-multi-image_gallery":[],"jnews_single_post":{"format":"standard"},"jnews_primary_category":[],"jnews_social_meta":[],"jnews_override_counter":[],"footnotes":""},"categories":[111],"tags":[7271,447,13015,12463,136,4673],"class_list":["post-107284","post","type-post","status-publish","format-standard","has-post-thumbnail","hentry","category-saude","tag-dpoc","tag-falta-de-ar","tag-fumantes","tag-pode-ser","tag-saude","tag-subir-escadas"],"yoast_head":"<!-- This site is optimized with the Yoast SEO plugin v26.7 - https:\/\/yoast.com\/wordpress\/plugins\/seo\/ -->\n<title>A falta de ar ao subir escadas em fumantes pode ser DPOC n\u00e3o diagnosticada - Tua Sa\u00fade<\/title>\n<meta name=\"description\" content=\"A falta de ar progressiva em fumantes pode estar ligada \u00e0 DPOC. Entenda os sinais que merecem aten\u00e7\u00e3o e como a espirometria confirma o diagn\u00f3stico.\" \/>\n<meta name=\"robots\" content=\"index, follow, max-snippet:-1, max-image-preview:large, max-video-preview:-1\" \/>\n<link rel=\"canonical\" href=\"https:\/\/www.tuasaude.com\/news\/2026\/09\/04\/a-falta-de-ar-ao-subir-escadas-em-quem-fuma-ha-anos-nao-se-deve-apenas-a-falta-de-condicionamento-mas-sim-na-maioria-a-uma-dpoc-ainda-nao-diagnosticada\/\" \/>\n<meta property=\"og:locale\" content=\"pt_BR\" \/>\n<meta property=\"og:type\" content=\"article\" \/>\n<meta property=\"og:title\" content=\"A falta de ar ao subir escadas em fumantes pode ser DPOC n\u00e3o diagnosticada - Tua Sa\u00fade\" \/>\n<meta property=\"og:description\" content=\"A falta de ar progressiva em fumantes pode estar ligada \u00e0 DPOC. Entenda os sinais que merecem aten\u00e7\u00e3o e como a espirometria confirma o diagn\u00f3stico.\" \/>\n<meta property=\"og:url\" content=\"https:\/\/www.tuasaude.com\/news\/2026\/09\/04\/a-falta-de-ar-ao-subir-escadas-em-quem-fuma-ha-anos-nao-se-deve-apenas-a-falta-de-condicionamento-mas-sim-na-maioria-a-uma-dpoc-ainda-nao-diagnosticada\/\" \/>\n<meta property=\"og:site_name\" content=\"Tua Sa\u00fade\" \/>\n<meta property=\"article:published_time\" content=\"2026-09-04T11:50:00+00:00\" \/>\n<meta property=\"og:image\" content=\"https:\/\/www.tuasaude.com\/news\/wp-content\/uploads\/2026\/09\/Woman_catching_breath_on_walk_202609022019.jpg\" \/>\n\t<meta property=\"og:image:width\" content=\"1280\" \/>\n\t<meta property=\"og:image:height\" content=\"714\" \/>\n\t<meta property=\"og:image:type\" content=\"image\/jpeg\" \/>\n<meta name=\"author\" content=\"Maycon Geovane\" \/>\n<meta name=\"twitter:card\" content=\"summary_large_image\" \/>\n<meta name=\"twitter:label1\" content=\"Escrito por\" \/>\n\t<meta name=\"twitter:data1\" content=\"Maycon Geovane\" \/>\n\t<meta name=\"twitter:label2\" content=\"Est. tempo de leitura\" \/>\n\t<meta name=\"twitter:data2\" content=\"5 minutos\" \/>\n<!-- \/ Yoast SEO plugin. -->","yoast_head_json":{"title":"A falta de ar ao subir escadas em fumantes pode ser DPOC n\u00e3o diagnosticada - Tua Sa\u00fade","description":"A falta de ar progressiva em fumantes pode estar ligada \u00e0 DPOC. Entenda os sinais que merecem aten\u00e7\u00e3o e como a espirometria confirma o diagn\u00f3stico.","robots":{"index":"index","follow":"follow","max-snippet":"max-snippet:-1","max-image-preview":"max-image-preview:large","max-video-preview":"max-video-preview:-1"},"canonical":"https:\/\/www.tuasaude.com\/news\/2026\/09\/04\/a-falta-de-ar-ao-subir-escadas-em-quem-fuma-ha-anos-nao-se-deve-apenas-a-falta-de-condicionamento-mas-sim-na-maioria-a-uma-dpoc-ainda-nao-diagnosticada\/","og_locale":"pt_BR","og_type":"article","og_title":"A falta de ar ao subir escadas em fumantes pode ser DPOC n\u00e3o diagnosticada - Tua Sa\u00fade","og_description":"A falta de ar progressiva em fumantes pode estar ligada \u00e0 DPOC. Entenda os sinais que merecem aten\u00e7\u00e3o e como a espirometria confirma o diagn\u00f3stico.","og_url":"https:\/\/www.tuasaude.com\/news\/2026\/09\/04\/a-falta-de-ar-ao-subir-escadas-em-quem-fuma-ha-anos-nao-se-deve-apenas-a-falta-de-condicionamento-mas-sim-na-maioria-a-uma-dpoc-ainda-nao-diagnosticada\/","og_site_name":"Tua Sa\u00fade","article_published_time":"2026-09-04T11:50:00+00:00","og_image":[{"width":1280,"height":714,"url":"https:\/\/www.tuasaude.com\/news\/wp-content\/uploads\/2026\/09\/Woman_catching_breath_on_walk_202609022019.jpg","type":"image\/jpeg"}],"author":"Maycon Geovane","twitter_card":"summary_large_image","twitter_misc":{"Escrito por":"Maycon Geovane","Est. tempo de leitura":"5 minutos"},"schema":{"@context":"https:\/\/schema.org","@graph":[{"@type":"Article","@id":"https:\/\/www.tuasaude.com\/news\/2026\/09\/04\/a-falta-de-ar-ao-subir-escadas-em-quem-fuma-ha-anos-nao-se-deve-apenas-a-falta-de-condicionamento-mas-sim-na-maioria-a-uma-dpoc-ainda-nao-diagnosticada\/#article","isPartOf":{"@id":"https:\/\/www.tuasaude.com\/news\/2026\/09\/04\/a-falta-de-ar-ao-subir-escadas-em-quem-fuma-ha-anos-nao-se-deve-apenas-a-falta-de-condicionamento-mas-sim-na-maioria-a-uma-dpoc-ainda-nao-diagnosticada\/"},"author":{"name":"Maycon Geovane","@id":"https:\/\/www.tuasaude.com\/news\/#\/schema\/person\/da63bccfbda5c95cfbf2d37c4276fca0"},"headline":"A falta de ar ao subir escadas em fumantes pode ser DPOC n\u00e3o diagnosticada","datePublished":"2026-09-04T11:50:00+00:00","mainEntityOfPage":{"@id":"https:\/\/www.tuasaude.com\/news\/2026\/09\/04\/a-falta-de-ar-ao-subir-escadas-em-quem-fuma-ha-anos-nao-se-deve-apenas-a-falta-de-condicionamento-mas-sim-na-maioria-a-uma-dpoc-ainda-nao-diagnosticada\/"},"wordCount":796,"commentCount":0,"image":{"@id":"https:\/\/www.tuasaude.com\/news\/2026\/09\/04\/a-falta-de-ar-ao-subir-escadas-em-quem-fuma-ha-anos-nao-se-deve-apenas-a-falta-de-condicionamento-mas-sim-na-maioria-a-uma-dpoc-ainda-nao-diagnosticada\/#primaryimage"},"thumbnailUrl":"https:\/\/www.tuasaude.com\/news\/wp-content\/uploads\/2026\/09\/Woman_catching_breath_on_walk_202609022019.jpg","keywords":["DPOC","falta de ar","fumantes","pode ser","sa\u00fade","subir escadas"],"articleSection":["Sa\u00fade"],"inLanguage":"pt-BR","potentialAction":[{"@type":"CommentAction","name":"Comment","target":["https:\/\/www.tuasaude.com\/news\/2026\/09\/04\/a-falta-de-ar-ao-subir-escadas-em-quem-fuma-ha-anos-nao-se-deve-apenas-a-falta-de-condicionamento-mas-sim-na-maioria-a-uma-dpoc-ainda-nao-diagnosticada\/#respond"]}]},{"@type":"WebPage","@id":"https:\/\/www.tuasaude.com\/news\/2026\/09\/04\/a-falta-de-ar-ao-subir-escadas-em-quem-fuma-ha-anos-nao-se-deve-apenas-a-falta-de-condicionamento-mas-sim-na-maioria-a-uma-dpoc-ainda-nao-diagnosticada\/","url":"https:\/\/www.tuasaude.com\/news\/2026\/09\/04\/a-falta-de-ar-ao-subir-escadas-em-quem-fuma-ha-anos-nao-se-deve-apenas-a-falta-de-condicionamento-mas-sim-na-maioria-a-uma-dpoc-ainda-nao-diagnosticada\/","name":"A falta de ar ao subir escadas em fumantes pode ser DPOC n\u00e3o diagnosticada - Tua Sa\u00fade","isPartOf":{"@id":"https:\/\/www.tuasaude.com\/news\/#website"},"primaryImageOfPage":{"@id":"https:\/\/www.tuasaude.com\/news\/2026\/09\/04\/a-falta-de-ar-ao-subir-escadas-em-quem-fuma-ha-anos-nao-se-deve-apenas-a-falta-de-condicionamento-mas-sim-na-maioria-a-uma-dpoc-ainda-nao-diagnosticada\/#primaryimage"},"image":{"@id":"https:\/\/www.tuasaude.com\/news\/2026\/09\/04\/a-falta-de-ar-ao-subir-escadas-em-quem-fuma-ha-anos-nao-se-deve-apenas-a-falta-de-condicionamento-mas-sim-na-maioria-a-uma-dpoc-ainda-nao-diagnosticada\/#primaryimage"},"thumbnailUrl":"https:\/\/www.tuasaude.com\/news\/wp-content\/uploads\/2026\/09\/Woman_catching_breath_on_walk_202609022019.jpg","datePublished":"2026-09-04T11:50:00+00:00","author":{"@id":"https:\/\/www.tuasaude.com\/news\/#\/schema\/person\/da63bccfbda5c95cfbf2d37c4276fca0"},"description":"A falta de ar progressiva em fumantes pode estar ligada \u00e0 DPOC. Entenda os sinais que merecem aten\u00e7\u00e3o e como a espirometria confirma o diagn\u00f3stico.","breadcrumb":{"@id":"https:\/\/www.tuasaude.com\/news\/2026\/09\/04\/a-falta-de-ar-ao-subir-escadas-em-quem-fuma-ha-anos-nao-se-deve-apenas-a-falta-de-condicionamento-mas-sim-na-maioria-a-uma-dpoc-ainda-nao-diagnosticada\/#breadcrumb"},"inLanguage":"pt-BR","potentialAction":[{"@type":"ReadAction","target":["https:\/\/www.tuasaude.com\/news\/2026\/09\/04\/a-falta-de-ar-ao-subir-escadas-em-quem-fuma-ha-anos-nao-se-deve-apenas-a-falta-de-condicionamento-mas-sim-na-maioria-a-uma-dpoc-ainda-nao-diagnosticada\/"]}]},{"@type":"ImageObject","inLanguage":"pt-BR","@id":"https:\/\/www.tuasaude.com\/news\/2026\/09\/04\/a-falta-de-ar-ao-subir-escadas-em-quem-fuma-ha-anos-nao-se-deve-apenas-a-falta-de-condicionamento-mas-sim-na-maioria-a-uma-dpoc-ainda-nao-diagnosticada\/#primaryimage","url":"https:\/\/www.tuasaude.com\/news\/wp-content\/uploads\/2026\/09\/Woman_catching_breath_on_walk_202609022019.jpg","contentUrl":"https:\/\/www.tuasaude.com\/news\/wp-content\/uploads\/2026\/09\/Woman_catching_breath_on_walk_202609022019.jpg","width":1280,"height":714,"caption":"A falta de ar ao subir escadas em quem fuma h\u00e1 anos n\u00e3o se deve apenas \u00e0 falta de condicionamento, mas sim na maioria a uma DPOC ainda n\u00e3o diagnosticada"},{"@type":"BreadcrumbList","@id":"https:\/\/www.tuasaude.com\/news\/2026\/09\/04\/a-falta-de-ar-ao-subir-escadas-em-quem-fuma-ha-anos-nao-se-deve-apenas-a-falta-de-condicionamento-mas-sim-na-maioria-a-uma-dpoc-ainda-nao-diagnosticada\/#breadcrumb","itemListElement":[{"@type":"ListItem","position":1,"name":"In\u00edcio","item":"https:\/\/www.tuasaude.com\/news\/"},{"@type":"ListItem","position":2,"name":"A falta de ar ao subir escadas em fumantes pode ser DPOC n\u00e3o diagnosticada"}]},{"@type":"WebSite","@id":"https:\/\/www.tuasaude.com\/news\/#website","url":"https:\/\/www.tuasaude.com\/news\/","name":"Tua Sa\u00fade","description":"Seu site de sa\u00fade","potentialAction":[{"@type":"SearchAction","target":{"@type":"EntryPoint","urlTemplate":"https:\/\/www.tuasaude.com\/news\/?s={search_term_string}"},"query-input":{"@type":"PropertyValueSpecification","valueRequired":true,"valueName":"search_term_string"}}],"inLanguage":"pt-BR"},{"@type":"Person","@id":"https:\/\/www.tuasaude.com\/news\/#\/schema\/person\/da63bccfbda5c95cfbf2d37c4276fca0","name":"Maycon Geovane","image":{"@type":"ImageObject","inLanguage":"pt-BR","@id":"https:\/\/www.tuasaude.com\/news\/#\/schema\/person\/image\/","url":"https:\/\/secure.gravatar.com\/avatar\/4f4908cf0a2f249a9f1137f9d5769cacc373d9aee67910cc212a09a346873b7d?s=96&d=mm&r=g","contentUrl":"https:\/\/secure.gravatar.com\/avatar\/4f4908cf0a2f249a9f1137f9d5769cacc373d9aee67910cc212a09a346873b7d?s=96&d=mm&r=g","caption":"Maycon Geovane"},"sameAs":["https:\/\/www.tuasaude.com\/news\/"],"url":"https:\/\/www.tuasaude.com\/news\/author\/maycongeovane\/"}]}},"_links":{"self":[{"href":"https:\/\/www.tuasaude.com\/news\/wp-json\/wp\/v2\/posts\/107284","targetHints":{"allow":["GET"]}}],"collection":[{"href":"https:\/\/www.tuasaude.com\/news\/wp-json\/wp\/v2\/posts"}],"about":[{"href":"https:\/\/www.tuasaude.com\/news\/wp-json\/wp\/v2\/types\/post"}],"author":[{"embeddable":true,"href":"https:\/\/www.tuasaude.com\/news\/wp-json\/wp\/v2\/users\/16"}],"replies":[{"embeddable":true,"href":"https:\/\/www.tuasaude.com\/news\/wp-json\/wp\/v2\/comments?post=107284"}],"version-history":[{"count":1,"href":"https:\/\/www.tuasaude.com\/news\/wp-json\/wp\/v2\/posts\/107284\/revisions"}],"predecessor-version":[{"id":107289,"href":"https:\/\/www.tuasaude.com\/news\/wp-json\/wp\/v2\/posts\/107284\/revisions\/107289"}],"wp:featuredmedia":[{"embeddable":true,"href":"https:\/\/www.tuasaude.com\/news\/wp-json\/wp\/v2\/media\/107285"}],"wp:attachment":[{"href":"https:\/\/www.tuasaude.com\/news\/wp-json\/wp\/v2\/media?parent=107284"}],"wp:term":[{"taxonomy":"category","embeddable":true,"href":"https:\/\/www.tuasaude.com\/news\/wp-json\/wp\/v2\/categories?post=107284"},{"taxonomy":"post_tag","embeddable":true,"href":"https:\/\/www.tuasaude.com\/news\/wp-json\/wp\/v2\/tags?post=107284"}],"curies":[{"name":"wp","href":"https:\/\/api.w.org\/{rel}","templated":true}]}}