{"id":107256,"date":"2026-09-03T19:10:00","date_gmt":"2026-09-03T22:10:00","guid":{"rendered":"https:\/\/www.tuasaude.com\/news\/?p=107256"},"modified":"2026-09-02T17:33:42","modified_gmt":"2026-09-02T20:33:42","slug":"o-que-significa-ter-caimbras-nas-pernas-toda-madrugada","status":"publish","type":"post","link":"https:\/\/www.tuasaude.com\/news\/2026\/09\/03\/o-que-significa-ter-caimbras-nas-pernas-toda-madrugada\/","title":{"rendered":"O que significa ter c\u00e2imbras nas pernas toda madrugada"},"content":{"rendered":"\n<p class=\"wp-block-paragraph\">Acordar de madrugada com uma dor forte e s\u00fabita na panturrilha \u00e9 uma experi\u00eancia comum e afeta uma parcela significativa da popula\u00e7\u00e3o adulta. As c\u00e2imbras noturnas s\u00e3o contra\u00e7\u00f5es involunt\u00e1rias e dolorosas dos m\u00fasculos das pernas, que duram de alguns segundos a poucos minutos e podem deixar a regi\u00e3o dolorida por horas. Na maioria das vezes, est\u00e3o ligadas a fatores simples como desidrata\u00e7\u00e3o, esfor\u00e7o f\u00edsico e falta de minerais, e podem ser prevenidas com pequenas mudan\u00e7as na rotina.<\/p>\n\n\n\n<h2 class=\"wp-block-heading\">O que s\u00e3o as c\u00e2imbras noturnas?<\/h2>\n\n\n\n<p class=\"wp-block-paragraph\">As c\u00e2imbras noturnas s\u00e3o contra\u00e7\u00f5es musculares que surgem durante o sono, geralmente na panturrilha, na coxa ou no p\u00e9. Elas ocorrem quando o m\u00fasculo se contrai de forma involunt\u00e1ria e n\u00e3o relaxa imediatamente, provocando a dor caracter\u00edstica.<\/p>\n\n\n\n<p class=\"wp-block-paragraph\">Durante o repouso, os m\u00fasculos permanecem por longos per\u00edodos em uma mesma posi\u00e7\u00e3o, o que pode favorecer esse tipo de espasmo. Trata-se de uma queixa frequente, especialmente ap\u00f3s os 50 anos, e nem sempre indica um problema grave de sa\u00fade. Saiba mais sobre <a href=\"https:\/\/www.tuasaude.com\/caimbra\/\" target=\"_blank\" rel=\"noreferrer noopener\">c\u00e2imbra<\/a> e suas principais causas.<\/p>\n\n\n\n<h2 class=\"wp-block-heading\">Por que as c\u00e2imbras aparecem com mais frequ\u00eancia \u00e0 noite?<\/h2>\n\n\n\n<p class=\"wp-block-paragraph\">Durante o sono, o corpo permanece im\u00f3vel por horas e os m\u00fasculos da panturrilha ficam naturalmente encurtados, especialmente quando o p\u00e9 se posiciona voltado para baixo. Essa posi\u00e7\u00e3o favorece a contra\u00e7\u00e3o s\u00fabita e o surgimento das c\u00e2imbras.<\/p>\n\n\n\n<p class=\"wp-block-paragraph\">Al\u00e9m disso, a circula\u00e7\u00e3o sangu\u00ednea tende a ser mais lenta durante o repouso, o que pode reduzir a oxigena\u00e7\u00e3o e o aporte de nutrientes aos m\u00fasculos. A combina\u00e7\u00e3o desses fatores explica por que muitas pessoas sentem <a href=\"https:\/\/www.tuasaude.com\/caimbra-na-panturrilha\/\" target=\"_blank\" rel=\"noreferrer noopener\">c\u00e2imbra na panturrilha<\/a> justamente na madrugada.<\/p>\n\n\n<div class=\"wp-block-image\">\n<figure class=\"aligncenter size-large\"><img decoding=\"async\" width=\"1024\" height=\"571\" src=\"https:\/\/www.tuasaude.com\/news\/wp-content\/uploads\/2026\/09\/Caimbras_nas_pernas_madrugada_202609021732-1024x571.jpg\" alt=\"Hidrata\u00e7\u00e3o, alongamento e movimento ajudam a reduzir fatores associados \u00e0s c\u00e2imbras noturnas.\" class=\"wp-image-107259\" srcset=\"https:\/\/www.tuasaude.com\/news\/wp-content\/uploads\/2026\/09\/Caimbras_nas_pernas_madrugada_202609021732-1024x571.jpg 1024w, https:\/\/www.tuasaude.com\/news\/wp-content\/uploads\/2026\/09\/Caimbras_nas_pernas_madrugada_202609021732-300x167.jpg 300w, https:\/\/www.tuasaude.com\/news\/wp-content\/uploads\/2026\/09\/Caimbras_nas_pernas_madrugada_202609021732-768x428.jpg 768w, https:\/\/www.tuasaude.com\/news\/wp-content\/uploads\/2026\/09\/Caimbras_nas_pernas_madrugada_202609021732-750x418.jpg 750w, https:\/\/www.tuasaude.com\/news\/wp-content\/uploads\/2026\/09\/Caimbras_nas_pernas_madrugada_202609021732-1140x636.jpg 1140w, https:\/\/www.tuasaude.com\/news\/wp-content\/uploads\/2026\/09\/Caimbras_nas_pernas_madrugada_202609021732.jpg 1280w\" sizes=\"(max-width: 1024px) 100vw, 1024px\" \/><figcaption class=\"wp-element-caption\">Hidrata\u00e7\u00e3o, alongamento e movimento ajudam a reduzir fatores associados \u00e0s c\u00e2imbras noturnas.<\/figcaption><\/figure>\n<\/div>\n\n\n<h2 class=\"wp-block-heading\">Quais s\u00e3o as causas mais comuns?<\/h2>\n\n\n\n<p class=\"wp-block-paragraph\">Diversos fatores podem contribuir para o surgimento das c\u00e2imbras noturnas, e reconhec\u00ea-los ajuda a adotar medidas de preven\u00e7\u00e3o eficazes no dia a dia.<\/p>\n\n\n\n<ul class=\"wp-block-list\">\n<li><strong>Desidrata\u00e7\u00e3o<\/strong>, que altera o equil\u00edbrio entre l\u00edquidos e minerais no organismo<\/li>\n\n\n\n<li><strong>Falta de minerais<\/strong>, como magn\u00e9sio, pot\u00e1ssio, c\u00e1lcio e s\u00f3dio<\/li>\n\n\n\n<li><strong>Esfor\u00e7o f\u00edsico intenso<\/strong> ou treinos sem preparo adequado<\/li>\n\n\n\n<li><strong>Longos per\u00edodos em p\u00e9 ou sentado<\/strong>, especialmente na mesma posi\u00e7\u00e3o<\/li>\n\n\n\n<li><strong>Uso de determinados medicamentos<\/strong>, como diur\u00e9ticos e estatinas<\/li>\n\n\n\n<li><strong>Gravidez<\/strong>, principalmente no terceiro trimestre, com <a href=\"https:\/\/www.tuasaude.com\/caibras-na-gravidez\/\" target=\"_blank\" rel=\"noreferrer noopener\">c\u00e2imbra na gravidez<\/a> frequente<\/li>\n<\/ul>\n\n\n\n<h2 class=\"wp-block-heading\">O que dizem os estudos cient\u00edficos sobre c\u00e2imbras noturnas?<\/h2>\n\n\n\n<p class=\"wp-block-paragraph\">As pesquisas mostram que as c\u00e2imbras noturnas envolvem mecanismos mais complexos do que se acreditava. De acordo com a revis\u00e3o <a href=\"https:\/\/pubmed.ncbi.nlm.nih.gov\/22963024\/\" target=\"_blank\" rel=\"noreferrer noopener\">Nocturnal Leg Cramps<\/a>, publicada na revista American Family Physician e indexada no PubMed, at\u00e9 60% dos adultos relatam j\u00e1 ter apresentado c\u00e2imbras noturnas nas pernas, sendo mais frequentes com o avan\u00e7o da idade.<\/p>\n\n\n\n<p class=\"wp-block-paragraph\">Os autores destacam que o mecanismo exato ainda n\u00e3o \u00e9 totalmente compreendido, mas que a fadiga muscular e a disfun\u00e7\u00e3o nervosa parecem ter papel central, e n\u00e3o apenas as altera\u00e7\u00f5es de eletr\u00f3litos. A revis\u00e3o refor\u00e7a que a maioria dos casos \u00e9 benigna, mas epis\u00f3dios frequentes merecem investiga\u00e7\u00e3o cl\u00ednica para descartar condi\u00e7\u00f5es associadas.<\/p>\n\n\n<div class=\"wp-block-image\">\n<figure class=\"aligncenter size-large\"><img decoding=\"async\" width=\"1024\" height=\"571\" src=\"https:\/\/www.tuasaude.com\/news\/wp-content\/uploads\/2026\/09\/Man_stretching_calf_near_bed_202609021732-1024x571.jpg\" alt=\"Alongar suavemente a panturrilha pode ajudar a aliviar a c\u00e2imbra durante a madrugada.\" class=\"wp-image-107260\" srcset=\"https:\/\/www.tuasaude.com\/news\/wp-content\/uploads\/2026\/09\/Man_stretching_calf_near_bed_202609021732-1024x571.jpg 1024w, https:\/\/www.tuasaude.com\/news\/wp-content\/uploads\/2026\/09\/Man_stretching_calf_near_bed_202609021732-300x167.jpg 300w, https:\/\/www.tuasaude.com\/news\/wp-content\/uploads\/2026\/09\/Man_stretching_calf_near_bed_202609021732-768x428.jpg 768w, https:\/\/www.tuasaude.com\/news\/wp-content\/uploads\/2026\/09\/Man_stretching_calf_near_bed_202609021732-750x418.jpg 750w, https:\/\/www.tuasaude.com\/news\/wp-content\/uploads\/2026\/09\/Man_stretching_calf_near_bed_202609021732-1140x636.jpg 1140w, https:\/\/www.tuasaude.com\/news\/wp-content\/uploads\/2026\/09\/Man_stretching_calf_near_bed_202609021732.jpg 1280w\" sizes=\"(max-width: 1024px) 100vw, 1024px\" \/><figcaption class=\"wp-element-caption\">Alongar suavemente a panturrilha pode ajudar a aliviar a c\u00e2imbra durante a madrugada.<\/figcaption><\/figure>\n<\/div>\n\n\n<h2 class=\"wp-block-heading\">Quais cuidados ajudam a prevenir as c\u00e2imbras?<\/h2>\n\n\n\n<p class=\"wp-block-paragraph\">Pequenas mudan\u00e7as de h\u00e1bito costumam reduzir significativamente a frequ\u00eancia das c\u00e2imbras noturnas e proteger a qualidade do sono.<\/p>\n\n\n\n<ol class=\"wp-block-list\">\n<li><strong>Beber \u00e1gua regularmente<\/strong>, distribu\u00edda ao longo do dia, para manter boa hidrata\u00e7\u00e3o<\/li>\n\n\n\n<li><strong>Incluir alimentos ricos em minerais<\/strong>, como banana, abacate, castanhas e folhas verde-escuras<\/li>\n\n\n\n<li><strong>Alongar a panturrilha antes de dormir<\/strong>, com movimentos suaves e sem for\u00e7ar<\/li>\n\n\n\n<li><strong>Evitar longos per\u00edodos na mesma posi\u00e7\u00e3o<\/strong>, especialmente em quem trabalha sentado<\/li>\n\n\n\n<li><strong>Moderar o consumo de \u00e1lcool e cafe\u00edna<\/strong>, sobretudo \u00e0 noite<\/li>\n\n\n\n<li><strong>Aliviar a c\u00e2imbra durante o epis\u00f3dio<\/strong>, alongando o m\u00fasculo e aplicando compressa morna<\/li>\n<\/ol>\n\n\n\n<p class=\"wp-block-paragraph\">Quando as c\u00e2imbras se tornam frequentes, muito intensas ou v\u00eam acompanhadas de incha\u00e7o, dorm\u00eancia ou dor persistente nas pernas, \u00e9 fundamental procurar orienta\u00e7\u00e3o m\u00e9dica. Somente um profissional pode investigar as causas espec\u00edficas e indicar o tratamento mais adequado para cada situa\u00e7\u00e3o.<\/p>\n\n\n\n<p class=\"wp-block-paragraph\"><em>Este conte\u00fado tem car\u00e1ter apenas informativo e n\u00e3o substitui a avalia\u00e7\u00e3o, o diagn\u00f3stico ou o tratamento realizados por um profissional de sa\u00fade qualificado.<\/em><\/p>\n","protected":false},"excerpt":{"rendered":"<p>Acordar de madrugada com uma dor forte e s\u00fabita na panturrilha \u00e9 uma experi\u00eancia comum e afeta uma parcela significativa da popula\u00e7\u00e3o adulta. As c\u00e2imbras noturnas s\u00e3o contra\u00e7\u00f5es involunt\u00e1rias e dolorosas dos m\u00fasculos das pernas, que duram de alguns segundos a poucos minutos e podem deixar a regi\u00e3o dolorida por horas. Na maioria das vezes, [&hellip;]<\/p>\n","protected":false},"author":11,"featured_media":107258,"comment_status":"open","ping_status":"open","sticky":false,"template":"","format":"standard","meta":{"_yoast_wpseo_focuskw":"c\u00e2imbras","_yoast_wpseo_title":"","_yoast_wpseo_metadesc":"C\u00e2imbras nas pernas toda madrugada podem estar ligadas \u00e0 desidrata\u00e7\u00e3o, esfor\u00e7o f\u00edsico e outros fatores. Entenda as causas e os cuidados que ajudam a prevenir.","jnews-multi-image_gallery":[],"jnews_single_post":{"format":"standard"},"jnews_primary_category":[],"jnews_social_meta":[],"jnews_override_counter":[],"footnotes":""},"categories":[111],"tags":[145,2548,4014,136],"class_list":["post-107256","post","type-post","status-publish","format-standard","has-post-thumbnail","hentry","category-saude","tag-bem-estar","tag-caimbras","tag-pernas","tag-saude"],"yoast_head":"<!-- This site is optimized with the Yoast SEO plugin v26.7 - https:\/\/yoast.com\/wordpress\/plugins\/seo\/ -->\n<title>O que significa ter c\u00e2imbras nas pernas toda madrugada - Tua Sa\u00fade<\/title>\n<meta name=\"description\" content=\"C\u00e2imbras nas pernas toda madrugada podem estar ligadas \u00e0 desidrata\u00e7\u00e3o, esfor\u00e7o f\u00edsico e outros fatores. Entenda as causas e os cuidados que ajudam a prevenir.\" \/>\n<meta name=\"robots\" content=\"index, follow, max-snippet:-1, max-image-preview:large, max-video-preview:-1\" \/>\n<link rel=\"canonical\" href=\"https:\/\/www.tuasaude.com\/news\/2026\/09\/03\/o-que-significa-ter-caimbras-nas-pernas-toda-madrugada\/\" \/>\n<meta property=\"og:locale\" content=\"pt_BR\" \/>\n<meta property=\"og:type\" content=\"article\" \/>\n<meta property=\"og:title\" content=\"O que significa ter c\u00e2imbras nas pernas toda madrugada - Tua Sa\u00fade\" \/>\n<meta property=\"og:description\" content=\"C\u00e2imbras nas pernas toda madrugada podem estar ligadas \u00e0 desidrata\u00e7\u00e3o, esfor\u00e7o f\u00edsico e outros fatores. Entenda as causas e os cuidados que ajudam a prevenir.\" \/>\n<meta property=\"og:url\" content=\"https:\/\/www.tuasaude.com\/news\/2026\/09\/03\/o-que-significa-ter-caimbras-nas-pernas-toda-madrugada\/\" \/>\n<meta property=\"og:site_name\" content=\"Tua Sa\u00fade\" \/>\n<meta property=\"article:published_time\" content=\"2026-09-03T22:10:00+00:00\" \/>\n<meta property=\"og:image\" content=\"https:\/\/www.tuasaude.com\/news\/wp-content\/uploads\/2026\/09\/Woman_holding_leg_cramp_in_202609021732.jpg\" \/>\n\t<meta property=\"og:image:width\" content=\"1280\" \/>\n\t<meta property=\"og:image:height\" content=\"714\" \/>\n\t<meta property=\"og:image:type\" content=\"image\/jpeg\" \/>\n<meta name=\"author\" content=\"Gessika Julia Carvalho\" \/>\n<meta name=\"twitter:card\" content=\"summary_large_image\" \/>\n<meta name=\"twitter:label1\" content=\"Escrito por\" \/>\n\t<meta name=\"twitter:data1\" content=\"Gessika Julia Carvalho\" \/>\n\t<meta name=\"twitter:label2\" content=\"Est. tempo de leitura\" \/>\n\t<meta name=\"twitter:data2\" content=\"5 minutos\" \/>\n<!-- \/ Yoast SEO plugin. -->","yoast_head_json":{"title":"O que significa ter c\u00e2imbras nas pernas toda madrugada - Tua Sa\u00fade","description":"C\u00e2imbras nas pernas toda madrugada podem estar ligadas \u00e0 desidrata\u00e7\u00e3o, esfor\u00e7o f\u00edsico e outros fatores. Entenda as causas e os cuidados que ajudam a prevenir.","robots":{"index":"index","follow":"follow","max-snippet":"max-snippet:-1","max-image-preview":"max-image-preview:large","max-video-preview":"max-video-preview:-1"},"canonical":"https:\/\/www.tuasaude.com\/news\/2026\/09\/03\/o-que-significa-ter-caimbras-nas-pernas-toda-madrugada\/","og_locale":"pt_BR","og_type":"article","og_title":"O que significa ter c\u00e2imbras nas pernas toda madrugada - Tua Sa\u00fade","og_description":"C\u00e2imbras nas pernas toda madrugada podem estar ligadas \u00e0 desidrata\u00e7\u00e3o, esfor\u00e7o f\u00edsico e outros fatores. Entenda as causas e os cuidados que ajudam a prevenir.","og_url":"https:\/\/www.tuasaude.com\/news\/2026\/09\/03\/o-que-significa-ter-caimbras-nas-pernas-toda-madrugada\/","og_site_name":"Tua Sa\u00fade","article_published_time":"2026-09-03T22:10:00+00:00","og_image":[{"width":1280,"height":714,"url":"https:\/\/www.tuasaude.com\/news\/wp-content\/uploads\/2026\/09\/Woman_holding_leg_cramp_in_202609021732.jpg","type":"image\/jpeg"}],"author":"Gessika Julia Carvalho","twitter_card":"summary_large_image","twitter_misc":{"Escrito por":"Gessika Julia Carvalho","Est. tempo de leitura":"5 minutos"},"schema":{"@context":"https:\/\/schema.org","@graph":[{"@type":"Article","@id":"https:\/\/www.tuasaude.com\/news\/2026\/09\/03\/o-que-significa-ter-caimbras-nas-pernas-toda-madrugada\/#article","isPartOf":{"@id":"https:\/\/www.tuasaude.com\/news\/2026\/09\/03\/o-que-significa-ter-caimbras-nas-pernas-toda-madrugada\/"},"author":{"name":"Gessika Julia Carvalho","@id":"https:\/\/www.tuasaude.com\/news\/#\/schema\/person\/2e9df841be69ec84f5d20ddb8d273ac2"},"headline":"O que significa ter c\u00e2imbras nas pernas toda madrugada","datePublished":"2026-09-03T22:10:00+00:00","mainEntityOfPage":{"@id":"https:\/\/www.tuasaude.com\/news\/2026\/09\/03\/o-que-significa-ter-caimbras-nas-pernas-toda-madrugada\/"},"wordCount":751,"commentCount":0,"image":{"@id":"https:\/\/www.tuasaude.com\/news\/2026\/09\/03\/o-que-significa-ter-caimbras-nas-pernas-toda-madrugada\/#primaryimage"},"thumbnailUrl":"https:\/\/www.tuasaude.com\/news\/wp-content\/uploads\/2026\/09\/Woman_holding_leg_cramp_in_202609021732.jpg","keywords":["bem-estar","C\u00e2imbras","pernas","sa\u00fade"],"articleSection":["Sa\u00fade"],"inLanguage":"pt-BR","potentialAction":[{"@type":"CommentAction","name":"Comment","target":["https:\/\/www.tuasaude.com\/news\/2026\/09\/03\/o-que-significa-ter-caimbras-nas-pernas-toda-madrugada\/#respond"]}]},{"@type":"WebPage","@id":"https:\/\/www.tuasaude.com\/news\/2026\/09\/03\/o-que-significa-ter-caimbras-nas-pernas-toda-madrugada\/","url":"https:\/\/www.tuasaude.com\/news\/2026\/09\/03\/o-que-significa-ter-caimbras-nas-pernas-toda-madrugada\/","name":"O que significa ter c\u00e2imbras nas pernas toda madrugada - Tua Sa\u00fade","isPartOf":{"@id":"https:\/\/www.tuasaude.com\/news\/#website"},"primaryImageOfPage":{"@id":"https:\/\/www.tuasaude.com\/news\/2026\/09\/03\/o-que-significa-ter-caimbras-nas-pernas-toda-madrugada\/#primaryimage"},"image":{"@id":"https:\/\/www.tuasaude.com\/news\/2026\/09\/03\/o-que-significa-ter-caimbras-nas-pernas-toda-madrugada\/#primaryimage"},"thumbnailUrl":"https:\/\/www.tuasaude.com\/news\/wp-content\/uploads\/2026\/09\/Woman_holding_leg_cramp_in_202609021732.jpg","datePublished":"2026-09-03T22:10:00+00:00","author":{"@id":"https:\/\/www.tuasaude.com\/news\/#\/schema\/person\/2e9df841be69ec84f5d20ddb8d273ac2"},"description":"C\u00e2imbras nas pernas toda madrugada podem estar ligadas \u00e0 desidrata\u00e7\u00e3o, esfor\u00e7o f\u00edsico e outros fatores. Entenda as causas e os cuidados que ajudam a prevenir.","breadcrumb":{"@id":"https:\/\/www.tuasaude.com\/news\/2026\/09\/03\/o-que-significa-ter-caimbras-nas-pernas-toda-madrugada\/#breadcrumb"},"inLanguage":"pt-BR","potentialAction":[{"@type":"ReadAction","target":["https:\/\/www.tuasaude.com\/news\/2026\/09\/03\/o-que-significa-ter-caimbras-nas-pernas-toda-madrugada\/"]}]},{"@type":"ImageObject","inLanguage":"pt-BR","@id":"https:\/\/www.tuasaude.com\/news\/2026\/09\/03\/o-que-significa-ter-caimbras-nas-pernas-toda-madrugada\/#primaryimage","url":"https:\/\/www.tuasaude.com\/news\/wp-content\/uploads\/2026\/09\/Woman_holding_leg_cramp_in_202609021732.jpg","contentUrl":"https:\/\/www.tuasaude.com\/news\/wp-content\/uploads\/2026\/09\/Woman_holding_leg_cramp_in_202609021732.jpg","width":1280,"height":714,"caption":"O que significa ter c\u00e2imbras nas pernas toda madrugada"},{"@type":"BreadcrumbList","@id":"https:\/\/www.tuasaude.com\/news\/2026\/09\/03\/o-que-significa-ter-caimbras-nas-pernas-toda-madrugada\/#breadcrumb","itemListElement":[{"@type":"ListItem","position":1,"name":"In\u00edcio","item":"https:\/\/www.tuasaude.com\/news\/"},{"@type":"ListItem","position":2,"name":"O que significa ter c\u00e2imbras nas pernas toda madrugada"}]},{"@type":"WebSite","@id":"https:\/\/www.tuasaude.com\/news\/#website","url":"https:\/\/www.tuasaude.com\/news\/","name":"Tua Sa\u00fade","description":"Seu site de sa\u00fade","potentialAction":[{"@type":"SearchAction","target":{"@type":"EntryPoint","urlTemplate":"https:\/\/www.tuasaude.com\/news\/?s={search_term_string}"},"query-input":{"@type":"PropertyValueSpecification","valueRequired":true,"valueName":"search_term_string"}}],"inLanguage":"pt-BR"},{"@type":"Person","@id":"https:\/\/www.tuasaude.com\/news\/#\/schema\/person\/2e9df841be69ec84f5d20ddb8d273ac2","name":"Gessika Julia Carvalho","image":{"@type":"ImageObject","inLanguage":"pt-BR","@id":"https:\/\/www.tuasaude.com\/news\/#\/schema\/person\/image\/","url":"https:\/\/secure.gravatar.com\/avatar\/0fcc8769024577fd0bc6a8b766055690f76a8e8f29dfb2a2f89cf04db8d0f2d2?s=96&d=mm&r=g","contentUrl":"https:\/\/secure.gravatar.com\/avatar\/0fcc8769024577fd0bc6a8b766055690f76a8e8f29dfb2a2f89cf04db8d0f2d2?s=96&d=mm&r=g","caption":"Gessika Julia Carvalho"},"sameAs":["https:\/\/www.tuasaude.com\/news\/"],"url":"https:\/\/www.tuasaude.com\/news\/author\/gessika-julia\/"}]}},"_links":{"self":[{"href":"https:\/\/www.tuasaude.com\/news\/wp-json\/wp\/v2\/posts\/107256","targetHints":{"allow":["GET"]}}],"collection":[{"href":"https:\/\/www.tuasaude.com\/news\/wp-json\/wp\/v2\/posts"}],"about":[{"href":"https:\/\/www.tuasaude.com\/news\/wp-json\/wp\/v2\/types\/post"}],"author":[{"embeddable":true,"href":"https:\/\/www.tuasaude.com\/news\/wp-json\/wp\/v2\/users\/11"}],"replies":[{"embeddable":true,"href":"https:\/\/www.tuasaude.com\/news\/wp-json\/wp\/v2\/comments?post=107256"}],"version-history":[{"count":1,"href":"https:\/\/www.tuasaude.com\/news\/wp-json\/wp\/v2\/posts\/107256\/revisions"}],"predecessor-version":[{"id":107261,"href":"https:\/\/www.tuasaude.com\/news\/wp-json\/wp\/v2\/posts\/107256\/revisions\/107261"}],"wp:featuredmedia":[{"embeddable":true,"href":"https:\/\/www.tuasaude.com\/news\/wp-json\/wp\/v2\/media\/107258"}],"wp:attachment":[{"href":"https:\/\/www.tuasaude.com\/news\/wp-json\/wp\/v2\/media?parent=107256"}],"wp:term":[{"taxonomy":"category","embeddable":true,"href":"https:\/\/www.tuasaude.com\/news\/wp-json\/wp\/v2\/categories?post=107256"},{"taxonomy":"post_tag","embeddable":true,"href":"https:\/\/www.tuasaude.com\/news\/wp-json\/wp\/v2\/tags?post=107256"}],"curies":[{"name":"wp","href":"https:\/\/api.w.org\/{rel}","templated":true}]}}