{"id":107247,"date":"2026-09-03T17:30:00","date_gmt":"2026-09-03T20:30:00","guid":{"rendered":"https:\/\/www.tuasaude.com\/news\/?p=107247"},"modified":"2026-09-02T17:29:13","modified_gmt":"2026-09-02T20:29:13","slug":"o-que-causa-dor-de-cabeca-na-parte-de-tras-da-cabeca","status":"publish","type":"post","link":"https:\/\/www.tuasaude.com\/news\/2026\/09\/03\/o-que-causa-dor-de-cabeca-na-parte-de-tras-da-cabeca\/","title":{"rendered":"O que causa dor de cabe\u00e7a na parte de tr\u00e1s da cabe\u00e7a"},"content":{"rendered":"\n<p class=\"wp-block-paragraph\">A dor de cabe\u00e7a na parte de tr\u00e1s da cabe\u00e7a, tamb\u00e9m chamada de regi\u00e3o occipital, \u00e9 uma queixa frequente que costuma estar ligada \u00e0 <strong>tens\u00e3o nos m\u00fasculos do pesco\u00e7o<\/strong>, \u00e0 <strong>m\u00e1 postura<\/strong> e ao <strong>estresse do dia a dia<\/strong>. Longas horas em frente a telas, noites mal dormidas e sobrecarga emocional favorecem o surgimento desse desconforto, que na maioria das vezes tem origem muscular. Entender as principais causas ajuda a aliviar a dor com medidas simples e a reconhecer sinais que exigem aten\u00e7\u00e3o m\u00e9dica.<\/p>\n\n\n\n<h2 class=\"wp-block-heading\">Por que essa regi\u00e3o \u00e9 t\u00e3o sens\u00edvel \u00e0 tens\u00e3o?<\/h2>\n\n\n\n<p class=\"wp-block-paragraph\">Os m\u00fasculos do pesco\u00e7o e da base do cr\u00e2nio se conectam diretamente a estruturas sens\u00edveis da cabe\u00e7a, como nervos e vasos sangu\u00edneos. Quando permanecem contra\u00eddos por muito tempo, acabam gerando um desconforto que se irradia para a nuca e sobe em dire\u00e7\u00e3o ao topo da cabe\u00e7a.<\/p>\n\n\n\n<p class=\"wp-block-paragraph\">Essa rela\u00e7\u00e3o anat\u00f4mica explica por que a postura, o esfor\u00e7o visual prolongado e o estresse acumulado afetam tanto essa \u00e1rea. A dor costuma ser descrita como um peso, um aperto ou uma press\u00e3o constante na parte de tr\u00e1s da cabe\u00e7a.<\/p>\n\n\n\n<h2 class=\"wp-block-heading\">Quais s\u00e3o as principais causas dessa dor?<\/h2>\n\n\n\n<p class=\"wp-block-paragraph\">Diversos fatores podem desencadear a dor occipital, sendo a cefaleia tensional a causa mais frequente. Esse tipo de dor est\u00e1 diretamente ligado \u00e0 contra\u00e7\u00e3o dos m\u00fasculos do pesco\u00e7o e ombros e costuma surgir depois de dias intensos ou situa\u00e7\u00f5es de estresse emocional. A <a href=\"https:\/\/www.tuasaude.com\/dor-de-cabeca-tensional\/\" target=\"_blank\" rel=\"noreferrer noopener\">dor de cabe\u00e7a tensional<\/a> \u00e9 considerada o tipo mais comum de cefaleia em adultos.<\/p>\n\n\n\n<p class=\"wp-block-paragraph\">Al\u00e9m dela, outras condi\u00e7\u00f5es podem provocar dor na regi\u00e3o occipital, entre elas:<\/p>\n\n\n\n<ul class=\"wp-block-list\">\n<li><strong>M\u00e1 postura<\/strong>, especialmente ao usar celular, computador ou dormir com travesseiro inadequado<\/li>\n\n\n\n<li>Estresse, ansiedade e sobrecarga emocional prolongada<\/li>\n\n\n\n<li>Bruxismo, com aperto dos dentes durante o sono ou o dia<\/li>\n\n\n\n<li>Enxaqueca, que tamb\u00e9m pode atingir a nuca em algumas crises<\/li>\n\n\n\n<li>Neuralgia occipital, causada por irrita\u00e7\u00e3o dos nervos da regi\u00e3o<\/li>\n\n\n\n<li>H\u00e9rnia de disco cervical ou artrose na coluna do pesco\u00e7o<\/li>\n\n\n\n<li>Press\u00e3o arterial elevada, sobretudo em crises hipertensivas<\/li>\n<\/ul>\n\n\n<div class=\"wp-block-image\">\n<figure class=\"aligncenter size-large\"><img decoding=\"async\" width=\"1024\" height=\"571\" src=\"https:\/\/www.tuasaude.com\/news\/wp-content\/uploads\/2026\/09\/Causas_da_dor_de_cabeca_202609021728-1024x571.jpg\" alt=\"Tens\u00e3o, postura, estresse e altera\u00e7\u00f5es cervicais est\u00e3o entre as causas da dor occipital.\" class=\"wp-image-107253\" srcset=\"https:\/\/www.tuasaude.com\/news\/wp-content\/uploads\/2026\/09\/Causas_da_dor_de_cabeca_202609021728-1024x571.jpg 1024w, https:\/\/www.tuasaude.com\/news\/wp-content\/uploads\/2026\/09\/Causas_da_dor_de_cabeca_202609021728-300x167.jpg 300w, https:\/\/www.tuasaude.com\/news\/wp-content\/uploads\/2026\/09\/Causas_da_dor_de_cabeca_202609021728-768x428.jpg 768w, https:\/\/www.tuasaude.com\/news\/wp-content\/uploads\/2026\/09\/Causas_da_dor_de_cabeca_202609021728-750x418.jpg 750w, https:\/\/www.tuasaude.com\/news\/wp-content\/uploads\/2026\/09\/Causas_da_dor_de_cabeca_202609021728-1140x636.jpg 1140w, https:\/\/www.tuasaude.com\/news\/wp-content\/uploads\/2026\/09\/Causas_da_dor_de_cabeca_202609021728.jpg 1280w\" sizes=\"(max-width: 1024px) 100vw, 1024px\" \/><figcaption class=\"wp-element-caption\">Tens\u00e3o, postura, estresse e altera\u00e7\u00f5es cervicais est\u00e3o entre as causas da dor occipital.<\/figcaption><\/figure>\n<\/div>\n\n\n<h2 class=\"wp-block-heading\">O que a ci\u00eancia mostra sobre a origem muscular<\/h2>\n\n\n\n<p class=\"wp-block-paragraph\">Pesquisas cient\u00edficas confirmam que os m\u00fasculos do pesco\u00e7o t\u00eam papel central nesse tipo de dor de cabe\u00e7a. De acordo com a revis\u00e3o <a href=\"https:\/\/pubmed.ncbi.nlm.nih.gov\/34599406\/\" target=\"_blank\" rel=\"noreferrer noopener\">Current Understanding of the Pathophysiology and Approach to Tension Type Headache<\/a>, publicada na base PubMed da National Library of Medicine, pacientes com cefaleia tensional apresentam m\u00fasculos mais r\u00edgidos, mais sens\u00edveis \u00e0 palpa\u00e7\u00e3o e com maior n\u00famero de pontos-gatilho na regi\u00e3o do pesco\u00e7o e do couro cabeludo, em compara\u00e7\u00e3o com pessoas sem dor de cabe\u00e7a.<\/p>\n\n\n\n<p class=\"wp-block-paragraph\">Os autores destacam que tanto mecanismos perif\u00e9ricos, como a tens\u00e3o muscular, quanto mecanismos centrais, ligados \u00e0 forma como o sistema nervoso processa a dor, contribuem para o quadro. Isso explica por que o tratamento costuma envolver medidas f\u00edsicas, comportamentais e, em alguns casos, medicamentos.<\/p>\n\n\n\n<h2 class=\"wp-block-heading\">Como aliviar esse tipo de dor no dia a dia?<\/h2>\n\n\n\n<p class=\"wp-block-paragraph\">Medidas simples costumam trazer boa resposta nas dores ocasionais e ajudam a prevenir novas crises. A rotina de autocuidado \u00e9 especialmente \u00fatil para quem passa muitas horas em posi\u00e7\u00f5es fixas ou lida com estresse constante, sendo uma boa complementa\u00e7\u00e3o para os diferentes tipos de <a href=\"https:\/\/www.tuasaude.com\/cefaleia-tipos\/\" target=\"_blank\" rel=\"noreferrer noopener\">cefaleia<\/a>.<\/p>\n\n\n\n<p class=\"wp-block-paragraph\">Confira orienta\u00e7\u00f5es pr\u00e1ticas que auxiliam no al\u00edvio:<\/p>\n\n\n\n<ol class=\"wp-block-list\">\n<li>Aplicar <strong>compressa morna<\/strong> na nuca e nos ombros por 15 a 20 minutos<\/li>\n\n\n\n<li>Fazer alongamentos suaves do pesco\u00e7o e da regi\u00e3o dos ombros ao longo do dia<\/li>\n\n\n\n<li>Ajustar a altura do computador para que a tela fique na linha dos olhos<\/li>\n\n\n\n<li>Fazer pausas de cinco minutos a cada hora de trabalho sentado<\/li>\n\n\n\n<li>Cuidar da hidrata\u00e7\u00e3o, bebendo \u00e1gua com regularidade<\/li>\n\n\n\n<li>Praticar atividades de relaxamento, como respira\u00e7\u00e3o profunda, ioga ou medita\u00e7\u00e3o<\/li>\n\n\n\n<li>Manter uma rotina de sono regular, com travesseiro que apoie bem o pesco\u00e7o<\/li>\n<\/ol>\n\n\n<div class=\"wp-block-image\">\n<figure class=\"aligncenter size-large\"><img decoding=\"async\" width=\"1024\" height=\"571\" src=\"https:\/\/www.tuasaude.com\/news\/wp-content\/uploads\/2026\/09\/Man_stretching_neck_indoors_202609021728-1024x571.jpg\" alt=\"Estresse e tens\u00e3o cervical podem irradiar desconforto para a parte de tr\u00e1s da cabe\u00e7a.\" class=\"wp-image-107254\" srcset=\"https:\/\/www.tuasaude.com\/news\/wp-content\/uploads\/2026\/09\/Man_stretching_neck_indoors_202609021728-1024x571.jpg 1024w, https:\/\/www.tuasaude.com\/news\/wp-content\/uploads\/2026\/09\/Man_stretching_neck_indoors_202609021728-300x167.jpg 300w, https:\/\/www.tuasaude.com\/news\/wp-content\/uploads\/2026\/09\/Man_stretching_neck_indoors_202609021728-768x428.jpg 768w, https:\/\/www.tuasaude.com\/news\/wp-content\/uploads\/2026\/09\/Man_stretching_neck_indoors_202609021728-750x418.jpg 750w, https:\/\/www.tuasaude.com\/news\/wp-content\/uploads\/2026\/09\/Man_stretching_neck_indoors_202609021728-1140x636.jpg 1140w, https:\/\/www.tuasaude.com\/news\/wp-content\/uploads\/2026\/09\/Man_stretching_neck_indoors_202609021728.jpg 1280w\" sizes=\"(max-width: 1024px) 100vw, 1024px\" \/><figcaption class=\"wp-element-caption\">Estresse e tens\u00e3o cervical podem irradiar desconforto para a parte de tr\u00e1s da cabe\u00e7a.<\/figcaption><\/figure>\n<\/div>\n\n\n<h2 class=\"wp-block-heading\">Quando \u00e9 preciso procurar avalia\u00e7\u00e3o m\u00e9dica?<\/h2>\n\n\n\n<p class=\"wp-block-paragraph\">A dor occipital costuma ser benigna, mas alguns sinais indicam a necessidade de investiga\u00e7\u00e3o imediata. Dor s\u00fabita e muito intensa, sensa\u00e7\u00e3o de explos\u00e3o na cabe\u00e7a, febre alta, rigidez no pesco\u00e7o, altera\u00e7\u00f5es na fala, na vis\u00e3o ou na for\u00e7a de um lado do corpo exigem atendimento de urg\u00eancia. Nesses casos, o m\u00e9dico pode indicar exames e prescrever <a href=\"https:\/\/www.tuasaude.com\/remedio-para-tontura\/\" target=\"_blank\" rel=\"noreferrer noopener\">rem\u00e9dios<\/a> espec\u00edficos conforme a causa.<\/p>\n\n\n\n<p class=\"wp-block-paragraph\">Dores que se repetem v\u00e1rias vezes por semana, pioram com o tempo ou n\u00e3o melhoram com medidas simples tamb\u00e9m merecem avalia\u00e7\u00e3o com cl\u00ednico geral ou neurologista. O diagn\u00f3stico correto permite tratar a causa, aliviar o sofrimento e evitar o uso excessivo de analg\u00e9sicos, que pode piorar o quadro a longo prazo.<\/p>\n\n\n\n<p class=\"wp-block-paragraph\"><em>Este conte\u00fado tem car\u00e1ter apenas informativo e n\u00e3o substitui a avalia\u00e7\u00e3o m\u00e9dica presencial. Consulte sempre um profissional de sa\u00fade qualificado para diagn\u00f3stico e tratamento adequados ao seu caso.<\/em><\/p>\n","protected":false},"excerpt":{"rendered":"<p>A dor de cabe\u00e7a na parte de tr\u00e1s da cabe\u00e7a, tamb\u00e9m chamada de regi\u00e3o occipital, \u00e9 uma queixa frequente que costuma estar ligada \u00e0 tens\u00e3o nos m\u00fasculos do pesco\u00e7o, \u00e0 m\u00e1 postura e ao estresse do dia a dia. Longas horas em frente a telas, noites mal dormidas e sobrecarga emocional favorecem o surgimento desse [&hellip;]<\/p>\n","protected":false},"author":11,"featured_media":107252,"comment_status":"open","ping_status":"open","sticky":false,"template":"","format":"standard","meta":{"_yoast_wpseo_focuskw":"dor de cabe\u00e7a","_yoast_wpseo_title":"","_yoast_wpseo_metadesc":"Dor na parte de tr\u00e1s da cabe\u00e7a pode surgir com tens\u00e3o no pesco\u00e7o, estresse e m\u00e1 postura. Entenda o que favorece o desconforto e como aliviar no dia a dia.","jnews-multi-image_gallery":[],"jnews_single_post":{"format":"standard"},"jnews_primary_category":[],"jnews_social_meta":[],"jnews_override_counter":[],"footnotes":""},"categories":[111],"tags":[10705,6143,282,136],"class_list":["post-107247","post","type-post","status-publish","format-standard","has-post-thumbnail","hentry","category-saude","tag-cabeca","tag-cefaleia","tag-dor-de-cabeca","tag-saude"],"yoast_head":"<!-- This site is optimized with the Yoast SEO plugin v26.7 - https:\/\/yoast.com\/wordpress\/plugins\/seo\/ -->\n<title>O que causa dor de cabe\u00e7a na parte de tr\u00e1s da cabe\u00e7a - Tua Sa\u00fade<\/title>\n<meta name=\"description\" content=\"Dor na parte de tr\u00e1s da cabe\u00e7a pode surgir com tens\u00e3o no pesco\u00e7o, estresse e m\u00e1 postura. Entenda o que favorece o desconforto e como aliviar no dia a dia.\" \/>\n<meta name=\"robots\" content=\"index, follow, max-snippet:-1, max-image-preview:large, max-video-preview:-1\" \/>\n<link rel=\"canonical\" href=\"https:\/\/www.tuasaude.com\/news\/2026\/09\/03\/o-que-causa-dor-de-cabeca-na-parte-de-tras-da-cabeca\/\" \/>\n<meta property=\"og:locale\" content=\"pt_BR\" \/>\n<meta property=\"og:type\" content=\"article\" \/>\n<meta property=\"og:title\" content=\"O que causa dor de cabe\u00e7a na parte de tr\u00e1s da cabe\u00e7a - Tua Sa\u00fade\" \/>\n<meta property=\"og:description\" content=\"Dor na parte de tr\u00e1s da cabe\u00e7a pode surgir com tens\u00e3o no pesco\u00e7o, estresse e m\u00e1 postura. Entenda o que favorece o desconforto e como aliviar no dia a dia.\" \/>\n<meta property=\"og:url\" content=\"https:\/\/www.tuasaude.com\/news\/2026\/09\/03\/o-que-causa-dor-de-cabeca-na-parte-de-tras-da-cabeca\/\" \/>\n<meta property=\"og:site_name\" content=\"Tua Sa\u00fade\" \/>\n<meta property=\"article:published_time\" content=\"2026-09-03T20:30:00+00:00\" \/>\n<meta property=\"og:image\" content=\"https:\/\/www.tuasaude.com\/news\/wp-content\/uploads\/2026\/09\/Woman_massaging_neck_at_desk_202609021728.jpg\" \/>\n\t<meta property=\"og:image:width\" content=\"1280\" \/>\n\t<meta property=\"og:image:height\" content=\"714\" \/>\n\t<meta property=\"og:image:type\" content=\"image\/jpeg\" \/>\n<meta name=\"author\" content=\"Gessika Julia Carvalho\" \/>\n<meta name=\"twitter:card\" content=\"summary_large_image\" \/>\n<meta name=\"twitter:label1\" content=\"Escrito por\" \/>\n\t<meta name=\"twitter:data1\" content=\"Gessika Julia Carvalho\" \/>\n\t<meta name=\"twitter:label2\" content=\"Est. tempo de leitura\" \/>\n\t<meta name=\"twitter:data2\" content=\"5 minutos\" \/>\n<!-- \/ Yoast SEO plugin. -->","yoast_head_json":{"title":"O que causa dor de cabe\u00e7a na parte de tr\u00e1s da cabe\u00e7a - Tua Sa\u00fade","description":"Dor na parte de tr\u00e1s da cabe\u00e7a pode surgir com tens\u00e3o no pesco\u00e7o, estresse e m\u00e1 postura. Entenda o que favorece o desconforto e como aliviar no dia a dia.","robots":{"index":"index","follow":"follow","max-snippet":"max-snippet:-1","max-image-preview":"max-image-preview:large","max-video-preview":"max-video-preview:-1"},"canonical":"https:\/\/www.tuasaude.com\/news\/2026\/09\/03\/o-que-causa-dor-de-cabeca-na-parte-de-tras-da-cabeca\/","og_locale":"pt_BR","og_type":"article","og_title":"O que causa dor de cabe\u00e7a na parte de tr\u00e1s da cabe\u00e7a - Tua Sa\u00fade","og_description":"Dor na parte de tr\u00e1s da cabe\u00e7a pode surgir com tens\u00e3o no pesco\u00e7o, estresse e m\u00e1 postura. Entenda o que favorece o desconforto e como aliviar no dia a dia.","og_url":"https:\/\/www.tuasaude.com\/news\/2026\/09\/03\/o-que-causa-dor-de-cabeca-na-parte-de-tras-da-cabeca\/","og_site_name":"Tua Sa\u00fade","article_published_time":"2026-09-03T20:30:00+00:00","og_image":[{"width":1280,"height":714,"url":"https:\/\/www.tuasaude.com\/news\/wp-content\/uploads\/2026\/09\/Woman_massaging_neck_at_desk_202609021728.jpg","type":"image\/jpeg"}],"author":"Gessika Julia Carvalho","twitter_card":"summary_large_image","twitter_misc":{"Escrito por":"Gessika Julia Carvalho","Est. tempo de leitura":"5 minutos"},"schema":{"@context":"https:\/\/schema.org","@graph":[{"@type":"Article","@id":"https:\/\/www.tuasaude.com\/news\/2026\/09\/03\/o-que-causa-dor-de-cabeca-na-parte-de-tras-da-cabeca\/#article","isPartOf":{"@id":"https:\/\/www.tuasaude.com\/news\/2026\/09\/03\/o-que-causa-dor-de-cabeca-na-parte-de-tras-da-cabeca\/"},"author":{"name":"Gessika Julia Carvalho","@id":"https:\/\/www.tuasaude.com\/news\/#\/schema\/person\/2e9df841be69ec84f5d20ddb8d273ac2"},"headline":"O que causa dor de cabe\u00e7a na parte de tr\u00e1s da cabe\u00e7a","datePublished":"2026-09-03T20:30:00+00:00","mainEntityOfPage":{"@id":"https:\/\/www.tuasaude.com\/news\/2026\/09\/03\/o-que-causa-dor-de-cabeca-na-parte-de-tras-da-cabeca\/"},"wordCount":877,"commentCount":0,"image":{"@id":"https:\/\/www.tuasaude.com\/news\/2026\/09\/03\/o-que-causa-dor-de-cabeca-na-parte-de-tras-da-cabeca\/#primaryimage"},"thumbnailUrl":"https:\/\/www.tuasaude.com\/news\/wp-content\/uploads\/2026\/09\/Woman_massaging_neck_at_desk_202609021728.jpg","keywords":["cabe\u00e7a","cefaleia","dor de cabe\u00e7a","sa\u00fade"],"articleSection":["Sa\u00fade"],"inLanguage":"pt-BR","potentialAction":[{"@type":"CommentAction","name":"Comment","target":["https:\/\/www.tuasaude.com\/news\/2026\/09\/03\/o-que-causa-dor-de-cabeca-na-parte-de-tras-da-cabeca\/#respond"]}]},{"@type":"WebPage","@id":"https:\/\/www.tuasaude.com\/news\/2026\/09\/03\/o-que-causa-dor-de-cabeca-na-parte-de-tras-da-cabeca\/","url":"https:\/\/www.tuasaude.com\/news\/2026\/09\/03\/o-que-causa-dor-de-cabeca-na-parte-de-tras-da-cabeca\/","name":"O que causa dor de cabe\u00e7a na parte de tr\u00e1s da cabe\u00e7a - Tua Sa\u00fade","isPartOf":{"@id":"https:\/\/www.tuasaude.com\/news\/#website"},"primaryImageOfPage":{"@id":"https:\/\/www.tuasaude.com\/news\/2026\/09\/03\/o-que-causa-dor-de-cabeca-na-parte-de-tras-da-cabeca\/#primaryimage"},"image":{"@id":"https:\/\/www.tuasaude.com\/news\/2026\/09\/03\/o-que-causa-dor-de-cabeca-na-parte-de-tras-da-cabeca\/#primaryimage"},"thumbnailUrl":"https:\/\/www.tuasaude.com\/news\/wp-content\/uploads\/2026\/09\/Woman_massaging_neck_at_desk_202609021728.jpg","datePublished":"2026-09-03T20:30:00+00:00","author":{"@id":"https:\/\/www.tuasaude.com\/news\/#\/schema\/person\/2e9df841be69ec84f5d20ddb8d273ac2"},"description":"Dor na parte de tr\u00e1s da cabe\u00e7a pode surgir com tens\u00e3o no pesco\u00e7o, estresse e m\u00e1 postura. Entenda o que favorece o desconforto e como aliviar no dia a dia.","breadcrumb":{"@id":"https:\/\/www.tuasaude.com\/news\/2026\/09\/03\/o-que-causa-dor-de-cabeca-na-parte-de-tras-da-cabeca\/#breadcrumb"},"inLanguage":"pt-BR","potentialAction":[{"@type":"ReadAction","target":["https:\/\/www.tuasaude.com\/news\/2026\/09\/03\/o-que-causa-dor-de-cabeca-na-parte-de-tras-da-cabeca\/"]}]},{"@type":"ImageObject","inLanguage":"pt-BR","@id":"https:\/\/www.tuasaude.com\/news\/2026\/09\/03\/o-que-causa-dor-de-cabeca-na-parte-de-tras-da-cabeca\/#primaryimage","url":"https:\/\/www.tuasaude.com\/news\/wp-content\/uploads\/2026\/09\/Woman_massaging_neck_at_desk_202609021728.jpg","contentUrl":"https:\/\/www.tuasaude.com\/news\/wp-content\/uploads\/2026\/09\/Woman_massaging_neck_at_desk_202609021728.jpg","width":1280,"height":714,"caption":"O que causa dor de cabe\u00e7a na parte de tr\u00e1s da cabe\u00e7a"},{"@type":"BreadcrumbList","@id":"https:\/\/www.tuasaude.com\/news\/2026\/09\/03\/o-que-causa-dor-de-cabeca-na-parte-de-tras-da-cabeca\/#breadcrumb","itemListElement":[{"@type":"ListItem","position":1,"name":"In\u00edcio","item":"https:\/\/www.tuasaude.com\/news\/"},{"@type":"ListItem","position":2,"name":"O que causa dor de cabe\u00e7a na parte de tr\u00e1s da cabe\u00e7a"}]},{"@type":"WebSite","@id":"https:\/\/www.tuasaude.com\/news\/#website","url":"https:\/\/www.tuasaude.com\/news\/","name":"Tua Sa\u00fade","description":"Seu site de sa\u00fade","potentialAction":[{"@type":"SearchAction","target":{"@type":"EntryPoint","urlTemplate":"https:\/\/www.tuasaude.com\/news\/?s={search_term_string}"},"query-input":{"@type":"PropertyValueSpecification","valueRequired":true,"valueName":"search_term_string"}}],"inLanguage":"pt-BR"},{"@type":"Person","@id":"https:\/\/www.tuasaude.com\/news\/#\/schema\/person\/2e9df841be69ec84f5d20ddb8d273ac2","name":"Gessika Julia Carvalho","image":{"@type":"ImageObject","inLanguage":"pt-BR","@id":"https:\/\/www.tuasaude.com\/news\/#\/schema\/person\/image\/","url":"https:\/\/secure.gravatar.com\/avatar\/0fcc8769024577fd0bc6a8b766055690f76a8e8f29dfb2a2f89cf04db8d0f2d2?s=96&d=mm&r=g","contentUrl":"https:\/\/secure.gravatar.com\/avatar\/0fcc8769024577fd0bc6a8b766055690f76a8e8f29dfb2a2f89cf04db8d0f2d2?s=96&d=mm&r=g","caption":"Gessika Julia Carvalho"},"sameAs":["https:\/\/www.tuasaude.com\/news\/"],"url":"https:\/\/www.tuasaude.com\/news\/author\/gessika-julia\/"}]}},"_links":{"self":[{"href":"https:\/\/www.tuasaude.com\/news\/wp-json\/wp\/v2\/posts\/107247","targetHints":{"allow":["GET"]}}],"collection":[{"href":"https:\/\/www.tuasaude.com\/news\/wp-json\/wp\/v2\/posts"}],"about":[{"href":"https:\/\/www.tuasaude.com\/news\/wp-json\/wp\/v2\/types\/post"}],"author":[{"embeddable":true,"href":"https:\/\/www.tuasaude.com\/news\/wp-json\/wp\/v2\/users\/11"}],"replies":[{"embeddable":true,"href":"https:\/\/www.tuasaude.com\/news\/wp-json\/wp\/v2\/comments?post=107247"}],"version-history":[{"count":1,"href":"https:\/\/www.tuasaude.com\/news\/wp-json\/wp\/v2\/posts\/107247\/revisions"}],"predecessor-version":[{"id":107255,"href":"https:\/\/www.tuasaude.com\/news\/wp-json\/wp\/v2\/posts\/107247\/revisions\/107255"}],"wp:featuredmedia":[{"embeddable":true,"href":"https:\/\/www.tuasaude.com\/news\/wp-json\/wp\/v2\/media\/107252"}],"wp:attachment":[{"href":"https:\/\/www.tuasaude.com\/news\/wp-json\/wp\/v2\/media?parent=107247"}],"wp:term":[{"taxonomy":"category","embeddable":true,"href":"https:\/\/www.tuasaude.com\/news\/wp-json\/wp\/v2\/categories?post=107247"},{"taxonomy":"post_tag","embeddable":true,"href":"https:\/\/www.tuasaude.com\/news\/wp-json\/wp\/v2\/tags?post=107247"}],"curies":[{"name":"wp","href":"https:\/\/api.w.org\/{rel}","templated":true}]}}