{"id":107196,"date":"2026-09-03T11:05:00","date_gmt":"2026-09-03T14:05:00","guid":{"rendered":"https:\/\/www.tuasaude.com\/news\/?p=107196"},"modified":"2026-09-02T15:47:33","modified_gmt":"2026-09-02T18:47:33","slug":"a-prisao-de-ventre-persistente-nao-se-deve-apenas-a-falta-de-fibras-mas-na-maioria-das-vezes-ao-intestino-que-se-movimenta-de-forma-mais-lenta","status":"publish","type":"post","link":"https:\/\/www.tuasaude.com\/news\/2026\/09\/03\/a-prisao-de-ventre-persistente-nao-se-deve-apenas-a-falta-de-fibras-mas-na-maioria-das-vezes-ao-intestino-que-se-movimenta-de-forma-mais-lenta\/","title":{"rendered":"A pris\u00e3o de ventre persistente n\u00e3o se deve apenas \u00e0 falta de fibras, mas na maioria das vezes ao intestino que se movimenta de forma mais lenta"},"content":{"rendered":"\n<p class=\"wp-block-paragraph\">A pris\u00e3o de ventre persistente costuma ser associada apenas \u00e0 baixa ingest\u00e3o de fibras, mas em muitos casos o principal fator \u00e9 o tr\u00e2nsito intestinal lento, quando o intestino se movimenta de forma mais pregui\u00e7osa e ret\u00e9m o bolo fecal por mais tempo. Esse ritmo reduzido faz com que o organismo absorva mais \u00e1gua das fezes, deixando-as ressecadas e dif\u00edceis de eliminar. Entender esse mecanismo \u00e9 fundamental para adotar h\u00e1bitos que estimulem o funcionamento intestinal e prevenir o desconforto no dia a dia.<\/p>\n\n\n\n<h2 class=\"wp-block-heading\">O que \u00e9 o tr\u00e2nsito intestinal lento?<\/h2>\n\n\n\n<p class=\"wp-block-paragraph\">O tr\u00e2nsito intestinal lento acontece quando as contra\u00e7\u00f5es do intestino, conhecidas como peristaltismo, perdem ritmo. Essas contra\u00e7\u00f5es s\u00e3o respons\u00e1veis por empurrar as fezes at\u00e9 o reto, permitindo a evacua\u00e7\u00e3o regular.<\/p>\n\n\n\n<p class=\"wp-block-paragraph\">Quando esse movimento fica reduzido, o bolo fecal permanece por mais tempo no intestino grosso. Com o tempo prolongado de tr\u00e2nsito, o corpo continua absorvendo \u00e1gua das fezes, deixando-as mais duras, secas e associadas ao quadro de <a href=\"https:\/\/www.tuasaude.com\/prisao-de-ventre\/\" target=\"_blank\" rel=\"noreferrer noopener\">pris\u00e3o de ventre<\/a>.<\/p>\n\n\n\n<h2 class=\"wp-block-heading\">Por que fibras sozinhas nem sempre resolvem?<\/h2>\n\n\n\n<p class=\"wp-block-paragraph\">As fibras aumentam o volume das fezes e ret\u00eam l\u00edquido, estimulando o peristaltismo. No entanto, quando o problema principal \u00e9 a lentid\u00e3o do pr\u00f3prio movimento intestinal, apenas aumentar as fibras pode n\u00e3o ser suficiente para resolver o desconforto.<\/p>\n\n\n\n<p class=\"wp-block-paragraph\">Sem uma combina\u00e7\u00e3o adequada com hidrata\u00e7\u00e3o, atividade f\u00edsica e hor\u00e1rios regulares, o consumo elevado de fibras pode gerar mais gases, distens\u00e3o abdominal e sensa\u00e7\u00e3o de peso, especialmente em quem j\u00e1 apresenta intestino pregui\u00e7oso.<\/p>\n\n\n<div class=\"wp-block-image\">\n<figure class=\"aligncenter size-large\"><img decoding=\"async\" width=\"1024\" height=\"571\" src=\"https:\/\/www.tuasaude.com\/news\/wp-content\/uploads\/2026\/09\/Medical_infographic_about_consti\u2026_202609021546-1024x571.jpg\" alt=\"Hidrata\u00e7\u00e3o, movimento, rotina e postura favorecem um tr\u00e2nsito intestinal mais regular.\" class=\"wp-image-107204\" srcset=\"https:\/\/www.tuasaude.com\/news\/wp-content\/uploads\/2026\/09\/Medical_infographic_about_consti\u2026_202609021546-1024x571.jpg 1024w, https:\/\/www.tuasaude.com\/news\/wp-content\/uploads\/2026\/09\/Medical_infographic_about_consti\u2026_202609021546-300x167.jpg 300w, https:\/\/www.tuasaude.com\/news\/wp-content\/uploads\/2026\/09\/Medical_infographic_about_consti\u2026_202609021546-768x428.jpg 768w, https:\/\/www.tuasaude.com\/news\/wp-content\/uploads\/2026\/09\/Medical_infographic_about_consti\u2026_202609021546-750x418.jpg 750w, https:\/\/www.tuasaude.com\/news\/wp-content\/uploads\/2026\/09\/Medical_infographic_about_consti\u2026_202609021546-1140x636.jpg 1140w, https:\/\/www.tuasaude.com\/news\/wp-content\/uploads\/2026\/09\/Medical_infographic_about_consti\u2026_202609021546.jpg 1280w\" sizes=\"(max-width: 1024px) 100vw, 1024px\" \/><figcaption class=\"wp-element-caption\">Hidrata\u00e7\u00e3o, movimento, rotina e postura favorecem um tr\u00e2nsito intestinal mais regular.<\/figcaption><\/figure>\n<\/div>\n\n\n<h2 class=\"wp-block-heading\">Como hidrata\u00e7\u00e3o, movimento e rotina influenciam o intestino?<\/h2>\n\n\n\n<p class=\"wp-block-paragraph\">Tr\u00eas pilares atuam de forma conjunta para manter o intestino funcionando de forma regular e s\u00e3o frequentemente citados em orienta\u00e7\u00f5es cl\u00ednicas.<\/p>\n\n\n\n<ul class=\"wp-block-list\">\n<li><strong>Hidrata\u00e7\u00e3o adequada<\/strong>, com 1,5 a 2 litros de \u00e1gua por dia, essencial para amolecer o bolo fecal<\/li>\n\n\n\n<li><strong>Atividade f\u00edsica regular<\/strong>, especialmente caminhadas, que estimulam o peristaltismo intestinal<\/li>\n\n\n\n<li><strong>Hor\u00e1rio fixo para evacuar<\/strong>, aproveitando o reflexo natural ap\u00f3s o caf\u00e9 da manh\u00e3<\/li>\n\n\n\n<li><strong>Postura correta no vaso<\/strong>, com apoio para os p\u00e9s, o que facilita a sa\u00edda das fezes<\/li>\n\n\n\n<li><strong>Redu\u00e7\u00e3o do estresse<\/strong>, j\u00e1 que a tens\u00e3o afeta diretamente o funcionamento intestinal<\/li>\n\n\n\n<li><strong>Respeito \u00e0 vontade de evacuar<\/strong>, evitando adiar o momento ao longo do dia<\/li>\n<\/ul>\n\n\n\n<h2 class=\"wp-block-heading\">O que dizem os estudos cient\u00edficos sobre o intestino lento?<\/h2>\n\n\n\n<p class=\"wp-block-paragraph\">A motilidade intestinal vem sendo estudada h\u00e1 d\u00e9cadas, e as pesquisas ajudam a compreender por que algumas pessoas apresentam constipa\u00e7\u00e3o mesmo com boa alimenta\u00e7\u00e3o. De acordo com a revis\u00e3o <a href=\"https:\/\/pubmed.ncbi.nlm.nih.gov\/15884105\/\" target=\"_blank\" rel=\"noreferrer noopener\">Normal aspects of colorectal motility and abnormalities in slow transit constipation<\/a>, publicada na revista World Journal of Gastroenterology e indexada no PubMed, o tr\u00e2nsito intestinal lento \u00e9 uma das formas mais frequentes e dif\u00edceis de tratar da constipa\u00e7\u00e3o cr\u00f4nica.<\/p>\n\n\n\n<p class=\"wp-block-paragraph\">Os autores destacam que as altera\u00e7\u00f5es no ritmo das contra\u00e7\u00f5es do intestino grosso podem justificar sintomas persistentes mesmo em pessoas com dieta adequada. O estudo refor\u00e7a a import\u00e2ncia de investigar causas espec\u00edficas, especialmente quando a constipa\u00e7\u00e3o n\u00e3o responde \u00e0s medidas iniciais e outros <a href=\"https:\/\/www.tuasaude.com\/alimentos-para-prisao-de-ventre\/\" target=\"_blank\" rel=\"noreferrer noopener\">alimentos para pris\u00e3o de ventre<\/a> parecem n\u00e3o fazer efeito.<\/p>\n\n\n<div class=\"wp-block-image\">\n<figure class=\"aligncenter size-large\"><img decoding=\"async\" width=\"1024\" height=\"571\" src=\"https:\/\/www.tuasaude.com\/news\/wp-content\/uploads\/2026\/09\/Older_man_walking_medical_illust\u2026_202609021546-1024x571.jpg\" alt=\"Hidrata\u00e7\u00e3o, movimento e rotina ajudam a estimular um intestino de tr\u00e2nsito lento.\" class=\"wp-image-107205\" srcset=\"https:\/\/www.tuasaude.com\/news\/wp-content\/uploads\/2026\/09\/Older_man_walking_medical_illust\u2026_202609021546-1024x571.jpg 1024w, https:\/\/www.tuasaude.com\/news\/wp-content\/uploads\/2026\/09\/Older_man_walking_medical_illust\u2026_202609021546-300x167.jpg 300w, https:\/\/www.tuasaude.com\/news\/wp-content\/uploads\/2026\/09\/Older_man_walking_medical_illust\u2026_202609021546-768x428.jpg 768w, https:\/\/www.tuasaude.com\/news\/wp-content\/uploads\/2026\/09\/Older_man_walking_medical_illust\u2026_202609021546-750x418.jpg 750w, https:\/\/www.tuasaude.com\/news\/wp-content\/uploads\/2026\/09\/Older_man_walking_medical_illust\u2026_202609021546-1140x636.jpg 1140w, https:\/\/www.tuasaude.com\/news\/wp-content\/uploads\/2026\/09\/Older_man_walking_medical_illust\u2026_202609021546.jpg 1280w\" sizes=\"(max-width: 1024px) 100vw, 1024px\" \/><figcaption class=\"wp-element-caption\">Hidrata\u00e7\u00e3o, movimento e rotina ajudam a estimular um intestino de tr\u00e2nsito lento.<\/figcaption><\/figure>\n<\/div>\n\n\n<h2 class=\"wp-block-heading\">Quando o intestino preso merece avalia\u00e7\u00e3o m\u00e9dica?<\/h2>\n\n\n\n<p class=\"wp-block-paragraph\">Nem sempre a pris\u00e3o de ventre passa apenas com ajustes de rotina. Alguns sinais indicam a necessidade de procurar orienta\u00e7\u00e3o especializada para investigar causas mais espec\u00edficas.<\/p>\n\n\n\n<ol class=\"wp-block-list\">\n<li><strong>Pris\u00e3o de ventre por mais de tr\u00eas semanas<\/strong>, mesmo com aumento de fibras e \u00e1gua<\/li>\n\n\n\n<li><strong>Presen\u00e7a de sangue nas fezes<\/strong> ou no papel higi\u00eanico<\/li>\n\n\n\n<li><strong>Perda de peso sem motivo aparente<\/strong>, associada ao intestino preso<\/li>\n\n\n\n<li><strong>Dor abdominal intensa<\/strong> ou distens\u00e3o persistente<\/li>\n\n\n\n<li><strong>Altern\u00e2ncia frequente<\/strong> entre pris\u00e3o de ventre e diarreia<\/li>\n\n\n\n<li><strong>Altera\u00e7\u00f5es no calibre das fezes<\/strong>, especialmente ap\u00f3s os 45 anos<\/li>\n<\/ol>\n\n\n\n<p class=\"wp-block-paragraph\">Diante desses sinais, ou quando a constipa\u00e7\u00e3o come\u00e7a a interferir na qualidade de vida, \u00e9 fundamental procurar avalia\u00e7\u00e3o m\u00e9dica. Somente um profissional pode indicar exames adequados e definir o tratamento mais indicado para cada caso.<\/p>\n\n\n\n<p class=\"wp-block-paragraph\"><em>Este conte\u00fado tem car\u00e1ter apenas informativo e n\u00e3o substitui a avalia\u00e7\u00e3o, o diagn\u00f3stico ou o tratamento realizados por um profissional de sa\u00fade qualificado.<\/em><\/p>\n","protected":false},"excerpt":{"rendered":"<p>A pris\u00e3o de ventre persistente costuma ser associada apenas \u00e0 baixa ingest\u00e3o de fibras, mas em muitos casos o principal fator \u00e9 o tr\u00e2nsito intestinal lento, quando o intestino se movimenta de forma mais pregui\u00e7osa e ret\u00e9m o bolo fecal por mais tempo. Esse ritmo reduzido faz com que o organismo absorva mais \u00e1gua das [&hellip;]<\/p>\n","protected":false},"author":11,"featured_media":107203,"comment_status":"open","ping_status":"open","sticky":false,"template":"","format":"standard","meta":{"_yoast_wpseo_focuskw":"intestino","_yoast_wpseo_title":"","_yoast_wpseo_metadesc":"Intestino lento faz as fezes permanecerem mais tempo no intestino grosso e pode causar pris\u00e3o de ventre. Entenda por que hidrata\u00e7\u00e3o, movimento e rotina ajudam.","jnews-multi-image_gallery":[],"jnews_single_post":{"format":"standard"},"jnews_primary_category":[],"jnews_social_meta":[],"jnews_override_counter":[],"footnotes":""},"categories":[111],"tags":[220,2078,891,136],"class_list":["post-107196","post","type-post","status-publish","format-standard","has-post-thumbnail","hentry","category-saude","tag-alimentacao","tag-intestino","tag-prisao-de-ventre","tag-saude"],"yoast_head":"<!-- This site is optimized with the Yoast SEO plugin v26.7 - https:\/\/yoast.com\/wordpress\/plugins\/seo\/ -->\n<title>A pris\u00e3o de ventre persistente n\u00e3o se deve apenas \u00e0 falta de fibras, mas na maioria das vezes ao intestino que se movimenta de forma mais lenta - Tua Sa\u00fade<\/title>\n<meta name=\"description\" content=\"Intestino lento faz as fezes permanecerem mais tempo no intestino grosso e pode causar pris\u00e3o de ventre. Entenda por que hidrata\u00e7\u00e3o, movimento e rotina ajudam.\" \/>\n<meta name=\"robots\" content=\"index, follow, max-snippet:-1, max-image-preview:large, max-video-preview:-1\" \/>\n<link rel=\"canonical\" href=\"https:\/\/www.tuasaude.com\/news\/2026\/09\/03\/a-prisao-de-ventre-persistente-nao-se-deve-apenas-a-falta-de-fibras-mas-na-maioria-das-vezes-ao-intestino-que-se-movimenta-de-forma-mais-lenta\/\" \/>\n<meta property=\"og:locale\" content=\"pt_BR\" \/>\n<meta property=\"og:type\" content=\"article\" \/>\n<meta property=\"og:title\" content=\"A pris\u00e3o de ventre persistente n\u00e3o se deve apenas \u00e0 falta de fibras, mas na maioria das vezes ao intestino que se movimenta de forma mais lenta - Tua Sa\u00fade\" \/>\n<meta property=\"og:description\" content=\"Intestino lento faz as fezes permanecerem mais tempo no intestino grosso e pode causar pris\u00e3o de ventre. Entenda por que hidrata\u00e7\u00e3o, movimento e rotina ajudam.\" \/>\n<meta property=\"og:url\" content=\"https:\/\/www.tuasaude.com\/news\/2026\/09\/03\/a-prisao-de-ventre-persistente-nao-se-deve-apenas-a-falta-de-fibras-mas-na-maioria-das-vezes-ao-intestino-que-se-movimenta-de-forma-mais-lenta\/\" \/>\n<meta property=\"og:site_name\" content=\"Tua Sa\u00fade\" \/>\n<meta property=\"article:published_time\" content=\"2026-09-03T14:05:00+00:00\" \/>\n<meta property=\"og:image\" content=\"https:\/\/www.tuasaude.com\/news\/wp-content\/uploads\/2026\/09\/Woman_experiencing_constipation_\u2026_202609021546.jpg\" \/>\n\t<meta property=\"og:image:width\" content=\"1280\" \/>\n\t<meta property=\"og:image:height\" content=\"714\" \/>\n\t<meta property=\"og:image:type\" content=\"image\/jpeg\" \/>\n<meta name=\"author\" content=\"Gessika Julia Carvalho\" \/>\n<meta name=\"twitter:card\" content=\"summary_large_image\" \/>\n<meta name=\"twitter:label1\" content=\"Escrito por\" \/>\n\t<meta name=\"twitter:data1\" content=\"Gessika Julia Carvalho\" \/>\n\t<meta name=\"twitter:label2\" content=\"Est. tempo de leitura\" \/>\n\t<meta name=\"twitter:data2\" content=\"5 minutos\" \/>\n<!-- \/ Yoast SEO plugin. -->","yoast_head_json":{"title":"A pris\u00e3o de ventre persistente n\u00e3o se deve apenas \u00e0 falta de fibras, mas na maioria das vezes ao intestino que se movimenta de forma mais lenta - Tua Sa\u00fade","description":"Intestino lento faz as fezes permanecerem mais tempo no intestino grosso e pode causar pris\u00e3o de ventre. Entenda por que hidrata\u00e7\u00e3o, movimento e rotina ajudam.","robots":{"index":"index","follow":"follow","max-snippet":"max-snippet:-1","max-image-preview":"max-image-preview:large","max-video-preview":"max-video-preview:-1"},"canonical":"https:\/\/www.tuasaude.com\/news\/2026\/09\/03\/a-prisao-de-ventre-persistente-nao-se-deve-apenas-a-falta-de-fibras-mas-na-maioria-das-vezes-ao-intestino-que-se-movimenta-de-forma-mais-lenta\/","og_locale":"pt_BR","og_type":"article","og_title":"A pris\u00e3o de ventre persistente n\u00e3o se deve apenas \u00e0 falta de fibras, mas na maioria das vezes ao intestino que se movimenta de forma mais lenta - Tua Sa\u00fade","og_description":"Intestino lento faz as fezes permanecerem mais tempo no intestino grosso e pode causar pris\u00e3o de ventre. Entenda por que hidrata\u00e7\u00e3o, movimento e rotina ajudam.","og_url":"https:\/\/www.tuasaude.com\/news\/2026\/09\/03\/a-prisao-de-ventre-persistente-nao-se-deve-apenas-a-falta-de-fibras-mas-na-maioria-das-vezes-ao-intestino-que-se-movimenta-de-forma-mais-lenta\/","og_site_name":"Tua Sa\u00fade","article_published_time":"2026-09-03T14:05:00+00:00","og_image":[{"width":1280,"height":714,"url":"https:\/\/www.tuasaude.com\/news\/wp-content\/uploads\/2026\/09\/Woman_experiencing_constipation_\u2026_202609021546.jpg","type":"image\/jpeg"}],"author":"Gessika Julia Carvalho","twitter_card":"summary_large_image","twitter_misc":{"Escrito por":"Gessika Julia Carvalho","Est. tempo de leitura":"5 minutos"},"schema":{"@context":"https:\/\/schema.org","@graph":[{"@type":"Article","@id":"https:\/\/www.tuasaude.com\/news\/2026\/09\/03\/a-prisao-de-ventre-persistente-nao-se-deve-apenas-a-falta-de-fibras-mas-na-maioria-das-vezes-ao-intestino-que-se-movimenta-de-forma-mais-lenta\/#article","isPartOf":{"@id":"https:\/\/www.tuasaude.com\/news\/2026\/09\/03\/a-prisao-de-ventre-persistente-nao-se-deve-apenas-a-falta-de-fibras-mas-na-maioria-das-vezes-ao-intestino-que-se-movimenta-de-forma-mais-lenta\/"},"author":{"name":"Gessika Julia Carvalho","@id":"https:\/\/www.tuasaude.com\/news\/#\/schema\/person\/2e9df841be69ec84f5d20ddb8d273ac2"},"headline":"A pris\u00e3o de ventre persistente n\u00e3o se deve apenas \u00e0 falta de fibras, mas na maioria das vezes ao intestino que se movimenta de forma mais lenta","datePublished":"2026-09-03T14:05:00+00:00","mainEntityOfPage":{"@id":"https:\/\/www.tuasaude.com\/news\/2026\/09\/03\/a-prisao-de-ventre-persistente-nao-se-deve-apenas-a-falta-de-fibras-mas-na-maioria-das-vezes-ao-intestino-que-se-movimenta-de-forma-mais-lenta\/"},"wordCount":754,"commentCount":0,"image":{"@id":"https:\/\/www.tuasaude.com\/news\/2026\/09\/03\/a-prisao-de-ventre-persistente-nao-se-deve-apenas-a-falta-de-fibras-mas-na-maioria-das-vezes-ao-intestino-que-se-movimenta-de-forma-mais-lenta\/#primaryimage"},"thumbnailUrl":"https:\/\/www.tuasaude.com\/news\/wp-content\/uploads\/2026\/09\/Woman_experiencing_constipation_\u2026_202609021546.jpg","keywords":["Alimenta\u00e7\u00e3o","intestino","pris\u00e3o de ventre","sa\u00fade"],"articleSection":["Sa\u00fade"],"inLanguage":"pt-BR","potentialAction":[{"@type":"CommentAction","name":"Comment","target":["https:\/\/www.tuasaude.com\/news\/2026\/09\/03\/a-prisao-de-ventre-persistente-nao-se-deve-apenas-a-falta-de-fibras-mas-na-maioria-das-vezes-ao-intestino-que-se-movimenta-de-forma-mais-lenta\/#respond"]}]},{"@type":"WebPage","@id":"https:\/\/www.tuasaude.com\/news\/2026\/09\/03\/a-prisao-de-ventre-persistente-nao-se-deve-apenas-a-falta-de-fibras-mas-na-maioria-das-vezes-ao-intestino-que-se-movimenta-de-forma-mais-lenta\/","url":"https:\/\/www.tuasaude.com\/news\/2026\/09\/03\/a-prisao-de-ventre-persistente-nao-se-deve-apenas-a-falta-de-fibras-mas-na-maioria-das-vezes-ao-intestino-que-se-movimenta-de-forma-mais-lenta\/","name":"A pris\u00e3o de ventre persistente n\u00e3o se deve apenas \u00e0 falta de fibras, mas na maioria das vezes ao intestino que se movimenta de forma mais lenta - Tua Sa\u00fade","isPartOf":{"@id":"https:\/\/www.tuasaude.com\/news\/#website"},"primaryImageOfPage":{"@id":"https:\/\/www.tuasaude.com\/news\/2026\/09\/03\/a-prisao-de-ventre-persistente-nao-se-deve-apenas-a-falta-de-fibras-mas-na-maioria-das-vezes-ao-intestino-que-se-movimenta-de-forma-mais-lenta\/#primaryimage"},"image":{"@id":"https:\/\/www.tuasaude.com\/news\/2026\/09\/03\/a-prisao-de-ventre-persistente-nao-se-deve-apenas-a-falta-de-fibras-mas-na-maioria-das-vezes-ao-intestino-que-se-movimenta-de-forma-mais-lenta\/#primaryimage"},"thumbnailUrl":"https:\/\/www.tuasaude.com\/news\/wp-content\/uploads\/2026\/09\/Woman_experiencing_constipation_\u2026_202609021546.jpg","datePublished":"2026-09-03T14:05:00+00:00","author":{"@id":"https:\/\/www.tuasaude.com\/news\/#\/schema\/person\/2e9df841be69ec84f5d20ddb8d273ac2"},"description":"Intestino lento faz as fezes permanecerem mais tempo no intestino grosso e pode causar pris\u00e3o de ventre. Entenda por que hidrata\u00e7\u00e3o, movimento e rotina ajudam.","breadcrumb":{"@id":"https:\/\/www.tuasaude.com\/news\/2026\/09\/03\/a-prisao-de-ventre-persistente-nao-se-deve-apenas-a-falta-de-fibras-mas-na-maioria-das-vezes-ao-intestino-que-se-movimenta-de-forma-mais-lenta\/#breadcrumb"},"inLanguage":"pt-BR","potentialAction":[{"@type":"ReadAction","target":["https:\/\/www.tuasaude.com\/news\/2026\/09\/03\/a-prisao-de-ventre-persistente-nao-se-deve-apenas-a-falta-de-fibras-mas-na-maioria-das-vezes-ao-intestino-que-se-movimenta-de-forma-mais-lenta\/"]}]},{"@type":"ImageObject","inLanguage":"pt-BR","@id":"https:\/\/www.tuasaude.com\/news\/2026\/09\/03\/a-prisao-de-ventre-persistente-nao-se-deve-apenas-a-falta-de-fibras-mas-na-maioria-das-vezes-ao-intestino-que-se-movimenta-de-forma-mais-lenta\/#primaryimage","url":"https:\/\/www.tuasaude.com\/news\/wp-content\/uploads\/2026\/09\/Woman_experiencing_constipation_\u2026_202609021546.jpg","contentUrl":"https:\/\/www.tuasaude.com\/news\/wp-content\/uploads\/2026\/09\/Woman_experiencing_constipation_\u2026_202609021546.jpg","width":1280,"height":714,"caption":"A pris\u00e3o de ventre persistente n\u00e3o se deve apenas \u00e0 falta de fibras, mas na maioria das vezes ao intestino que se movimenta de forma mais lenta"},{"@type":"BreadcrumbList","@id":"https:\/\/www.tuasaude.com\/news\/2026\/09\/03\/a-prisao-de-ventre-persistente-nao-se-deve-apenas-a-falta-de-fibras-mas-na-maioria-das-vezes-ao-intestino-que-se-movimenta-de-forma-mais-lenta\/#breadcrumb","itemListElement":[{"@type":"ListItem","position":1,"name":"In\u00edcio","item":"https:\/\/www.tuasaude.com\/news\/"},{"@type":"ListItem","position":2,"name":"A pris\u00e3o de ventre persistente n\u00e3o se deve apenas \u00e0 falta de fibras, mas na maioria das vezes ao intestino que se movimenta de forma mais lenta"}]},{"@type":"WebSite","@id":"https:\/\/www.tuasaude.com\/news\/#website","url":"https:\/\/www.tuasaude.com\/news\/","name":"Tua Sa\u00fade","description":"Seu site de sa\u00fade","potentialAction":[{"@type":"SearchAction","target":{"@type":"EntryPoint","urlTemplate":"https:\/\/www.tuasaude.com\/news\/?s={search_term_string}"},"query-input":{"@type":"PropertyValueSpecification","valueRequired":true,"valueName":"search_term_string"}}],"inLanguage":"pt-BR"},{"@type":"Person","@id":"https:\/\/www.tuasaude.com\/news\/#\/schema\/person\/2e9df841be69ec84f5d20ddb8d273ac2","name":"Gessika Julia Carvalho","image":{"@type":"ImageObject","inLanguage":"pt-BR","@id":"https:\/\/www.tuasaude.com\/news\/#\/schema\/person\/image\/","url":"https:\/\/secure.gravatar.com\/avatar\/0fcc8769024577fd0bc6a8b766055690f76a8e8f29dfb2a2f89cf04db8d0f2d2?s=96&d=mm&r=g","contentUrl":"https:\/\/secure.gravatar.com\/avatar\/0fcc8769024577fd0bc6a8b766055690f76a8e8f29dfb2a2f89cf04db8d0f2d2?s=96&d=mm&r=g","caption":"Gessika Julia Carvalho"},"sameAs":["https:\/\/www.tuasaude.com\/news\/"],"url":"https:\/\/www.tuasaude.com\/news\/author\/gessika-julia\/"}]}},"_links":{"self":[{"href":"https:\/\/www.tuasaude.com\/news\/wp-json\/wp\/v2\/posts\/107196","targetHints":{"allow":["GET"]}}],"collection":[{"href":"https:\/\/www.tuasaude.com\/news\/wp-json\/wp\/v2\/posts"}],"about":[{"href":"https:\/\/www.tuasaude.com\/news\/wp-json\/wp\/v2\/types\/post"}],"author":[{"embeddable":true,"href":"https:\/\/www.tuasaude.com\/news\/wp-json\/wp\/v2\/users\/11"}],"replies":[{"embeddable":true,"href":"https:\/\/www.tuasaude.com\/news\/wp-json\/wp\/v2\/comments?post=107196"}],"version-history":[{"count":1,"href":"https:\/\/www.tuasaude.com\/news\/wp-json\/wp\/v2\/posts\/107196\/revisions"}],"predecessor-version":[{"id":107206,"href":"https:\/\/www.tuasaude.com\/news\/wp-json\/wp\/v2\/posts\/107196\/revisions\/107206"}],"wp:featuredmedia":[{"embeddable":true,"href":"https:\/\/www.tuasaude.com\/news\/wp-json\/wp\/v2\/media\/107203"}],"wp:attachment":[{"href":"https:\/\/www.tuasaude.com\/news\/wp-json\/wp\/v2\/media?parent=107196"}],"wp:term":[{"taxonomy":"category","embeddable":true,"href":"https:\/\/www.tuasaude.com\/news\/wp-json\/wp\/v2\/categories?post=107196"},{"taxonomy":"post_tag","embeddable":true,"href":"https:\/\/www.tuasaude.com\/news\/wp-json\/wp\/v2\/tags?post=107196"}],"curies":[{"name":"wp","href":"https:\/\/api.w.org\/{rel}","templated":true}]}}