{"id":107168,"date":"2026-09-03T19:50:00","date_gmt":"2026-09-03T22:50:00","guid":{"rendered":"https:\/\/www.tuasaude.com\/news\/?p=107168"},"modified":"2026-09-02T15:35:27","modified_gmt":"2026-09-02T18:35:27","slug":"dedo-anelar-ou-mindinho-vai-dobrando-em-direcao-a-palma-o-que-pode-puxar-o-dedo","status":"publish","type":"post","link":"https:\/\/www.tuasaude.com\/news\/2026\/09\/03\/dedo-anelar-ou-mindinho-vai-dobrando-em-direcao-a-palma-o-que-pode-puxar-o-dedo\/","title":{"rendered":"Dedo anelar ou mindinho vai dobrando em dire\u00e7\u00e3o \u00e0 palma: o que pode puxar o dedo"},"content":{"rendered":"\n<p class=\"wp-block-paragraph\">Quando um <strong>dedo dobrado<\/strong> come\u00e7a a se curvar lentamente em dire\u00e7\u00e3o \u00e0 palma e fica cada vez mais dif\u00edcil de esticar, uma poss\u00edvel causa \u00e9 a contratura de Dupuytren. Nessa condi\u00e7\u00e3o, o tecido localizado sob a pele da palma engrossa e pode formar n\u00f3dulos e cord\u00f5es que puxam principalmente o dedo anelar ou o mindinho.<\/p>\n\n\n\n<h2 class=\"wp-block-heading\">O que faz o dedo ficar dobrado<\/h2>\n\n\n\n<p class=\"wp-block-paragraph\">A contratura de Dupuytren afeta um tecido chamado f\u00e1scia palmar. Com o tempo, ele pode ficar mais espesso, encurtar e formar um cord\u00e3o firme que limita progressivamente a abertura da m\u00e3o.<\/p>\n\n\n\n<p class=\"wp-block-paragraph\">Segundo a <a href=\"https:\/\/www.mayoclinic.org\/diseases-conditions\/dupuytrens-contracture\/symptoms-causes\/syc-20371943\" target=\"_blank\" rel=\"noopener noreferrer\">Mayo Clinic<\/a>, a altera\u00e7\u00e3o costuma evoluir lentamente ao longo dos anos e atinge com maior frequ\u00eancia o <strong>anelar e o mindinho<\/strong>. Um caro\u00e7o firme ou pequenas depress\u00f5es na palma podem aparecer antes da dificuldade para esticar o dedo.<\/p>\n\n\n\n<h2 class=\"wp-block-heading\">Quais sinais podem aparecer primeiro<\/h2>\n\n\n<div class=\"wp-block-image wp-block-image size-large\">\n<figure class=\"aligncenter\"><img decoding=\"async\" width=\"1280\" height=\"714\" src=\"https:\/\/www.tuasaude.com\/news\/wp-content\/uploads\/2026\/09\/107168_dedo-anelar-ou-mindinho-vai-dobrando-em-direcao-a-palma-o-qu_corpo.jpg\" alt=\"Na contratura de Dupuytren, um cord\u00e3o endurecido na palma pode limitar a extens\u00e3o dos dedos.\" class=\"wp-image-107170\" srcset=\"https:\/\/www.tuasaude.com\/news\/wp-content\/uploads\/2026\/09\/107168_dedo-anelar-ou-mindinho-vai-dobrando-em-direcao-a-palma-o-qu_corpo.jpg 1280w, https:\/\/www.tuasaude.com\/news\/wp-content\/uploads\/2026\/09\/107168_dedo-anelar-ou-mindinho-vai-dobrando-em-direcao-a-palma-o-qu_corpo-300x167.jpg 300w, https:\/\/www.tuasaude.com\/news\/wp-content\/uploads\/2026\/09\/107168_dedo-anelar-ou-mindinho-vai-dobrando-em-direcao-a-palma-o-qu_corpo-1024x571.jpg 1024w, https:\/\/www.tuasaude.com\/news\/wp-content\/uploads\/2026\/09\/107168_dedo-anelar-ou-mindinho-vai-dobrando-em-direcao-a-palma-o-qu_corpo-768x428.jpg 768w, https:\/\/www.tuasaude.com\/news\/wp-content\/uploads\/2026\/09\/107168_dedo-anelar-ou-mindinho-vai-dobrando-em-direcao-a-palma-o-qu_corpo-750x418.jpg 750w, https:\/\/www.tuasaude.com\/news\/wp-content\/uploads\/2026\/09\/107168_dedo-anelar-ou-mindinho-vai-dobrando-em-direcao-a-palma-o-qu_corpo-1140x636.jpg 1140w\" sizes=\"(max-width: 1280px) 100vw, 1280px\" \/><figcaption class=\"wp-element-caption\">Na contratura de Dupuytren, um cord\u00e3o endurecido na palma pode limitar a extens\u00e3o dos dedos.<\/figcaption><\/figure>\n<\/div>\n\n\n<p class=\"wp-block-paragraph\">Nem sempre h\u00e1 dor. Por isso, observar mudan\u00e7as no formato da palma e na capacidade de abrir completamente a m\u00e3o pode ajudar a perceber o problema ainda no in\u00edcio.<\/p>\n\n\n\n<ul class=\"wp-block-list\">\n<li>Caro\u00e7o firme e persistente na palma;<\/li>\n<li>pele com covinhas ou aspecto repuxado;<\/li>\n<li><strong>cord\u00e3o endurecido<\/strong> sob a pele;<\/li>\n<li>dedo que come\u00e7a a permanecer curvado;<\/li>\n<li>dificuldade para colocar luvas ou a m\u00e3o no bolso;<\/li>\n<li>redu\u00e7\u00e3o gradual da abertura da m\u00e3o.<\/li>\n<\/ul>\n\n\n\n<p class=\"wp-block-paragraph\">Outras condi\u00e7\u00f5es tamb\u00e9m podem deixar um dedo preso ou dobrado. Veja mais sobre a <a href=\"https:\/\/www.tuasaude.com\/contratura-de-dupuytren\/\" target=\"_blank\" rel=\"noopener noreferrer\">contratura de Dupuytren<\/a> e como ela se diferencia de outros problemas da m\u00e3o.<\/p>\n\n\n\n<h2 class=\"wp-block-heading\">O que um estudo cient\u00edfico mostra sobre Dupuytren<\/h2>\n\n\n\n<p class=\"wp-block-paragraph\">Segundo a revis\u00e3o sistem\u00e1tica <a href=\"https:\/\/pubmed.ncbi.nlm.nih.gov\/32970002\/\" target=\"_blank\" rel=\"noopener noreferrer\"><em>Nongenetic Factors Associated with Dupuytren&#8217;s Disease: A Systematic Review<\/em><\/a>, publicada na revista <em>Plastic and Reconstructive Surgery<\/em>, pesquisadores analisaram 54 estudos sobre fatores associados ao desenvolvimento da doen\u00e7a de Dupuytren.<\/p>\n\n\n\n<p class=\"wp-block-paragraph\">A <strong>revis\u00e3o sistem\u00e1tica<\/strong> encontrou evid\u00eancias mais consistentes de associa\u00e7\u00e3o com idade avan\u00e7ada, sexo masculino, hist\u00f3rico familiar e diabetes, al\u00e9m de rela\u00e7\u00f5es com tabagismo e consumo elevado de \u00e1lcool. Ter um desses fatores, por\u00e9m, n\u00e3o significa necessariamente desenvolver a condi\u00e7\u00e3o.<\/p>\n\n\n\n<h2 class=\"wp-block-heading\">Como fazer o teste da mesa sem for\u00e7ar<\/h2>\n\n\n\n<p class=\"wp-block-paragraph\">Um teste simples usado na avalia\u00e7\u00e3o \u00e9 tentar apoiar a m\u00e3o totalmente aberta sobre uma superf\u00edcie plana. Ele pode mostrar que j\u00e1 existe perda de extens\u00e3o dos dedos, mas n\u00e3o substitui o exame m\u00e9dico.<\/p>\n\n\n\n<ul class=\"wp-block-list\">\n<li>Coloque a palma voltada para baixo sobre uma mesa;<\/li>\n<li>tente apoiar naturalmente toda a m\u00e3o e os dedos;<\/li>\n<li>observe se algum dedo permanece levantado ou curvado;<\/li>\n<li>n\u00e3o pressione o dedo com a outra m\u00e3o para tentar estic\u00e1-lo;<\/li>\n<li>compare a evolu\u00e7\u00e3o ao longo do tempo caso perceba mudan\u00e7a.<\/li>\n<\/ul>\n\n\n\n<p class=\"wp-block-paragraph\">Alongar com for\u00e7a ou tentar romper um cord\u00e3o endurecido em casa pode machucar a regi\u00e3o e n\u00e3o corrige o tecido respons\u00e1vel pela contratura.<\/p>\n\n\n<div class=\"wp-block-image wp-block-image size-large\">\n<figure class=\"aligncenter\"><img decoding=\"async\" width=\"1280\" height=\"575\" src=\"https:\/\/www.tuasaude.com\/news\/wp-content\/uploads\/2026\/09\/107168_dedo-anelar-ou-mindinho-vai-dobrando-em-direcao-a-palma-o-qu_tabela.jpg\" alt=\"Dedo anelar ou mindinho dobrando para a palma: sinais de contratura de Dupuytren\" class=\"wp-image-107171\" srcset=\"https:\/\/www.tuasaude.com\/news\/wp-content\/uploads\/2026\/09\/107168_dedo-anelar-ou-mindinho-vai-dobrando-em-direcao-a-palma-o-qu_tabela.jpg 1280w, https:\/\/www.tuasaude.com\/news\/wp-content\/uploads\/2026\/09\/107168_dedo-anelar-ou-mindinho-vai-dobrando-em-direcao-a-palma-o-qu_tabela-300x135.jpg 300w, https:\/\/www.tuasaude.com\/news\/wp-content\/uploads\/2026\/09\/107168_dedo-anelar-ou-mindinho-vai-dobrando-em-direcao-a-palma-o-qu_tabela-1024x460.jpg 1024w, https:\/\/www.tuasaude.com\/news\/wp-content\/uploads\/2026\/09\/107168_dedo-anelar-ou-mindinho-vai-dobrando-em-direcao-a-palma-o-qu_tabela-768x345.jpg 768w, https:\/\/www.tuasaude.com\/news\/wp-content\/uploads\/2026\/09\/107168_dedo-anelar-ou-mindinho-vai-dobrando-em-direcao-a-palma-o-qu_tabela-750x337.jpg 750w, https:\/\/www.tuasaude.com\/news\/wp-content\/uploads\/2026\/09\/107168_dedo-anelar-ou-mindinho-vai-dobrando-em-direcao-a-palma-o-qu_tabela-1140x512.jpg 1140w\" sizes=\"(max-width: 1280px) 100vw, 1280px\" \/><figcaption class=\"wp-element-caption\">Dedo anelar ou mindinho dobrando para a palma: sinais de contratura de Dupuytren<\/figcaption><\/figure>\n<\/div>\n\n\n<h2 class=\"wp-block-heading\">Quando o dedo dobrado merece avalia\u00e7\u00e3o<\/h2>\n\n\n\n<p class=\"wp-block-paragraph\">Procure um ortopedista, de prefer\u00eancia especialista em m\u00e3o, se houver <strong>caro\u00e7o persistente na palma, dificuldade crescente para abrir a m\u00e3o ou incapacidade de apoi\u00e1-la totalmente sobre uma mesa<\/strong>.<\/p>\n\n\n\n<p class=\"wp-block-paragraph\">A avalia\u00e7\u00e3o tamb\u00e9m \u00e9 indicada quando o dedo come\u00e7a a dificultar tarefas como vestir luvas, lavar o rosto ou colocar a m\u00e3o no bolso. Quanto maior a limita\u00e7\u00e3o funcional, mais importante \u00e9 definir se apenas acompanhamento ou algum tratamento espec\u00edfico \u00e9 necess\u00e1rio.<\/p>\n\n\n\n<p class=\"wp-block-paragraph\"><strong>Este conte\u00fado \u00e9 apenas informativo e n\u00e3o substitui a avalia\u00e7\u00e3o, o diagn\u00f3stico ou o tratamento orientado por um m\u00e9dico.<\/strong><\/p>\n","protected":false},"excerpt":{"rendered":"<p>Quando um dedo dobrado come\u00e7a a se curvar lentamente em dire\u00e7\u00e3o \u00e0 palma e fica cada vez mais dif\u00edcil de esticar, uma poss\u00edvel causa \u00e9 a contratura de Dupuytren. Nessa condi\u00e7\u00e3o, o tecido localizado sob a pele da palma engrossa e pode formar n\u00f3dulos e cord\u00f5es que puxam principalmente o dedo anelar ou o mindinho. [&hellip;]<\/p>\n","protected":false},"author":12,"featured_media":107169,"comment_status":"open","ping_status":"open","sticky":false,"template":"","format":"standard","meta":{"_yoast_wpseo_focuskw":"contratura de Dupuytren","_yoast_wpseo_title":"","_yoast_wpseo_metadesc":"Contratura de Dupuytren pode deixar o dedo dobrado em dire\u00e7\u00e3o \u00e0 palma. Veja sinais iniciais, fatores associados e quando procurar avalia\u00e7\u00e3o m\u00e9dica.","jnews-multi-image_gallery":[],"jnews_single_post":[],"jnews_primary_category":[],"jnews_social_meta":[],"jnews_override_counter":[],"footnotes":""},"categories":[111],"tags":[13008,13009,10290],"class_list":["post-107168","post","type-post","status-publish","format-standard","has-post-thumbnail","hentry","category-saude","tag-cordao-na-palma","tag-dedo-anelar-curvado","tag-dedo-dobrado"],"yoast_head":"<!-- This site is optimized with the Yoast SEO plugin v26.7 - https:\/\/yoast.com\/wordpress\/plugins\/seo\/ -->\n<title>Dedo anelar ou mindinho vai dobrando em dire\u00e7\u00e3o \u00e0 palma: o que pode puxar o dedo - Tua Sa\u00fade<\/title>\n<meta name=\"description\" content=\"Contratura de Dupuytren pode deixar o dedo dobrado em dire\u00e7\u00e3o \u00e0 palma. Veja sinais iniciais, fatores associados e quando procurar avalia\u00e7\u00e3o m\u00e9dica.\" \/>\n<meta name=\"robots\" content=\"index, follow, max-snippet:-1, max-image-preview:large, max-video-preview:-1\" \/>\n<link rel=\"canonical\" href=\"https:\/\/www.tuasaude.com\/news\/2026\/09\/03\/dedo-anelar-ou-mindinho-vai-dobrando-em-direcao-a-palma-o-que-pode-puxar-o-dedo\/\" \/>\n<meta property=\"og:locale\" content=\"pt_BR\" \/>\n<meta property=\"og:type\" content=\"article\" \/>\n<meta property=\"og:title\" content=\"Dedo anelar ou mindinho vai dobrando em dire\u00e7\u00e3o \u00e0 palma: o que pode puxar o dedo - Tua Sa\u00fade\" \/>\n<meta property=\"og:description\" content=\"Contratura de Dupuytren pode deixar o dedo dobrado em dire\u00e7\u00e3o \u00e0 palma. Veja sinais iniciais, fatores associados e quando procurar avalia\u00e7\u00e3o m\u00e9dica.\" \/>\n<meta property=\"og:url\" content=\"https:\/\/www.tuasaude.com\/news\/2026\/09\/03\/dedo-anelar-ou-mindinho-vai-dobrando-em-direcao-a-palma-o-que-pode-puxar-o-dedo\/\" \/>\n<meta property=\"og:site_name\" content=\"Tua Sa\u00fade\" \/>\n<meta property=\"article:published_time\" content=\"2026-09-03T22:50:00+00:00\" \/>\n<meta property=\"og:image\" content=\"https:\/\/www.tuasaude.com\/news\/wp-content\/uploads\/2026\/09\/107168_dedo-anelar-ou-mindinho-vai-dobrando-em-direcao-a-palma-o-qu_destaque.jpg\" \/>\n\t<meta property=\"og:image:width\" content=\"1280\" \/>\n\t<meta property=\"og:image:height\" content=\"714\" \/>\n\t<meta property=\"og:image:type\" content=\"image\/jpeg\" \/>\n<meta name=\"author\" content=\"Jeferson Henrique\" \/>\n<meta name=\"twitter:card\" content=\"summary_large_image\" \/>\n<meta name=\"twitter:label1\" content=\"Escrito por\" \/>\n\t<meta name=\"twitter:data1\" content=\"Jeferson Henrique\" \/>\n\t<meta name=\"twitter:label2\" content=\"Est. tempo de leitura\" \/>\n\t<meta name=\"twitter:data2\" content=\"3 minutos\" \/>\n<!-- \/ Yoast SEO plugin. -->","yoast_head_json":{"title":"Dedo anelar ou mindinho vai dobrando em dire\u00e7\u00e3o \u00e0 palma: o que pode puxar o dedo - Tua Sa\u00fade","description":"Contratura de Dupuytren pode deixar o dedo dobrado em dire\u00e7\u00e3o \u00e0 palma. Veja sinais iniciais, fatores associados e quando procurar avalia\u00e7\u00e3o m\u00e9dica.","robots":{"index":"index","follow":"follow","max-snippet":"max-snippet:-1","max-image-preview":"max-image-preview:large","max-video-preview":"max-video-preview:-1"},"canonical":"https:\/\/www.tuasaude.com\/news\/2026\/09\/03\/dedo-anelar-ou-mindinho-vai-dobrando-em-direcao-a-palma-o-que-pode-puxar-o-dedo\/","og_locale":"pt_BR","og_type":"article","og_title":"Dedo anelar ou mindinho vai dobrando em dire\u00e7\u00e3o \u00e0 palma: o que pode puxar o dedo - Tua Sa\u00fade","og_description":"Contratura de Dupuytren pode deixar o dedo dobrado em dire\u00e7\u00e3o \u00e0 palma. Veja sinais iniciais, fatores associados e quando procurar avalia\u00e7\u00e3o m\u00e9dica.","og_url":"https:\/\/www.tuasaude.com\/news\/2026\/09\/03\/dedo-anelar-ou-mindinho-vai-dobrando-em-direcao-a-palma-o-que-pode-puxar-o-dedo\/","og_site_name":"Tua Sa\u00fade","article_published_time":"2026-09-03T22:50:00+00:00","og_image":[{"width":1280,"height":714,"url":"https:\/\/www.tuasaude.com\/news\/wp-content\/uploads\/2026\/09\/107168_dedo-anelar-ou-mindinho-vai-dobrando-em-direcao-a-palma-o-qu_destaque.jpg","type":"image\/jpeg"}],"author":"Jeferson Henrique","twitter_card":"summary_large_image","twitter_misc":{"Escrito por":"Jeferson Henrique","Est. tempo de leitura":"3 minutos"},"schema":{"@context":"https:\/\/schema.org","@graph":[{"@type":"Article","@id":"https:\/\/www.tuasaude.com\/news\/2026\/09\/03\/dedo-anelar-ou-mindinho-vai-dobrando-em-direcao-a-palma-o-que-pode-puxar-o-dedo\/#article","isPartOf":{"@id":"https:\/\/www.tuasaude.com\/news\/2026\/09\/03\/dedo-anelar-ou-mindinho-vai-dobrando-em-direcao-a-palma-o-que-pode-puxar-o-dedo\/"},"author":{"name":"Jeferson Henrique","@id":"https:\/\/www.tuasaude.com\/news\/#\/schema\/person\/963d63d4e1f0c81f5f3a70ba4bcb0ef7"},"headline":"Dedo anelar ou mindinho vai dobrando em dire\u00e7\u00e3o \u00e0 palma: o que pode puxar o dedo","datePublished":"2026-09-03T22:50:00+00:00","mainEntityOfPage":{"@id":"https:\/\/www.tuasaude.com\/news\/2026\/09\/03\/dedo-anelar-ou-mindinho-vai-dobrando-em-direcao-a-palma-o-que-pode-puxar-o-dedo\/"},"wordCount":635,"commentCount":0,"image":{"@id":"https:\/\/www.tuasaude.com\/news\/2026\/09\/03\/dedo-anelar-ou-mindinho-vai-dobrando-em-direcao-a-palma-o-que-pode-puxar-o-dedo\/#primaryimage"},"thumbnailUrl":"https:\/\/www.tuasaude.com\/news\/wp-content\/uploads\/2026\/09\/107168_dedo-anelar-ou-mindinho-vai-dobrando-em-direcao-a-palma-o-qu_destaque.jpg","keywords":["cord\u00e3o na palma","dedo anelar curvado","dedo dobrado"],"articleSection":["Sa\u00fade"],"inLanguage":"pt-BR","potentialAction":[{"@type":"CommentAction","name":"Comment","target":["https:\/\/www.tuasaude.com\/news\/2026\/09\/03\/dedo-anelar-ou-mindinho-vai-dobrando-em-direcao-a-palma-o-que-pode-puxar-o-dedo\/#respond"]}]},{"@type":"WebPage","@id":"https:\/\/www.tuasaude.com\/news\/2026\/09\/03\/dedo-anelar-ou-mindinho-vai-dobrando-em-direcao-a-palma-o-que-pode-puxar-o-dedo\/","url":"https:\/\/www.tuasaude.com\/news\/2026\/09\/03\/dedo-anelar-ou-mindinho-vai-dobrando-em-direcao-a-palma-o-que-pode-puxar-o-dedo\/","name":"Dedo anelar ou mindinho vai dobrando em dire\u00e7\u00e3o \u00e0 palma: o que pode puxar o dedo - Tua Sa\u00fade","isPartOf":{"@id":"https:\/\/www.tuasaude.com\/news\/#website"},"primaryImageOfPage":{"@id":"https:\/\/www.tuasaude.com\/news\/2026\/09\/03\/dedo-anelar-ou-mindinho-vai-dobrando-em-direcao-a-palma-o-que-pode-puxar-o-dedo\/#primaryimage"},"image":{"@id":"https:\/\/www.tuasaude.com\/news\/2026\/09\/03\/dedo-anelar-ou-mindinho-vai-dobrando-em-direcao-a-palma-o-que-pode-puxar-o-dedo\/#primaryimage"},"thumbnailUrl":"https:\/\/www.tuasaude.com\/news\/wp-content\/uploads\/2026\/09\/107168_dedo-anelar-ou-mindinho-vai-dobrando-em-direcao-a-palma-o-qu_destaque.jpg","datePublished":"2026-09-03T22:50:00+00:00","author":{"@id":"https:\/\/www.tuasaude.com\/news\/#\/schema\/person\/963d63d4e1f0c81f5f3a70ba4bcb0ef7"},"description":"Contratura de Dupuytren pode deixar o dedo dobrado em dire\u00e7\u00e3o \u00e0 palma. Veja sinais iniciais, fatores associados e quando procurar avalia\u00e7\u00e3o m\u00e9dica.","breadcrumb":{"@id":"https:\/\/www.tuasaude.com\/news\/2026\/09\/03\/dedo-anelar-ou-mindinho-vai-dobrando-em-direcao-a-palma-o-que-pode-puxar-o-dedo\/#breadcrumb"},"inLanguage":"pt-BR","potentialAction":[{"@type":"ReadAction","target":["https:\/\/www.tuasaude.com\/news\/2026\/09\/03\/dedo-anelar-ou-mindinho-vai-dobrando-em-direcao-a-palma-o-que-pode-puxar-o-dedo\/"]}]},{"@type":"ImageObject","inLanguage":"pt-BR","@id":"https:\/\/www.tuasaude.com\/news\/2026\/09\/03\/dedo-anelar-ou-mindinho-vai-dobrando-em-direcao-a-palma-o-que-pode-puxar-o-dedo\/#primaryimage","url":"https:\/\/www.tuasaude.com\/news\/wp-content\/uploads\/2026\/09\/107168_dedo-anelar-ou-mindinho-vai-dobrando-em-direcao-a-palma-o-qu_destaque.jpg","contentUrl":"https:\/\/www.tuasaude.com\/news\/wp-content\/uploads\/2026\/09\/107168_dedo-anelar-ou-mindinho-vai-dobrando-em-direcao-a-palma-o-qu_destaque.jpg","width":1280,"height":714,"caption":"Dedo anelar ou mindinho que se curva progressivamente pode estar relacionado \u00e0 contratura de Dupuytren."},{"@type":"BreadcrumbList","@id":"https:\/\/www.tuasaude.com\/news\/2026\/09\/03\/dedo-anelar-ou-mindinho-vai-dobrando-em-direcao-a-palma-o-que-pode-puxar-o-dedo\/#breadcrumb","itemListElement":[{"@type":"ListItem","position":1,"name":"In\u00edcio","item":"https:\/\/www.tuasaude.com\/news\/"},{"@type":"ListItem","position":2,"name":"Dedo anelar ou mindinho vai dobrando em dire\u00e7\u00e3o \u00e0 palma: o que pode puxar o dedo"}]},{"@type":"WebSite","@id":"https:\/\/www.tuasaude.com\/news\/#website","url":"https:\/\/www.tuasaude.com\/news\/","name":"Tua Sa\u00fade","description":"Seu site de sa\u00fade","potentialAction":[{"@type":"SearchAction","target":{"@type":"EntryPoint","urlTemplate":"https:\/\/www.tuasaude.com\/news\/?s={search_term_string}"},"query-input":{"@type":"PropertyValueSpecification","valueRequired":true,"valueName":"search_term_string"}}],"inLanguage":"pt-BR"},{"@type":"Person","@id":"https:\/\/www.tuasaude.com\/news\/#\/schema\/person\/963d63d4e1f0c81f5f3a70ba4bcb0ef7","name":"Jeferson Henrique","image":{"@type":"ImageObject","inLanguage":"pt-BR","@id":"https:\/\/www.tuasaude.com\/news\/#\/schema\/person\/image\/","url":"https:\/\/secure.gravatar.com\/avatar\/1a476a54a48eb3cdea5dd2f016708263892c6b9f5e54b641df7c65e980fd6f69?s=96&d=mm&r=g","contentUrl":"https:\/\/secure.gravatar.com\/avatar\/1a476a54a48eb3cdea5dd2f016708263892c6b9f5e54b641df7c65e980fd6f69?s=96&d=mm&r=g","caption":"Jeferson Henrique"},"sameAs":["https:\/\/www.tuasaude.com\/news\/"],"url":"https:\/\/www.tuasaude.com\/news\/author\/jeferson-henrique\/"}]}},"_links":{"self":[{"href":"https:\/\/www.tuasaude.com\/news\/wp-json\/wp\/v2\/posts\/107168","targetHints":{"allow":["GET"]}}],"collection":[{"href":"https:\/\/www.tuasaude.com\/news\/wp-json\/wp\/v2\/posts"}],"about":[{"href":"https:\/\/www.tuasaude.com\/news\/wp-json\/wp\/v2\/types\/post"}],"author":[{"embeddable":true,"href":"https:\/\/www.tuasaude.com\/news\/wp-json\/wp\/v2\/users\/12"}],"replies":[{"embeddable":true,"href":"https:\/\/www.tuasaude.com\/news\/wp-json\/wp\/v2\/comments?post=107168"}],"version-history":[{"count":1,"href":"https:\/\/www.tuasaude.com\/news\/wp-json\/wp\/v2\/posts\/107168\/revisions"}],"predecessor-version":[{"id":107172,"href":"https:\/\/www.tuasaude.com\/news\/wp-json\/wp\/v2\/posts\/107168\/revisions\/107172"}],"wp:featuredmedia":[{"embeddable":true,"href":"https:\/\/www.tuasaude.com\/news\/wp-json\/wp\/v2\/media\/107169"}],"wp:attachment":[{"href":"https:\/\/www.tuasaude.com\/news\/wp-json\/wp\/v2\/media?parent=107168"}],"wp:term":[{"taxonomy":"category","embeddable":true,"href":"https:\/\/www.tuasaude.com\/news\/wp-json\/wp\/v2\/categories?post=107168"},{"taxonomy":"post_tag","embeddable":true,"href":"https:\/\/www.tuasaude.com\/news\/wp-json\/wp\/v2\/tags?post=107168"}],"curies":[{"name":"wp","href":"https:\/\/api.w.org\/{rel}","templated":true}]}}