{"id":107158,"date":"2026-09-03T18:45:00","date_gmt":"2026-09-03T21:45:00","guid":{"rendered":"https:\/\/www.tuasaude.com\/news\/?p=107158"},"modified":"2026-09-02T15:30:05","modified_gmt":"2026-09-02T18:30:05","slug":"dedos-dos-pes-comecam-a-encurvar-e-o-sapato-aperta-o-formato-pode-mudar-com-o-tempo","status":"publish","type":"post","link":"https:\/\/www.tuasaude.com\/news\/2026\/09\/03\/dedos-dos-pes-comecam-a-encurvar-e-o-sapato-aperta-o-formato-pode-mudar-com-o-tempo\/","title":{"rendered":"Dedos dos p\u00e9s come\u00e7am a encurvar e o sapato aperta: o formato pode mudar com o tempo"},"content":{"rendered":"\n<p class=\"wp-block-paragraph\">Perceber os <strong>dedos curvados<\/strong> e cada vez mais apertados dentro do sapato pode indicar uma deformidade que se desenvolve gradualmente, como dedo em martelo, em garra ou em malho. Altera\u00e7\u00f5es no equil\u00edbrio dos m\u00fasculos e tend\u00f5es, caracter\u00edsticas do p\u00e9 e press\u00e3o repetida de cal\u00e7ados inadequados podem contribuir para essa mudan\u00e7a.<\/p>\n\n\n\n<h2 class=\"wp-block-heading\">Por que os dedos podem ficar curvados<\/h2>\n\n\n\n<p class=\"wp-block-paragraph\">Os m\u00fasculos e tend\u00f5es trabalham juntos para manter os dedos alinhados. Quando existe um desequil\u00edbrio entre essas estruturas, uma das articula\u00e7\u00f5es pode permanecer dobrada e, com o tempo, tornar-se mais dif\u00edcil de esticar.<\/p>\n\n\n\n<p class=\"wp-block-paragraph\">Segundo a <a href=\"https:\/\/www.mayoclinic.org\/diseases-conditions\/hammertoe-and-mallet-toe\/symptoms-causes\/syc-20350839\" target=\"_blank\" rel=\"noopener noreferrer\">Mayo Clinic<\/a>, cal\u00e7ados apertados ou com salto alto podem comprimir os dedos e impedir que fiquem retos. Traumas, algumas doen\u00e7as e predisposi\u00e7\u00e3o individual tamb\u00e9m podem participar do desenvolvimento da deformidade.<\/p>\n\n\n\n<h2 class=\"wp-block-heading\">Quais sinais aparecem quando o formato muda<\/h2>\n\n\n<div class=\"wp-block-image wp-block-image size-large\">\n<figure class=\"aligncenter\"><img decoding=\"async\" width=\"1280\" height=\"714\" src=\"https:\/\/www.tuasaude.com\/news\/wp-content\/uploads\/2026\/09\/107158_dedos-dos-pes-comecam-a-encurvar-e-o-sapato-aperta-o-formato_corpo.jpg\" alt=\"Cal\u00e7ados estreitos podem aumentar a press\u00e3o sobre dedos curvados e favorecer dor e calos.\" class=\"wp-image-107160\" srcset=\"https:\/\/www.tuasaude.com\/news\/wp-content\/uploads\/2026\/09\/107158_dedos-dos-pes-comecam-a-encurvar-e-o-sapato-aperta-o-formato_corpo.jpg 1280w, https:\/\/www.tuasaude.com\/news\/wp-content\/uploads\/2026\/09\/107158_dedos-dos-pes-comecam-a-encurvar-e-o-sapato-aperta-o-formato_corpo-300x167.jpg 300w, https:\/\/www.tuasaude.com\/news\/wp-content\/uploads\/2026\/09\/107158_dedos-dos-pes-comecam-a-encurvar-e-o-sapato-aperta-o-formato_corpo-1024x571.jpg 1024w, https:\/\/www.tuasaude.com\/news\/wp-content\/uploads\/2026\/09\/107158_dedos-dos-pes-comecam-a-encurvar-e-o-sapato-aperta-o-formato_corpo-768x428.jpg 768w, https:\/\/www.tuasaude.com\/news\/wp-content\/uploads\/2026\/09\/107158_dedos-dos-pes-comecam-a-encurvar-e-o-sapato-aperta-o-formato_corpo-750x418.jpg 750w, https:\/\/www.tuasaude.com\/news\/wp-content\/uploads\/2026\/09\/107158_dedos-dos-pes-comecam-a-encurvar-e-o-sapato-aperta-o-formato_corpo-1140x636.jpg 1140w\" sizes=\"(max-width: 1280px) 100vw, 1280px\" \/><figcaption class=\"wp-element-caption\">Cal\u00e7ados estreitos podem aumentar a press\u00e3o sobre dedos curvados e favorecer dor e calos.<\/figcaption><\/figure>\n<\/div>\n\n\n<p class=\"wp-block-paragraph\">Nos est\u00e1gios iniciais, o dedo ainda pode ser flex\u00edvel. Conforme a deformidade progride, tend\u00f5es e articula\u00e7\u00f5es podem ficar mais r\u00edgidos e o atrito com o cal\u00e7ado tende a aumentar.<\/p>\n\n\n\n<ul class=\"wp-block-list\">\n<li><strong>Dedo dobrado<\/strong> em uma ou mais articula\u00e7\u00f5es;<\/li>\n<li>dor ao usar determinados sapatos;<\/li>\n<li>dificuldade para movimentar ou esticar o dedo;<\/li>\n<li>calos ou \u00e1reas endurecidas pelo atrito;<\/li>\n<li>vermelhid\u00e3o, incha\u00e7o ou sensibilidade;<\/li>\n<li>sapatos que antes serviam come\u00e7ando a apertar.<\/li>\n<\/ul>\n\n\n\n<p class=\"wp-block-paragraph\">Outras condi\u00e7\u00f5es tamb\u00e9m podem provocar desconforto nessa regi\u00e3o. Veja as principais causas de <a href=\"https:\/\/www.tuasaude.com\/dor-no-dedo-do-pe\/\" target=\"_blank\" rel=\"noopener noreferrer\">dor no dedo do p\u00e9<\/a>.<\/p>\n\n\n\n<h2 class=\"wp-block-heading\">O que um estudo mostra sobre cal\u00e7ados e dedos curvados<\/h2>\n\n\n\n<p class=\"wp-block-paragraph\">Segundo o estudo <a href=\"https:\/\/pubmed.ncbi.nlm.nih.gov\/16110238\/\" target=\"_blank\" rel=\"noopener noreferrer\"><em>Footwear characteristics and foot problems in older people<\/em><\/a>, publicado na revista <em>Gerontology<\/em>, pesquisadores avaliaram 176 pessoas entre 62 e 96 anos e compararam as medidas dos p\u00e9s com as dimens\u00f5es dos cal\u00e7ados usados.<\/p>\n\n\n\n<p class=\"wp-block-paragraph\">O <strong>estudo observacional<\/strong> encontrou associa\u00e7\u00e3o entre o uso de sapatos mais curtos que os p\u00e9s e deformidades nos dedos menores. Cal\u00e7ados muito estreitos tamb\u00e9m foram associados a dor e calos, refor\u00e7ando a import\u00e2ncia de espa\u00e7o adequado para os dedos.<\/p>\n\n\n\n<h2 class=\"wp-block-heading\">Como diminuir press\u00e3o e atrito<\/h2>\n\n\n\n<p class=\"wp-block-paragraph\">Quando os <strong>dedos curvados<\/strong> ainda s\u00e3o flex\u00edveis, adaptar o cal\u00e7ado pode aliviar press\u00e3o e desconforto, embora essas medidas n\u00e3o necessariamente revertam uma deformidade j\u00e1 estabelecida.<\/p>\n\n\n\n<ul class=\"wp-block-list\">\n<li>Escolha sapatos com espa\u00e7o amplo para movimentar os dedos;<\/li>\n<li>prefira modelos com <strong>salto baixo<\/strong>;<\/li>\n<li>evite bicos estreitos ou cal\u00e7ados que comprimam o p\u00e9;<\/li>\n<li>use prote\u00e7\u00f5es ou almofadas para reduzir atrito quando orientado;<\/li>\n<li>n\u00e3o force um dedo r\u00edgido e dolorido para deix\u00e1-lo reto.<\/li>\n<\/ul>\n\n\n\n<p class=\"wp-block-paragraph\">\u00d3rteses, exerc\u00edcios e outras medidas podem ser indicados conforme o tipo e a flexibilidade da deformidade.<\/p>\n\n\n<div class=\"wp-block-image wp-block-image size-large\">\n<figure class=\"aligncenter\"><img decoding=\"async\" width=\"1280\" height=\"575\" src=\"https:\/\/www.tuasaude.com\/news\/wp-content\/uploads\/2026\/09\/107158_dedos-dos-pes-comecam-a-encurvar-e-o-sapato-aperta-o-formato_tabela.jpg\" alt=\"Dedos dos p\u00e9s encurvados: causas, sinais e como evitar que o sapato aperte mais\" class=\"wp-image-107161\" srcset=\"https:\/\/www.tuasaude.com\/news\/wp-content\/uploads\/2026\/09\/107158_dedos-dos-pes-comecam-a-encurvar-e-o-sapato-aperta-o-formato_tabela.jpg 1280w, https:\/\/www.tuasaude.com\/news\/wp-content\/uploads\/2026\/09\/107158_dedos-dos-pes-comecam-a-encurvar-e-o-sapato-aperta-o-formato_tabela-300x135.jpg 300w, https:\/\/www.tuasaude.com\/news\/wp-content\/uploads\/2026\/09\/107158_dedos-dos-pes-comecam-a-encurvar-e-o-sapato-aperta-o-formato_tabela-1024x460.jpg 1024w, https:\/\/www.tuasaude.com\/news\/wp-content\/uploads\/2026\/09\/107158_dedos-dos-pes-comecam-a-encurvar-e-o-sapato-aperta-o-formato_tabela-768x345.jpg 768w, https:\/\/www.tuasaude.com\/news\/wp-content\/uploads\/2026\/09\/107158_dedos-dos-pes-comecam-a-encurvar-e-o-sapato-aperta-o-formato_tabela-750x337.jpg 750w, https:\/\/www.tuasaude.com\/news\/wp-content\/uploads\/2026\/09\/107158_dedos-dos-pes-comecam-a-encurvar-e-o-sapato-aperta-o-formato_tabela-1140x512.jpg 1140w\" sizes=\"(max-width: 1280px) 100vw, 1280px\" \/><figcaption class=\"wp-element-caption\">Dedos dos p\u00e9s encurvados: causas, sinais e como evitar que o sapato aperte mais<\/figcaption><\/figure>\n<\/div>\n\n\n<h2 class=\"wp-block-heading\">Quando o dedo precisa ser avaliado<\/h2>\n\n\n\n<p class=\"wp-block-paragraph\">Procure um ortopedista se o dedo estiver ficando <strong>cada vez mais r\u00edgido ou dolorido<\/strong>, se houver calos recorrentes ou se a mudan\u00e7a estiver dificultando encontrar cal\u00e7ados confort\u00e1veis.<\/p>\n\n\n\n<p class=\"wp-block-paragraph\">A avalia\u00e7\u00e3o tamb\u00e9m \u00e9 indicada quando a deformidade come\u00e7a a limitar a caminhada ou surgem feridas pelo atrito. Identificar o problema enquanto o dedo ainda mant\u00e9m alguma flexibilidade pode ampliar as op\u00e7\u00f5es de tratamento conservador.<\/p>\n\n\n\n<p class=\"wp-block-paragraph\"><strong>Este conte\u00fado \u00e9 apenas informativo e n\u00e3o substitui a avalia\u00e7\u00e3o, o diagn\u00f3stico ou o tratamento orientado por um m\u00e9dico.<\/strong><\/p>\n","protected":false},"excerpt":{"rendered":"<p>Perceber os dedos curvados e cada vez mais apertados dentro do sapato pode indicar uma deformidade que se desenvolve gradualmente, como dedo em martelo, em garra ou em malho. Altera\u00e7\u00f5es no equil\u00edbrio dos m\u00fasculos e tend\u00f5es, caracter\u00edsticas do p\u00e9 e press\u00e3o repetida de cal\u00e7ados inadequados podem contribuir para essa mudan\u00e7a. Por que os dedos podem [&hellip;]<\/p>\n","protected":false},"author":12,"featured_media":107159,"comment_status":"open","ping_status":"open","sticky":false,"template":"","format":"standard","meta":{"_yoast_wpseo_focuskw":"dedos curvados","_yoast_wpseo_title":"","_yoast_wpseo_metadesc":"Dedos curvados podem surgir com o tempo e causar dor, calos e aperto no sapato. Veja causas, cuidados com cal\u00e7ados e quando procurar avalia\u00e7\u00e3o m\u00e9dica.","jnews-multi-image_gallery":[],"jnews_single_post":[],"jnews_primary_category":[],"jnews_social_meta":[],"jnews_override_counter":[],"footnotes":""},"categories":[111],"tags":[13007,12714,11505],"class_list":["post-107158","post","type-post","status-publish","format-standard","has-post-thumbnail","hentry","category-saude","tag-dedo-em-martelo","tag-deformidade-dos-dedos","tag-sapato-apertado"],"yoast_head":"<!-- This site is optimized with the Yoast SEO plugin v26.7 - https:\/\/yoast.com\/wordpress\/plugins\/seo\/ -->\n<title>Dedos dos p\u00e9s come\u00e7am a encurvar e o sapato aperta: o formato pode mudar com o tempo - Tua Sa\u00fade<\/title>\n<meta name=\"description\" content=\"Dedos curvados podem surgir com o tempo e causar dor, calos e aperto no sapato. Veja causas, cuidados com cal\u00e7ados e quando procurar avalia\u00e7\u00e3o m\u00e9dica.\" \/>\n<meta name=\"robots\" content=\"index, follow, max-snippet:-1, max-image-preview:large, max-video-preview:-1\" \/>\n<link rel=\"canonical\" href=\"https:\/\/www.tuasaude.com\/news\/2026\/09\/03\/dedos-dos-pes-comecam-a-encurvar-e-o-sapato-aperta-o-formato-pode-mudar-com-o-tempo\/\" \/>\n<meta property=\"og:locale\" content=\"pt_BR\" \/>\n<meta property=\"og:type\" content=\"article\" \/>\n<meta property=\"og:title\" content=\"Dedos dos p\u00e9s come\u00e7am a encurvar e o sapato aperta: o formato pode mudar com o tempo - Tua Sa\u00fade\" \/>\n<meta property=\"og:description\" content=\"Dedos curvados podem surgir com o tempo e causar dor, calos e aperto no sapato. Veja causas, cuidados com cal\u00e7ados e quando procurar avalia\u00e7\u00e3o m\u00e9dica.\" \/>\n<meta property=\"og:url\" content=\"https:\/\/www.tuasaude.com\/news\/2026\/09\/03\/dedos-dos-pes-comecam-a-encurvar-e-o-sapato-aperta-o-formato-pode-mudar-com-o-tempo\/\" \/>\n<meta property=\"og:site_name\" content=\"Tua Sa\u00fade\" \/>\n<meta property=\"article:published_time\" content=\"2026-09-03T21:45:00+00:00\" \/>\n<meta property=\"og:image\" content=\"https:\/\/www.tuasaude.com\/news\/wp-content\/uploads\/2026\/09\/107158_dedos-dos-pes-comecam-a-encurvar-e-o-sapato-aperta-o-formato_destaque.jpg\" \/>\n\t<meta property=\"og:image:width\" content=\"1280\" \/>\n\t<meta property=\"og:image:height\" content=\"714\" \/>\n\t<meta property=\"og:image:type\" content=\"image\/jpeg\" \/>\n<meta name=\"author\" content=\"Jeferson Henrique\" \/>\n<meta name=\"twitter:card\" content=\"summary_large_image\" \/>\n<meta name=\"twitter:label1\" content=\"Escrito por\" \/>\n\t<meta name=\"twitter:data1\" content=\"Jeferson Henrique\" \/>\n\t<meta name=\"twitter:label2\" content=\"Est. tempo de leitura\" \/>\n\t<meta name=\"twitter:data2\" content=\"3 minutos\" \/>\n<!-- \/ Yoast SEO plugin. -->","yoast_head_json":{"title":"Dedos dos p\u00e9s come\u00e7am a encurvar e o sapato aperta: o formato pode mudar com o tempo - Tua Sa\u00fade","description":"Dedos curvados podem surgir com o tempo e causar dor, calos e aperto no sapato. Veja causas, cuidados com cal\u00e7ados e quando procurar avalia\u00e7\u00e3o m\u00e9dica.","robots":{"index":"index","follow":"follow","max-snippet":"max-snippet:-1","max-image-preview":"max-image-preview:large","max-video-preview":"max-video-preview:-1"},"canonical":"https:\/\/www.tuasaude.com\/news\/2026\/09\/03\/dedos-dos-pes-comecam-a-encurvar-e-o-sapato-aperta-o-formato-pode-mudar-com-o-tempo\/","og_locale":"pt_BR","og_type":"article","og_title":"Dedos dos p\u00e9s come\u00e7am a encurvar e o sapato aperta: o formato pode mudar com o tempo - Tua Sa\u00fade","og_description":"Dedos curvados podem surgir com o tempo e causar dor, calos e aperto no sapato. Veja causas, cuidados com cal\u00e7ados e quando procurar avalia\u00e7\u00e3o m\u00e9dica.","og_url":"https:\/\/www.tuasaude.com\/news\/2026\/09\/03\/dedos-dos-pes-comecam-a-encurvar-e-o-sapato-aperta-o-formato-pode-mudar-com-o-tempo\/","og_site_name":"Tua Sa\u00fade","article_published_time":"2026-09-03T21:45:00+00:00","og_image":[{"width":1280,"height":714,"url":"https:\/\/www.tuasaude.com\/news\/wp-content\/uploads\/2026\/09\/107158_dedos-dos-pes-comecam-a-encurvar-e-o-sapato-aperta-o-formato_destaque.jpg","type":"image\/jpeg"}],"author":"Jeferson Henrique","twitter_card":"summary_large_image","twitter_misc":{"Escrito por":"Jeferson Henrique","Est. tempo de leitura":"3 minutos"},"schema":{"@context":"https:\/\/schema.org","@graph":[{"@type":"Article","@id":"https:\/\/www.tuasaude.com\/news\/2026\/09\/03\/dedos-dos-pes-comecam-a-encurvar-e-o-sapato-aperta-o-formato-pode-mudar-com-o-tempo\/#article","isPartOf":{"@id":"https:\/\/www.tuasaude.com\/news\/2026\/09\/03\/dedos-dos-pes-comecam-a-encurvar-e-o-sapato-aperta-o-formato-pode-mudar-com-o-tempo\/"},"author":{"name":"Jeferson Henrique","@id":"https:\/\/www.tuasaude.com\/news\/#\/schema\/person\/963d63d4e1f0c81f5f3a70ba4bcb0ef7"},"headline":"Dedos dos p\u00e9s come\u00e7am a encurvar e o sapato aperta: o formato pode mudar com o tempo","datePublished":"2026-09-03T21:45:00+00:00","mainEntityOfPage":{"@id":"https:\/\/www.tuasaude.com\/news\/2026\/09\/03\/dedos-dos-pes-comecam-a-encurvar-e-o-sapato-aperta-o-formato-pode-mudar-com-o-tempo\/"},"wordCount":585,"commentCount":0,"image":{"@id":"https:\/\/www.tuasaude.com\/news\/2026\/09\/03\/dedos-dos-pes-comecam-a-encurvar-e-o-sapato-aperta-o-formato-pode-mudar-com-o-tempo\/#primaryimage"},"thumbnailUrl":"https:\/\/www.tuasaude.com\/news\/wp-content\/uploads\/2026\/09\/107158_dedos-dos-pes-comecam-a-encurvar-e-o-sapato-aperta-o-formato_destaque.jpg","keywords":["dedo em martelo","deformidade dos dedos","sapato apertado"],"articleSection":["Sa\u00fade"],"inLanguage":"pt-BR","potentialAction":[{"@type":"CommentAction","name":"Comment","target":["https:\/\/www.tuasaude.com\/news\/2026\/09\/03\/dedos-dos-pes-comecam-a-encurvar-e-o-sapato-aperta-o-formato-pode-mudar-com-o-tempo\/#respond"]}]},{"@type":"WebPage","@id":"https:\/\/www.tuasaude.com\/news\/2026\/09\/03\/dedos-dos-pes-comecam-a-encurvar-e-o-sapato-aperta-o-formato-pode-mudar-com-o-tempo\/","url":"https:\/\/www.tuasaude.com\/news\/2026\/09\/03\/dedos-dos-pes-comecam-a-encurvar-e-o-sapato-aperta-o-formato-pode-mudar-com-o-tempo\/","name":"Dedos dos p\u00e9s come\u00e7am a encurvar e o sapato aperta: o formato pode mudar com o tempo - Tua Sa\u00fade","isPartOf":{"@id":"https:\/\/www.tuasaude.com\/news\/#website"},"primaryImageOfPage":{"@id":"https:\/\/www.tuasaude.com\/news\/2026\/09\/03\/dedos-dos-pes-comecam-a-encurvar-e-o-sapato-aperta-o-formato-pode-mudar-com-o-tempo\/#primaryimage"},"image":{"@id":"https:\/\/www.tuasaude.com\/news\/2026\/09\/03\/dedos-dos-pes-comecam-a-encurvar-e-o-sapato-aperta-o-formato-pode-mudar-com-o-tempo\/#primaryimage"},"thumbnailUrl":"https:\/\/www.tuasaude.com\/news\/wp-content\/uploads\/2026\/09\/107158_dedos-dos-pes-comecam-a-encurvar-e-o-sapato-aperta-o-formato_destaque.jpg","datePublished":"2026-09-03T21:45:00+00:00","author":{"@id":"https:\/\/www.tuasaude.com\/news\/#\/schema\/person\/963d63d4e1f0c81f5f3a70ba4bcb0ef7"},"description":"Dedos curvados podem surgir com o tempo e causar dor, calos e aperto no sapato. Veja causas, cuidados com cal\u00e7ados e quando procurar avalia\u00e7\u00e3o m\u00e9dica.","breadcrumb":{"@id":"https:\/\/www.tuasaude.com\/news\/2026\/09\/03\/dedos-dos-pes-comecam-a-encurvar-e-o-sapato-aperta-o-formato-pode-mudar-com-o-tempo\/#breadcrumb"},"inLanguage":"pt-BR","potentialAction":[{"@type":"ReadAction","target":["https:\/\/www.tuasaude.com\/news\/2026\/09\/03\/dedos-dos-pes-comecam-a-encurvar-e-o-sapato-aperta-o-formato-pode-mudar-com-o-tempo\/"]}]},{"@type":"ImageObject","inLanguage":"pt-BR","@id":"https:\/\/www.tuasaude.com\/news\/2026\/09\/03\/dedos-dos-pes-comecam-a-encurvar-e-o-sapato-aperta-o-formato-pode-mudar-com-o-tempo\/#primaryimage","url":"https:\/\/www.tuasaude.com\/news\/wp-content\/uploads\/2026\/09\/107158_dedos-dos-pes-comecam-a-encurvar-e-o-sapato-aperta-o-formato_destaque.jpg","contentUrl":"https:\/\/www.tuasaude.com\/news\/wp-content\/uploads\/2026\/09\/107158_dedos-dos-pes-comecam-a-encurvar-e-o-sapato-aperta-o-formato_destaque.jpg","width":1280,"height":714,"caption":"Dedos dos p\u00e9s curvados podem aumentar o atrito e fazer sapatos antes confort\u00e1veis come\u00e7arem a apertar."},{"@type":"BreadcrumbList","@id":"https:\/\/www.tuasaude.com\/news\/2026\/09\/03\/dedos-dos-pes-comecam-a-encurvar-e-o-sapato-aperta-o-formato-pode-mudar-com-o-tempo\/#breadcrumb","itemListElement":[{"@type":"ListItem","position":1,"name":"In\u00edcio","item":"https:\/\/www.tuasaude.com\/news\/"},{"@type":"ListItem","position":2,"name":"Dedos dos p\u00e9s come\u00e7am a encurvar e o sapato aperta: o formato pode mudar com o tempo"}]},{"@type":"WebSite","@id":"https:\/\/www.tuasaude.com\/news\/#website","url":"https:\/\/www.tuasaude.com\/news\/","name":"Tua Sa\u00fade","description":"Seu site de sa\u00fade","potentialAction":[{"@type":"SearchAction","target":{"@type":"EntryPoint","urlTemplate":"https:\/\/www.tuasaude.com\/news\/?s={search_term_string}"},"query-input":{"@type":"PropertyValueSpecification","valueRequired":true,"valueName":"search_term_string"}}],"inLanguage":"pt-BR"},{"@type":"Person","@id":"https:\/\/www.tuasaude.com\/news\/#\/schema\/person\/963d63d4e1f0c81f5f3a70ba4bcb0ef7","name":"Jeferson Henrique","image":{"@type":"ImageObject","inLanguage":"pt-BR","@id":"https:\/\/www.tuasaude.com\/news\/#\/schema\/person\/image\/","url":"https:\/\/secure.gravatar.com\/avatar\/1a476a54a48eb3cdea5dd2f016708263892c6b9f5e54b641df7c65e980fd6f69?s=96&d=mm&r=g","contentUrl":"https:\/\/secure.gravatar.com\/avatar\/1a476a54a48eb3cdea5dd2f016708263892c6b9f5e54b641df7c65e980fd6f69?s=96&d=mm&r=g","caption":"Jeferson Henrique"},"sameAs":["https:\/\/www.tuasaude.com\/news\/"],"url":"https:\/\/www.tuasaude.com\/news\/author\/jeferson-henrique\/"}]}},"_links":{"self":[{"href":"https:\/\/www.tuasaude.com\/news\/wp-json\/wp\/v2\/posts\/107158","targetHints":{"allow":["GET"]}}],"collection":[{"href":"https:\/\/www.tuasaude.com\/news\/wp-json\/wp\/v2\/posts"}],"about":[{"href":"https:\/\/www.tuasaude.com\/news\/wp-json\/wp\/v2\/types\/post"}],"author":[{"embeddable":true,"href":"https:\/\/www.tuasaude.com\/news\/wp-json\/wp\/v2\/users\/12"}],"replies":[{"embeddable":true,"href":"https:\/\/www.tuasaude.com\/news\/wp-json\/wp\/v2\/comments?post=107158"}],"version-history":[{"count":1,"href":"https:\/\/www.tuasaude.com\/news\/wp-json\/wp\/v2\/posts\/107158\/revisions"}],"predecessor-version":[{"id":107162,"href":"https:\/\/www.tuasaude.com\/news\/wp-json\/wp\/v2\/posts\/107158\/revisions\/107162"}],"wp:featuredmedia":[{"embeddable":true,"href":"https:\/\/www.tuasaude.com\/news\/wp-json\/wp\/v2\/media\/107159"}],"wp:attachment":[{"href":"https:\/\/www.tuasaude.com\/news\/wp-json\/wp\/v2\/media?parent=107158"}],"wp:term":[{"taxonomy":"category","embeddable":true,"href":"https:\/\/www.tuasaude.com\/news\/wp-json\/wp\/v2\/categories?post=107158"},{"taxonomy":"post_tag","embeddable":true,"href":"https:\/\/www.tuasaude.com\/news\/wp-json\/wp\/v2\/tags?post=107158"}],"curies":[{"name":"wp","href":"https:\/\/api.w.org\/{rel}","templated":true}]}}