{"id":107131,"date":"2026-09-03T10:30:00","date_gmt":"2026-09-03T13:30:00","guid":{"rendered":"https:\/\/www.tuasaude.com\/news\/?p=107131"},"modified":"2026-09-02T15:43:06","modified_gmt":"2026-09-02T18:43:06","slug":"o-sono-de-ma-qualidade-pode-ter-uma-causa-alem-dos-habitos-noturnos-o-que-a-ciencia-estuda-sobre-a-relacao-entre-intestino-e-descanso","status":"publish","type":"post","link":"https:\/\/www.tuasaude.com\/news\/2026\/09\/03\/o-sono-de-ma-qualidade-pode-ter-uma-causa-alem-dos-habitos-noturnos-o-que-a-ciencia-estuda-sobre-a-relacao-entre-intestino-e-descanso\/","title":{"rendered":"O sono de m\u00e1 qualidade pode ter uma causa al\u00e9m dos h\u00e1bitos noturnos: o que a ci\u00eancia estuda sobre a rela\u00e7\u00e3o entre intestino e descanso"},"content":{"rendered":"\n<p class=\"wp-block-paragraph\">Dormir mal com frequ\u00eancia costuma ser atribu\u00eddo apenas a h\u00e1bitos noturnos, como uso excessivo de telas ou consumo de cafe\u00edna antes de deitar. No entanto, pesquisas recentes sugerem que o funcionamento do <strong>intestino<\/strong> tamb\u00e9m pode ter influ\u00eancia importante sobre a qualidade do descanso. A comunica\u00e7\u00e3o entre o sistema digestivo e o c\u00e9rebro, conhecida como eixo intestino-c\u00e9rebro, \u00e9 um campo em desenvolvimento que abre novas possibilidades para entender por que algumas pessoas enfrentam noites mal dormidas mesmo seguindo uma rotina considerada saud\u00e1vel.<\/p>\n\n\n\n<h2 class=\"wp-block-heading\">Existe mesmo uma rela\u00e7\u00e3o entre intestino e sono?<\/h2>\n\n\n\n<p class=\"wp-block-paragraph\">O intestino abriga trilh\u00f5es de bact\u00e9rias que participam de diversos processos do organismo, inclusive da produ\u00e7\u00e3o de subst\u00e2ncias que influenciam o c\u00e9rebro. Entre elas est\u00e3o a serotonina e o GABA, neurotransmissores ligados ao relaxamento e \u00e0 indu\u00e7\u00e3o do sono.<\/p>\n\n\n\n<p class=\"wp-block-paragraph\">Quando o equil\u00edbrio dessa microbiota \u00e9 alterado, essa produ\u00e7\u00e3o pode ficar comprometida, o que talvez ajude a explicar dificuldades para adormecer ou despertares noturnos frequentes. Os mecanismos exatos ainda est\u00e3o sendo investigados, mas a hip\u00f3tese ganha cada vez mais espa\u00e7o na literatura cient\u00edfica.<\/p>\n\n\n\n<h2 class=\"wp-block-heading\">Como o desequil\u00edbrio da flora intestinal pode afetar o descanso?<\/h2>\n\n\n\n<p class=\"wp-block-paragraph\">A disbiose, nome dado ao desequil\u00edbrio da <a href=\"https:\/\/www.tuasaude.com\/flora-intestinal\/\" target=\"_blank\" rel=\"noreferrer noopener\">flora intestinal<\/a>, pode reduzir a quantidade de bact\u00e9rias ben\u00e9ficas respons\u00e1veis pela produ\u00e7\u00e3o de compostos que atuam no c\u00e9rebro. Isso pode afetar tanto a facilidade para pegar no sono quanto a manuten\u00e7\u00e3o do descanso ao longo da noite.<\/p>\n\n\n\n<p class=\"wp-block-paragraph\">Fatores como alimenta\u00e7\u00e3o pobre em fibras, uso frequente de antibi\u00f3ticos, estresse cr\u00f4nico e sedentarismo est\u00e3o entre os principais respons\u00e1veis por esse desequil\u00edbrio. Ainda assim, os efeitos variam bastante de pessoa para pessoa e nem sempre s\u00e3o a causa principal da <a href=\"https:\/\/www.tuasaude.com\/insonia\/\" target=\"_blank\" rel=\"noreferrer noopener\">ins\u00f4nia<\/a>.<\/p>\n\n\n<div class=\"wp-block-image\">\n<figure class=\"aligncenter size-large\"><img decoding=\"async\" width=\"1024\" height=\"571\" src=\"https:\/\/www.tuasaude.com\/news\/wp-content\/uploads\/2026\/09\/Intestino_e_qualidade_do_sono_202609021542-1024x571.jpg\" alt=\"Fibras, fermentados, rotina e movimento podem favorecer intestino e sono simultaneamente.\" class=\"wp-image-107189\" srcset=\"https:\/\/www.tuasaude.com\/news\/wp-content\/uploads\/2026\/09\/Intestino_e_qualidade_do_sono_202609021542-1024x571.jpg 1024w, https:\/\/www.tuasaude.com\/news\/wp-content\/uploads\/2026\/09\/Intestino_e_qualidade_do_sono_202609021542-300x167.jpg 300w, https:\/\/www.tuasaude.com\/news\/wp-content\/uploads\/2026\/09\/Intestino_e_qualidade_do_sono_202609021542-768x428.jpg 768w, https:\/\/www.tuasaude.com\/news\/wp-content\/uploads\/2026\/09\/Intestino_e_qualidade_do_sono_202609021542-750x418.jpg 750w, https:\/\/www.tuasaude.com\/news\/wp-content\/uploads\/2026\/09\/Intestino_e_qualidade_do_sono_202609021542-1140x636.jpg 1140w, https:\/\/www.tuasaude.com\/news\/wp-content\/uploads\/2026\/09\/Intestino_e_qualidade_do_sono_202609021542.jpg 1280w\" sizes=\"(max-width: 1024px) 100vw, 1024px\" \/><figcaption class=\"wp-element-caption\">Fibras, fermentados, rotina e movimento podem favorecer intestino e sono simultaneamente.<\/figcaption><\/figure>\n<\/div>\n\n\n<h2 class=\"wp-block-heading\">O que a ci\u00eancia j\u00e1 investigou sobre o tema<\/h2>\n\n\n\n<p class=\"wp-block-paragraph\">Ainda que o assunto seja considerado emergente, algumas revis\u00f5es cient\u00edficas come\u00e7am a mapear como a microbiota pode se relacionar com dist\u00farbios do sono. De acordo com a revis\u00e3o sistem\u00e1tica <a href=\"https:\/\/pmc.ncbi.nlm.nih.gov\/articles\/PMC10857497\/\" target=\"_blank\" rel=\"noreferrer noopener\">The Microbiota Gut Brain Axis in Metabolic Syndrome and Sleep Disorders<\/a>, publicada na base PubMed Central da National Library of Medicine, existe uma associa\u00e7\u00e3o recorrente entre a menor presen\u00e7a de bact\u00e9rias produtoras de butirato e a pior qualidade do sono em adultos.<\/p>\n\n\n\n<p class=\"wp-block-paragraph\">Os autores destacam que os achados s\u00e3o promissores, mas ainda insuficientes para estabelecer rela\u00e7\u00f5es de causa e efeito. Novos estudos s\u00e3o necess\u00e1rios para entender como interven\u00e7\u00f5es na alimenta\u00e7\u00e3o e na microbiota poderiam melhorar o descanso de forma segura e eficaz.<\/p>\n\n\n\n<h2 class=\"wp-block-heading\">Quais h\u00e1bitos podem favorecer intestino e sono ao mesmo tempo?<\/h2>\n\n\n\n<p class=\"wp-block-paragraph\">Cuidar do intestino \u00e9 uma estrat\u00e9gia que pode beneficiar indiretamente a qualidade do sono, embora n\u00e3o substitua abordagens espec\u00edficas para dist\u00farbios j\u00e1 instalados. Pequenas mudan\u00e7as na rotina alimentar e no estilo de vida podem contribuir para o equil\u00edbrio da microbiota.<\/p>\n\n\n\n<p class=\"wp-block-paragraph\">Confira h\u00e1bitos que podem apoiar essa dupla fun\u00e7\u00e3o:<\/p>\n\n\n\n<ul class=\"wp-block-list\">\n<li>Consumir <strong>alimentos ricos em fibras<\/strong>, como frutas, verduras, legumes e cereais integrais<\/li>\n\n\n\n<li>Incluir fermentados na rotina, como iogurte natural, kefir, kombucha e chucrute<\/li>\n\n\n\n<li>Manter hor\u00e1rios regulares para as refei\u00e7\u00f5es e para dormir<\/li>\n\n\n\n<li>Evitar jantares muito pesados ou pr\u00f3ximos ao hor\u00e1rio de deitar<\/li>\n\n\n\n<li>Reduzir o consumo de ultraprocessados, a\u00e7\u00facar refinado e cafe\u00edna no fim do dia<\/li>\n\n\n\n<li>Praticar atividade f\u00edsica com regularidade, preferencialmente durante o dia<\/li>\n\n\n\n<li>Cuidar do gerenciamento do estresse com t\u00e9cnicas de respira\u00e7\u00e3o ou medita\u00e7\u00e3o<\/li>\n<\/ul>\n\n\n<div class=\"wp-block-image\">\n<figure class=\"aligncenter size-large\"><img decoding=\"async\" width=\"1024\" height=\"571\" src=\"https:\/\/www.tuasaude.com\/news\/wp-content\/uploads\/2026\/09\/Man_lying_awake_in_bed_202609021542-1024x571.jpg\" alt=\"Altera\u00e7\u00f5es da microbiota s\u00e3o investigadas por poss\u00edvel rela\u00e7\u00e3o com sono menos reparador.\" class=\"wp-image-107190\" srcset=\"https:\/\/www.tuasaude.com\/news\/wp-content\/uploads\/2026\/09\/Man_lying_awake_in_bed_202609021542-1024x571.jpg 1024w, https:\/\/www.tuasaude.com\/news\/wp-content\/uploads\/2026\/09\/Man_lying_awake_in_bed_202609021542-300x167.jpg 300w, https:\/\/www.tuasaude.com\/news\/wp-content\/uploads\/2026\/09\/Man_lying_awake_in_bed_202609021542-768x428.jpg 768w, https:\/\/www.tuasaude.com\/news\/wp-content\/uploads\/2026\/09\/Man_lying_awake_in_bed_202609021542-750x418.jpg 750w, https:\/\/www.tuasaude.com\/news\/wp-content\/uploads\/2026\/09\/Man_lying_awake_in_bed_202609021542-1140x636.jpg 1140w, https:\/\/www.tuasaude.com\/news\/wp-content\/uploads\/2026\/09\/Man_lying_awake_in_bed_202609021542.jpg 1280w\" sizes=\"(max-width: 1024px) 100vw, 1024px\" \/><figcaption class=\"wp-element-caption\">Altera\u00e7\u00f5es da microbiota s\u00e3o investigadas por poss\u00edvel rela\u00e7\u00e3o com sono menos reparador.<\/figcaption><\/figure>\n<\/div>\n\n\n<h2 class=\"wp-block-heading\">Quando \u00e9 indicado buscar avalia\u00e7\u00e3o profissional?<\/h2>\n\n\n\n<p class=\"wp-block-paragraph\">Dificuldades para dormir que persistem por mais de tr\u00eas semanas, despertares noturnos frequentes ou cansa\u00e7o constante durante o dia merecem investiga\u00e7\u00e3o especializada. Sintomas digestivos associados, como distens\u00e3o abdominal, altera\u00e7\u00f5es do tr\u00e2nsito intestinal ou desconforto ap\u00f3s as refei\u00e7\u00f5es, tamb\u00e9m devem ser mencionados ao profissional, j\u00e1 que podem ajudar a compreender melhor o quadro de quem <a href=\"https:\/\/www.tuasaude.com\/nao-consigo-dormir\/\" target=\"_blank\" rel=\"noreferrer noopener\">n\u00e3o consegue dormir<\/a> bem.<\/p>\n\n\n\n<p class=\"wp-block-paragraph\">Uma abordagem integrada, com m\u00e9dico do sono, gastroenterologista e nutricionista, tende a trazer resultados mais consistentes. O autocuidado com alimenta\u00e7\u00e3o e estilo de vida \u00e9 um bom ponto de partida, mas o diagn\u00f3stico correto continua sendo o caminho mais seguro para tratar as causas por tr\u00e1s do sono ruim.<\/p>\n\n\n\n<p class=\"wp-block-paragraph\"><em>Este conte\u00fado tem car\u00e1ter apenas informativo e n\u00e3o substitui a avalia\u00e7\u00e3o m\u00e9dica presencial. Consulte sempre um profissional de sa\u00fade qualificado para diagn\u00f3stico e tratamento adequados ao seu caso.<\/em><\/p>\n","protected":false},"excerpt":{"rendered":"<p>Dormir mal com frequ\u00eancia costuma ser atribu\u00eddo apenas a h\u00e1bitos noturnos, como uso excessivo de telas ou consumo de cafe\u00edna antes de deitar. No entanto, pesquisas recentes sugerem que o funcionamento do intestino tamb\u00e9m pode ter influ\u00eancia importante sobre a qualidade do descanso. A comunica\u00e7\u00e3o entre o sistema digestivo e o c\u00e9rebro, conhecida como eixo [&hellip;]<\/p>\n","protected":false},"author":11,"featured_media":107188,"comment_status":"open","ping_status":"open","sticky":false,"template":"","format":"standard","meta":{"_yoast_wpseo_focuskw":"intestino","_yoast_wpseo_title":"","_yoast_wpseo_metadesc":"Dormir mal pode ter rela\u00e7\u00e3o com o equil\u00edbrio das bact\u00e9rias do intestino. Entenda como o eixo intestino-c\u00e9rebro entra nas pesquisas sobre a qualidade do sono.","jnews-multi-image_gallery":[],"jnews_single_post":{"format":"standard"},"jnews_primary_category":[],"jnews_social_meta":[],"jnews_override_counter":[],"footnotes":""},"categories":[111],"tags":[2078,136,1086,299],"class_list":["post-107131","post","type-post","status-publish","format-standard","has-post-thumbnail","hentry","category-saude","tag-intestino","tag-saude","tag-saude-do-sono","tag-saude-intestinal"],"yoast_head":"<!-- This site is optimized with the Yoast SEO plugin v26.7 - https:\/\/yoast.com\/wordpress\/plugins\/seo\/ -->\n<title>O sono de m\u00e1 qualidade pode ter uma causa al\u00e9m dos h\u00e1bitos noturnos: o que a ci\u00eancia estuda sobre a rela\u00e7\u00e3o entre intestino e descanso - Tua Sa\u00fade<\/title>\n<meta name=\"description\" content=\"Dormir mal pode ter rela\u00e7\u00e3o com o equil\u00edbrio das bact\u00e9rias do intestino. Entenda como o eixo intestino-c\u00e9rebro entra nas pesquisas sobre a qualidade do sono.\" \/>\n<meta name=\"robots\" content=\"index, follow, max-snippet:-1, max-image-preview:large, max-video-preview:-1\" \/>\n<link rel=\"canonical\" href=\"https:\/\/www.tuasaude.com\/news\/2026\/09\/03\/o-sono-de-ma-qualidade-pode-ter-uma-causa-alem-dos-habitos-noturnos-o-que-a-ciencia-estuda-sobre-a-relacao-entre-intestino-e-descanso\/\" \/>\n<meta property=\"og:locale\" content=\"pt_BR\" \/>\n<meta property=\"og:type\" content=\"article\" \/>\n<meta property=\"og:title\" content=\"O sono de m\u00e1 qualidade pode ter uma causa al\u00e9m dos h\u00e1bitos noturnos: o que a ci\u00eancia estuda sobre a rela\u00e7\u00e3o entre intestino e descanso - Tua Sa\u00fade\" \/>\n<meta property=\"og:description\" content=\"Dormir mal pode ter rela\u00e7\u00e3o com o equil\u00edbrio das bact\u00e9rias do intestino. Entenda como o eixo intestino-c\u00e9rebro entra nas pesquisas sobre a qualidade do sono.\" \/>\n<meta property=\"og:url\" content=\"https:\/\/www.tuasaude.com\/news\/2026\/09\/03\/o-sono-de-ma-qualidade-pode-ter-uma-causa-alem-dos-habitos-noturnos-o-que-a-ciencia-estuda-sobre-a-relacao-entre-intestino-e-descanso\/\" \/>\n<meta property=\"og:site_name\" content=\"Tua Sa\u00fade\" \/>\n<meta property=\"article:published_time\" content=\"2026-09-03T13:30:00+00:00\" \/>\n<meta property=\"og:image\" content=\"https:\/\/www.tuasaude.com\/news\/wp-content\/uploads\/2026\/09\/Woman_awake_in_bed_thinking_202609021542.jpg\" \/>\n\t<meta property=\"og:image:width\" content=\"1280\" \/>\n\t<meta property=\"og:image:height\" content=\"714\" \/>\n\t<meta property=\"og:image:type\" content=\"image\/jpeg\" \/>\n<meta name=\"author\" content=\"Gessika Julia Carvalho\" \/>\n<meta name=\"twitter:card\" content=\"summary_large_image\" \/>\n<meta name=\"twitter:label1\" content=\"Escrito por\" \/>\n\t<meta name=\"twitter:data1\" content=\"Gessika Julia Carvalho\" \/>\n\t<meta name=\"twitter:label2\" content=\"Est. tempo de leitura\" \/>\n\t<meta name=\"twitter:data2\" content=\"5 minutos\" \/>\n<!-- \/ Yoast SEO plugin. -->","yoast_head_json":{"title":"O sono de m\u00e1 qualidade pode ter uma causa al\u00e9m dos h\u00e1bitos noturnos: o que a ci\u00eancia estuda sobre a rela\u00e7\u00e3o entre intestino e descanso - Tua Sa\u00fade","description":"Dormir mal pode ter rela\u00e7\u00e3o com o equil\u00edbrio das bact\u00e9rias do intestino. Entenda como o eixo intestino-c\u00e9rebro entra nas pesquisas sobre a qualidade do sono.","robots":{"index":"index","follow":"follow","max-snippet":"max-snippet:-1","max-image-preview":"max-image-preview:large","max-video-preview":"max-video-preview:-1"},"canonical":"https:\/\/www.tuasaude.com\/news\/2026\/09\/03\/o-sono-de-ma-qualidade-pode-ter-uma-causa-alem-dos-habitos-noturnos-o-que-a-ciencia-estuda-sobre-a-relacao-entre-intestino-e-descanso\/","og_locale":"pt_BR","og_type":"article","og_title":"O sono de m\u00e1 qualidade pode ter uma causa al\u00e9m dos h\u00e1bitos noturnos: o que a ci\u00eancia estuda sobre a rela\u00e7\u00e3o entre intestino e descanso - Tua Sa\u00fade","og_description":"Dormir mal pode ter rela\u00e7\u00e3o com o equil\u00edbrio das bact\u00e9rias do intestino. Entenda como o eixo intestino-c\u00e9rebro entra nas pesquisas sobre a qualidade do sono.","og_url":"https:\/\/www.tuasaude.com\/news\/2026\/09\/03\/o-sono-de-ma-qualidade-pode-ter-uma-causa-alem-dos-habitos-noturnos-o-que-a-ciencia-estuda-sobre-a-relacao-entre-intestino-e-descanso\/","og_site_name":"Tua Sa\u00fade","article_published_time":"2026-09-03T13:30:00+00:00","og_image":[{"width":1280,"height":714,"url":"https:\/\/www.tuasaude.com\/news\/wp-content\/uploads\/2026\/09\/Woman_awake_in_bed_thinking_202609021542.jpg","type":"image\/jpeg"}],"author":"Gessika Julia Carvalho","twitter_card":"summary_large_image","twitter_misc":{"Escrito por":"Gessika Julia Carvalho","Est. tempo de leitura":"5 minutos"},"schema":{"@context":"https:\/\/schema.org","@graph":[{"@type":"Article","@id":"https:\/\/www.tuasaude.com\/news\/2026\/09\/03\/o-sono-de-ma-qualidade-pode-ter-uma-causa-alem-dos-habitos-noturnos-o-que-a-ciencia-estuda-sobre-a-relacao-entre-intestino-e-descanso\/#article","isPartOf":{"@id":"https:\/\/www.tuasaude.com\/news\/2026\/09\/03\/o-sono-de-ma-qualidade-pode-ter-uma-causa-alem-dos-habitos-noturnos-o-que-a-ciencia-estuda-sobre-a-relacao-entre-intestino-e-descanso\/"},"author":{"name":"Gessika Julia Carvalho","@id":"https:\/\/www.tuasaude.com\/news\/#\/schema\/person\/2e9df841be69ec84f5d20ddb8d273ac2"},"headline":"O sono de m\u00e1 qualidade pode ter uma causa al\u00e9m dos h\u00e1bitos noturnos: o que a ci\u00eancia estuda sobre a rela\u00e7\u00e3o entre intestino e descanso","datePublished":"2026-09-03T13:30:00+00:00","mainEntityOfPage":{"@id":"https:\/\/www.tuasaude.com\/news\/2026\/09\/03\/o-sono-de-ma-qualidade-pode-ter-uma-causa-alem-dos-habitos-noturnos-o-que-a-ciencia-estuda-sobre-a-relacao-entre-intestino-e-descanso\/"},"wordCount":807,"commentCount":0,"image":{"@id":"https:\/\/www.tuasaude.com\/news\/2026\/09\/03\/o-sono-de-ma-qualidade-pode-ter-uma-causa-alem-dos-habitos-noturnos-o-que-a-ciencia-estuda-sobre-a-relacao-entre-intestino-e-descanso\/#primaryimage"},"thumbnailUrl":"https:\/\/www.tuasaude.com\/news\/wp-content\/uploads\/2026\/09\/Woman_awake_in_bed_thinking_202609021542.jpg","keywords":["intestino","sa\u00fade","sa\u00fade do sono","sa\u00fade intestinal"],"articleSection":["Sa\u00fade"],"inLanguage":"pt-BR","potentialAction":[{"@type":"CommentAction","name":"Comment","target":["https:\/\/www.tuasaude.com\/news\/2026\/09\/03\/o-sono-de-ma-qualidade-pode-ter-uma-causa-alem-dos-habitos-noturnos-o-que-a-ciencia-estuda-sobre-a-relacao-entre-intestino-e-descanso\/#respond"]}]},{"@type":"WebPage","@id":"https:\/\/www.tuasaude.com\/news\/2026\/09\/03\/o-sono-de-ma-qualidade-pode-ter-uma-causa-alem-dos-habitos-noturnos-o-que-a-ciencia-estuda-sobre-a-relacao-entre-intestino-e-descanso\/","url":"https:\/\/www.tuasaude.com\/news\/2026\/09\/03\/o-sono-de-ma-qualidade-pode-ter-uma-causa-alem-dos-habitos-noturnos-o-que-a-ciencia-estuda-sobre-a-relacao-entre-intestino-e-descanso\/","name":"O sono de m\u00e1 qualidade pode ter uma causa al\u00e9m dos h\u00e1bitos noturnos: o que a ci\u00eancia estuda sobre a rela\u00e7\u00e3o entre intestino e descanso - Tua Sa\u00fade","isPartOf":{"@id":"https:\/\/www.tuasaude.com\/news\/#website"},"primaryImageOfPage":{"@id":"https:\/\/www.tuasaude.com\/news\/2026\/09\/03\/o-sono-de-ma-qualidade-pode-ter-uma-causa-alem-dos-habitos-noturnos-o-que-a-ciencia-estuda-sobre-a-relacao-entre-intestino-e-descanso\/#primaryimage"},"image":{"@id":"https:\/\/www.tuasaude.com\/news\/2026\/09\/03\/o-sono-de-ma-qualidade-pode-ter-uma-causa-alem-dos-habitos-noturnos-o-que-a-ciencia-estuda-sobre-a-relacao-entre-intestino-e-descanso\/#primaryimage"},"thumbnailUrl":"https:\/\/www.tuasaude.com\/news\/wp-content\/uploads\/2026\/09\/Woman_awake_in_bed_thinking_202609021542.jpg","datePublished":"2026-09-03T13:30:00+00:00","author":{"@id":"https:\/\/www.tuasaude.com\/news\/#\/schema\/person\/2e9df841be69ec84f5d20ddb8d273ac2"},"description":"Dormir mal pode ter rela\u00e7\u00e3o com o equil\u00edbrio das bact\u00e9rias do intestino. Entenda como o eixo intestino-c\u00e9rebro entra nas pesquisas sobre a qualidade do sono.","breadcrumb":{"@id":"https:\/\/www.tuasaude.com\/news\/2026\/09\/03\/o-sono-de-ma-qualidade-pode-ter-uma-causa-alem-dos-habitos-noturnos-o-que-a-ciencia-estuda-sobre-a-relacao-entre-intestino-e-descanso\/#breadcrumb"},"inLanguage":"pt-BR","potentialAction":[{"@type":"ReadAction","target":["https:\/\/www.tuasaude.com\/news\/2026\/09\/03\/o-sono-de-ma-qualidade-pode-ter-uma-causa-alem-dos-habitos-noturnos-o-que-a-ciencia-estuda-sobre-a-relacao-entre-intestino-e-descanso\/"]}]},{"@type":"ImageObject","inLanguage":"pt-BR","@id":"https:\/\/www.tuasaude.com\/news\/2026\/09\/03\/o-sono-de-ma-qualidade-pode-ter-uma-causa-alem-dos-habitos-noturnos-o-que-a-ciencia-estuda-sobre-a-relacao-entre-intestino-e-descanso\/#primaryimage","url":"https:\/\/www.tuasaude.com\/news\/wp-content\/uploads\/2026\/09\/Woman_awake_in_bed_thinking_202609021542.jpg","contentUrl":"https:\/\/www.tuasaude.com\/news\/wp-content\/uploads\/2026\/09\/Woman_awake_in_bed_thinking_202609021542.jpg","width":1280,"height":714,"caption":"O sono de m\u00e1 qualidade pode ter uma causa al\u00e9m dos h\u00e1bitos noturnos: o que a ci\u00eancia estuda sobre a rela\u00e7\u00e3o entre intestino e descanso"},{"@type":"BreadcrumbList","@id":"https:\/\/www.tuasaude.com\/news\/2026\/09\/03\/o-sono-de-ma-qualidade-pode-ter-uma-causa-alem-dos-habitos-noturnos-o-que-a-ciencia-estuda-sobre-a-relacao-entre-intestino-e-descanso\/#breadcrumb","itemListElement":[{"@type":"ListItem","position":1,"name":"In\u00edcio","item":"https:\/\/www.tuasaude.com\/news\/"},{"@type":"ListItem","position":2,"name":"O sono de m\u00e1 qualidade pode ter uma causa al\u00e9m dos h\u00e1bitos noturnos: o que a ci\u00eancia estuda sobre a rela\u00e7\u00e3o entre intestino e descanso"}]},{"@type":"WebSite","@id":"https:\/\/www.tuasaude.com\/news\/#website","url":"https:\/\/www.tuasaude.com\/news\/","name":"Tua Sa\u00fade","description":"Seu site de sa\u00fade","potentialAction":[{"@type":"SearchAction","target":{"@type":"EntryPoint","urlTemplate":"https:\/\/www.tuasaude.com\/news\/?s={search_term_string}"},"query-input":{"@type":"PropertyValueSpecification","valueRequired":true,"valueName":"search_term_string"}}],"inLanguage":"pt-BR"},{"@type":"Person","@id":"https:\/\/www.tuasaude.com\/news\/#\/schema\/person\/2e9df841be69ec84f5d20ddb8d273ac2","name":"Gessika Julia Carvalho","image":{"@type":"ImageObject","inLanguage":"pt-BR","@id":"https:\/\/www.tuasaude.com\/news\/#\/schema\/person\/image\/","url":"https:\/\/secure.gravatar.com\/avatar\/0fcc8769024577fd0bc6a8b766055690f76a8e8f29dfb2a2f89cf04db8d0f2d2?s=96&d=mm&r=g","contentUrl":"https:\/\/secure.gravatar.com\/avatar\/0fcc8769024577fd0bc6a8b766055690f76a8e8f29dfb2a2f89cf04db8d0f2d2?s=96&d=mm&r=g","caption":"Gessika Julia Carvalho"},"sameAs":["https:\/\/www.tuasaude.com\/news\/"],"url":"https:\/\/www.tuasaude.com\/news\/author\/gessika-julia\/"}]}},"_links":{"self":[{"href":"https:\/\/www.tuasaude.com\/news\/wp-json\/wp\/v2\/posts\/107131","targetHints":{"allow":["GET"]}}],"collection":[{"href":"https:\/\/www.tuasaude.com\/news\/wp-json\/wp\/v2\/posts"}],"about":[{"href":"https:\/\/www.tuasaude.com\/news\/wp-json\/wp\/v2\/types\/post"}],"author":[{"embeddable":true,"href":"https:\/\/www.tuasaude.com\/news\/wp-json\/wp\/v2\/users\/11"}],"replies":[{"embeddable":true,"href":"https:\/\/www.tuasaude.com\/news\/wp-json\/wp\/v2\/comments?post=107131"}],"version-history":[{"count":1,"href":"https:\/\/www.tuasaude.com\/news\/wp-json\/wp\/v2\/posts\/107131\/revisions"}],"predecessor-version":[{"id":107191,"href":"https:\/\/www.tuasaude.com\/news\/wp-json\/wp\/v2\/posts\/107131\/revisions\/107191"}],"wp:featuredmedia":[{"embeddable":true,"href":"https:\/\/www.tuasaude.com\/news\/wp-json\/wp\/v2\/media\/107188"}],"wp:attachment":[{"href":"https:\/\/www.tuasaude.com\/news\/wp-json\/wp\/v2\/media?parent=107131"}],"wp:term":[{"taxonomy":"category","embeddable":true,"href":"https:\/\/www.tuasaude.com\/news\/wp-json\/wp\/v2\/categories?post=107131"},{"taxonomy":"post_tag","embeddable":true,"href":"https:\/\/www.tuasaude.com\/news\/wp-json\/wp\/v2\/tags?post=107131"}],"curies":[{"name":"wp","href":"https:\/\/api.w.org\/{rel}","templated":true}]}}