{"id":107085,"date":"2026-09-03T11:15:00","date_gmt":"2026-09-03T14:15:00","guid":{"rendered":"https:\/\/www.tuasaude.com\/news\/?p=107085"},"modified":"2026-09-02T14:58:32","modified_gmt":"2026-09-02T17:58:32","slug":"dor-na-virilha-ao-se-abaixar-para-calcar-meias-o-quadril-pode-ser-a-origem","status":"publish","type":"post","link":"https:\/\/www.tuasaude.com\/news\/2026\/09\/03\/dor-na-virilha-ao-se-abaixar-para-calcar-meias-o-quadril-pode-ser-a-origem\/","title":{"rendered":"Dor na virilha ao se abaixar para cal\u00e7ar meias: o quadril pode ser a origem"},"content":{"rendered":"\n<p class=\"wp-block-paragraph\">Sentir <strong>dor na virilha<\/strong> ao se abaixar para colocar meias ou cal\u00e7ar sapatos pode indicar que o inc\u00f4modo vem da pr\u00f3pria articula\u00e7\u00e3o do quadril, especialmente quando tamb\u00e9m existe rigidez ou dificuldade para movimentar a perna. Embora m\u00fasculos e tend\u00f5es possam causar sintomas semelhantes, a localiza\u00e7\u00e3o da dor e as atividades que a provocam ajudam a orientar a investiga\u00e7\u00e3o.<\/p>\n\n\n\n<h2 class=\"wp-block-heading\">Por que o quadril pode doer na virilha<\/h2>\n\n\n\n<p class=\"wp-block-paragraph\">O quadril \u00e9 uma articula\u00e7\u00e3o profunda, por isso um problema nessa regi\u00e3o nem sempre provoca dor na lateral do corpo. Altera\u00e7\u00f5es articulares podem ser percebidas como <strong>dor na virilha<\/strong>, principalmente durante movimentos que exigem dobrar ou girar o quadril.<\/p>\n\n\n\n<p class=\"wp-block-paragraph\">Segundo a <a href=\"https:\/\/www.mayoclinic.org\/symptoms\/hip-pain\/basics\/causes\/sym-20050684\" target=\"_blank\" rel=\"noopener noreferrer\">Mayo Clinic<\/a>, a dor sentida na parte interna do quadril ou na virilha costuma sugerir um problema dentro da pr\u00f3pria articula\u00e7\u00e3o. Artrose, les\u00f5es e outras condi\u00e7\u00f5es podem estar entre as poss\u00edveis causas.<\/p>\n\n\n\n<h2 class=\"wp-block-heading\">Quais sinais sugerem origem no quadril<\/h2>\n\n\n<div class=\"wp-block-image wp-block-image size-large\">\n<figure class=\"aligncenter\"><img decoding=\"async\" width=\"1280\" height=\"714\" src=\"https:\/\/www.tuasaude.com\/news\/wp-content\/uploads\/2026\/09\/107085_dor-na-virilha-ao-se-abaixar-para-calcar-meias-o-quadril-pod_corpo.jpg\" alt=\"Problemas na articula\u00e7\u00e3o do quadril podem provocar dor percebida na regi\u00e3o da virilha.\" class=\"wp-image-107087\" srcset=\"https:\/\/www.tuasaude.com\/news\/wp-content\/uploads\/2026\/09\/107085_dor-na-virilha-ao-se-abaixar-para-calcar-meias-o-quadril-pod_corpo.jpg 1280w, https:\/\/www.tuasaude.com\/news\/wp-content\/uploads\/2026\/09\/107085_dor-na-virilha-ao-se-abaixar-para-calcar-meias-o-quadril-pod_corpo-300x167.jpg 300w, https:\/\/www.tuasaude.com\/news\/wp-content\/uploads\/2026\/09\/107085_dor-na-virilha-ao-se-abaixar-para-calcar-meias-o-quadril-pod_corpo-1024x571.jpg 1024w, https:\/\/www.tuasaude.com\/news\/wp-content\/uploads\/2026\/09\/107085_dor-na-virilha-ao-se-abaixar-para-calcar-meias-o-quadril-pod_corpo-768x428.jpg 768w, https:\/\/www.tuasaude.com\/news\/wp-content\/uploads\/2026\/09\/107085_dor-na-virilha-ao-se-abaixar-para-calcar-meias-o-quadril-pod_corpo-750x418.jpg 750w, https:\/\/www.tuasaude.com\/news\/wp-content\/uploads\/2026\/09\/107085_dor-na-virilha-ao-se-abaixar-para-calcar-meias-o-quadril-pod_corpo-1140x636.jpg 1140w\" sizes=\"(max-width: 1280px) 100vw, 1280px\" \/><figcaption class=\"wp-element-caption\">Problemas na articula\u00e7\u00e3o do quadril podem provocar dor percebida na regi\u00e3o da virilha.<\/figcaption><\/figure>\n<\/div>\n\n\n<p class=\"wp-block-paragraph\">Quando a dor vem acompanhada de perda de mobilidade, algumas tarefas simples podem ficar progressivamente mais dif\u00edceis. Vale observar se o desconforto aparece em situa\u00e7\u00f5es como:<\/p>\n\n\n\n<ul class=\"wp-block-list\">\n<li>abaixar-se para colocar <strong>meias ou sapatos<\/strong>;<\/li>\n<li>cruzar as pernas ou girar o quadril;<\/li>\n<li>entrar e sair do carro;<\/li>\n<li>levantar de uma cadeira baixa;<\/li>\n<li>caminhar ou subir escadas;<\/li>\n<li>movimentar a perna ap\u00f3s um per\u00edodo de repouso.<\/li>\n<\/ul>\n\n\n\n<p class=\"wp-block-paragraph\">Esses sinais n\u00e3o confirmam uma doen\u00e7a espec\u00edfica. Dor muscular, tendinite, bursite e problemas na coluna tamb\u00e9m podem causar desconforto pr\u00f3ximo ao quadril ou \u00e0 virilha.<\/p>\n\n\n\n<h2 class=\"wp-block-heading\">O que um estudo mostra sobre esse padr\u00e3o<\/h2>\n\n\n\n<p class=\"wp-block-paragraph\">Segundo o estudo <a href=\"https:\/\/pubmed.ncbi.nlm.nih.gov\/30708114\/\" target=\"_blank\" rel=\"noopener noreferrer\"><em>Comparison of the history and physical examination for hip osteoarthritis and lumbar spinal stenosis<\/em><\/a>, publicado no <em>The Spine Journal<\/em>, pesquisadores compararam sintomas de pessoas com osteoartrite do quadril e estenose lombar.<\/p>\n\n\n\n<p class=\"wp-block-paragraph\">O <strong>estudo comparativo<\/strong> mostrou que dor na virilha, dor ao vestir a perna afetada e dificuldade para alcan\u00e7ar o p\u00e9 durante essa tarefa favoreceram o diagn\u00f3stico de osteoartrite do quadril em rela\u00e7\u00e3o \u00e0 estenose lombar. Isso refor\u00e7a a import\u00e2ncia de relatar ao m\u00e9dico exatamente quais movimentos provocam a dor.<\/p>\n\n\n\n<h2 class=\"wp-block-heading\">O que pode ajudar a diminuir o desconforto<\/h2>\n\n\n\n<p class=\"wp-block-paragraph\">Quando n\u00e3o h\u00e1 les\u00e3o aguda, manter algum movimento dentro do limite toler\u00e1vel pode ser melhor do que deixar a articula\u00e7\u00e3o completamente parada. As medidas devem ser adaptadas \u00e0 causa da dor.<\/p>\n\n\n\n<ul class=\"wp-block-list\">\n<li>Prefira <strong>atividades de baixo impacto<\/strong> quando forem confort\u00e1veis;<\/li>\n<li>evite temporariamente movimentos que provoquem dor intensa;<\/li>\n<li>sente-se para colocar meias e sapatos se isso facilitar;<\/li>\n<li>n\u00e3o force alongamentos em uma articula\u00e7\u00e3o dolorida;<\/li>\n<li>fa\u00e7a fisioterapia e exerc\u00edcios espec\u00edficos quando orientados.<\/li>\n<\/ul>\n\n\n\n<p class=\"wp-block-paragraph\">Para conhecer outras poss\u00edveis causas, veja tamb\u00e9m o conte\u00fado sobre <a href=\"https:\/\/www.tuasaude.com\/dor-no-quadril\/\" target=\"_blank\" rel=\"noopener noreferrer\">dor no quadril<\/a>.<\/p>\n\n\n<div class=\"wp-block-image wp-block-image size-large\">\n<figure class=\"aligncenter\"><img decoding=\"async\" width=\"1280\" height=\"575\" src=\"https:\/\/www.tuasaude.com\/news\/wp-content\/uploads\/2026\/09\/107085_dor-na-virilha-ao-se-abaixar-para-calcar-meias-o-quadril-pod_tabela.jpg\" alt=\"Dor na virilha ao cal\u00e7ar meias: sinais de que o problema pode vir do quadril\" class=\"wp-image-107088\" srcset=\"https:\/\/www.tuasaude.com\/news\/wp-content\/uploads\/2026\/09\/107085_dor-na-virilha-ao-se-abaixar-para-calcar-meias-o-quadril-pod_tabela.jpg 1280w, https:\/\/www.tuasaude.com\/news\/wp-content\/uploads\/2026\/09\/107085_dor-na-virilha-ao-se-abaixar-para-calcar-meias-o-quadril-pod_tabela-300x135.jpg 300w, https:\/\/www.tuasaude.com\/news\/wp-content\/uploads\/2026\/09\/107085_dor-na-virilha-ao-se-abaixar-para-calcar-meias-o-quadril-pod_tabela-1024x460.jpg 1024w, https:\/\/www.tuasaude.com\/news\/wp-content\/uploads\/2026\/09\/107085_dor-na-virilha-ao-se-abaixar-para-calcar-meias-o-quadril-pod_tabela-768x345.jpg 768w, https:\/\/www.tuasaude.com\/news\/wp-content\/uploads\/2026\/09\/107085_dor-na-virilha-ao-se-abaixar-para-calcar-meias-o-quadril-pod_tabela-750x337.jpg 750w, https:\/\/www.tuasaude.com\/news\/wp-content\/uploads\/2026\/09\/107085_dor-na-virilha-ao-se-abaixar-para-calcar-meias-o-quadril-pod_tabela-1140x512.jpg 1140w\" sizes=\"(max-width: 1280px) 100vw, 1280px\" \/><figcaption class=\"wp-element-caption\">Dor na virilha ao cal\u00e7ar meias: sinais de que o problema pode vir do quadril<\/figcaption><\/figure>\n<\/div>\n\n\n<h2 class=\"wp-block-heading\">Quando a dor na virilha precisa de avalia\u00e7\u00e3o<\/h2>\n\n\n\n<p class=\"wp-block-paragraph\">Procure um m\u00e9dico se a <strong>dor na virilha persistir, piorar ou come\u00e7ar a limitar caminhada, escadas, sono ou tarefas como vestir-se<\/strong>. Rigidez progressiva, redu\u00e7\u00e3o importante dos movimentos ou o h\u00e1bito de mancar tamb\u00e9m justificam avalia\u00e7\u00e3o.<\/p>\n\n\n\n<p class=\"wp-block-paragraph\">O atendimento deve ser mais r\u00e1pido se a dor come\u00e7ar ap\u00f3s queda ou trauma, houver incapacidade de apoiar a perna, deformidade, febre ou dor s\u00fabita muito intensa.<\/p>\n\n\n\n<p class=\"wp-block-paragraph\"><strong>Este conte\u00fado \u00e9 apenas informativo e n\u00e3o substitui a avalia\u00e7\u00e3o, o diagn\u00f3stico ou o tratamento orientado por um m\u00e9dico.<\/strong><\/p>\n","protected":false},"excerpt":{"rendered":"<p>Sentir dor na virilha ao se abaixar para colocar meias ou cal\u00e7ar sapatos pode indicar que o inc\u00f4modo vem da pr\u00f3pria articula\u00e7\u00e3o do quadril, especialmente quando tamb\u00e9m existe rigidez ou dificuldade para movimentar a perna. Embora m\u00fasculos e tend\u00f5es possam causar sintomas semelhantes, a localiza\u00e7\u00e3o da dor e as atividades que a provocam ajudam a [&hellip;]<\/p>\n","protected":false},"author":12,"featured_media":107086,"comment_status":"open","ping_status":"open","sticky":false,"template":"","format":"standard","meta":{"_yoast_wpseo_focuskw":"dor na virilha","_yoast_wpseo_title":"","_yoast_wpseo_metadesc":"Dor na virilha ao se abaixar pode ter origem no quadril. Veja sinais associados, cuidados para aliviar e quando procurar avalia\u00e7\u00e3o m\u00e9dica adequada.","jnews-multi-image_gallery":[],"jnews_single_post":[],"jnews_primary_category":[],"jnews_social_meta":[],"jnews_override_counter":[],"footnotes":""},"categories":[111],"tags":[2377,11317,11268],"class_list":["post-107085","post","type-post","status-publish","format-standard","has-post-thumbnail","hentry","category-saude","tag-dor-no-quadril","tag-osteoartrite-do-quadril","tag-rigidez-no-quadril"],"yoast_head":"<!-- This site is optimized with the Yoast SEO plugin v26.7 - https:\/\/yoast.com\/wordpress\/plugins\/seo\/ -->\n<title>Dor na virilha ao se abaixar para cal\u00e7ar meias: o quadril pode ser a origem - Tua Sa\u00fade<\/title>\n<meta name=\"description\" content=\"Dor na virilha ao se abaixar pode ter origem no quadril. Veja sinais associados, cuidados para aliviar e quando procurar avalia\u00e7\u00e3o m\u00e9dica adequada.\" \/>\n<meta name=\"robots\" content=\"index, follow, max-snippet:-1, max-image-preview:large, max-video-preview:-1\" \/>\n<link rel=\"canonical\" href=\"https:\/\/www.tuasaude.com\/news\/2026\/09\/03\/dor-na-virilha-ao-se-abaixar-para-calcar-meias-o-quadril-pode-ser-a-origem\/\" \/>\n<meta property=\"og:locale\" content=\"pt_BR\" \/>\n<meta property=\"og:type\" content=\"article\" \/>\n<meta property=\"og:title\" content=\"Dor na virilha ao se abaixar para cal\u00e7ar meias: o quadril pode ser a origem - Tua Sa\u00fade\" \/>\n<meta property=\"og:description\" content=\"Dor na virilha ao se abaixar pode ter origem no quadril. Veja sinais associados, cuidados para aliviar e quando procurar avalia\u00e7\u00e3o m\u00e9dica adequada.\" \/>\n<meta property=\"og:url\" content=\"https:\/\/www.tuasaude.com\/news\/2026\/09\/03\/dor-na-virilha-ao-se-abaixar-para-calcar-meias-o-quadril-pode-ser-a-origem\/\" \/>\n<meta property=\"og:site_name\" content=\"Tua Sa\u00fade\" \/>\n<meta property=\"article:published_time\" content=\"2026-09-03T14:15:00+00:00\" \/>\n<meta property=\"og:image\" content=\"https:\/\/www.tuasaude.com\/news\/wp-content\/uploads\/2026\/09\/107085_dor-na-virilha-ao-se-abaixar-para-calcar-meias-o-quadril-pod_destaque.jpg\" \/>\n\t<meta property=\"og:image:width\" content=\"1280\" \/>\n\t<meta property=\"og:image:height\" content=\"714\" \/>\n\t<meta property=\"og:image:type\" content=\"image\/jpeg\" \/>\n<meta name=\"author\" content=\"Jeferson Henrique\" \/>\n<meta name=\"twitter:card\" content=\"summary_large_image\" \/>\n<meta name=\"twitter:label1\" content=\"Escrito por\" \/>\n\t<meta name=\"twitter:data1\" content=\"Jeferson Henrique\" \/>\n\t<meta name=\"twitter:label2\" content=\"Est. tempo de leitura\" \/>\n\t<meta name=\"twitter:data2\" content=\"3 minutos\" \/>\n<!-- \/ Yoast SEO plugin. -->","yoast_head_json":{"title":"Dor na virilha ao se abaixar para cal\u00e7ar meias: o quadril pode ser a origem - Tua Sa\u00fade","description":"Dor na virilha ao se abaixar pode ter origem no quadril. Veja sinais associados, cuidados para aliviar e quando procurar avalia\u00e7\u00e3o m\u00e9dica adequada.","robots":{"index":"index","follow":"follow","max-snippet":"max-snippet:-1","max-image-preview":"max-image-preview:large","max-video-preview":"max-video-preview:-1"},"canonical":"https:\/\/www.tuasaude.com\/news\/2026\/09\/03\/dor-na-virilha-ao-se-abaixar-para-calcar-meias-o-quadril-pode-ser-a-origem\/","og_locale":"pt_BR","og_type":"article","og_title":"Dor na virilha ao se abaixar para cal\u00e7ar meias: o quadril pode ser a origem - Tua Sa\u00fade","og_description":"Dor na virilha ao se abaixar pode ter origem no quadril. Veja sinais associados, cuidados para aliviar e quando procurar avalia\u00e7\u00e3o m\u00e9dica adequada.","og_url":"https:\/\/www.tuasaude.com\/news\/2026\/09\/03\/dor-na-virilha-ao-se-abaixar-para-calcar-meias-o-quadril-pode-ser-a-origem\/","og_site_name":"Tua Sa\u00fade","article_published_time":"2026-09-03T14:15:00+00:00","og_image":[{"width":1280,"height":714,"url":"https:\/\/www.tuasaude.com\/news\/wp-content\/uploads\/2026\/09\/107085_dor-na-virilha-ao-se-abaixar-para-calcar-meias-o-quadril-pod_destaque.jpg","type":"image\/jpeg"}],"author":"Jeferson Henrique","twitter_card":"summary_large_image","twitter_misc":{"Escrito por":"Jeferson Henrique","Est. tempo de leitura":"3 minutos"},"schema":{"@context":"https:\/\/schema.org","@graph":[{"@type":"Article","@id":"https:\/\/www.tuasaude.com\/news\/2026\/09\/03\/dor-na-virilha-ao-se-abaixar-para-calcar-meias-o-quadril-pode-ser-a-origem\/#article","isPartOf":{"@id":"https:\/\/www.tuasaude.com\/news\/2026\/09\/03\/dor-na-virilha-ao-se-abaixar-para-calcar-meias-o-quadril-pode-ser-a-origem\/"},"author":{"name":"Jeferson Henrique","@id":"https:\/\/www.tuasaude.com\/news\/#\/schema\/person\/963d63d4e1f0c81f5f3a70ba4bcb0ef7"},"headline":"Dor na virilha ao se abaixar para cal\u00e7ar meias: o quadril pode ser a origem","datePublished":"2026-09-03T14:15:00+00:00","mainEntityOfPage":{"@id":"https:\/\/www.tuasaude.com\/news\/2026\/09\/03\/dor-na-virilha-ao-se-abaixar-para-calcar-meias-o-quadril-pode-ser-a-origem\/"},"wordCount":605,"commentCount":0,"image":{"@id":"https:\/\/www.tuasaude.com\/news\/2026\/09\/03\/dor-na-virilha-ao-se-abaixar-para-calcar-meias-o-quadril-pode-ser-a-origem\/#primaryimage"},"thumbnailUrl":"https:\/\/www.tuasaude.com\/news\/wp-content\/uploads\/2026\/09\/107085_dor-na-virilha-ao-se-abaixar-para-calcar-meias-o-quadril-pod_destaque.jpg","keywords":["dor no quadril","osteoartrite do quadril","rigidez no quadril"],"articleSection":["Sa\u00fade"],"inLanguage":"pt-BR","potentialAction":[{"@type":"CommentAction","name":"Comment","target":["https:\/\/www.tuasaude.com\/news\/2026\/09\/03\/dor-na-virilha-ao-se-abaixar-para-calcar-meias-o-quadril-pode-ser-a-origem\/#respond"]}]},{"@type":"WebPage","@id":"https:\/\/www.tuasaude.com\/news\/2026\/09\/03\/dor-na-virilha-ao-se-abaixar-para-calcar-meias-o-quadril-pode-ser-a-origem\/","url":"https:\/\/www.tuasaude.com\/news\/2026\/09\/03\/dor-na-virilha-ao-se-abaixar-para-calcar-meias-o-quadril-pode-ser-a-origem\/","name":"Dor na virilha ao se abaixar para cal\u00e7ar meias: o quadril pode ser a origem - Tua Sa\u00fade","isPartOf":{"@id":"https:\/\/www.tuasaude.com\/news\/#website"},"primaryImageOfPage":{"@id":"https:\/\/www.tuasaude.com\/news\/2026\/09\/03\/dor-na-virilha-ao-se-abaixar-para-calcar-meias-o-quadril-pode-ser-a-origem\/#primaryimage"},"image":{"@id":"https:\/\/www.tuasaude.com\/news\/2026\/09\/03\/dor-na-virilha-ao-se-abaixar-para-calcar-meias-o-quadril-pode-ser-a-origem\/#primaryimage"},"thumbnailUrl":"https:\/\/www.tuasaude.com\/news\/wp-content\/uploads\/2026\/09\/107085_dor-na-virilha-ao-se-abaixar-para-calcar-meias-o-quadril-pod_destaque.jpg","datePublished":"2026-09-03T14:15:00+00:00","author":{"@id":"https:\/\/www.tuasaude.com\/news\/#\/schema\/person\/963d63d4e1f0c81f5f3a70ba4bcb0ef7"},"description":"Dor na virilha ao se abaixar pode ter origem no quadril. Veja sinais associados, cuidados para aliviar e quando procurar avalia\u00e7\u00e3o m\u00e9dica adequada.","breadcrumb":{"@id":"https:\/\/www.tuasaude.com\/news\/2026\/09\/03\/dor-na-virilha-ao-se-abaixar-para-calcar-meias-o-quadril-pode-ser-a-origem\/#breadcrumb"},"inLanguage":"pt-BR","potentialAction":[{"@type":"ReadAction","target":["https:\/\/www.tuasaude.com\/news\/2026\/09\/03\/dor-na-virilha-ao-se-abaixar-para-calcar-meias-o-quadril-pode-ser-a-origem\/"]}]},{"@type":"ImageObject","inLanguage":"pt-BR","@id":"https:\/\/www.tuasaude.com\/news\/2026\/09\/03\/dor-na-virilha-ao-se-abaixar-para-calcar-meias-o-quadril-pode-ser-a-origem\/#primaryimage","url":"https:\/\/www.tuasaude.com\/news\/wp-content\/uploads\/2026\/09\/107085_dor-na-virilha-ao-se-abaixar-para-calcar-meias-o-quadril-pod_destaque.jpg","contentUrl":"https:\/\/www.tuasaude.com\/news\/wp-content\/uploads\/2026\/09\/107085_dor-na-virilha-ao-se-abaixar-para-calcar-meias-o-quadril-pod_destaque.jpg","width":1280,"height":714,"caption":"Dor na virilha ao cal\u00e7ar meias pode estar relacionada a altera\u00e7\u00f5es na articula\u00e7\u00e3o do quadril."},{"@type":"BreadcrumbList","@id":"https:\/\/www.tuasaude.com\/news\/2026\/09\/03\/dor-na-virilha-ao-se-abaixar-para-calcar-meias-o-quadril-pode-ser-a-origem\/#breadcrumb","itemListElement":[{"@type":"ListItem","position":1,"name":"In\u00edcio","item":"https:\/\/www.tuasaude.com\/news\/"},{"@type":"ListItem","position":2,"name":"Dor na virilha ao se abaixar para cal\u00e7ar meias: o quadril pode ser a origem"}]},{"@type":"WebSite","@id":"https:\/\/www.tuasaude.com\/news\/#website","url":"https:\/\/www.tuasaude.com\/news\/","name":"Tua Sa\u00fade","description":"Seu site de sa\u00fade","potentialAction":[{"@type":"SearchAction","target":{"@type":"EntryPoint","urlTemplate":"https:\/\/www.tuasaude.com\/news\/?s={search_term_string}"},"query-input":{"@type":"PropertyValueSpecification","valueRequired":true,"valueName":"search_term_string"}}],"inLanguage":"pt-BR"},{"@type":"Person","@id":"https:\/\/www.tuasaude.com\/news\/#\/schema\/person\/963d63d4e1f0c81f5f3a70ba4bcb0ef7","name":"Jeferson Henrique","image":{"@type":"ImageObject","inLanguage":"pt-BR","@id":"https:\/\/www.tuasaude.com\/news\/#\/schema\/person\/image\/","url":"https:\/\/secure.gravatar.com\/avatar\/1a476a54a48eb3cdea5dd2f016708263892c6b9f5e54b641df7c65e980fd6f69?s=96&d=mm&r=g","contentUrl":"https:\/\/secure.gravatar.com\/avatar\/1a476a54a48eb3cdea5dd2f016708263892c6b9f5e54b641df7c65e980fd6f69?s=96&d=mm&r=g","caption":"Jeferson Henrique"},"sameAs":["https:\/\/www.tuasaude.com\/news\/"],"url":"https:\/\/www.tuasaude.com\/news\/author\/jeferson-henrique\/"}]}},"_links":{"self":[{"href":"https:\/\/www.tuasaude.com\/news\/wp-json\/wp\/v2\/posts\/107085","targetHints":{"allow":["GET"]}}],"collection":[{"href":"https:\/\/www.tuasaude.com\/news\/wp-json\/wp\/v2\/posts"}],"about":[{"href":"https:\/\/www.tuasaude.com\/news\/wp-json\/wp\/v2\/types\/post"}],"author":[{"embeddable":true,"href":"https:\/\/www.tuasaude.com\/news\/wp-json\/wp\/v2\/users\/12"}],"replies":[{"embeddable":true,"href":"https:\/\/www.tuasaude.com\/news\/wp-json\/wp\/v2\/comments?post=107085"}],"version-history":[{"count":1,"href":"https:\/\/www.tuasaude.com\/news\/wp-json\/wp\/v2\/posts\/107085\/revisions"}],"predecessor-version":[{"id":107089,"href":"https:\/\/www.tuasaude.com\/news\/wp-json\/wp\/v2\/posts\/107085\/revisions\/107089"}],"wp:featuredmedia":[{"embeddable":true,"href":"https:\/\/www.tuasaude.com\/news\/wp-json\/wp\/v2\/media\/107086"}],"wp:attachment":[{"href":"https:\/\/www.tuasaude.com\/news\/wp-json\/wp\/v2\/media?parent=107085"}],"wp:term":[{"taxonomy":"category","embeddable":true,"href":"https:\/\/www.tuasaude.com\/news\/wp-json\/wp\/v2\/categories?post=107085"},{"taxonomy":"post_tag","embeddable":true,"href":"https:\/\/www.tuasaude.com\/news\/wp-json\/wp\/v2\/tags?post=107085"}],"curies":[{"name":"wp","href":"https:\/\/api.w.org\/{rel}","templated":true}]}}