{"id":107074,"date":"2026-09-03T10:48:00","date_gmt":"2026-09-03T13:48:00","guid":{"rendered":"https:\/\/www.tuasaude.com\/news\/?p=107074"},"modified":"2026-09-02T14:55:24","modified_gmt":"2026-09-02T17:55:24","slug":"dedos-ficam-brancos-no-frio-e-vermelhos-depois-a-circulacao-pode-explicar-essa-mudanca","status":"publish","type":"post","link":"https:\/\/www.tuasaude.com\/news\/2026\/09\/03\/dedos-ficam-brancos-no-frio-e-vermelhos-depois-a-circulacao-pode-explicar-essa-mudanca\/","title":{"rendered":"Dedos ficam brancos no frio e vermelhos depois: a circula\u00e7\u00e3o pode explicar essa mudan\u00e7a"},"content":{"rendered":"\n<p class=\"wp-block-paragraph\">Perceber os <strong>dedos brancos<\/strong> no frio e, depois, avermelhados quando come\u00e7am a esquentar pode indicar uma rea\u00e7\u00e3o tempor\u00e1ria da circula\u00e7\u00e3o conhecida como fen\u00f4meno de Raynaud. Nessa condi\u00e7\u00e3o, pequenos vasos sangu\u00edneos se contraem de forma exagerada diante do frio ou do estresse, diminuindo por alguns minutos a chegada de sangue \u00e0s extremidades.<\/p>\n\n\n\n<h2 class=\"wp-block-heading\">Por que os dedos ficam brancos e depois vermelhos<\/h2>\n\n\n\n<p class=\"wp-block-paragraph\">Durante uma crise, a contra\u00e7\u00e3o dos vasos reduz o fluxo de sangue para os dedos, deixando a pele <strong>branca ou mais p\u00e1lida<\/strong>. Algumas pessoas tamb\u00e9m apresentam uma fase azulada ou arroxeada.<\/p>\n\n\n\n<p class=\"wp-block-paragraph\">Quando os vasos relaxam e o sangue volta a circular, os dedos podem ficar <strong>vermelhos, quentes, doloridos ou formigando<\/strong>. Segundo o <a href=\"https:\/\/www.nhs.uk\/conditions\/raynauds\/\" target=\"_blank\" rel=\"noopener noreferrer\">NHS<\/a>, as crises de Raynaud podem durar de alguns minutos a algumas horas.<\/p>\n\n\n\n<h2 class=\"wp-block-heading\">Quais sinais podem acompanhar a mudan\u00e7a de cor<\/h2>\n\n\n<div class=\"wp-block-image wp-block-image size-large\">\n<figure class=\"aligncenter\"><img decoding=\"async\" width=\"1280\" height=\"714\" src=\"https:\/\/www.tuasaude.com\/news\/wp-content\/uploads\/2026\/09\/107074_dedos-ficam-brancos-no-frio-e-vermelhos-depois-a-circulacao-_corpo.jpg\" alt=\"No fen\u00f4meno de Raynaud, a circula\u00e7\u00e3o nos dedos diminui temporariamente e retorna durante o aquecimento.\" class=\"wp-image-107078\" srcset=\"https:\/\/www.tuasaude.com\/news\/wp-content\/uploads\/2026\/09\/107074_dedos-ficam-brancos-no-frio-e-vermelhos-depois-a-circulacao-_corpo.jpg 1280w, https:\/\/www.tuasaude.com\/news\/wp-content\/uploads\/2026\/09\/107074_dedos-ficam-brancos-no-frio-e-vermelhos-depois-a-circulacao-_corpo-300x167.jpg 300w, https:\/\/www.tuasaude.com\/news\/wp-content\/uploads\/2026\/09\/107074_dedos-ficam-brancos-no-frio-e-vermelhos-depois-a-circulacao-_corpo-1024x571.jpg 1024w, https:\/\/www.tuasaude.com\/news\/wp-content\/uploads\/2026\/09\/107074_dedos-ficam-brancos-no-frio-e-vermelhos-depois-a-circulacao-_corpo-768x428.jpg 768w, https:\/\/www.tuasaude.com\/news\/wp-content\/uploads\/2026\/09\/107074_dedos-ficam-brancos-no-frio-e-vermelhos-depois-a-circulacao-_corpo-750x418.jpg 750w, https:\/\/www.tuasaude.com\/news\/wp-content\/uploads\/2026\/09\/107074_dedos-ficam-brancos-no-frio-e-vermelhos-depois-a-circulacao-_corpo-1140x636.jpg 1140w\" sizes=\"(max-width: 1280px) 100vw, 1280px\" \/><figcaption class=\"wp-element-caption\">No fen\u00f4meno de Raynaud, a circula\u00e7\u00e3o nos dedos diminui temporariamente e retorna durante o aquecimento.<\/figcaption><\/figure>\n<\/div>\n\n\n<p class=\"wp-block-paragraph\">Nem todas as pessoas apresentam a mesma sequ\u00eancia de cores. O padr\u00e3o costuma chamar mais aten\u00e7\u00e3o quando se repete ap\u00f3s contato com ambientes frios, \u00e1gua gelada ou situa\u00e7\u00f5es de tens\u00e3o emocional.<\/p>\n\n\n\n<ul class=\"wp-block-list\">\n<li><strong>Dedos brancos<\/strong> ou muito p\u00e1lidos;<\/li>\n<li>pele azulada ou arroxeada em alguns epis\u00f3dios;<\/li>\n<li>dorm\u00eancia ou sensa\u00e7\u00e3o de perda de sensibilidade;<\/li>\n<li>formigamento ou sensa\u00e7\u00e3o de agulhadas;<\/li>\n<li>vermelhid\u00e3o e desconforto durante o aquecimento.<\/li>\n<\/ul>\n\n\n\n<p class=\"wp-block-paragraph\">Ter m\u00e3os frias isoladamente n\u00e3o confirma Raynaud. Outras situa\u00e7\u00f5es tamb\u00e9m podem alterar a temperatura das extremidades, como explicado no conte\u00fado sobre <a href=\"https:\/\/www.tuasaude.com\/pes-e-maos-gelados\/\" target=\"_blank\" rel=\"noopener noreferrer\">p\u00e9s e m\u00e3os gelados<\/a>.<\/p>\n\n\n\n<h2 class=\"wp-block-heading\">O que um estudo mostra sobre o fen\u00f4meno de Raynaud<\/h2>\n\n\n\n<p class=\"wp-block-paragraph\">Segundo a revis\u00e3o cient\u00edfica <a href=\"https:\/\/pubmed.ncbi.nlm.nih.gov\/39040029\/\" target=\"_blank\" rel=\"noopener noreferrer\"><em>Raynaud&#8217;s Phenomenon: A Current Update on Pathogenesis, Diagnostic Workup, and Treatment<\/em><\/a>, publicada na <em>Vascular Specialist International<\/em> em 2024, o fen\u00f4meno de Raynaud envolve uma <strong>vasoconstri\u00e7\u00e3o excessiva e epis\u00f3dica<\/strong> dos vasos dos dedos, geralmente desencadeada por frio ou estresse.<\/p>\n\n\n\n<p class=\"wp-block-paragraph\">A <strong>revis\u00e3o<\/strong> explica que a palidez ocorre pela redu\u00e7\u00e3o do fluxo sangu\u00edneo e que a vermelhid\u00e3o aparece quando h\u00e1 reperfus\u00e3o, ou seja, quando o sangue volta \u00e0 regi\u00e3o. O Raynaud pode ser prim\u00e1rio ou estar associado a outra condi\u00e7\u00e3o de sa\u00fade.<\/p>\n\n\n\n<h2 class=\"wp-block-heading\">Como reduzir as crises provocadas pelo frio<\/h2>\n\n\n\n<p class=\"wp-block-paragraph\">Proteger n\u00e3o apenas as m\u00e3os, mas o corpo inteiro do frio pode ajudar a diminuir a frequ\u00eancia das crises. Mudan\u00e7as bruscas de temperatura tamb\u00e9m s\u00e3o gatilhos comuns.<\/p>\n\n\n\n<ul class=\"wp-block-list\">\n<li>Use luvas e roupas adequadas em ambientes frios;<\/li>\n<li>mantenha a casa aquecida quando poss\u00edvel;<\/li>\n<li>evite passar rapidamente de ambientes quentes para muito frios;<\/li>\n<li>proteja as m\u00e3os ao pegar objetos congelados;<\/li>\n<li>evite fumar e observe se o excesso de cafe\u00edna piora os sintomas.<\/li>\n<\/ul>\n\n\n\n<p class=\"wp-block-paragraph\">Quando uma crise come\u00e7ar, aquecer as m\u00e3os gradualmente pode ajudar. Evite fontes de calor muito intensas diretamente sobre a pele, especialmente se houver dorm\u00eancia.<\/p>\n\n\n<div class=\"wp-block-image wp-block-image size-large\">\n<figure class=\"aligncenter\"><img decoding=\"async\" width=\"1280\" height=\"575\" src=\"https:\/\/www.tuasaude.com\/news\/wp-content\/uploads\/2026\/09\/107074_dedos-ficam-brancos-no-frio-e-vermelhos-depois-a-circulacao-_tabela.jpg\" alt=\"Dedos brancos no frio e vermelhos depois: sinais de Raynaud e quando procurar avalia\u00e7\u00e3o\" class=\"wp-image-107079\" srcset=\"https:\/\/www.tuasaude.com\/news\/wp-content\/uploads\/2026\/09\/107074_dedos-ficam-brancos-no-frio-e-vermelhos-depois-a-circulacao-_tabela.jpg 1280w, https:\/\/www.tuasaude.com\/news\/wp-content\/uploads\/2026\/09\/107074_dedos-ficam-brancos-no-frio-e-vermelhos-depois-a-circulacao-_tabela-300x135.jpg 300w, https:\/\/www.tuasaude.com\/news\/wp-content\/uploads\/2026\/09\/107074_dedos-ficam-brancos-no-frio-e-vermelhos-depois-a-circulacao-_tabela-1024x460.jpg 1024w, https:\/\/www.tuasaude.com\/news\/wp-content\/uploads\/2026\/09\/107074_dedos-ficam-brancos-no-frio-e-vermelhos-depois-a-circulacao-_tabela-768x345.jpg 768w, https:\/\/www.tuasaude.com\/news\/wp-content\/uploads\/2026\/09\/107074_dedos-ficam-brancos-no-frio-e-vermelhos-depois-a-circulacao-_tabela-750x337.jpg 750w, https:\/\/www.tuasaude.com\/news\/wp-content\/uploads\/2026\/09\/107074_dedos-ficam-brancos-no-frio-e-vermelhos-depois-a-circulacao-_tabela-1140x512.jpg 1140w\" sizes=\"(max-width: 1280px) 100vw, 1280px\" \/><figcaption class=\"wp-element-caption\">Dedos brancos no frio e vermelhos depois: sinais de Raynaud e quando procurar avalia\u00e7\u00e3o<\/figcaption><\/figure>\n<\/div>\n\n\n<h2 class=\"wp-block-heading\">Quando os dedos brancos precisam de avalia\u00e7\u00e3o<\/h2>\n\n\n\n<p class=\"wp-block-paragraph\">Procure um m\u00e9dico se as crises estiverem <strong>muito dolorosas, ficando progressivamente piores, afetando apenas um lado do corpo ou interferindo na rotina<\/strong>. O surgimento do quadro pela primeira vez ap\u00f3s os 30 anos tamb\u00e9m merece investiga\u00e7\u00e3o.<\/p>\n\n\n\n<p class=\"wp-block-paragraph\">A avalia\u00e7\u00e3o \u00e9 especialmente importante se aparecerem <strong>feridas nas pontas dos dedos, altera\u00e7\u00f5es persistentes da pele, dor nas articula\u00e7\u00f5es, fraqueza muscular ou outros sintomas novos<\/strong>, pois algumas doen\u00e7as podem causar uma forma secund\u00e1ria do fen\u00f4meno de Raynaud.<\/p>\n\n\n\n<p class=\"wp-block-paragraph\"><strong>Este conte\u00fado \u00e9 apenas informativo e n\u00e3o substitui a avalia\u00e7\u00e3o, o diagn\u00f3stico ou o tratamento orientado por um m\u00e9dico.<\/strong><\/p>\n","protected":false},"excerpt":{"rendered":"<p>Perceber os dedos brancos no frio e, depois, avermelhados quando come\u00e7am a esquentar pode indicar uma rea\u00e7\u00e3o tempor\u00e1ria da circula\u00e7\u00e3o conhecida como fen\u00f4meno de Raynaud. Nessa condi\u00e7\u00e3o, pequenos vasos sangu\u00edneos se contraem de forma exagerada diante do frio ou do estresse, diminuindo por alguns minutos a chegada de sangue \u00e0s extremidades. Por que os dedos [&hellip;]<\/p>\n","protected":false},"author":12,"featured_media":107077,"comment_status":"open","ping_status":"open","sticky":false,"template":"","format":"standard","meta":{"_yoast_wpseo_focuskw":"fen\u00f4meno de Raynaud","_yoast_wpseo_title":"","_yoast_wpseo_metadesc":"Dedos brancos no frio podem indicar fen\u00f4meno de Raynaud. Entenda a mudan\u00e7a de cor, os gatilhos mais comuns, cuidados e quando procurar avalia\u00e7\u00e3o.","jnews-multi-image_gallery":[],"jnews_single_post":[],"jnews_primary_category":[],"jnews_social_meta":[],"jnews_override_counter":[],"footnotes":""},"categories":[111],"tags":[10277,9873,2926],"class_list":["post-107074","post","type-post","status-publish","format-standard","has-post-thumbnail","hentry","category-saude","tag-circulacao-nas-maos","tag-dedos-brancos","tag-vasoconstricao"],"yoast_head":"<!-- This site is optimized with the Yoast SEO plugin v26.7 - https:\/\/yoast.com\/wordpress\/plugins\/seo\/ -->\n<title>Dedos ficam brancos no frio e vermelhos depois: a circula\u00e7\u00e3o pode explicar essa mudan\u00e7a - Tua Sa\u00fade<\/title>\n<meta name=\"description\" content=\"Dedos brancos no frio podem indicar fen\u00f4meno de Raynaud. Entenda a mudan\u00e7a de cor, os gatilhos mais comuns, cuidados e quando procurar avalia\u00e7\u00e3o.\" \/>\n<meta name=\"robots\" content=\"index, follow, max-snippet:-1, max-image-preview:large, max-video-preview:-1\" \/>\n<link rel=\"canonical\" href=\"https:\/\/www.tuasaude.com\/news\/2026\/09\/03\/dedos-ficam-brancos-no-frio-e-vermelhos-depois-a-circulacao-pode-explicar-essa-mudanca\/\" \/>\n<meta property=\"og:locale\" content=\"pt_BR\" \/>\n<meta property=\"og:type\" content=\"article\" \/>\n<meta property=\"og:title\" content=\"Dedos ficam brancos no frio e vermelhos depois: a circula\u00e7\u00e3o pode explicar essa mudan\u00e7a - Tua Sa\u00fade\" \/>\n<meta property=\"og:description\" content=\"Dedos brancos no frio podem indicar fen\u00f4meno de Raynaud. Entenda a mudan\u00e7a de cor, os gatilhos mais comuns, cuidados e quando procurar avalia\u00e7\u00e3o.\" \/>\n<meta property=\"og:url\" content=\"https:\/\/www.tuasaude.com\/news\/2026\/09\/03\/dedos-ficam-brancos-no-frio-e-vermelhos-depois-a-circulacao-pode-explicar-essa-mudanca\/\" \/>\n<meta property=\"og:site_name\" content=\"Tua Sa\u00fade\" \/>\n<meta property=\"article:published_time\" content=\"2026-09-03T13:48:00+00:00\" \/>\n<meta property=\"og:image\" content=\"https:\/\/www.tuasaude.com\/news\/wp-content\/uploads\/2026\/09\/107074_dedos-ficam-brancos-no-frio-e-vermelhos-depois-a-circulacao-_destaque.jpg\" \/>\n\t<meta property=\"og:image:width\" content=\"1280\" \/>\n\t<meta property=\"og:image:height\" content=\"714\" \/>\n\t<meta property=\"og:image:type\" content=\"image\/jpeg\" \/>\n<meta name=\"author\" content=\"Jeferson Henrique\" \/>\n<meta name=\"twitter:card\" content=\"summary_large_image\" \/>\n<meta name=\"twitter:label1\" content=\"Escrito por\" \/>\n\t<meta name=\"twitter:data1\" content=\"Jeferson Henrique\" \/>\n\t<meta name=\"twitter:label2\" content=\"Est. tempo de leitura\" \/>\n\t<meta name=\"twitter:data2\" content=\"3 minutos\" \/>\n<!-- \/ Yoast SEO plugin. -->","yoast_head_json":{"title":"Dedos ficam brancos no frio e vermelhos depois: a circula\u00e7\u00e3o pode explicar essa mudan\u00e7a - Tua Sa\u00fade","description":"Dedos brancos no frio podem indicar fen\u00f4meno de Raynaud. Entenda a mudan\u00e7a de cor, os gatilhos mais comuns, cuidados e quando procurar avalia\u00e7\u00e3o.","robots":{"index":"index","follow":"follow","max-snippet":"max-snippet:-1","max-image-preview":"max-image-preview:large","max-video-preview":"max-video-preview:-1"},"canonical":"https:\/\/www.tuasaude.com\/news\/2026\/09\/03\/dedos-ficam-brancos-no-frio-e-vermelhos-depois-a-circulacao-pode-explicar-essa-mudanca\/","og_locale":"pt_BR","og_type":"article","og_title":"Dedos ficam brancos no frio e vermelhos depois: a circula\u00e7\u00e3o pode explicar essa mudan\u00e7a - Tua Sa\u00fade","og_description":"Dedos brancos no frio podem indicar fen\u00f4meno de Raynaud. Entenda a mudan\u00e7a de cor, os gatilhos mais comuns, cuidados e quando procurar avalia\u00e7\u00e3o.","og_url":"https:\/\/www.tuasaude.com\/news\/2026\/09\/03\/dedos-ficam-brancos-no-frio-e-vermelhos-depois-a-circulacao-pode-explicar-essa-mudanca\/","og_site_name":"Tua Sa\u00fade","article_published_time":"2026-09-03T13:48:00+00:00","og_image":[{"width":1280,"height":714,"url":"https:\/\/www.tuasaude.com\/news\/wp-content\/uploads\/2026\/09\/107074_dedos-ficam-brancos-no-frio-e-vermelhos-depois-a-circulacao-_destaque.jpg","type":"image\/jpeg"}],"author":"Jeferson Henrique","twitter_card":"summary_large_image","twitter_misc":{"Escrito por":"Jeferson Henrique","Est. tempo de leitura":"3 minutos"},"schema":{"@context":"https:\/\/schema.org","@graph":[{"@type":"Article","@id":"https:\/\/www.tuasaude.com\/news\/2026\/09\/03\/dedos-ficam-brancos-no-frio-e-vermelhos-depois-a-circulacao-pode-explicar-essa-mudanca\/#article","isPartOf":{"@id":"https:\/\/www.tuasaude.com\/news\/2026\/09\/03\/dedos-ficam-brancos-no-frio-e-vermelhos-depois-a-circulacao-pode-explicar-essa-mudanca\/"},"author":{"name":"Jeferson Henrique","@id":"https:\/\/www.tuasaude.com\/news\/#\/schema\/person\/963d63d4e1f0c81f5f3a70ba4bcb0ef7"},"headline":"Dedos ficam brancos no frio e vermelhos depois: a circula\u00e7\u00e3o pode explicar essa mudan\u00e7a","datePublished":"2026-09-03T13:48:00+00:00","mainEntityOfPage":{"@id":"https:\/\/www.tuasaude.com\/news\/2026\/09\/03\/dedos-ficam-brancos-no-frio-e-vermelhos-depois-a-circulacao-pode-explicar-essa-mudanca\/"},"wordCount":628,"commentCount":0,"image":{"@id":"https:\/\/www.tuasaude.com\/news\/2026\/09\/03\/dedos-ficam-brancos-no-frio-e-vermelhos-depois-a-circulacao-pode-explicar-essa-mudanca\/#primaryimage"},"thumbnailUrl":"https:\/\/www.tuasaude.com\/news\/wp-content\/uploads\/2026\/09\/107074_dedos-ficam-brancos-no-frio-e-vermelhos-depois-a-circulacao-_destaque.jpg","keywords":["circula\u00e7\u00e3o nas m\u00e3os","Dedos brancos","vasoconstri\u00e7\u00e3o"],"articleSection":["Sa\u00fade"],"inLanguage":"pt-BR","potentialAction":[{"@type":"CommentAction","name":"Comment","target":["https:\/\/www.tuasaude.com\/news\/2026\/09\/03\/dedos-ficam-brancos-no-frio-e-vermelhos-depois-a-circulacao-pode-explicar-essa-mudanca\/#respond"]}]},{"@type":"WebPage","@id":"https:\/\/www.tuasaude.com\/news\/2026\/09\/03\/dedos-ficam-brancos-no-frio-e-vermelhos-depois-a-circulacao-pode-explicar-essa-mudanca\/","url":"https:\/\/www.tuasaude.com\/news\/2026\/09\/03\/dedos-ficam-brancos-no-frio-e-vermelhos-depois-a-circulacao-pode-explicar-essa-mudanca\/","name":"Dedos ficam brancos no frio e vermelhos depois: a circula\u00e7\u00e3o pode explicar essa mudan\u00e7a - Tua Sa\u00fade","isPartOf":{"@id":"https:\/\/www.tuasaude.com\/news\/#website"},"primaryImageOfPage":{"@id":"https:\/\/www.tuasaude.com\/news\/2026\/09\/03\/dedos-ficam-brancos-no-frio-e-vermelhos-depois-a-circulacao-pode-explicar-essa-mudanca\/#primaryimage"},"image":{"@id":"https:\/\/www.tuasaude.com\/news\/2026\/09\/03\/dedos-ficam-brancos-no-frio-e-vermelhos-depois-a-circulacao-pode-explicar-essa-mudanca\/#primaryimage"},"thumbnailUrl":"https:\/\/www.tuasaude.com\/news\/wp-content\/uploads\/2026\/09\/107074_dedos-ficam-brancos-no-frio-e-vermelhos-depois-a-circulacao-_destaque.jpg","datePublished":"2026-09-03T13:48:00+00:00","author":{"@id":"https:\/\/www.tuasaude.com\/news\/#\/schema\/person\/963d63d4e1f0c81f5f3a70ba4bcb0ef7"},"description":"Dedos brancos no frio podem indicar fen\u00f4meno de Raynaud. Entenda a mudan\u00e7a de cor, os gatilhos mais comuns, cuidados e quando procurar avalia\u00e7\u00e3o.","breadcrumb":{"@id":"https:\/\/www.tuasaude.com\/news\/2026\/09\/03\/dedos-ficam-brancos-no-frio-e-vermelhos-depois-a-circulacao-pode-explicar-essa-mudanca\/#breadcrumb"},"inLanguage":"pt-BR","potentialAction":[{"@type":"ReadAction","target":["https:\/\/www.tuasaude.com\/news\/2026\/09\/03\/dedos-ficam-brancos-no-frio-e-vermelhos-depois-a-circulacao-pode-explicar-essa-mudanca\/"]}]},{"@type":"ImageObject","inLanguage":"pt-BR","@id":"https:\/\/www.tuasaude.com\/news\/2026\/09\/03\/dedos-ficam-brancos-no-frio-e-vermelhos-depois-a-circulacao-pode-explicar-essa-mudanca\/#primaryimage","url":"https:\/\/www.tuasaude.com\/news\/wp-content\/uploads\/2026\/09\/107074_dedos-ficam-brancos-no-frio-e-vermelhos-depois-a-circulacao-_destaque.jpg","contentUrl":"https:\/\/www.tuasaude.com\/news\/wp-content\/uploads\/2026\/09\/107074_dedos-ficam-brancos-no-frio-e-vermelhos-depois-a-circulacao-_destaque.jpg","width":1280,"height":714,"caption":"Dedos que ficam brancos no frio e vermelhos ao aquecer podem indicar fen\u00f4meno de Raynaud."},{"@type":"BreadcrumbList","@id":"https:\/\/www.tuasaude.com\/news\/2026\/09\/03\/dedos-ficam-brancos-no-frio-e-vermelhos-depois-a-circulacao-pode-explicar-essa-mudanca\/#breadcrumb","itemListElement":[{"@type":"ListItem","position":1,"name":"In\u00edcio","item":"https:\/\/www.tuasaude.com\/news\/"},{"@type":"ListItem","position":2,"name":"Dedos ficam brancos no frio e vermelhos depois: a circula\u00e7\u00e3o pode explicar essa mudan\u00e7a"}]},{"@type":"WebSite","@id":"https:\/\/www.tuasaude.com\/news\/#website","url":"https:\/\/www.tuasaude.com\/news\/","name":"Tua Sa\u00fade","description":"Seu site de sa\u00fade","potentialAction":[{"@type":"SearchAction","target":{"@type":"EntryPoint","urlTemplate":"https:\/\/www.tuasaude.com\/news\/?s={search_term_string}"},"query-input":{"@type":"PropertyValueSpecification","valueRequired":true,"valueName":"search_term_string"}}],"inLanguage":"pt-BR"},{"@type":"Person","@id":"https:\/\/www.tuasaude.com\/news\/#\/schema\/person\/963d63d4e1f0c81f5f3a70ba4bcb0ef7","name":"Jeferson Henrique","image":{"@type":"ImageObject","inLanguage":"pt-BR","@id":"https:\/\/www.tuasaude.com\/news\/#\/schema\/person\/image\/","url":"https:\/\/secure.gravatar.com\/avatar\/1a476a54a48eb3cdea5dd2f016708263892c6b9f5e54b641df7c65e980fd6f69?s=96&d=mm&r=g","contentUrl":"https:\/\/secure.gravatar.com\/avatar\/1a476a54a48eb3cdea5dd2f016708263892c6b9f5e54b641df7c65e980fd6f69?s=96&d=mm&r=g","caption":"Jeferson Henrique"},"sameAs":["https:\/\/www.tuasaude.com\/news\/"],"url":"https:\/\/www.tuasaude.com\/news\/author\/jeferson-henrique\/"}]}},"_links":{"self":[{"href":"https:\/\/www.tuasaude.com\/news\/wp-json\/wp\/v2\/posts\/107074","targetHints":{"allow":["GET"]}}],"collection":[{"href":"https:\/\/www.tuasaude.com\/news\/wp-json\/wp\/v2\/posts"}],"about":[{"href":"https:\/\/www.tuasaude.com\/news\/wp-json\/wp\/v2\/types\/post"}],"author":[{"embeddable":true,"href":"https:\/\/www.tuasaude.com\/news\/wp-json\/wp\/v2\/users\/12"}],"replies":[{"embeddable":true,"href":"https:\/\/www.tuasaude.com\/news\/wp-json\/wp\/v2\/comments?post=107074"}],"version-history":[{"count":1,"href":"https:\/\/www.tuasaude.com\/news\/wp-json\/wp\/v2\/posts\/107074\/revisions"}],"predecessor-version":[{"id":107080,"href":"https:\/\/www.tuasaude.com\/news\/wp-json\/wp\/v2\/posts\/107074\/revisions\/107080"}],"wp:featuredmedia":[{"embeddable":true,"href":"https:\/\/www.tuasaude.com\/news\/wp-json\/wp\/v2\/media\/107077"}],"wp:attachment":[{"href":"https:\/\/www.tuasaude.com\/news\/wp-json\/wp\/v2\/media?parent=107074"}],"wp:term":[{"taxonomy":"category","embeddable":true,"href":"https:\/\/www.tuasaude.com\/news\/wp-json\/wp\/v2\/categories?post=107074"},{"taxonomy":"post_tag","embeddable":true,"href":"https:\/\/www.tuasaude.com\/news\/wp-json\/wp\/v2\/tags?post=107074"}],"curies":[{"name":"wp","href":"https:\/\/api.w.org\/{rel}","templated":true}]}}