{"id":107025,"date":"2026-09-03T07:40:00","date_gmt":"2026-09-03T10:40:00","guid":{"rendered":"https:\/\/www.tuasaude.com\/news\/?p=107025"},"modified":"2026-09-02T14:35:03","modified_gmt":"2026-09-02T17:35:03","slug":"dentes-parecem-mais-compridos-e-sensiveis-a-gengiva-pode-estar-recuando","status":"publish","type":"post","link":"https:\/\/www.tuasaude.com\/news\/2026\/09\/03\/dentes-parecem-mais-compridos-e-sensiveis-a-gengiva-pode-estar-recuando\/","title":{"rendered":"Dentes parecem mais compridos e sens\u00edveis: a gengiva pode estar recuando"},"content":{"rendered":"\n<p class=\"wp-block-paragraph\">Quando os dentes parecem mais compridos e ficam sens\u00edveis ao frio, calor, doces ou \u00e0 escova\u00e7\u00e3o, uma poss\u00edvel explica\u00e7\u00e3o \u00e9 a <strong>gengiva retra\u00edda<\/strong>. Isso acontece quando a margem gengival se afasta do dente e deixa parte da raiz exposta, uma regi\u00e3o mais vulner\u00e1vel \u00e0 sensibilidade e que merece avalia\u00e7\u00e3o se a mudan\u00e7a estiver avan\u00e7ando.<\/p>\n\n\n\n<h2 class=\"wp-block-heading\">Por que a gengiva retra\u00edda causa sensibilidade<\/h2>\n\n\n\n<p class=\"wp-block-paragraph\">A raiz do dente n\u00e3o possui a mesma prote\u00e7\u00e3o de esmalte encontrada na coroa. Quando fica exposta, est\u00edmulos como bebidas geladas, alimentos quentes, doces e at\u00e9 o contato da escova podem provocar <strong>dor r\u00e1pida ou sensibilidade<\/strong>.<\/p>\n\n\n\n<p class=\"wp-block-paragraph\">Segundo a <a href=\"https:\/\/my.clevelandclinic.org\/health\/diseases\/22753-gum-recession\" target=\"_blank\" rel=\"noopener noreferrer\">Cleveland Clinic<\/a>, a retra\u00e7\u00e3o ocorre quando o tecido gengival se afasta dos dentes. Al\u00e9m da sensibilidade, a altera\u00e7\u00e3o pode fazer o dente parecer mais longo e aumentar a exposi\u00e7\u00e3o da raiz.<\/p>\n\n\n\n<h2 class=\"wp-block-heading\">O que pode favorecer a retra\u00e7\u00e3o<\/h2>\n\n\n<div class=\"wp-block-image wp-block-image size-large\">\n<figure class=\"aligncenter\"><img decoding=\"async\" width=\"1280\" height=\"714\" src=\"https:\/\/www.tuasaude.com\/news\/wp-content\/uploads\/2026\/09\/107025_dentes-parecem-mais-compridos-e-sensiveis-a-gengiva-pode-est_corpo.jpg\" alt=\"A gengiva retra\u00edda exp\u00f5e parte da raiz do dente e pode favorecer sensibilidade.\" class=\"wp-image-107027\" srcset=\"https:\/\/www.tuasaude.com\/news\/wp-content\/uploads\/2026\/09\/107025_dentes-parecem-mais-compridos-e-sensiveis-a-gengiva-pode-est_corpo.jpg 1280w, https:\/\/www.tuasaude.com\/news\/wp-content\/uploads\/2026\/09\/107025_dentes-parecem-mais-compridos-e-sensiveis-a-gengiva-pode-est_corpo-300x167.jpg 300w, https:\/\/www.tuasaude.com\/news\/wp-content\/uploads\/2026\/09\/107025_dentes-parecem-mais-compridos-e-sensiveis-a-gengiva-pode-est_corpo-1024x571.jpg 1024w, https:\/\/www.tuasaude.com\/news\/wp-content\/uploads\/2026\/09\/107025_dentes-parecem-mais-compridos-e-sensiveis-a-gengiva-pode-est_corpo-768x428.jpg 768w, https:\/\/www.tuasaude.com\/news\/wp-content\/uploads\/2026\/09\/107025_dentes-parecem-mais-compridos-e-sensiveis-a-gengiva-pode-est_corpo-750x418.jpg 750w, https:\/\/www.tuasaude.com\/news\/wp-content\/uploads\/2026\/09\/107025_dentes-parecem-mais-compridos-e-sensiveis-a-gengiva-pode-est_corpo-1140x636.jpg 1140w\" sizes=\"(max-width: 1280px) 100vw, 1280px\" \/><figcaption class=\"wp-element-caption\">A gengiva retra\u00edda exp\u00f5e parte da raiz do dente e pode favorecer sensibilidade.<\/figcaption><\/figure>\n<\/div>\n\n\n<p class=\"wp-block-paragraph\">A <strong>gengiva retra\u00edda<\/strong> pode ter mais de uma causa. Identificar o fator envolvido \u00e9 importante para evitar que o problema continue progredindo.<\/p>\n\n\n\n<ul class=\"wp-block-list\">\n<li>Escovar os dentes com for\u00e7a excessiva;<\/li>\n<li>usar escova com cerdas muito duras;<\/li>\n<li>ac\u00famulo de placa e doen\u00e7a periodontal;<\/li>\n<li>tabagismo;<\/li>\n<li>traumas repetidos na gengiva;<\/li>\n<li>caracter\u00edsticas anat\u00f4micas e predisposi\u00e7\u00e3o individual.<\/li>\n<\/ul>\n\n\n\n<p class=\"wp-block-paragraph\">Outros fatores tamb\u00e9m podem estar envolvidos. Veja mais sobre as causas e op\u00e7\u00f5es de tratamento da <a href=\"https:\/\/www.tuasaude.com\/retracao-gengival\/\" target=\"_blank\" rel=\"noopener noreferrer\">retra\u00e7\u00e3o gengival<\/a>.<\/p>\n\n\n\n<h2 class=\"wp-block-heading\">O que um estudo mostra sobre gengiva retra\u00edda<\/h2>\n\n\n\n<p class=\"wp-block-paragraph\">Segundo a revis\u00e3o sistem\u00e1tica e meta-an\u00e1lise <a href=\"https:\/\/pubmed.ncbi.nlm.nih.gov\/39988303\/\" target=\"_blank\" rel=\"noopener noreferrer\"><em>Systematic review and meta-analysis on prevalence and risk factors for gingival recession<\/em><\/a>, publicada no <em>Journal of Dentistry<\/em> em 2025, pesquisadores reuniram 22 estudos para investigar a frequ\u00eancia e os fatores associados \u00e0 retra\u00e7\u00e3o gengival.<\/p>\n\n\n\n<p class=\"wp-block-paragraph\">A <strong>revis\u00e3o sistem\u00e1tica<\/strong> encontrou associa\u00e7\u00e3o da retra\u00e7\u00e3o com fatores como placa dent\u00e1ria, periodontite, tabagismo e trauma oclusal. Os resultados refor\u00e7am que a altera\u00e7\u00e3o pode ter diferentes origens e n\u00e3o deve ser atribu\u00edda apenas \u00e0 forma de escovar os dentes.<\/p>\n\n\n\n<h2 class=\"wp-block-heading\">Como evitar que a retra\u00e7\u00e3o piore<\/h2>\n\n\n\n<p class=\"wp-block-paragraph\">Diminuir agress\u00f5es sobre a gengiva ajuda a proteger a regi\u00e3o, embora <strong>a gengiva que j\u00e1 recuou n\u00e3o volte a crescer apenas com mudan\u00e7as na escova\u00e7\u00e3o<\/strong>. O objetivo dos cuidados caseiros \u00e9 reduzir novos traumas enquanto a causa \u00e9 investigada.<\/p>\n\n\n\n<ul class=\"wp-block-list\">\n<li>Escove sem aplicar for\u00e7a excessiva;<\/li>\n<li>prefira uma escova de cerdas macias;<\/li>\n<li>n\u00e3o force a escova sobre a margem da gengiva;<\/li>\n<li>mantenha a higiene entre os dentes;<\/li>\n<li>evite h\u00e1bitos que traumatizem repetidamente a regi\u00e3o.<\/li>\n<\/ul>\n\n\n\n<p class=\"wp-block-paragraph\">Dependendo do caso, o dentista pode recomendar produtos para diminuir a sensibilidade, tratamento periodontal ou procedimentos para cobrir a raiz exposta.<\/p>\n\n\n<div class=\"wp-block-image wp-block-image size-large\">\n<figure class=\"aligncenter\"><img decoding=\"async\" width=\"1280\" height=\"575\" src=\"https:\/\/www.tuasaude.com\/news\/wp-content\/uploads\/2026\/09\/107025_dentes-parecem-mais-compridos-e-sensiveis-a-gengiva-pode-est_tabela.jpg\" alt=\"Dentes mais compridos e sens\u00edveis: sinais de retra\u00e7\u00e3o gengival e como evitar que piore\" class=\"wp-image-107028\" srcset=\"https:\/\/www.tuasaude.com\/news\/wp-content\/uploads\/2026\/09\/107025_dentes-parecem-mais-compridos-e-sensiveis-a-gengiva-pode-est_tabela.jpg 1280w, https:\/\/www.tuasaude.com\/news\/wp-content\/uploads\/2026\/09\/107025_dentes-parecem-mais-compridos-e-sensiveis-a-gengiva-pode-est_tabela-300x135.jpg 300w, https:\/\/www.tuasaude.com\/news\/wp-content\/uploads\/2026\/09\/107025_dentes-parecem-mais-compridos-e-sensiveis-a-gengiva-pode-est_tabela-1024x460.jpg 1024w, https:\/\/www.tuasaude.com\/news\/wp-content\/uploads\/2026\/09\/107025_dentes-parecem-mais-compridos-e-sensiveis-a-gengiva-pode-est_tabela-768x345.jpg 768w, https:\/\/www.tuasaude.com\/news\/wp-content\/uploads\/2026\/09\/107025_dentes-parecem-mais-compridos-e-sensiveis-a-gengiva-pode-est_tabela-750x337.jpg 750w, https:\/\/www.tuasaude.com\/news\/wp-content\/uploads\/2026\/09\/107025_dentes-parecem-mais-compridos-e-sensiveis-a-gengiva-pode-est_tabela-1140x512.jpg 1140w\" sizes=\"(max-width: 1280px) 100vw, 1280px\" \/><figcaption class=\"wp-element-caption\">Dentes mais compridos e sens\u00edveis: sinais de retra\u00e7\u00e3o gengival e como evitar que piore<\/figcaption><\/figure>\n<\/div>\n\n\n<h2 class=\"wp-block-heading\">Quando procurar um dentista<\/h2>\n\n\n\n<p class=\"wp-block-paragraph\">\u00c9 indicado marcar uma avalia\u00e7\u00e3o quando a <strong>sensibilidade persiste, a raiz fica cada vez mais aparente ou a gengiva continua recuando<\/strong>. Sangramento frequente, dor e sinais de inflama\u00e7\u00e3o tamb\u00e9m justificam investiga\u00e7\u00e3o.<\/p>\n\n\n\n<p class=\"wp-block-paragraph\">Procure atendimento especialmente se o dente parecer <strong>amolecido ou mais solto<\/strong>, pois isso pode indicar comprometimento dos tecidos que d\u00e3o sustenta\u00e7\u00e3o aos dentes e exige avalia\u00e7\u00e3o odontol\u00f3gica adequada.<\/p>\n\n\n\n<p class=\"wp-block-paragraph\"><strong>Este conte\u00fado \u00e9 apenas informativo e n\u00e3o substitui a avalia\u00e7\u00e3o, o diagn\u00f3stico ou o tratamento orientado por um m\u00e9dico ou dentista.<\/strong><\/p>\n","protected":false},"excerpt":{"rendered":"<p>Quando os dentes parecem mais compridos e ficam sens\u00edveis ao frio, calor, doces ou \u00e0 escova\u00e7\u00e3o, uma poss\u00edvel explica\u00e7\u00e3o \u00e9 a gengiva retra\u00edda. Isso acontece quando a margem gengival se afasta do dente e deixa parte da raiz exposta, uma regi\u00e3o mais vulner\u00e1vel \u00e0 sensibilidade e que merece avalia\u00e7\u00e3o se a mudan\u00e7a estiver avan\u00e7ando. Por [&hellip;]<\/p>\n","protected":false},"author":12,"featured_media":107026,"comment_status":"open","ping_status":"open","sticky":false,"template":"","format":"standard","meta":{"_yoast_wpseo_focuskw":"gengiva retra\u00edda","_yoast_wpseo_title":"","_yoast_wpseo_metadesc":"Gengiva retra\u00edda pode deixar os dentes mais compridos e sens\u00edveis. Entenda causas, cuidados para evitar piora e quando procurar um dentista.","jnews-multi-image_gallery":[],"jnews_single_post":[],"jnews_primary_category":[],"jnews_social_meta":[],"jnews_override_counter":[],"footnotes":""},"categories":[111],"tags":[11434,2535,5530],"class_list":["post-107025","post","type-post","status-publish","format-standard","has-post-thumbnail","hentry","category-saude","tag-raiz-exposta","tag-retracao-gengival","tag-sensibilidade-dentaria"],"yoast_head":"<!-- This site is optimized with the Yoast SEO plugin v26.7 - https:\/\/yoast.com\/wordpress\/plugins\/seo\/ -->\n<title>Dentes parecem mais compridos e sens\u00edveis: a gengiva pode estar recuando - Tua Sa\u00fade<\/title>\n<meta name=\"description\" content=\"Gengiva retra\u00edda pode deixar os dentes mais compridos e sens\u00edveis. Entenda causas, cuidados para evitar piora e quando procurar um dentista.\" \/>\n<meta name=\"robots\" content=\"index, follow, max-snippet:-1, max-image-preview:large, max-video-preview:-1\" \/>\n<link rel=\"canonical\" href=\"https:\/\/www.tuasaude.com\/news\/2026\/09\/03\/dentes-parecem-mais-compridos-e-sensiveis-a-gengiva-pode-estar-recuando\/\" \/>\n<meta property=\"og:locale\" content=\"pt_BR\" \/>\n<meta property=\"og:type\" content=\"article\" \/>\n<meta property=\"og:title\" content=\"Dentes parecem mais compridos e sens\u00edveis: a gengiva pode estar recuando - Tua Sa\u00fade\" \/>\n<meta property=\"og:description\" content=\"Gengiva retra\u00edda pode deixar os dentes mais compridos e sens\u00edveis. Entenda causas, cuidados para evitar piora e quando procurar um dentista.\" \/>\n<meta property=\"og:url\" content=\"https:\/\/www.tuasaude.com\/news\/2026\/09\/03\/dentes-parecem-mais-compridos-e-sensiveis-a-gengiva-pode-estar-recuando\/\" \/>\n<meta property=\"og:site_name\" content=\"Tua Sa\u00fade\" \/>\n<meta property=\"article:published_time\" content=\"2026-09-03T10:40:00+00:00\" \/>\n<meta property=\"og:image\" content=\"https:\/\/www.tuasaude.com\/news\/wp-content\/uploads\/2026\/09\/107025_dentes-parecem-mais-compridos-e-sensiveis-a-gengiva-pode-est_destaque.jpg\" \/>\n\t<meta property=\"og:image:width\" content=\"1280\" \/>\n\t<meta property=\"og:image:height\" content=\"714\" \/>\n\t<meta property=\"og:image:type\" content=\"image\/jpeg\" \/>\n<meta name=\"author\" content=\"Jeferson Henrique\" \/>\n<meta name=\"twitter:card\" content=\"summary_large_image\" \/>\n<meta name=\"twitter:label1\" content=\"Escrito por\" \/>\n\t<meta name=\"twitter:data1\" content=\"Jeferson Henrique\" \/>\n\t<meta name=\"twitter:label2\" content=\"Est. tempo de leitura\" \/>\n\t<meta name=\"twitter:data2\" content=\"3 minutos\" \/>\n<!-- \/ Yoast SEO plugin. -->","yoast_head_json":{"title":"Dentes parecem mais compridos e sens\u00edveis: a gengiva pode estar recuando - Tua Sa\u00fade","description":"Gengiva retra\u00edda pode deixar os dentes mais compridos e sens\u00edveis. Entenda causas, cuidados para evitar piora e quando procurar um dentista.","robots":{"index":"index","follow":"follow","max-snippet":"max-snippet:-1","max-image-preview":"max-image-preview:large","max-video-preview":"max-video-preview:-1"},"canonical":"https:\/\/www.tuasaude.com\/news\/2026\/09\/03\/dentes-parecem-mais-compridos-e-sensiveis-a-gengiva-pode-estar-recuando\/","og_locale":"pt_BR","og_type":"article","og_title":"Dentes parecem mais compridos e sens\u00edveis: a gengiva pode estar recuando - Tua Sa\u00fade","og_description":"Gengiva retra\u00edda pode deixar os dentes mais compridos e sens\u00edveis. Entenda causas, cuidados para evitar piora e quando procurar um dentista.","og_url":"https:\/\/www.tuasaude.com\/news\/2026\/09\/03\/dentes-parecem-mais-compridos-e-sensiveis-a-gengiva-pode-estar-recuando\/","og_site_name":"Tua Sa\u00fade","article_published_time":"2026-09-03T10:40:00+00:00","og_image":[{"width":1280,"height":714,"url":"https:\/\/www.tuasaude.com\/news\/wp-content\/uploads\/2026\/09\/107025_dentes-parecem-mais-compridos-e-sensiveis-a-gengiva-pode-est_destaque.jpg","type":"image\/jpeg"}],"author":"Jeferson Henrique","twitter_card":"summary_large_image","twitter_misc":{"Escrito por":"Jeferson Henrique","Est. tempo de leitura":"3 minutos"},"schema":{"@context":"https:\/\/schema.org","@graph":[{"@type":"Article","@id":"https:\/\/www.tuasaude.com\/news\/2026\/09\/03\/dentes-parecem-mais-compridos-e-sensiveis-a-gengiva-pode-estar-recuando\/#article","isPartOf":{"@id":"https:\/\/www.tuasaude.com\/news\/2026\/09\/03\/dentes-parecem-mais-compridos-e-sensiveis-a-gengiva-pode-estar-recuando\/"},"author":{"name":"Jeferson Henrique","@id":"https:\/\/www.tuasaude.com\/news\/#\/schema\/person\/963d63d4e1f0c81f5f3a70ba4bcb0ef7"},"headline":"Dentes parecem mais compridos e sens\u00edveis: a gengiva pode estar recuando","datePublished":"2026-09-03T10:40:00+00:00","mainEntityOfPage":{"@id":"https:\/\/www.tuasaude.com\/news\/2026\/09\/03\/dentes-parecem-mais-compridos-e-sensiveis-a-gengiva-pode-estar-recuando\/"},"wordCount":573,"commentCount":0,"image":{"@id":"https:\/\/www.tuasaude.com\/news\/2026\/09\/03\/dentes-parecem-mais-compridos-e-sensiveis-a-gengiva-pode-estar-recuando\/#primaryimage"},"thumbnailUrl":"https:\/\/www.tuasaude.com\/news\/wp-content\/uploads\/2026\/09\/107025_dentes-parecem-mais-compridos-e-sensiveis-a-gengiva-pode-est_destaque.jpg","keywords":["raiz exposta","retra\u00e7\u00e3o gengival","sensibilidade dent\u00e1ria"],"articleSection":["Sa\u00fade"],"inLanguage":"pt-BR","potentialAction":[{"@type":"CommentAction","name":"Comment","target":["https:\/\/www.tuasaude.com\/news\/2026\/09\/03\/dentes-parecem-mais-compridos-e-sensiveis-a-gengiva-pode-estar-recuando\/#respond"]}]},{"@type":"WebPage","@id":"https:\/\/www.tuasaude.com\/news\/2026\/09\/03\/dentes-parecem-mais-compridos-e-sensiveis-a-gengiva-pode-estar-recuando\/","url":"https:\/\/www.tuasaude.com\/news\/2026\/09\/03\/dentes-parecem-mais-compridos-e-sensiveis-a-gengiva-pode-estar-recuando\/","name":"Dentes parecem mais compridos e sens\u00edveis: a gengiva pode estar recuando - Tua Sa\u00fade","isPartOf":{"@id":"https:\/\/www.tuasaude.com\/news\/#website"},"primaryImageOfPage":{"@id":"https:\/\/www.tuasaude.com\/news\/2026\/09\/03\/dentes-parecem-mais-compridos-e-sensiveis-a-gengiva-pode-estar-recuando\/#primaryimage"},"image":{"@id":"https:\/\/www.tuasaude.com\/news\/2026\/09\/03\/dentes-parecem-mais-compridos-e-sensiveis-a-gengiva-pode-estar-recuando\/#primaryimage"},"thumbnailUrl":"https:\/\/www.tuasaude.com\/news\/wp-content\/uploads\/2026\/09\/107025_dentes-parecem-mais-compridos-e-sensiveis-a-gengiva-pode-est_destaque.jpg","datePublished":"2026-09-03T10:40:00+00:00","author":{"@id":"https:\/\/www.tuasaude.com\/news\/#\/schema\/person\/963d63d4e1f0c81f5f3a70ba4bcb0ef7"},"description":"Gengiva retra\u00edda pode deixar os dentes mais compridos e sens\u00edveis. Entenda causas, cuidados para evitar piora e quando procurar um dentista.","breadcrumb":{"@id":"https:\/\/www.tuasaude.com\/news\/2026\/09\/03\/dentes-parecem-mais-compridos-e-sensiveis-a-gengiva-pode-estar-recuando\/#breadcrumb"},"inLanguage":"pt-BR","potentialAction":[{"@type":"ReadAction","target":["https:\/\/www.tuasaude.com\/news\/2026\/09\/03\/dentes-parecem-mais-compridos-e-sensiveis-a-gengiva-pode-estar-recuando\/"]}]},{"@type":"ImageObject","inLanguage":"pt-BR","@id":"https:\/\/www.tuasaude.com\/news\/2026\/09\/03\/dentes-parecem-mais-compridos-e-sensiveis-a-gengiva-pode-estar-recuando\/#primaryimage","url":"https:\/\/www.tuasaude.com\/news\/wp-content\/uploads\/2026\/09\/107025_dentes-parecem-mais-compridos-e-sensiveis-a-gengiva-pode-est_destaque.jpg","contentUrl":"https:\/\/www.tuasaude.com\/news\/wp-content\/uploads\/2026\/09\/107025_dentes-parecem-mais-compridos-e-sensiveis-a-gengiva-pode-est_destaque.jpg","width":1280,"height":714,"caption":"A retra\u00e7\u00e3o da gengiva pode deixar o dente mais comprido e aumentar a sensibilidade."},{"@type":"BreadcrumbList","@id":"https:\/\/www.tuasaude.com\/news\/2026\/09\/03\/dentes-parecem-mais-compridos-e-sensiveis-a-gengiva-pode-estar-recuando\/#breadcrumb","itemListElement":[{"@type":"ListItem","position":1,"name":"In\u00edcio","item":"https:\/\/www.tuasaude.com\/news\/"},{"@type":"ListItem","position":2,"name":"Dentes parecem mais compridos e sens\u00edveis: a gengiva pode estar recuando"}]},{"@type":"WebSite","@id":"https:\/\/www.tuasaude.com\/news\/#website","url":"https:\/\/www.tuasaude.com\/news\/","name":"Tua Sa\u00fade","description":"Seu site de sa\u00fade","potentialAction":[{"@type":"SearchAction","target":{"@type":"EntryPoint","urlTemplate":"https:\/\/www.tuasaude.com\/news\/?s={search_term_string}"},"query-input":{"@type":"PropertyValueSpecification","valueRequired":true,"valueName":"search_term_string"}}],"inLanguage":"pt-BR"},{"@type":"Person","@id":"https:\/\/www.tuasaude.com\/news\/#\/schema\/person\/963d63d4e1f0c81f5f3a70ba4bcb0ef7","name":"Jeferson Henrique","image":{"@type":"ImageObject","inLanguage":"pt-BR","@id":"https:\/\/www.tuasaude.com\/news\/#\/schema\/person\/image\/","url":"https:\/\/secure.gravatar.com\/avatar\/1a476a54a48eb3cdea5dd2f016708263892c6b9f5e54b641df7c65e980fd6f69?s=96&d=mm&r=g","contentUrl":"https:\/\/secure.gravatar.com\/avatar\/1a476a54a48eb3cdea5dd2f016708263892c6b9f5e54b641df7c65e980fd6f69?s=96&d=mm&r=g","caption":"Jeferson Henrique"},"sameAs":["https:\/\/www.tuasaude.com\/news\/"],"url":"https:\/\/www.tuasaude.com\/news\/author\/jeferson-henrique\/"}]}},"_links":{"self":[{"href":"https:\/\/www.tuasaude.com\/news\/wp-json\/wp\/v2\/posts\/107025","targetHints":{"allow":["GET"]}}],"collection":[{"href":"https:\/\/www.tuasaude.com\/news\/wp-json\/wp\/v2\/posts"}],"about":[{"href":"https:\/\/www.tuasaude.com\/news\/wp-json\/wp\/v2\/types\/post"}],"author":[{"embeddable":true,"href":"https:\/\/www.tuasaude.com\/news\/wp-json\/wp\/v2\/users\/12"}],"replies":[{"embeddable":true,"href":"https:\/\/www.tuasaude.com\/news\/wp-json\/wp\/v2\/comments?post=107025"}],"version-history":[{"count":1,"href":"https:\/\/www.tuasaude.com\/news\/wp-json\/wp\/v2\/posts\/107025\/revisions"}],"predecessor-version":[{"id":107029,"href":"https:\/\/www.tuasaude.com\/news\/wp-json\/wp\/v2\/posts\/107025\/revisions\/107029"}],"wp:featuredmedia":[{"embeddable":true,"href":"https:\/\/www.tuasaude.com\/news\/wp-json\/wp\/v2\/media\/107026"}],"wp:attachment":[{"href":"https:\/\/www.tuasaude.com\/news\/wp-json\/wp\/v2\/media?parent=107025"}],"wp:term":[{"taxonomy":"category","embeddable":true,"href":"https:\/\/www.tuasaude.com\/news\/wp-json\/wp\/v2\/categories?post=107025"},{"taxonomy":"post_tag","embeddable":true,"href":"https:\/\/www.tuasaude.com\/news\/wp-json\/wp\/v2\/tags?post=107025"}],"curies":[{"name":"wp","href":"https:\/\/api.w.org\/{rel}","templated":true}]}}