{"id":107019,"date":"2026-09-03T03:30:00","date_gmt":"2026-09-03T06:30:00","guid":{"rendered":"https:\/\/www.tuasaude.com\/news\/?p=107019"},"modified":"2026-09-02T14:35:48","modified_gmt":"2026-09-02T17:35:48","slug":"o-que-causa-dormencia-e-peso-nas-pernas-ao-fim-do-dia","status":"publish","type":"post","link":"https:\/\/www.tuasaude.com\/news\/2026\/09\/03\/o-que-causa-dormencia-e-peso-nas-pernas-ao-fim-do-dia\/","title":{"rendered":"O que causa dorm\u00eancia e peso nas pernas ao fim do dia"},"content":{"rendered":"\n<p class=\"wp-block-paragraph\">A sensa\u00e7\u00e3o de dorm\u00eancia e peso nas pernas ao fim do dia \u00e9 uma queixa comum entre quem passa longos per\u00edodos em p\u00e9 ou sentado. Na maioria dos casos, esse desconforto est\u00e1 ligado \u00e0 circula\u00e7\u00e3o sangu\u00ednea nos membros inferiores, especialmente quando o retorno do sangue ao cora\u00e7\u00e3o se torna mais lento. Reconhecer as causas mais frequentes ajuda a diferenciar um cansa\u00e7o passageiro de sinais que merecem avalia\u00e7\u00e3o m\u00e9dica.<\/p>\n\n\n\n<h2 class=\"wp-block-heading\">Por que as pernas ficam pesadas ao fim do dia?<\/h2>\n\n\n\n<p class=\"wp-block-paragraph\">Durante o dia, a gravidade e a perman\u00eancia prolongada na mesma posi\u00e7\u00e3o dificultam o retorno do sangue das pernas at\u00e9 o cora\u00e7\u00e3o. As veias precisam trabalhar contra essa for\u00e7a, contando com o aux\u00edlio da contra\u00e7\u00e3o dos m\u00fasculos da panturrilha, considerados uma bomba muscular essencial.<\/p>\n\n\n\n<p class=\"wp-block-paragraph\">Quando esse mecanismo funciona de forma menos eficiente, o sangue tende a se acumular nas pernas, aumentando a press\u00e3o dentro dos vasos. Isso gera a sensa\u00e7\u00e3o de peso, cansa\u00e7o e, em alguns casos, dorm\u00eancia que costuma piorar ao entardecer.<\/p>\n\n\n\n<h2 class=\"wp-block-heading\">Como o tempo em p\u00e9 ou sentado influencia o sintoma?<\/h2>\n\n\n\n<p class=\"wp-block-paragraph\">Ficar horas em p\u00e9, sem movimentar as pernas, mant\u00e9m as veias sob press\u00e3o cont\u00ednua. J\u00e1 a posi\u00e7\u00e3o sentada por longos per\u00edodos, especialmente com as pernas cruzadas, comprime os vasos e prejudica o fluxo sangu\u00edneo.<\/p>\n\n\n\n<p class=\"wp-block-paragraph\">Profissionais que trabalham em call centers, escrit\u00f3rios, sal\u00f5es de beleza e lojas relatam com frequ\u00eancia esse desconforto. Ajustes simples na rotina podem ajudar a prevenir a evolu\u00e7\u00e3o para quadros mais persistentes de <a href=\"https:\/\/www.tuasaude.com\/insuficiencia-venosa\/\" target=\"_blank\" rel=\"noreferrer noopener\">insufici\u00eancia venosa<\/a>.<\/p>\n\n\n<div class=\"wp-block-image\">\n<figure class=\"aligncenter size-large\"><img decoding=\"async\" width=\"1024\" height=\"571\" src=\"https:\/\/www.tuasaude.com\/news\/wp-content\/uploads\/2026\/09\/4-1024x571.jpg\" alt=\"Movimento, pausas e postura adequada favorecem o retorno venoso das pernas.\" class=\"wp-image-107031\" srcset=\"https:\/\/www.tuasaude.com\/news\/wp-content\/uploads\/2026\/09\/4-1024x571.jpg 1024w, https:\/\/www.tuasaude.com\/news\/wp-content\/uploads\/2026\/09\/4-300x167.jpg 300w, https:\/\/www.tuasaude.com\/news\/wp-content\/uploads\/2026\/09\/4-768x428.jpg 768w, https:\/\/www.tuasaude.com\/news\/wp-content\/uploads\/2026\/09\/4-750x418.jpg 750w, https:\/\/www.tuasaude.com\/news\/wp-content\/uploads\/2026\/09\/4-1140x636.jpg 1140w, https:\/\/www.tuasaude.com\/news\/wp-content\/uploads\/2026\/09\/4.jpg 1280w\" sizes=\"(max-width: 1024px) 100vw, 1024px\" \/><figcaption class=\"wp-element-caption\">Movimento, pausas e postura adequada favorecem o retorno venoso das pernas.<\/figcaption><\/figure>\n<\/div>\n\n\n<h2 class=\"wp-block-heading\">Quais s\u00e3o as causas mais comuns de peso e dorm\u00eancia nas pernas?<\/h2>\n\n\n\n<p class=\"wp-block-paragraph\">Al\u00e9m do tempo em p\u00e9 ou sentado, outros fatores podem contribuir para o surgimento desses sintomas ao longo do dia.<\/p>\n\n\n\n<ul class=\"wp-block-list\">\n<li><strong>Insufici\u00eancia venosa cr\u00f4nica<\/strong>, quando as v\u00e1lvulas das veias n\u00e3o fecham corretamente e o sangue reflui<\/li>\n\n\n\n<li><strong>Varizes<\/strong>, veias dilatadas e tortuosas que dificultam o retorno venoso<\/li>\n\n\n\n<li><strong>Reten\u00e7\u00e3o de l\u00edquidos<\/strong>, favorecida pelo consumo excessivo de sal e sedentarismo<\/li>\n\n\n\n<li><strong>Excesso de peso<\/strong>, que aumenta a press\u00e3o sobre os vasos das pernas<\/li>\n\n\n\n<li><strong>Gravidez<\/strong>, devido a altera\u00e7\u00f5es hormonais e ao aumento do volume sangu\u00edneo<\/li>\n\n\n\n<li><strong>Uso de sapatos inadequados<\/strong>, como saltos muito altos ou totalmente rasos<\/li>\n<\/ul>\n\n\n\n<h2 class=\"wp-block-heading\">O que dizem os estudos cient\u00edficos sobre a circula\u00e7\u00e3o das pernas?<\/h2>\n\n\n\n<p class=\"wp-block-paragraph\">Pesquisas em angiologia refor\u00e7am a rela\u00e7\u00e3o entre o tempo em p\u00e9, o retorno venoso e o surgimento de sintomas nas pernas. De acordo com o estudo <a href=\"https:\/\/pubmed.ncbi.nlm.nih.gov\/25047584\/\" target=\"_blank\" rel=\"noreferrer noopener\">Chronic Venous Insufficiency<\/a>, publicado na revista Circulation e indexado no PubMed, a hipertens\u00e3o venosa provocada pelo mau funcionamento das v\u00e1lvulas est\u00e1 entre os principais mecanismos respons\u00e1veis pelo peso, edema e formigamento nas pernas.<\/p>\n\n\n\n<p class=\"wp-block-paragraph\">Os autores destacam que sintomas iniciais, muitas vezes ignorados, podem preceder o aparecimento de <a href=\"https:\/\/www.tuasaude.com\/varizes\/\" target=\"_blank\" rel=\"noreferrer noopener\">varizes<\/a> vis\u00edveis e altera\u00e7\u00f5es na pele. Por isso, o reconhecimento precoce \u00e9 considerado fundamental para prevenir a progress\u00e3o da doen\u00e7a venosa cr\u00f4nica.<\/p>\n\n\n<div class=\"wp-block-image\">\n<figure class=\"aligncenter size-large\"><img decoding=\"async\" width=\"1024\" height=\"571\" src=\"https:\/\/www.tuasaude.com\/news\/wp-content\/uploads\/2026\/09\/Man_walking_with_heavy_legs_202609021434-1024x571.jpg\" alt=\"Ficar muito tempo parado reduz a a\u00e7\u00e3o da panturrilha sobre a circula\u00e7\u00e3o.\" class=\"wp-image-107032\" srcset=\"https:\/\/www.tuasaude.com\/news\/wp-content\/uploads\/2026\/09\/Man_walking_with_heavy_legs_202609021434-1024x571.jpg 1024w, https:\/\/www.tuasaude.com\/news\/wp-content\/uploads\/2026\/09\/Man_walking_with_heavy_legs_202609021434-300x167.jpg 300w, https:\/\/www.tuasaude.com\/news\/wp-content\/uploads\/2026\/09\/Man_walking_with_heavy_legs_202609021434-768x428.jpg 768w, https:\/\/www.tuasaude.com\/news\/wp-content\/uploads\/2026\/09\/Man_walking_with_heavy_legs_202609021434-750x418.jpg 750w, https:\/\/www.tuasaude.com\/news\/wp-content\/uploads\/2026\/09\/Man_walking_with_heavy_legs_202609021434-1140x636.jpg 1140w, https:\/\/www.tuasaude.com\/news\/wp-content\/uploads\/2026\/09\/Man_walking_with_heavy_legs_202609021434.jpg 1280w\" sizes=\"(max-width: 1024px) 100vw, 1024px\" \/><figcaption class=\"wp-element-caption\">Ficar muito tempo parado reduz a a\u00e7\u00e3o da panturrilha sobre a circula\u00e7\u00e3o.<\/figcaption><\/figure>\n<\/div>\n\n\n<h2 class=\"wp-block-heading\">Quando a dorm\u00eancia e o peso nas pernas merecem avalia\u00e7\u00e3o?<\/h2>\n\n\n\n<p class=\"wp-block-paragraph\">Alguns sinais indicam que o desconforto vai al\u00e9m do cansa\u00e7o comum e precisa ser investigado por um m\u00e9dico angiologista ou vascular. Fique atento aos seguintes sinais.<\/p>\n\n\n\n<ol class=\"wp-block-list\">\n<li><strong>Incha\u00e7o persistente<\/strong> nos tornozelos e p\u00e9s, mesmo ap\u00f3s o repouso<\/li>\n\n\n\n<li><strong>Dor intensa ou s\u00fabita<\/strong> em uma perna, com calor e vermelhid\u00e3o<\/li>\n\n\n\n<li><strong>Aparecimento de varizes<\/strong> acompanhadas de ard\u00eancia ou latejamento<\/li>\n\n\n\n<li><strong>Manchas escuras<\/strong> na pele pr\u00f3xima aos tornozelos<\/li>\n\n\n\n<li><strong>Feridas de dif\u00edcil cicatriza\u00e7\u00e3o<\/strong> nos membros inferiores<\/li>\n\n\n\n<li><strong>Dorm\u00eancia frequente<\/strong> associada a formigamento cont\u00ednuo ou perda de sensibilidade<\/li>\n<\/ol>\n\n\n\n<p class=\"wp-block-paragraph\">Diante de sintomas persistentes, \u00e9 essencial procurar orienta\u00e7\u00e3o m\u00e9dica para investigar a causa e definir o tratamento mais adequado. Somente um profissional pode avaliar o quadro cl\u00ednico completo e indicar exames como o ultrassom com Doppler, quando necess\u00e1rio.<\/p>\n\n\n\n<p class=\"wp-block-paragraph\"><em>Este conte\u00fado tem car\u00e1ter apenas informativo e n\u00e3o substitui a avalia\u00e7\u00e3o, o diagn\u00f3stico ou o tratamento realizados por um profissional de sa\u00fade qualificado.<\/em><\/p>\n","protected":false},"excerpt":{"rendered":"<p>A sensa\u00e7\u00e3o de dorm\u00eancia e peso nas pernas ao fim do dia \u00e9 uma queixa comum entre quem passa longos per\u00edodos em p\u00e9 ou sentado. Na maioria dos casos, esse desconforto est\u00e1 ligado \u00e0 circula\u00e7\u00e3o sangu\u00ednea nos membros inferiores, especialmente quando o retorno do sangue ao cora\u00e7\u00e3o se torna mais lento. Reconhecer as causas mais [&hellip;]<\/p>\n","protected":false},"author":11,"featured_media":107030,"comment_status":"open","ping_status":"open","sticky":false,"template":"","format":"standard","meta":{"_yoast_wpseo_focuskw":"dorm\u00eancia","_yoast_wpseo_title":"","_yoast_wpseo_metadesc":"Pernas pesadas e dormentes ao fim do dia podem ter rela\u00e7\u00e3o com a circula\u00e7\u00e3o. Entenda como ficar muito tempo na mesma posi\u00e7\u00e3o favorece esse desconforto.","jnews-multi-image_gallery":[],"jnews_single_post":{"format":"standard"},"jnews_primary_category":[],"jnews_social_meta":[],"jnews_override_counter":[],"footnotes":""},"categories":[111],"tags":[145,5435,4014,136],"class_list":["post-107019","post","type-post","status-publish","format-standard","has-post-thumbnail","hentry","category-saude","tag-bem-estar","tag-dormencia","tag-pernas","tag-saude"],"yoast_head":"<!-- This site is optimized with the Yoast SEO plugin v26.7 - https:\/\/yoast.com\/wordpress\/plugins\/seo\/ -->\n<title>O que causa dorm\u00eancia e peso nas pernas ao fim do dia - Tua Sa\u00fade<\/title>\n<meta name=\"description\" content=\"Pernas pesadas e dormentes ao fim do dia podem ter rela\u00e7\u00e3o com a circula\u00e7\u00e3o. Entenda como ficar muito tempo na mesma posi\u00e7\u00e3o favorece esse desconforto.\" \/>\n<meta name=\"robots\" content=\"index, follow, max-snippet:-1, max-image-preview:large, max-video-preview:-1\" \/>\n<link rel=\"canonical\" href=\"https:\/\/www.tuasaude.com\/news\/2026\/09\/03\/o-que-causa-dormencia-e-peso-nas-pernas-ao-fim-do-dia\/\" \/>\n<meta property=\"og:locale\" content=\"pt_BR\" \/>\n<meta property=\"og:type\" content=\"article\" \/>\n<meta property=\"og:title\" content=\"O que causa dorm\u00eancia e peso nas pernas ao fim do dia - Tua Sa\u00fade\" \/>\n<meta property=\"og:description\" content=\"Pernas pesadas e dormentes ao fim do dia podem ter rela\u00e7\u00e3o com a circula\u00e7\u00e3o. Entenda como ficar muito tempo na mesma posi\u00e7\u00e3o favorece esse desconforto.\" \/>\n<meta property=\"og:url\" content=\"https:\/\/www.tuasaude.com\/news\/2026\/09\/03\/o-que-causa-dormencia-e-peso-nas-pernas-ao-fim-do-dia\/\" \/>\n<meta property=\"og:site_name\" content=\"Tua Sa\u00fade\" \/>\n<meta property=\"article:published_time\" content=\"2026-09-03T06:30:00+00:00\" \/>\n<meta property=\"og:image\" content=\"https:\/\/www.tuasaude.com\/news\/wp-content\/uploads\/2026\/09\/Woman_rubbing_swollen_ankle_202609021434.jpg\" \/>\n\t<meta property=\"og:image:width\" content=\"1280\" \/>\n\t<meta property=\"og:image:height\" content=\"714\" \/>\n\t<meta property=\"og:image:type\" content=\"image\/jpeg\" \/>\n<meta name=\"author\" content=\"Gessika Julia Carvalho\" \/>\n<meta name=\"twitter:card\" content=\"summary_large_image\" \/>\n<meta name=\"twitter:label1\" content=\"Escrito por\" \/>\n\t<meta name=\"twitter:data1\" content=\"Gessika Julia Carvalho\" \/>\n\t<meta name=\"twitter:label2\" content=\"Est. tempo de leitura\" \/>\n\t<meta name=\"twitter:data2\" content=\"5 minutos\" \/>\n<!-- \/ Yoast SEO plugin. -->","yoast_head_json":{"title":"O que causa dorm\u00eancia e peso nas pernas ao fim do dia - Tua Sa\u00fade","description":"Pernas pesadas e dormentes ao fim do dia podem ter rela\u00e7\u00e3o com a circula\u00e7\u00e3o. Entenda como ficar muito tempo na mesma posi\u00e7\u00e3o favorece esse desconforto.","robots":{"index":"index","follow":"follow","max-snippet":"max-snippet:-1","max-image-preview":"max-image-preview:large","max-video-preview":"max-video-preview:-1"},"canonical":"https:\/\/www.tuasaude.com\/news\/2026\/09\/03\/o-que-causa-dormencia-e-peso-nas-pernas-ao-fim-do-dia\/","og_locale":"pt_BR","og_type":"article","og_title":"O que causa dorm\u00eancia e peso nas pernas ao fim do dia - Tua Sa\u00fade","og_description":"Pernas pesadas e dormentes ao fim do dia podem ter rela\u00e7\u00e3o com a circula\u00e7\u00e3o. Entenda como ficar muito tempo na mesma posi\u00e7\u00e3o favorece esse desconforto.","og_url":"https:\/\/www.tuasaude.com\/news\/2026\/09\/03\/o-que-causa-dormencia-e-peso-nas-pernas-ao-fim-do-dia\/","og_site_name":"Tua Sa\u00fade","article_published_time":"2026-09-03T06:30:00+00:00","og_image":[{"width":1280,"height":714,"url":"https:\/\/www.tuasaude.com\/news\/wp-content\/uploads\/2026\/09\/Woman_rubbing_swollen_ankle_202609021434.jpg","type":"image\/jpeg"}],"author":"Gessika Julia Carvalho","twitter_card":"summary_large_image","twitter_misc":{"Escrito por":"Gessika Julia Carvalho","Est. tempo de leitura":"5 minutos"},"schema":{"@context":"https:\/\/schema.org","@graph":[{"@type":"Article","@id":"https:\/\/www.tuasaude.com\/news\/2026\/09\/03\/o-que-causa-dormencia-e-peso-nas-pernas-ao-fim-do-dia\/#article","isPartOf":{"@id":"https:\/\/www.tuasaude.com\/news\/2026\/09\/03\/o-que-causa-dormencia-e-peso-nas-pernas-ao-fim-do-dia\/"},"author":{"name":"Gessika Julia Carvalho","@id":"https:\/\/www.tuasaude.com\/news\/#\/schema\/person\/2e9df841be69ec84f5d20ddb8d273ac2"},"headline":"O que causa dorm\u00eancia e peso nas pernas ao fim do dia","datePublished":"2026-09-03T06:30:00+00:00","mainEntityOfPage":{"@id":"https:\/\/www.tuasaude.com\/news\/2026\/09\/03\/o-que-causa-dormencia-e-peso-nas-pernas-ao-fim-do-dia\/"},"wordCount":712,"commentCount":0,"image":{"@id":"https:\/\/www.tuasaude.com\/news\/2026\/09\/03\/o-que-causa-dormencia-e-peso-nas-pernas-ao-fim-do-dia\/#primaryimage"},"thumbnailUrl":"https:\/\/www.tuasaude.com\/news\/wp-content\/uploads\/2026\/09\/Woman_rubbing_swollen_ankle_202609021434.jpg","keywords":["bem-estar","dorm\u00eancia","pernas","sa\u00fade"],"articleSection":["Sa\u00fade"],"inLanguage":"pt-BR","potentialAction":[{"@type":"CommentAction","name":"Comment","target":["https:\/\/www.tuasaude.com\/news\/2026\/09\/03\/o-que-causa-dormencia-e-peso-nas-pernas-ao-fim-do-dia\/#respond"]}]},{"@type":"WebPage","@id":"https:\/\/www.tuasaude.com\/news\/2026\/09\/03\/o-que-causa-dormencia-e-peso-nas-pernas-ao-fim-do-dia\/","url":"https:\/\/www.tuasaude.com\/news\/2026\/09\/03\/o-que-causa-dormencia-e-peso-nas-pernas-ao-fim-do-dia\/","name":"O que causa dorm\u00eancia e peso nas pernas ao fim do dia - Tua Sa\u00fade","isPartOf":{"@id":"https:\/\/www.tuasaude.com\/news\/#website"},"primaryImageOfPage":{"@id":"https:\/\/www.tuasaude.com\/news\/2026\/09\/03\/o-que-causa-dormencia-e-peso-nas-pernas-ao-fim-do-dia\/#primaryimage"},"image":{"@id":"https:\/\/www.tuasaude.com\/news\/2026\/09\/03\/o-que-causa-dormencia-e-peso-nas-pernas-ao-fim-do-dia\/#primaryimage"},"thumbnailUrl":"https:\/\/www.tuasaude.com\/news\/wp-content\/uploads\/2026\/09\/Woman_rubbing_swollen_ankle_202609021434.jpg","datePublished":"2026-09-03T06:30:00+00:00","author":{"@id":"https:\/\/www.tuasaude.com\/news\/#\/schema\/person\/2e9df841be69ec84f5d20ddb8d273ac2"},"description":"Pernas pesadas e dormentes ao fim do dia podem ter rela\u00e7\u00e3o com a circula\u00e7\u00e3o. Entenda como ficar muito tempo na mesma posi\u00e7\u00e3o favorece esse desconforto.","breadcrumb":{"@id":"https:\/\/www.tuasaude.com\/news\/2026\/09\/03\/o-que-causa-dormencia-e-peso-nas-pernas-ao-fim-do-dia\/#breadcrumb"},"inLanguage":"pt-BR","potentialAction":[{"@type":"ReadAction","target":["https:\/\/www.tuasaude.com\/news\/2026\/09\/03\/o-que-causa-dormencia-e-peso-nas-pernas-ao-fim-do-dia\/"]}]},{"@type":"ImageObject","inLanguage":"pt-BR","@id":"https:\/\/www.tuasaude.com\/news\/2026\/09\/03\/o-que-causa-dormencia-e-peso-nas-pernas-ao-fim-do-dia\/#primaryimage","url":"https:\/\/www.tuasaude.com\/news\/wp-content\/uploads\/2026\/09\/Woman_rubbing_swollen_ankle_202609021434.jpg","contentUrl":"https:\/\/www.tuasaude.com\/news\/wp-content\/uploads\/2026\/09\/Woman_rubbing_swollen_ankle_202609021434.jpg","width":1280,"height":714,"caption":"O que causa dorm\u00eancia e peso nas pernas ao fim do dia"},{"@type":"BreadcrumbList","@id":"https:\/\/www.tuasaude.com\/news\/2026\/09\/03\/o-que-causa-dormencia-e-peso-nas-pernas-ao-fim-do-dia\/#breadcrumb","itemListElement":[{"@type":"ListItem","position":1,"name":"In\u00edcio","item":"https:\/\/www.tuasaude.com\/news\/"},{"@type":"ListItem","position":2,"name":"O que causa dorm\u00eancia e peso nas pernas ao fim do dia"}]},{"@type":"WebSite","@id":"https:\/\/www.tuasaude.com\/news\/#website","url":"https:\/\/www.tuasaude.com\/news\/","name":"Tua Sa\u00fade","description":"Seu site de sa\u00fade","potentialAction":[{"@type":"SearchAction","target":{"@type":"EntryPoint","urlTemplate":"https:\/\/www.tuasaude.com\/news\/?s={search_term_string}"},"query-input":{"@type":"PropertyValueSpecification","valueRequired":true,"valueName":"search_term_string"}}],"inLanguage":"pt-BR"},{"@type":"Person","@id":"https:\/\/www.tuasaude.com\/news\/#\/schema\/person\/2e9df841be69ec84f5d20ddb8d273ac2","name":"Gessika Julia Carvalho","image":{"@type":"ImageObject","inLanguage":"pt-BR","@id":"https:\/\/www.tuasaude.com\/news\/#\/schema\/person\/image\/","url":"https:\/\/secure.gravatar.com\/avatar\/0fcc8769024577fd0bc6a8b766055690f76a8e8f29dfb2a2f89cf04db8d0f2d2?s=96&d=mm&r=g","contentUrl":"https:\/\/secure.gravatar.com\/avatar\/0fcc8769024577fd0bc6a8b766055690f76a8e8f29dfb2a2f89cf04db8d0f2d2?s=96&d=mm&r=g","caption":"Gessika Julia Carvalho"},"sameAs":["https:\/\/www.tuasaude.com\/news\/"],"url":"https:\/\/www.tuasaude.com\/news\/author\/gessika-julia\/"}]}},"_links":{"self":[{"href":"https:\/\/www.tuasaude.com\/news\/wp-json\/wp\/v2\/posts\/107019","targetHints":{"allow":["GET"]}}],"collection":[{"href":"https:\/\/www.tuasaude.com\/news\/wp-json\/wp\/v2\/posts"}],"about":[{"href":"https:\/\/www.tuasaude.com\/news\/wp-json\/wp\/v2\/types\/post"}],"author":[{"embeddable":true,"href":"https:\/\/www.tuasaude.com\/news\/wp-json\/wp\/v2\/users\/11"}],"replies":[{"embeddable":true,"href":"https:\/\/www.tuasaude.com\/news\/wp-json\/wp\/v2\/comments?post=107019"}],"version-history":[{"count":1,"href":"https:\/\/www.tuasaude.com\/news\/wp-json\/wp\/v2\/posts\/107019\/revisions"}],"predecessor-version":[{"id":107033,"href":"https:\/\/www.tuasaude.com\/news\/wp-json\/wp\/v2\/posts\/107019\/revisions\/107033"}],"wp:featuredmedia":[{"embeddable":true,"href":"https:\/\/www.tuasaude.com\/news\/wp-json\/wp\/v2\/media\/107030"}],"wp:attachment":[{"href":"https:\/\/www.tuasaude.com\/news\/wp-json\/wp\/v2\/media?parent=107019"}],"wp:term":[{"taxonomy":"category","embeddable":true,"href":"https:\/\/www.tuasaude.com\/news\/wp-json\/wp\/v2\/categories?post=107019"},{"taxonomy":"post_tag","embeddable":true,"href":"https:\/\/www.tuasaude.com\/news\/wp-json\/wp\/v2\/tags?post=107019"}],"curies":[{"name":"wp","href":"https:\/\/api.w.org\/{rel}","templated":true}]}}