{"id":106994,"date":"2026-09-03T01:20:00","date_gmt":"2026-09-03T04:20:00","guid":{"rendered":"https:\/\/www.tuasaude.com\/news\/?p=106994"},"modified":"2026-09-02T14:27:58","modified_gmt":"2026-09-02T17:27:58","slug":"a-dificuldade-de-concentracao-pode-ter-uma-causa-alem-do-estresse-o-que-a-ciencia-estuda-sobre-inflamacao-no-organismo","status":"publish","type":"post","link":"https:\/\/www.tuasaude.com\/news\/2026\/09\/03\/a-dificuldade-de-concentracao-pode-ter-uma-causa-alem-do-estresse-o-que-a-ciencia-estuda-sobre-inflamacao-no-organismo\/","title":{"rendered":"A dificuldade de concentra\u00e7\u00e3o pode ter uma causa al\u00e9m do estresse: o que a ci\u00eancia estuda sobre inflama\u00e7\u00e3o no organismo"},"content":{"rendered":"\n<p class=\"wp-block-paragraph\">A dificuldade de manter o foco costuma ser atribu\u00edda apenas ao estresse ou ao cansa\u00e7o, mas pesquisas recentes apontam para outra linha de investiga\u00e7\u00e3o: a inflama\u00e7\u00e3o cr\u00f4nica de baixo grau. Esse processo silencioso, que ocorre sem sintomas evidentes, tem sido estudado como um poss\u00edvel fator envolvido na chamada n\u00e9voa mental, uma sensa\u00e7\u00e3o persistente de racioc\u00ednio lento e pensamento confuso. Ainda n\u00e3o h\u00e1 explica\u00e7\u00f5es definitivas, mas o tema vem ganhando espa\u00e7o na literatura cient\u00edfica.<\/p>\n\n\n\n<h2 class=\"wp-block-heading\">O que \u00e9 a inflama\u00e7\u00e3o de baixo grau?<\/h2>\n\n\n\n<p class=\"wp-block-paragraph\">A inflama\u00e7\u00e3o de baixo grau \u00e9 uma resposta imunol\u00f3gica leve e prolongada, diferente da inflama\u00e7\u00e3o aguda que surge ap\u00f3s uma infec\u00e7\u00e3o ou les\u00e3o. Ela permanece ativa por meses ou anos, sem provocar dor, febre ou vermelhid\u00e3o.<\/p>\n\n\n\n<p class=\"wp-block-paragraph\">Esse estado silencioso \u00e9 mantido por h\u00e1bitos do dia a dia, como alimenta\u00e7\u00e3o desequilibrada, sono inadequado e sedentarismo. Com o tempo, a libera\u00e7\u00e3o cont\u00ednua de citocinas pr\u00f3-inflamat\u00f3rias pode afetar diferentes sistemas do organismo, incluindo o c\u00e9rebro.<\/p>\n\n\n\n<h2 class=\"wp-block-heading\">Como a inflama\u00e7\u00e3o pode se relacionar com a n\u00e9voa mental?<\/h2>\n\n\n\n<p class=\"wp-block-paragraph\">Estudos em andamento sugerem que os mediadores inflamat\u00f3rios circulantes podem atravessar a barreira hematoencef\u00e1lica e influenciar a comunica\u00e7\u00e3o entre os neur\u00f4nios. Essa interfer\u00eancia estaria associada a queixas de lentid\u00e3o de racioc\u00ednio, esquecimentos e dificuldade de concentra\u00e7\u00e3o.<\/p>\n\n\n\n<p class=\"wp-block-paragraph\">\u00c9 importante destacar que se trata de uma linha de investiga\u00e7\u00e3o e n\u00e3o de uma rela\u00e7\u00e3o de causa e efeito comprovada. Ainda assim, os achados refor\u00e7am a import\u00e2ncia de observar sinais persistentes de <a href=\"https:\/\/www.tuasaude.com\/inflamacao\/\" target=\"_blank\" rel=\"noreferrer noopener\">inflama\u00e7\u00e3o<\/a> como parte da avalia\u00e7\u00e3o cl\u00ednica.<\/p>\n\n\n<div class=\"wp-block-image\">\n<figure class=\"aligncenter size-large\"><img decoding=\"async\" width=\"1024\" height=\"571\" src=\"https:\/\/www.tuasaude.com\/news\/wp-content\/uploads\/2026\/09\/Infographic_on_inflammation_and_\u2026_202609021426-1024x571.jpg\" alt=\"Alimenta\u00e7\u00e3o, sono, movimento e manejo do estresse podem modular processos inflamat\u00f3rios.\" class=\"wp-image-107005\" srcset=\"https:\/\/www.tuasaude.com\/news\/wp-content\/uploads\/2026\/09\/Infographic_on_inflammation_and_\u2026_202609021426-1024x571.jpg 1024w, https:\/\/www.tuasaude.com\/news\/wp-content\/uploads\/2026\/09\/Infographic_on_inflammation_and_\u2026_202609021426-300x167.jpg 300w, https:\/\/www.tuasaude.com\/news\/wp-content\/uploads\/2026\/09\/Infographic_on_inflammation_and_\u2026_202609021426-768x428.jpg 768w, https:\/\/www.tuasaude.com\/news\/wp-content\/uploads\/2026\/09\/Infographic_on_inflammation_and_\u2026_202609021426-750x418.jpg 750w, https:\/\/www.tuasaude.com\/news\/wp-content\/uploads\/2026\/09\/Infographic_on_inflammation_and_\u2026_202609021426-1140x636.jpg 1140w, https:\/\/www.tuasaude.com\/news\/wp-content\/uploads\/2026\/09\/Infographic_on_inflammation_and_\u2026_202609021426.jpg 1280w\" sizes=\"(max-width: 1024px) 100vw, 1024px\" \/><figcaption class=\"wp-element-caption\">Alimenta\u00e7\u00e3o, sono, movimento e manejo do estresse podem modular processos inflamat\u00f3rios.<\/figcaption><\/figure>\n<\/div>\n\n\n<h2 class=\"wp-block-heading alignwide\">Quais sinais podem indicar inflama\u00e7\u00e3o cr\u00f4nica silenciosa?<\/h2>\n\n\n\n<p class=\"wp-block-paragraph\">Como esse tipo de inflama\u00e7\u00e3o n\u00e3o apresenta sintomas cl\u00e1ssicos, ela costuma passar despercebida. Alguns sinais inespec\u00edficos, quando frequentes, podem servir de alerta para uma investiga\u00e7\u00e3o m\u00e9dica mais detalhada.<\/p>\n\n\n\n<ul class=\"wp-block-list\">\n<li><strong>Cansa\u00e7o persistente<\/strong>, mesmo ap\u00f3s noites de sono adequadas<\/li>\n\n\n\n<li><strong>Dores musculares ou articulares difusas<\/strong>, sem causa aparente<\/li>\n\n\n\n<li><strong>Altera\u00e7\u00f5es no humor<\/strong>, como irritabilidade e des\u00e2nimo frequente<\/li>\n\n\n\n<li><strong>Sensa\u00e7\u00e3o de racioc\u00ednio mais lento<\/strong>, esquecimentos e dificuldade de concentra\u00e7\u00e3o<\/li>\n\n\n\n<li><strong>Problemas digestivos recorrentes<\/strong>, como distens\u00e3o abdominal e altera\u00e7\u00f5es intestinais<\/li>\n\n\n\n<li><strong>Ganho de peso<\/strong>, especialmente na regi\u00e3o abdominal<\/li>\n<\/ul>\n\n\n\n<h2 class=\"wp-block-heading\">O que dizem os estudos cient\u00edficos sobre inflama\u00e7\u00e3o e cogni\u00e7\u00e3o?<\/h2>\n\n\n\n<p class=\"wp-block-paragraph\">A hip\u00f3tese inflamat\u00f3ria vem sendo explorada em diferentes pesquisas de neuroci\u00eancia. De acordo com o estudo <a href=\"https:\/\/pubmed.ncbi.nlm.nih.gov\/21843630\/\" target=\"_blank\" rel=\"noreferrer noopener\">C-reactive protein is related to memory and medial temporal brain volume in older adults<\/a>, publicado na revista Brain, Behavior, and Immunity e indexado no PubMed, n\u00edveis mais altos de prote\u00edna C-reativa foram associados a pior desempenho em testes de mem\u00f3ria verbal em adultos saud\u00e1veis mais velhos.<\/p>\n\n\n\n<p class=\"wp-block-paragraph\">Os autores ressaltam que a inflama\u00e7\u00e3o de baixo grau pode ter papel relevante no decl\u00ednio cognitivo antes mesmo do surgimento de sinais evidentes de neurodegenera\u00e7\u00e3o. Ainda assim, os pr\u00f3prios pesquisadores destacam que mais investiga\u00e7\u00f5es s\u00e3o necess\u00e1rias para compreender esse mecanismo em pessoas jovens e sem doen\u00e7as associadas.<\/p>\n\n\n<div class=\"wp-block-image\">\n<figure class=\"aligncenter size-large\"><img decoding=\"async\" width=\"1024\" height=\"571\" src=\"https:\/\/www.tuasaude.com\/news\/wp-content\/uploads\/2026\/09\/Man_reading_document_with_inflam\u2026_202609021426-1024x571.jpg\" alt=\"Citocinas inflamat\u00f3rias podem estar relacionadas a racioc\u00ednio lento e dificuldade de foco.\" class=\"wp-image-107006\" srcset=\"https:\/\/www.tuasaude.com\/news\/wp-content\/uploads\/2026\/09\/Man_reading_document_with_inflam\u2026_202609021426-1024x571.jpg 1024w, https:\/\/www.tuasaude.com\/news\/wp-content\/uploads\/2026\/09\/Man_reading_document_with_inflam\u2026_202609021426-300x167.jpg 300w, https:\/\/www.tuasaude.com\/news\/wp-content\/uploads\/2026\/09\/Man_reading_document_with_inflam\u2026_202609021426-768x428.jpg 768w, https:\/\/www.tuasaude.com\/news\/wp-content\/uploads\/2026\/09\/Man_reading_document_with_inflam\u2026_202609021426-750x418.jpg 750w, https:\/\/www.tuasaude.com\/news\/wp-content\/uploads\/2026\/09\/Man_reading_document_with_inflam\u2026_202609021426-1140x636.jpg 1140w, https:\/\/www.tuasaude.com\/news\/wp-content\/uploads\/2026\/09\/Man_reading_document_with_inflam\u2026_202609021426.jpg 1280w\" sizes=\"(max-width: 1024px) 100vw, 1024px\" \/><figcaption class=\"wp-element-caption\">Citocinas inflamat\u00f3rias podem estar relacionadas a racioc\u00ednio lento e dificuldade de foco.<\/figcaption><\/figure>\n<\/div>\n\n\n<h2 class=\"wp-block-heading\">Quais h\u00e1bitos podem ajudar a reduzir a inflama\u00e7\u00e3o?<\/h2>\n\n\n\n<p class=\"wp-block-paragraph\">Ajustes no estilo de vida s\u00e3o o caminho mais estudado para modular processos inflamat\u00f3rios silenciosos e, indiretamente, contribuir para o bem-estar mental e para a <a href=\"https:\/\/www.tuasaude.com\/como-evitar-a-perda-da-memoria\/\" target=\"_blank\" rel=\"noreferrer noopener\">mem\u00f3ria<\/a>.<\/p>\n\n\n\n<ol class=\"wp-block-list\">\n<li><strong>Priorizar uma alimenta\u00e7\u00e3o anti-inflamat\u00f3ria<\/strong>, rica em vegetais, frutas, peixes, azeite de oliva e oleaginosas<\/li>\n\n\n\n<li><strong>Reduzir ultraprocessados<\/strong>, a\u00e7\u00facar refinado e gorduras trans<\/li>\n\n\n\n<li><strong>Praticar atividade f\u00edsica regularmente<\/strong>, ao menos 150 minutos por semana<\/li>\n\n\n\n<li><strong>Manter boas noites de sono<\/strong>, com rotina e ambiente adequados<\/li>\n\n\n\n<li><strong>Gerenciar o estresse<\/strong> por meio de medita\u00e7\u00e3o, respira\u00e7\u00e3o ou psicoterapia<\/li>\n\n\n\n<li><strong>Evitar o tabagismo<\/strong> e moderar o consumo de bebidas alco\u00f3licas<\/li>\n<\/ol>\n\n\n\n<p class=\"wp-block-paragraph\">Quando a dificuldade de concentra\u00e7\u00e3o se torna frequente ou vem acompanhada de outros sintomas persistentes, \u00e9 fundamental procurar orienta\u00e7\u00e3o m\u00e9dica. A avalia\u00e7\u00e3o profissional \u00e9 o \u00fanico caminho seguro para investigar poss\u00edveis causas e definir o tratamento mais adequado para cada caso.<\/p>\n\n\n\n<p class=\"wp-block-paragraph\"><em>Este conte\u00fado tem car\u00e1ter apenas informativo e n\u00e3o substitui a avalia\u00e7\u00e3o, o diagn\u00f3stico ou o tratamento realizados por um profissional de sa\u00fade qualificado.<\/em><\/p>\n","protected":false},"excerpt":{"rendered":"<p>A dificuldade de manter o foco costuma ser atribu\u00edda apenas ao estresse ou ao cansa\u00e7o, mas pesquisas recentes apontam para outra linha de investiga\u00e7\u00e3o: a inflama\u00e7\u00e3o cr\u00f4nica de baixo grau. Esse processo silencioso, que ocorre sem sintomas evidentes, tem sido estudado como um poss\u00edvel fator envolvido na chamada n\u00e9voa mental, uma sensa\u00e7\u00e3o persistente de racioc\u00ednio [&hellip;]<\/p>\n","protected":false},"author":11,"featured_media":107003,"comment_status":"open","ping_status":"open","sticky":false,"template":"","format":"standard","meta":{"_yoast_wpseo_focuskw":"concentra\u00e7\u00e3o estresse","_yoast_wpseo_title":"","_yoast_wpseo_metadesc":"Inflama\u00e7\u00e3o de baixo grau pode estar associada \u00e0 n\u00e9voa mental, esquecimentos e racioc\u00ednio lento. Entenda o que estudos investigam sobre essa poss\u00edvel rela\u00e7\u00e3o.","jnews-multi-image_gallery":[],"jnews_single_post":{"format":"standard"},"jnews_primary_category":[],"jnews_social_meta":[],"jnews_override_counter":[],"footnotes":""},"categories":[111],"tags":[1782,177,1060,136],"class_list":["post-106994","post","type-post","status-publish","format-standard","has-post-thumbnail","hentry","category-saude","tag-concentracao","tag-estresse","tag-inflamacao","tag-saude"],"yoast_head":"<!-- This site is optimized with the Yoast SEO plugin v26.7 - https:\/\/yoast.com\/wordpress\/plugins\/seo\/ -->\n<title>A dificuldade de concentra\u00e7\u00e3o pode ter uma causa al\u00e9m do estresse: o que a ci\u00eancia estuda sobre inflama\u00e7\u00e3o no organismo - Tua Sa\u00fade<\/title>\n<meta name=\"description\" content=\"Inflama\u00e7\u00e3o de baixo grau pode estar associada \u00e0 n\u00e9voa mental, esquecimentos e racioc\u00ednio lento. Entenda o que estudos investigam sobre essa poss\u00edvel rela\u00e7\u00e3o.\" \/>\n<meta name=\"robots\" content=\"index, follow, max-snippet:-1, max-image-preview:large, max-video-preview:-1\" \/>\n<link rel=\"canonical\" href=\"https:\/\/www.tuasaude.com\/news\/2026\/09\/03\/a-dificuldade-de-concentracao-pode-ter-uma-causa-alem-do-estresse-o-que-a-ciencia-estuda-sobre-inflamacao-no-organismo\/\" \/>\n<meta property=\"og:locale\" content=\"pt_BR\" \/>\n<meta property=\"og:type\" content=\"article\" \/>\n<meta property=\"og:title\" content=\"A dificuldade de concentra\u00e7\u00e3o pode ter uma causa al\u00e9m do estresse: o que a ci\u00eancia estuda sobre inflama\u00e7\u00e3o no organismo - Tua Sa\u00fade\" \/>\n<meta property=\"og:description\" content=\"Inflama\u00e7\u00e3o de baixo grau pode estar associada \u00e0 n\u00e9voa mental, esquecimentos e racioc\u00ednio lento. Entenda o que estudos investigam sobre essa poss\u00edvel rela\u00e7\u00e3o.\" \/>\n<meta property=\"og:url\" content=\"https:\/\/www.tuasaude.com\/news\/2026\/09\/03\/a-dificuldade-de-concentracao-pode-ter-uma-causa-alem-do-estresse-o-que-a-ciencia-estuda-sobre-inflamacao-no-organismo\/\" \/>\n<meta property=\"og:site_name\" content=\"Tua Sa\u00fade\" \/>\n<meta property=\"article:published_time\" content=\"2026-09-03T04:20:00+00:00\" \/>\n<meta property=\"og:image\" content=\"https:\/\/www.tuasaude.com\/news\/wp-content\/uploads\/2026\/09\/Woman_experiencing_brain_fog_at_202609021426.jpg\" \/>\n\t<meta property=\"og:image:width\" content=\"1280\" \/>\n\t<meta property=\"og:image:height\" content=\"714\" \/>\n\t<meta property=\"og:image:type\" content=\"image\/jpeg\" \/>\n<meta name=\"author\" content=\"Gessika Julia Carvalho\" \/>\n<meta name=\"twitter:card\" content=\"summary_large_image\" \/>\n<meta name=\"twitter:label1\" content=\"Escrito por\" \/>\n\t<meta name=\"twitter:data1\" content=\"Gessika Julia Carvalho\" \/>\n\t<meta name=\"twitter:label2\" content=\"Est. tempo de leitura\" \/>\n\t<meta name=\"twitter:data2\" content=\"5 minutos\" \/>\n<!-- \/ Yoast SEO plugin. -->","yoast_head_json":{"title":"A dificuldade de concentra\u00e7\u00e3o pode ter uma causa al\u00e9m do estresse: o que a ci\u00eancia estuda sobre inflama\u00e7\u00e3o no organismo - Tua Sa\u00fade","description":"Inflama\u00e7\u00e3o de baixo grau pode estar associada \u00e0 n\u00e9voa mental, esquecimentos e racioc\u00ednio lento. Entenda o que estudos investigam sobre essa poss\u00edvel rela\u00e7\u00e3o.","robots":{"index":"index","follow":"follow","max-snippet":"max-snippet:-1","max-image-preview":"max-image-preview:large","max-video-preview":"max-video-preview:-1"},"canonical":"https:\/\/www.tuasaude.com\/news\/2026\/09\/03\/a-dificuldade-de-concentracao-pode-ter-uma-causa-alem-do-estresse-o-que-a-ciencia-estuda-sobre-inflamacao-no-organismo\/","og_locale":"pt_BR","og_type":"article","og_title":"A dificuldade de concentra\u00e7\u00e3o pode ter uma causa al\u00e9m do estresse: o que a ci\u00eancia estuda sobre inflama\u00e7\u00e3o no organismo - Tua Sa\u00fade","og_description":"Inflama\u00e7\u00e3o de baixo grau pode estar associada \u00e0 n\u00e9voa mental, esquecimentos e racioc\u00ednio lento. Entenda o que estudos investigam sobre essa poss\u00edvel rela\u00e7\u00e3o.","og_url":"https:\/\/www.tuasaude.com\/news\/2026\/09\/03\/a-dificuldade-de-concentracao-pode-ter-uma-causa-alem-do-estresse-o-que-a-ciencia-estuda-sobre-inflamacao-no-organismo\/","og_site_name":"Tua Sa\u00fade","article_published_time":"2026-09-03T04:20:00+00:00","og_image":[{"width":1280,"height":714,"url":"https:\/\/www.tuasaude.com\/news\/wp-content\/uploads\/2026\/09\/Woman_experiencing_brain_fog_at_202609021426.jpg","type":"image\/jpeg"}],"author":"Gessika Julia Carvalho","twitter_card":"summary_large_image","twitter_misc":{"Escrito por":"Gessika Julia Carvalho","Est. tempo de leitura":"5 minutos"},"schema":{"@context":"https:\/\/schema.org","@graph":[{"@type":"Article","@id":"https:\/\/www.tuasaude.com\/news\/2026\/09\/03\/a-dificuldade-de-concentracao-pode-ter-uma-causa-alem-do-estresse-o-que-a-ciencia-estuda-sobre-inflamacao-no-organismo\/#article","isPartOf":{"@id":"https:\/\/www.tuasaude.com\/news\/2026\/09\/03\/a-dificuldade-de-concentracao-pode-ter-uma-causa-alem-do-estresse-o-que-a-ciencia-estuda-sobre-inflamacao-no-organismo\/"},"author":{"name":"Gessika Julia Carvalho","@id":"https:\/\/www.tuasaude.com\/news\/#\/schema\/person\/2e9df841be69ec84f5d20ddb8d273ac2"},"headline":"A dificuldade de concentra\u00e7\u00e3o pode ter uma causa al\u00e9m do estresse: o que a ci\u00eancia estuda sobre inflama\u00e7\u00e3o no organismo","datePublished":"2026-09-03T04:20:00+00:00","mainEntityOfPage":{"@id":"https:\/\/www.tuasaude.com\/news\/2026\/09\/03\/a-dificuldade-de-concentracao-pode-ter-uma-causa-alem-do-estresse-o-que-a-ciencia-estuda-sobre-inflamacao-no-organismo\/"},"wordCount":750,"commentCount":0,"image":{"@id":"https:\/\/www.tuasaude.com\/news\/2026\/09\/03\/a-dificuldade-de-concentracao-pode-ter-uma-causa-alem-do-estresse-o-que-a-ciencia-estuda-sobre-inflamacao-no-organismo\/#primaryimage"},"thumbnailUrl":"https:\/\/www.tuasaude.com\/news\/wp-content\/uploads\/2026\/09\/Woman_experiencing_brain_fog_at_202609021426.jpg","keywords":["concentra\u00e7\u00e3o","estresse","inflama\u00e7\u00e3o","sa\u00fade"],"articleSection":["Sa\u00fade"],"inLanguage":"pt-BR","potentialAction":[{"@type":"CommentAction","name":"Comment","target":["https:\/\/www.tuasaude.com\/news\/2026\/09\/03\/a-dificuldade-de-concentracao-pode-ter-uma-causa-alem-do-estresse-o-que-a-ciencia-estuda-sobre-inflamacao-no-organismo\/#respond"]}]},{"@type":"WebPage","@id":"https:\/\/www.tuasaude.com\/news\/2026\/09\/03\/a-dificuldade-de-concentracao-pode-ter-uma-causa-alem-do-estresse-o-que-a-ciencia-estuda-sobre-inflamacao-no-organismo\/","url":"https:\/\/www.tuasaude.com\/news\/2026\/09\/03\/a-dificuldade-de-concentracao-pode-ter-uma-causa-alem-do-estresse-o-que-a-ciencia-estuda-sobre-inflamacao-no-organismo\/","name":"A dificuldade de concentra\u00e7\u00e3o pode ter uma causa al\u00e9m do estresse: o que a ci\u00eancia estuda sobre inflama\u00e7\u00e3o no organismo - Tua Sa\u00fade","isPartOf":{"@id":"https:\/\/www.tuasaude.com\/news\/#website"},"primaryImageOfPage":{"@id":"https:\/\/www.tuasaude.com\/news\/2026\/09\/03\/a-dificuldade-de-concentracao-pode-ter-uma-causa-alem-do-estresse-o-que-a-ciencia-estuda-sobre-inflamacao-no-organismo\/#primaryimage"},"image":{"@id":"https:\/\/www.tuasaude.com\/news\/2026\/09\/03\/a-dificuldade-de-concentracao-pode-ter-uma-causa-alem-do-estresse-o-que-a-ciencia-estuda-sobre-inflamacao-no-organismo\/#primaryimage"},"thumbnailUrl":"https:\/\/www.tuasaude.com\/news\/wp-content\/uploads\/2026\/09\/Woman_experiencing_brain_fog_at_202609021426.jpg","datePublished":"2026-09-03T04:20:00+00:00","author":{"@id":"https:\/\/www.tuasaude.com\/news\/#\/schema\/person\/2e9df841be69ec84f5d20ddb8d273ac2"},"description":"Inflama\u00e7\u00e3o de baixo grau pode estar associada \u00e0 n\u00e9voa mental, esquecimentos e racioc\u00ednio lento. Entenda o que estudos investigam sobre essa poss\u00edvel rela\u00e7\u00e3o.","breadcrumb":{"@id":"https:\/\/www.tuasaude.com\/news\/2026\/09\/03\/a-dificuldade-de-concentracao-pode-ter-uma-causa-alem-do-estresse-o-que-a-ciencia-estuda-sobre-inflamacao-no-organismo\/#breadcrumb"},"inLanguage":"pt-BR","potentialAction":[{"@type":"ReadAction","target":["https:\/\/www.tuasaude.com\/news\/2026\/09\/03\/a-dificuldade-de-concentracao-pode-ter-uma-causa-alem-do-estresse-o-que-a-ciencia-estuda-sobre-inflamacao-no-organismo\/"]}]},{"@type":"ImageObject","inLanguage":"pt-BR","@id":"https:\/\/www.tuasaude.com\/news\/2026\/09\/03\/a-dificuldade-de-concentracao-pode-ter-uma-causa-alem-do-estresse-o-que-a-ciencia-estuda-sobre-inflamacao-no-organismo\/#primaryimage","url":"https:\/\/www.tuasaude.com\/news\/wp-content\/uploads\/2026\/09\/Woman_experiencing_brain_fog_at_202609021426.jpg","contentUrl":"https:\/\/www.tuasaude.com\/news\/wp-content\/uploads\/2026\/09\/Woman_experiencing_brain_fog_at_202609021426.jpg","width":1280,"height":714,"caption":"A dificuldade de concentra\u00e7\u00e3o pode ter uma causa al\u00e9m do estresse: o que a ci\u00eancia estuda sobre inflama\u00e7\u00e3o no organismo"},{"@type":"BreadcrumbList","@id":"https:\/\/www.tuasaude.com\/news\/2026\/09\/03\/a-dificuldade-de-concentracao-pode-ter-uma-causa-alem-do-estresse-o-que-a-ciencia-estuda-sobre-inflamacao-no-organismo\/#breadcrumb","itemListElement":[{"@type":"ListItem","position":1,"name":"In\u00edcio","item":"https:\/\/www.tuasaude.com\/news\/"},{"@type":"ListItem","position":2,"name":"A dificuldade de concentra\u00e7\u00e3o pode ter uma causa al\u00e9m do estresse: o que a ci\u00eancia estuda sobre inflama\u00e7\u00e3o no organismo"}]},{"@type":"WebSite","@id":"https:\/\/www.tuasaude.com\/news\/#website","url":"https:\/\/www.tuasaude.com\/news\/","name":"Tua Sa\u00fade","description":"Seu site de sa\u00fade","potentialAction":[{"@type":"SearchAction","target":{"@type":"EntryPoint","urlTemplate":"https:\/\/www.tuasaude.com\/news\/?s={search_term_string}"},"query-input":{"@type":"PropertyValueSpecification","valueRequired":true,"valueName":"search_term_string"}}],"inLanguage":"pt-BR"},{"@type":"Person","@id":"https:\/\/www.tuasaude.com\/news\/#\/schema\/person\/2e9df841be69ec84f5d20ddb8d273ac2","name":"Gessika Julia Carvalho","image":{"@type":"ImageObject","inLanguage":"pt-BR","@id":"https:\/\/www.tuasaude.com\/news\/#\/schema\/person\/image\/","url":"https:\/\/secure.gravatar.com\/avatar\/0fcc8769024577fd0bc6a8b766055690f76a8e8f29dfb2a2f89cf04db8d0f2d2?s=96&d=mm&r=g","contentUrl":"https:\/\/secure.gravatar.com\/avatar\/0fcc8769024577fd0bc6a8b766055690f76a8e8f29dfb2a2f89cf04db8d0f2d2?s=96&d=mm&r=g","caption":"Gessika Julia Carvalho"},"sameAs":["https:\/\/www.tuasaude.com\/news\/"],"url":"https:\/\/www.tuasaude.com\/news\/author\/gessika-julia\/"}]}},"_links":{"self":[{"href":"https:\/\/www.tuasaude.com\/news\/wp-json\/wp\/v2\/posts\/106994","targetHints":{"allow":["GET"]}}],"collection":[{"href":"https:\/\/www.tuasaude.com\/news\/wp-json\/wp\/v2\/posts"}],"about":[{"href":"https:\/\/www.tuasaude.com\/news\/wp-json\/wp\/v2\/types\/post"}],"author":[{"embeddable":true,"href":"https:\/\/www.tuasaude.com\/news\/wp-json\/wp\/v2\/users\/11"}],"replies":[{"embeddable":true,"href":"https:\/\/www.tuasaude.com\/news\/wp-json\/wp\/v2\/comments?post=106994"}],"version-history":[{"count":1,"href":"https:\/\/www.tuasaude.com\/news\/wp-json\/wp\/v2\/posts\/106994\/revisions"}],"predecessor-version":[{"id":107007,"href":"https:\/\/www.tuasaude.com\/news\/wp-json\/wp\/v2\/posts\/106994\/revisions\/107007"}],"wp:featuredmedia":[{"embeddable":true,"href":"https:\/\/www.tuasaude.com\/news\/wp-json\/wp\/v2\/media\/107003"}],"wp:attachment":[{"href":"https:\/\/www.tuasaude.com\/news\/wp-json\/wp\/v2\/media?parent=106994"}],"wp:term":[{"taxonomy":"category","embeddable":true,"href":"https:\/\/www.tuasaude.com\/news\/wp-json\/wp\/v2\/categories?post=106994"},{"taxonomy":"post_tag","embeddable":true,"href":"https:\/\/www.tuasaude.com\/news\/wp-json\/wp\/v2\/tags?post=106994"}],"curies":[{"name":"wp","href":"https:\/\/api.w.org\/{rel}","templated":true}]}}