{"id":106985,"date":"2026-09-03T00:40:00","date_gmt":"2026-09-03T03:40:00","guid":{"rendered":"https:\/\/www.tuasaude.com\/news\/?p=106985"},"modified":"2026-09-02T14:22:16","modified_gmt":"2026-09-02T17:22:16","slug":"o-que-causa-dor-no-calcanhar-ao-dar-os-primeiros-passos-do-dia","status":"publish","type":"post","link":"https:\/\/www.tuasaude.com\/news\/2026\/09\/03\/o-que-causa-dor-no-calcanhar-ao-dar-os-primeiros-passos-do-dia\/","title":{"rendered":"O que causa dor no calcanhar ao dar os primeiros passos do dia"},"content":{"rendered":"\n<p class=\"wp-block-paragraph\">A dor no calcanhar logo ao levantar da cama costuma ser causada pela <strong>fascite plantar<\/strong>, uma inflama\u00e7\u00e3o da f\u00e1scia plantar, tecido fibroso que sustenta a sola do p\u00e9. Durante o sono, esse tecido se contrai e, ao apoiar o p\u00e9 no ch\u00e3o pela manh\u00e3, sofre um estiramento brusco que provoca a dor caracter\u00edstica em fisgada. Entender por que isso acontece \u00e9 o primeiro passo para tratar o inc\u00f4modo e evitar que ele se torne cr\u00f4nico.<\/p>\n\n\n\n<h2 class=\"wp-block-heading\">Por que a dor aparece justamente pela manh\u00e3?<\/h2>\n\n\n\n<p class=\"wp-block-paragraph\">Durante a noite, o p\u00e9 permanece em posi\u00e7\u00e3o relaxada e a f\u00e1scia plantar encurta levemente. Ao levantar, o peso do corpo for\u00e7a esse tecido a se alongar de forma repentina, gerando microles\u00f5es e a sensa\u00e7\u00e3o de pontada aguda embaixo do calcanhar.<\/p>\n\n\n\n<p class=\"wp-block-paragraph\">Ap\u00f3s alguns minutos caminhando, a f\u00e1scia se aquece e ganha elasticidade, o que reduz o desconforto. Por\u00e9m, a dor tende a retornar depois de longos per\u00edodos parado ou ao final do dia, quando o p\u00e9 j\u00e1 est\u00e1 sobrecarregado por horas de atividade.<\/p>\n\n\n\n<h2 class=\"wp-block-heading\">Quais s\u00e3o as principais causas dessa inflama\u00e7\u00e3o?<\/h2>\n\n\n\n<p class=\"wp-block-paragraph\">Diversos fatores podem sobrecarregar a f\u00e1scia plantar e desencadear o quadro inflamat\u00f3rio conhecido como <a href=\"https:\/\/www.tuasaude.com\/fascite-plantar\/\" target=\"_blank\" rel=\"noreferrer noopener\">fascite plantar<\/a>. Identificar o gatilho \u00e9 essencial para escolher o tratamento adequado e prevenir novas crises, especialmente em pessoas que passam muitas horas em p\u00e9 ou praticam atividades de impacto.<\/p>\n\n\n\n<p class=\"wp-block-paragraph\">Entre as causas mais frequentes est\u00e3o:<\/p>\n\n\n\n<ul class=\"wp-block-list\">\n<li><strong>Sobrepeso e obesidade<\/strong>, que aumentam a carga sobre o calcanhar a cada passo<\/li>\n\n\n\n<li>Uso de <strong>cal\u00e7ados inadequados<\/strong>, sem amortecimento ou com solado muito duro<\/li>\n\n\n\n<li>Pr\u00e1tica de corrida ou caminhada em superf\u00edcies r\u00edgidas sem preparo f\u00edsico<\/li>\n\n\n\n<li>P\u00e9 chato ou p\u00e9 cavo, altera\u00e7\u00f5es que modificam a distribui\u00e7\u00e3o do peso<\/li>\n\n\n\n<li>Encurtamento do tend\u00e3o de Aquiles e da musculatura da panturrilha<\/li>\n\n\n\n<li>Permanecer muitas horas em p\u00e9, comum em profissionais da sa\u00fade, vendedores e professores<\/li>\n\n\n\n<li>Envelhecimento natural do tecido plantar, mais frequente entre 40 e 60 anos<\/li>\n<\/ul>\n\n\n<div class=\"wp-block-image\">\n<figure class=\"aligncenter size-large\"><img decoding=\"async\" width=\"1024\" height=\"571\" src=\"https:\/\/www.tuasaude.com\/news\/wp-content\/uploads\/2026\/09\/Medical_infographic_about_heel_pain_202609021420-1024x571.jpg\" alt=\"Alongamento, cal\u00e7ados, gelo e controle de carga ajudam na fascite plantar.\" class=\"wp-image-106991\" srcset=\"https:\/\/www.tuasaude.com\/news\/wp-content\/uploads\/2026\/09\/Medical_infographic_about_heel_pain_202609021420-1024x571.jpg 1024w, https:\/\/www.tuasaude.com\/news\/wp-content\/uploads\/2026\/09\/Medical_infographic_about_heel_pain_202609021420-300x167.jpg 300w, https:\/\/www.tuasaude.com\/news\/wp-content\/uploads\/2026\/09\/Medical_infographic_about_heel_pain_202609021420-768x428.jpg 768w, https:\/\/www.tuasaude.com\/news\/wp-content\/uploads\/2026\/09\/Medical_infographic_about_heel_pain_202609021420-750x418.jpg 750w, https:\/\/www.tuasaude.com\/news\/wp-content\/uploads\/2026\/09\/Medical_infographic_about_heel_pain_202609021420-1140x636.jpg 1140w, https:\/\/www.tuasaude.com\/news\/wp-content\/uploads\/2026\/09\/Medical_infographic_about_heel_pain_202609021420.jpg 1280w\" sizes=\"(max-width: 1024px) 100vw, 1024px\" \/><figcaption class=\"wp-element-caption\">Alongamento, cal\u00e7ados, gelo e controle de carga ajudam na fascite plantar.<\/figcaption><\/figure>\n<\/div>\n\n\n<h2 class=\"wp-block-heading\">Como um estudo cient\u00edfico confirma a origem do problema<\/h2>\n\n\n\n<p class=\"wp-block-paragraph\">Pesquisas recentes refor\u00e7am que a fascite plantar \u00e9 a principal respons\u00e1vel pela dor matinal no calcanhar e que fatores mec\u00e2nicos t\u00eam papel decisivo. De acordo com a revis\u00e3o <a href=\"https:\/\/www.ncbi.nlm.nih.gov\/books\/NBK431073\/\" target=\"_blank\" rel=\"noreferrer noopener\">Plantar Fasciitis<\/a>, publicada na base StatPearls da National Library of Medicine dos Estados Unidos, a condi\u00e7\u00e3o afeta cerca de 10% da popula\u00e7\u00e3o ao longo da vida e est\u00e1 fortemente ligada ao sobrepeso, ao encurtamento muscular e ao uso prolongado de cal\u00e7ados sem suporte adequado.<\/p>\n\n\n\n<p class=\"wp-block-paragraph\">O trabalho tamb\u00e9m aponta que a dor caracter\u00edstica ao dar os primeiros passos ocorre porque a f\u00e1scia sofre repetidos ciclos de estiramento e cicatriza\u00e7\u00e3o durante o repouso, o que perpetua o processo inflamat\u00f3rio se n\u00e3o houver interven\u00e7\u00e3o precoce.<\/p>\n\n\n\n<h2 class=\"wp-block-heading\">Quais cuidados simples ajudam a aliviar a dor?<\/h2>\n\n\n\n<p class=\"wp-block-paragraph\">Medidas conservadoras costumam trazer boa resposta na maioria dos casos, especialmente quando adotadas logo nos primeiros sinais. Manter uma rotina de autocuidado reduz a inflama\u00e7\u00e3o e previne reca\u00eddas, sendo indicada mesmo antes de recorrer a tratamentos medicamentosos.<\/p>\n\n\n\n<p class=\"wp-block-paragraph\">Confira orienta\u00e7\u00f5es pr\u00e1ticas que auxiliam no al\u00edvio:<\/p>\n\n\n\n<ol class=\"wp-block-list\">\n<li>Aplicar compressa de gelo no calcanhar por 15 a 20 minutos, duas vezes ao dia<\/li>\n\n\n\n<li>Alongar a f\u00e1scia e a panturrilha antes de sair da cama, esticando o p\u00e9 em dire\u00e7\u00e3o ao corpo<\/li>\n\n\n\n<li>Rolar uma bolinha de t\u00eanis ou garrafa gelada sob o p\u00e9 para massagear a regi\u00e3o<\/li>\n\n\n\n<li>Usar cal\u00e7ados confort\u00e1veis, com bom amortecimento e suporte para o arco plantar<\/li>\n\n\n\n<li>Evitar andar descal\u00e7o em pisos duros, principalmente logo ao acordar<\/li>\n\n\n\n<li>Manter o peso corporal adequado para reduzir a carga sobre os p\u00e9s<\/li>\n\n\n\n<li>Fortalecer a musculatura da panturrilha e do pr\u00f3prio p\u00e9 com exerc\u00edcios orientados<\/li>\n<\/ol>\n\n\n<div class=\"wp-block-image\">\n<figure class=\"aligncenter size-large\"><img decoding=\"async\" width=\"1024\" height=\"571\" src=\"https:\/\/www.tuasaude.com\/news\/wp-content\/uploads\/2026\/09\/Woman_reacting_to_heel_pain_202609021420-1024x571.jpg\" alt=\"Ao apoiar o p\u00e9 pela manh\u00e3, a f\u00e1scia encurtada sofre estiramento brusco.\" class=\"wp-image-106992\" srcset=\"https:\/\/www.tuasaude.com\/news\/wp-content\/uploads\/2026\/09\/Woman_reacting_to_heel_pain_202609021420-1024x571.jpg 1024w, https:\/\/www.tuasaude.com\/news\/wp-content\/uploads\/2026\/09\/Woman_reacting_to_heel_pain_202609021420-300x167.jpg 300w, https:\/\/www.tuasaude.com\/news\/wp-content\/uploads\/2026\/09\/Woman_reacting_to_heel_pain_202609021420-768x428.jpg 768w, https:\/\/www.tuasaude.com\/news\/wp-content\/uploads\/2026\/09\/Woman_reacting_to_heel_pain_202609021420-750x418.jpg 750w, https:\/\/www.tuasaude.com\/news\/wp-content\/uploads\/2026\/09\/Woman_reacting_to_heel_pain_202609021420-1140x636.jpg 1140w, https:\/\/www.tuasaude.com\/news\/wp-content\/uploads\/2026\/09\/Woman_reacting_to_heel_pain_202609021420.jpg 1280w\" sizes=\"(max-width: 1024px) 100vw, 1024px\" \/><figcaption class=\"wp-element-caption\">Ao apoiar o p\u00e9 pela manh\u00e3, a f\u00e1scia encurtada sofre estiramento brusco.<\/figcaption><\/figure>\n<\/div>\n\n\n<h2 class=\"wp-block-heading\">Quando \u00e9 preciso procurar atendimento?<\/h2>\n\n\n\n<p class=\"wp-block-paragraph\">Se a dor persistir por mais de duas semanas mesmo com os cuidados caseiros, se houver incha\u00e7o importante, vermelhid\u00e3o ou dificuldade para apoiar o p\u00e9, \u00e9 necess\u00e1rio buscar avalia\u00e7\u00e3o especializada. Um <a href=\"https:\/\/www.tuasaude.com\/ortopedista\/\" target=\"_blank\" rel=\"noreferrer noopener\">ortopedista<\/a> pode indicar exames de imagem, fisioterapia, palmilhas ortop\u00e9dicas ou outras abordagens conforme a gravidade do caso.<\/p>\n\n\n\n<p class=\"wp-block-paragraph\">Sinais como dorm\u00eancia, formigamento ou dor que se irradia para outras regi\u00f5es do p\u00e9 tamb\u00e9m merecem aten\u00e7\u00e3o, pois podem indicar comprometimento de nervos ou outras condi\u00e7\u00f5es que exigem investiga\u00e7\u00e3o com <a href=\"https:\/\/www.tuasaude.com\/especialistas-em-fascite-plantar\/\" target=\"_blank\" rel=\"noreferrer noopener\">especialistas em fascite plantar<\/a> e diagn\u00f3stico diferencial adequado.<\/p>\n\n\n\n<p class=\"wp-block-paragraph\"><em>Este conte\u00fado tem car\u00e1ter apenas informativo e n\u00e3o substitui a avalia\u00e7\u00e3o m\u00e9dica presencial. Consulte sempre um profissional de sa\u00fade qualificado para diagn\u00f3stico e tratamento adequados ao seu caso.<\/em><\/p>\n","protected":false},"excerpt":{"rendered":"<p>A dor no calcanhar logo ao levantar da cama costuma ser causada pela fascite plantar, uma inflama\u00e7\u00e3o da f\u00e1scia plantar, tecido fibroso que sustenta a sola do p\u00e9. Durante o sono, esse tecido se contrai e, ao apoiar o p\u00e9 no ch\u00e3o pela manh\u00e3, sofre um estiramento brusco que provoca a dor caracter\u00edstica em fisgada. [&hellip;]<\/p>\n","protected":false},"author":11,"featured_media":106990,"comment_status":"open","ping_status":"open","sticky":false,"template":"","format":"standard","meta":{"_yoast_wpseo_focuskw":"calcanhar","_yoast_wpseo_title":"","_yoast_wpseo_metadesc":"A dor no calcanhar nos primeiros passos do dia costuma estar ligada \u00e0 fascite plantar. Entenda o que provoca a fisgada e quais cuidados ajudam no al\u00edvio.","jnews-multi-image_gallery":[],"jnews_single_post":{"format":"standard"},"jnews_primary_category":[],"jnews_social_meta":[],"jnews_override_counter":[],"footnotes":""},"categories":[111],"tags":[145,8191,4614,136],"class_list":["post-106985","post","type-post","status-publish","format-standard","has-post-thumbnail","hentry","category-saude","tag-bem-estar","tag-calcanhar","tag-dor-no-calcanhar","tag-saude"],"yoast_head":"<!-- This site is optimized with the Yoast SEO plugin v26.7 - https:\/\/yoast.com\/wordpress\/plugins\/seo\/ -->\n<title>O que causa dor no calcanhar ao dar os primeiros passos do dia - Tua Sa\u00fade<\/title>\n<meta name=\"description\" content=\"A dor no calcanhar nos primeiros passos do dia costuma estar ligada \u00e0 fascite plantar. Entenda o que provoca a fisgada e quais cuidados ajudam no al\u00edvio.\" \/>\n<meta name=\"robots\" content=\"index, follow, max-snippet:-1, max-image-preview:large, max-video-preview:-1\" \/>\n<link rel=\"canonical\" href=\"https:\/\/www.tuasaude.com\/news\/2026\/09\/03\/o-que-causa-dor-no-calcanhar-ao-dar-os-primeiros-passos-do-dia\/\" \/>\n<meta property=\"og:locale\" content=\"pt_BR\" \/>\n<meta property=\"og:type\" content=\"article\" \/>\n<meta property=\"og:title\" content=\"O que causa dor no calcanhar ao dar os primeiros passos do dia - Tua Sa\u00fade\" \/>\n<meta property=\"og:description\" content=\"A dor no calcanhar nos primeiros passos do dia costuma estar ligada \u00e0 fascite plantar. Entenda o que provoca a fisgada e quais cuidados ajudam no al\u00edvio.\" \/>\n<meta property=\"og:url\" content=\"https:\/\/www.tuasaude.com\/news\/2026\/09\/03\/o-que-causa-dor-no-calcanhar-ao-dar-os-primeiros-passos-do-dia\/\" \/>\n<meta property=\"og:site_name\" content=\"Tua Sa\u00fade\" \/>\n<meta property=\"article:published_time\" content=\"2026-09-03T03:40:00+00:00\" \/>\n<meta property=\"og:image\" content=\"https:\/\/www.tuasaude.com\/news\/wp-content\/uploads\/2026\/09\/Man_standing_with_heel_pain_202609021420.jpg\" \/>\n\t<meta property=\"og:image:width\" content=\"1280\" \/>\n\t<meta property=\"og:image:height\" content=\"714\" \/>\n\t<meta property=\"og:image:type\" content=\"image\/jpeg\" \/>\n<meta name=\"author\" content=\"Gessika Julia Carvalho\" \/>\n<meta name=\"twitter:card\" content=\"summary_large_image\" \/>\n<meta name=\"twitter:label1\" content=\"Escrito por\" \/>\n\t<meta name=\"twitter:data1\" content=\"Gessika Julia Carvalho\" \/>\n\t<meta name=\"twitter:label2\" content=\"Est. tempo de leitura\" \/>\n\t<meta name=\"twitter:data2\" content=\"5 minutos\" \/>\n<!-- \/ Yoast SEO plugin. -->","yoast_head_json":{"title":"O que causa dor no calcanhar ao dar os primeiros passos do dia - Tua Sa\u00fade","description":"A dor no calcanhar nos primeiros passos do dia costuma estar ligada \u00e0 fascite plantar. Entenda o que provoca a fisgada e quais cuidados ajudam no al\u00edvio.","robots":{"index":"index","follow":"follow","max-snippet":"max-snippet:-1","max-image-preview":"max-image-preview:large","max-video-preview":"max-video-preview:-1"},"canonical":"https:\/\/www.tuasaude.com\/news\/2026\/09\/03\/o-que-causa-dor-no-calcanhar-ao-dar-os-primeiros-passos-do-dia\/","og_locale":"pt_BR","og_type":"article","og_title":"O que causa dor no calcanhar ao dar os primeiros passos do dia - Tua Sa\u00fade","og_description":"A dor no calcanhar nos primeiros passos do dia costuma estar ligada \u00e0 fascite plantar. Entenda o que provoca a fisgada e quais cuidados ajudam no al\u00edvio.","og_url":"https:\/\/www.tuasaude.com\/news\/2026\/09\/03\/o-que-causa-dor-no-calcanhar-ao-dar-os-primeiros-passos-do-dia\/","og_site_name":"Tua Sa\u00fade","article_published_time":"2026-09-03T03:40:00+00:00","og_image":[{"width":1280,"height":714,"url":"https:\/\/www.tuasaude.com\/news\/wp-content\/uploads\/2026\/09\/Man_standing_with_heel_pain_202609021420.jpg","type":"image\/jpeg"}],"author":"Gessika Julia Carvalho","twitter_card":"summary_large_image","twitter_misc":{"Escrito por":"Gessika Julia Carvalho","Est. tempo de leitura":"5 minutos"},"schema":{"@context":"https:\/\/schema.org","@graph":[{"@type":"Article","@id":"https:\/\/www.tuasaude.com\/news\/2026\/09\/03\/o-que-causa-dor-no-calcanhar-ao-dar-os-primeiros-passos-do-dia\/#article","isPartOf":{"@id":"https:\/\/www.tuasaude.com\/news\/2026\/09\/03\/o-que-causa-dor-no-calcanhar-ao-dar-os-primeiros-passos-do-dia\/"},"author":{"name":"Gessika Julia Carvalho","@id":"https:\/\/www.tuasaude.com\/news\/#\/schema\/person\/2e9df841be69ec84f5d20ddb8d273ac2"},"headline":"O que causa dor no calcanhar ao dar os primeiros passos do dia","datePublished":"2026-09-03T03:40:00+00:00","mainEntityOfPage":{"@id":"https:\/\/www.tuasaude.com\/news\/2026\/09\/03\/o-que-causa-dor-no-calcanhar-ao-dar-os-primeiros-passos-do-dia\/"},"wordCount":796,"commentCount":0,"image":{"@id":"https:\/\/www.tuasaude.com\/news\/2026\/09\/03\/o-que-causa-dor-no-calcanhar-ao-dar-os-primeiros-passos-do-dia\/#primaryimage"},"thumbnailUrl":"https:\/\/www.tuasaude.com\/news\/wp-content\/uploads\/2026\/09\/Man_standing_with_heel_pain_202609021420.jpg","keywords":["bem-estar","calcanhar","dor no calcanhar","sa\u00fade"],"articleSection":["Sa\u00fade"],"inLanguage":"pt-BR","potentialAction":[{"@type":"CommentAction","name":"Comment","target":["https:\/\/www.tuasaude.com\/news\/2026\/09\/03\/o-que-causa-dor-no-calcanhar-ao-dar-os-primeiros-passos-do-dia\/#respond"]}]},{"@type":"WebPage","@id":"https:\/\/www.tuasaude.com\/news\/2026\/09\/03\/o-que-causa-dor-no-calcanhar-ao-dar-os-primeiros-passos-do-dia\/","url":"https:\/\/www.tuasaude.com\/news\/2026\/09\/03\/o-que-causa-dor-no-calcanhar-ao-dar-os-primeiros-passos-do-dia\/","name":"O que causa dor no calcanhar ao dar os primeiros passos do dia - Tua Sa\u00fade","isPartOf":{"@id":"https:\/\/www.tuasaude.com\/news\/#website"},"primaryImageOfPage":{"@id":"https:\/\/www.tuasaude.com\/news\/2026\/09\/03\/o-que-causa-dor-no-calcanhar-ao-dar-os-primeiros-passos-do-dia\/#primaryimage"},"image":{"@id":"https:\/\/www.tuasaude.com\/news\/2026\/09\/03\/o-que-causa-dor-no-calcanhar-ao-dar-os-primeiros-passos-do-dia\/#primaryimage"},"thumbnailUrl":"https:\/\/www.tuasaude.com\/news\/wp-content\/uploads\/2026\/09\/Man_standing_with_heel_pain_202609021420.jpg","datePublished":"2026-09-03T03:40:00+00:00","author":{"@id":"https:\/\/www.tuasaude.com\/news\/#\/schema\/person\/2e9df841be69ec84f5d20ddb8d273ac2"},"description":"A dor no calcanhar nos primeiros passos do dia costuma estar ligada \u00e0 fascite plantar. Entenda o que provoca a fisgada e quais cuidados ajudam no al\u00edvio.","breadcrumb":{"@id":"https:\/\/www.tuasaude.com\/news\/2026\/09\/03\/o-que-causa-dor-no-calcanhar-ao-dar-os-primeiros-passos-do-dia\/#breadcrumb"},"inLanguage":"pt-BR","potentialAction":[{"@type":"ReadAction","target":["https:\/\/www.tuasaude.com\/news\/2026\/09\/03\/o-que-causa-dor-no-calcanhar-ao-dar-os-primeiros-passos-do-dia\/"]}]},{"@type":"ImageObject","inLanguage":"pt-BR","@id":"https:\/\/www.tuasaude.com\/news\/2026\/09\/03\/o-que-causa-dor-no-calcanhar-ao-dar-os-primeiros-passos-do-dia\/#primaryimage","url":"https:\/\/www.tuasaude.com\/news\/wp-content\/uploads\/2026\/09\/Man_standing_with_heel_pain_202609021420.jpg","contentUrl":"https:\/\/www.tuasaude.com\/news\/wp-content\/uploads\/2026\/09\/Man_standing_with_heel_pain_202609021420.jpg","width":1280,"height":714,"caption":"O que causa dor no calcanhar ao dar os primeiros passos do dia"},{"@type":"BreadcrumbList","@id":"https:\/\/www.tuasaude.com\/news\/2026\/09\/03\/o-que-causa-dor-no-calcanhar-ao-dar-os-primeiros-passos-do-dia\/#breadcrumb","itemListElement":[{"@type":"ListItem","position":1,"name":"In\u00edcio","item":"https:\/\/www.tuasaude.com\/news\/"},{"@type":"ListItem","position":2,"name":"O que causa dor no calcanhar ao dar os primeiros passos do dia"}]},{"@type":"WebSite","@id":"https:\/\/www.tuasaude.com\/news\/#website","url":"https:\/\/www.tuasaude.com\/news\/","name":"Tua Sa\u00fade","description":"Seu site de sa\u00fade","potentialAction":[{"@type":"SearchAction","target":{"@type":"EntryPoint","urlTemplate":"https:\/\/www.tuasaude.com\/news\/?s={search_term_string}"},"query-input":{"@type":"PropertyValueSpecification","valueRequired":true,"valueName":"search_term_string"}}],"inLanguage":"pt-BR"},{"@type":"Person","@id":"https:\/\/www.tuasaude.com\/news\/#\/schema\/person\/2e9df841be69ec84f5d20ddb8d273ac2","name":"Gessika Julia Carvalho","image":{"@type":"ImageObject","inLanguage":"pt-BR","@id":"https:\/\/www.tuasaude.com\/news\/#\/schema\/person\/image\/","url":"https:\/\/secure.gravatar.com\/avatar\/0fcc8769024577fd0bc6a8b766055690f76a8e8f29dfb2a2f89cf04db8d0f2d2?s=96&d=mm&r=g","contentUrl":"https:\/\/secure.gravatar.com\/avatar\/0fcc8769024577fd0bc6a8b766055690f76a8e8f29dfb2a2f89cf04db8d0f2d2?s=96&d=mm&r=g","caption":"Gessika Julia Carvalho"},"sameAs":["https:\/\/www.tuasaude.com\/news\/"],"url":"https:\/\/www.tuasaude.com\/news\/author\/gessika-julia\/"}]}},"_links":{"self":[{"href":"https:\/\/www.tuasaude.com\/news\/wp-json\/wp\/v2\/posts\/106985","targetHints":{"allow":["GET"]}}],"collection":[{"href":"https:\/\/www.tuasaude.com\/news\/wp-json\/wp\/v2\/posts"}],"about":[{"href":"https:\/\/www.tuasaude.com\/news\/wp-json\/wp\/v2\/types\/post"}],"author":[{"embeddable":true,"href":"https:\/\/www.tuasaude.com\/news\/wp-json\/wp\/v2\/users\/11"}],"replies":[{"embeddable":true,"href":"https:\/\/www.tuasaude.com\/news\/wp-json\/wp\/v2\/comments?post=106985"}],"version-history":[{"count":1,"href":"https:\/\/www.tuasaude.com\/news\/wp-json\/wp\/v2\/posts\/106985\/revisions"}],"predecessor-version":[{"id":106993,"href":"https:\/\/www.tuasaude.com\/news\/wp-json\/wp\/v2\/posts\/106985\/revisions\/106993"}],"wp:featuredmedia":[{"embeddable":true,"href":"https:\/\/www.tuasaude.com\/news\/wp-json\/wp\/v2\/media\/106990"}],"wp:attachment":[{"href":"https:\/\/www.tuasaude.com\/news\/wp-json\/wp\/v2\/media?parent=106985"}],"wp:term":[{"taxonomy":"category","embeddable":true,"href":"https:\/\/www.tuasaude.com\/news\/wp-json\/wp\/v2\/categories?post=106985"},{"taxonomy":"post_tag","embeddable":true,"href":"https:\/\/www.tuasaude.com\/news\/wp-json\/wp\/v2\/tags?post=106985"}],"curies":[{"name":"wp","href":"https:\/\/api.w.org\/{rel}","templated":true}]}}