{"id":106984,"date":"2026-09-03T00:00:00","date_gmt":"2026-09-03T03:00:00","guid":{"rendered":"https:\/\/www.tuasaude.com\/news\/?p=106984"},"modified":"2026-09-02T14:17:31","modified_gmt":"2026-09-02T17:17:31","slug":"a-insonia-em-adultos-e-idosos-nao-tem-origem-so-no-estresse-mas-tambem-no-excesso-de-cafeina-ao-longo-do-dia-que-permanece-ativa-por-muitas-horas-no-organismo","status":"publish","type":"post","link":"https:\/\/www.tuasaude.com\/news\/2026\/09\/03\/a-insonia-em-adultos-e-idosos-nao-tem-origem-so-no-estresse-mas-tambem-no-excesso-de-cafeina-ao-longo-do-dia-que-permanece-ativa-por-muitas-horas-no-organismo\/","title":{"rendered":"A ins\u00f4nia em adultos e idosos n\u00e3o tem origem s\u00f3 no estresse, mas tamb\u00e9m no excesso de cafe\u00edna ao longo do dia, que permanece ativa por muitas horas no organismo"},"content":{"rendered":"\n<p class=\"wp-block-paragraph\">A ins\u00f4nia nem sempre tem origem apenas no estresse ou na ansiedade. O consumo excessivo de cafe\u00edna ao longo do dia \u00e9 uma causa frequentemente subestimada, j\u00e1 que a subst\u00e2ncia permanece ativa no organismo por muitas horas e pode comprometer a qualidade do sono mesmo quando ingerida horas antes de dormir. Entender esse mecanismo \u00e9 o primeiro passo para recuperar noites de descanso mais profundas e reparadoras.<\/p>\n\n\n\n<h2 class=\"wp-block-heading\">Por que a cafe\u00edna atrapalha o sono?<\/h2>\n\n\n\n<p class=\"wp-block-paragraph\">A cafe\u00edna \u00e9 um estimulante do sistema nervoso central que age bloqueando os receptores de adenosina, subst\u00e2ncia respons\u00e1vel por sinalizar ao c\u00e9rebro que \u00e9 hora de descansar. Com esse bloqueio, o corpo permanece em estado de alerta, dificultando o relaxamento necess\u00e1rio para adormecer.<\/p>\n\n\n\n<p class=\"wp-block-paragraph\">Em adultos e, principalmente, em idosos, essa a\u00e7\u00e3o estimulante tende a ser ainda mais prolongada. O metabolismo mais lento faz com que a subst\u00e2ncia demore mais tempo para ser eliminada, o que aumenta o risco de <a href=\"https:\/\/www.tuasaude.com\/insonia\/\" target=\"_blank\" rel=\"noreferrer noopener\">ins\u00f4nia<\/a>, despertares noturnos e sono superficial.<\/p>\n\n\n\n<h2 class=\"wp-block-heading\">Quanto tempo a cafe\u00edna permanece ativa no organismo?<\/h2>\n\n\n\n<p class=\"wp-block-paragraph\">A cafe\u00edna possui uma meia-vida de cerca de 4 a 6 horas em adultos saud\u00e1veis, o que significa que metade da dose consumida ainda est\u00e1 circulando no corpo ap\u00f3s esse per\u00edodo. Em idosos, gestantes ou pessoas com altera\u00e7\u00f5es hep\u00e1ticas, esse tempo pode ultrapassar 8 horas.<\/p>\n\n\n\n<p class=\"wp-block-paragraph\">Por isso, um caf\u00e9 tomado \u00e0s 16h pode continuar interferindo no descanso por volta das 22h. Reduzir o consumo a partir do in\u00edcio da tarde \u00e9 uma estrat\u00e9gia simples para melhorar a qualidade do sono sem eliminar totalmente a bebida da rotina.<\/p>\n\n\n<div class=\"wp-block-image\">\n<figure class=\"aligncenter size-large\"><img decoding=\"async\" width=\"1024\" height=\"571\" src=\"https:\/\/www.tuasaude.com\/news\/wp-content\/uploads\/2026\/09\/Infographic_on_caffeine_and_sleep_202609021416-1024x571.jpg\" alt=\"Hor\u00e1rio, meia-vida, fontes e rotina influenciam o impacto da cafe\u00edna no sono.\" class=\"wp-image-106987\" srcset=\"https:\/\/www.tuasaude.com\/news\/wp-content\/uploads\/2026\/09\/Infographic_on_caffeine_and_sleep_202609021416-1024x571.jpg 1024w, https:\/\/www.tuasaude.com\/news\/wp-content\/uploads\/2026\/09\/Infographic_on_caffeine_and_sleep_202609021416-300x167.jpg 300w, https:\/\/www.tuasaude.com\/news\/wp-content\/uploads\/2026\/09\/Infographic_on_caffeine_and_sleep_202609021416-768x428.jpg 768w, https:\/\/www.tuasaude.com\/news\/wp-content\/uploads\/2026\/09\/Infographic_on_caffeine_and_sleep_202609021416-750x418.jpg 750w, https:\/\/www.tuasaude.com\/news\/wp-content\/uploads\/2026\/09\/Infographic_on_caffeine_and_sleep_202609021416-1140x636.jpg 1140w, https:\/\/www.tuasaude.com\/news\/wp-content\/uploads\/2026\/09\/Infographic_on_caffeine_and_sleep_202609021416.jpg 1280w\" sizes=\"(max-width: 1024px) 100vw, 1024px\" \/><figcaption class=\"wp-element-caption\">Hor\u00e1rio, meia-vida, fontes e rotina influenciam o impacto da cafe\u00edna no sono.<\/figcaption><\/figure>\n<\/div>\n\n\n<h2 class=\"wp-block-heading\">Quais alimentos e bebidas cont\u00eam cafe\u00edna?<\/h2>\n\n\n\n<p class=\"wp-block-paragraph\">Muitas pessoas associam a cafe\u00edna apenas ao caf\u00e9, mas ela est\u00e1 presente em diversos produtos consumidos ao longo do dia, o que amplia a exposi\u00e7\u00e3o total sem que o indiv\u00edduo perceba.<\/p>\n\n\n\n<ul class=\"wp-block-list\">\n<li><strong>Caf\u00e9 coado, expresso e sol\u00favel<\/strong>, com quantidades que variam entre 60 e 150 mg por x\u00edcara<\/li>\n\n\n\n<li><strong>Ch\u00e1 preto, verde e mate<\/strong>, que possuem entre 20 e 60 mg por x\u00edcara<\/li>\n\n\n\n<li><strong>Refrigerantes \u00e0 base de cola<\/strong> e bebidas energ\u00e9ticas, com at\u00e9 80 mg por lata<\/li>\n\n\n\n<li><strong>Chocolate amargo<\/strong> e achocolatados, especialmente os com alto teor de cacau<\/li>\n\n\n\n<li><strong>Medicamentos analg\u00e9sicos<\/strong> que combinam cafe\u00edna em sua f\u00f3rmula<\/li>\n<\/ul>\n\n\n\n<h2 class=\"wp-block-heading\">O que diz o estudo cient\u00edfico sobre cafe\u00edna e sono?<\/h2>\n\n\n\n<p class=\"wp-block-paragraph\">Pesquisas recentes confirmam que o hor\u00e1rio do consumo influencia diretamente na arquitetura do sono. De acordo com o estudo <a href=\"https:\/\/pubmed.ncbi.nlm.nih.gov\/24235903\/\" target=\"_blank\" rel=\"noreferrer noopener\">Caffeine Effects on Sleep Taken 0, 3, or 6 Hours before Going to Bed<\/a>, publicado no Journal of Clinical Sleep Medicine, o consumo de 400 mg de cafe\u00edna at\u00e9 6 horas antes de dormir reduziu significativamente o tempo total de sono dos participantes.<\/p>\n\n\n\n<p class=\"wp-block-paragraph\">Os autores observaram que os efeitos ocorreram mesmo quando os volunt\u00e1rios n\u00e3o relatavam sentir-se estimulados, mostrando que a percep\u00e7\u00e3o subjetiva nem sempre acompanha o impacto real no descanso. Esse achado refor\u00e7a a import\u00e2ncia de rever o hor\u00e1rio de consumo, especialmente em quem j\u00e1 enfrenta dificuldade para dormir e busca entender o motivo de <a href=\"https:\/\/www.tuasaude.com\/nao-consigo-dormir\/\" target=\"_blank\" rel=\"noreferrer noopener\">n\u00e3o conseguir dormir<\/a> com frequ\u00eancia.<\/p>\n\n\n<div class=\"wp-block-image\">\n<figure class=\"aligncenter size-large\"><img decoding=\"async\" width=\"1024\" height=\"571\" src=\"https:\/\/www.tuasaude.com\/news\/wp-content\/uploads\/2026\/09\/Man_sitting_awake_on_bed_202609021416-1024x571.jpg\" alt=\"O metabolismo mais lento pode prolongar o efeito da cafe\u00edna em idosos.\" class=\"wp-image-106988\" srcset=\"https:\/\/www.tuasaude.com\/news\/wp-content\/uploads\/2026\/09\/Man_sitting_awake_on_bed_202609021416-1024x571.jpg 1024w, https:\/\/www.tuasaude.com\/news\/wp-content\/uploads\/2026\/09\/Man_sitting_awake_on_bed_202609021416-300x167.jpg 300w, https:\/\/www.tuasaude.com\/news\/wp-content\/uploads\/2026\/09\/Man_sitting_awake_on_bed_202609021416-768x428.jpg 768w, https:\/\/www.tuasaude.com\/news\/wp-content\/uploads\/2026\/09\/Man_sitting_awake_on_bed_202609021416-750x418.jpg 750w, https:\/\/www.tuasaude.com\/news\/wp-content\/uploads\/2026\/09\/Man_sitting_awake_on_bed_202609021416-1140x636.jpg 1140w, https:\/\/www.tuasaude.com\/news\/wp-content\/uploads\/2026\/09\/Man_sitting_awake_on_bed_202609021416.jpg 1280w\" sizes=\"(max-width: 1024px) 100vw, 1024px\" \/><figcaption class=\"wp-element-caption\">O metabolismo mais lento pode prolongar o efeito da cafe\u00edna em idosos.<\/figcaption><\/figure>\n<\/div>\n\n\n<h2 class=\"wp-block-heading\">Quais h\u00e1bitos ajudam a favorecer o descanso?<\/h2>\n\n\n\n<p class=\"wp-block-paragraph\">Al\u00e9m de controlar a ingest\u00e3o de <a href=\"https:\/\/www.tuasaude.com\/cafeina-faz-mal\/\" target=\"_blank\" rel=\"noreferrer noopener\">cafe\u00edna<\/a>, algumas mudan\u00e7as na rotina contribuem para um sono mais reparador, especialmente em adultos e idosos que j\u00e1 apresentam sensibilidade aos est\u00edmulos.<\/p>\n\n\n\n<ol class=\"wp-block-list\">\n<li><strong>Evitar cafe\u00edna ap\u00f3s as 14h<\/strong>, incluindo ch\u00e1s, refrigerantes e chocolates<\/li>\n\n\n\n<li><strong>Manter hor\u00e1rios regulares<\/strong> para dormir e acordar, mesmo nos fins de semana<\/li>\n\n\n\n<li><strong>Reduzir o uso de telas<\/strong> pelo menos 1 hora antes de deitar, j\u00e1 que a luz azul inibe a melatonina<\/li>\n\n\n\n<li><strong>Praticar atividade f\u00edsica<\/strong> durante o dia, preferencialmente pela manh\u00e3 ou tarde<\/li>\n\n\n\n<li><strong>Criar um ambiente silencioso e escuro<\/strong>, com temperatura agrad\u00e1vel no quarto<\/li>\n\n\n\n<li><strong>Investir em ch\u00e1s calmantes<\/strong> \u00e0 noite, como camomila ou erva-cidreira, que auxiliam no relaxamento<\/li>\n<\/ol>\n\n\n\n<p class=\"wp-block-paragraph\">Quando a dificuldade para dormir persiste por mais de tr\u00eas semanas, mesmo com ajustes na alimenta\u00e7\u00e3o e na rotina, \u00e9 fundamental procurar um m\u00e9dico. A avalia\u00e7\u00e3o profissional permite identificar causas subjacentes e indicar o tratamento mais adequado para cada caso.<\/p>\n\n\n\n<p class=\"wp-block-paragraph\"><em>Este conte\u00fado tem car\u00e1ter apenas informativo e n\u00e3o substitui a avalia\u00e7\u00e3o, o diagn\u00f3stico ou o tratamento realizados por um profissional de sa\u00fade qualificado.<\/em><\/p>\n","protected":false},"excerpt":{"rendered":"<p>A ins\u00f4nia nem sempre tem origem apenas no estresse ou na ansiedade. O consumo excessivo de cafe\u00edna ao longo do dia \u00e9 uma causa frequentemente subestimada, j\u00e1 que a subst\u00e2ncia permanece ativa no organismo por muitas horas e pode comprometer a qualidade do sono mesmo quando ingerida horas antes de dormir. Entender esse mecanismo \u00e9 [&hellip;]<\/p>\n","protected":false},"author":11,"featured_media":106986,"comment_status":"open","ping_status":"open","sticky":false,"template":"","format":"standard","meta":{"_yoast_wpseo_focuskw":"cafe\u00edna","_yoast_wpseo_title":"","_yoast_wpseo_metadesc":"O excesso de cafe\u00edna pode causar ins\u00f4nia e prejudicar o descanso por v\u00e1rias horas. Entenda como o hor\u00e1rio de consumo interfere na qualidade do sono.","jnews-multi-image_gallery":[],"jnews_single_post":{"format":"standard"},"jnews_primary_category":[],"jnews_social_meta":[],"jnews_override_counter":[],"footnotes":""},"categories":[111],"tags":[869,510,136,116],"class_list":["post-106984","post","type-post","status-publish","format-standard","has-post-thumbnail","hentry","category-saude","tag-cafeina","tag-insonia","tag-saude","tag-sono"],"yoast_head":"<!-- This site is optimized with the Yoast SEO plugin v26.7 - https:\/\/yoast.com\/wordpress\/plugins\/seo\/ -->\n<title>A ins\u00f4nia em adultos e idosos n\u00e3o tem origem s\u00f3 no estresse, mas tamb\u00e9m no excesso de cafe\u00edna ao longo do dia, que permanece ativa por muitas horas no organismo - Tua Sa\u00fade<\/title>\n<meta name=\"description\" content=\"O excesso de cafe\u00edna pode causar ins\u00f4nia e prejudicar o descanso por v\u00e1rias horas. Entenda como o hor\u00e1rio de consumo interfere na qualidade do sono.\" \/>\n<meta name=\"robots\" content=\"index, follow, max-snippet:-1, max-image-preview:large, max-video-preview:-1\" \/>\n<link rel=\"canonical\" href=\"https:\/\/www.tuasaude.com\/news\/2026\/09\/03\/a-insonia-em-adultos-e-idosos-nao-tem-origem-so-no-estresse-mas-tambem-no-excesso-de-cafeina-ao-longo-do-dia-que-permanece-ativa-por-muitas-horas-no-organismo\/\" \/>\n<meta property=\"og:locale\" content=\"pt_BR\" \/>\n<meta property=\"og:type\" content=\"article\" \/>\n<meta property=\"og:title\" content=\"A ins\u00f4nia em adultos e idosos n\u00e3o tem origem s\u00f3 no estresse, mas tamb\u00e9m no excesso de cafe\u00edna ao longo do dia, que permanece ativa por muitas horas no organismo - Tua Sa\u00fade\" \/>\n<meta property=\"og:description\" content=\"O excesso de cafe\u00edna pode causar ins\u00f4nia e prejudicar o descanso por v\u00e1rias horas. Entenda como o hor\u00e1rio de consumo interfere na qualidade do sono.\" \/>\n<meta property=\"og:url\" content=\"https:\/\/www.tuasaude.com\/news\/2026\/09\/03\/a-insonia-em-adultos-e-idosos-nao-tem-origem-so-no-estresse-mas-tambem-no-excesso-de-cafeina-ao-longo-do-dia-que-permanece-ativa-por-muitas-horas-no-organismo\/\" \/>\n<meta property=\"og:site_name\" content=\"Tua Sa\u00fade\" \/>\n<meta property=\"article:published_time\" content=\"2026-09-03T03:00:00+00:00\" \/>\n<meta property=\"og:image\" content=\"https:\/\/www.tuasaude.com\/news\/wp-content\/uploads\/2026\/09\/Woman_lying_awake_in_bed_202609021416.jpg\" \/>\n\t<meta property=\"og:image:width\" content=\"1280\" \/>\n\t<meta property=\"og:image:height\" content=\"714\" \/>\n\t<meta property=\"og:image:type\" content=\"image\/jpeg\" \/>\n<meta name=\"author\" content=\"Gessika Julia Carvalho\" \/>\n<meta name=\"twitter:card\" content=\"summary_large_image\" \/>\n<meta name=\"twitter:label1\" content=\"Escrito por\" \/>\n\t<meta name=\"twitter:data1\" content=\"Gessika Julia Carvalho\" \/>\n\t<meta name=\"twitter:label2\" content=\"Est. tempo de leitura\" \/>\n\t<meta name=\"twitter:data2\" content=\"5 minutos\" \/>\n<!-- \/ Yoast SEO plugin. -->","yoast_head_json":{"title":"A ins\u00f4nia em adultos e idosos n\u00e3o tem origem s\u00f3 no estresse, mas tamb\u00e9m no excesso de cafe\u00edna ao longo do dia, que permanece ativa por muitas horas no organismo - Tua Sa\u00fade","description":"O excesso de cafe\u00edna pode causar ins\u00f4nia e prejudicar o descanso por v\u00e1rias horas. Entenda como o hor\u00e1rio de consumo interfere na qualidade do sono.","robots":{"index":"index","follow":"follow","max-snippet":"max-snippet:-1","max-image-preview":"max-image-preview:large","max-video-preview":"max-video-preview:-1"},"canonical":"https:\/\/www.tuasaude.com\/news\/2026\/09\/03\/a-insonia-em-adultos-e-idosos-nao-tem-origem-so-no-estresse-mas-tambem-no-excesso-de-cafeina-ao-longo-do-dia-que-permanece-ativa-por-muitas-horas-no-organismo\/","og_locale":"pt_BR","og_type":"article","og_title":"A ins\u00f4nia em adultos e idosos n\u00e3o tem origem s\u00f3 no estresse, mas tamb\u00e9m no excesso de cafe\u00edna ao longo do dia, que permanece ativa por muitas horas no organismo - Tua Sa\u00fade","og_description":"O excesso de cafe\u00edna pode causar ins\u00f4nia e prejudicar o descanso por v\u00e1rias horas. Entenda como o hor\u00e1rio de consumo interfere na qualidade do sono.","og_url":"https:\/\/www.tuasaude.com\/news\/2026\/09\/03\/a-insonia-em-adultos-e-idosos-nao-tem-origem-so-no-estresse-mas-tambem-no-excesso-de-cafeina-ao-longo-do-dia-que-permanece-ativa-por-muitas-horas-no-organismo\/","og_site_name":"Tua Sa\u00fade","article_published_time":"2026-09-03T03:00:00+00:00","og_image":[{"width":1280,"height":714,"url":"https:\/\/www.tuasaude.com\/news\/wp-content\/uploads\/2026\/09\/Woman_lying_awake_in_bed_202609021416.jpg","type":"image\/jpeg"}],"author":"Gessika Julia Carvalho","twitter_card":"summary_large_image","twitter_misc":{"Escrito por":"Gessika Julia Carvalho","Est. tempo de leitura":"5 minutos"},"schema":{"@context":"https:\/\/schema.org","@graph":[{"@type":"Article","@id":"https:\/\/www.tuasaude.com\/news\/2026\/09\/03\/a-insonia-em-adultos-e-idosos-nao-tem-origem-so-no-estresse-mas-tambem-no-excesso-de-cafeina-ao-longo-do-dia-que-permanece-ativa-por-muitas-horas-no-organismo\/#article","isPartOf":{"@id":"https:\/\/www.tuasaude.com\/news\/2026\/09\/03\/a-insonia-em-adultos-e-idosos-nao-tem-origem-so-no-estresse-mas-tambem-no-excesso-de-cafeina-ao-longo-do-dia-que-permanece-ativa-por-muitas-horas-no-organismo\/"},"author":{"name":"Gessika Julia Carvalho","@id":"https:\/\/www.tuasaude.com\/news\/#\/schema\/person\/2e9df841be69ec84f5d20ddb8d273ac2"},"headline":"A ins\u00f4nia em adultos e idosos n\u00e3o tem origem s\u00f3 no estresse, mas tamb\u00e9m no excesso de cafe\u00edna ao longo do dia, que permanece ativa por muitas horas no organismo","datePublished":"2026-09-03T03:00:00+00:00","mainEntityOfPage":{"@id":"https:\/\/www.tuasaude.com\/news\/2026\/09\/03\/a-insonia-em-adultos-e-idosos-nao-tem-origem-so-no-estresse-mas-tambem-no-excesso-de-cafeina-ao-longo-do-dia-que-permanece-ativa-por-muitas-horas-no-organismo\/"},"wordCount":767,"commentCount":0,"image":{"@id":"https:\/\/www.tuasaude.com\/news\/2026\/09\/03\/a-insonia-em-adultos-e-idosos-nao-tem-origem-so-no-estresse-mas-tambem-no-excesso-de-cafeina-ao-longo-do-dia-que-permanece-ativa-por-muitas-horas-no-organismo\/#primaryimage"},"thumbnailUrl":"https:\/\/www.tuasaude.com\/news\/wp-content\/uploads\/2026\/09\/Woman_lying_awake_in_bed_202609021416.jpg","keywords":["cafe\u00edna","ins\u00f4nia","sa\u00fade","sono"],"articleSection":["Sa\u00fade"],"inLanguage":"pt-BR","potentialAction":[{"@type":"CommentAction","name":"Comment","target":["https:\/\/www.tuasaude.com\/news\/2026\/09\/03\/a-insonia-em-adultos-e-idosos-nao-tem-origem-so-no-estresse-mas-tambem-no-excesso-de-cafeina-ao-longo-do-dia-que-permanece-ativa-por-muitas-horas-no-organismo\/#respond"]}]},{"@type":"WebPage","@id":"https:\/\/www.tuasaude.com\/news\/2026\/09\/03\/a-insonia-em-adultos-e-idosos-nao-tem-origem-so-no-estresse-mas-tambem-no-excesso-de-cafeina-ao-longo-do-dia-que-permanece-ativa-por-muitas-horas-no-organismo\/","url":"https:\/\/www.tuasaude.com\/news\/2026\/09\/03\/a-insonia-em-adultos-e-idosos-nao-tem-origem-so-no-estresse-mas-tambem-no-excesso-de-cafeina-ao-longo-do-dia-que-permanece-ativa-por-muitas-horas-no-organismo\/","name":"A ins\u00f4nia em adultos e idosos n\u00e3o tem origem s\u00f3 no estresse, mas tamb\u00e9m no excesso de cafe\u00edna ao longo do dia, que permanece ativa por muitas horas no organismo - Tua Sa\u00fade","isPartOf":{"@id":"https:\/\/www.tuasaude.com\/news\/#website"},"primaryImageOfPage":{"@id":"https:\/\/www.tuasaude.com\/news\/2026\/09\/03\/a-insonia-em-adultos-e-idosos-nao-tem-origem-so-no-estresse-mas-tambem-no-excesso-de-cafeina-ao-longo-do-dia-que-permanece-ativa-por-muitas-horas-no-organismo\/#primaryimage"},"image":{"@id":"https:\/\/www.tuasaude.com\/news\/2026\/09\/03\/a-insonia-em-adultos-e-idosos-nao-tem-origem-so-no-estresse-mas-tambem-no-excesso-de-cafeina-ao-longo-do-dia-que-permanece-ativa-por-muitas-horas-no-organismo\/#primaryimage"},"thumbnailUrl":"https:\/\/www.tuasaude.com\/news\/wp-content\/uploads\/2026\/09\/Woman_lying_awake_in_bed_202609021416.jpg","datePublished":"2026-09-03T03:00:00+00:00","author":{"@id":"https:\/\/www.tuasaude.com\/news\/#\/schema\/person\/2e9df841be69ec84f5d20ddb8d273ac2"},"description":"O excesso de cafe\u00edna pode causar ins\u00f4nia e prejudicar o descanso por v\u00e1rias horas. Entenda como o hor\u00e1rio de consumo interfere na qualidade do sono.","breadcrumb":{"@id":"https:\/\/www.tuasaude.com\/news\/2026\/09\/03\/a-insonia-em-adultos-e-idosos-nao-tem-origem-so-no-estresse-mas-tambem-no-excesso-de-cafeina-ao-longo-do-dia-que-permanece-ativa-por-muitas-horas-no-organismo\/#breadcrumb"},"inLanguage":"pt-BR","potentialAction":[{"@type":"ReadAction","target":["https:\/\/www.tuasaude.com\/news\/2026\/09\/03\/a-insonia-em-adultos-e-idosos-nao-tem-origem-so-no-estresse-mas-tambem-no-excesso-de-cafeina-ao-longo-do-dia-que-permanece-ativa-por-muitas-horas-no-organismo\/"]}]},{"@type":"ImageObject","inLanguage":"pt-BR","@id":"https:\/\/www.tuasaude.com\/news\/2026\/09\/03\/a-insonia-em-adultos-e-idosos-nao-tem-origem-so-no-estresse-mas-tambem-no-excesso-de-cafeina-ao-longo-do-dia-que-permanece-ativa-por-muitas-horas-no-organismo\/#primaryimage","url":"https:\/\/www.tuasaude.com\/news\/wp-content\/uploads\/2026\/09\/Woman_lying_awake_in_bed_202609021416.jpg","contentUrl":"https:\/\/www.tuasaude.com\/news\/wp-content\/uploads\/2026\/09\/Woman_lying_awake_in_bed_202609021416.jpg","width":1280,"height":714,"caption":"A ins\u00f4nia em adultos e idosos n\u00e3o tem origem s\u00f3 no estresse, mas tamb\u00e9m no excesso de cafe\u00edna ao longo do dia, que permanece ativa por muitas horas no organismo"},{"@type":"BreadcrumbList","@id":"https:\/\/www.tuasaude.com\/news\/2026\/09\/03\/a-insonia-em-adultos-e-idosos-nao-tem-origem-so-no-estresse-mas-tambem-no-excesso-de-cafeina-ao-longo-do-dia-que-permanece-ativa-por-muitas-horas-no-organismo\/#breadcrumb","itemListElement":[{"@type":"ListItem","position":1,"name":"In\u00edcio","item":"https:\/\/www.tuasaude.com\/news\/"},{"@type":"ListItem","position":2,"name":"A ins\u00f4nia em adultos e idosos n\u00e3o tem origem s\u00f3 no estresse, mas tamb\u00e9m no excesso de cafe\u00edna ao longo do dia, que permanece ativa por muitas horas no organismo"}]},{"@type":"WebSite","@id":"https:\/\/www.tuasaude.com\/news\/#website","url":"https:\/\/www.tuasaude.com\/news\/","name":"Tua Sa\u00fade","description":"Seu site de sa\u00fade","potentialAction":[{"@type":"SearchAction","target":{"@type":"EntryPoint","urlTemplate":"https:\/\/www.tuasaude.com\/news\/?s={search_term_string}"},"query-input":{"@type":"PropertyValueSpecification","valueRequired":true,"valueName":"search_term_string"}}],"inLanguage":"pt-BR"},{"@type":"Person","@id":"https:\/\/www.tuasaude.com\/news\/#\/schema\/person\/2e9df841be69ec84f5d20ddb8d273ac2","name":"Gessika Julia Carvalho","image":{"@type":"ImageObject","inLanguage":"pt-BR","@id":"https:\/\/www.tuasaude.com\/news\/#\/schema\/person\/image\/","url":"https:\/\/secure.gravatar.com\/avatar\/0fcc8769024577fd0bc6a8b766055690f76a8e8f29dfb2a2f89cf04db8d0f2d2?s=96&d=mm&r=g","contentUrl":"https:\/\/secure.gravatar.com\/avatar\/0fcc8769024577fd0bc6a8b766055690f76a8e8f29dfb2a2f89cf04db8d0f2d2?s=96&d=mm&r=g","caption":"Gessika Julia Carvalho"},"sameAs":["https:\/\/www.tuasaude.com\/news\/"],"url":"https:\/\/www.tuasaude.com\/news\/author\/gessika-julia\/"}]}},"_links":{"self":[{"href":"https:\/\/www.tuasaude.com\/news\/wp-json\/wp\/v2\/posts\/106984","targetHints":{"allow":["GET"]}}],"collection":[{"href":"https:\/\/www.tuasaude.com\/news\/wp-json\/wp\/v2\/posts"}],"about":[{"href":"https:\/\/www.tuasaude.com\/news\/wp-json\/wp\/v2\/types\/post"}],"author":[{"embeddable":true,"href":"https:\/\/www.tuasaude.com\/news\/wp-json\/wp\/v2\/users\/11"}],"replies":[{"embeddable":true,"href":"https:\/\/www.tuasaude.com\/news\/wp-json\/wp\/v2\/comments?post=106984"}],"version-history":[{"count":1,"href":"https:\/\/www.tuasaude.com\/news\/wp-json\/wp\/v2\/posts\/106984\/revisions"}],"predecessor-version":[{"id":106989,"href":"https:\/\/www.tuasaude.com\/news\/wp-json\/wp\/v2\/posts\/106984\/revisions\/106989"}],"wp:featuredmedia":[{"embeddable":true,"href":"https:\/\/www.tuasaude.com\/news\/wp-json\/wp\/v2\/media\/106986"}],"wp:attachment":[{"href":"https:\/\/www.tuasaude.com\/news\/wp-json\/wp\/v2\/media?parent=106984"}],"wp:term":[{"taxonomy":"category","embeddable":true,"href":"https:\/\/www.tuasaude.com\/news\/wp-json\/wp\/v2\/categories?post=106984"},{"taxonomy":"post_tag","embeddable":true,"href":"https:\/\/www.tuasaude.com\/news\/wp-json\/wp\/v2\/tags?post=106984"}],"curies":[{"name":"wp","href":"https:\/\/api.w.org\/{rel}","templated":true}]}}