{"id":106979,"date":"2026-09-03T22:20:00","date_gmt":"2026-09-04T01:20:00","guid":{"rendered":"https:\/\/www.tuasaude.com\/news\/?p=106979"},"modified":"2026-09-02T12:30:16","modified_gmt":"2026-09-02T15:30:16","slug":"dor-na-canela-em-quem-voltou-a-caminhar-nao-costuma-ser-fratura-mas-quase-sempre-sobrecarga-por-aumentar-ritmo-rapido-demais","status":"publish","type":"post","link":"https:\/\/www.tuasaude.com\/news\/2026\/09\/03\/dor-na-canela-em-quem-voltou-a-caminhar-nao-costuma-ser-fratura-mas-quase-sempre-sobrecarga-por-aumentar-ritmo-rapido-demais\/","title":{"rendered":"Dor na canela em quem voltou a caminhar n\u00e3o costuma ser fratura, mas quase sempre sobrecarga por aumentar ritmo r\u00e1pido demais"},"content":{"rendered":"\n<p class=\"wp-block-paragraph\">Aquela dor na canela que surge em quem voltou a caminhar costuma assustar e levantar o medo de fratura, mas raramente \u00e9 esse o caso. Na maioria das vezes, o problema \u00e9 uma sobrecarga que aparece quando o ritmo aumenta r\u00e1pido demais, antes de o corpo se adaptar ao impacto. Entender essa diferen\u00e7a muda a forma de cuidar do inc\u00f4modo, porque o al\u00edvio costuma vir do ajuste do ritmo e de um repouso relativo, e n\u00e3o de imobiliza\u00e7\u00e3o ou tratamentos para fratura.<\/p>\n\n\n\n<h2 class=\"wp-block-heading\">Por que a dor na canela quase nunca \u00e9 fratura?<\/h2>\n\n\n\n<p class=\"wp-block-paragraph\">A fratura por estresse \u00e9 uma fissura no osso e costuma doer em um ponto bem espec\u00edfico, que persiste mesmo em repouso. Esse n\u00e3o \u00e9 o padr\u00e3o mais comum de quem apenas retomou as caminhadas.<\/p>\n\n\n\n<p class=\"wp-block-paragraph\">Com muito mais frequ\u00eancia, o que aparece \u00e9 uma dor difusa ao longo da borda da t\u00edbia, o osso da canela. Ela reflete uma sobrecarga dos tecidos que envolvem o osso, e n\u00e3o uma quebra na sua estrutura.<\/p>\n\n\n\n<h2 class=\"wp-block-heading\">Como o aumento r\u00e1pido do ritmo sobrecarrega a canela?<\/h2>\n\n\n\n<p class=\"wp-block-paragraph\">Quando o volume de impacto cresce mais r\u00e1pido do que o osso e os m\u00fasculos conseguem se adaptar, a regi\u00e3o da t\u00edbia fica sobrecarregada. \u00c9 o famoso erro de acelerar cedo demais na volta \u00e0 atividade.<\/p>\n\n\n\n<p class=\"wp-block-paragraph\">Cada passo gera um pequeno impacto, e sem tempo de recupera\u00e7\u00e3o essas cargas se acumulam. O corpo n\u00e3o consegue refor\u00e7ar a estrutura na mesma velocidade, e surge a dor difusa caracter\u00edstica na borda da canela.<\/p>\n\n\n<div class=\"wp-block-image\">\n<figure class=\"aligncenter size-large\"><img decoding=\"async\" width=\"1024\" height=\"571\" src=\"https:\/\/www.tuasaude.com\/news\/wp-content\/uploads\/2026\/09\/DOR_NA_CANELA__SOBRECARGA_E_202609021229-1024x571.jpg\" alt=\"Ritmo gradual, menor impacto, recupera\u00e7\u00e3o e for\u00e7a ajudam a prevenir sobrecarga na canela.\" class=\"wp-image-106981\" srcset=\"https:\/\/www.tuasaude.com\/news\/wp-content\/uploads\/2026\/09\/DOR_NA_CANELA__SOBRECARGA_E_202609021229-1024x571.jpg 1024w, https:\/\/www.tuasaude.com\/news\/wp-content\/uploads\/2026\/09\/DOR_NA_CANELA__SOBRECARGA_E_202609021229-300x167.jpg 300w, https:\/\/www.tuasaude.com\/news\/wp-content\/uploads\/2026\/09\/DOR_NA_CANELA__SOBRECARGA_E_202609021229-768x428.jpg 768w, https:\/\/www.tuasaude.com\/news\/wp-content\/uploads\/2026\/09\/DOR_NA_CANELA__SOBRECARGA_E_202609021229-750x418.jpg 750w, https:\/\/www.tuasaude.com\/news\/wp-content\/uploads\/2026\/09\/DOR_NA_CANELA__SOBRECARGA_E_202609021229-1140x636.jpg 1140w, https:\/\/www.tuasaude.com\/news\/wp-content\/uploads\/2026\/09\/DOR_NA_CANELA__SOBRECARGA_E_202609021229.jpg 1280w\" sizes=\"(max-width: 1024px) 100vw, 1024px\" \/><figcaption class=\"wp-element-caption\">Ritmo gradual, menor impacto, recupera\u00e7\u00e3o e for\u00e7a ajudam a prevenir sobrecarga na canela.<\/figcaption><\/figure>\n<\/div>\n\n\n<h2 class=\"wp-block-heading\">Quais sinais ajudam a diferenciar sobrecarga de fratura?<\/h2>\n\n\n\n<p class=\"wp-block-paragraph\">Alguns sinais ajudam a distinguir a sobrecarga da canela de uma fratura por estresse. Veja os mais comuns:<\/p>\n\n\n\n<ul class=\"wp-block-list\">\n<li>Dor difusa e espalhada ao longo da borda da t\u00edbia, e n\u00e3o em um ponto \u00fanico;<\/li>\n\n\n\n<li>Melhora com repouso relativo e redu\u00e7\u00e3o do ritmo;<\/li>\n\n\n\n<li>Desconforto que aparece durante ou ap\u00f3s a caminhada;<\/li>\n\n\n\n<li>Aus\u00eancia de uma dor aguda e localizada que persiste parada;<\/li>\n\n\n\n<li>Piora clara quando o volume de treino aumentou r\u00e1pido demais.<\/li>\n<\/ul>\n\n\n\n<h2 class=\"wp-block-heading\">Quais cuidados ajudam a aliviar a dor na canela?<\/h2>\n\n\n\n<p class=\"wp-block-paragraph\">O manejo inicial costuma combinar a redu\u00e7\u00e3o tempor\u00e1ria do impacto, a aplica\u00e7\u00e3o de gelo e a retomada gradual do ritmo, sem parar por completo. O objetivo \u00e9 dar tempo para os tecidos se adaptarem \u00e0 carga.<\/p>\n\n\n\n<p class=\"wp-block-paragraph\">Fortalecer a musculatura da perna e progredir aos poucos ajudam a evitar novas crises. Vale lembrar que outras les\u00f5es por sobrecarga do membro inferior seguem a mesma l\u00f3gica de recupera\u00e7\u00e3o, como a <a href=\"https:\/\/www.tuasaude.com\/tendinite\/\" target=\"_blank\" rel=\"noreferrer noopener\">tendinite<\/a> e a inflama\u00e7\u00e3o por tr\u00e1s de um <a href=\"https:\/\/www.tuasaude.com\/tratamento-para-esporao-do-calcanhar\/\" target=\"_blank\" rel=\"noreferrer noopener\">espor\u00e3o no calcanhar<\/a>, que tamb\u00e9m respondem melhor ao ajuste da carga do que ao repouso absoluto.<\/p>\n\n\n<div class=\"wp-block-image\">\n<figure class=\"aligncenter size-large\"><img decoding=\"async\" width=\"1024\" height=\"571\" src=\"https:\/\/www.tuasaude.com\/news\/wp-content\/uploads\/2026\/09\/Man_doing_calf_stretch_home_202609021229-1024x571.jpg\" alt=\"Retomar caminhadas com progress\u00e3o gradual reduz a sobrecarga dos tecidos da canela.\" class=\"wp-image-106982\" srcset=\"https:\/\/www.tuasaude.com\/news\/wp-content\/uploads\/2026\/09\/Man_doing_calf_stretch_home_202609021229-1024x571.jpg 1024w, https:\/\/www.tuasaude.com\/news\/wp-content\/uploads\/2026\/09\/Man_doing_calf_stretch_home_202609021229-300x167.jpg 300w, https:\/\/www.tuasaude.com\/news\/wp-content\/uploads\/2026\/09\/Man_doing_calf_stretch_home_202609021229-768x428.jpg 768w, https:\/\/www.tuasaude.com\/news\/wp-content\/uploads\/2026\/09\/Man_doing_calf_stretch_home_202609021229-750x418.jpg 750w, https:\/\/www.tuasaude.com\/news\/wp-content\/uploads\/2026\/09\/Man_doing_calf_stretch_home_202609021229-1140x636.jpg 1140w, https:\/\/www.tuasaude.com\/news\/wp-content\/uploads\/2026\/09\/Man_doing_calf_stretch_home_202609021229.jpg 1280w\" sizes=\"(max-width: 1024px) 100vw, 1024px\" \/><figcaption class=\"wp-element-caption\">Retomar caminhadas com progress\u00e3o gradual reduz a sobrecarga dos tecidos da canela.<\/figcaption><\/figure>\n<\/div>\n\n\n<h2 class=\"wp-block-heading\">O que a ci\u00eancia diz sobre a sobrecarga na canela?<\/h2>\n\n\n\n<p class=\"wp-block-paragraph\">As evid\u00eancias refor\u00e7am que o aumento r\u00e1pido da carga \u00e9 um fator central nesse tipo de dor. Uma revis\u00e3o sistem\u00e1tica avaliou os fatores de risco da s\u00edndrome do estresse tibial medial, nome t\u00e9cnico da canelite que causa justamente essa dor difusa na borda da t\u00edbia. Segundo a revis\u00e3o <a href=\"https:\/\/pubmed.ncbi.nlm.nih.gov\/24379729\/\" target=\"_blank\" rel=\"noreferrer noopener\">Risk factors associated with medial tibial stress syndrome in runners<\/a>, publicada na revista cient\u00edfica Open Access Journal of Sports Medicine e indexada no PubMed, o quadro afeta uma parcela expressiva de praticantes e est\u00e1 ligado a fatores como hist\u00f3rico pr\u00e9vio da les\u00e3o e pouca experi\u00eancia, o que refor\u00e7a o papel da progress\u00e3o gradual.<\/p>\n\n\n\n<p class=\"wp-block-paragraph\">Esse resultado ajuda a explicar por que respeitar o tempo de adapta\u00e7\u00e3o \u00e9 hoje o ponto central da preven\u00e7\u00e3o. Aumentar o ritmo aos poucos tende a evitar mais o problema do que tratar a dor como se fosse sempre uma fratura.<\/p>\n\n\n\n<p class=\"wp-block-paragraph\"><em>Este conte\u00fado tem car\u00e1ter apenas informativo e n\u00e3o substitui a avalia\u00e7\u00e3o de um m\u00e9dico ou profissional de sa\u00fade qualificado. Diante de dor persistente na canela, procure orienta\u00e7\u00e3o profissional para um diagn\u00f3stico e tratamento adequados.<\/em><\/p>\n","protected":false},"excerpt":{"rendered":"<p>Aquela dor na canela que surge em quem voltou a caminhar costuma assustar e levantar o medo de fratura, mas raramente \u00e9 esse o caso. Na maioria das vezes, o problema \u00e9 uma sobrecarga que aparece quando o ritmo aumenta r\u00e1pido demais, antes de o corpo se adaptar ao impacto. Entender essa diferen\u00e7a muda a [&hellip;]<\/p>\n","protected":false},"author":16,"featured_media":106980,"comment_status":"open","ping_status":"open","sticky":false,"template":"","format":"standard","meta":{"_yoast_wpseo_focuskw":"dor na canela","_yoast_wpseo_title":"","_yoast_wpseo_metadesc":"A dor na canela ap\u00f3s voltar a caminhar nem sempre indica fratura. Entenda como o aumento r\u00e1pido do ritmo pode causar sobrecarga na regi\u00e3o.","jnews-multi-image_gallery":[],"jnews_single_post":{"format":"standard"},"jnews_primary_category":[],"jnews_social_meta":[],"jnews_override_counter":[],"footnotes":""},"categories":[111],"tags":[12981,11026,12980,11174,12982,136,11192],"class_list":["post-106979","post","type-post","status-publish","format-standard","has-post-thumbnail","hentry","category-saude","tag-aumentar-ritmo","tag-caminhar","tag-dor-na-canela","tag-fratura","tag-rapido-demais","tag-saude","tag-sobrecarga"],"yoast_head":"<!-- This site is optimized with the Yoast SEO plugin v26.7 - https:\/\/yoast.com\/wordpress\/plugins\/seo\/ -->\n<title>Dor na canela em quem voltou a caminhar n\u00e3o costuma ser fratura, mas quase sempre sobrecarga por aumentar ritmo r\u00e1pido demais - Tua Sa\u00fade<\/title>\n<meta name=\"description\" content=\"A dor na canela ap\u00f3s voltar a caminhar nem sempre indica fratura. Entenda como o aumento r\u00e1pido do ritmo pode causar sobrecarga na regi\u00e3o.\" \/>\n<meta name=\"robots\" content=\"index, follow, max-snippet:-1, max-image-preview:large, max-video-preview:-1\" \/>\n<link rel=\"canonical\" href=\"https:\/\/www.tuasaude.com\/news\/2026\/09\/03\/dor-na-canela-em-quem-voltou-a-caminhar-nao-costuma-ser-fratura-mas-quase-sempre-sobrecarga-por-aumentar-ritmo-rapido-demais\/\" \/>\n<meta property=\"og:locale\" content=\"pt_BR\" \/>\n<meta property=\"og:type\" content=\"article\" \/>\n<meta property=\"og:title\" content=\"Dor na canela em quem voltou a caminhar n\u00e3o costuma ser fratura, mas quase sempre sobrecarga por aumentar ritmo r\u00e1pido demais - Tua Sa\u00fade\" \/>\n<meta property=\"og:description\" content=\"A dor na canela ap\u00f3s voltar a caminhar nem sempre indica fratura. Entenda como o aumento r\u00e1pido do ritmo pode causar sobrecarga na regi\u00e3o.\" \/>\n<meta property=\"og:url\" content=\"https:\/\/www.tuasaude.com\/news\/2026\/09\/03\/dor-na-canela-em-quem-voltou-a-caminhar-nao-costuma-ser-fratura-mas-quase-sempre-sobrecarga-por-aumentar-ritmo-rapido-demais\/\" \/>\n<meta property=\"og:site_name\" content=\"Tua Sa\u00fade\" \/>\n<meta property=\"article:published_time\" content=\"2026-09-04T01:20:00+00:00\" \/>\n<meta property=\"og:image\" content=\"https:\/\/www.tuasaude.com\/news\/wp-content\/uploads\/2026\/09\/Woman_touching_leg_in_park_202609021229.jpg\" \/>\n\t<meta property=\"og:image:width\" content=\"1280\" \/>\n\t<meta property=\"og:image:height\" content=\"714\" \/>\n\t<meta property=\"og:image:type\" content=\"image\/jpeg\" \/>\n<meta name=\"author\" content=\"Maycon Geovane\" \/>\n<meta name=\"twitter:card\" content=\"summary_large_image\" \/>\n<meta name=\"twitter:label1\" content=\"Escrito por\" \/>\n\t<meta name=\"twitter:data1\" content=\"Maycon Geovane\" \/>\n\t<meta name=\"twitter:label2\" content=\"Est. tempo de leitura\" \/>\n\t<meta name=\"twitter:data2\" content=\"5 minutos\" \/>\n<!-- \/ Yoast SEO plugin. -->","yoast_head_json":{"title":"Dor na canela em quem voltou a caminhar n\u00e3o costuma ser fratura, mas quase sempre sobrecarga por aumentar ritmo r\u00e1pido demais - Tua Sa\u00fade","description":"A dor na canela ap\u00f3s voltar a caminhar nem sempre indica fratura. Entenda como o aumento r\u00e1pido do ritmo pode causar sobrecarga na regi\u00e3o.","robots":{"index":"index","follow":"follow","max-snippet":"max-snippet:-1","max-image-preview":"max-image-preview:large","max-video-preview":"max-video-preview:-1"},"canonical":"https:\/\/www.tuasaude.com\/news\/2026\/09\/03\/dor-na-canela-em-quem-voltou-a-caminhar-nao-costuma-ser-fratura-mas-quase-sempre-sobrecarga-por-aumentar-ritmo-rapido-demais\/","og_locale":"pt_BR","og_type":"article","og_title":"Dor na canela em quem voltou a caminhar n\u00e3o costuma ser fratura, mas quase sempre sobrecarga por aumentar ritmo r\u00e1pido demais - Tua Sa\u00fade","og_description":"A dor na canela ap\u00f3s voltar a caminhar nem sempre indica fratura. Entenda como o aumento r\u00e1pido do ritmo pode causar sobrecarga na regi\u00e3o.","og_url":"https:\/\/www.tuasaude.com\/news\/2026\/09\/03\/dor-na-canela-em-quem-voltou-a-caminhar-nao-costuma-ser-fratura-mas-quase-sempre-sobrecarga-por-aumentar-ritmo-rapido-demais\/","og_site_name":"Tua Sa\u00fade","article_published_time":"2026-09-04T01:20:00+00:00","og_image":[{"width":1280,"height":714,"url":"https:\/\/www.tuasaude.com\/news\/wp-content\/uploads\/2026\/09\/Woman_touching_leg_in_park_202609021229.jpg","type":"image\/jpeg"}],"author":"Maycon Geovane","twitter_card":"summary_large_image","twitter_misc":{"Escrito por":"Maycon Geovane","Est. tempo de leitura":"5 minutos"},"schema":{"@context":"https:\/\/schema.org","@graph":[{"@type":"Article","@id":"https:\/\/www.tuasaude.com\/news\/2026\/09\/03\/dor-na-canela-em-quem-voltou-a-caminhar-nao-costuma-ser-fratura-mas-quase-sempre-sobrecarga-por-aumentar-ritmo-rapido-demais\/#article","isPartOf":{"@id":"https:\/\/www.tuasaude.com\/news\/2026\/09\/03\/dor-na-canela-em-quem-voltou-a-caminhar-nao-costuma-ser-fratura-mas-quase-sempre-sobrecarga-por-aumentar-ritmo-rapido-demais\/"},"author":{"name":"Maycon Geovane","@id":"https:\/\/www.tuasaude.com\/news\/#\/schema\/person\/da63bccfbda5c95cfbf2d37c4276fca0"},"headline":"Dor na canela em quem voltou a caminhar n\u00e3o costuma ser fratura, mas quase sempre sobrecarga por aumentar ritmo r\u00e1pido demais","datePublished":"2026-09-04T01:20:00+00:00","mainEntityOfPage":{"@id":"https:\/\/www.tuasaude.com\/news\/2026\/09\/03\/dor-na-canela-em-quem-voltou-a-caminhar-nao-costuma-ser-fratura-mas-quase-sempre-sobrecarga-por-aumentar-ritmo-rapido-demais\/"},"wordCount":713,"commentCount":0,"image":{"@id":"https:\/\/www.tuasaude.com\/news\/2026\/09\/03\/dor-na-canela-em-quem-voltou-a-caminhar-nao-costuma-ser-fratura-mas-quase-sempre-sobrecarga-por-aumentar-ritmo-rapido-demais\/#primaryimage"},"thumbnailUrl":"https:\/\/www.tuasaude.com\/news\/wp-content\/uploads\/2026\/09\/Woman_touching_leg_in_park_202609021229.jpg","keywords":["aumentar ritmo","caminhar","dor na canela","fratura","r\u00e1pido demais","sa\u00fade","sobrecarga"],"articleSection":["Sa\u00fade"],"inLanguage":"pt-BR","potentialAction":[{"@type":"CommentAction","name":"Comment","target":["https:\/\/www.tuasaude.com\/news\/2026\/09\/03\/dor-na-canela-em-quem-voltou-a-caminhar-nao-costuma-ser-fratura-mas-quase-sempre-sobrecarga-por-aumentar-ritmo-rapido-demais\/#respond"]}]},{"@type":"WebPage","@id":"https:\/\/www.tuasaude.com\/news\/2026\/09\/03\/dor-na-canela-em-quem-voltou-a-caminhar-nao-costuma-ser-fratura-mas-quase-sempre-sobrecarga-por-aumentar-ritmo-rapido-demais\/","url":"https:\/\/www.tuasaude.com\/news\/2026\/09\/03\/dor-na-canela-em-quem-voltou-a-caminhar-nao-costuma-ser-fratura-mas-quase-sempre-sobrecarga-por-aumentar-ritmo-rapido-demais\/","name":"Dor na canela em quem voltou a caminhar n\u00e3o costuma ser fratura, mas quase sempre sobrecarga por aumentar ritmo r\u00e1pido demais - Tua Sa\u00fade","isPartOf":{"@id":"https:\/\/www.tuasaude.com\/news\/#website"},"primaryImageOfPage":{"@id":"https:\/\/www.tuasaude.com\/news\/2026\/09\/03\/dor-na-canela-em-quem-voltou-a-caminhar-nao-costuma-ser-fratura-mas-quase-sempre-sobrecarga-por-aumentar-ritmo-rapido-demais\/#primaryimage"},"image":{"@id":"https:\/\/www.tuasaude.com\/news\/2026\/09\/03\/dor-na-canela-em-quem-voltou-a-caminhar-nao-costuma-ser-fratura-mas-quase-sempre-sobrecarga-por-aumentar-ritmo-rapido-demais\/#primaryimage"},"thumbnailUrl":"https:\/\/www.tuasaude.com\/news\/wp-content\/uploads\/2026\/09\/Woman_touching_leg_in_park_202609021229.jpg","datePublished":"2026-09-04T01:20:00+00:00","author":{"@id":"https:\/\/www.tuasaude.com\/news\/#\/schema\/person\/da63bccfbda5c95cfbf2d37c4276fca0"},"description":"A dor na canela ap\u00f3s voltar a caminhar nem sempre indica fratura. Entenda como o aumento r\u00e1pido do ritmo pode causar sobrecarga na regi\u00e3o.","breadcrumb":{"@id":"https:\/\/www.tuasaude.com\/news\/2026\/09\/03\/dor-na-canela-em-quem-voltou-a-caminhar-nao-costuma-ser-fratura-mas-quase-sempre-sobrecarga-por-aumentar-ritmo-rapido-demais\/#breadcrumb"},"inLanguage":"pt-BR","potentialAction":[{"@type":"ReadAction","target":["https:\/\/www.tuasaude.com\/news\/2026\/09\/03\/dor-na-canela-em-quem-voltou-a-caminhar-nao-costuma-ser-fratura-mas-quase-sempre-sobrecarga-por-aumentar-ritmo-rapido-demais\/"]}]},{"@type":"ImageObject","inLanguage":"pt-BR","@id":"https:\/\/www.tuasaude.com\/news\/2026\/09\/03\/dor-na-canela-em-quem-voltou-a-caminhar-nao-costuma-ser-fratura-mas-quase-sempre-sobrecarga-por-aumentar-ritmo-rapido-demais\/#primaryimage","url":"https:\/\/www.tuasaude.com\/news\/wp-content\/uploads\/2026\/09\/Woman_touching_leg_in_park_202609021229.jpg","contentUrl":"https:\/\/www.tuasaude.com\/news\/wp-content\/uploads\/2026\/09\/Woman_touching_leg_in_park_202609021229.jpg","width":1280,"height":714,"caption":"Dor na canela em quem voltou a caminhar n\u00e3o costuma ser fratura, mas quase sempre sobrecarga por aumentar ritmo r\u00e1pido demais"},{"@type":"BreadcrumbList","@id":"https:\/\/www.tuasaude.com\/news\/2026\/09\/03\/dor-na-canela-em-quem-voltou-a-caminhar-nao-costuma-ser-fratura-mas-quase-sempre-sobrecarga-por-aumentar-ritmo-rapido-demais\/#breadcrumb","itemListElement":[{"@type":"ListItem","position":1,"name":"In\u00edcio","item":"https:\/\/www.tuasaude.com\/news\/"},{"@type":"ListItem","position":2,"name":"Dor na canela em quem voltou a caminhar n\u00e3o costuma ser fratura, mas quase sempre sobrecarga por aumentar ritmo r\u00e1pido demais"}]},{"@type":"WebSite","@id":"https:\/\/www.tuasaude.com\/news\/#website","url":"https:\/\/www.tuasaude.com\/news\/","name":"Tua Sa\u00fade","description":"Seu site de sa\u00fade","potentialAction":[{"@type":"SearchAction","target":{"@type":"EntryPoint","urlTemplate":"https:\/\/www.tuasaude.com\/news\/?s={search_term_string}"},"query-input":{"@type":"PropertyValueSpecification","valueRequired":true,"valueName":"search_term_string"}}],"inLanguage":"pt-BR"},{"@type":"Person","@id":"https:\/\/www.tuasaude.com\/news\/#\/schema\/person\/da63bccfbda5c95cfbf2d37c4276fca0","name":"Maycon Geovane","image":{"@type":"ImageObject","inLanguage":"pt-BR","@id":"https:\/\/www.tuasaude.com\/news\/#\/schema\/person\/image\/","url":"https:\/\/secure.gravatar.com\/avatar\/4f4908cf0a2f249a9f1137f9d5769cacc373d9aee67910cc212a09a346873b7d?s=96&d=mm&r=g","contentUrl":"https:\/\/secure.gravatar.com\/avatar\/4f4908cf0a2f249a9f1137f9d5769cacc373d9aee67910cc212a09a346873b7d?s=96&d=mm&r=g","caption":"Maycon Geovane"},"sameAs":["https:\/\/www.tuasaude.com\/news\/"],"url":"https:\/\/www.tuasaude.com\/news\/author\/maycongeovane\/"}]}},"_links":{"self":[{"href":"https:\/\/www.tuasaude.com\/news\/wp-json\/wp\/v2\/posts\/106979","targetHints":{"allow":["GET"]}}],"collection":[{"href":"https:\/\/www.tuasaude.com\/news\/wp-json\/wp\/v2\/posts"}],"about":[{"href":"https:\/\/www.tuasaude.com\/news\/wp-json\/wp\/v2\/types\/post"}],"author":[{"embeddable":true,"href":"https:\/\/www.tuasaude.com\/news\/wp-json\/wp\/v2\/users\/16"}],"replies":[{"embeddable":true,"href":"https:\/\/www.tuasaude.com\/news\/wp-json\/wp\/v2\/comments?post=106979"}],"version-history":[{"count":1,"href":"https:\/\/www.tuasaude.com\/news\/wp-json\/wp\/v2\/posts\/106979\/revisions"}],"predecessor-version":[{"id":106983,"href":"https:\/\/www.tuasaude.com\/news\/wp-json\/wp\/v2\/posts\/106979\/revisions\/106983"}],"wp:featuredmedia":[{"embeddable":true,"href":"https:\/\/www.tuasaude.com\/news\/wp-json\/wp\/v2\/media\/106980"}],"wp:attachment":[{"href":"https:\/\/www.tuasaude.com\/news\/wp-json\/wp\/v2\/media?parent=106979"}],"wp:term":[{"taxonomy":"category","embeddable":true,"href":"https:\/\/www.tuasaude.com\/news\/wp-json\/wp\/v2\/categories?post=106979"},{"taxonomy":"post_tag","embeddable":true,"href":"https:\/\/www.tuasaude.com\/news\/wp-json\/wp\/v2\/tags?post=106979"}],"curies":[{"name":"wp","href":"https:\/\/api.w.org\/{rel}","templated":true}]}}