{"id":106944,"date":"2026-09-02T13:39:00","date_gmt":"2026-09-02T16:39:00","guid":{"rendered":"https:\/\/www.tuasaude.com\/news\/?p=106944"},"modified":"2026-09-02T11:48:48","modified_gmt":"2026-09-02T14:48:48","slug":"o-cansaco-constante-pode-ter-uma-causa-alem-da-falta-de-sono-o-que-a-ciencia-estuda-sobre-a-ligacao-entre-intestino-e-cerebro","status":"publish","type":"post","link":"https:\/\/www.tuasaude.com\/news\/2026\/09\/02\/o-cansaco-constante-pode-ter-uma-causa-alem-da-falta-de-sono-o-que-a-ciencia-estuda-sobre-a-ligacao-entre-intestino-e-cerebro\/","title":{"rendered":"O cansa\u00e7o constante pode ter uma causa al\u00e9m da falta de sono: o que a ci\u00eancia estuda sobre a liga\u00e7\u00e3o entre intestino e c\u00e9rebro"},"content":{"rendered":"\n<p class=\"wp-block-paragraph\">Sentir-se cansado o tempo todo, mesmo depois de dormir bem, \u00e9 uma queixa cada vez mais comum e pode ter explica\u00e7\u00f5es que v\u00e3o al\u00e9m da qualidade do sono. Nos \u00faltimos anos, a ci\u00eancia tem investigado o chamado eixo intestino-c\u00e9rebro, uma via de comunica\u00e7\u00e3o entre o sistema digestivo e o sistema nervoso central que envolve bact\u00e9rias intestinais, horm\u00f4nios e sinais inflamat\u00f3rios. As pesquisas ainda s\u00e3o recentes, mas apontam pistas interessantes sobre como o equil\u00edbrio do intestino pode influenciar a disposi\u00e7\u00e3o no dia a dia.<\/p>\n\n\n\n<h2 class=\"wp-block-heading\">O que \u00e9 o eixo intestino-c\u00e9rebro?<\/h2>\n\n\n\n<p class=\"wp-block-paragraph\">O eixo intestino-c\u00e9rebro \u00e9 uma rede de comunica\u00e7\u00e3o bidirecional entre o trato digestivo e o c\u00e9rebro, formada por conex\u00f5es nervosas, hormonais e imunol\u00f3gicas. O nervo vago, os neurotransmissores produzidos no intestino e os metabolitos das bact\u00e9rias intestinais participam desse di\u00e1logo constante.<\/p>\n\n\n\n<p class=\"wp-block-paragraph\">Estima-se que grande parte da serotonina, subst\u00e2ncia ligada ao humor e ao bem-estar, seja produzida no intestino. Por isso, altera\u00e7\u00f5es nesse ambiente podem repercutir em sensa\u00e7\u00f5es que envolvem energia, \u00e2nimo e concentra\u00e7\u00e3o.<\/p>\n\n\n\n<h2 class=\"wp-block-heading\">Como a microbiota intestinal pode influenciar a disposi\u00e7\u00e3o?<\/h2>\n\n\n\n<p class=\"wp-block-paragraph\">A microbiota \u00e9 o conjunto de trilh\u00f5es de bact\u00e9rias, fungos e outros microrganismos que habitam o intestino. Quando est\u00e1 em equil\u00edbrio, contribui para a digest\u00e3o, a produ\u00e7\u00e3o de vitaminas do complexo B e a regula\u00e7\u00e3o de compostos que atuam no sistema nervoso.<\/p>\n\n\n\n<p class=\"wp-block-paragraph\">J\u00e1 o desequil\u00edbrio, chamado de disbiose, tem sido associado em pesquisas a maior inflama\u00e7\u00e3o silenciosa e menor produ\u00e7\u00e3o de \u00e1cidos graxos de cadeia curta, fatores que podem se relacionar com fadiga persistente. Ainda assim, trata-se de uma hip\u00f3tese em estudo e n\u00e3o de uma causa comprovada de cansa\u00e7o.<\/p>\n\n\n<div class=\"wp-block-image\">\n<figure class=\"aligncenter size-large\"><img decoding=\"async\" width=\"1024\" height=\"571\" src=\"https:\/\/www.tuasaude.com\/news\/wp-content\/uploads\/2026\/09\/Eixo_intestino-cerebro_e_cansaco_202609021147-1024x571.jpg\" alt=\"Microbiota, nervo vago, metab\u00f3litos e sintomas ajudam a explicar o eixo intestino-c\u00e9rebro.\" class=\"wp-image-106947\" srcset=\"https:\/\/www.tuasaude.com\/news\/wp-content\/uploads\/2026\/09\/Eixo_intestino-cerebro_e_cansaco_202609021147-1024x571.jpg 1024w, https:\/\/www.tuasaude.com\/news\/wp-content\/uploads\/2026\/09\/Eixo_intestino-cerebro_e_cansaco_202609021147-300x167.jpg 300w, https:\/\/www.tuasaude.com\/news\/wp-content\/uploads\/2026\/09\/Eixo_intestino-cerebro_e_cansaco_202609021147-768x428.jpg 768w, https:\/\/www.tuasaude.com\/news\/wp-content\/uploads\/2026\/09\/Eixo_intestino-cerebro_e_cansaco_202609021147-750x418.jpg 750w, https:\/\/www.tuasaude.com\/news\/wp-content\/uploads\/2026\/09\/Eixo_intestino-cerebro_e_cansaco_202609021147-1140x636.jpg 1140w, https:\/\/www.tuasaude.com\/news\/wp-content\/uploads\/2026\/09\/Eixo_intestino-cerebro_e_cansaco_202609021147.jpg 1280w\" sizes=\"(max-width: 1024px) 100vw, 1024px\" \/><figcaption class=\"wp-element-caption\">Microbiota, nervo vago, metab\u00f3litos e sintomas ajudam a explicar o eixo intestino-c\u00e9rebro.<\/figcaption><\/figure>\n<\/div>\n\n\n<h2 class=\"wp-block-heading\">Que sinais podem indicar essa rela\u00e7\u00e3o?<\/h2>\n\n\n\n<p class=\"wp-block-paragraph\">Alguns sinais chamam a aten\u00e7\u00e3o quando o cansa\u00e7o aparece junto a altera\u00e7\u00f5es digestivas frequentes e podem sugerir a necessidade de olhar para o funcionamento do intestino, sempre com apoio profissional:<\/p>\n\n\n\n<ul class=\"wp-block-list\">\n<li><strong>Cansa\u00e7o persistente<\/strong> mesmo ap\u00f3s noites bem dormidas<\/li>\n\n\n\n<li>Sensa\u00e7\u00e3o de peso, incha\u00e7o abdominal e gases frequentes<\/li>\n\n\n\n<li>Altera\u00e7\u00f5es no ritmo intestinal, como pris\u00e3o de ventre ou diarreia recorrente<\/li>\n\n\n\n<li>Queda na disposi\u00e7\u00e3o ao longo do dia, associada \u00e0 dificuldade de concentra\u00e7\u00e3o<\/li>\n\n\n\n<li>Oscila\u00e7\u00f5es de humor e maior irritabilidade sem causa aparente<\/li>\n\n\n\n<li>Baixa toler\u00e2ncia a alguns alimentos, com desconforto ap\u00f3s as refei\u00e7\u00f5es<\/li>\n<\/ul>\n\n\n\n<p class=\"wp-block-paragraph\">Esses sinais isolados n\u00e3o confirmam nenhum diagn\u00f3stico e podem ter v\u00e1rias origens.<\/p>\n\n\n\n<h2 class=\"wp-block-heading\">O que diz um estudo cient\u00edfico sobre o eixo intestino-c\u00e9rebro?<\/h2>\n\n\n\n<p class=\"wp-block-paragraph\">A ci\u00eancia vem se debru\u00e7ando sobre o tema com revis\u00f5es amplas e rigorosas. Segundo a revis\u00e3o <a href=\"https:\/\/journals.physiology.org\/doi\/full\/10.1152\/physrev.00018.2018\" target=\"_blank\" rel=\"noreferrer noopener\">The Microbiota-Gut-Brain Axis<\/a>, publicada na revista cient\u00edfica Physiological Reviews, a comunica\u00e7\u00e3o entre a microbiota intestinal e o c\u00e9rebro ocorre por meio do nervo vago, do sistema imunol\u00f3gico, do metabolismo do triptofano e de metabolitos como os \u00e1cidos graxos de cadeia curta.<\/p>\n\n\n\n<p class=\"wp-block-paragraph\">Os autores destacam que altera\u00e7\u00f5es nesse eixo t\u00eam sido associadas a quadros psiqui\u00e1tricos, neurodegenerativos e \u00e0 s\u00edndrome da fadiga cr\u00f4nica, mas refor\u00e7am que os mecanismos ainda est\u00e3o em investiga\u00e7\u00e3o e que muitos achados v\u00eam de estudos experimentais que precisam de confirma\u00e7\u00e3o em humanos.<\/p>\n\n\n<div class=\"wp-block-image\">\n<figure class=\"aligncenter size-large\"><img decoding=\"async\" width=\"1024\" height=\"571\" src=\"https:\/\/www.tuasaude.com\/news\/wp-content\/uploads\/2026\/09\/Man_visualizing_gut_brain_axis_202609021148-1024x571.jpg\" alt=\"Fadiga, desconforto intestinal e dificuldade de concentra\u00e7\u00e3o podem aparecer ao mesmo tempo.\" class=\"wp-image-106948\" srcset=\"https:\/\/www.tuasaude.com\/news\/wp-content\/uploads\/2026\/09\/Man_visualizing_gut_brain_axis_202609021148-1024x571.jpg 1024w, https:\/\/www.tuasaude.com\/news\/wp-content\/uploads\/2026\/09\/Man_visualizing_gut_brain_axis_202609021148-300x167.jpg 300w, https:\/\/www.tuasaude.com\/news\/wp-content\/uploads\/2026\/09\/Man_visualizing_gut_brain_axis_202609021148-768x428.jpg 768w, https:\/\/www.tuasaude.com\/news\/wp-content\/uploads\/2026\/09\/Man_visualizing_gut_brain_axis_202609021148-750x418.jpg 750w, https:\/\/www.tuasaude.com\/news\/wp-content\/uploads\/2026\/09\/Man_visualizing_gut_brain_axis_202609021148-1140x636.jpg 1140w, https:\/\/www.tuasaude.com\/news\/wp-content\/uploads\/2026\/09\/Man_visualizing_gut_brain_axis_202609021148.jpg 1280w\" sizes=\"(max-width: 1024px) 100vw, 1024px\" \/><figcaption class=\"wp-element-caption\">Fadiga, desconforto intestinal e dificuldade de concentra\u00e7\u00e3o podem aparecer ao mesmo tempo.<\/figcaption><\/figure>\n<\/div>\n\n\n<h2 class=\"wp-block-heading\">Como cuidar do intestino no dia a dia?<\/h2>\n\n\n\n<p class=\"wp-block-paragraph\">Manter uma alimenta\u00e7\u00e3o equilibrada, com frutas, verduras, gr\u00e3os integrais, leguminosas e alimentos fermentados, \u00e9 uma das estrat\u00e9gias mais recomendadas para preservar a diversidade da <a href=\"https:\/\/www.tuasaude.com\/flora-intestinal\/\" target=\"_blank\" rel=\"noreferrer noopener\">flora intestinal<\/a>. Reduzir o consumo de ultraprocessados, a\u00e7\u00facar e \u00e1lcool tamb\u00e9m favorece esse equil\u00edbrio ao longo do tempo.<\/p>\n\n\n\n<p class=\"wp-block-paragraph\">Quando o <a href=\"https:\/\/www.tuasaude.com\/cansaco-excessivo\/\" target=\"_blank\" rel=\"noreferrer noopener\">cansa\u00e7o excessivo<\/a> persiste por semanas, \u00e9 importante procurar um cl\u00ednico geral para investigar causas mais frequentes, como anemia, hipotireoidismo, defici\u00eancias de vitaminas e dist\u00farbios do sono, antes de atribuir os sintomas apenas ao intestino. A investiga\u00e7\u00e3o da <a href=\"https:\/\/www.tuasaude.com\/fadiga\/\" target=\"_blank\" rel=\"noreferrer noopener\">fadiga<\/a> costuma envolver exames de sangue e uma avalia\u00e7\u00e3o cl\u00ednica cuidadosa.<\/p>\n\n\n\n<p class=\"wp-block-paragraph\"><em>Este conte\u00fado tem car\u00e1ter apenas informativo e n\u00e3o substitui a avalia\u00e7\u00e3o de um profissional de sa\u00fade. Consulte sempre um m\u00e9dico de confian\u00e7a para diagn\u00f3stico e tratamento adequados.<\/em><\/p>\n","protected":false},"excerpt":{"rendered":"<p>Sentir-se cansado o tempo todo, mesmo depois de dormir bem, \u00e9 uma queixa cada vez mais comum e pode ter explica\u00e7\u00f5es que v\u00e3o al\u00e9m da qualidade do sono. Nos \u00faltimos anos, a ci\u00eancia tem investigado o chamado eixo intestino-c\u00e9rebro, uma via de comunica\u00e7\u00e3o entre o sistema digestivo e o sistema nervoso central que envolve bact\u00e9rias [&hellip;]<\/p>\n","protected":false},"author":11,"featured_media":106946,"comment_status":"open","ping_status":"open","sticky":false,"template":"","format":"standard","meta":{"_yoast_wpseo_focuskw":"cansa\u00e7o","_yoast_wpseo_title":"","_yoast_wpseo_metadesc":"Cansa\u00e7o constante, incha\u00e7o e dificuldade de concentra\u00e7\u00e3o podem aparecer juntos. Entenda a poss\u00edvel rela\u00e7\u00e3o entre microbiota intestinal, c\u00e9rebro e disposi\u00e7\u00e3o.","jnews-multi-image_gallery":[],"jnews_single_post":{"format":"standard"},"jnews_primary_category":[],"jnews_social_meta":[],"jnews_override_counter":[],"footnotes":""},"categories":[111],"tags":[193,136,299,116],"class_list":["post-106944","post","type-post","status-publish","format-standard","has-post-thumbnail","hentry","category-saude","tag-cansaco","tag-saude","tag-saude-intestinal","tag-sono"],"yoast_head":"<!-- This site is optimized with the Yoast SEO plugin v26.7 - https:\/\/yoast.com\/wordpress\/plugins\/seo\/ -->\n<title>O cansa\u00e7o constante pode ter uma causa al\u00e9m da falta de sono: o que a ci\u00eancia estuda sobre a liga\u00e7\u00e3o entre intestino e c\u00e9rebro - Tua Sa\u00fade<\/title>\n<meta name=\"description\" content=\"Cansa\u00e7o constante, incha\u00e7o e dificuldade de concentra\u00e7\u00e3o podem aparecer juntos. Entenda a poss\u00edvel rela\u00e7\u00e3o entre microbiota intestinal, c\u00e9rebro e disposi\u00e7\u00e3o.\" \/>\n<meta name=\"robots\" content=\"index, follow, max-snippet:-1, max-image-preview:large, max-video-preview:-1\" \/>\n<link rel=\"canonical\" href=\"https:\/\/www.tuasaude.com\/news\/2026\/09\/02\/o-cansaco-constante-pode-ter-uma-causa-alem-da-falta-de-sono-o-que-a-ciencia-estuda-sobre-a-ligacao-entre-intestino-e-cerebro\/\" \/>\n<meta property=\"og:locale\" content=\"pt_BR\" \/>\n<meta property=\"og:type\" content=\"article\" \/>\n<meta property=\"og:title\" content=\"O cansa\u00e7o constante pode ter uma causa al\u00e9m da falta de sono: o que a ci\u00eancia estuda sobre a liga\u00e7\u00e3o entre intestino e c\u00e9rebro - Tua Sa\u00fade\" \/>\n<meta property=\"og:description\" content=\"Cansa\u00e7o constante, incha\u00e7o e dificuldade de concentra\u00e7\u00e3o podem aparecer juntos. Entenda a poss\u00edvel rela\u00e7\u00e3o entre microbiota intestinal, c\u00e9rebro e disposi\u00e7\u00e3o.\" \/>\n<meta property=\"og:url\" content=\"https:\/\/www.tuasaude.com\/news\/2026\/09\/02\/o-cansaco-constante-pode-ter-uma-causa-alem-da-falta-de-sono-o-que-a-ciencia-estuda-sobre-a-ligacao-entre-intestino-e-cerebro\/\" \/>\n<meta property=\"og:site_name\" content=\"Tua Sa\u00fade\" \/>\n<meta property=\"article:published_time\" content=\"2026-09-02T16:39:00+00:00\" \/>\n<meta property=\"og:image\" content=\"https:\/\/www.tuasaude.com\/news\/wp-content\/uploads\/2026\/09\/Man_sitting_at_work_desk_202609021146.jpg\" \/>\n\t<meta property=\"og:image:width\" content=\"1280\" \/>\n\t<meta property=\"og:image:height\" content=\"714\" \/>\n\t<meta property=\"og:image:type\" content=\"image\/jpeg\" \/>\n<meta name=\"author\" content=\"Gessika Julia Carvalho\" \/>\n<meta name=\"twitter:card\" content=\"summary_large_image\" \/>\n<meta name=\"twitter:label1\" content=\"Escrito por\" \/>\n\t<meta name=\"twitter:data1\" content=\"Gessika Julia Carvalho\" \/>\n\t<meta name=\"twitter:label2\" content=\"Est. tempo de leitura\" \/>\n\t<meta name=\"twitter:data2\" content=\"5 minutos\" \/>\n<!-- \/ Yoast SEO plugin. -->","yoast_head_json":{"title":"O cansa\u00e7o constante pode ter uma causa al\u00e9m da falta de sono: o que a ci\u00eancia estuda sobre a liga\u00e7\u00e3o entre intestino e c\u00e9rebro - Tua Sa\u00fade","description":"Cansa\u00e7o constante, incha\u00e7o e dificuldade de concentra\u00e7\u00e3o podem aparecer juntos. Entenda a poss\u00edvel rela\u00e7\u00e3o entre microbiota intestinal, c\u00e9rebro e disposi\u00e7\u00e3o.","robots":{"index":"index","follow":"follow","max-snippet":"max-snippet:-1","max-image-preview":"max-image-preview:large","max-video-preview":"max-video-preview:-1"},"canonical":"https:\/\/www.tuasaude.com\/news\/2026\/09\/02\/o-cansaco-constante-pode-ter-uma-causa-alem-da-falta-de-sono-o-que-a-ciencia-estuda-sobre-a-ligacao-entre-intestino-e-cerebro\/","og_locale":"pt_BR","og_type":"article","og_title":"O cansa\u00e7o constante pode ter uma causa al\u00e9m da falta de sono: o que a ci\u00eancia estuda sobre a liga\u00e7\u00e3o entre intestino e c\u00e9rebro - Tua Sa\u00fade","og_description":"Cansa\u00e7o constante, incha\u00e7o e dificuldade de concentra\u00e7\u00e3o podem aparecer juntos. Entenda a poss\u00edvel rela\u00e7\u00e3o entre microbiota intestinal, c\u00e9rebro e disposi\u00e7\u00e3o.","og_url":"https:\/\/www.tuasaude.com\/news\/2026\/09\/02\/o-cansaco-constante-pode-ter-uma-causa-alem-da-falta-de-sono-o-que-a-ciencia-estuda-sobre-a-ligacao-entre-intestino-e-cerebro\/","og_site_name":"Tua Sa\u00fade","article_published_time":"2026-09-02T16:39:00+00:00","og_image":[{"width":1280,"height":714,"url":"https:\/\/www.tuasaude.com\/news\/wp-content\/uploads\/2026\/09\/Man_sitting_at_work_desk_202609021146.jpg","type":"image\/jpeg"}],"author":"Gessika Julia Carvalho","twitter_card":"summary_large_image","twitter_misc":{"Escrito por":"Gessika Julia Carvalho","Est. tempo de leitura":"5 minutos"},"schema":{"@context":"https:\/\/schema.org","@graph":[{"@type":"Article","@id":"https:\/\/www.tuasaude.com\/news\/2026\/09\/02\/o-cansaco-constante-pode-ter-uma-causa-alem-da-falta-de-sono-o-que-a-ciencia-estuda-sobre-a-ligacao-entre-intestino-e-cerebro\/#article","isPartOf":{"@id":"https:\/\/www.tuasaude.com\/news\/2026\/09\/02\/o-cansaco-constante-pode-ter-uma-causa-alem-da-falta-de-sono-o-que-a-ciencia-estuda-sobre-a-ligacao-entre-intestino-e-cerebro\/"},"author":{"name":"Gessika Julia Carvalho","@id":"https:\/\/www.tuasaude.com\/news\/#\/schema\/person\/2e9df841be69ec84f5d20ddb8d273ac2"},"headline":"O cansa\u00e7o constante pode ter uma causa al\u00e9m da falta de sono: o que a ci\u00eancia estuda sobre a liga\u00e7\u00e3o entre intestino e c\u00e9rebro","datePublished":"2026-09-02T16:39:00+00:00","mainEntityOfPage":{"@id":"https:\/\/www.tuasaude.com\/news\/2026\/09\/02\/o-cansaco-constante-pode-ter-uma-causa-alem-da-falta-de-sono-o-que-a-ciencia-estuda-sobre-a-ligacao-entre-intestino-e-cerebro\/"},"wordCount":747,"commentCount":0,"image":{"@id":"https:\/\/www.tuasaude.com\/news\/2026\/09\/02\/o-cansaco-constante-pode-ter-uma-causa-alem-da-falta-de-sono-o-que-a-ciencia-estuda-sobre-a-ligacao-entre-intestino-e-cerebro\/#primaryimage"},"thumbnailUrl":"https:\/\/www.tuasaude.com\/news\/wp-content\/uploads\/2026\/09\/Man_sitting_at_work_desk_202609021146.jpg","keywords":["cansa\u00e7o","sa\u00fade","sa\u00fade intestinal","sono"],"articleSection":["Sa\u00fade"],"inLanguage":"pt-BR","potentialAction":[{"@type":"CommentAction","name":"Comment","target":["https:\/\/www.tuasaude.com\/news\/2026\/09\/02\/o-cansaco-constante-pode-ter-uma-causa-alem-da-falta-de-sono-o-que-a-ciencia-estuda-sobre-a-ligacao-entre-intestino-e-cerebro\/#respond"]}]},{"@type":"WebPage","@id":"https:\/\/www.tuasaude.com\/news\/2026\/09\/02\/o-cansaco-constante-pode-ter-uma-causa-alem-da-falta-de-sono-o-que-a-ciencia-estuda-sobre-a-ligacao-entre-intestino-e-cerebro\/","url":"https:\/\/www.tuasaude.com\/news\/2026\/09\/02\/o-cansaco-constante-pode-ter-uma-causa-alem-da-falta-de-sono-o-que-a-ciencia-estuda-sobre-a-ligacao-entre-intestino-e-cerebro\/","name":"O cansa\u00e7o constante pode ter uma causa al\u00e9m da falta de sono: o que a ci\u00eancia estuda sobre a liga\u00e7\u00e3o entre intestino e c\u00e9rebro - Tua Sa\u00fade","isPartOf":{"@id":"https:\/\/www.tuasaude.com\/news\/#website"},"primaryImageOfPage":{"@id":"https:\/\/www.tuasaude.com\/news\/2026\/09\/02\/o-cansaco-constante-pode-ter-uma-causa-alem-da-falta-de-sono-o-que-a-ciencia-estuda-sobre-a-ligacao-entre-intestino-e-cerebro\/#primaryimage"},"image":{"@id":"https:\/\/www.tuasaude.com\/news\/2026\/09\/02\/o-cansaco-constante-pode-ter-uma-causa-alem-da-falta-de-sono-o-que-a-ciencia-estuda-sobre-a-ligacao-entre-intestino-e-cerebro\/#primaryimage"},"thumbnailUrl":"https:\/\/www.tuasaude.com\/news\/wp-content\/uploads\/2026\/09\/Man_sitting_at_work_desk_202609021146.jpg","datePublished":"2026-09-02T16:39:00+00:00","author":{"@id":"https:\/\/www.tuasaude.com\/news\/#\/schema\/person\/2e9df841be69ec84f5d20ddb8d273ac2"},"description":"Cansa\u00e7o constante, incha\u00e7o e dificuldade de concentra\u00e7\u00e3o podem aparecer juntos. Entenda a poss\u00edvel rela\u00e7\u00e3o entre microbiota intestinal, c\u00e9rebro e disposi\u00e7\u00e3o.","breadcrumb":{"@id":"https:\/\/www.tuasaude.com\/news\/2026\/09\/02\/o-cansaco-constante-pode-ter-uma-causa-alem-da-falta-de-sono-o-que-a-ciencia-estuda-sobre-a-ligacao-entre-intestino-e-cerebro\/#breadcrumb"},"inLanguage":"pt-BR","potentialAction":[{"@type":"ReadAction","target":["https:\/\/www.tuasaude.com\/news\/2026\/09\/02\/o-cansaco-constante-pode-ter-uma-causa-alem-da-falta-de-sono-o-que-a-ciencia-estuda-sobre-a-ligacao-entre-intestino-e-cerebro\/"]}]},{"@type":"ImageObject","inLanguage":"pt-BR","@id":"https:\/\/www.tuasaude.com\/news\/2026\/09\/02\/o-cansaco-constante-pode-ter-uma-causa-alem-da-falta-de-sono-o-que-a-ciencia-estuda-sobre-a-ligacao-entre-intestino-e-cerebro\/#primaryimage","url":"https:\/\/www.tuasaude.com\/news\/wp-content\/uploads\/2026\/09\/Man_sitting_at_work_desk_202609021146.jpg","contentUrl":"https:\/\/www.tuasaude.com\/news\/wp-content\/uploads\/2026\/09\/Man_sitting_at_work_desk_202609021146.jpg","width":1280,"height":714,"caption":"O cansa\u00e7o constante pode ter uma causa al\u00e9m da falta de sono: o que a ci\u00eancia estuda sobre a liga\u00e7\u00e3o entre intestino e c\u00e9rebro"},{"@type":"BreadcrumbList","@id":"https:\/\/www.tuasaude.com\/news\/2026\/09\/02\/o-cansaco-constante-pode-ter-uma-causa-alem-da-falta-de-sono-o-que-a-ciencia-estuda-sobre-a-ligacao-entre-intestino-e-cerebro\/#breadcrumb","itemListElement":[{"@type":"ListItem","position":1,"name":"In\u00edcio","item":"https:\/\/www.tuasaude.com\/news\/"},{"@type":"ListItem","position":2,"name":"O cansa\u00e7o constante pode ter uma causa al\u00e9m da falta de sono: o que a ci\u00eancia estuda sobre a liga\u00e7\u00e3o entre intestino e c\u00e9rebro"}]},{"@type":"WebSite","@id":"https:\/\/www.tuasaude.com\/news\/#website","url":"https:\/\/www.tuasaude.com\/news\/","name":"Tua Sa\u00fade","description":"Seu site de sa\u00fade","potentialAction":[{"@type":"SearchAction","target":{"@type":"EntryPoint","urlTemplate":"https:\/\/www.tuasaude.com\/news\/?s={search_term_string}"},"query-input":{"@type":"PropertyValueSpecification","valueRequired":true,"valueName":"search_term_string"}}],"inLanguage":"pt-BR"},{"@type":"Person","@id":"https:\/\/www.tuasaude.com\/news\/#\/schema\/person\/2e9df841be69ec84f5d20ddb8d273ac2","name":"Gessika Julia Carvalho","image":{"@type":"ImageObject","inLanguage":"pt-BR","@id":"https:\/\/www.tuasaude.com\/news\/#\/schema\/person\/image\/","url":"https:\/\/secure.gravatar.com\/avatar\/0fcc8769024577fd0bc6a8b766055690f76a8e8f29dfb2a2f89cf04db8d0f2d2?s=96&d=mm&r=g","contentUrl":"https:\/\/secure.gravatar.com\/avatar\/0fcc8769024577fd0bc6a8b766055690f76a8e8f29dfb2a2f89cf04db8d0f2d2?s=96&d=mm&r=g","caption":"Gessika Julia Carvalho"},"sameAs":["https:\/\/www.tuasaude.com\/news\/"],"url":"https:\/\/www.tuasaude.com\/news\/author\/gessika-julia\/"}]}},"_links":{"self":[{"href":"https:\/\/www.tuasaude.com\/news\/wp-json\/wp\/v2\/posts\/106944","targetHints":{"allow":["GET"]}}],"collection":[{"href":"https:\/\/www.tuasaude.com\/news\/wp-json\/wp\/v2\/posts"}],"about":[{"href":"https:\/\/www.tuasaude.com\/news\/wp-json\/wp\/v2\/types\/post"}],"author":[{"embeddable":true,"href":"https:\/\/www.tuasaude.com\/news\/wp-json\/wp\/v2\/users\/11"}],"replies":[{"embeddable":true,"href":"https:\/\/www.tuasaude.com\/news\/wp-json\/wp\/v2\/comments?post=106944"}],"version-history":[{"count":1,"href":"https:\/\/www.tuasaude.com\/news\/wp-json\/wp\/v2\/posts\/106944\/revisions"}],"predecessor-version":[{"id":106949,"href":"https:\/\/www.tuasaude.com\/news\/wp-json\/wp\/v2\/posts\/106944\/revisions\/106949"}],"wp:featuredmedia":[{"embeddable":true,"href":"https:\/\/www.tuasaude.com\/news\/wp-json\/wp\/v2\/media\/106946"}],"wp:attachment":[{"href":"https:\/\/www.tuasaude.com\/news\/wp-json\/wp\/v2\/media?parent=106944"}],"wp:term":[{"taxonomy":"category","embeddable":true,"href":"https:\/\/www.tuasaude.com\/news\/wp-json\/wp\/v2\/categories?post=106944"},{"taxonomy":"post_tag","embeddable":true,"href":"https:\/\/www.tuasaude.com\/news\/wp-json\/wp\/v2\/tags?post=106944"}],"curies":[{"name":"wp","href":"https:\/\/api.w.org\/{rel}","templated":true}]}}