{"id":106933,"date":"2026-09-03T20:30:00","date_gmt":"2026-09-03T23:30:00","guid":{"rendered":"https:\/\/www.tuasaude.com\/news\/?p=106933"},"modified":"2026-09-02T12:27:10","modified_gmt":"2026-09-02T15:27:10","slug":"a-dor-no-quadril-ao-deitar-de-lado-raramente-e-artrose-da-articulacao-mas-na-maioria-das-vezes-tendao-inflamado-na-lateral-do-osso","status":"publish","type":"post","link":"https:\/\/www.tuasaude.com\/news\/2026\/09\/03\/a-dor-no-quadril-ao-deitar-de-lado-raramente-e-artrose-da-articulacao-mas-na-maioria-das-vezes-tendao-inflamado-na-lateral-do-osso\/","title":{"rendered":"A dor no quadril ao deitar de lado raramente \u00e9 artrose da articula\u00e7\u00e3o, mas na maioria das vezes tend\u00e3o inflamado na lateral do osso"},"content":{"rendered":"\n<p class=\"wp-block-paragraph\">Aquela dor no quadril que aparece justamente ao deitar de lado costuma ser atribu\u00edda \u00e0 artrose da articula\u00e7\u00e3o, mas raramente \u00e9 essa a causa. Na maioria das vezes, o problema est\u00e1 nos tend\u00f5es dos m\u00fasculos gl\u00fateos, que inflamam no ponto onde se inserem na lateral do osso da coxa. Entender essa diferen\u00e7a muda a forma de cuidar do inc\u00f4modo, porque o al\u00edvio costuma vir do fortalecimento gradual e do ajuste de posi\u00e7\u00f5es, e n\u00e3o do tratamento voltado para o desgaste da articula\u00e7\u00e3o.<\/p>\n\n\n\n<h2 class=\"wp-block-heading\">Por que a dor ao deitar de lado raramente \u00e9 artrose?<\/h2>\n\n\n\n<p class=\"wp-block-paragraph\">A artrose do quadril tende a provocar dor mais profunda, sentida na virilha ou na frente da coxa, com rigidez e limita\u00e7\u00e3o progressiva dos movimentos. Ela costuma piorar ao caminhar ou cruzar as pernas, n\u00e3o com a simples press\u00e3o do colch\u00e3o.<\/p>\n\n\n\n<p class=\"wp-block-paragraph\">J\u00e1 a dor que surge ao deitar sobre o lado afetado tem outro padr\u00e3o. Ela se concentra na parte externa do quadril e aparece justamente quando o peso do corpo pressiona aquela regi\u00e3o lateral.<\/p>\n\n\n\n<h2 class=\"wp-block-heading\">De onde vem a dor na lateral do quadril?<\/h2>\n\n\n\n<p class=\"wp-block-paragraph\">Na lateral do quadril existe uma sali\u00eancia \u00f3ssea do f\u00eamur, onde se inserem os tend\u00f5es dos m\u00fasculos gl\u00fateos. Quando esses tend\u00f5es ficam sobrecarregados, inflamam e se tornam sens\u00edveis ao toque e \u00e0 press\u00e3o.<\/p>\n\n\n\n<p class=\"wp-block-paragraph\">\u00c9 por isso que deitar sobre o lado afetado desperta a dor: o colch\u00e3o comprime diretamente essa regi\u00e3o inflamada. O mesmo inc\u00f4modo costuma aparecer ao subir escadas ou ficar muito tempo em p\u00e9.<\/p>\n\n\n<div class=\"wp-block-image\">\n<figure class=\"aligncenter size-large\"><img decoding=\"async\" width=\"1024\" height=\"571\" src=\"https:\/\/www.tuasaude.com\/news\/wp-content\/uploads\/2026\/09\/Medical_infographic_on_lateral_h\u2026_202609021226-1024x571.jpg\" alt=\"For\u00e7a, posi\u00e7\u00e3o, controle da carga e gelo ajudam no cuidado dos tend\u00f5es gl\u00fateos.\" class=\"wp-image-106976\" srcset=\"https:\/\/www.tuasaude.com\/news\/wp-content\/uploads\/2026\/09\/Medical_infographic_on_lateral_h\u2026_202609021226-1024x571.jpg 1024w, https:\/\/www.tuasaude.com\/news\/wp-content\/uploads\/2026\/09\/Medical_infographic_on_lateral_h\u2026_202609021226-300x167.jpg 300w, https:\/\/www.tuasaude.com\/news\/wp-content\/uploads\/2026\/09\/Medical_infographic_on_lateral_h\u2026_202609021226-768x428.jpg 768w, https:\/\/www.tuasaude.com\/news\/wp-content\/uploads\/2026\/09\/Medical_infographic_on_lateral_h\u2026_202609021226-750x418.jpg 750w, https:\/\/www.tuasaude.com\/news\/wp-content\/uploads\/2026\/09\/Medical_infographic_on_lateral_h\u2026_202609021226-1140x636.jpg 1140w, https:\/\/www.tuasaude.com\/news\/wp-content\/uploads\/2026\/09\/Medical_infographic_on_lateral_h\u2026_202609021226.jpg 1280w\" sizes=\"(max-width: 1024px) 100vw, 1024px\" \/><figcaption class=\"wp-element-caption\">For\u00e7a, posi\u00e7\u00e3o, controle da carga e gelo ajudam no cuidado dos tend\u00f5es gl\u00fateos.<\/figcaption><\/figure>\n<\/div>\n\n\n<h2 class=\"wp-block-heading\">Quais sinais ajudam a reconhecer o tend\u00e3o inflamado?<\/h2>\n\n\n\n<p class=\"wp-block-paragraph\">Alguns sinais s\u00e3o bastante t\u00edpicos quando o problema est\u00e1 nos tend\u00f5es da lateral do quadril e ajudam a diferenciar o quadro da artrose. Veja os mais comuns:<\/p>\n\n\n\n<ul class=\"wp-block-list\">\n<li>Dor concentrada na parte externa do quadril, e n\u00e3o na virilha;<\/li>\n\n\n\n<li>Piora ao deitar sobre o lado afetado durante a noite;<\/li>\n\n\n\n<li>Sensibilidade ao pressionar a sali\u00eancia \u00f3ssea lateral;<\/li>\n\n\n\n<li>Desconforto ao subir escadas ou ficar muito tempo em p\u00e9;<\/li>\n\n\n\n<li>Movimento do quadril geralmente preservado, sem grande rigidez.<\/li>\n<\/ul>\n\n\n\n<h2 class=\"wp-block-heading\">Quais cuidados ajudam a aliviar a dor na lateral do quadril?<\/h2>\n\n\n\n<p class=\"wp-block-paragraph\">O manejo inicial costuma combinar a redu\u00e7\u00e3o das atividades que sobrecarregam a regi\u00e3o, o ajuste da posi\u00e7\u00e3o ao dormir e a aplica\u00e7\u00e3o de gelo. Evitar deitar diretamente sobre o lado dolorido j\u00e1 traz al\u00edvio para muita gente.<\/p>\n\n\n\n<p class=\"wp-block-paragraph\">Com o tempo, o fortalecimento gradual dos gl\u00fateos se torna a pe\u00e7a central do cuidado. Vale entender melhor os sinais de uma <a href=\"https:\/\/www.tuasaude.com\/tendinite-no-quadril\/\" target=\"_blank\" rel=\"noreferrer noopener\">tendinite no quadril<\/a> e observar se o inc\u00f4modo realmente n\u00e3o corresponde ao padr\u00e3o de uma <a href=\"https:\/\/www.tuasaude.com\/artrose-de-quadril\/\" target=\"_blank\" rel=\"noreferrer noopener\">artrose no quadril<\/a>, j\u00e1 que o tratamento das duas condi\u00e7\u00f5es \u00e9 diferente.<\/p>\n\n\n<div class=\"wp-block-image\">\n<figure class=\"aligncenter size-large\"><img decoding=\"async\" width=\"1024\" height=\"571\" src=\"https:\/\/www.tuasaude.com\/news\/wp-content\/uploads\/2026\/09\/Man_performing_gluteal_strengthe\u2026_202609021226-1024x571.jpg\" alt=\"Fortalecimento gradual dos gl\u00fateos ajuda a recuperar tend\u00f5es doloridos na lateral do quadril.\" class=\"wp-image-106977\" srcset=\"https:\/\/www.tuasaude.com\/news\/wp-content\/uploads\/2026\/09\/Man_performing_gluteal_strengthe\u2026_202609021226-1024x571.jpg 1024w, https:\/\/www.tuasaude.com\/news\/wp-content\/uploads\/2026\/09\/Man_performing_gluteal_strengthe\u2026_202609021226-300x167.jpg 300w, https:\/\/www.tuasaude.com\/news\/wp-content\/uploads\/2026\/09\/Man_performing_gluteal_strengthe\u2026_202609021226-768x428.jpg 768w, https:\/\/www.tuasaude.com\/news\/wp-content\/uploads\/2026\/09\/Man_performing_gluteal_strengthe\u2026_202609021226-750x418.jpg 750w, https:\/\/www.tuasaude.com\/news\/wp-content\/uploads\/2026\/09\/Man_performing_gluteal_strengthe\u2026_202609021226-1140x636.jpg 1140w, https:\/\/www.tuasaude.com\/news\/wp-content\/uploads\/2026\/09\/Man_performing_gluteal_strengthe\u2026_202609021226.jpg 1280w\" sizes=\"(max-width: 1024px) 100vw, 1024px\" \/><figcaption class=\"wp-element-caption\">Fortalecimento gradual dos gl\u00fateos ajuda a recuperar tend\u00f5es doloridos na lateral do quadril.<\/figcaption><\/figure>\n<\/div>\n\n\n<h2 class=\"wp-block-heading\">O que a ci\u00eancia diz sobre o tratamento do tend\u00e3o do quadril?<\/h2>\n\n\n\n<p class=\"wp-block-paragraph\">As evid\u00eancias refor\u00e7am que exerc\u00edcio e orienta\u00e7\u00e3o superam abordagens passivas nesse tipo de dor. Um ensaio cl\u00ednico randomizado comparou educa\u00e7\u00e3o sobre carga combinada a exerc\u00edcios, inje\u00e7\u00e3o de corticoide e a simples espera em pessoas com tendinopatia gl\u00fatea. Segundo o estudo <a href=\"https:\/\/pubmed.ncbi.nlm.nih.gov\/29720374\/\" target=\"_blank\" rel=\"noreferrer noopener\">Education plus exercise versus corticosteroid injection versus a wait and see approach on gluteal tendinopathy<\/a>, publicado na revista cient\u00edfica The BMJ e indexado no PubMed, a combina\u00e7\u00e3o de educa\u00e7\u00e3o com exerc\u00edcios trouxe melhora mais consistente da dor e da recupera\u00e7\u00e3o do que a inje\u00e7\u00e3o de corticoide ou a espera.<\/p>\n\n\n\n<p class=\"wp-block-paragraph\">Esse resultado ajuda a explicar por que preparar os tend\u00f5es de forma gradual \u00e9 hoje recomendado como parte central do cuidado. Fortalecer a musculatura e ajustar a carga tende a trazer mais al\u00edvio do que tratar a dor como se fosse apenas desgaste da articula\u00e7\u00e3o.<\/p>\n\n\n\n<p class=\"wp-block-paragraph\"><em>Este conte\u00fado tem car\u00e1ter apenas informativo e n\u00e3o substitui a avalia\u00e7\u00e3o de um m\u00e9dico ou profissional de sa\u00fade qualificado. Diante de dor persistente no quadril, procure orienta\u00e7\u00e3o profissional para um diagn\u00f3stico e tratamento adequados.<\/em><\/p>\n","protected":false},"excerpt":{"rendered":"<p>Aquela dor no quadril que aparece justamente ao deitar de lado costuma ser atribu\u00edda \u00e0 artrose da articula\u00e7\u00e3o, mas raramente \u00e9 essa a causa. Na maioria das vezes, o problema est\u00e1 nos tend\u00f5es dos m\u00fasculos gl\u00fateos, que inflamam no ponto onde se inserem na lateral do osso da coxa. Entender essa diferen\u00e7a muda a forma [&hellip;]<\/p>\n","protected":false},"author":16,"featured_media":106975,"comment_status":"open","ping_status":"open","sticky":false,"template":"","format":"standard","meta":{"_yoast_wpseo_focuskw":"dor no quadril","_yoast_wpseo_title":"","_yoast_wpseo_metadesc":"A dor no quadril ao deitar de lado pode estar ligada aos tend\u00f5es gl\u00fateos. Entenda os sinais e por que fortalecer a regi\u00e3o ajuda no cuidado.","jnews-multi-image_gallery":[],"jnews_single_post":{"format":"standard"},"jnews_primary_category":[],"jnews_social_meta":[],"jnews_override_counter":[],"footnotes":""},"categories":[111],"tags":[1262,12978,2377,12979,136,11234],"class_list":["post-106933","post","type-post","status-publish","format-standard","has-post-thumbnail","hentry","category-saude","tag-artrose","tag-deitar-de-lado","tag-dor-no-quadril","tag-lateral-do-osso","tag-saude","tag-tendao-inflamado"],"yoast_head":"<!-- This site is optimized with the Yoast SEO plugin v26.7 - https:\/\/yoast.com\/wordpress\/plugins\/seo\/ -->\n<title>A dor no quadril ao deitar de lado raramente \u00e9 artrose da articula\u00e7\u00e3o, mas na maioria das vezes tend\u00e3o inflamado na lateral do osso - Tua Sa\u00fade<\/title>\n<meta name=\"description\" content=\"A dor no quadril ao deitar de lado pode estar ligada aos tend\u00f5es gl\u00fateos. Entenda os sinais e por que fortalecer a regi\u00e3o ajuda no cuidado.\" \/>\n<meta name=\"robots\" content=\"index, follow, max-snippet:-1, max-image-preview:large, max-video-preview:-1\" \/>\n<link rel=\"canonical\" href=\"https:\/\/www.tuasaude.com\/news\/2026\/09\/03\/a-dor-no-quadril-ao-deitar-de-lado-raramente-e-artrose-da-articulacao-mas-na-maioria-das-vezes-tendao-inflamado-na-lateral-do-osso\/\" \/>\n<meta property=\"og:locale\" content=\"pt_BR\" \/>\n<meta property=\"og:type\" content=\"article\" \/>\n<meta property=\"og:title\" content=\"A dor no quadril ao deitar de lado raramente \u00e9 artrose da articula\u00e7\u00e3o, mas na maioria das vezes tend\u00e3o inflamado na lateral do osso - Tua Sa\u00fade\" \/>\n<meta property=\"og:description\" content=\"A dor no quadril ao deitar de lado pode estar ligada aos tend\u00f5es gl\u00fateos. Entenda os sinais e por que fortalecer a regi\u00e3o ajuda no cuidado.\" \/>\n<meta property=\"og:url\" content=\"https:\/\/www.tuasaude.com\/news\/2026\/09\/03\/a-dor-no-quadril-ao-deitar-de-lado-raramente-e-artrose-da-articulacao-mas-na-maioria-das-vezes-tendao-inflamado-na-lateral-do-osso\/\" \/>\n<meta property=\"og:site_name\" content=\"Tua Sa\u00fade\" \/>\n<meta property=\"article:published_time\" content=\"2026-09-03T23:30:00+00:00\" \/>\n<meta property=\"og:image\" content=\"https:\/\/www.tuasaude.com\/news\/wp-content\/uploads\/2026\/09\/Woman_adjusting_pillows_in_bed_202609021226.jpg\" \/>\n\t<meta property=\"og:image:width\" content=\"1280\" \/>\n\t<meta property=\"og:image:height\" content=\"714\" \/>\n\t<meta property=\"og:image:type\" content=\"image\/jpeg\" \/>\n<meta name=\"author\" content=\"Maycon Geovane\" \/>\n<meta name=\"twitter:card\" content=\"summary_large_image\" \/>\n<meta name=\"twitter:label1\" content=\"Escrito por\" \/>\n\t<meta name=\"twitter:data1\" content=\"Maycon Geovane\" \/>\n\t<meta name=\"twitter:label2\" content=\"Est. tempo de leitura\" \/>\n\t<meta name=\"twitter:data2\" content=\"5 minutos\" \/>\n<!-- \/ Yoast SEO plugin. -->","yoast_head_json":{"title":"A dor no quadril ao deitar de lado raramente \u00e9 artrose da articula\u00e7\u00e3o, mas na maioria das vezes tend\u00e3o inflamado na lateral do osso - Tua Sa\u00fade","description":"A dor no quadril ao deitar de lado pode estar ligada aos tend\u00f5es gl\u00fateos. Entenda os sinais e por que fortalecer a regi\u00e3o ajuda no cuidado.","robots":{"index":"index","follow":"follow","max-snippet":"max-snippet:-1","max-image-preview":"max-image-preview:large","max-video-preview":"max-video-preview:-1"},"canonical":"https:\/\/www.tuasaude.com\/news\/2026\/09\/03\/a-dor-no-quadril-ao-deitar-de-lado-raramente-e-artrose-da-articulacao-mas-na-maioria-das-vezes-tendao-inflamado-na-lateral-do-osso\/","og_locale":"pt_BR","og_type":"article","og_title":"A dor no quadril ao deitar de lado raramente \u00e9 artrose da articula\u00e7\u00e3o, mas na maioria das vezes tend\u00e3o inflamado na lateral do osso - Tua Sa\u00fade","og_description":"A dor no quadril ao deitar de lado pode estar ligada aos tend\u00f5es gl\u00fateos. Entenda os sinais e por que fortalecer a regi\u00e3o ajuda no cuidado.","og_url":"https:\/\/www.tuasaude.com\/news\/2026\/09\/03\/a-dor-no-quadril-ao-deitar-de-lado-raramente-e-artrose-da-articulacao-mas-na-maioria-das-vezes-tendao-inflamado-na-lateral-do-osso\/","og_site_name":"Tua Sa\u00fade","article_published_time":"2026-09-03T23:30:00+00:00","og_image":[{"width":1280,"height":714,"url":"https:\/\/www.tuasaude.com\/news\/wp-content\/uploads\/2026\/09\/Woman_adjusting_pillows_in_bed_202609021226.jpg","type":"image\/jpeg"}],"author":"Maycon Geovane","twitter_card":"summary_large_image","twitter_misc":{"Escrito por":"Maycon Geovane","Est. tempo de leitura":"5 minutos"},"schema":{"@context":"https:\/\/schema.org","@graph":[{"@type":"Article","@id":"https:\/\/www.tuasaude.com\/news\/2026\/09\/03\/a-dor-no-quadril-ao-deitar-de-lado-raramente-e-artrose-da-articulacao-mas-na-maioria-das-vezes-tendao-inflamado-na-lateral-do-osso\/#article","isPartOf":{"@id":"https:\/\/www.tuasaude.com\/news\/2026\/09\/03\/a-dor-no-quadril-ao-deitar-de-lado-raramente-e-artrose-da-articulacao-mas-na-maioria-das-vezes-tendao-inflamado-na-lateral-do-osso\/"},"author":{"name":"Maycon Geovane","@id":"https:\/\/www.tuasaude.com\/news\/#\/schema\/person\/da63bccfbda5c95cfbf2d37c4276fca0"},"headline":"A dor no quadril ao deitar de lado raramente \u00e9 artrose da articula\u00e7\u00e3o, mas na maioria das vezes tend\u00e3o inflamado na lateral do osso","datePublished":"2026-09-03T23:30:00+00:00","mainEntityOfPage":{"@id":"https:\/\/www.tuasaude.com\/news\/2026\/09\/03\/a-dor-no-quadril-ao-deitar-de-lado-raramente-e-artrose-da-articulacao-mas-na-maioria-das-vezes-tendao-inflamado-na-lateral-do-osso\/"},"wordCount":724,"commentCount":0,"image":{"@id":"https:\/\/www.tuasaude.com\/news\/2026\/09\/03\/a-dor-no-quadril-ao-deitar-de-lado-raramente-e-artrose-da-articulacao-mas-na-maioria-das-vezes-tendao-inflamado-na-lateral-do-osso\/#primaryimage"},"thumbnailUrl":"https:\/\/www.tuasaude.com\/news\/wp-content\/uploads\/2026\/09\/Woman_adjusting_pillows_in_bed_202609021226.jpg","keywords":["artrose","deitar de lado","dor no quadril","lateral do osso","sa\u00fade","tend\u00e3o inflamado"],"articleSection":["Sa\u00fade"],"inLanguage":"pt-BR","potentialAction":[{"@type":"CommentAction","name":"Comment","target":["https:\/\/www.tuasaude.com\/news\/2026\/09\/03\/a-dor-no-quadril-ao-deitar-de-lado-raramente-e-artrose-da-articulacao-mas-na-maioria-das-vezes-tendao-inflamado-na-lateral-do-osso\/#respond"]}]},{"@type":"WebPage","@id":"https:\/\/www.tuasaude.com\/news\/2026\/09\/03\/a-dor-no-quadril-ao-deitar-de-lado-raramente-e-artrose-da-articulacao-mas-na-maioria-das-vezes-tendao-inflamado-na-lateral-do-osso\/","url":"https:\/\/www.tuasaude.com\/news\/2026\/09\/03\/a-dor-no-quadril-ao-deitar-de-lado-raramente-e-artrose-da-articulacao-mas-na-maioria-das-vezes-tendao-inflamado-na-lateral-do-osso\/","name":"A dor no quadril ao deitar de lado raramente \u00e9 artrose da articula\u00e7\u00e3o, mas na maioria das vezes tend\u00e3o inflamado na lateral do osso - Tua Sa\u00fade","isPartOf":{"@id":"https:\/\/www.tuasaude.com\/news\/#website"},"primaryImageOfPage":{"@id":"https:\/\/www.tuasaude.com\/news\/2026\/09\/03\/a-dor-no-quadril-ao-deitar-de-lado-raramente-e-artrose-da-articulacao-mas-na-maioria-das-vezes-tendao-inflamado-na-lateral-do-osso\/#primaryimage"},"image":{"@id":"https:\/\/www.tuasaude.com\/news\/2026\/09\/03\/a-dor-no-quadril-ao-deitar-de-lado-raramente-e-artrose-da-articulacao-mas-na-maioria-das-vezes-tendao-inflamado-na-lateral-do-osso\/#primaryimage"},"thumbnailUrl":"https:\/\/www.tuasaude.com\/news\/wp-content\/uploads\/2026\/09\/Woman_adjusting_pillows_in_bed_202609021226.jpg","datePublished":"2026-09-03T23:30:00+00:00","author":{"@id":"https:\/\/www.tuasaude.com\/news\/#\/schema\/person\/da63bccfbda5c95cfbf2d37c4276fca0"},"description":"A dor no quadril ao deitar de lado pode estar ligada aos tend\u00f5es gl\u00fateos. Entenda os sinais e por que fortalecer a regi\u00e3o ajuda no cuidado.","breadcrumb":{"@id":"https:\/\/www.tuasaude.com\/news\/2026\/09\/03\/a-dor-no-quadril-ao-deitar-de-lado-raramente-e-artrose-da-articulacao-mas-na-maioria-das-vezes-tendao-inflamado-na-lateral-do-osso\/#breadcrumb"},"inLanguage":"pt-BR","potentialAction":[{"@type":"ReadAction","target":["https:\/\/www.tuasaude.com\/news\/2026\/09\/03\/a-dor-no-quadril-ao-deitar-de-lado-raramente-e-artrose-da-articulacao-mas-na-maioria-das-vezes-tendao-inflamado-na-lateral-do-osso\/"]}]},{"@type":"ImageObject","inLanguage":"pt-BR","@id":"https:\/\/www.tuasaude.com\/news\/2026\/09\/03\/a-dor-no-quadril-ao-deitar-de-lado-raramente-e-artrose-da-articulacao-mas-na-maioria-das-vezes-tendao-inflamado-na-lateral-do-osso\/#primaryimage","url":"https:\/\/www.tuasaude.com\/news\/wp-content\/uploads\/2026\/09\/Woman_adjusting_pillows_in_bed_202609021226.jpg","contentUrl":"https:\/\/www.tuasaude.com\/news\/wp-content\/uploads\/2026\/09\/Woman_adjusting_pillows_in_bed_202609021226.jpg","width":1280,"height":714,"caption":"A dor no quadril ao deitar de lado raramente \u00e9 artrose da articula\u00e7\u00e3o, mas na maioria das vezes tend\u00e3o inflamado na lateral do osso"},{"@type":"BreadcrumbList","@id":"https:\/\/www.tuasaude.com\/news\/2026\/09\/03\/a-dor-no-quadril-ao-deitar-de-lado-raramente-e-artrose-da-articulacao-mas-na-maioria-das-vezes-tendao-inflamado-na-lateral-do-osso\/#breadcrumb","itemListElement":[{"@type":"ListItem","position":1,"name":"In\u00edcio","item":"https:\/\/www.tuasaude.com\/news\/"},{"@type":"ListItem","position":2,"name":"A dor no quadril ao deitar de lado raramente \u00e9 artrose da articula\u00e7\u00e3o, mas na maioria das vezes tend\u00e3o inflamado na lateral do osso"}]},{"@type":"WebSite","@id":"https:\/\/www.tuasaude.com\/news\/#website","url":"https:\/\/www.tuasaude.com\/news\/","name":"Tua Sa\u00fade","description":"Seu site de sa\u00fade","potentialAction":[{"@type":"SearchAction","target":{"@type":"EntryPoint","urlTemplate":"https:\/\/www.tuasaude.com\/news\/?s={search_term_string}"},"query-input":{"@type":"PropertyValueSpecification","valueRequired":true,"valueName":"search_term_string"}}],"inLanguage":"pt-BR"},{"@type":"Person","@id":"https:\/\/www.tuasaude.com\/news\/#\/schema\/person\/da63bccfbda5c95cfbf2d37c4276fca0","name":"Maycon Geovane","image":{"@type":"ImageObject","inLanguage":"pt-BR","@id":"https:\/\/www.tuasaude.com\/news\/#\/schema\/person\/image\/","url":"https:\/\/secure.gravatar.com\/avatar\/4f4908cf0a2f249a9f1137f9d5769cacc373d9aee67910cc212a09a346873b7d?s=96&d=mm&r=g","contentUrl":"https:\/\/secure.gravatar.com\/avatar\/4f4908cf0a2f249a9f1137f9d5769cacc373d9aee67910cc212a09a346873b7d?s=96&d=mm&r=g","caption":"Maycon Geovane"},"sameAs":["https:\/\/www.tuasaude.com\/news\/"],"url":"https:\/\/www.tuasaude.com\/news\/author\/maycongeovane\/"}]}},"_links":{"self":[{"href":"https:\/\/www.tuasaude.com\/news\/wp-json\/wp\/v2\/posts\/106933","targetHints":{"allow":["GET"]}}],"collection":[{"href":"https:\/\/www.tuasaude.com\/news\/wp-json\/wp\/v2\/posts"}],"about":[{"href":"https:\/\/www.tuasaude.com\/news\/wp-json\/wp\/v2\/types\/post"}],"author":[{"embeddable":true,"href":"https:\/\/www.tuasaude.com\/news\/wp-json\/wp\/v2\/users\/16"}],"replies":[{"embeddable":true,"href":"https:\/\/www.tuasaude.com\/news\/wp-json\/wp\/v2\/comments?post=106933"}],"version-history":[{"count":1,"href":"https:\/\/www.tuasaude.com\/news\/wp-json\/wp\/v2\/posts\/106933\/revisions"}],"predecessor-version":[{"id":106978,"href":"https:\/\/www.tuasaude.com\/news\/wp-json\/wp\/v2\/posts\/106933\/revisions\/106978"}],"wp:featuredmedia":[{"embeddable":true,"href":"https:\/\/www.tuasaude.com\/news\/wp-json\/wp\/v2\/media\/106975"}],"wp:attachment":[{"href":"https:\/\/www.tuasaude.com\/news\/wp-json\/wp\/v2\/media?parent=106933"}],"wp:term":[{"taxonomy":"category","embeddable":true,"href":"https:\/\/www.tuasaude.com\/news\/wp-json\/wp\/v2\/categories?post=106933"},{"taxonomy":"post_tag","embeddable":true,"href":"https:\/\/www.tuasaude.com\/news\/wp-json\/wp\/v2\/tags?post=106933"}],"curies":[{"name":"wp","href":"https:\/\/api.w.org\/{rel}","templated":true}]}}