{"id":106914,"date":"2026-09-02T11:58:00","date_gmt":"2026-09-02T14:58:00","guid":{"rendered":"https:\/\/www.tuasaude.com\/news\/?p=106914"},"modified":"2026-09-02T11:21:08","modified_gmt":"2026-09-02T14:21:08","slug":"o-que-causa-dor-na-parte-baixa-das-costas-ao-acordar","status":"publish","type":"post","link":"https:\/\/www.tuasaude.com\/news\/2026\/09\/02\/o-que-causa-dor-na-parte-baixa-das-costas-ao-acordar\/","title":{"rendered":"O que causa dor na parte baixa das costas ao acordar"},"content":{"rendered":"\n<p class=\"wp-block-paragraph\">Acordar com dor na parte baixa das costas \u00e9 uma queixa comum e, na maioria das vezes, tem causas mec\u00e2nicas simples, como a posi\u00e7\u00e3o adotada durante o sono, o estado do colch\u00e3o e a tens\u00e3o muscular acumulada no dia anterior. Entender o que acontece com a coluna durante a noite ajuda a identificar o gatilho da dor matinal e a reconhecer quando o desconforto pode indicar algo que merece avalia\u00e7\u00e3o m\u00e9dica.<\/p>\n\n\n\n<h2 class=\"wp-block-heading\">Por que a lombar d\u00f3i mais logo ao acordar?<\/h2>\n\n\n\n<p class=\"wp-block-paragraph\">Durante o sono, o corpo permanece horas na mesma posi\u00e7\u00e3o, os discos intervertebrais absorvem l\u00edquido e ficam mais volumosos, e a musculatura reduz a atividade. Esse conjunto deixa a lombar temporariamente mais r\u00edgida e sens\u00edvel nos primeiros minutos ap\u00f3s levantar.<\/p>\n\n\n\n<p class=\"wp-block-paragraph\">Quando existe algum fator que sobrecarrega a coluna \u00e0 noite, como m\u00e1 postura ou apoio inadequado, esse processo natural se transforma em dor. Movimentar-se com calma nos primeiros minutos costuma aliviar o desconforto de origem mec\u00e2nica em quem tem <a href=\"https:\/\/www.tuasaude.com\/o-que-fazer-quando-a-dor-nas-costas-nao-passa\/\" target=\"_blank\" rel=\"noreferrer noopener\">dor nas costas<\/a> pontual.<\/p>\n\n\n\n<h2 class=\"wp-block-heading\">Como a posi\u00e7\u00e3o de dormir influencia a dor lombar?<\/h2>\n\n\n\n<p class=\"wp-block-paragraph\">A posi\u00e7\u00e3o adotada durante a noite altera o alinhamento da coluna e a distribui\u00e7\u00e3o do peso corporal. Dormir de bru\u00e7os \u00e9 a mais associada \u00e0 dor lombar matinal, porque aumenta a curvatura da regi\u00e3o e for\u00e7a a rota\u00e7\u00e3o do pesco\u00e7o.<\/p>\n\n\n\n<p class=\"wp-block-paragraph\">Dormir de lado com um travesseiro entre os joelhos ou de barriga para cima com um apoio sob as pernas tende a manter a coluna em posi\u00e7\u00e3o neutra. Ajustar a <a href=\"https:\/\/www.tuasaude.com\/melhor-posicao-para-dormir\/\" target=\"_blank\" rel=\"noreferrer noopener\">melhor posi\u00e7\u00e3o para dormir<\/a> costuma ser a primeira medida a testar quando a dor aparece com frequ\u00eancia.<\/p>\n\n\n<div class=\"wp-block-image\">\n<figure class=\"aligncenter size-large\"><img decoding=\"async\" width=\"1024\" height=\"571\" src=\"https:\/\/www.tuasaude.com\/news\/wp-content\/uploads\/2026\/09\/Infographic_about_lower_back_pain_202609021120-1024x571.jpg\" alt=\"Postura, colch\u00e3o, rigidez e sinais de alerta ajudam a entender a dor lombar.\" class=\"wp-image-106928\" srcset=\"https:\/\/www.tuasaude.com\/news\/wp-content\/uploads\/2026\/09\/Infographic_about_lower_back_pain_202609021120-1024x571.jpg 1024w, https:\/\/www.tuasaude.com\/news\/wp-content\/uploads\/2026\/09\/Infographic_about_lower_back_pain_202609021120-300x167.jpg 300w, https:\/\/www.tuasaude.com\/news\/wp-content\/uploads\/2026\/09\/Infographic_about_lower_back_pain_202609021120-768x428.jpg 768w, https:\/\/www.tuasaude.com\/news\/wp-content\/uploads\/2026\/09\/Infographic_about_lower_back_pain_202609021120-750x418.jpg 750w, https:\/\/www.tuasaude.com\/news\/wp-content\/uploads\/2026\/09\/Infographic_about_lower_back_pain_202609021120-1140x636.jpg 1140w, https:\/\/www.tuasaude.com\/news\/wp-content\/uploads\/2026\/09\/Infographic_about_lower_back_pain_202609021120.jpg 1280w\" sizes=\"(max-width: 1024px) 100vw, 1024px\" \/><figcaption class=\"wp-element-caption\">Postura, colch\u00e3o, rigidez e sinais de alerta ajudam a entender a dor lombar.<\/figcaption><\/figure>\n<\/div>\n\n\n<h2 class=\"wp-block-heading\">Colch\u00e3o e travesseiro inadequados podem causar dor ao acordar?<\/h2>\n\n\n\n<p class=\"wp-block-paragraph\">Sim. Colch\u00f5es e travesseiros que n\u00e3o sustentam bem o corpo alteram o alinhamento da coluna e criam pontos de press\u00e3o que se acumulam ao longo das horas de sono. Os principais sinais de que o problema est\u00e1 no ambiente de descanso s\u00e3o:<\/p>\n\n\n\n<ul class=\"wp-block-list\">\n<li><strong>Afundamento vis\u00edvel<\/strong> no centro do colch\u00e3o ou marcas permanentes do corpo<\/li>\n\n\n\n<li><strong>Al\u00edvio da dor<\/strong> ao dormir em outro lugar, como hotel ou casa de familiares<\/li>\n\n\n\n<li><strong>Colch\u00e3o com mais de 8 a 10 anos<\/strong> de uso, mesmo que ainda pare\u00e7a confort\u00e1vel<\/li>\n\n\n\n<li><strong>Travesseiro muito alto ou muito baixo<\/strong>, que desalinha o pesco\u00e7o em rela\u00e7\u00e3o ao tronco<\/li>\n\n\n\n<li><strong>Sensa\u00e7\u00e3o de rigidez<\/strong> matinal que melhora aos poucos com a movimenta\u00e7\u00e3o<\/li>\n<\/ul>\n\n\n\n<h2 class=\"wp-block-heading\">O que uma revis\u00e3o cient\u00edfica mostra sobre postura no sono e dor lombar?<\/h2>\n\n\n\n<p class=\"wp-block-paragraph\">A rela\u00e7\u00e3o entre a forma de dormir e o desconforto ao acordar foi analisada em uma revis\u00e3o sistem\u00e1tica recente, que reuniu dados de seis estudos observacionais seguindo o protocolo PRISMA. Segundo a revis\u00e3o sistem\u00e1tica <a href=\"https:\/\/pubmed.ncbi.nlm.nih.gov\/40338112\/\" target=\"_blank\" rel=\"noreferrer noopener\">Relationship Between Sleep Posture and Low Back Pain<\/a>, publicada na revista cient\u00edfica Musculoskeletal Care em 2025, dormir de barriga para cima favorece o alinhamento da coluna e est\u00e1 associado \u00e0 menor preval\u00eancia de dor lombar, enquanto a posi\u00e7\u00e3o de bru\u00e7os aumenta o risco por sobrecarregar a regi\u00e3o.<\/p>\n\n\n\n<p class=\"wp-block-paragraph\">Os autores tamb\u00e9m apontam que dormir de lado \u00e9 a posi\u00e7\u00e3o mais comum e pode proteger ou piorar a dor, dependendo do apoio oferecido pelo colch\u00e3o e pelo travesseiro entre os joelhos.<\/p>\n\n\n<div class=\"wp-block-image\">\n<figure class=\"aligncenter size-large\"><img decoding=\"async\" width=\"1024\" height=\"571\" src=\"https:\/\/www.tuasaude.com\/news\/wp-content\/uploads\/2026\/09\/Woman_holding_back_on_bed_202609021120-1024x571.jpg\" alt=\"A posi\u00e7\u00e3o durante o sono pode aumentar ou reduzir a sobrecarga na lombar.\" class=\"wp-image-106929\" srcset=\"https:\/\/www.tuasaude.com\/news\/wp-content\/uploads\/2026\/09\/Woman_holding_back_on_bed_202609021120-1024x571.jpg 1024w, https:\/\/www.tuasaude.com\/news\/wp-content\/uploads\/2026\/09\/Woman_holding_back_on_bed_202609021120-300x167.jpg 300w, https:\/\/www.tuasaude.com\/news\/wp-content\/uploads\/2026\/09\/Woman_holding_back_on_bed_202609021120-768x428.jpg 768w, https:\/\/www.tuasaude.com\/news\/wp-content\/uploads\/2026\/09\/Woman_holding_back_on_bed_202609021120-750x418.jpg 750w, https:\/\/www.tuasaude.com\/news\/wp-content\/uploads\/2026\/09\/Woman_holding_back_on_bed_202609021120-1140x636.jpg 1140w, https:\/\/www.tuasaude.com\/news\/wp-content\/uploads\/2026\/09\/Woman_holding_back_on_bed_202609021120.jpg 1280w\" sizes=\"(max-width: 1024px) 100vw, 1024px\" \/><figcaption class=\"wp-element-caption\">A posi\u00e7\u00e3o durante o sono pode aumentar ou reduzir a sobrecarga na lombar.<\/figcaption><\/figure>\n<\/div>\n\n\n<h2 class=\"wp-block-heading\">Quando a dor lombar ao acordar merece avalia\u00e7\u00e3o m\u00e9dica?<\/h2>\n\n\n\n<p class=\"wp-block-paragraph\">Nem toda dor matinal \u00e9 apenas um sinal de m\u00e1 postura ou de colch\u00e3o gasto. Alguns sintomas indicam que a causa pode ser inflamat\u00f3ria, neurol\u00f3gica ou estrutural e precisam de investiga\u00e7\u00e3o. Procure atendimento se notar:<\/p>\n\n\n\n<ul class=\"wp-block-list\">\n<li><strong>Dor persistente<\/strong> por mais de quatro a seis semanas mesmo com ajustes no sono<\/li>\n\n\n\n<li><strong>Rigidez matinal prolongada<\/strong>, com dura\u00e7\u00e3o superior a 30 minutos<\/li>\n\n\n\n<li><strong>Dor que irradia<\/strong> para os gl\u00fateos, para as pernas ou para os p\u00e9s<\/li>\n\n\n\n<li><strong>Formigamento, dorm\u00eancia ou perda de for\u00e7a<\/strong> nos membros inferiores<\/li>\n\n\n\n<li><strong>Febre, perda de peso sem causa aparente<\/strong> ou sudorese noturna<\/li>\n\n\n\n<li><strong>Dor que piora \u00e0 noite<\/strong> ou que desperta a pessoa do sono<\/li>\n\n\n\n<li><strong>Hist\u00f3rico de trauma recente<\/strong>, c\u00e2ncer ou uso prolongado de corticoides<\/li>\n<\/ul>\n\n\n\n<p class=\"wp-block-paragraph\">Esses sinais podem apontar para quadros que v\u00e3o al\u00e9m do desconforto mec\u00e2nico, como h\u00e9rnia de disco ou espondiloartrites, e exigem exames espec\u00edficos para investigar a <a href=\"https:\/\/www.tuasaude.com\/tratamento-para-lombalgia\/\" target=\"_blank\" rel=\"noreferrer noopener\">lombalgia<\/a> de forma adequada. Diante de qualquer um desses sintomas, procure um ortopedista, reumatologista ou cl\u00ednico geral para uma avalia\u00e7\u00e3o individualizada.<\/p>\n\n\n\n<p class=\"wp-block-paragraph\"><em>Este conte\u00fado tem car\u00e1ter apenas informativo e n\u00e3o substitui a avalia\u00e7\u00e3o, o diagn\u00f3stico ou o tratamento realizados por um profissional de sa\u00fade qualificado. Em caso de dor persistente ou de qualquer sintoma de alerta, consulte um m\u00e9dico.<\/em><\/p>\n","protected":false},"excerpt":{"rendered":"<p>Acordar com dor na parte baixa das costas \u00e9 uma queixa comum e, na maioria das vezes, tem causas mec\u00e2nicas simples, como a posi\u00e7\u00e3o adotada durante o sono, o estado do colch\u00e3o e a tens\u00e3o muscular acumulada no dia anterior. Entender o que acontece com a coluna durante a noite ajuda a identificar o gatilho [&hellip;]<\/p>\n","protected":false},"author":11,"featured_media":106927,"comment_status":"open","ping_status":"open","sticky":false,"template":"","format":"standard","meta":{"_yoast_wpseo_focuskw":"dor lombar","_yoast_wpseo_title":"","_yoast_wpseo_metadesc":"Dor na parte baixa das costas ao acordar pode surgir pela posi\u00e7\u00e3o de dormir ou apoio inadequado. Entenda os gatilhos e os sinais que exigem investiga\u00e7\u00e3o.","jnews-multi-image_gallery":[],"jnews_single_post":{"format":"standard"},"jnews_primary_category":[],"jnews_social_meta":[],"jnews_override_counter":[],"footnotes":""},"categories":[111],"tags":[10702,123,8734,136],"class_list":["post-106914","post","type-post","status-publish","format-standard","has-post-thumbnail","hentry","category-saude","tag-costas","tag-dor-nas-costas","tag-lombar","tag-saude"],"yoast_head":"<!-- This site is optimized with the Yoast SEO plugin v26.7 - https:\/\/yoast.com\/wordpress\/plugins\/seo\/ -->\n<title>O que causa dor na parte baixa das costas ao acordar - Tua Sa\u00fade<\/title>\n<meta name=\"description\" content=\"Dor na parte baixa das costas ao acordar pode surgir pela posi\u00e7\u00e3o de dormir ou apoio inadequado. Entenda os gatilhos e os sinais que exigem investiga\u00e7\u00e3o.\" \/>\n<meta name=\"robots\" content=\"index, follow, max-snippet:-1, max-image-preview:large, max-video-preview:-1\" \/>\n<link rel=\"canonical\" href=\"https:\/\/www.tuasaude.com\/news\/2026\/09\/02\/o-que-causa-dor-na-parte-baixa-das-costas-ao-acordar\/\" \/>\n<meta property=\"og:locale\" content=\"pt_BR\" \/>\n<meta property=\"og:type\" content=\"article\" \/>\n<meta property=\"og:title\" content=\"O que causa dor na parte baixa das costas ao acordar - Tua Sa\u00fade\" \/>\n<meta property=\"og:description\" content=\"Dor na parte baixa das costas ao acordar pode surgir pela posi\u00e7\u00e3o de dormir ou apoio inadequado. Entenda os gatilhos e os sinais que exigem investiga\u00e7\u00e3o.\" \/>\n<meta property=\"og:url\" content=\"https:\/\/www.tuasaude.com\/news\/2026\/09\/02\/o-que-causa-dor-na-parte-baixa-das-costas-ao-acordar\/\" \/>\n<meta property=\"og:site_name\" content=\"Tua Sa\u00fade\" \/>\n<meta property=\"article:published_time\" content=\"2026-09-02T14:58:00+00:00\" \/>\n<meta property=\"og:image\" content=\"https:\/\/www.tuasaude.com\/news\/wp-content\/uploads\/2026\/09\/Man_lying_in_bed_correctly_202609021120.jpg\" \/>\n\t<meta property=\"og:image:width\" content=\"1280\" \/>\n\t<meta property=\"og:image:height\" content=\"714\" \/>\n\t<meta property=\"og:image:type\" content=\"image\/jpeg\" \/>\n<meta name=\"author\" content=\"Gessika Julia Carvalho\" \/>\n<meta name=\"twitter:card\" content=\"summary_large_image\" \/>\n<meta name=\"twitter:label1\" content=\"Escrito por\" \/>\n\t<meta name=\"twitter:data1\" content=\"Gessika Julia Carvalho\" \/>\n\t<meta name=\"twitter:label2\" content=\"Est. tempo de leitura\" \/>\n\t<meta name=\"twitter:data2\" content=\"5 minutos\" \/>\n<!-- \/ Yoast SEO plugin. -->","yoast_head_json":{"title":"O que causa dor na parte baixa das costas ao acordar - Tua Sa\u00fade","description":"Dor na parte baixa das costas ao acordar pode surgir pela posi\u00e7\u00e3o de dormir ou apoio inadequado. Entenda os gatilhos e os sinais que exigem investiga\u00e7\u00e3o.","robots":{"index":"index","follow":"follow","max-snippet":"max-snippet:-1","max-image-preview":"max-image-preview:large","max-video-preview":"max-video-preview:-1"},"canonical":"https:\/\/www.tuasaude.com\/news\/2026\/09\/02\/o-que-causa-dor-na-parte-baixa-das-costas-ao-acordar\/","og_locale":"pt_BR","og_type":"article","og_title":"O que causa dor na parte baixa das costas ao acordar - Tua Sa\u00fade","og_description":"Dor na parte baixa das costas ao acordar pode surgir pela posi\u00e7\u00e3o de dormir ou apoio inadequado. Entenda os gatilhos e os sinais que exigem investiga\u00e7\u00e3o.","og_url":"https:\/\/www.tuasaude.com\/news\/2026\/09\/02\/o-que-causa-dor-na-parte-baixa-das-costas-ao-acordar\/","og_site_name":"Tua Sa\u00fade","article_published_time":"2026-09-02T14:58:00+00:00","og_image":[{"width":1280,"height":714,"url":"https:\/\/www.tuasaude.com\/news\/wp-content\/uploads\/2026\/09\/Man_lying_in_bed_correctly_202609021120.jpg","type":"image\/jpeg"}],"author":"Gessika Julia Carvalho","twitter_card":"summary_large_image","twitter_misc":{"Escrito por":"Gessika Julia Carvalho","Est. tempo de leitura":"5 minutos"},"schema":{"@context":"https:\/\/schema.org","@graph":[{"@type":"Article","@id":"https:\/\/www.tuasaude.com\/news\/2026\/09\/02\/o-que-causa-dor-na-parte-baixa-das-costas-ao-acordar\/#article","isPartOf":{"@id":"https:\/\/www.tuasaude.com\/news\/2026\/09\/02\/o-que-causa-dor-na-parte-baixa-das-costas-ao-acordar\/"},"author":{"name":"Gessika Julia Carvalho","@id":"https:\/\/www.tuasaude.com\/news\/#\/schema\/person\/2e9df841be69ec84f5d20ddb8d273ac2"},"headline":"O que causa dor na parte baixa das costas ao acordar","datePublished":"2026-09-02T14:58:00+00:00","mainEntityOfPage":{"@id":"https:\/\/www.tuasaude.com\/news\/2026\/09\/02\/o-que-causa-dor-na-parte-baixa-das-costas-ao-acordar\/"},"wordCount":813,"commentCount":0,"image":{"@id":"https:\/\/www.tuasaude.com\/news\/2026\/09\/02\/o-que-causa-dor-na-parte-baixa-das-costas-ao-acordar\/#primaryimage"},"thumbnailUrl":"https:\/\/www.tuasaude.com\/news\/wp-content\/uploads\/2026\/09\/Man_lying_in_bed_correctly_202609021120.jpg","keywords":["costas","dor nas costas","lombar","sa\u00fade"],"articleSection":["Sa\u00fade"],"inLanguage":"pt-BR","potentialAction":[{"@type":"CommentAction","name":"Comment","target":["https:\/\/www.tuasaude.com\/news\/2026\/09\/02\/o-que-causa-dor-na-parte-baixa-das-costas-ao-acordar\/#respond"]}]},{"@type":"WebPage","@id":"https:\/\/www.tuasaude.com\/news\/2026\/09\/02\/o-que-causa-dor-na-parte-baixa-das-costas-ao-acordar\/","url":"https:\/\/www.tuasaude.com\/news\/2026\/09\/02\/o-que-causa-dor-na-parte-baixa-das-costas-ao-acordar\/","name":"O que causa dor na parte baixa das costas ao acordar - Tua Sa\u00fade","isPartOf":{"@id":"https:\/\/www.tuasaude.com\/news\/#website"},"primaryImageOfPage":{"@id":"https:\/\/www.tuasaude.com\/news\/2026\/09\/02\/o-que-causa-dor-na-parte-baixa-das-costas-ao-acordar\/#primaryimage"},"image":{"@id":"https:\/\/www.tuasaude.com\/news\/2026\/09\/02\/o-que-causa-dor-na-parte-baixa-das-costas-ao-acordar\/#primaryimage"},"thumbnailUrl":"https:\/\/www.tuasaude.com\/news\/wp-content\/uploads\/2026\/09\/Man_lying_in_bed_correctly_202609021120.jpg","datePublished":"2026-09-02T14:58:00+00:00","author":{"@id":"https:\/\/www.tuasaude.com\/news\/#\/schema\/person\/2e9df841be69ec84f5d20ddb8d273ac2"},"description":"Dor na parte baixa das costas ao acordar pode surgir pela posi\u00e7\u00e3o de dormir ou apoio inadequado. Entenda os gatilhos e os sinais que exigem investiga\u00e7\u00e3o.","breadcrumb":{"@id":"https:\/\/www.tuasaude.com\/news\/2026\/09\/02\/o-que-causa-dor-na-parte-baixa-das-costas-ao-acordar\/#breadcrumb"},"inLanguage":"pt-BR","potentialAction":[{"@type":"ReadAction","target":["https:\/\/www.tuasaude.com\/news\/2026\/09\/02\/o-que-causa-dor-na-parte-baixa-das-costas-ao-acordar\/"]}]},{"@type":"ImageObject","inLanguage":"pt-BR","@id":"https:\/\/www.tuasaude.com\/news\/2026\/09\/02\/o-que-causa-dor-na-parte-baixa-das-costas-ao-acordar\/#primaryimage","url":"https:\/\/www.tuasaude.com\/news\/wp-content\/uploads\/2026\/09\/Man_lying_in_bed_correctly_202609021120.jpg","contentUrl":"https:\/\/www.tuasaude.com\/news\/wp-content\/uploads\/2026\/09\/Man_lying_in_bed_correctly_202609021120.jpg","width":1280,"height":714,"caption":"O que causa dor na parte baixa das costas ao acordar"},{"@type":"BreadcrumbList","@id":"https:\/\/www.tuasaude.com\/news\/2026\/09\/02\/o-que-causa-dor-na-parte-baixa-das-costas-ao-acordar\/#breadcrumb","itemListElement":[{"@type":"ListItem","position":1,"name":"In\u00edcio","item":"https:\/\/www.tuasaude.com\/news\/"},{"@type":"ListItem","position":2,"name":"O que causa dor na parte baixa das costas ao acordar"}]},{"@type":"WebSite","@id":"https:\/\/www.tuasaude.com\/news\/#website","url":"https:\/\/www.tuasaude.com\/news\/","name":"Tua Sa\u00fade","description":"Seu site de sa\u00fade","potentialAction":[{"@type":"SearchAction","target":{"@type":"EntryPoint","urlTemplate":"https:\/\/www.tuasaude.com\/news\/?s={search_term_string}"},"query-input":{"@type":"PropertyValueSpecification","valueRequired":true,"valueName":"search_term_string"}}],"inLanguage":"pt-BR"},{"@type":"Person","@id":"https:\/\/www.tuasaude.com\/news\/#\/schema\/person\/2e9df841be69ec84f5d20ddb8d273ac2","name":"Gessika Julia Carvalho","image":{"@type":"ImageObject","inLanguage":"pt-BR","@id":"https:\/\/www.tuasaude.com\/news\/#\/schema\/person\/image\/","url":"https:\/\/secure.gravatar.com\/avatar\/0fcc8769024577fd0bc6a8b766055690f76a8e8f29dfb2a2f89cf04db8d0f2d2?s=96&d=mm&r=g","contentUrl":"https:\/\/secure.gravatar.com\/avatar\/0fcc8769024577fd0bc6a8b766055690f76a8e8f29dfb2a2f89cf04db8d0f2d2?s=96&d=mm&r=g","caption":"Gessika Julia Carvalho"},"sameAs":["https:\/\/www.tuasaude.com\/news\/"],"url":"https:\/\/www.tuasaude.com\/news\/author\/gessika-julia\/"}]}},"_links":{"self":[{"href":"https:\/\/www.tuasaude.com\/news\/wp-json\/wp\/v2\/posts\/106914","targetHints":{"allow":["GET"]}}],"collection":[{"href":"https:\/\/www.tuasaude.com\/news\/wp-json\/wp\/v2\/posts"}],"about":[{"href":"https:\/\/www.tuasaude.com\/news\/wp-json\/wp\/v2\/types\/post"}],"author":[{"embeddable":true,"href":"https:\/\/www.tuasaude.com\/news\/wp-json\/wp\/v2\/users\/11"}],"replies":[{"embeddable":true,"href":"https:\/\/www.tuasaude.com\/news\/wp-json\/wp\/v2\/comments?post=106914"}],"version-history":[{"count":1,"href":"https:\/\/www.tuasaude.com\/news\/wp-json\/wp\/v2\/posts\/106914\/revisions"}],"predecessor-version":[{"id":106930,"href":"https:\/\/www.tuasaude.com\/news\/wp-json\/wp\/v2\/posts\/106914\/revisions\/106930"}],"wp:featuredmedia":[{"embeddable":true,"href":"https:\/\/www.tuasaude.com\/news\/wp-json\/wp\/v2\/media\/106927"}],"wp:attachment":[{"href":"https:\/\/www.tuasaude.com\/news\/wp-json\/wp\/v2\/media?parent=106914"}],"wp:term":[{"taxonomy":"category","embeddable":true,"href":"https:\/\/www.tuasaude.com\/news\/wp-json\/wp\/v2\/categories?post=106914"},{"taxonomy":"post_tag","embeddable":true,"href":"https:\/\/www.tuasaude.com\/news\/wp-json\/wp\/v2\/tags?post=106914"}],"curies":[{"name":"wp","href":"https:\/\/api.w.org\/{rel}","templated":true}]}}