{"id":106913,"date":"2026-09-02T11:22:00","date_gmt":"2026-09-02T14:22:00","guid":{"rendered":"https:\/\/www.tuasaude.com\/news\/?p=106913"},"modified":"2026-09-02T11:18:12","modified_gmt":"2026-09-02T14:18:12","slug":"a-anemia-em-adultos-e-idosos-nao-se-explica-apenas-pela-falta-de-ferro-mas-tambem-pela-carencia-de-vitamina-b12-essencial-para-a-formacao-das-celulas-do-sangue","status":"publish","type":"post","link":"https:\/\/www.tuasaude.com\/news\/2026\/09\/02\/a-anemia-em-adultos-e-idosos-nao-se-explica-apenas-pela-falta-de-ferro-mas-tambem-pela-carencia-de-vitamina-b12-essencial-para-a-formacao-das-celulas-do-sangue\/","title":{"rendered":"A anemia em adultos e idosos n\u00e3o se explica apenas pela falta de ferro, mas tamb\u00e9m pela car\u00eancia de vitamina B12, essencial para a forma\u00e7\u00e3o das c\u00e9lulas do sangue"},"content":{"rendered":"\n<p class=\"wp-block-paragraph\">A anemia nem sempre est\u00e1 ligada apenas \u00e0 falta de ferro. Em adultos e, principalmente, em idosos, a car\u00eancia de vitamina B12 \u00e9 uma causa frequente e muitas vezes subestimada, j\u00e1 que esse nutriente \u00e9 essencial para a forma\u00e7\u00e3o das c\u00e9lulas vermelhas do sangue. Com o passar dos anos, o corpo perde parte da capacidade de absorver a B12 dos alimentos, o que aumenta o risco de sintomas como cansa\u00e7o extremo, palidez e altera\u00e7\u00f5es neurol\u00f3gicas que comprometem a qualidade de vida.<\/p>\n\n\n\n<h2 class=\"wp-block-heading\">O que \u00e9 a anemia por defici\u00eancia de vitamina B12?<\/h2>\n\n\n\n<p class=\"wp-block-paragraph\">A anemia por defici\u00eancia de vitamina B12, tamb\u00e9m chamada de anemia megalobl\u00e1stica, ocorre quando o organismo n\u00e3o recebe ou n\u00e3o absorve quantidade suficiente dessa vitamina, prejudicando a produ\u00e7\u00e3o de gl\u00f3bulos vermelhos saud\u00e1veis. Como resultado, as c\u00e9lulas do sangue ficam maiores que o normal e n\u00e3o transportam oxig\u00eanio com efici\u00eancia.<\/p>\n\n\n\n<p class=\"wp-block-paragraph\">Diferente da <a href=\"https:\/\/www.tuasaude.com\/anemia\/\" target=\"_blank\" rel=\"noreferrer noopener\">anemia por defici\u00eancia de ferro<\/a>, esse tipo costuma se desenvolver de forma lenta e silenciosa. Por isso, muitos pacientes s\u00f3 descobrem o problema ap\u00f3s meses de sintomas ou em exames de rotina que revelam altera\u00e7\u00f5es no hemograma.<\/p>\n\n\n\n<h2 class=\"wp-block-heading\">Por que idosos absorvem menos vitamina B12?<\/h2>\n\n\n\n<p class=\"wp-block-paragraph\">Com o envelhecimento, o est\u00f4mago produz menos \u00e1cido clor\u00eddrico e fator intr\u00ednseco, duas subst\u00e2ncias fundamentais para liberar e absorver a B12 dos alimentos. Condi\u00e7\u00f5es como gastrite atr\u00f3fica, uso prolongado de anti\u00e1cidos e cirurgias bari\u00e1tricas tamb\u00e9m reduzem essa absor\u00e7\u00e3o.<\/p>\n\n\n\n<p class=\"wp-block-paragraph\">Al\u00e9m disso, idosos que seguem dietas restritivas, com baixo consumo de carnes, ovos e latic\u00ednios, t\u00eam risco ainda maior de desenvolver a defici\u00eancia, mesmo quando a alimenta\u00e7\u00e3o parece equilibrada aos olhos da fam\u00edlia.<\/p>\n\n\n<div class=\"wp-block-image\">\n<figure class=\"aligncenter size-large\"><img decoding=\"async\" width=\"1024\" height=\"571\" src=\"https:\/\/www.tuasaude.com\/news\/wp-content\/uploads\/2026\/09\/Deficiencia_de_vitamina_B12_adultos_202609021117-1024x571.jpg\" alt=\"Absor\u00e7\u00e3o reduzida de B12 afeta sangue, nervos, sintomas e investiga\u00e7\u00e3o m\u00e9dica.\" class=\"wp-image-106922\" srcset=\"https:\/\/www.tuasaude.com\/news\/wp-content\/uploads\/2026\/09\/Deficiencia_de_vitamina_B12_adultos_202609021117-1024x571.jpg 1024w, https:\/\/www.tuasaude.com\/news\/wp-content\/uploads\/2026\/09\/Deficiencia_de_vitamina_B12_adultos_202609021117-300x167.jpg 300w, https:\/\/www.tuasaude.com\/news\/wp-content\/uploads\/2026\/09\/Deficiencia_de_vitamina_B12_adultos_202609021117-768x428.jpg 768w, https:\/\/www.tuasaude.com\/news\/wp-content\/uploads\/2026\/09\/Deficiencia_de_vitamina_B12_adultos_202609021117-750x418.jpg 750w, https:\/\/www.tuasaude.com\/news\/wp-content\/uploads\/2026\/09\/Deficiencia_de_vitamina_B12_adultos_202609021117-1140x636.jpg 1140w, https:\/\/www.tuasaude.com\/news\/wp-content\/uploads\/2026\/09\/Deficiencia_de_vitamina_B12_adultos_202609021117.jpg 1280w\" sizes=\"(max-width: 1024px) 100vw, 1024px\" \/><figcaption class=\"wp-element-caption\">Absor\u00e7\u00e3o reduzida de B12 afeta sangue, nervos, sintomas e investiga\u00e7\u00e3o m\u00e9dica.<\/figcaption><\/figure>\n<\/div>\n\n\n<h2 class=\"wp-block-heading\">Quais s\u00e3o os principais sintomas da defici\u00eancia de B12?<\/h2>\n\n\n\n<p class=\"wp-block-paragraph\">Os sinais da anemia por falta de vitamina B12 podem ser confundidos com outros problemas comuns do envelhecimento, o que dificulta o diagn\u00f3stico precoce. Os sintomas mais frequentes incluem:<\/p>\n\n\n\n<ul class=\"wp-block-list\">\n<li><strong>Cansa\u00e7o persistente<\/strong> e falta de disposi\u00e7\u00e3o para tarefas simples<\/li>\n\n\n\n<li><strong>Palidez<\/strong> na pele e nas mucosas, especialmente nos olhos<\/li>\n\n\n\n<li>Falta de ar e batimentos card\u00edacos acelerados aos pequenos esfor\u00e7os<\/li>\n\n\n\n<li>Formigamento ou dorm\u00eancia nas m\u00e3os e nos p\u00e9s<\/li>\n\n\n\n<li>Dificuldade de concentra\u00e7\u00e3o, lapsos de mem\u00f3ria e altera\u00e7\u00f5es de humor<\/li>\n\n\n\n<li>L\u00edngua avermelhada, lisa e dolorida, conhecida como glossite<\/li>\n\n\n\n<li>Perda de equil\u00edbrio e fraqueza muscular<\/li>\n<\/ul>\n\n\n\n<h2 class=\"wp-block-heading\">O que diz um estudo cient\u00edfico sobre a B12 em idosos?<\/h2>\n\n\n\n<p class=\"wp-block-paragraph\">Pesquisas recentes refor\u00e7am a rela\u00e7\u00e3o entre envelhecimento e defici\u00eancia de vitamina B12. Segundo o estudo <a href=\"https:\/\/pmc.ncbi.nlm.nih.gov\/articles\/PMC8226782\/\" target=\"_blank\" rel=\"noreferrer noopener\">Perspective Practical Approach to Preventing Subclinical B12 Deficiency in Elderly Population<\/a>, publicado na revista cient\u00edfica Nutrients, dados do National Health and Nutrition Examination Survey mostram que a preval\u00eancia da defici\u00eancia chega a 15% em adultos com mais de 70 anos, sendo a redu\u00e7\u00e3o da absor\u00e7\u00e3o intestinal relacionada \u00e0 idade um dos principais fatores.<\/p>\n\n\n\n<p class=\"wp-block-paragraph\">Os autores destacam que a identifica\u00e7\u00e3o precoce e a suplementa\u00e7\u00e3o adequada, quando indicadas por um profissional, ajudam a prevenir complica\u00e7\u00f5es neurol\u00f3gicas irrevers\u00edveis e melhoram a disposi\u00e7\u00e3o e a fun\u00e7\u00e3o cognitiva dos idosos.<\/p>\n\n\n<div class=\"wp-block-image\">\n<figure class=\"aligncenter size-large\"><img decoding=\"async\" width=\"1024\" height=\"571\" src=\"https:\/\/www.tuasaude.com\/news\/wp-content\/uploads\/2026\/09\/Man_walking_in_corridor_202609021117-1024x571.jpg\" alt=\"Cansa\u00e7o, formigamento e perda de equil\u00edbrio podem indicar defici\u00eancia de vitamina B12.\" class=\"wp-image-106923\" srcset=\"https:\/\/www.tuasaude.com\/news\/wp-content\/uploads\/2026\/09\/Man_walking_in_corridor_202609021117-1024x571.jpg 1024w, https:\/\/www.tuasaude.com\/news\/wp-content\/uploads\/2026\/09\/Man_walking_in_corridor_202609021117-300x167.jpg 300w, https:\/\/www.tuasaude.com\/news\/wp-content\/uploads\/2026\/09\/Man_walking_in_corridor_202609021117-768x428.jpg 768w, https:\/\/www.tuasaude.com\/news\/wp-content\/uploads\/2026\/09\/Man_walking_in_corridor_202609021117-750x418.jpg 750w, https:\/\/www.tuasaude.com\/news\/wp-content\/uploads\/2026\/09\/Man_walking_in_corridor_202609021117-1140x636.jpg 1140w, https:\/\/www.tuasaude.com\/news\/wp-content\/uploads\/2026\/09\/Man_walking_in_corridor_202609021117.jpg 1280w\" sizes=\"(max-width: 1024px) 100vw, 1024px\" \/><figcaption class=\"wp-element-caption\">Cansa\u00e7o, formigamento e perda de equil\u00edbrio podem indicar defici\u00eancia de vitamina B12.<\/figcaption><\/figure>\n<\/div>\n\n\n<h2 class=\"wp-block-heading\">Como \u00e9 feito o diagn\u00f3stico e o tratamento?<\/h2>\n\n\n\n<p class=\"wp-block-paragraph\">Diante da suspeita, \u00e9 essencial procurar avalia\u00e7\u00e3o m\u00e9dica. O diagn\u00f3stico envolve exames de sangue que medem os n\u00edveis de <a href=\"https:\/\/www.tuasaude.com\/vitamina-b12-cobalamina\/\" target=\"_blank\" rel=\"noreferrer noopener\">vitamina B12<\/a>, hemograma completo e, em alguns casos, dosagem de \u00e1cido metilmal\u00f4nico e homociste\u00edna, marcadores que ajudam a confirmar a defici\u00eancia mesmo em fases iniciais.<\/p>\n\n\n\n<p class=\"wp-block-paragraph\">O tratamento varia conforme a causa e a gravidade, podendo incluir mudan\u00e7as alimentares, suplementos orais ou inje\u00e7\u00f5es intramusculares de B12. Em casos mais graves, o m\u00e9dico pode investigar causas associadas, como a <a href=\"https:\/\/www.tuasaude.com\/anemia-perniciosa\/\" target=\"_blank\" rel=\"noreferrer noopener\">anemia perniciosa<\/a>, doen\u00e7a autoimune que compromete a absor\u00e7\u00e3o da vitamina no intestino.<\/p>\n\n\n\n<p class=\"wp-block-paragraph\"><em>Este conte\u00fado tem car\u00e1ter apenas informativo e n\u00e3o substitui a avalia\u00e7\u00e3o de um profissional de sa\u00fade. Consulte sempre um m\u00e9dico de confian\u00e7a para diagn\u00f3stico e tratamento adequados.<\/em><\/p>\n","protected":false},"excerpt":{"rendered":"<p>A anemia nem sempre est\u00e1 ligada apenas \u00e0 falta de ferro. Em adultos e, principalmente, em idosos, a car\u00eancia de vitamina B12 \u00e9 uma causa frequente e muitas vezes subestimada, j\u00e1 que esse nutriente \u00e9 essencial para a forma\u00e7\u00e3o das c\u00e9lulas vermelhas do sangue. Com o passar dos anos, o corpo perde parte da capacidade [&hellip;]<\/p>\n","protected":false},"author":11,"featured_media":106921,"comment_status":"open","ping_status":"open","sticky":false,"template":"","format":"standard","meta":{"_yoast_wpseo_focuskw":"anemia","_yoast_wpseo_title":"","_yoast_wpseo_metadesc":"A defici\u00eancia de vitamina B12 se torna mais prov\u00e1vel com o envelhecimento e pode causar sinais que v\u00e3o do cansa\u00e7o persistente \u00e0s altera\u00e7\u00f5es neurol\u00f3gicas.","jnews-multi-image_gallery":[],"jnews_single_post":{"format":"standard"},"jnews_primary_category":[],"jnews_social_meta":[],"jnews_override_counter":[],"footnotes":""},"categories":[111],"tags":[227,199,136,1039],"class_list":["post-106913","post","type-post","status-publish","format-standard","has-post-thumbnail","hentry","category-saude","tag-anemia","tag-ferro","tag-saude","tag-vitamina-b12"],"yoast_head":"<!-- This site is optimized with the Yoast SEO plugin v26.7 - https:\/\/yoast.com\/wordpress\/plugins\/seo\/ -->\n<title>A anemia em adultos e idosos n\u00e3o se explica apenas pela falta de ferro, mas tamb\u00e9m pela car\u00eancia de vitamina B12, essencial para a forma\u00e7\u00e3o das c\u00e9lulas do sangue - Tua Sa\u00fade<\/title>\n<meta name=\"description\" content=\"A defici\u00eancia de vitamina B12 se torna mais prov\u00e1vel com o envelhecimento e pode causar sinais que v\u00e3o do cansa\u00e7o persistente \u00e0s altera\u00e7\u00f5es neurol\u00f3gicas.\" \/>\n<meta name=\"robots\" content=\"index, follow, max-snippet:-1, max-image-preview:large, max-video-preview:-1\" \/>\n<link rel=\"canonical\" href=\"https:\/\/www.tuasaude.com\/news\/2026\/09\/02\/a-anemia-em-adultos-e-idosos-nao-se-explica-apenas-pela-falta-de-ferro-mas-tambem-pela-carencia-de-vitamina-b12-essencial-para-a-formacao-das-celulas-do-sangue\/\" \/>\n<meta property=\"og:locale\" content=\"pt_BR\" \/>\n<meta property=\"og:type\" content=\"article\" \/>\n<meta property=\"og:title\" content=\"A anemia em adultos e idosos n\u00e3o se explica apenas pela falta de ferro, mas tamb\u00e9m pela car\u00eancia de vitamina B12, essencial para a forma\u00e7\u00e3o das c\u00e9lulas do sangue - Tua Sa\u00fade\" \/>\n<meta property=\"og:description\" content=\"A defici\u00eancia de vitamina B12 se torna mais prov\u00e1vel com o envelhecimento e pode causar sinais que v\u00e3o do cansa\u00e7o persistente \u00e0s altera\u00e7\u00f5es neurol\u00f3gicas.\" \/>\n<meta property=\"og:url\" content=\"https:\/\/www.tuasaude.com\/news\/2026\/09\/02\/a-anemia-em-adultos-e-idosos-nao-se-explica-apenas-pela-falta-de-ferro-mas-tambem-pela-carencia-de-vitamina-b12-essencial-para-a-formacao-das-celulas-do-sangue\/\" \/>\n<meta property=\"og:site_name\" content=\"Tua Sa\u00fade\" \/>\n<meta property=\"article:published_time\" content=\"2026-09-02T14:22:00+00:00\" \/>\n<meta property=\"og:image\" content=\"https:\/\/www.tuasaude.com\/news\/wp-content\/uploads\/2026\/09\/Woman_sitting_at_dining_table_202609021116.jpg\" \/>\n\t<meta property=\"og:image:width\" content=\"1280\" \/>\n\t<meta property=\"og:image:height\" content=\"714\" \/>\n\t<meta property=\"og:image:type\" content=\"image\/jpeg\" \/>\n<meta name=\"author\" content=\"Gessika Julia Carvalho\" \/>\n<meta name=\"twitter:card\" content=\"summary_large_image\" \/>\n<meta name=\"twitter:label1\" content=\"Escrito por\" \/>\n\t<meta name=\"twitter:data1\" content=\"Gessika Julia Carvalho\" \/>\n\t<meta name=\"twitter:label2\" content=\"Est. tempo de leitura\" \/>\n\t<meta name=\"twitter:data2\" content=\"4 minutos\" \/>\n<!-- \/ Yoast SEO plugin. -->","yoast_head_json":{"title":"A anemia em adultos e idosos n\u00e3o se explica apenas pela falta de ferro, mas tamb\u00e9m pela car\u00eancia de vitamina B12, essencial para a forma\u00e7\u00e3o das c\u00e9lulas do sangue - Tua Sa\u00fade","description":"A defici\u00eancia de vitamina B12 se torna mais prov\u00e1vel com o envelhecimento e pode causar sinais que v\u00e3o do cansa\u00e7o persistente \u00e0s altera\u00e7\u00f5es neurol\u00f3gicas.","robots":{"index":"index","follow":"follow","max-snippet":"max-snippet:-1","max-image-preview":"max-image-preview:large","max-video-preview":"max-video-preview:-1"},"canonical":"https:\/\/www.tuasaude.com\/news\/2026\/09\/02\/a-anemia-em-adultos-e-idosos-nao-se-explica-apenas-pela-falta-de-ferro-mas-tambem-pela-carencia-de-vitamina-b12-essencial-para-a-formacao-das-celulas-do-sangue\/","og_locale":"pt_BR","og_type":"article","og_title":"A anemia em adultos e idosos n\u00e3o se explica apenas pela falta de ferro, mas tamb\u00e9m pela car\u00eancia de vitamina B12, essencial para a forma\u00e7\u00e3o das c\u00e9lulas do sangue - Tua Sa\u00fade","og_description":"A defici\u00eancia de vitamina B12 se torna mais prov\u00e1vel com o envelhecimento e pode causar sinais que v\u00e3o do cansa\u00e7o persistente \u00e0s altera\u00e7\u00f5es neurol\u00f3gicas.","og_url":"https:\/\/www.tuasaude.com\/news\/2026\/09\/02\/a-anemia-em-adultos-e-idosos-nao-se-explica-apenas-pela-falta-de-ferro-mas-tambem-pela-carencia-de-vitamina-b12-essencial-para-a-formacao-das-celulas-do-sangue\/","og_site_name":"Tua Sa\u00fade","article_published_time":"2026-09-02T14:22:00+00:00","og_image":[{"width":1280,"height":714,"url":"https:\/\/www.tuasaude.com\/news\/wp-content\/uploads\/2026\/09\/Woman_sitting_at_dining_table_202609021116.jpg","type":"image\/jpeg"}],"author":"Gessika Julia Carvalho","twitter_card":"summary_large_image","twitter_misc":{"Escrito por":"Gessika Julia Carvalho","Est. tempo de leitura":"4 minutos"},"schema":{"@context":"https:\/\/schema.org","@graph":[{"@type":"Article","@id":"https:\/\/www.tuasaude.com\/news\/2026\/09\/02\/a-anemia-em-adultos-e-idosos-nao-se-explica-apenas-pela-falta-de-ferro-mas-tambem-pela-carencia-de-vitamina-b12-essencial-para-a-formacao-das-celulas-do-sangue\/#article","isPartOf":{"@id":"https:\/\/www.tuasaude.com\/news\/2026\/09\/02\/a-anemia-em-adultos-e-idosos-nao-se-explica-apenas-pela-falta-de-ferro-mas-tambem-pela-carencia-de-vitamina-b12-essencial-para-a-formacao-das-celulas-do-sangue\/"},"author":{"name":"Gessika Julia Carvalho","@id":"https:\/\/www.tuasaude.com\/news\/#\/schema\/person\/2e9df841be69ec84f5d20ddb8d273ac2"},"headline":"A anemia em adultos e idosos n\u00e3o se explica apenas pela falta de ferro, mas tamb\u00e9m pela car\u00eancia de vitamina B12, essencial para a forma\u00e7\u00e3o das c\u00e9lulas do sangue","datePublished":"2026-09-02T14:22:00+00:00","mainEntityOfPage":{"@id":"https:\/\/www.tuasaude.com\/news\/2026\/09\/02\/a-anemia-em-adultos-e-idosos-nao-se-explica-apenas-pela-falta-de-ferro-mas-tambem-pela-carencia-de-vitamina-b12-essencial-para-a-formacao-das-celulas-do-sangue\/"},"wordCount":733,"commentCount":0,"image":{"@id":"https:\/\/www.tuasaude.com\/news\/2026\/09\/02\/a-anemia-em-adultos-e-idosos-nao-se-explica-apenas-pela-falta-de-ferro-mas-tambem-pela-carencia-de-vitamina-b12-essencial-para-a-formacao-das-celulas-do-sangue\/#primaryimage"},"thumbnailUrl":"https:\/\/www.tuasaude.com\/news\/wp-content\/uploads\/2026\/09\/Woman_sitting_at_dining_table_202609021116.jpg","keywords":["anemia","ferro","sa\u00fade","vitamina B12"],"articleSection":["Sa\u00fade"],"inLanguage":"pt-BR","potentialAction":[{"@type":"CommentAction","name":"Comment","target":["https:\/\/www.tuasaude.com\/news\/2026\/09\/02\/a-anemia-em-adultos-e-idosos-nao-se-explica-apenas-pela-falta-de-ferro-mas-tambem-pela-carencia-de-vitamina-b12-essencial-para-a-formacao-das-celulas-do-sangue\/#respond"]}]},{"@type":"WebPage","@id":"https:\/\/www.tuasaude.com\/news\/2026\/09\/02\/a-anemia-em-adultos-e-idosos-nao-se-explica-apenas-pela-falta-de-ferro-mas-tambem-pela-carencia-de-vitamina-b12-essencial-para-a-formacao-das-celulas-do-sangue\/","url":"https:\/\/www.tuasaude.com\/news\/2026\/09\/02\/a-anemia-em-adultos-e-idosos-nao-se-explica-apenas-pela-falta-de-ferro-mas-tambem-pela-carencia-de-vitamina-b12-essencial-para-a-formacao-das-celulas-do-sangue\/","name":"A anemia em adultos e idosos n\u00e3o se explica apenas pela falta de ferro, mas tamb\u00e9m pela car\u00eancia de vitamina B12, essencial para a forma\u00e7\u00e3o das c\u00e9lulas do sangue - Tua Sa\u00fade","isPartOf":{"@id":"https:\/\/www.tuasaude.com\/news\/#website"},"primaryImageOfPage":{"@id":"https:\/\/www.tuasaude.com\/news\/2026\/09\/02\/a-anemia-em-adultos-e-idosos-nao-se-explica-apenas-pela-falta-de-ferro-mas-tambem-pela-carencia-de-vitamina-b12-essencial-para-a-formacao-das-celulas-do-sangue\/#primaryimage"},"image":{"@id":"https:\/\/www.tuasaude.com\/news\/2026\/09\/02\/a-anemia-em-adultos-e-idosos-nao-se-explica-apenas-pela-falta-de-ferro-mas-tambem-pela-carencia-de-vitamina-b12-essencial-para-a-formacao-das-celulas-do-sangue\/#primaryimage"},"thumbnailUrl":"https:\/\/www.tuasaude.com\/news\/wp-content\/uploads\/2026\/09\/Woman_sitting_at_dining_table_202609021116.jpg","datePublished":"2026-09-02T14:22:00+00:00","author":{"@id":"https:\/\/www.tuasaude.com\/news\/#\/schema\/person\/2e9df841be69ec84f5d20ddb8d273ac2"},"description":"A defici\u00eancia de vitamina B12 se torna mais prov\u00e1vel com o envelhecimento e pode causar sinais que v\u00e3o do cansa\u00e7o persistente \u00e0s altera\u00e7\u00f5es neurol\u00f3gicas.","breadcrumb":{"@id":"https:\/\/www.tuasaude.com\/news\/2026\/09\/02\/a-anemia-em-adultos-e-idosos-nao-se-explica-apenas-pela-falta-de-ferro-mas-tambem-pela-carencia-de-vitamina-b12-essencial-para-a-formacao-das-celulas-do-sangue\/#breadcrumb"},"inLanguage":"pt-BR","potentialAction":[{"@type":"ReadAction","target":["https:\/\/www.tuasaude.com\/news\/2026\/09\/02\/a-anemia-em-adultos-e-idosos-nao-se-explica-apenas-pela-falta-de-ferro-mas-tambem-pela-carencia-de-vitamina-b12-essencial-para-a-formacao-das-celulas-do-sangue\/"]}]},{"@type":"ImageObject","inLanguage":"pt-BR","@id":"https:\/\/www.tuasaude.com\/news\/2026\/09\/02\/a-anemia-em-adultos-e-idosos-nao-se-explica-apenas-pela-falta-de-ferro-mas-tambem-pela-carencia-de-vitamina-b12-essencial-para-a-formacao-das-celulas-do-sangue\/#primaryimage","url":"https:\/\/www.tuasaude.com\/news\/wp-content\/uploads\/2026\/09\/Woman_sitting_at_dining_table_202609021116.jpg","contentUrl":"https:\/\/www.tuasaude.com\/news\/wp-content\/uploads\/2026\/09\/Woman_sitting_at_dining_table_202609021116.jpg","width":1280,"height":714,"caption":"A anemia em adultos e idosos n\u00e3o se explica apenas pela falta de ferro, mas tamb\u00e9m pela car\u00eancia de vitamina B12, essencial para a forma\u00e7\u00e3o das c\u00e9lulas do sangue"},{"@type":"BreadcrumbList","@id":"https:\/\/www.tuasaude.com\/news\/2026\/09\/02\/a-anemia-em-adultos-e-idosos-nao-se-explica-apenas-pela-falta-de-ferro-mas-tambem-pela-carencia-de-vitamina-b12-essencial-para-a-formacao-das-celulas-do-sangue\/#breadcrumb","itemListElement":[{"@type":"ListItem","position":1,"name":"In\u00edcio","item":"https:\/\/www.tuasaude.com\/news\/"},{"@type":"ListItem","position":2,"name":"A anemia em adultos e idosos n\u00e3o se explica apenas pela falta de ferro, mas tamb\u00e9m pela car\u00eancia de vitamina B12, essencial para a forma\u00e7\u00e3o das c\u00e9lulas do sangue"}]},{"@type":"WebSite","@id":"https:\/\/www.tuasaude.com\/news\/#website","url":"https:\/\/www.tuasaude.com\/news\/","name":"Tua Sa\u00fade","description":"Seu site de sa\u00fade","potentialAction":[{"@type":"SearchAction","target":{"@type":"EntryPoint","urlTemplate":"https:\/\/www.tuasaude.com\/news\/?s={search_term_string}"},"query-input":{"@type":"PropertyValueSpecification","valueRequired":true,"valueName":"search_term_string"}}],"inLanguage":"pt-BR"},{"@type":"Person","@id":"https:\/\/www.tuasaude.com\/news\/#\/schema\/person\/2e9df841be69ec84f5d20ddb8d273ac2","name":"Gessika Julia Carvalho","image":{"@type":"ImageObject","inLanguage":"pt-BR","@id":"https:\/\/www.tuasaude.com\/news\/#\/schema\/person\/image\/","url":"https:\/\/secure.gravatar.com\/avatar\/0fcc8769024577fd0bc6a8b766055690f76a8e8f29dfb2a2f89cf04db8d0f2d2?s=96&d=mm&r=g","contentUrl":"https:\/\/secure.gravatar.com\/avatar\/0fcc8769024577fd0bc6a8b766055690f76a8e8f29dfb2a2f89cf04db8d0f2d2?s=96&d=mm&r=g","caption":"Gessika Julia Carvalho"},"sameAs":["https:\/\/www.tuasaude.com\/news\/"],"url":"https:\/\/www.tuasaude.com\/news\/author\/gessika-julia\/"}]}},"_links":{"self":[{"href":"https:\/\/www.tuasaude.com\/news\/wp-json\/wp\/v2\/posts\/106913","targetHints":{"allow":["GET"]}}],"collection":[{"href":"https:\/\/www.tuasaude.com\/news\/wp-json\/wp\/v2\/posts"}],"about":[{"href":"https:\/\/www.tuasaude.com\/news\/wp-json\/wp\/v2\/types\/post"}],"author":[{"embeddable":true,"href":"https:\/\/www.tuasaude.com\/news\/wp-json\/wp\/v2\/users\/11"}],"replies":[{"embeddable":true,"href":"https:\/\/www.tuasaude.com\/news\/wp-json\/wp\/v2\/comments?post=106913"}],"version-history":[{"count":1,"href":"https:\/\/www.tuasaude.com\/news\/wp-json\/wp\/v2\/posts\/106913\/revisions"}],"predecessor-version":[{"id":106924,"href":"https:\/\/www.tuasaude.com\/news\/wp-json\/wp\/v2\/posts\/106913\/revisions\/106924"}],"wp:featuredmedia":[{"embeddable":true,"href":"https:\/\/www.tuasaude.com\/news\/wp-json\/wp\/v2\/media\/106921"}],"wp:attachment":[{"href":"https:\/\/www.tuasaude.com\/news\/wp-json\/wp\/v2\/media?parent=106913"}],"wp:term":[{"taxonomy":"category","embeddable":true,"href":"https:\/\/www.tuasaude.com\/news\/wp-json\/wp\/v2\/categories?post=106913"},{"taxonomy":"post_tag","embeddable":true,"href":"https:\/\/www.tuasaude.com\/news\/wp-json\/wp\/v2\/tags?post=106913"}],"curies":[{"name":"wp","href":"https:\/\/api.w.org\/{rel}","templated":true}]}}