{"id":106883,"date":"2026-09-03T12:22:00","date_gmt":"2026-09-03T15:22:00","guid":{"rendered":"https:\/\/www.tuasaude.com\/news\/?p=106883"},"modified":"2026-09-02T10:43:40","modified_gmt":"2026-09-02T13:43:40","slug":"a-dor-de-cabeca-que-chega-no-sabado-nao-e-so-estresse-acumulado-mas-na-maior-parte-das-vezes-cafe-atrasado-e-sono-fora-de-hora","status":"publish","type":"post","link":"https:\/\/www.tuasaude.com\/news\/2026\/09\/03\/a-dor-de-cabeca-que-chega-no-sabado-nao-e-so-estresse-acumulado-mas-na-maior-parte-das-vezes-cafe-atrasado-e-sono-fora-de-hora\/","title":{"rendered":"A dor de cabe\u00e7a que chega no s\u00e1bado n\u00e3o \u00e9 s\u00f3 estresse acumulado, mas na maior parte das vezes caf\u00e9 atrasado e sono fora de hora"},"content":{"rendered":"\n<p class=\"wp-block-paragraph\">Chegar ao fim de semana esperando descanso e acordar com a cabe\u00e7a latejando \u00e9 uma experi\u00eancia frustrante e mais comum do que parece. Antes de culpar apenas o estresse da semana, vale olhar para dois fatores muito frequentes nesses epis\u00f3dios: o caf\u00e9 tomado mais tarde que o habitual e o sono que se estende bem al\u00e9m do hor\u00e1rio de costume. A combina\u00e7\u00e3o dos dois cria condi\u00e7\u00f5es ideais para a dor de cabe\u00e7a de s\u00e1bado, especialmente em quem consome cafe\u00edna todos os dias.<\/p>\n\n\n\n<h2 class=\"wp-block-heading\">Por que o corpo reage t\u00e3o mal a pular o caf\u00e9?<\/h2>\n\n\n\n<p class=\"wp-block-paragraph\">A cafe\u00edna age em receptores cerebrais que ajudam a regular o t\u00f4nus dos vasos sangu\u00edneos. Em quem toma caf\u00e9 diariamente, o c\u00e9rebro se adapta a essa presen\u00e7a constante e mant\u00e9m uma vasoconstri\u00e7\u00e3o basal ao longo do dia.<\/p>\n\n\n\n<p class=\"wp-block-paragraph\">Quando o caf\u00e9 atrasa ou \u00e9 pulado no fim de semana, esses vasos se dilatam de forma abrupta. Essa mudan\u00e7a na circula\u00e7\u00e3o cerebral \u00e9 um gatilho conhecido da dor de cabe\u00e7a por abstin\u00eancia, t\u00edpica de quem consome cafe\u00edna de forma regular durante a semana.<\/p>\n\n\n\n<h2 class=\"wp-block-heading\">Como o sono desregulado do fim de semana entra nessa conta?<\/h2>\n\n\n\n<p class=\"wp-block-paragraph\">Dormir e acordar em hor\u00e1rios muito diferentes do resto da semana altera o ritmo biol\u00f3gico e afeta neurotransmissores ligados ao controle da dor. Isso vale tanto para quem dorme demais quanto para quem varia demais o hor\u00e1rio de deitar.<\/p>\n\n\n\n<p class=\"wp-block-paragraph\">Essa mudan\u00e7a no ciclo do sono, somada ao jejum prolongado de cafe\u00edna, cria um ambiente favor\u00e1vel para o surgimento de <a href=\"https:\/\/www.tuasaude.com\/dor-de-cabeca-forte\/\" target=\"_blank\" rel=\"noreferrer noopener\">dor de cabe\u00e7a forte<\/a> justamente nas manh\u00e3s de s\u00e1bado e domingo.<\/p>\n\n\n<div class=\"wp-block-image\">\n<figure class=\"aligncenter size-large\"><img decoding=\"async\" width=\"1024\" height=\"571\" src=\"https:\/\/www.tuasaude.com\/news\/wp-content\/uploads\/2026\/09\/Weekend_headache_medical_infogra\u2026_202609021041-1024x571.jpg\" alt=\"Manter hor\u00e1rios regulares de cafe\u00edna e sono pode reduzir dores de cabe\u00e7a no fim de semana.\" class=\"wp-image-106885\" srcset=\"https:\/\/www.tuasaude.com\/news\/wp-content\/uploads\/2026\/09\/Weekend_headache_medical_infogra\u2026_202609021041-1024x571.jpg 1024w, https:\/\/www.tuasaude.com\/news\/wp-content\/uploads\/2026\/09\/Weekend_headache_medical_infogra\u2026_202609021041-300x167.jpg 300w, https:\/\/www.tuasaude.com\/news\/wp-content\/uploads\/2026\/09\/Weekend_headache_medical_infogra\u2026_202609021041-768x428.jpg 768w, https:\/\/www.tuasaude.com\/news\/wp-content\/uploads\/2026\/09\/Weekend_headache_medical_infogra\u2026_202609021041-750x418.jpg 750w, https:\/\/www.tuasaude.com\/news\/wp-content\/uploads\/2026\/09\/Weekend_headache_medical_infogra\u2026_202609021041-1140x636.jpg 1140w, https:\/\/www.tuasaude.com\/news\/wp-content\/uploads\/2026\/09\/Weekend_headache_medical_infogra\u2026_202609021041.jpg 1280w\" sizes=\"(max-width: 1024px) 100vw, 1024px\" \/><figcaption class=\"wp-element-caption\">Manter hor\u00e1rios regulares de cafe\u00edna e sono pode reduzir dores de cabe\u00e7a no fim de semana.<\/figcaption><\/figure>\n<\/div>\n\n\n<h2 class=\"wp-block-heading\">O que um estudo cient\u00edfico mostra sobre a dor de cabe\u00e7a de fim de semana?<\/h2>\n\n\n\n<p class=\"wp-block-paragraph\">Pesquisas ajudam a confirmar essa combina\u00e7\u00e3o de fatores. Segundo o estudo <a href=\"https:\/\/pubmed.ncbi.nlm.nih.gov\/1576651\/\" target=\"_blank\" rel=\"noreferrer noopener\">Weekend attacks in migraine patients caused by caffeine withdrawal<\/a>, publicado na revista Cephalalgia, pacientes que apresentavam alto consumo di\u00e1rio de cafe\u00edna e que atrasavam bastante o hor\u00e1rio de acordar nos fins de semana tinham 69% de risco de ter dor de cabe\u00e7a nesses dias, enquanto o risco ca\u00eda para praticamente zero em quem mantinha h\u00e1bitos moderados nos dois pontos.<\/p>\n\n\n\n<p class=\"wp-block-paragraph\">O achado indica que o problema n\u00e3o \u00e9 o descanso em si, mas a mudan\u00e7a abrupta na rotina de cafe\u00edna e no hor\u00e1rio de sono, dois gatilhos que costumam andar juntos no fim de semana.<\/p>\n\n\n\n<h2 class=\"wp-block-heading\">Quais h\u00e1bitos ajudam a evitar a dor de cabe\u00e7a de s\u00e1bado?<\/h2>\n\n\n\n<p class=\"wp-block-paragraph\">Pequenos ajustes na rotina podem reduzir bastante a frequ\u00eancia dessas crises. Confira as principais recomenda\u00e7\u00f5es:<\/p>\n\n\n\n<ul class=\"wp-block-list\">\n<li>Tomar o caf\u00e9 da manh\u00e3 e o caf\u00e9 habitual em hor\u00e1rios parecidos aos dos dias \u00fateis, mesmo aos s\u00e1bados e domingos;<\/li>\n\n\n\n<li>Evitar dormir mais de uma a duas horas al\u00e9m do hor\u00e1rio habitual;<\/li>\n\n\n\n<li>Manter uma janela regular de sono, deitando e acordando em hor\u00e1rios pr\u00f3ximos ao da semana;<\/li>\n\n\n\n<li>Beber \u00e1gua ao longo da manh\u00e3, j\u00e1 que a desidrata\u00e7\u00e3o tamb\u00e9m \u00e9 gatilho comum;<\/li>\n\n\n\n<li>Reduzir gradualmente o consumo de cafe\u00edna se o objetivo for cort\u00e1-la, em vez de suspender de forma abrupta;<\/li>\n\n\n\n<li>Comer algo leve logo ao acordar, evitando longos per\u00edodos de jejum;<\/li>\n\n\n\n<li>Fazer atividade f\u00edsica leve pela manh\u00e3, como caminhada, para ajudar na regula\u00e7\u00e3o do ritmo biol\u00f3gico.<\/li>\n<\/ul>\n\n\n<div class=\"wp-block-image\">\n<figure class=\"aligncenter size-large\"><img decoding=\"async\" width=\"1024\" height=\"571\" src=\"https:\/\/www.tuasaude.com\/news\/wp-content\/uploads\/2026\/09\/Woman_waking_with_morning_headache_202609021040-1-1024x571.jpg\" alt=\"Caf\u00e9 atrasado e sono prolongado podem transformar o descanso do fim de semana em dor.\" class=\"wp-image-106886\" srcset=\"https:\/\/www.tuasaude.com\/news\/wp-content\/uploads\/2026\/09\/Woman_waking_with_morning_headache_202609021040-1-1024x571.jpg 1024w, https:\/\/www.tuasaude.com\/news\/wp-content\/uploads\/2026\/09\/Woman_waking_with_morning_headache_202609021040-1-300x167.jpg 300w, https:\/\/www.tuasaude.com\/news\/wp-content\/uploads\/2026\/09\/Woman_waking_with_morning_headache_202609021040-1-768x428.jpg 768w, https:\/\/www.tuasaude.com\/news\/wp-content\/uploads\/2026\/09\/Woman_waking_with_morning_headache_202609021040-1-750x418.jpg 750w, https:\/\/www.tuasaude.com\/news\/wp-content\/uploads\/2026\/09\/Woman_waking_with_morning_headache_202609021040-1-1140x636.jpg 1140w, https:\/\/www.tuasaude.com\/news\/wp-content\/uploads\/2026\/09\/Woman_waking_with_morning_headache_202609021040-1.jpg 1280w\" sizes=\"(max-width: 1024px) 100vw, 1024px\" \/><figcaption class=\"wp-element-caption\">Caf\u00e9 atrasado e sono prolongado podem transformar o descanso do fim de semana em dor.<\/figcaption><\/figure>\n<\/div>\n\n\n<h2 class=\"wp-block-heading\">Quando a dor de cabe\u00e7a de fim de semana merece avalia\u00e7\u00e3o m\u00e9dica?<\/h2>\n\n\n\n<p class=\"wp-block-paragraph\">Nem toda dor \u00e9 apenas um efeito da rotina, e alguns sinais indicam que a avalia\u00e7\u00e3o profissional \u00e9 necess\u00e1ria. Fique atento a estas situa\u00e7\u00f5es:<\/p>\n\n\n\n<ol class=\"wp-block-list\">\n<li>Dor de cabe\u00e7a intensa, que aparece de forma s\u00fabita e diferente do habitual;<\/li>\n\n\n\n<li>Crises frequentes, que se repetem em v\u00e1rios fins de semana e prejudicam a rotina;<\/li>\n\n\n\n<li>Presen\u00e7a de n\u00e1useas, v\u00f4mitos, sensibilidade \u00e0 luz ou ao som, que podem sugerir <a href=\"https:\/\/www.tuasaude.com\/crise-de-enxaqueca\/\" target=\"_blank\" rel=\"noreferrer noopener\">crise de enxaqueca<\/a>;<\/li>\n\n\n\n<li>Altera\u00e7\u00f5es visuais como pontos brilhantes ou linhas em zigue-zague, como ocorre na <a href=\"https:\/\/www.tuasaude.com\/enxaqueca-ocular\/\" target=\"_blank\" rel=\"noreferrer noopener\">enxaqueca ocular<\/a>;<\/li>\n\n\n\n<li>Dor associada a febre, rigidez de nuca, confus\u00e3o mental ou fraqueza em partes do corpo;<\/li>\n\n\n\n<li>Uso frequente de analg\u00e9sicos para conseguir controlar as crises.<\/li>\n<\/ol>\n\n\n\n<p class=\"wp-block-paragraph\">Nesses casos, o cl\u00ednico geral ou o neurologista podem investigar a causa, indicar exames quando necess\u00e1rio e definir um plano de preven\u00e7\u00e3o adequado, evitando a evolu\u00e7\u00e3o para quadros mais cr\u00f4nicos e o uso excessivo de medicamentos.<\/p>\n\n\n\n<p class=\"wp-block-paragraph\"><em>Este conte\u00fado tem car\u00e1ter apenas informativo e n\u00e3o substitui a avalia\u00e7\u00e3o de um profissional de sa\u00fade. Consulte sempre um m\u00e9dico de confian\u00e7a para diagn\u00f3stico e orienta\u00e7\u00f5es personalizadas.<\/em><\/p>\n\n\n\n<p class=\"wp-block-paragraph\"><\/p>\n","protected":false},"excerpt":{"rendered":"<p>Chegar ao fim de semana esperando descanso e acordar com a cabe\u00e7a latejando \u00e9 uma experi\u00eancia frustrante e mais comum do que parece. Antes de culpar apenas o estresse da semana, vale olhar para dois fatores muito frequentes nesses epis\u00f3dios: o caf\u00e9 tomado mais tarde que o habitual e o sono que se estende bem [&hellip;]<\/p>\n","protected":false},"author":16,"featured_media":106884,"comment_status":"open","ping_status":"open","sticky":false,"template":"","format":"standard","meta":{"_yoast_wpseo_focuskw":"dor de cabe\u00e7a no s\u00e1bado","_yoast_wpseo_title":"","_yoast_wpseo_metadesc":"A dor de cabe\u00e7a no s\u00e1bado pode ter rela\u00e7\u00e3o com caf\u00e9 atrasado e sono fora de hora. Entenda como essas mudan\u00e7as favorecem as crises no fim de semana.","jnews-multi-image_gallery":[],"jnews_single_post":{"format":"standard"},"jnews_primary_category":[],"jnews_social_meta":[],"jnews_override_counter":[],"footnotes":""},"categories":[111],"tags":[12960,282,177,12961,12959,136,116],"class_list":["post-106883","post","type-post","status-publish","format-standard","has-post-thumbnail","hentry","category-saude","tag-cafe-atrasado","tag-dor-de-cabeca","tag-estresse","tag-fora-de-hora","tag-sabado","tag-saude","tag-sono"],"yoast_head":"<!-- This site is optimized with the Yoast SEO plugin v26.7 - https:\/\/yoast.com\/wordpress\/plugins\/seo\/ -->\n<title>A dor de cabe\u00e7a que chega no s\u00e1bado n\u00e3o \u00e9 s\u00f3 estresse acumulado, mas na maior parte das vezes caf\u00e9 atrasado e sono fora de hora - Tua Sa\u00fade<\/title>\n<meta name=\"description\" content=\"A dor de cabe\u00e7a no s\u00e1bado pode ter rela\u00e7\u00e3o com caf\u00e9 atrasado e sono fora de hora. Entenda como essas mudan\u00e7as favorecem as crises no fim de semana.\" \/>\n<meta name=\"robots\" content=\"index, follow, max-snippet:-1, max-image-preview:large, max-video-preview:-1\" \/>\n<link rel=\"canonical\" href=\"https:\/\/www.tuasaude.com\/news\/2026\/09\/03\/a-dor-de-cabeca-que-chega-no-sabado-nao-e-so-estresse-acumulado-mas-na-maior-parte-das-vezes-cafe-atrasado-e-sono-fora-de-hora\/\" \/>\n<meta property=\"og:locale\" content=\"pt_BR\" \/>\n<meta property=\"og:type\" content=\"article\" \/>\n<meta property=\"og:title\" content=\"A dor de cabe\u00e7a que chega no s\u00e1bado n\u00e3o \u00e9 s\u00f3 estresse acumulado, mas na maior parte das vezes caf\u00e9 atrasado e sono fora de hora - Tua Sa\u00fade\" \/>\n<meta property=\"og:description\" content=\"A dor de cabe\u00e7a no s\u00e1bado pode ter rela\u00e7\u00e3o com caf\u00e9 atrasado e sono fora de hora. Entenda como essas mudan\u00e7as favorecem as crises no fim de semana.\" \/>\n<meta property=\"og:url\" content=\"https:\/\/www.tuasaude.com\/news\/2026\/09\/03\/a-dor-de-cabeca-que-chega-no-sabado-nao-e-so-estresse-acumulado-mas-na-maior-parte-das-vezes-cafe-atrasado-e-sono-fora-de-hora\/\" \/>\n<meta property=\"og:site_name\" content=\"Tua Sa\u00fade\" \/>\n<meta property=\"article:published_time\" content=\"2026-09-03T15:22:00+00:00\" \/>\n<meta property=\"og:image\" content=\"https:\/\/www.tuasaude.com\/news\/wp-content\/uploads\/2026\/09\/Man_massaging_temple_at_breakfast_202609021041.jpg\" \/>\n\t<meta property=\"og:image:width\" content=\"1280\" \/>\n\t<meta property=\"og:image:height\" content=\"714\" \/>\n\t<meta property=\"og:image:type\" content=\"image\/jpeg\" \/>\n<meta name=\"author\" content=\"Maycon Geovane\" \/>\n<meta name=\"twitter:card\" content=\"summary_large_image\" \/>\n<meta name=\"twitter:label1\" content=\"Escrito por\" \/>\n\t<meta name=\"twitter:data1\" content=\"Maycon Geovane\" \/>\n\t<meta name=\"twitter:label2\" content=\"Est. tempo de leitura\" \/>\n\t<meta name=\"twitter:data2\" content=\"5 minutos\" \/>\n<!-- \/ Yoast SEO plugin. -->","yoast_head_json":{"title":"A dor de cabe\u00e7a que chega no s\u00e1bado n\u00e3o \u00e9 s\u00f3 estresse acumulado, mas na maior parte das vezes caf\u00e9 atrasado e sono fora de hora - Tua Sa\u00fade","description":"A dor de cabe\u00e7a no s\u00e1bado pode ter rela\u00e7\u00e3o com caf\u00e9 atrasado e sono fora de hora. Entenda como essas mudan\u00e7as favorecem as crises no fim de semana.","robots":{"index":"index","follow":"follow","max-snippet":"max-snippet:-1","max-image-preview":"max-image-preview:large","max-video-preview":"max-video-preview:-1"},"canonical":"https:\/\/www.tuasaude.com\/news\/2026\/09\/03\/a-dor-de-cabeca-que-chega-no-sabado-nao-e-so-estresse-acumulado-mas-na-maior-parte-das-vezes-cafe-atrasado-e-sono-fora-de-hora\/","og_locale":"pt_BR","og_type":"article","og_title":"A dor de cabe\u00e7a que chega no s\u00e1bado n\u00e3o \u00e9 s\u00f3 estresse acumulado, mas na maior parte das vezes caf\u00e9 atrasado e sono fora de hora - Tua Sa\u00fade","og_description":"A dor de cabe\u00e7a no s\u00e1bado pode ter rela\u00e7\u00e3o com caf\u00e9 atrasado e sono fora de hora. Entenda como essas mudan\u00e7as favorecem as crises no fim de semana.","og_url":"https:\/\/www.tuasaude.com\/news\/2026\/09\/03\/a-dor-de-cabeca-que-chega-no-sabado-nao-e-so-estresse-acumulado-mas-na-maior-parte-das-vezes-cafe-atrasado-e-sono-fora-de-hora\/","og_site_name":"Tua Sa\u00fade","article_published_time":"2026-09-03T15:22:00+00:00","og_image":[{"width":1280,"height":714,"url":"https:\/\/www.tuasaude.com\/news\/wp-content\/uploads\/2026\/09\/Man_massaging_temple_at_breakfast_202609021041.jpg","type":"image\/jpeg"}],"author":"Maycon Geovane","twitter_card":"summary_large_image","twitter_misc":{"Escrito por":"Maycon Geovane","Est. tempo de leitura":"5 minutos"},"schema":{"@context":"https:\/\/schema.org","@graph":[{"@type":"Article","@id":"https:\/\/www.tuasaude.com\/news\/2026\/09\/03\/a-dor-de-cabeca-que-chega-no-sabado-nao-e-so-estresse-acumulado-mas-na-maior-parte-das-vezes-cafe-atrasado-e-sono-fora-de-hora\/#article","isPartOf":{"@id":"https:\/\/www.tuasaude.com\/news\/2026\/09\/03\/a-dor-de-cabeca-que-chega-no-sabado-nao-e-so-estresse-acumulado-mas-na-maior-parte-das-vezes-cafe-atrasado-e-sono-fora-de-hora\/"},"author":{"name":"Maycon Geovane","@id":"https:\/\/www.tuasaude.com\/news\/#\/schema\/person\/da63bccfbda5c95cfbf2d37c4276fca0"},"headline":"A dor de cabe\u00e7a que chega no s\u00e1bado n\u00e3o \u00e9 s\u00f3 estresse acumulado, mas na maior parte das vezes caf\u00e9 atrasado e sono fora de hora","datePublished":"2026-09-03T15:22:00+00:00","mainEntityOfPage":{"@id":"https:\/\/www.tuasaude.com\/news\/2026\/09\/03\/a-dor-de-cabeca-que-chega-no-sabado-nao-e-so-estresse-acumulado-mas-na-maior-parte-das-vezes-cafe-atrasado-e-sono-fora-de-hora\/"},"wordCount":834,"commentCount":0,"image":{"@id":"https:\/\/www.tuasaude.com\/news\/2026\/09\/03\/a-dor-de-cabeca-que-chega-no-sabado-nao-e-so-estresse-acumulado-mas-na-maior-parte-das-vezes-cafe-atrasado-e-sono-fora-de-hora\/#primaryimage"},"thumbnailUrl":"https:\/\/www.tuasaude.com\/news\/wp-content\/uploads\/2026\/09\/Man_massaging_temple_at_breakfast_202609021041.jpg","keywords":["caf\u00e9 atrasado","dor de cabe\u00e7a","estresse","fora de hora","s\u00e1bado","sa\u00fade","sono"],"articleSection":["Sa\u00fade"],"inLanguage":"pt-BR","potentialAction":[{"@type":"CommentAction","name":"Comment","target":["https:\/\/www.tuasaude.com\/news\/2026\/09\/03\/a-dor-de-cabeca-que-chega-no-sabado-nao-e-so-estresse-acumulado-mas-na-maior-parte-das-vezes-cafe-atrasado-e-sono-fora-de-hora\/#respond"]}]},{"@type":"WebPage","@id":"https:\/\/www.tuasaude.com\/news\/2026\/09\/03\/a-dor-de-cabeca-que-chega-no-sabado-nao-e-so-estresse-acumulado-mas-na-maior-parte-das-vezes-cafe-atrasado-e-sono-fora-de-hora\/","url":"https:\/\/www.tuasaude.com\/news\/2026\/09\/03\/a-dor-de-cabeca-que-chega-no-sabado-nao-e-so-estresse-acumulado-mas-na-maior-parte-das-vezes-cafe-atrasado-e-sono-fora-de-hora\/","name":"A dor de cabe\u00e7a que chega no s\u00e1bado n\u00e3o \u00e9 s\u00f3 estresse acumulado, mas na maior parte das vezes caf\u00e9 atrasado e sono fora de hora - Tua Sa\u00fade","isPartOf":{"@id":"https:\/\/www.tuasaude.com\/news\/#website"},"primaryImageOfPage":{"@id":"https:\/\/www.tuasaude.com\/news\/2026\/09\/03\/a-dor-de-cabeca-que-chega-no-sabado-nao-e-so-estresse-acumulado-mas-na-maior-parte-das-vezes-cafe-atrasado-e-sono-fora-de-hora\/#primaryimage"},"image":{"@id":"https:\/\/www.tuasaude.com\/news\/2026\/09\/03\/a-dor-de-cabeca-que-chega-no-sabado-nao-e-so-estresse-acumulado-mas-na-maior-parte-das-vezes-cafe-atrasado-e-sono-fora-de-hora\/#primaryimage"},"thumbnailUrl":"https:\/\/www.tuasaude.com\/news\/wp-content\/uploads\/2026\/09\/Man_massaging_temple_at_breakfast_202609021041.jpg","datePublished":"2026-09-03T15:22:00+00:00","author":{"@id":"https:\/\/www.tuasaude.com\/news\/#\/schema\/person\/da63bccfbda5c95cfbf2d37c4276fca0"},"description":"A dor de cabe\u00e7a no s\u00e1bado pode ter rela\u00e7\u00e3o com caf\u00e9 atrasado e sono fora de hora. Entenda como essas mudan\u00e7as favorecem as crises no fim de semana.","breadcrumb":{"@id":"https:\/\/www.tuasaude.com\/news\/2026\/09\/03\/a-dor-de-cabeca-que-chega-no-sabado-nao-e-so-estresse-acumulado-mas-na-maior-parte-das-vezes-cafe-atrasado-e-sono-fora-de-hora\/#breadcrumb"},"inLanguage":"pt-BR","potentialAction":[{"@type":"ReadAction","target":["https:\/\/www.tuasaude.com\/news\/2026\/09\/03\/a-dor-de-cabeca-que-chega-no-sabado-nao-e-so-estresse-acumulado-mas-na-maior-parte-das-vezes-cafe-atrasado-e-sono-fora-de-hora\/"]}]},{"@type":"ImageObject","inLanguage":"pt-BR","@id":"https:\/\/www.tuasaude.com\/news\/2026\/09\/03\/a-dor-de-cabeca-que-chega-no-sabado-nao-e-so-estresse-acumulado-mas-na-maior-parte-das-vezes-cafe-atrasado-e-sono-fora-de-hora\/#primaryimage","url":"https:\/\/www.tuasaude.com\/news\/wp-content\/uploads\/2026\/09\/Man_massaging_temple_at_breakfast_202609021041.jpg","contentUrl":"https:\/\/www.tuasaude.com\/news\/wp-content\/uploads\/2026\/09\/Man_massaging_temple_at_breakfast_202609021041.jpg","width":1280,"height":714,"caption":"A dor de cabe\u00e7a que chega no s\u00e1bado n\u00e3o \u00e9 s\u00f3 estresse acumulado, mas na maior parte das vezes caf\u00e9 atrasado e sono fora de hora"},{"@type":"BreadcrumbList","@id":"https:\/\/www.tuasaude.com\/news\/2026\/09\/03\/a-dor-de-cabeca-que-chega-no-sabado-nao-e-so-estresse-acumulado-mas-na-maior-parte-das-vezes-cafe-atrasado-e-sono-fora-de-hora\/#breadcrumb","itemListElement":[{"@type":"ListItem","position":1,"name":"In\u00edcio","item":"https:\/\/www.tuasaude.com\/news\/"},{"@type":"ListItem","position":2,"name":"A dor de cabe\u00e7a que chega no s\u00e1bado n\u00e3o \u00e9 s\u00f3 estresse acumulado, mas na maior parte das vezes caf\u00e9 atrasado e sono fora de hora"}]},{"@type":"WebSite","@id":"https:\/\/www.tuasaude.com\/news\/#website","url":"https:\/\/www.tuasaude.com\/news\/","name":"Tua Sa\u00fade","description":"Seu site de sa\u00fade","potentialAction":[{"@type":"SearchAction","target":{"@type":"EntryPoint","urlTemplate":"https:\/\/www.tuasaude.com\/news\/?s={search_term_string}"},"query-input":{"@type":"PropertyValueSpecification","valueRequired":true,"valueName":"search_term_string"}}],"inLanguage":"pt-BR"},{"@type":"Person","@id":"https:\/\/www.tuasaude.com\/news\/#\/schema\/person\/da63bccfbda5c95cfbf2d37c4276fca0","name":"Maycon Geovane","image":{"@type":"ImageObject","inLanguage":"pt-BR","@id":"https:\/\/www.tuasaude.com\/news\/#\/schema\/person\/image\/","url":"https:\/\/secure.gravatar.com\/avatar\/4f4908cf0a2f249a9f1137f9d5769cacc373d9aee67910cc212a09a346873b7d?s=96&d=mm&r=g","contentUrl":"https:\/\/secure.gravatar.com\/avatar\/4f4908cf0a2f249a9f1137f9d5769cacc373d9aee67910cc212a09a346873b7d?s=96&d=mm&r=g","caption":"Maycon Geovane"},"sameAs":["https:\/\/www.tuasaude.com\/news\/"],"url":"https:\/\/www.tuasaude.com\/news\/author\/maycongeovane\/"}]}},"_links":{"self":[{"href":"https:\/\/www.tuasaude.com\/news\/wp-json\/wp\/v2\/posts\/106883","targetHints":{"allow":["GET"]}}],"collection":[{"href":"https:\/\/www.tuasaude.com\/news\/wp-json\/wp\/v2\/posts"}],"about":[{"href":"https:\/\/www.tuasaude.com\/news\/wp-json\/wp\/v2\/types\/post"}],"author":[{"embeddable":true,"href":"https:\/\/www.tuasaude.com\/news\/wp-json\/wp\/v2\/users\/16"}],"replies":[{"embeddable":true,"href":"https:\/\/www.tuasaude.com\/news\/wp-json\/wp\/v2\/comments?post=106883"}],"version-history":[{"count":1,"href":"https:\/\/www.tuasaude.com\/news\/wp-json\/wp\/v2\/posts\/106883\/revisions"}],"predecessor-version":[{"id":106887,"href":"https:\/\/www.tuasaude.com\/news\/wp-json\/wp\/v2\/posts\/106883\/revisions\/106887"}],"wp:featuredmedia":[{"embeddable":true,"href":"https:\/\/www.tuasaude.com\/news\/wp-json\/wp\/v2\/media\/106884"}],"wp:attachment":[{"href":"https:\/\/www.tuasaude.com\/news\/wp-json\/wp\/v2\/media?parent=106883"}],"wp:term":[{"taxonomy":"category","embeddable":true,"href":"https:\/\/www.tuasaude.com\/news\/wp-json\/wp\/v2\/categories?post=106883"},{"taxonomy":"post_tag","embeddable":true,"href":"https:\/\/www.tuasaude.com\/news\/wp-json\/wp\/v2\/tags?post=106883"}],"curies":[{"name":"wp","href":"https:\/\/api.w.org\/{rel}","templated":true}]}}