{"id":106858,"date":"2026-09-03T07:10:00","date_gmt":"2026-09-03T10:10:00","guid":{"rendered":"https:\/\/www.tuasaude.com\/news\/?p=106858"},"modified":"2026-09-02T10:18:39","modified_gmt":"2026-09-02T13:18:39","slug":"o-sono-pesado-depois-do-almoco-nao-vem-so-do-carboidrato-mas-na-maioria-das-vezes-do-tamanho-da-refeicao-e-do-relogio-biologico","status":"publish","type":"post","link":"https:\/\/www.tuasaude.com\/news\/2026\/09\/03\/o-sono-pesado-depois-do-almoco-nao-vem-so-do-carboidrato-mas-na-maioria-das-vezes-do-tamanho-da-refeicao-e-do-relogio-biologico\/","title":{"rendered":"O sono pesado depois do almo\u00e7o n\u00e3o vem s\u00f3 do carboidrato, mas na maioria das vezes do tamanho da refei\u00e7\u00e3o e do rel\u00f3gio biol\u00f3gico"},"content":{"rendered":"\n<p class=\"wp-block-paragraph\">Aquela sonol\u00eancia que aparece logo depois do almo\u00e7o n\u00e3o vem apenas do prato de arroz e macarr\u00e3o. Na maior parte das vezes, ela \u00e9 resultado da combina\u00e7\u00e3o entre o volume da refei\u00e7\u00e3o e uma queda natural de alerta que o corpo experimenta no in\u00edcio da tarde, comandada pelo rel\u00f3gio biol\u00f3gico. Entender esse mecanismo ajuda a diferenciar um cansa\u00e7o comum de sinais que merecem aten\u00e7\u00e3o e a organizar melhor a rotina alimentar para manter a disposi\u00e7\u00e3o.<\/p>\n\n\n\n<h2 class=\"wp-block-heading\">Por que d\u00e1 tanto sono depois do almo\u00e7o?<\/h2>\n\n\n\n<p class=\"wp-block-paragraph\">O corpo humano funciona em ciclos de aproximadamente 24 horas, e existe uma queda natural de alerta entre as 13h e as 16h, independentemente da alimenta\u00e7\u00e3o. Esse fen\u00f4meno \u00e9 chamado de dip p\u00f3s-almo\u00e7o e ocorre mesmo em pessoas que pulam a refei\u00e7\u00e3o.<\/p>\n\n\n\n<p class=\"wp-block-paragraph\">Quando esse momento coincide com uma refei\u00e7\u00e3o, o efeito se intensifica. O organismo direciona parte do fluxo sangu\u00edneo para a digest\u00e3o e ativa o sistema nervoso parassimp\u00e1tico, o que refor\u00e7a a sensa\u00e7\u00e3o de relaxamento e vontade de descansar.<\/p>\n\n\n\n<h2 class=\"wp-block-heading\">O tamanho do prato pesa mais que o tipo de comida?<\/h2>\n\n\n\n<p class=\"wp-block-paragraph\">Refei\u00e7\u00f5es volumosas exigem mais trabalho digestivo e liberam maior quantidade de horm\u00f4nios ligados \u00e0 saciedade, como a colecistocinina, que tamb\u00e9m atuam em regi\u00f5es cerebrais associadas ao sono. Por isso, comer em excesso costuma ter impacto mais evidente na sonol\u00eancia do que o tipo espec\u00edfico de alimento consumido.<\/p>\n\n\n\n<p class=\"wp-block-paragraph\">Ainda assim, pratos ricos em <a href=\"https:\/\/www.tuasaude.com\/alimentos-ricos-em-acucar\/\" target=\"_blank\" rel=\"noreferrer noopener\">carboidratos simples<\/a> e gorduras podem acentuar o efeito porque geram digest\u00e3o mais lenta e picos de glicose seguidos de quedas r\u00e1pidas, que refor\u00e7am a sensa\u00e7\u00e3o de fadiga.<\/p>\n\n\n<div class=\"wp-block-image\">\n<figure class=\"aligncenter size-large\"><img decoding=\"async\" width=\"1024\" height=\"571\" src=\"https:\/\/www.tuasaude.com\/news\/wp-content\/uploads\/2026\/09\/Sonolencia_apos_o_almoco_202609021017-1024x571.jpg\" alt=\"Quatro fatores ajudam a entender por que o almo\u00e7o pode intensificar o sono da tarde.\" class=\"wp-image-106860\" srcset=\"https:\/\/www.tuasaude.com\/news\/wp-content\/uploads\/2026\/09\/Sonolencia_apos_o_almoco_202609021017-1024x571.jpg 1024w, https:\/\/www.tuasaude.com\/news\/wp-content\/uploads\/2026\/09\/Sonolencia_apos_o_almoco_202609021017-300x167.jpg 300w, https:\/\/www.tuasaude.com\/news\/wp-content\/uploads\/2026\/09\/Sonolencia_apos_o_almoco_202609021017-768x428.jpg 768w, https:\/\/www.tuasaude.com\/news\/wp-content\/uploads\/2026\/09\/Sonolencia_apos_o_almoco_202609021017-750x418.jpg 750w, https:\/\/www.tuasaude.com\/news\/wp-content\/uploads\/2026\/09\/Sonolencia_apos_o_almoco_202609021017-1140x636.jpg 1140w, https:\/\/www.tuasaude.com\/news\/wp-content\/uploads\/2026\/09\/Sonolencia_apos_o_almoco_202609021017.jpg 1280w\" sizes=\"(max-width: 1024px) 100vw, 1024px\" \/><figcaption class=\"wp-element-caption\">Quatro fatores ajudam a entender por que o almo\u00e7o pode intensificar o sono da tarde.<\/figcaption><\/figure>\n<\/div>\n\n\n<h2 class=\"wp-block-heading\">Como um estudo cient\u00edfico explica o efeito do almo\u00e7o pesado?<\/h2>\n\n\n\n<p class=\"wp-block-paragraph\">A pesquisa nessa \u00e1rea ajuda a separar mito e realidade sobre a sonol\u00eancia da tarde. Segundo o estudo <a href=\"https:\/\/pubmed.ncbi.nlm.nih.gov\/22155490\/\" target=\"_blank\" rel=\"noreferrer noopener\">Post-lunch sleepiness during prolonged, monotonous driving effects of meal size<\/a>, publicado na revista Physiology &amp; Behavior, o dip da tarde \u00e9 um fen\u00f4meno bi-circadiano em grande parte independente do almo\u00e7o, mas \u00e9 claramente agravado quando a refei\u00e7\u00e3o \u00e9 volumosa e quando a noite anterior teve sono insuficiente.<\/p>\n\n\n\n<p class=\"wp-block-paragraph\">Ou seja, a comida em si n\u00e3o cria a sonol\u00eancia, mas soma-se a uma tend\u00eancia biol\u00f3gica j\u00e1 existente. Isso explica por que uma refei\u00e7\u00e3o leve costuma reduzir o impacto, sem elimin\u00e1-lo completamente.<\/p>\n\n\n\n<h2 class=\"wp-block-heading\">Quais h\u00e1bitos ajudam a reduzir a sonol\u00eancia da tarde?<\/h2>\n\n\n\n<p class=\"wp-block-paragraph\">Pequenos ajustes na rotina podem diminuir bastante o desconforto e melhorar o rendimento no per\u00edodo da tarde. Confira as principais recomenda\u00e7\u00f5es:<\/p>\n\n\n\n<ul class=\"wp-block-list\">\n<li>Preferir refei\u00e7\u00f5es de por\u00e7\u00e3o moderada, evitando repetir o prato;<\/li>\n\n\n\n<li>Incluir fontes de prote\u00edna magra e vegetais no almo\u00e7o, como parte de uma <a href=\"https:\/\/www.tuasaude.com\/alimentacao-e-saude\/\" target=\"_blank\" rel=\"noreferrer noopener\">alimenta\u00e7\u00e3o saud\u00e1vel<\/a>;<\/li>\n\n\n\n<li>Reduzir frituras, doces e bebidas a\u00e7ucaradas no meio do dia;<\/li>\n\n\n\n<li>Fazer uma caminhada curta de 10 a 15 minutos ap\u00f3s comer;<\/li>\n\n\n\n<li>Manter boa hidrata\u00e7\u00e3o ao longo da manh\u00e3 e da tarde;<\/li>\n\n\n\n<li>Garantir de 7 a 9 horas de sono na noite anterior;<\/li>\n\n\n\n<li>Expor-se \u00e0 luz natural logo ap\u00f3s a refei\u00e7\u00e3o para estimular o estado de alerta.<\/li>\n<\/ul>\n\n\n<div class=\"wp-block-image\">\n<figure class=\"aligncenter size-large\"><img decoding=\"async\" width=\"1024\" height=\"571\" src=\"https:\/\/www.tuasaude.com\/news\/wp-content\/uploads\/2026\/09\/Woman_holding_water_on_balcony_202609021017-1024x571.jpg\" alt=\"O sono da tarde pode refletir rel\u00f3gio biol\u00f3gico, refei\u00e7\u00e3o volumosa e descanso insuficiente.\" class=\"wp-image-106861\" srcset=\"https:\/\/www.tuasaude.com\/news\/wp-content\/uploads\/2026\/09\/Woman_holding_water_on_balcony_202609021017-1024x571.jpg 1024w, https:\/\/www.tuasaude.com\/news\/wp-content\/uploads\/2026\/09\/Woman_holding_water_on_balcony_202609021017-300x167.jpg 300w, https:\/\/www.tuasaude.com\/news\/wp-content\/uploads\/2026\/09\/Woman_holding_water_on_balcony_202609021017-768x428.jpg 768w, https:\/\/www.tuasaude.com\/news\/wp-content\/uploads\/2026\/09\/Woman_holding_water_on_balcony_202609021017-750x418.jpg 750w, https:\/\/www.tuasaude.com\/news\/wp-content\/uploads\/2026\/09\/Woman_holding_water_on_balcony_202609021017-1140x636.jpg 1140w, https:\/\/www.tuasaude.com\/news\/wp-content\/uploads\/2026\/09\/Woman_holding_water_on_balcony_202609021017.jpg 1280w\" sizes=\"(max-width: 1024px) 100vw, 1024px\" \/><figcaption class=\"wp-element-caption\">O sono da tarde pode refletir rel\u00f3gio biol\u00f3gico, refei\u00e7\u00e3o volumosa e descanso insuficiente.<\/figcaption><\/figure>\n<\/div>\n\n\n<h2 class=\"wp-block-heading\">Quando a sonol\u00eancia p\u00f3s-refei\u00e7\u00e3o merece aten\u00e7\u00e3o m\u00e9dica?<\/h2>\n\n\n\n<p class=\"wp-block-paragraph\">Em alguns casos, o cansa\u00e7o depois de comer vai al\u00e9m do esperado e pode indicar altera\u00e7\u00f5es que precisam ser investigadas. Fique atento aos seguintes sinais:<\/p>\n\n\n\n<ol class=\"wp-block-list\">\n<li>Sonol\u00eancia intensa mesmo ap\u00f3s refei\u00e7\u00f5es leves;<\/li>\n\n\n\n<li>Epis\u00f3dios frequentes de tontura ou vis\u00e3o emba\u00e7ada ap\u00f3s comer;<\/li>\n\n\n\n<li>Sede excessiva, vontade constante de urinar e perda de peso sem explica\u00e7\u00e3o;<\/li>\n\n\n\n<li>Ronco alto, pausas na respira\u00e7\u00e3o durante o sono ou cansa\u00e7o matinal;<\/li>\n\n\n\n<li>Dificuldade de concentra\u00e7\u00e3o di\u00e1ria que compromete o trabalho ou os estudos;<\/li>\n\n\n\n<li>Sintomas digestivos persistentes, como incha\u00e7o, azia ou dor abdominal.<\/li>\n<\/ol>\n\n\n\n<p class=\"wp-block-paragraph\">Esses sinais podem estar relacionados a condi\u00e7\u00f5es como resist\u00eancia \u00e0 insulina, <a href=\"https:\/\/www.tuasaude.com\/solucao-natural-para-apneia\/\" target=\"_blank\" rel=\"noreferrer noopener\">apneia do sono<\/a>, altera\u00e7\u00f5es da tireoide ou problemas gastrointestinais, todos com diagn\u00f3stico e tratamento espec\u00edficos.<\/p>\n\n\n\n<p class=\"wp-block-paragraph\"><em>Este conte\u00fado tem car\u00e1ter apenas informativo e n\u00e3o substitui a avalia\u00e7\u00e3o de um profissional de sa\u00fade. Consulte sempre um m\u00e9dico de confian\u00e7a para diagn\u00f3stico e orienta\u00e7\u00f5es personalizadas.<\/em><\/p>\n\n\n\n<p class=\"wp-block-paragraph\"><\/p>\n","protected":false},"excerpt":{"rendered":"<p>Aquela sonol\u00eancia que aparece logo depois do almo\u00e7o n\u00e3o vem apenas do prato de arroz e macarr\u00e3o. Na maior parte das vezes, ela \u00e9 resultado da combina\u00e7\u00e3o entre o volume da refei\u00e7\u00e3o e uma queda natural de alerta que o corpo experimenta no in\u00edcio da tarde, comandada pelo rel\u00f3gio biol\u00f3gico. Entender esse mecanismo ajuda a [&hellip;]<\/p>\n","protected":false},"author":16,"featured_media":106859,"comment_status":"open","ping_status":"open","sticky":false,"template":"","format":"standard","meta":{"_yoast_wpseo_focuskw":"sono depois do almo\u00e7o","_yoast_wpseo_title":"","_yoast_wpseo_metadesc":"O sono depois do almo\u00e7o combina uma queda natural de alerta com o tamanho da refei\u00e7\u00e3o. Entenda o efeito do prato cheio e os h\u00e1bitos que ajudam.","jnews-multi-image_gallery":[],"jnews_single_post":{"format":"standard"},"jnews_primary_category":[],"jnews_social_meta":[],"jnews_override_counter":[],"footnotes":""},"categories":[111],"tags":[6010,12167,1283,136,12228,12952],"class_list":["post-106858","post","type-post","status-publish","format-standard","has-post-thumbnail","hentry","category-saude","tag-carboidrato","tag-depois-do-almoco","tag-relogio-biologico","tag-saude","tag-sono-pesado","tag-tamanho-da-refeicao"],"yoast_head":"<!-- This site is optimized with the Yoast SEO plugin v26.7 - https:\/\/yoast.com\/wordpress\/plugins\/seo\/ -->\n<title>O sono pesado depois do almo\u00e7o n\u00e3o vem s\u00f3 do carboidrato, mas na maioria das vezes do tamanho da refei\u00e7\u00e3o e do rel\u00f3gio biol\u00f3gico - Tua Sa\u00fade<\/title>\n<meta name=\"description\" content=\"O sono depois do almo\u00e7o combina uma queda natural de alerta com o tamanho da refei\u00e7\u00e3o. Entenda o efeito do prato cheio e os h\u00e1bitos que ajudam.\" \/>\n<meta name=\"robots\" content=\"index, follow, max-snippet:-1, max-image-preview:large, max-video-preview:-1\" \/>\n<link rel=\"canonical\" href=\"https:\/\/www.tuasaude.com\/news\/2026\/09\/03\/o-sono-pesado-depois-do-almoco-nao-vem-so-do-carboidrato-mas-na-maioria-das-vezes-do-tamanho-da-refeicao-e-do-relogio-biologico\/\" \/>\n<meta property=\"og:locale\" content=\"pt_BR\" \/>\n<meta property=\"og:type\" content=\"article\" \/>\n<meta property=\"og:title\" content=\"O sono pesado depois do almo\u00e7o n\u00e3o vem s\u00f3 do carboidrato, mas na maioria das vezes do tamanho da refei\u00e7\u00e3o e do rel\u00f3gio biol\u00f3gico - Tua Sa\u00fade\" \/>\n<meta property=\"og:description\" content=\"O sono depois do almo\u00e7o combina uma queda natural de alerta com o tamanho da refei\u00e7\u00e3o. Entenda o efeito do prato cheio e os h\u00e1bitos que ajudam.\" \/>\n<meta property=\"og:url\" content=\"https:\/\/www.tuasaude.com\/news\/2026\/09\/03\/o-sono-pesado-depois-do-almoco-nao-vem-so-do-carboidrato-mas-na-maioria-das-vezes-do-tamanho-da-refeicao-e-do-relogio-biologico\/\" \/>\n<meta property=\"og:site_name\" content=\"Tua Sa\u00fade\" \/>\n<meta property=\"article:published_time\" content=\"2026-09-03T10:10:00+00:00\" \/>\n<meta property=\"og:image\" content=\"https:\/\/www.tuasaude.com\/news\/wp-content\/uploads\/2026\/09\/Man_resting_at_office_table_202609021017.jpg\" \/>\n\t<meta property=\"og:image:width\" content=\"1280\" \/>\n\t<meta property=\"og:image:height\" content=\"714\" \/>\n\t<meta property=\"og:image:type\" content=\"image\/jpeg\" \/>\n<meta name=\"author\" content=\"Maycon Geovane\" \/>\n<meta name=\"twitter:card\" content=\"summary_large_image\" \/>\n<meta name=\"twitter:label1\" content=\"Escrito por\" \/>\n\t<meta name=\"twitter:data1\" content=\"Maycon Geovane\" \/>\n\t<meta name=\"twitter:label2\" content=\"Est. tempo de leitura\" \/>\n\t<meta name=\"twitter:data2\" content=\"5 minutos\" \/>\n<!-- \/ Yoast SEO plugin. -->","yoast_head_json":{"title":"O sono pesado depois do almo\u00e7o n\u00e3o vem s\u00f3 do carboidrato, mas na maioria das vezes do tamanho da refei\u00e7\u00e3o e do rel\u00f3gio biol\u00f3gico - Tua Sa\u00fade","description":"O sono depois do almo\u00e7o combina uma queda natural de alerta com o tamanho da refei\u00e7\u00e3o. Entenda o efeito do prato cheio e os h\u00e1bitos que ajudam.","robots":{"index":"index","follow":"follow","max-snippet":"max-snippet:-1","max-image-preview":"max-image-preview:large","max-video-preview":"max-video-preview:-1"},"canonical":"https:\/\/www.tuasaude.com\/news\/2026\/09\/03\/o-sono-pesado-depois-do-almoco-nao-vem-so-do-carboidrato-mas-na-maioria-das-vezes-do-tamanho-da-refeicao-e-do-relogio-biologico\/","og_locale":"pt_BR","og_type":"article","og_title":"O sono pesado depois do almo\u00e7o n\u00e3o vem s\u00f3 do carboidrato, mas na maioria das vezes do tamanho da refei\u00e7\u00e3o e do rel\u00f3gio biol\u00f3gico - Tua Sa\u00fade","og_description":"O sono depois do almo\u00e7o combina uma queda natural de alerta com o tamanho da refei\u00e7\u00e3o. Entenda o efeito do prato cheio e os h\u00e1bitos que ajudam.","og_url":"https:\/\/www.tuasaude.com\/news\/2026\/09\/03\/o-sono-pesado-depois-do-almoco-nao-vem-so-do-carboidrato-mas-na-maioria-das-vezes-do-tamanho-da-refeicao-e-do-relogio-biologico\/","og_site_name":"Tua Sa\u00fade","article_published_time":"2026-09-03T10:10:00+00:00","og_image":[{"width":1280,"height":714,"url":"https:\/\/www.tuasaude.com\/news\/wp-content\/uploads\/2026\/09\/Man_resting_at_office_table_202609021017.jpg","type":"image\/jpeg"}],"author":"Maycon Geovane","twitter_card":"summary_large_image","twitter_misc":{"Escrito por":"Maycon Geovane","Est. tempo de leitura":"5 minutos"},"schema":{"@context":"https:\/\/schema.org","@graph":[{"@type":"Article","@id":"https:\/\/www.tuasaude.com\/news\/2026\/09\/03\/o-sono-pesado-depois-do-almoco-nao-vem-so-do-carboidrato-mas-na-maioria-das-vezes-do-tamanho-da-refeicao-e-do-relogio-biologico\/#article","isPartOf":{"@id":"https:\/\/www.tuasaude.com\/news\/2026\/09\/03\/o-sono-pesado-depois-do-almoco-nao-vem-so-do-carboidrato-mas-na-maioria-das-vezes-do-tamanho-da-refeicao-e-do-relogio-biologico\/"},"author":{"name":"Maycon Geovane","@id":"https:\/\/www.tuasaude.com\/news\/#\/schema\/person\/da63bccfbda5c95cfbf2d37c4276fca0"},"headline":"O sono pesado depois do almo\u00e7o n\u00e3o vem s\u00f3 do carboidrato, mas na maioria das vezes do tamanho da refei\u00e7\u00e3o e do rel\u00f3gio biol\u00f3gico","datePublished":"2026-09-03T10:10:00+00:00","mainEntityOfPage":{"@id":"https:\/\/www.tuasaude.com\/news\/2026\/09\/03\/o-sono-pesado-depois-do-almoco-nao-vem-so-do-carboidrato-mas-na-maioria-das-vezes-do-tamanho-da-refeicao-e-do-relogio-biologico\/"},"wordCount":757,"commentCount":0,"image":{"@id":"https:\/\/www.tuasaude.com\/news\/2026\/09\/03\/o-sono-pesado-depois-do-almoco-nao-vem-so-do-carboidrato-mas-na-maioria-das-vezes-do-tamanho-da-refeicao-e-do-relogio-biologico\/#primaryimage"},"thumbnailUrl":"https:\/\/www.tuasaude.com\/news\/wp-content\/uploads\/2026\/09\/Man_resting_at_office_table_202609021017.jpg","keywords":["carboidrato","depois do almo\u00e7o","rel\u00f3gio biol\u00f3gico","sa\u00fade","sono pesado","tamanho da refei\u00e7\u00e3o"],"articleSection":["Sa\u00fade"],"inLanguage":"pt-BR","potentialAction":[{"@type":"CommentAction","name":"Comment","target":["https:\/\/www.tuasaude.com\/news\/2026\/09\/03\/o-sono-pesado-depois-do-almoco-nao-vem-so-do-carboidrato-mas-na-maioria-das-vezes-do-tamanho-da-refeicao-e-do-relogio-biologico\/#respond"]}]},{"@type":"WebPage","@id":"https:\/\/www.tuasaude.com\/news\/2026\/09\/03\/o-sono-pesado-depois-do-almoco-nao-vem-so-do-carboidrato-mas-na-maioria-das-vezes-do-tamanho-da-refeicao-e-do-relogio-biologico\/","url":"https:\/\/www.tuasaude.com\/news\/2026\/09\/03\/o-sono-pesado-depois-do-almoco-nao-vem-so-do-carboidrato-mas-na-maioria-das-vezes-do-tamanho-da-refeicao-e-do-relogio-biologico\/","name":"O sono pesado depois do almo\u00e7o n\u00e3o vem s\u00f3 do carboidrato, mas na maioria das vezes do tamanho da refei\u00e7\u00e3o e do rel\u00f3gio biol\u00f3gico - Tua Sa\u00fade","isPartOf":{"@id":"https:\/\/www.tuasaude.com\/news\/#website"},"primaryImageOfPage":{"@id":"https:\/\/www.tuasaude.com\/news\/2026\/09\/03\/o-sono-pesado-depois-do-almoco-nao-vem-so-do-carboidrato-mas-na-maioria-das-vezes-do-tamanho-da-refeicao-e-do-relogio-biologico\/#primaryimage"},"image":{"@id":"https:\/\/www.tuasaude.com\/news\/2026\/09\/03\/o-sono-pesado-depois-do-almoco-nao-vem-so-do-carboidrato-mas-na-maioria-das-vezes-do-tamanho-da-refeicao-e-do-relogio-biologico\/#primaryimage"},"thumbnailUrl":"https:\/\/www.tuasaude.com\/news\/wp-content\/uploads\/2026\/09\/Man_resting_at_office_table_202609021017.jpg","datePublished":"2026-09-03T10:10:00+00:00","author":{"@id":"https:\/\/www.tuasaude.com\/news\/#\/schema\/person\/da63bccfbda5c95cfbf2d37c4276fca0"},"description":"O sono depois do almo\u00e7o combina uma queda natural de alerta com o tamanho da refei\u00e7\u00e3o. Entenda o efeito do prato cheio e os h\u00e1bitos que ajudam.","breadcrumb":{"@id":"https:\/\/www.tuasaude.com\/news\/2026\/09\/03\/o-sono-pesado-depois-do-almoco-nao-vem-so-do-carboidrato-mas-na-maioria-das-vezes-do-tamanho-da-refeicao-e-do-relogio-biologico\/#breadcrumb"},"inLanguage":"pt-BR","potentialAction":[{"@type":"ReadAction","target":["https:\/\/www.tuasaude.com\/news\/2026\/09\/03\/o-sono-pesado-depois-do-almoco-nao-vem-so-do-carboidrato-mas-na-maioria-das-vezes-do-tamanho-da-refeicao-e-do-relogio-biologico\/"]}]},{"@type":"ImageObject","inLanguage":"pt-BR","@id":"https:\/\/www.tuasaude.com\/news\/2026\/09\/03\/o-sono-pesado-depois-do-almoco-nao-vem-so-do-carboidrato-mas-na-maioria-das-vezes-do-tamanho-da-refeicao-e-do-relogio-biologico\/#primaryimage","url":"https:\/\/www.tuasaude.com\/news\/wp-content\/uploads\/2026\/09\/Man_resting_at_office_table_202609021017.jpg","contentUrl":"https:\/\/www.tuasaude.com\/news\/wp-content\/uploads\/2026\/09\/Man_resting_at_office_table_202609021017.jpg","width":1280,"height":714,"caption":"O sono pesado depois do almo\u00e7o n\u00e3o vem s\u00f3 do carboidrato, mas na maioria das vezes do tamanho da refei\u00e7\u00e3o e do rel\u00f3gio biol\u00f3gico"},{"@type":"BreadcrumbList","@id":"https:\/\/www.tuasaude.com\/news\/2026\/09\/03\/o-sono-pesado-depois-do-almoco-nao-vem-so-do-carboidrato-mas-na-maioria-das-vezes-do-tamanho-da-refeicao-e-do-relogio-biologico\/#breadcrumb","itemListElement":[{"@type":"ListItem","position":1,"name":"In\u00edcio","item":"https:\/\/www.tuasaude.com\/news\/"},{"@type":"ListItem","position":2,"name":"O sono pesado depois do almo\u00e7o n\u00e3o vem s\u00f3 do carboidrato, mas na maioria das vezes do tamanho da refei\u00e7\u00e3o e do rel\u00f3gio biol\u00f3gico"}]},{"@type":"WebSite","@id":"https:\/\/www.tuasaude.com\/news\/#website","url":"https:\/\/www.tuasaude.com\/news\/","name":"Tua Sa\u00fade","description":"Seu site de sa\u00fade","potentialAction":[{"@type":"SearchAction","target":{"@type":"EntryPoint","urlTemplate":"https:\/\/www.tuasaude.com\/news\/?s={search_term_string}"},"query-input":{"@type":"PropertyValueSpecification","valueRequired":true,"valueName":"search_term_string"}}],"inLanguage":"pt-BR"},{"@type":"Person","@id":"https:\/\/www.tuasaude.com\/news\/#\/schema\/person\/da63bccfbda5c95cfbf2d37c4276fca0","name":"Maycon Geovane","image":{"@type":"ImageObject","inLanguage":"pt-BR","@id":"https:\/\/www.tuasaude.com\/news\/#\/schema\/person\/image\/","url":"https:\/\/secure.gravatar.com\/avatar\/4f4908cf0a2f249a9f1137f9d5769cacc373d9aee67910cc212a09a346873b7d?s=96&d=mm&r=g","contentUrl":"https:\/\/secure.gravatar.com\/avatar\/4f4908cf0a2f249a9f1137f9d5769cacc373d9aee67910cc212a09a346873b7d?s=96&d=mm&r=g","caption":"Maycon Geovane"},"sameAs":["https:\/\/www.tuasaude.com\/news\/"],"url":"https:\/\/www.tuasaude.com\/news\/author\/maycongeovane\/"}]}},"_links":{"self":[{"href":"https:\/\/www.tuasaude.com\/news\/wp-json\/wp\/v2\/posts\/106858","targetHints":{"allow":["GET"]}}],"collection":[{"href":"https:\/\/www.tuasaude.com\/news\/wp-json\/wp\/v2\/posts"}],"about":[{"href":"https:\/\/www.tuasaude.com\/news\/wp-json\/wp\/v2\/types\/post"}],"author":[{"embeddable":true,"href":"https:\/\/www.tuasaude.com\/news\/wp-json\/wp\/v2\/users\/16"}],"replies":[{"embeddable":true,"href":"https:\/\/www.tuasaude.com\/news\/wp-json\/wp\/v2\/comments?post=106858"}],"version-history":[{"count":1,"href":"https:\/\/www.tuasaude.com\/news\/wp-json\/wp\/v2\/posts\/106858\/revisions"}],"predecessor-version":[{"id":106862,"href":"https:\/\/www.tuasaude.com\/news\/wp-json\/wp\/v2\/posts\/106858\/revisions\/106862"}],"wp:featuredmedia":[{"embeddable":true,"href":"https:\/\/www.tuasaude.com\/news\/wp-json\/wp\/v2\/media\/106859"}],"wp:attachment":[{"href":"https:\/\/www.tuasaude.com\/news\/wp-json\/wp\/v2\/media?parent=106858"}],"wp:term":[{"taxonomy":"category","embeddable":true,"href":"https:\/\/www.tuasaude.com\/news\/wp-json\/wp\/v2\/categories?post=106858"},{"taxonomy":"post_tag","embeddable":true,"href":"https:\/\/www.tuasaude.com\/news\/wp-json\/wp\/v2\/tags?post=106858"}],"curies":[{"name":"wp","href":"https:\/\/api.w.org\/{rel}","templated":true}]}}