{"id":106837,"date":"2026-09-02T23:50:00","date_gmt":"2026-09-03T02:50:00","guid":{"rendered":"https:\/\/www.tuasaude.com\/news\/?p=106837"},"modified":"2026-09-02T09:42:42","modified_gmt":"2026-09-02T12:42:42","slug":"andar-mais-devagar-e-demorar-para-reagir-podem-ser-sinais-precoces-de-declinio-cognitivo-anos-antes-do-esquecimento","status":"publish","type":"post","link":"https:\/\/www.tuasaude.com\/news\/2026\/09\/02\/andar-mais-devagar-e-demorar-para-reagir-podem-ser-sinais-precoces-de-declinio-cognitivo-anos-antes-do-esquecimento\/","title":{"rendered":"Andar mais devagar e demorar para reagir podem ser sinais precoces de decl\u00ednio cognitivo anos antes do esquecimento"},"content":{"rendered":"\n<p class=\"wp-block-paragraph\"><strong>Decl\u00ednio cognitivo<\/strong> nem sempre come\u00e7a com falhas claras de mem\u00f3ria. Em muitas pessoas, os primeiros sinais aparecem no corpo, com <strong>velocidade da marcha<\/strong> menor, tempo de rea\u00e7\u00e3o mais lento e mudan\u00e7as discretas no equil\u00edbrio. Esses achados t\u00eam chamado aten\u00e7\u00e3o porque podem surgir durante o envelhecimento antes de um esquecimento mais evidente no dia a dia.<\/p>\n\n\n\n<h2 class=\"wp-block-heading\">Por que a marcha pode mudar antes da mem\u00f3ria?<\/h2>\n\n\n\n<p class=\"wp-block-paragraph\"><strong>Velocidade da marcha<\/strong> depende de circuitos cerebrais que organizam aten\u00e7\u00e3o, planejamento, coordena\u00e7\u00e3o e resposta motora. Quando essas fun\u00e7\u00f5es come\u00e7am a perder efici\u00eancia, o passo pode ficar mais curto, o ritmo mais lento e a resposta a est\u00edmulos simples pode demorar mais.<\/p>\n\n\n\n<p class=\"wp-block-paragraph\"><strong>Mem\u00f3ria<\/strong> e movimento n\u00e3o funcionam de forma separada. Caminhar em linha reta, ajustar a passada e reagir a obst\u00e1culos exige processamento mental constante. Por isso, altera\u00e7\u00f5es de marcha no <strong>envelhecimento<\/strong> podem servir como pista cl\u00ednica quando aparecem junto de lapsos subjetivos, lentid\u00e3o para decidir ou menor agilidade em tarefas habituais.<\/p>\n\n\n\n<h2 class=\"wp-block-heading\">O que a pesquisa recente mostra sobre marcha lenta e risco cognitivo?<\/h2>\n\n\n\n<p class=\"wp-block-paragraph\">Pesquisa publicada em <strong>2026<\/strong> reuniu estudos sobre pessoas com queixa cognitiva subjetiva e marcha lenta. Os autores observaram que essa combina\u00e7\u00e3o aumenta de forma relevante a chance de progress\u00e3o para comprometimento cognitivo objetivo, comprometimento cognitivo leve ou dem\u00eancia. Em vez de olhar apenas para o esquecimento isolado, o conjunto de sinais parece ser mais \u00fatil.<\/p>\n\n\n\n<p class=\"wp-block-paragraph\">O ponto central do trabalho foi a <a href=\"https:\/\/pubmed.ncbi.nlm.nih.gov\/42008228\/\" target=\"_blank\" rel=\"noopener noreferrer\">maior probabilidade de progress\u00e3o quando marcha lenta se soma \u00e0 queixa cognitiva<\/a>. Isso ajuda a explicar por que andar mais devagar e demorar para reagir merecem aten\u00e7\u00e3o, mesmo quando a pessoa ainda mant\u00e9m autonomia e n\u00e3o apresenta perda importante de mem\u00f3ria nas conversas ou compromissos.<\/p>\n\n\n<div class=\"wp-block-image wp-block-image aligncenter size-large\">\n<figure ><img decoding=\"async\" width=\"1279\" height=\"720\" src=\"https:\/\/cdnnewsimg.tuasaude.com\/wp-content\/uploads\/2026\/09\/andar-mais-devagar-e-demorar-para-reagir-podem-ser-sina-corpo.jpg\" alt=\"Infogr\u00e1fico resume marcha, rea\u00e7\u00e3o, equil\u00edbrio e aten\u00e7\u00e3o como sinais precoces relevantes.\" class=\"wp-image-106836\" srcset=\"https:\/\/www.tuasaude.com\/news\/wp-content\/uploads\/2026\/09\/andar-mais-devagar-e-demorar-para-reagir-podem-ser-sina-corpo.jpg 1279w, https:\/\/www.tuasaude.com\/news\/wp-content\/uploads\/2026\/09\/andar-mais-devagar-e-demorar-para-reagir-podem-ser-sina-corpo-300x169.jpg 300w, https:\/\/www.tuasaude.com\/news\/wp-content\/uploads\/2026\/09\/andar-mais-devagar-e-demorar-para-reagir-podem-ser-sina-corpo-1024x576.jpg 1024w, https:\/\/www.tuasaude.com\/news\/wp-content\/uploads\/2026\/09\/andar-mais-devagar-e-demorar-para-reagir-podem-ser-sina-corpo-768x432.jpg 768w, https:\/\/www.tuasaude.com\/news\/wp-content\/uploads\/2026\/09\/andar-mais-devagar-e-demorar-para-reagir-podem-ser-sina-corpo-750x422.jpg 750w, https:\/\/www.tuasaude.com\/news\/wp-content\/uploads\/2026\/09\/andar-mais-devagar-e-demorar-para-reagir-podem-ser-sina-corpo-1140x642.jpg 1140w\" sizes=\"(max-width: 1279px) 100vw, 1279px\" \/><figcaption class=\"wp-element-caption\">Infogr\u00e1fico resume marcha, rea\u00e7\u00e3o, equil\u00edbrio e aten\u00e7\u00e3o como sinais precoces relevantes.<\/figcaption><\/figure>\n<\/div>\n\n\n<h2 class=\"wp-block-heading\">Quais sinais merecem aten\u00e7\u00e3o no dia a dia?<\/h2>\n\n\n\n<p class=\"wp-block-paragraph\">Nem toda lentid\u00e3o indica problema cerebral. Dor articular, sedentarismo, fraqueza muscular, sono ruim e uso de alguns rem\u00e9dios tamb\u00e9m interferem. Ainda assim, alguns padr\u00f5es justificam observa\u00e7\u00e3o mais cuidadosa, especialmente quando surgem sem causa \u00f3bvia.<\/p>\n\n\n\n<ul class=\"wp-block-list\">\n<li>passo mais lento de forma persistente<\/li>\n\n\n\n<li>dificuldade para mudar de dire\u00e7\u00e3o ao caminhar<\/li>\n\n\n\n<li>mais tempo para responder perguntas simples<\/li>\n\n\n\n<li>trope\u00e7os frequentes ou instabilidade nova<\/li>\n\n\n\n<li>queixas de esquecimento junto da lentid\u00e3o<\/li>\n\n\n\n<li>queda de aten\u00e7\u00e3o em tarefas rotineiras<\/li>\n<\/ul>\n\n\n\n<p class=\"wp-block-paragraph\">Quando esses sinais aparecem em conjunto, vale conhecer melhor <a href=\"https:\/\/www.tuasaude.com\/deficit-cognitivo\/\" target=\"_blank\" rel=\"noopener noreferrer\">os sintomas de d\u00e9ficit cognitivo<\/a>, al\u00e9m de observar impacto funcional, frequ\u00eancia e evolu\u00e7\u00e3o ao longo dos meses.<\/p>\n\n\n\n<h2 class=\"wp-block-heading\">O envelhecimento por si s\u00f3 explica essa lentid\u00e3o?<\/h2>\n\n\n\n<p class=\"wp-block-paragraph\"><strong>Envelhecimento<\/strong> saud\u00e1vel pode reduzir um pouco a rapidez da marcha e do racioc\u00ednio. Isso ocorre por mudan\u00e7as musculares, sensoriais e neurol\u00f3gicas graduais. O ponto de aten\u00e7\u00e3o est\u00e1 na diferen\u00e7a entre uma adapta\u00e7\u00e3o esperada da idade e uma mudan\u00e7a desproporcional, progressiva ou acompanhada de piora de aten\u00e7\u00e3o, linguagem ou mem\u00f3ria.<\/p>\n\n\n\n<p class=\"wp-block-paragraph\">Outra investiga\u00e7\u00e3o na mesma linha apontou <a href=\"https:\/\/pubmed.ncbi.nlm.nih.gov\/35142038\/\" target=\"_blank\" rel=\"noopener noreferrer\">valor progn\u00f3stico da marcha lenta associada \u00e0 queixa cognitiva em idosos<\/a>. Na pr\u00e1tica, isso refor\u00e7a que a observa\u00e7\u00e3o cl\u00ednica n\u00e3o deve focar apenas no esquecimento, mas tamb\u00e9m na integra\u00e7\u00e3o entre mobilidade, equil\u00edbrio, fun\u00e7\u00e3o executiva e resposta motora.<\/p>\n\n\n\n<h2 class=\"wp-block-heading\">O que ajuda a diferenciar um sinal precoce de algo passageiro?<\/h2>\n\n\n\n<p class=\"wp-block-paragraph\">A avalia\u00e7\u00e3o costuma considerar contexto, tempo de evolu\u00e7\u00e3o e repercuss\u00e3o funcional. Um dia ruim, noites mal dormidas ou uma gripe podem deixar a pessoa mais lenta. J\u00e1 um padr\u00e3o repetido, mantido por semanas ou meses, pede investiga\u00e7\u00e3o mais atenta.<\/p>\n\n\n\n<ul class=\"wp-block-list\">\n<li>comparar o ritmo atual com o habitual<\/li>\n\n\n\n<li>notar se h\u00e1 piora progressiva<\/li>\n\n\n\n<li>observar associa\u00e7\u00e3o com esquecimentos recentes<\/li>\n\n\n\n<li>revisar medicamentos, audi\u00e7\u00e3o e vis\u00e3o<\/li>\n\n\n\n<li>verificar quedas, tontura e perda de equil\u00edbrio<\/li>\n\n\n\n<li>anotar dificuldade em tarefas antes simples<\/li>\n<\/ul>\n\n\n\n<p class=\"wp-block-paragraph\">Olhar para marcha, aten\u00e7\u00e3o, tempo de rea\u00e7\u00e3o e <strong>mem\u00f3ria<\/strong> em conjunto d\u00e1 uma vis\u00e3o mais fiel do funcionamento cerebral. Em consult\u00f3rio, esse racioc\u00ednio ajuda a decidir quando pedir testes cognitivos, avalia\u00e7\u00e3o neurol\u00f3gica, revis\u00e3o cl\u00ednica ou exame f\u00edsico mais detalhado.<\/p>\n\n\n\n<p class=\"wp-block-paragraph\">Andar mais devagar, reagir com atraso e perder fluidez em movimentos autom\u00e1ticos podem ser pistas iniciais de altera\u00e7\u00f5es cerebrais ainda discretas. Quando esses sinais aparecem junto de queixas cognitivas, o rastreio precoce permite investigar causas trat\u00e1veis, organizar acompanhamento e monitorar a evolu\u00e7\u00e3o com mais precis\u00e3o.<\/p>\n\n\n\n<p class=\"wp-block-paragraph\">Este conte\u00fado tem car\u00e1ter exclusivamente informativo e <strong>n\u00e3o substitui a avalia\u00e7\u00e3o<\/strong>, o diagn\u00f3stico ou o acompanhamento de um profissional de sa\u00fade. Se voc\u00ea apresenta sintomas ou tem d\u00favidas sobre sua condi\u00e7\u00e3o, procure orienta\u00e7\u00e3o m\u00e9dica.<\/p>\n","protected":false},"excerpt":{"rendered":"<p>Decl\u00ednio cognitivo nem sempre come\u00e7a com falhas claras de mem\u00f3ria. Em muitas pessoas, os primeiros sinais aparecem no corpo, com velocidade da marcha menor, tempo de rea\u00e7\u00e3o mais lento e mudan\u00e7as discretas no equil\u00edbrio. Esses achados t\u00eam chamado aten\u00e7\u00e3o porque podem surgir durante o envelhecimento antes de um esquecimento mais evidente no dia a dia. [&hellip;]<\/p>\n","protected":false},"author":6,"featured_media":106835,"comment_status":"open","ping_status":"open","sticky":false,"template":"","format":"standard","meta":{"_yoast_wpseo_focuskw":"decl\u00ednio cognitivo","_yoast_wpseo_title":"","_yoast_wpseo_metadesc":"Andar mais devagar pode ter rela\u00e7\u00e3o com decl\u00ednio cognitivo antes do esquecimento, e um detalhe na marcha muda a leitura desses sinais precoces.","jnews-multi-image_gallery":[],"jnews_single_post":{"format":"standard"},"jnews_primary_category":[],"jnews_social_meta":[],"jnews_override_counter":[],"footnotes":""},"categories":[111],"tags":[1294,132,1026,1796,12766],"class_list":["post-106837","post","type-post","status-publish","format-standard","has-post-thumbnail","hentry","category-saude","tag-declinio-cognitivo","tag-envelhecimento","tag-memoria","tag-saude-2","tag-velocidade-da-marcha"],"yoast_head":"<!-- This site is optimized with the Yoast SEO plugin v26.7 - https:\/\/yoast.com\/wordpress\/plugins\/seo\/ -->\n<title>Andar mais devagar e demorar para reagir podem ser sinais precoces de decl\u00ednio cognitivo anos antes do esquecimento - Tua Sa\u00fade<\/title>\n<meta name=\"description\" content=\"Andar mais devagar pode ter rela\u00e7\u00e3o com decl\u00ednio cognitivo antes do esquecimento, e um detalhe na marcha muda a leitura desses sinais precoces.\" \/>\n<meta name=\"robots\" content=\"index, follow, max-snippet:-1, max-image-preview:large, max-video-preview:-1\" \/>\n<link rel=\"canonical\" href=\"https:\/\/www.tuasaude.com\/news\/2026\/09\/02\/andar-mais-devagar-e-demorar-para-reagir-podem-ser-sinais-precoces-de-declinio-cognitivo-anos-antes-do-esquecimento\/\" \/>\n<meta property=\"og:locale\" content=\"pt_BR\" \/>\n<meta property=\"og:type\" content=\"article\" \/>\n<meta property=\"og:title\" content=\"Andar mais devagar e demorar para reagir podem ser sinais precoces de decl\u00ednio cognitivo anos antes do esquecimento - Tua Sa\u00fade\" \/>\n<meta property=\"og:description\" content=\"Andar mais devagar pode ter rela\u00e7\u00e3o com decl\u00ednio cognitivo antes do esquecimento, e um detalhe na marcha muda a leitura desses sinais precoces.\" \/>\n<meta property=\"og:url\" content=\"https:\/\/www.tuasaude.com\/news\/2026\/09\/02\/andar-mais-devagar-e-demorar-para-reagir-podem-ser-sinais-precoces-de-declinio-cognitivo-anos-antes-do-esquecimento\/\" \/>\n<meta property=\"og:site_name\" content=\"Tua Sa\u00fade\" \/>\n<meta property=\"article:published_time\" content=\"2026-09-03T02:50:00+00:00\" \/>\n<meta property=\"og:image\" content=\"https:\/\/www.tuasaude.com\/news\/wp-content\/uploads\/2026\/09\/andar-mais-devagar-e-demorar-para-reagir-podem-ser-sinais-pr.jpg\" \/>\n\t<meta property=\"og:image:width\" content=\"1279\" \/>\n\t<meta property=\"og:image:height\" content=\"720\" \/>\n\t<meta property=\"og:image:type\" content=\"image\/jpeg\" \/>\n<meta name=\"author\" content=\"Gabriel Leme\" \/>\n<meta name=\"twitter:card\" content=\"summary_large_image\" \/>\n<meta name=\"twitter:label1\" content=\"Escrito por\" \/>\n\t<meta name=\"twitter:data1\" content=\"Gabriel Leme\" \/>\n\t<meta name=\"twitter:label2\" content=\"Est. tempo de leitura\" \/>\n\t<meta name=\"twitter:data2\" content=\"5 minutos\" \/>\n<!-- \/ Yoast SEO plugin. -->","yoast_head_json":{"title":"Andar mais devagar e demorar para reagir podem ser sinais precoces de decl\u00ednio cognitivo anos antes do esquecimento - Tua Sa\u00fade","description":"Andar mais devagar pode ter rela\u00e7\u00e3o com decl\u00ednio cognitivo antes do esquecimento, e um detalhe na marcha muda a leitura desses sinais precoces.","robots":{"index":"index","follow":"follow","max-snippet":"max-snippet:-1","max-image-preview":"max-image-preview:large","max-video-preview":"max-video-preview:-1"},"canonical":"https:\/\/www.tuasaude.com\/news\/2026\/09\/02\/andar-mais-devagar-e-demorar-para-reagir-podem-ser-sinais-precoces-de-declinio-cognitivo-anos-antes-do-esquecimento\/","og_locale":"pt_BR","og_type":"article","og_title":"Andar mais devagar e demorar para reagir podem ser sinais precoces de decl\u00ednio cognitivo anos antes do esquecimento - Tua Sa\u00fade","og_description":"Andar mais devagar pode ter rela\u00e7\u00e3o com decl\u00ednio cognitivo antes do esquecimento, e um detalhe na marcha muda a leitura desses sinais precoces.","og_url":"https:\/\/www.tuasaude.com\/news\/2026\/09\/02\/andar-mais-devagar-e-demorar-para-reagir-podem-ser-sinais-precoces-de-declinio-cognitivo-anos-antes-do-esquecimento\/","og_site_name":"Tua Sa\u00fade","article_published_time":"2026-09-03T02:50:00+00:00","og_image":[{"width":1279,"height":720,"url":"https:\/\/www.tuasaude.com\/news\/wp-content\/uploads\/2026\/09\/andar-mais-devagar-e-demorar-para-reagir-podem-ser-sinais-pr.jpg","type":"image\/jpeg"}],"author":"Gabriel Leme","twitter_card":"summary_large_image","twitter_misc":{"Escrito por":"Gabriel Leme","Est. tempo de leitura":"5 minutos"},"schema":{"@context":"https:\/\/schema.org","@graph":[{"@type":"Article","@id":"https:\/\/www.tuasaude.com\/news\/2026\/09\/02\/andar-mais-devagar-e-demorar-para-reagir-podem-ser-sinais-precoces-de-declinio-cognitivo-anos-antes-do-esquecimento\/#article","isPartOf":{"@id":"https:\/\/www.tuasaude.com\/news\/2026\/09\/02\/andar-mais-devagar-e-demorar-para-reagir-podem-ser-sinais-precoces-de-declinio-cognitivo-anos-antes-do-esquecimento\/"},"author":{"name":"Gabriel Leme","@id":"https:\/\/www.tuasaude.com\/news\/#\/schema\/person\/bf512a2e53b74f5544ff3040f496e593"},"headline":"Andar mais devagar e demorar para reagir podem ser sinais precoces de decl\u00ednio cognitivo anos antes do esquecimento","datePublished":"2026-09-03T02:50:00+00:00","mainEntityOfPage":{"@id":"https:\/\/www.tuasaude.com\/news\/2026\/09\/02\/andar-mais-devagar-e-demorar-para-reagir-podem-ser-sinais-precoces-de-declinio-cognitivo-anos-antes-do-esquecimento\/"},"wordCount":812,"commentCount":0,"image":{"@id":"https:\/\/www.tuasaude.com\/news\/2026\/09\/02\/andar-mais-devagar-e-demorar-para-reagir-podem-ser-sinais-precoces-de-declinio-cognitivo-anos-antes-do-esquecimento\/#primaryimage"},"thumbnailUrl":"https:\/\/www.tuasaude.com\/news\/wp-content\/uploads\/2026\/09\/andar-mais-devagar-e-demorar-para-reagir-podem-ser-sinais-pr.jpg","keywords":["decl\u00ednio cognitivo","envelhecimento","mem\u00f3ria","saude","velocidade da marcha"],"articleSection":["Sa\u00fade"],"inLanguage":"pt-BR","potentialAction":[{"@type":"CommentAction","name":"Comment","target":["https:\/\/www.tuasaude.com\/news\/2026\/09\/02\/andar-mais-devagar-e-demorar-para-reagir-podem-ser-sinais-precoces-de-declinio-cognitivo-anos-antes-do-esquecimento\/#respond"]}]},{"@type":"WebPage","@id":"https:\/\/www.tuasaude.com\/news\/2026\/09\/02\/andar-mais-devagar-e-demorar-para-reagir-podem-ser-sinais-precoces-de-declinio-cognitivo-anos-antes-do-esquecimento\/","url":"https:\/\/www.tuasaude.com\/news\/2026\/09\/02\/andar-mais-devagar-e-demorar-para-reagir-podem-ser-sinais-precoces-de-declinio-cognitivo-anos-antes-do-esquecimento\/","name":"Andar mais devagar e demorar para reagir podem ser sinais precoces de decl\u00ednio cognitivo anos antes do esquecimento - Tua Sa\u00fade","isPartOf":{"@id":"https:\/\/www.tuasaude.com\/news\/#website"},"primaryImageOfPage":{"@id":"https:\/\/www.tuasaude.com\/news\/2026\/09\/02\/andar-mais-devagar-e-demorar-para-reagir-podem-ser-sinais-precoces-de-declinio-cognitivo-anos-antes-do-esquecimento\/#primaryimage"},"image":{"@id":"https:\/\/www.tuasaude.com\/news\/2026\/09\/02\/andar-mais-devagar-e-demorar-para-reagir-podem-ser-sinais-precoces-de-declinio-cognitivo-anos-antes-do-esquecimento\/#primaryimage"},"thumbnailUrl":"https:\/\/www.tuasaude.com\/news\/wp-content\/uploads\/2026\/09\/andar-mais-devagar-e-demorar-para-reagir-podem-ser-sinais-pr.jpg","datePublished":"2026-09-03T02:50:00+00:00","author":{"@id":"https:\/\/www.tuasaude.com\/news\/#\/schema\/person\/bf512a2e53b74f5544ff3040f496e593"},"description":"Andar mais devagar pode ter rela\u00e7\u00e3o com decl\u00ednio cognitivo antes do esquecimento, e um detalhe na marcha muda a leitura desses sinais precoces.","breadcrumb":{"@id":"https:\/\/www.tuasaude.com\/news\/2026\/09\/02\/andar-mais-devagar-e-demorar-para-reagir-podem-ser-sinais-precoces-de-declinio-cognitivo-anos-antes-do-esquecimento\/#breadcrumb"},"inLanguage":"pt-BR","potentialAction":[{"@type":"ReadAction","target":["https:\/\/www.tuasaude.com\/news\/2026\/09\/02\/andar-mais-devagar-e-demorar-para-reagir-podem-ser-sinais-precoces-de-declinio-cognitivo-anos-antes-do-esquecimento\/"]}]},{"@type":"ImageObject","inLanguage":"pt-BR","@id":"https:\/\/www.tuasaude.com\/news\/2026\/09\/02\/andar-mais-devagar-e-demorar-para-reagir-podem-ser-sinais-precoces-de-declinio-cognitivo-anos-antes-do-esquecimento\/#primaryimage","url":"https:\/\/www.tuasaude.com\/news\/wp-content\/uploads\/2026\/09\/andar-mais-devagar-e-demorar-para-reagir-podem-ser-sinais-pr.jpg","contentUrl":"https:\/\/www.tuasaude.com\/news\/wp-content\/uploads\/2026\/09\/andar-mais-devagar-e-demorar-para-reagir-podem-ser-sinais-pr.jpg","width":1279,"height":720,"caption":"Marcha lenta e rea\u00e7\u00e3o tardia podem anteceder sinais evidentes de decl\u00ednio cognitivo."},{"@type":"BreadcrumbList","@id":"https:\/\/www.tuasaude.com\/news\/2026\/09\/02\/andar-mais-devagar-e-demorar-para-reagir-podem-ser-sinais-precoces-de-declinio-cognitivo-anos-antes-do-esquecimento\/#breadcrumb","itemListElement":[{"@type":"ListItem","position":1,"name":"In\u00edcio","item":"https:\/\/www.tuasaude.com\/news\/"},{"@type":"ListItem","position":2,"name":"Andar mais devagar e demorar para reagir podem ser sinais precoces de decl\u00ednio cognitivo anos antes do esquecimento"}]},{"@type":"WebSite","@id":"https:\/\/www.tuasaude.com\/news\/#website","url":"https:\/\/www.tuasaude.com\/news\/","name":"Tua Sa\u00fade","description":"Seu site de sa\u00fade","potentialAction":[{"@type":"SearchAction","target":{"@type":"EntryPoint","urlTemplate":"https:\/\/www.tuasaude.com\/news\/?s={search_term_string}"},"query-input":{"@type":"PropertyValueSpecification","valueRequired":true,"valueName":"search_term_string"}}],"inLanguage":"pt-BR"},{"@type":"Person","@id":"https:\/\/www.tuasaude.com\/news\/#\/schema\/person\/bf512a2e53b74f5544ff3040f496e593","name":"Gabriel Leme","image":{"@type":"ImageObject","inLanguage":"pt-BR","@id":"https:\/\/www.tuasaude.com\/news\/#\/schema\/person\/image\/","url":"https:\/\/secure.gravatar.com\/avatar\/a12badc2d08e73d59b38f178ebe822eca26c0445823b05fefedea89fb346439c?s=96&d=mm&r=g","contentUrl":"https:\/\/secure.gravatar.com\/avatar\/a12badc2d08e73d59b38f178ebe822eca26c0445823b05fefedea89fb346439c?s=96&d=mm&r=g","caption":"Gabriel Leme"},"sameAs":["https:\/\/www.tuasaude.com\/news"],"url":"https:\/\/www.tuasaude.com\/news\/author\/gabrielleme\/"}]}},"_links":{"self":[{"href":"https:\/\/www.tuasaude.com\/news\/wp-json\/wp\/v2\/posts\/106837","targetHints":{"allow":["GET"]}}],"collection":[{"href":"https:\/\/www.tuasaude.com\/news\/wp-json\/wp\/v2\/posts"}],"about":[{"href":"https:\/\/www.tuasaude.com\/news\/wp-json\/wp\/v2\/types\/post"}],"author":[{"embeddable":true,"href":"https:\/\/www.tuasaude.com\/news\/wp-json\/wp\/v2\/users\/6"}],"replies":[{"embeddable":true,"href":"https:\/\/www.tuasaude.com\/news\/wp-json\/wp\/v2\/comments?post=106837"}],"version-history":[{"count":1,"href":"https:\/\/www.tuasaude.com\/news\/wp-json\/wp\/v2\/posts\/106837\/revisions"}],"predecessor-version":[{"id":106857,"href":"https:\/\/www.tuasaude.com\/news\/wp-json\/wp\/v2\/posts\/106837\/revisions\/106857"}],"wp:featuredmedia":[{"embeddable":true,"href":"https:\/\/www.tuasaude.com\/news\/wp-json\/wp\/v2\/media\/106835"}],"wp:attachment":[{"href":"https:\/\/www.tuasaude.com\/news\/wp-json\/wp\/v2\/media?parent=106837"}],"wp:term":[{"taxonomy":"category","embeddable":true,"href":"https:\/\/www.tuasaude.com\/news\/wp-json\/wp\/v2\/categories?post=106837"},{"taxonomy":"post_tag","embeddable":true,"href":"https:\/\/www.tuasaude.com\/news\/wp-json\/wp\/v2\/tags?post=106837"}],"curies":[{"name":"wp","href":"https:\/\/api.w.org\/{rel}","templated":true}]}}