{"id":106819,"date":"2026-09-02T17:36:00","date_gmt":"2026-09-02T20:36:00","guid":{"rendered":"https:\/\/www.tuasaude.com\/news\/?p=106819"},"modified":"2026-09-02T09:40:46","modified_gmt":"2026-09-02T12:40:46","slug":"perda-de-olfato-e-de-paladar-que-persiste-por-semanas-pode-ser-uma-pista-esquecida-de-alteracao-neurologica","status":"publish","type":"post","link":"https:\/\/www.tuasaude.com\/news\/2026\/09\/02\/perda-de-olfato-e-de-paladar-que-persiste-por-semanas-pode-ser-uma-pista-esquecida-de-alteracao-neurologica\/","title":{"rendered":"Perda de olfato e de paladar que persiste por semanas pode ser uma pista esquecida de altera\u00e7\u00e3o neurol\u00f3gica"},"content":{"rendered":"\n<p class=\"wp-block-paragraph\">A <strong>perda de olfato<\/strong> e a redu\u00e7\u00e3o do <strong>paladar<\/strong> por v\u00e1rias semanas costumam ser ligadas a infec\u00e7\u00f5es, rinite ou envelhecimento. S\u00f3 que, quando essa mudan\u00e7a sensorial persiste sem explica\u00e7\u00e3o clara, ela tamb\u00e9m pode entrar no radar cl\u00ednico como um dos <strong>sinais precoces<\/strong> de altera\u00e7\u00f5es no c\u00e9rebro, sobretudo quando aparece junto de lapsos de mem\u00f3ria, confus\u00e3o ou mudan\u00e7a no apetite.<\/p>\n\n\n\n<h2 class=\"wp-block-heading\">Quando a perda de olfato e paladar deixa de ser algo passageiro?<\/h2>\n\n\n\n<p class=\"wp-block-paragraph\">Nem toda altera\u00e7\u00e3o quimiossensorial indica problema neurol\u00f3gico. Resfriados, sinusite, p\u00f3lipos nasais, tabagismo, uso de alguns rem\u00e9dios e infec\u00e7\u00f5es virais est\u00e3o entre as causas mais comuns. O ponto de aten\u00e7\u00e3o \u00e9 a dura\u00e7\u00e3o. Se o olfato e o sabor dos alimentos seguem reduzidos por semanas, vale observar o contexto completo.<\/p>\n\n\n\n<p class=\"wp-block-paragraph\">Alguns detalhes aumentam a necessidade de avalia\u00e7\u00e3o m\u00e9dica:<\/p>\n\n\n\n<ul class=\"wp-block-list\">\n<li>persist\u00eancia dos sintomas por mais de <strong>3 a 4 semanas<\/strong><\/li>\n\n\n\n<li>redu\u00e7\u00e3o progressiva da percep\u00e7\u00e3o de cheiros e sabores<\/li>\n\n\n\n<li>dificuldade para reconhecer odores familiares<\/li>\n\n\n\n<li>mudan\u00e7as de mem\u00f3ria, aten\u00e7\u00e3o ou orienta\u00e7\u00e3o<\/li>\n\n\n\n<li>queda do apetite e perda de peso sem motivo claro<\/li>\n<\/ul>\n\n\n\n<h2 class=\"wp-block-heading\">O que a pesquisa recente sugere sobre neurodegenera\u00e7\u00e3o?<\/h2>\n\n\n\n<p class=\"wp-block-paragraph\">Uma investiga\u00e7\u00e3o cient\u00edfica publicada em 2026 reuniu evid\u00eancias sobre o decl\u00ednio combinado de olfato e paladar no envelhecimento. Os autores observaram que essa perda sensorial dupla pode acompanhar deteriora\u00e7\u00e3o cognitiva e ajudar na estratifica\u00e7\u00e3o mais precoce de risco, especialmente em idosos com outras queixas sutis. O achado aparece em <a href=\"https:\/\/pubmed.ncbi.nlm.nih.gov\/42551771\/\" target=\"_blank\" rel=\"noopener noreferrer\">decl\u00ednio combinado de olfato e paladar ligado ao risco cognitivo<\/a>.<\/p>\n\n\n\n<p class=\"wp-block-paragraph\">Isso n\u00e3o significa diagn\u00f3stico autom\u00e1tico de <strong>neurodegenera\u00e7\u00e3o<\/strong>. Significa que nariz, l\u00edngua e c\u00e9rebro podem estar mais conectados do que parece. Quando o sistema nervoso come\u00e7a a sofrer mudan\u00e7as em \u00e1reas ligadas \u00e0 mem\u00f3ria, ao processamento sensorial e ao comportamento alimentar, altera\u00e7\u00f5es no cheiro e no gosto podem surgir antes de sinais mais evidentes.<\/p>\n\n\n<div class=\"wp-block-image wp-block-image aligncenter size-large\">\n<figure ><img decoding=\"async\" width=\"1280\" height=\"720\" src=\"https:\/\/cdnnewsimg.tuasaude.com\/wp-content\/uploads\/2026\/09\/perda-de-olfato-e-de-paladar-que-persiste-por-semanas-p-corpo.jpg\" alt=\"Infogr\u00e1fico resume dura\u00e7\u00e3o, mem\u00f3ria, apetite e avalia\u00e7\u00e3o na perda sensorial persistente.\" class=\"wp-image-106818\" srcset=\"https:\/\/www.tuasaude.com\/news\/wp-content\/uploads\/2026\/09\/perda-de-olfato-e-de-paladar-que-persiste-por-semanas-p-corpo.jpg 1280w, https:\/\/www.tuasaude.com\/news\/wp-content\/uploads\/2026\/09\/perda-de-olfato-e-de-paladar-que-persiste-por-semanas-p-corpo-300x169.jpg 300w, https:\/\/www.tuasaude.com\/news\/wp-content\/uploads\/2026\/09\/perda-de-olfato-e-de-paladar-que-persiste-por-semanas-p-corpo-1024x576.jpg 1024w, https:\/\/www.tuasaude.com\/news\/wp-content\/uploads\/2026\/09\/perda-de-olfato-e-de-paladar-que-persiste-por-semanas-p-corpo-768x432.jpg 768w, https:\/\/www.tuasaude.com\/news\/wp-content\/uploads\/2026\/09\/perda-de-olfato-e-de-paladar-que-persiste-por-semanas-p-corpo-750x422.jpg 750w, https:\/\/www.tuasaude.com\/news\/wp-content\/uploads\/2026\/09\/perda-de-olfato-e-de-paladar-que-persiste-por-semanas-p-corpo-1140x641.jpg 1140w\" sizes=\"(max-width: 1280px) 100vw, 1280px\" \/><figcaption class=\"wp-element-caption\">Infogr\u00e1fico resume dura\u00e7\u00e3o, mem\u00f3ria, apetite e avalia\u00e7\u00e3o na perda sensorial persistente.<\/figcaption><\/figure>\n<\/div>\n\n\n<h2 class=\"wp-block-heading\">Quais sinais precoces costumam aparecer junto?<\/h2>\n\n\n\n<p class=\"wp-block-paragraph\">Os <strong>sinais precoces<\/strong> raramente v\u00eam isolados. A perda de olfato persistente, acompanhada de piora do paladar, merece mais aten\u00e7\u00e3o quando se soma a esquecimentos frequentes, dificuldade para encontrar palavras, desaten\u00e7\u00e3o, altera\u00e7\u00e3o do sono ou menor interesse por refei\u00e7\u00f5es.<\/p>\n\n\n\n<p class=\"wp-block-paragraph\">Nessa fase, tamb\u00e9m \u00e9 \u00fatil diferenciar causas locais de causas neurol\u00f3gicas. No portal Tua Sa\u00fade, h\u00e1 uma explica\u00e7\u00e3o clara sobre <a href=\"https:\/\/www.tuasaude.com\/perda-de-olfato\/\" target=\"_blank\" rel=\"noopener noreferrer\">as causas comuns da perda de olfato<\/a>, com sinais associados e momentos em que a avalia\u00e7\u00e3o m\u00e9dica se torna mais indicada.<\/p>\n\n\n\n<h2 class=\"wp-block-heading\">Por que o c\u00e9rebro pode afetar cheiro e gosto?<\/h2>\n\n\n\n<p class=\"wp-block-paragraph\">O olfato depende de vias nervosas que se conectam a regi\u00f5es envolvidas com mem\u00f3ria e emo\u00e7\u00e3o, como hipocampo e am\u00edgdala. J\u00e1 o <strong>paladar<\/strong> n\u00e3o \u00e9 apenas a sensa\u00e7\u00e3o na l\u00edngua. Ele depende da integra\u00e7\u00e3o entre papilas gustativas, olfato retronasal e processamento cerebral. Quando essa rede perde efici\u00eancia, o alimento pode parecer sem aroma, sem gra\u00e7a ou com sabor distorcido.<\/p>\n\n\n\n<p class=\"wp-block-paragraph\">Outra revis\u00e3o, publicada em 2023, encontrou associa\u00e7\u00e3o entre pior fun\u00e7\u00e3o olfat\u00f3ria e altera\u00e7\u00f5es em \u00e1reas cerebrais ligadas \u00e0 cogni\u00e7\u00e3o e \u00e0 mem\u00f3ria, incluindo hipocampo e c\u00f3rtex entorrinal, refor\u00e7ando a rela\u00e7\u00e3o entre <a href=\"https:\/\/pubmed.ncbi.nlm.nih.gov\/37913831\/\" target=\"_blank\" rel=\"noopener noreferrer\">piora do olfato e mudan\u00e7as em \u00e1reas cerebrais da mem\u00f3ria<\/a>. Isso ajuda a entender por que a perda de olfato pode entrar na investiga\u00e7\u00e3o de quadros cognitivos.<\/p>\n\n\n\n<h2 class=\"wp-block-heading\">Em que situa\u00e7\u00f5es procurar avalia\u00e7\u00e3o sem adiar?<\/h2>\n\n\n\n<p class=\"wp-block-paragraph\">Algumas combina\u00e7\u00f5es de sintomas pedem consulta sem esperar a melhora espont\u00e2nea. Isso vale ainda mais em pessoas mais velhas ou em quem j\u00e1 percebe queda de mem\u00f3ria, dificuldade nas tarefas di\u00e1rias ou mudan\u00e7a importante no comportamento alimentar.<\/p>\n\n\n\n<ul class=\"wp-block-list\">\n<li><strong>perda de olfato<\/strong> ou paladar por v\u00e1rias semanas sem melhora<\/li>\n\n\n\n<li>esquecimentos que come\u00e7am a atrapalhar rotina e conversas<\/li>\n\n\n\n<li>confus\u00e3o mental, desorienta\u00e7\u00e3o ou sonol\u00eancia fora do padr\u00e3o<\/li>\n\n\n\n<li>redu\u00e7\u00e3o do apetite, perda de peso e menor interesse por comida<\/li>\n\n\n\n<li>assimetria facial, fala enrolada ou fraqueza s\u00fabita, situa\u00e7\u00e3o que exige urg\u00eancia<\/li>\n<\/ul>\n\n\n\n<h2 class=\"wp-block-heading\">Como essa pista sensorial deve ser interpretada?<\/h2>\n\n\n\n<p class=\"wp-block-paragraph\">Cheiro e gosto persistem como pistas cl\u00ednicas relevantes, n\u00e3o como senten\u00e7a. Em consult\u00f3rio, a leitura correta depende da hist\u00f3ria completa, do exame f\u00edsico, da avalia\u00e7\u00e3o cognitiva e, quando necess\u00e1rio, de investiga\u00e7\u00e3o de vias a\u00e9reas, metabolismo, infec\u00e7\u00f5es e fun\u00e7\u00e3o neurol\u00f3gica. O valor dessa queixa est\u00e1 em n\u00e3o ser descartada quando dura al\u00e9m do esperado.<\/p>\n\n\n\n<p class=\"wp-block-paragraph\">Quando a perda sensorial se mant\u00e9m por semanas, especialmente ao lado de falhas de mem\u00f3ria, altera\u00e7\u00e3o alimentar e outros <strong>sinais precoces<\/strong>, ela pode ajudar a identificar mudan\u00e7as cerebrais em fase inicial. Reconhecer esse padr\u00e3o favorece acompanhamento, triagem e defini\u00e7\u00e3o mais precisa dos pr\u00f3ximos exames.<\/p>\n\n\n\n<p class=\"wp-block-paragraph\">Este conte\u00fado tem car\u00e1ter exclusivamente informativo e <strong>n\u00e3o substitui a avalia\u00e7\u00e3o<\/strong>, o diagn\u00f3stico ou o acompanhamento de um profissional de sa\u00fade. Se voc\u00ea apresenta sintomas persistentes ou d\u00favidas sobre sua condi\u00e7\u00e3o, procure orienta\u00e7\u00e3o m\u00e9dica.<\/p>\n","protected":false},"excerpt":{"rendered":"<p>A perda de olfato e a redu\u00e7\u00e3o do paladar por v\u00e1rias semanas costumam ser ligadas a infec\u00e7\u00f5es, rinite ou envelhecimento. S\u00f3 que, quando essa mudan\u00e7a sensorial persiste sem explica\u00e7\u00e3o clara, ela tamb\u00e9m pode entrar no radar cl\u00ednico como um dos sinais precoces de altera\u00e7\u00f5es no c\u00e9rebro, sobretudo quando aparece junto de lapsos de mem\u00f3ria, confus\u00e3o [&hellip;]<\/p>\n","protected":false},"author":6,"featured_media":106817,"comment_status":"open","ping_status":"open","sticky":false,"template":"","format":"standard","meta":{"_yoast_wpseo_focuskw":"perda de olfato","_yoast_wpseo_title":"","_yoast_wpseo_metadesc":"Perda de olfato por semanas, junto com altera\u00e7\u00e3o do paladar, pode mudar a leitura de sinais precoces e levantar uma suspeita pouco lembrada.","jnews-multi-image_gallery":[],"jnews_single_post":{"format":"standard"},"jnews_primary_category":[],"jnews_social_meta":[],"jnews_override_counter":[],"footnotes":""},"categories":[111],"tags":[7831,3518,6824,1796,5011],"class_list":["post-106819","post","type-post","status-publish","format-standard","has-post-thumbnail","hentry","category-saude","tag-neurodegeneracao","tag-paladar","tag-perda-de-olfato","tag-saude-2","tag-sinais-precoces"],"yoast_head":"<!-- This site is optimized with the Yoast SEO plugin v26.7 - https:\/\/yoast.com\/wordpress\/plugins\/seo\/ -->\n<title>Perda de olfato e de paladar que persiste por semanas pode ser uma pista esquecida de altera\u00e7\u00e3o neurol\u00f3gica - Tua Sa\u00fade<\/title>\n<meta name=\"description\" content=\"Perda de olfato por semanas, junto com altera\u00e7\u00e3o do paladar, pode mudar a leitura de sinais precoces e levantar uma suspeita pouco lembrada.\" \/>\n<meta name=\"robots\" content=\"index, follow, max-snippet:-1, max-image-preview:large, max-video-preview:-1\" \/>\n<link rel=\"canonical\" href=\"https:\/\/www.tuasaude.com\/news\/2026\/09\/02\/perda-de-olfato-e-de-paladar-que-persiste-por-semanas-pode-ser-uma-pista-esquecida-de-alteracao-neurologica\/\" \/>\n<meta property=\"og:locale\" content=\"pt_BR\" \/>\n<meta property=\"og:type\" content=\"article\" \/>\n<meta property=\"og:title\" content=\"Perda de olfato e de paladar que persiste por semanas pode ser uma pista esquecida de altera\u00e7\u00e3o neurol\u00f3gica - Tua Sa\u00fade\" \/>\n<meta property=\"og:description\" content=\"Perda de olfato por semanas, junto com altera\u00e7\u00e3o do paladar, pode mudar a leitura de sinais precoces e levantar uma suspeita pouco lembrada.\" \/>\n<meta property=\"og:url\" content=\"https:\/\/www.tuasaude.com\/news\/2026\/09\/02\/perda-de-olfato-e-de-paladar-que-persiste-por-semanas-pode-ser-uma-pista-esquecida-de-alteracao-neurologica\/\" \/>\n<meta property=\"og:site_name\" content=\"Tua Sa\u00fade\" \/>\n<meta property=\"article:published_time\" content=\"2026-09-02T20:36:00+00:00\" \/>\n<meta property=\"og:image\" content=\"https:\/\/www.tuasaude.com\/news\/wp-content\/uploads\/2026\/09\/perda-de-olfato-e-de-paladar-que-persiste-por-semanas-pode-s.jpg\" \/>\n\t<meta property=\"og:image:width\" content=\"1277\" \/>\n\t<meta property=\"og:image:height\" content=\"721\" \/>\n\t<meta property=\"og:image:type\" content=\"image\/jpeg\" \/>\n<meta name=\"author\" content=\"Gabriel Leme\" \/>\n<meta name=\"twitter:card\" content=\"summary_large_image\" \/>\n<meta name=\"twitter:label1\" content=\"Escrito por\" \/>\n\t<meta name=\"twitter:data1\" content=\"Gabriel Leme\" \/>\n\t<meta name=\"twitter:label2\" content=\"Est. tempo de leitura\" \/>\n\t<meta name=\"twitter:data2\" content=\"5 minutos\" \/>\n<!-- \/ Yoast SEO plugin. -->","yoast_head_json":{"title":"Perda de olfato e de paladar que persiste por semanas pode ser uma pista esquecida de altera\u00e7\u00e3o neurol\u00f3gica - Tua Sa\u00fade","description":"Perda de olfato por semanas, junto com altera\u00e7\u00e3o do paladar, pode mudar a leitura de sinais precoces e levantar uma suspeita pouco lembrada.","robots":{"index":"index","follow":"follow","max-snippet":"max-snippet:-1","max-image-preview":"max-image-preview:large","max-video-preview":"max-video-preview:-1"},"canonical":"https:\/\/www.tuasaude.com\/news\/2026\/09\/02\/perda-de-olfato-e-de-paladar-que-persiste-por-semanas-pode-ser-uma-pista-esquecida-de-alteracao-neurologica\/","og_locale":"pt_BR","og_type":"article","og_title":"Perda de olfato e de paladar que persiste por semanas pode ser uma pista esquecida de altera\u00e7\u00e3o neurol\u00f3gica - Tua Sa\u00fade","og_description":"Perda de olfato por semanas, junto com altera\u00e7\u00e3o do paladar, pode mudar a leitura de sinais precoces e levantar uma suspeita pouco lembrada.","og_url":"https:\/\/www.tuasaude.com\/news\/2026\/09\/02\/perda-de-olfato-e-de-paladar-que-persiste-por-semanas-pode-ser-uma-pista-esquecida-de-alteracao-neurologica\/","og_site_name":"Tua Sa\u00fade","article_published_time":"2026-09-02T20:36:00+00:00","og_image":[{"width":1277,"height":721,"url":"https:\/\/www.tuasaude.com\/news\/wp-content\/uploads\/2026\/09\/perda-de-olfato-e-de-paladar-que-persiste-por-semanas-pode-s.jpg","type":"image\/jpeg"}],"author":"Gabriel Leme","twitter_card":"summary_large_image","twitter_misc":{"Escrito por":"Gabriel Leme","Est. tempo de leitura":"5 minutos"},"schema":{"@context":"https:\/\/schema.org","@graph":[{"@type":"Article","@id":"https:\/\/www.tuasaude.com\/news\/2026\/09\/02\/perda-de-olfato-e-de-paladar-que-persiste-por-semanas-pode-ser-uma-pista-esquecida-de-alteracao-neurologica\/#article","isPartOf":{"@id":"https:\/\/www.tuasaude.com\/news\/2026\/09\/02\/perda-de-olfato-e-de-paladar-que-persiste-por-semanas-pode-ser-uma-pista-esquecida-de-alteracao-neurologica\/"},"author":{"name":"Gabriel Leme","@id":"https:\/\/www.tuasaude.com\/news\/#\/schema\/person\/bf512a2e53b74f5544ff3040f496e593"},"headline":"Perda de olfato e de paladar que persiste por semanas pode ser uma pista esquecida de altera\u00e7\u00e3o neurol\u00f3gica","datePublished":"2026-09-02T20:36:00+00:00","mainEntityOfPage":{"@id":"https:\/\/www.tuasaude.com\/news\/2026\/09\/02\/perda-de-olfato-e-de-paladar-que-persiste-por-semanas-pode-ser-uma-pista-esquecida-de-alteracao-neurologica\/"},"wordCount":884,"commentCount":0,"image":{"@id":"https:\/\/www.tuasaude.com\/news\/2026\/09\/02\/perda-de-olfato-e-de-paladar-que-persiste-por-semanas-pode-ser-uma-pista-esquecida-de-alteracao-neurologica\/#primaryimage"},"thumbnailUrl":"https:\/\/www.tuasaude.com\/news\/wp-content\/uploads\/2026\/09\/perda-de-olfato-e-de-paladar-que-persiste-por-semanas-pode-s.jpg","keywords":["neurodegenera\u00e7\u00e3o","paladar","perda de olfato","saude","sinais precoces"],"articleSection":["Sa\u00fade"],"inLanguage":"pt-BR","potentialAction":[{"@type":"CommentAction","name":"Comment","target":["https:\/\/www.tuasaude.com\/news\/2026\/09\/02\/perda-de-olfato-e-de-paladar-que-persiste-por-semanas-pode-ser-uma-pista-esquecida-de-alteracao-neurologica\/#respond"]}]},{"@type":"WebPage","@id":"https:\/\/www.tuasaude.com\/news\/2026\/09\/02\/perda-de-olfato-e-de-paladar-que-persiste-por-semanas-pode-ser-uma-pista-esquecida-de-alteracao-neurologica\/","url":"https:\/\/www.tuasaude.com\/news\/2026\/09\/02\/perda-de-olfato-e-de-paladar-que-persiste-por-semanas-pode-ser-uma-pista-esquecida-de-alteracao-neurologica\/","name":"Perda de olfato e de paladar que persiste por semanas pode ser uma pista esquecida de altera\u00e7\u00e3o neurol\u00f3gica - Tua Sa\u00fade","isPartOf":{"@id":"https:\/\/www.tuasaude.com\/news\/#website"},"primaryImageOfPage":{"@id":"https:\/\/www.tuasaude.com\/news\/2026\/09\/02\/perda-de-olfato-e-de-paladar-que-persiste-por-semanas-pode-ser-uma-pista-esquecida-de-alteracao-neurologica\/#primaryimage"},"image":{"@id":"https:\/\/www.tuasaude.com\/news\/2026\/09\/02\/perda-de-olfato-e-de-paladar-que-persiste-por-semanas-pode-ser-uma-pista-esquecida-de-alteracao-neurologica\/#primaryimage"},"thumbnailUrl":"https:\/\/www.tuasaude.com\/news\/wp-content\/uploads\/2026\/09\/perda-de-olfato-e-de-paladar-que-persiste-por-semanas-pode-s.jpg","datePublished":"2026-09-02T20:36:00+00:00","author":{"@id":"https:\/\/www.tuasaude.com\/news\/#\/schema\/person\/bf512a2e53b74f5544ff3040f496e593"},"description":"Perda de olfato por semanas, junto com altera\u00e7\u00e3o do paladar, pode mudar a leitura de sinais precoces e levantar uma suspeita pouco lembrada.","breadcrumb":{"@id":"https:\/\/www.tuasaude.com\/news\/2026\/09\/02\/perda-de-olfato-e-de-paladar-que-persiste-por-semanas-pode-ser-uma-pista-esquecida-de-alteracao-neurologica\/#breadcrumb"},"inLanguage":"pt-BR","potentialAction":[{"@type":"ReadAction","target":["https:\/\/www.tuasaude.com\/news\/2026\/09\/02\/perda-de-olfato-e-de-paladar-que-persiste-por-semanas-pode-ser-uma-pista-esquecida-de-alteracao-neurologica\/"]}]},{"@type":"ImageObject","inLanguage":"pt-BR","@id":"https:\/\/www.tuasaude.com\/news\/2026\/09\/02\/perda-de-olfato-e-de-paladar-que-persiste-por-semanas-pode-ser-uma-pista-esquecida-de-alteracao-neurologica\/#primaryimage","url":"https:\/\/www.tuasaude.com\/news\/wp-content\/uploads\/2026\/09\/perda-de-olfato-e-de-paladar-que-persiste-por-semanas-pode-s.jpg","contentUrl":"https:\/\/www.tuasaude.com\/news\/wp-content\/uploads\/2026\/09\/perda-de-olfato-e-de-paladar-que-persiste-por-semanas-pode-s.jpg","width":1277,"height":721,"caption":"Perda persistente de olfato e paladar pode acompanhar sinais neurol\u00f3gicos precoces."},{"@type":"BreadcrumbList","@id":"https:\/\/www.tuasaude.com\/news\/2026\/09\/02\/perda-de-olfato-e-de-paladar-que-persiste-por-semanas-pode-ser-uma-pista-esquecida-de-alteracao-neurologica\/#breadcrumb","itemListElement":[{"@type":"ListItem","position":1,"name":"In\u00edcio","item":"https:\/\/www.tuasaude.com\/news\/"},{"@type":"ListItem","position":2,"name":"Perda de olfato e de paladar que persiste por semanas pode ser uma pista esquecida de altera\u00e7\u00e3o neurol\u00f3gica"}]},{"@type":"WebSite","@id":"https:\/\/www.tuasaude.com\/news\/#website","url":"https:\/\/www.tuasaude.com\/news\/","name":"Tua Sa\u00fade","description":"Seu site de sa\u00fade","potentialAction":[{"@type":"SearchAction","target":{"@type":"EntryPoint","urlTemplate":"https:\/\/www.tuasaude.com\/news\/?s={search_term_string}"},"query-input":{"@type":"PropertyValueSpecification","valueRequired":true,"valueName":"search_term_string"}}],"inLanguage":"pt-BR"},{"@type":"Person","@id":"https:\/\/www.tuasaude.com\/news\/#\/schema\/person\/bf512a2e53b74f5544ff3040f496e593","name":"Gabriel Leme","image":{"@type":"ImageObject","inLanguage":"pt-BR","@id":"https:\/\/www.tuasaude.com\/news\/#\/schema\/person\/image\/","url":"https:\/\/secure.gravatar.com\/avatar\/a12badc2d08e73d59b38f178ebe822eca26c0445823b05fefedea89fb346439c?s=96&d=mm&r=g","contentUrl":"https:\/\/secure.gravatar.com\/avatar\/a12badc2d08e73d59b38f178ebe822eca26c0445823b05fefedea89fb346439c?s=96&d=mm&r=g","caption":"Gabriel Leme"},"sameAs":["https:\/\/www.tuasaude.com\/news"],"url":"https:\/\/www.tuasaude.com\/news\/author\/gabrielleme\/"}]}},"_links":{"self":[{"href":"https:\/\/www.tuasaude.com\/news\/wp-json\/wp\/v2\/posts\/106819","targetHints":{"allow":["GET"]}}],"collection":[{"href":"https:\/\/www.tuasaude.com\/news\/wp-json\/wp\/v2\/posts"}],"about":[{"href":"https:\/\/www.tuasaude.com\/news\/wp-json\/wp\/v2\/types\/post"}],"author":[{"embeddable":true,"href":"https:\/\/www.tuasaude.com\/news\/wp-json\/wp\/v2\/users\/6"}],"replies":[{"embeddable":true,"href":"https:\/\/www.tuasaude.com\/news\/wp-json\/wp\/v2\/comments?post=106819"}],"version-history":[{"count":1,"href":"https:\/\/www.tuasaude.com\/news\/wp-json\/wp\/v2\/posts\/106819\/revisions"}],"predecessor-version":[{"id":106851,"href":"https:\/\/www.tuasaude.com\/news\/wp-json\/wp\/v2\/posts\/106819\/revisions\/106851"}],"wp:featuredmedia":[{"embeddable":true,"href":"https:\/\/www.tuasaude.com\/news\/wp-json\/wp\/v2\/media\/106817"}],"wp:attachment":[{"href":"https:\/\/www.tuasaude.com\/news\/wp-json\/wp\/v2\/media?parent=106819"}],"wp:term":[{"taxonomy":"category","embeddable":true,"href":"https:\/\/www.tuasaude.com\/news\/wp-json\/wp\/v2\/categories?post=106819"},{"taxonomy":"post_tag","embeddable":true,"href":"https:\/\/www.tuasaude.com\/news\/wp-json\/wp\/v2\/tags?post=106819"}],"curies":[{"name":"wp","href":"https:\/\/api.w.org\/{rel}","templated":true}]}}