{"id":106816,"date":"2026-09-02T16:58:00","date_gmt":"2026-09-02T19:58:00","guid":{"rendered":"https:\/\/www.tuasaude.com\/news\/?p=106816"},"modified":"2026-09-02T09:40:33","modified_gmt":"2026-09-02T12:40:33","slug":"dor-de-cabeca-que-muda-de-padrao-depois-dos-50-anos-nao-deve-ser-tratada-so-com-analgesico-os-sinais-que-pedem-investigacao","status":"publish","type":"post","link":"https:\/\/www.tuasaude.com\/news\/2026\/09\/02\/dor-de-cabeca-que-muda-de-padrao-depois-dos-50-anos-nao-deve-ser-tratada-so-com-analgesico-os-sinais-que-pedem-investigacao\/","title":{"rendered":"Dor de cabe\u00e7a que muda de padr\u00e3o depois dos 50 anos n\u00e3o deve ser tratada s\u00f3 com analg\u00e9sico: os sinais que pedem investiga\u00e7\u00e3o"},"content":{"rendered":"\n<p class=\"wp-block-paragraph\"><strong>Dor de cabe\u00e7a<\/strong> depois dos 50 anos merece aten\u00e7\u00e3o quando passa a surgir com mais frequ\u00eancia, muda de intensidade ou aparece junto de tontura, vis\u00e3o turva, n\u00e1usea ou altera\u00e7\u00e3o neurol\u00f3gica. Nessa fase da vida, a cefaleia pode ter rela\u00e7\u00e3o com circula\u00e7\u00e3o, inflama\u00e7\u00e3o, <strong>press\u00e3o arterial<\/strong>, uso excessivo de <strong>analg\u00e9sicos<\/strong> ou causas secund\u00e1rias que exigem avalia\u00e7\u00e3o al\u00e9m do al\u00edvio imediato.<\/p>\n\n\n\n<h2 class=\"wp-block-heading\">Quando a mudan\u00e7a no padr\u00e3o da dor deve preocupar?<\/h2>\n\n\n\n<p class=\"wp-block-paragraph\">O ponto central n\u00e3o \u00e9 apenas sentir dor, mas perceber que ela ficou diferente do habitual. Isso inclui dor mais forte, mais longa, mais frequente, com despertar noturno, in\u00edcio s\u00fabito ou localiza\u00e7\u00e3o incomum. Em pessoas acima dos 50 anos, esse desvio do padr\u00e3o pr\u00e9vio pede exame cl\u00ednico cuidadoso.<\/p>\n\n\n\n<p class=\"wp-block-paragraph\">Os <strong>sinais de alerta<\/strong> ficam ainda mais importantes quando a dor vem com febre, rigidez no pesco\u00e7o, fraqueza em um lado do corpo, fala embolada, confus\u00e3o mental ou perda visual. Nesses cen\u00e1rios, tomar comprimidos por conta pr\u00f3pria pode mascarar a evolu\u00e7\u00e3o do quadro e atrasar condutas urgentes.<\/p>\n\n\n\n<h2 class=\"wp-block-heading\">O que a pesquisa recente mostra sobre esses sinais de alerta?<\/h2>\n\n\n\n<p class=\"wp-block-paragraph\">Uma pesquisa publicada em 2023 reuniu evid\u00eancias sobre cefaleias secund\u00e1rias e refor\u00e7ou que mudan\u00e7a no padr\u00e3o da dor, in\u00edcio s\u00fabito, sintomas neurol\u00f3gicos e manifesta\u00e7\u00f5es sist\u00eamicas precisam de investiga\u00e7\u00e3o, em vez de manejo apenas sintom\u00e1tico. O trabalho destacou que esses elementos ajudam a separar quadros benignos de situa\u00e7\u00f5es potencialmente graves.<\/p>\n\n\n\n<p class=\"wp-block-paragraph\">Entre os achados, ganhou destaque a necessidade de valorizar <a href=\"https:\/\/pubmed.ncbi.nlm.nih.gov\/37456555\/\" target=\"_blank\" rel=\"noopener noreferrer\">mudan\u00e7a do padr\u00e3o da dor e sinais neurol\u00f3gicos como alertas diagn\u00f3sticos<\/a>. Em quem passou d\u00e9cadas com dores parecidas e nota uma cefaleia nova, progressiva ou associada a mal-estar geral, o racioc\u00ednio cl\u00ednico costuma incluir exames de imagem e avalia\u00e7\u00e3o da circula\u00e7\u00e3o cerebral.<\/p>\n\n\n<div class=\"wp-block-image wp-block-image aligncenter size-large\">\n<figure ><img decoding=\"async\" width=\"1279\" height=\"720\" src=\"https:\/\/cdnnewsimg.tuasaude.com\/wp-content\/uploads\/2026\/09\/dor-de-cabeca-que-muda-de-padrao-depois-dos-50-anos-nao-corpo.jpg\" alt=\"Mudan\u00e7a da dor, sintomas neurol\u00f3gicos, press\u00e3o e automedica\u00e7\u00e3o formam os principais alertas.\" class=\"wp-image-106815\" srcset=\"https:\/\/www.tuasaude.com\/news\/wp-content\/uploads\/2026\/09\/dor-de-cabeca-que-muda-de-padrao-depois-dos-50-anos-nao-corpo.jpg 1279w, https:\/\/www.tuasaude.com\/news\/wp-content\/uploads\/2026\/09\/dor-de-cabeca-que-muda-de-padrao-depois-dos-50-anos-nao-corpo-300x169.jpg 300w, https:\/\/www.tuasaude.com\/news\/wp-content\/uploads\/2026\/09\/dor-de-cabeca-que-muda-de-padrao-depois-dos-50-anos-nao-corpo-1024x576.jpg 1024w, https:\/\/www.tuasaude.com\/news\/wp-content\/uploads\/2026\/09\/dor-de-cabeca-que-muda-de-padrao-depois-dos-50-anos-nao-corpo-768x432.jpg 768w, https:\/\/www.tuasaude.com\/news\/wp-content\/uploads\/2026\/09\/dor-de-cabeca-que-muda-de-padrao-depois-dos-50-anos-nao-corpo-750x422.jpg 750w, https:\/\/www.tuasaude.com\/news\/wp-content\/uploads\/2026\/09\/dor-de-cabeca-que-muda-de-padrao-depois-dos-50-anos-nao-corpo-1140x642.jpg 1140w\" sizes=\"(max-width: 1279px) 100vw, 1279px\" \/><figcaption class=\"wp-element-caption\">Mudan\u00e7a da dor, sintomas neurol\u00f3gicos, press\u00e3o e automedica\u00e7\u00e3o formam os principais alertas.<\/figcaption><\/figure>\n<\/div>\n\n\n<h2 class=\"wp-block-heading\">Press\u00e3o arterial alta sempre explica a dor de cabe\u00e7a?<\/h2>\n\n\n\n<p class=\"wp-block-paragraph\"><strong>Press\u00e3o arterial<\/strong> elevada nem sempre \u00e9 a causa direta da cefaleia. Em muitos casos, a pessoa mede a press\u00e3o durante a crise e encontra valores altos porque a pr\u00f3pria dor, o estresse e a ansiedade podem elevar temporariamente a medida.<\/p>\n\n\n\n<p class=\"wp-block-paragraph\">O que preocupa \u00e9 um contexto de press\u00e3o muito alta, acompanhado de dor intensa, falta de ar, dor no peito, altera\u00e7\u00e3o visual, fraqueza ou confus\u00e3o. Nessa situa\u00e7\u00e3o, vale consultar tamb\u00e9m <a href=\"https:\/\/www.tuasaude.com\/dor-de-cabeca\/\" target=\"_blank\" rel=\"noopener noreferrer\">as principais causas de dor de cabe\u00e7a<\/a>, mas o passo mais importante \u00e9 procurar atendimento sem demora para medir sinais vitais e avaliar risco vascular.<\/p>\n\n\n\n<h2 class=\"wp-block-heading\">Quais erros com analg\u00e9sicos podem atrapalhar o diagn\u00f3stico?<\/h2>\n\n\n\n<p class=\"wp-block-paragraph\"><strong>Analg\u00e9sicos<\/strong> aliviam a dor, mas n\u00e3o resolvem a causa quando existe inflama\u00e7\u00e3o, sangramento, altera\u00e7\u00e3o vascular ou outro problema secund\u00e1rio. Repetir doses por v\u00e1rios dias pode apagar pistas cl\u00ednicas importantes e retardar a investiga\u00e7\u00e3o correta.<\/p>\n\n\n\n<p class=\"wp-block-paragraph\">Al\u00e9m disso, o uso frequente pode causar um ciclo de piora. Alguns pacientes entram em cefaleia por abuso de medica\u00e7\u00e3o, quando a dor volta justamente pela repeti\u00e7\u00e3o dos rem\u00e9dios. Os principais erros incluem:<\/p>\n\n\n\n<ul class=\"wp-block-list\">\n<li>tomar analg\u00e9sicos por v\u00e1rios dias seguidos sem avalia\u00e7\u00e3o<\/li>\n\n\n\n<li>misturar diferentes medicamentos por conta pr\u00f3pria<\/li>\n\n\n\n<li>ignorar piora progressiva da intensidade<\/li>\n\n\n\n<li>manter automedica\u00e7\u00e3o mesmo com vis\u00e3o turva ou v\u00f4mitos<\/li>\n<\/ul>\n\n\n\n<h2 class=\"wp-block-heading\">Quais sinais exigem atendimento r\u00e1pido?<\/h2>\n\n\n\n<p class=\"wp-block-paragraph\">Nem toda dor representa emerg\u00eancia, mas alguns quadros pedem atendimento no mesmo dia ou ida ao pronto-socorro. Isso vale ainda mais quando a <strong>dor de cabe\u00e7a<\/strong> surge pela primeira vez depois dos 50 anos ou muda claramente de comportamento.<\/p>\n\n\n\n<p class=\"wp-block-paragraph\">Procure avalia\u00e7\u00e3o r\u00e1pida se houver:<\/p>\n\n\n\n<ul class=\"wp-block-list\">\n<li>in\u00edcio s\u00fabito, com dor muito forte em minutos<\/li>\n\n\n\n<li>fraqueza, dorm\u00eancia ou dificuldade para falar<\/li>\n\n\n\n<li>desmaio, confus\u00e3o mental ou sonol\u00eancia excessiva<\/li>\n\n\n\n<li>febre, rigidez na nuca ou mal-estar intenso<\/li>\n\n\n\n<li>altera\u00e7\u00e3o visual, perda de equil\u00edbrio ou v\u00f4mitos repetidos<\/li>\n<\/ul>\n\n\n\n<h2 class=\"wp-block-heading\">Como agir diante de uma cefaleia nova ap\u00f3s os 50?<\/h2>\n\n\n\n<p class=\"wp-block-paragraph\">Se a dor apareceu com caracter\u00edsticas novas, anote hor\u00e1rio de in\u00edcio, intensidade, local, sintomas associados e medidas de <strong>press\u00e3o arterial<\/strong> feitas corretamente, sem transformar um valor isolado em diagn\u00f3stico. Essas informa\u00e7\u00f5es ajudam o m\u00e9dico a decidir se h\u00e1 necessidade de exame neurol\u00f3gico, imagem, avalia\u00e7\u00e3o ocular ou ajuste de medicamentos.<\/p>\n\n\n\n<p class=\"wp-block-paragraph\">Em vez de focar apenas no al\u00edvio, o mais seguro \u00e9 observar o padr\u00e3o, os gatilhos e a presen\u00e7a de <strong>sinais de alerta<\/strong>. Em pessoas acima dos 50 anos, cefaleia com mudan\u00e7a de frequ\u00eancia, progress\u00e3o ou sintomas neurol\u00f3gicos entra no grupo de queixas que precisam de investiga\u00e7\u00e3o cl\u00ednica direcionada.<\/p>\n\n\n\n<p class=\"wp-block-paragraph\">Este conte\u00fado tem car\u00e1ter exclusivamente informativo e <strong>n\u00e3o substitui a avalia\u00e7\u00e3o<\/strong>, o diagn\u00f3stico ou o acompanhamento de um profissional de sa\u00fade. Se voc\u00ea apresenta sintomas ou tem d\u00favidas sobre sua condi\u00e7\u00e3o, procure orienta\u00e7\u00e3o m\u00e9dica.<\/p>\n","protected":false},"excerpt":{"rendered":"<p>Dor de cabe\u00e7a depois dos 50 anos merece aten\u00e7\u00e3o quando passa a surgir com mais frequ\u00eancia, muda de intensidade ou aparece junto de tontura, vis\u00e3o turva, n\u00e1usea ou altera\u00e7\u00e3o neurol\u00f3gica. Nessa fase da vida, a cefaleia pode ter rela\u00e7\u00e3o com circula\u00e7\u00e3o, inflama\u00e7\u00e3o, press\u00e3o arterial, uso excessivo de analg\u00e9sicos ou causas secund\u00e1rias que exigem avalia\u00e7\u00e3o al\u00e9m [&hellip;]<\/p>\n","protected":false},"author":6,"featured_media":106814,"comment_status":"open","ping_status":"open","sticky":false,"template":"","format":"standard","meta":{"_yoast_wpseo_focuskw":"dor de cabe\u00e7a","_yoast_wpseo_title":"","_yoast_wpseo_metadesc":"Dor de cabe\u00e7a que muda depois dos 50 anos pode ter outro significado, sobretudo com press\u00e3o arterial alterada e sinais de alerta discretos.","jnews-multi-image_gallery":[],"jnews_single_post":{"format":"standard"},"jnews_primary_category":[],"jnews_social_meta":[],"jnews_override_counter":[],"footnotes":""},"categories":[111],"tags":[4750,282,118,1796,7041],"class_list":["post-106816","post","type-post","status-publish","format-standard","has-post-thumbnail","hentry","category-saude","tag-analgesicos","tag-dor-de-cabeca","tag-pressao-arterial","tag-saude-2","tag-sinais-de-alerta"],"yoast_head":"<!-- This site is optimized with the Yoast SEO plugin v26.7 - https:\/\/yoast.com\/wordpress\/plugins\/seo\/ -->\n<title>Dor de cabe\u00e7a que muda de padr\u00e3o depois dos 50 anos n\u00e3o deve ser tratada s\u00f3 com analg\u00e9sico: os sinais que pedem investiga\u00e7\u00e3o - Tua Sa\u00fade<\/title>\n<meta name=\"description\" content=\"Dor de cabe\u00e7a que muda depois dos 50 anos pode ter outro significado, sobretudo com press\u00e3o arterial alterada e sinais de alerta discretos.\" \/>\n<meta name=\"robots\" content=\"index, follow, max-snippet:-1, max-image-preview:large, max-video-preview:-1\" \/>\n<link rel=\"canonical\" href=\"https:\/\/www.tuasaude.com\/news\/2026\/09\/02\/dor-de-cabeca-que-muda-de-padrao-depois-dos-50-anos-nao-deve-ser-tratada-so-com-analgesico-os-sinais-que-pedem-investigacao\/\" \/>\n<meta property=\"og:locale\" content=\"pt_BR\" \/>\n<meta property=\"og:type\" content=\"article\" \/>\n<meta property=\"og:title\" content=\"Dor de cabe\u00e7a que muda de padr\u00e3o depois dos 50 anos n\u00e3o deve ser tratada s\u00f3 com analg\u00e9sico: os sinais que pedem investiga\u00e7\u00e3o - Tua Sa\u00fade\" \/>\n<meta property=\"og:description\" content=\"Dor de cabe\u00e7a que muda depois dos 50 anos pode ter outro significado, sobretudo com press\u00e3o arterial alterada e sinais de alerta discretos.\" \/>\n<meta property=\"og:url\" content=\"https:\/\/www.tuasaude.com\/news\/2026\/09\/02\/dor-de-cabeca-que-muda-de-padrao-depois-dos-50-anos-nao-deve-ser-tratada-so-com-analgesico-os-sinais-que-pedem-investigacao\/\" \/>\n<meta property=\"og:site_name\" content=\"Tua Sa\u00fade\" \/>\n<meta property=\"article:published_time\" content=\"2026-09-02T19:58:00+00:00\" \/>\n<meta property=\"og:image\" content=\"https:\/\/www.tuasaude.com\/news\/wp-content\/uploads\/2026\/09\/dor-de-cabeca-que-muda-de-padrao-depois-dos-50-anos-nao-deve.jpg\" \/>\n\t<meta property=\"og:image:width\" content=\"1279\" \/>\n\t<meta property=\"og:image:height\" content=\"720\" \/>\n\t<meta property=\"og:image:type\" content=\"image\/jpeg\" \/>\n<meta name=\"author\" content=\"Gabriel Leme\" \/>\n<meta name=\"twitter:card\" content=\"summary_large_image\" \/>\n<meta name=\"twitter:label1\" content=\"Escrito por\" \/>\n\t<meta name=\"twitter:data1\" content=\"Gabriel Leme\" \/>\n\t<meta name=\"twitter:label2\" content=\"Est. tempo de leitura\" \/>\n\t<meta name=\"twitter:data2\" content=\"5 minutos\" \/>\n<!-- \/ Yoast SEO plugin. -->","yoast_head_json":{"title":"Dor de cabe\u00e7a que muda de padr\u00e3o depois dos 50 anos n\u00e3o deve ser tratada s\u00f3 com analg\u00e9sico: os sinais que pedem investiga\u00e7\u00e3o - Tua Sa\u00fade","description":"Dor de cabe\u00e7a que muda depois dos 50 anos pode ter outro significado, sobretudo com press\u00e3o arterial alterada e sinais de alerta discretos.","robots":{"index":"index","follow":"follow","max-snippet":"max-snippet:-1","max-image-preview":"max-image-preview:large","max-video-preview":"max-video-preview:-1"},"canonical":"https:\/\/www.tuasaude.com\/news\/2026\/09\/02\/dor-de-cabeca-que-muda-de-padrao-depois-dos-50-anos-nao-deve-ser-tratada-so-com-analgesico-os-sinais-que-pedem-investigacao\/","og_locale":"pt_BR","og_type":"article","og_title":"Dor de cabe\u00e7a que muda de padr\u00e3o depois dos 50 anos n\u00e3o deve ser tratada s\u00f3 com analg\u00e9sico: os sinais que pedem investiga\u00e7\u00e3o - Tua Sa\u00fade","og_description":"Dor de cabe\u00e7a que muda depois dos 50 anos pode ter outro significado, sobretudo com press\u00e3o arterial alterada e sinais de alerta discretos.","og_url":"https:\/\/www.tuasaude.com\/news\/2026\/09\/02\/dor-de-cabeca-que-muda-de-padrao-depois-dos-50-anos-nao-deve-ser-tratada-so-com-analgesico-os-sinais-que-pedem-investigacao\/","og_site_name":"Tua Sa\u00fade","article_published_time":"2026-09-02T19:58:00+00:00","og_image":[{"width":1279,"height":720,"url":"https:\/\/www.tuasaude.com\/news\/wp-content\/uploads\/2026\/09\/dor-de-cabeca-que-muda-de-padrao-depois-dos-50-anos-nao-deve.jpg","type":"image\/jpeg"}],"author":"Gabriel Leme","twitter_card":"summary_large_image","twitter_misc":{"Escrito por":"Gabriel Leme","Est. tempo de leitura":"5 minutos"},"schema":{"@context":"https:\/\/schema.org","@graph":[{"@type":"Article","@id":"https:\/\/www.tuasaude.com\/news\/2026\/09\/02\/dor-de-cabeca-que-muda-de-padrao-depois-dos-50-anos-nao-deve-ser-tratada-so-com-analgesico-os-sinais-que-pedem-investigacao\/#article","isPartOf":{"@id":"https:\/\/www.tuasaude.com\/news\/2026\/09\/02\/dor-de-cabeca-que-muda-de-padrao-depois-dos-50-anos-nao-deve-ser-tratada-so-com-analgesico-os-sinais-que-pedem-investigacao\/"},"author":{"name":"Gabriel Leme","@id":"https:\/\/www.tuasaude.com\/news\/#\/schema\/person\/bf512a2e53b74f5544ff3040f496e593"},"headline":"Dor de cabe\u00e7a que muda de padr\u00e3o depois dos 50 anos n\u00e3o deve ser tratada s\u00f3 com analg\u00e9sico: os sinais que pedem investiga\u00e7\u00e3o","datePublished":"2026-09-02T19:58:00+00:00","mainEntityOfPage":{"@id":"https:\/\/www.tuasaude.com\/news\/2026\/09\/02\/dor-de-cabeca-que-muda-de-padrao-depois-dos-50-anos-nao-deve-ser-tratada-so-com-analgesico-os-sinais-que-pedem-investigacao\/"},"wordCount":863,"commentCount":0,"image":{"@id":"https:\/\/www.tuasaude.com\/news\/2026\/09\/02\/dor-de-cabeca-que-muda-de-padrao-depois-dos-50-anos-nao-deve-ser-tratada-so-com-analgesico-os-sinais-que-pedem-investigacao\/#primaryimage"},"thumbnailUrl":"https:\/\/www.tuasaude.com\/news\/wp-content\/uploads\/2026\/09\/dor-de-cabeca-que-muda-de-padrao-depois-dos-50-anos-nao-deve.jpg","keywords":["analg\u00e9sicos","dor de cabe\u00e7a","press\u00e3o arterial","saude","sinais de alerta"],"articleSection":["Sa\u00fade"],"inLanguage":"pt-BR","potentialAction":[{"@type":"CommentAction","name":"Comment","target":["https:\/\/www.tuasaude.com\/news\/2026\/09\/02\/dor-de-cabeca-que-muda-de-padrao-depois-dos-50-anos-nao-deve-ser-tratada-so-com-analgesico-os-sinais-que-pedem-investigacao\/#respond"]}]},{"@type":"WebPage","@id":"https:\/\/www.tuasaude.com\/news\/2026\/09\/02\/dor-de-cabeca-que-muda-de-padrao-depois-dos-50-anos-nao-deve-ser-tratada-so-com-analgesico-os-sinais-que-pedem-investigacao\/","url":"https:\/\/www.tuasaude.com\/news\/2026\/09\/02\/dor-de-cabeca-que-muda-de-padrao-depois-dos-50-anos-nao-deve-ser-tratada-so-com-analgesico-os-sinais-que-pedem-investigacao\/","name":"Dor de cabe\u00e7a que muda de padr\u00e3o depois dos 50 anos n\u00e3o deve ser tratada s\u00f3 com analg\u00e9sico: os sinais que pedem investiga\u00e7\u00e3o - Tua Sa\u00fade","isPartOf":{"@id":"https:\/\/www.tuasaude.com\/news\/#website"},"primaryImageOfPage":{"@id":"https:\/\/www.tuasaude.com\/news\/2026\/09\/02\/dor-de-cabeca-que-muda-de-padrao-depois-dos-50-anos-nao-deve-ser-tratada-so-com-analgesico-os-sinais-que-pedem-investigacao\/#primaryimage"},"image":{"@id":"https:\/\/www.tuasaude.com\/news\/2026\/09\/02\/dor-de-cabeca-que-muda-de-padrao-depois-dos-50-anos-nao-deve-ser-tratada-so-com-analgesico-os-sinais-que-pedem-investigacao\/#primaryimage"},"thumbnailUrl":"https:\/\/www.tuasaude.com\/news\/wp-content\/uploads\/2026\/09\/dor-de-cabeca-que-muda-de-padrao-depois-dos-50-anos-nao-deve.jpg","datePublished":"2026-09-02T19:58:00+00:00","author":{"@id":"https:\/\/www.tuasaude.com\/news\/#\/schema\/person\/bf512a2e53b74f5544ff3040f496e593"},"description":"Dor de cabe\u00e7a que muda depois dos 50 anos pode ter outro significado, sobretudo com press\u00e3o arterial alterada e sinais de alerta discretos.","breadcrumb":{"@id":"https:\/\/www.tuasaude.com\/news\/2026\/09\/02\/dor-de-cabeca-que-muda-de-padrao-depois-dos-50-anos-nao-deve-ser-tratada-so-com-analgesico-os-sinais-que-pedem-investigacao\/#breadcrumb"},"inLanguage":"pt-BR","potentialAction":[{"@type":"ReadAction","target":["https:\/\/www.tuasaude.com\/news\/2026\/09\/02\/dor-de-cabeca-que-muda-de-padrao-depois-dos-50-anos-nao-deve-ser-tratada-so-com-analgesico-os-sinais-que-pedem-investigacao\/"]}]},{"@type":"ImageObject","inLanguage":"pt-BR","@id":"https:\/\/www.tuasaude.com\/news\/2026\/09\/02\/dor-de-cabeca-que-muda-de-padrao-depois-dos-50-anos-nao-deve-ser-tratada-so-com-analgesico-os-sinais-que-pedem-investigacao\/#primaryimage","url":"https:\/\/www.tuasaude.com\/news\/wp-content\/uploads\/2026\/09\/dor-de-cabeca-que-muda-de-padrao-depois-dos-50-anos-nao-deve.jpg","contentUrl":"https:\/\/www.tuasaude.com\/news\/wp-content\/uploads\/2026\/09\/dor-de-cabeca-que-muda-de-padrao-depois-dos-50-anos-nao-deve.jpg","width":1279,"height":720,"caption":"Dor de cabe\u00e7a ap\u00f3s os 50 com novo padr\u00e3o exige investiga\u00e7\u00e3o m\u00e9dica."},{"@type":"BreadcrumbList","@id":"https:\/\/www.tuasaude.com\/news\/2026\/09\/02\/dor-de-cabeca-que-muda-de-padrao-depois-dos-50-anos-nao-deve-ser-tratada-so-com-analgesico-os-sinais-que-pedem-investigacao\/#breadcrumb","itemListElement":[{"@type":"ListItem","position":1,"name":"In\u00edcio","item":"https:\/\/www.tuasaude.com\/news\/"},{"@type":"ListItem","position":2,"name":"Dor de cabe\u00e7a que muda de padr\u00e3o depois dos 50 anos n\u00e3o deve ser tratada s\u00f3 com analg\u00e9sico: os sinais que pedem investiga\u00e7\u00e3o"}]},{"@type":"WebSite","@id":"https:\/\/www.tuasaude.com\/news\/#website","url":"https:\/\/www.tuasaude.com\/news\/","name":"Tua Sa\u00fade","description":"Seu site de sa\u00fade","potentialAction":[{"@type":"SearchAction","target":{"@type":"EntryPoint","urlTemplate":"https:\/\/www.tuasaude.com\/news\/?s={search_term_string}"},"query-input":{"@type":"PropertyValueSpecification","valueRequired":true,"valueName":"search_term_string"}}],"inLanguage":"pt-BR"},{"@type":"Person","@id":"https:\/\/www.tuasaude.com\/news\/#\/schema\/person\/bf512a2e53b74f5544ff3040f496e593","name":"Gabriel Leme","image":{"@type":"ImageObject","inLanguage":"pt-BR","@id":"https:\/\/www.tuasaude.com\/news\/#\/schema\/person\/image\/","url":"https:\/\/secure.gravatar.com\/avatar\/a12badc2d08e73d59b38f178ebe822eca26c0445823b05fefedea89fb346439c?s=96&d=mm&r=g","contentUrl":"https:\/\/secure.gravatar.com\/avatar\/a12badc2d08e73d59b38f178ebe822eca26c0445823b05fefedea89fb346439c?s=96&d=mm&r=g","caption":"Gabriel Leme"},"sameAs":["https:\/\/www.tuasaude.com\/news"],"url":"https:\/\/www.tuasaude.com\/news\/author\/gabrielleme\/"}]}},"_links":{"self":[{"href":"https:\/\/www.tuasaude.com\/news\/wp-json\/wp\/v2\/posts\/106816","targetHints":{"allow":["GET"]}}],"collection":[{"href":"https:\/\/www.tuasaude.com\/news\/wp-json\/wp\/v2\/posts"}],"about":[{"href":"https:\/\/www.tuasaude.com\/news\/wp-json\/wp\/v2\/types\/post"}],"author":[{"embeddable":true,"href":"https:\/\/www.tuasaude.com\/news\/wp-json\/wp\/v2\/users\/6"}],"replies":[{"embeddable":true,"href":"https:\/\/www.tuasaude.com\/news\/wp-json\/wp\/v2\/comments?post=106816"}],"version-history":[{"count":1,"href":"https:\/\/www.tuasaude.com\/news\/wp-json\/wp\/v2\/posts\/106816\/revisions"}],"predecessor-version":[{"id":106850,"href":"https:\/\/www.tuasaude.com\/news\/wp-json\/wp\/v2\/posts\/106816\/revisions\/106850"}],"wp:featuredmedia":[{"embeddable":true,"href":"https:\/\/www.tuasaude.com\/news\/wp-json\/wp\/v2\/media\/106814"}],"wp:attachment":[{"href":"https:\/\/www.tuasaude.com\/news\/wp-json\/wp\/v2\/media?parent=106816"}],"wp:term":[{"taxonomy":"category","embeddable":true,"href":"https:\/\/www.tuasaude.com\/news\/wp-json\/wp\/v2\/categories?post=106816"},{"taxonomy":"post_tag","embeddable":true,"href":"https:\/\/www.tuasaude.com\/news\/wp-json\/wp\/v2\/tags?post=106816"}],"curies":[{"name":"wp","href":"https:\/\/api.w.org\/{rel}","templated":true}]}}