{"id":106795,"date":"2026-09-02T12:45:00","date_gmt":"2026-09-02T15:45:00","guid":{"rendered":"https:\/\/www.tuasaude.com\/news\/?p=106795"},"modified":"2026-09-02T09:14:30","modified_gmt":"2026-09-02T12:14:30","slug":"dormir-mal-na-lua-cheia-e-impressao-o-que-a-ciencia-tem-observado-sobre-luz-ciclo-circadiano-e-qualidade-do-sono","status":"publish","type":"post","link":"https:\/\/www.tuasaude.com\/news\/2026\/09\/02\/dormir-mal-na-lua-cheia-e-impressao-o-que-a-ciencia-tem-observado-sobre-luz-ciclo-circadiano-e-qualidade-do-sono\/","title":{"rendered":"Dormir mal na lua cheia \u00e9 impress\u00e3o? O que a ci\u00eancia tem observado sobre luz, ciclo circadiano e qualidade do sono"},"content":{"rendered":"\n<p class=\"wp-block-paragraph\"><strong>Sono<\/strong> ruim em noites de <strong>lua cheia<\/strong> \u00e9 uma queixa comum, mas a resposta n\u00e3o cabe em supersti\u00e7\u00e3o nem em certeza absoluta. O que se sabe hoje passa por melatonina, rel\u00f3gio biol\u00f3gico, exposi\u00e7\u00e3o \u00e0 <strong>luz noturna<\/strong> e sensibilidade individual. Quando o descanso perde dura\u00e7\u00e3o ou profundidade, o corpo sente no humor, na aten\u00e7\u00e3o e na recupera\u00e7\u00e3o f\u00edsica.<\/p>\n\n\n\n<h2 class=\"wp-block-heading\">A lua cheia realmente pode mexer com o sono?<\/h2>\n\n\n\n<p class=\"wp-block-paragraph\">A <strong>lua cheia<\/strong> pode coincidir com noites de maior claridade natural, e isso levanta uma hip\u00f3tese plaus\u00edvel. Em pessoas mais sens\u00edveis \u00e0 luminosidade, o c\u00e9rebro pode interpretar esse ambiente como um sinal de vig\u00edlia mais prolongada, atrasando o in\u00edcio do sono e encurtando o tempo total na cama.<\/p>\n\n\n\n<p class=\"wp-block-paragraph\">Isso n\u00e3o significa que toda noite de luar cause ins\u00f4nia. Quarto escuro, cortinas blecaute, telas acesas, rotina irregular e ansiedade costumam pesar mais do que a fase lunar isolada. Ainda assim, quando a queixa aparece sempre no mesmo per\u00edodo do m\u00eas, vale observar o padr\u00e3o em vez de tratar tudo como coincid\u00eancia.<\/p>\n\n\n\n<h2 class=\"wp-block-heading\">O que a pesquisa cient\u00edfica tem observado sobre luz e ciclo circadiano?<\/h2>\n\n\n\n<p class=\"wp-block-paragraph\">Pesquisa publicada em 2026 reuniu estudos sobre exposi\u00e7\u00e3o luminosa \u00e0 noite e encontrou uma associa\u00e7\u00e3o consistente entre mais claridade artificial e mais dist\u00farbios do sono. Em outras palavras, <a href=\"https:\/\/pubmed.ncbi.nlm.nih.gov\/41500302\/\" target=\"_blank\" rel=\"noopener noreferrer\">n\u00edveis mais altos de luz noturna aumentaram as queixas de sono<\/a>, refor\u00e7ando a ideia de que a luminosidade tem efeito direto sobre o repouso.<\/p>\n\n\n\n<p class=\"wp-block-paragraph\">Esse resultado ajuda a interpretar a discuss\u00e3o sobre <strong>ciclo circadiano<\/strong>. Quando h\u00e1 luz em hor\u00e1rio em que o organismo espera escurid\u00e3o, a libera\u00e7\u00e3o de melatonina pode atrasar, a sonol\u00eancia demora mais a chegar e o adormecer fica menos eficiente. Outra investiga\u00e7\u00e3o, em 2021, observou que em certas popula\u00e7\u00f5es o sono come\u00e7ava mais tarde e durava menos perto da lua cheia, mas esse padr\u00e3o n\u00e3o parece uniforme em ambientes urbanos modernos.<\/p>\n\n\n<div class=\"wp-block-image wp-block-image aligncenter size-large\">\n<figure ><img decoding=\"async\" width=\"1279\" height=\"720\" src=\"https:\/\/cdnnewsimg.tuasaude.com\/wp-content\/uploads\/2026\/09\/dormir-mal-na-lua-cheia-e-impressao-o-que-a-ciencia-tem-corpo.jpg\" alt=\"Escurid\u00e3o, menos telas, rotina e est\u00edmulos controlados ajudam a proteger o sono.\" class=\"wp-image-106794\" srcset=\"https:\/\/www.tuasaude.com\/news\/wp-content\/uploads\/2026\/09\/dormir-mal-na-lua-cheia-e-impressao-o-que-a-ciencia-tem-corpo.jpg 1279w, https:\/\/www.tuasaude.com\/news\/wp-content\/uploads\/2026\/09\/dormir-mal-na-lua-cheia-e-impressao-o-que-a-ciencia-tem-corpo-300x169.jpg 300w, https:\/\/www.tuasaude.com\/news\/wp-content\/uploads\/2026\/09\/dormir-mal-na-lua-cheia-e-impressao-o-que-a-ciencia-tem-corpo-1024x576.jpg 1024w, https:\/\/www.tuasaude.com\/news\/wp-content\/uploads\/2026\/09\/dormir-mal-na-lua-cheia-e-impressao-o-que-a-ciencia-tem-corpo-768x432.jpg 768w, https:\/\/www.tuasaude.com\/news\/wp-content\/uploads\/2026\/09\/dormir-mal-na-lua-cheia-e-impressao-o-que-a-ciencia-tem-corpo-750x422.jpg 750w, https:\/\/www.tuasaude.com\/news\/wp-content\/uploads\/2026\/09\/dormir-mal-na-lua-cheia-e-impressao-o-que-a-ciencia-tem-corpo-1140x642.jpg 1140w\" sizes=\"(max-width: 1279px) 100vw, 1279px\" \/><figcaption class=\"wp-element-caption\">Escurid\u00e3o, menos telas, rotina e est\u00edmulos controlados ajudam a proteger o sono.<\/figcaption><\/figure>\n<\/div>\n\n\n<h2 class=\"wp-block-heading\">Por que a luz noturna atrapalha tanto?<\/h2>\n\n\n\n<p class=\"wp-block-paragraph\">A <strong>luz noturna<\/strong> age como um marcador temporal para o c\u00e9rebro. Mesmo sem acordar totalmente, a retina capta claridade e envia sinais que influenciam o rel\u00f3gio interno, a temperatura corporal e a produ\u00e7\u00e3o hormonal. Se isso acontece com frequ\u00eancia, o corpo pode perder regularidade entre hora de dormir, despertar e picos de disposi\u00e7\u00e3o ao longo do dia.<\/p>\n\n\n\n<p class=\"wp-block-paragraph\">Alguns fatores costumam aumentar esse impacto:<\/p>\n\n\n\n<ul class=\"wp-block-list\">\n<li>lumin\u00e1rias fortes no quarto ou no corredor<\/li>\n\n\n\n<li>uso de celular na cama<\/li>\n\n\n\n<li>televis\u00e3o ligada at\u00e9 adormecer<\/li>\n\n\n\n<li>ambiente sem veda\u00e7\u00e3o de luz externa<\/li>\n\n\n\n<li>hor\u00e1rios de sono muito vari\u00e1veis<\/li>\n<\/ul>\n\n\n\n<p class=\"wp-block-paragraph\">Quando esses elementos se somam, fica dif\u00edcil saber se o problema veio do luar ou da ilumina\u00e7\u00e3o ao redor.<\/p>\n\n\n\n<h2 class=\"wp-block-heading\">Como perceber se o ciclo circadiano est\u00e1 desregulado?<\/h2>\n\n\n\n<p class=\"wp-block-paragraph\">O <strong>ciclo circadiano<\/strong> costuma dar sinais claros quando sai do eixo. No portal Tua Sa\u00fade, h\u00e1 uma explica\u00e7\u00e3o objetiva sobre <a href=\"https:\/\/www.tuasaude.com\/ciclo-circadino\/\" target=\"_blank\" rel=\"noopener noreferrer\">como regular o ritmo biol\u00f3gico<\/a>, com foco em luz, rotina e hor\u00e1rios. Esse tipo de orienta\u00e7\u00e3o ajuda a diferenciar uma noite ruim isolada de um padr\u00e3o persistente.<\/p>\n\n\n\n<p class=\"wp-block-paragraph\">Alguns ind\u00edcios merecem aten\u00e7\u00e3o:<\/p>\n\n\n\n<ul class=\"wp-block-list\">\n<li>demora frequente para pegar no sono<\/li>\n\n\n\n<li>despertares no meio da madrugada<\/li>\n\n\n\n<li>sono leve ou pouco reparador<\/li>\n\n\n\n<li>sonol\u00eancia de manh\u00e3 e alerta \u00e0 noite<\/li>\n\n\n\n<li>queda de concentra\u00e7\u00e3o durante o dia<\/li>\n<\/ul>\n\n\n\n<h2 class=\"wp-block-heading\">O que fazer quando a lua cheia parece piorar a noite?<\/h2>\n\n\n\n<p class=\"wp-block-paragraph\">Se a percep\u00e7\u00e3o se repete, o melhor caminho \u00e9 testar medidas simples por duas ou tr\u00eas semanas. Escurecer o quarto, reduzir telas na \u00faltima hora do dia, manter hor\u00e1rio regular para deitar e evitar cafe\u00edna no fim da tarde s\u00e3o ajustes que ajudam a proteger a arquitetura do sono. O objetivo \u00e9 diminuir qualquer est\u00edmulo luminoso que atrase a sonol\u00eancia.<\/p>\n\n\n\n<p class=\"wp-block-paragraph\">Se mesmo com esses cuidados o <strong>sono<\/strong> continua ruim, com ronco, pausas respirat\u00f3rias, ansiedade intensa ou cansa\u00e7o diurno marcante, a investiga\u00e7\u00e3o precisa ir al\u00e9m da fase da lua. O padr\u00e3o de descanso depende de luz, h\u00e1bitos, sa\u00fade mental, respira\u00e7\u00e3o e funcionamento do rel\u00f3gio biol\u00f3gico, todos com impacto real na qualidade do repouso.<\/p>\n\n\n\n<p class=\"wp-block-paragraph\">Este conte\u00fado tem car\u00e1ter exclusivamente informativo e <strong>n\u00e3o substitui a avalia\u00e7\u00e3o<\/strong>, o diagn\u00f3stico ou o acompanhamento de um profissional de sa\u00fade. Se voc\u00ea apresenta sintomas ou tem d\u00favidas sobre sua condi\u00e7\u00e3o, procure orienta\u00e7\u00e3o m\u00e9dica.<\/p>\n","protected":false},"excerpt":{"rendered":"<p>Sono ruim em noites de lua cheia \u00e9 uma queixa comum, mas a resposta n\u00e3o cabe em supersti\u00e7\u00e3o nem em certeza absoluta. O que se sabe hoje passa por melatonina, rel\u00f3gio biol\u00f3gico, exposi\u00e7\u00e3o \u00e0 luz noturna e sensibilidade individual. Quando o descanso perde dura\u00e7\u00e3o ou profundidade, o corpo sente no humor, na aten\u00e7\u00e3o e na [&hellip;]<\/p>\n","protected":false},"author":6,"featured_media":106793,"comment_status":"open","ping_status":"open","sticky":false,"template":"","format":"standard","meta":{"_yoast_wpseo_focuskw":"sono","_yoast_wpseo_title":"","_yoast_wpseo_metadesc":"Dormir pior na lua cheia pode ter menos mist\u00e9rio do que parece, e a luz noturna muda o ciclo circadiano de um jeito que passa despercebido.","jnews-multi-image_gallery":[],"jnews_single_post":{"format":"standard"},"jnews_primary_category":[],"jnews_social_meta":[],"jnews_override_counter":[],"footnotes":""},"categories":[111],"tags":[265,12949,2243,1796],"class_list":["post-106795","post","type-post","status-publish","format-standard","has-post-thumbnail","hentry","category-saude","tag-ciclo-circadiano","tag-lua-cheia","tag-luz-noturna","tag-saude-2"],"yoast_head":"<!-- This site is optimized with the Yoast SEO plugin v26.7 - https:\/\/yoast.com\/wordpress\/plugins\/seo\/ -->\n<title>Dormir mal na lua cheia \u00e9 impress\u00e3o? O que a ci\u00eancia tem observado sobre luz, ciclo circadiano e qualidade do sono - Tua Sa\u00fade<\/title>\n<meta name=\"description\" content=\"Dormir pior na lua cheia pode ter menos mist\u00e9rio do que parece, e a luz noturna muda o ciclo circadiano de um jeito que passa despercebido.\" \/>\n<meta name=\"robots\" content=\"index, follow, max-snippet:-1, max-image-preview:large, max-video-preview:-1\" \/>\n<link rel=\"canonical\" href=\"https:\/\/www.tuasaude.com\/news\/2026\/09\/02\/dormir-mal-na-lua-cheia-e-impressao-o-que-a-ciencia-tem-observado-sobre-luz-ciclo-circadiano-e-qualidade-do-sono\/\" \/>\n<meta property=\"og:locale\" content=\"pt_BR\" \/>\n<meta property=\"og:type\" content=\"article\" \/>\n<meta property=\"og:title\" content=\"Dormir mal na lua cheia \u00e9 impress\u00e3o? O que a ci\u00eancia tem observado sobre luz, ciclo circadiano e qualidade do sono - Tua Sa\u00fade\" \/>\n<meta property=\"og:description\" content=\"Dormir pior na lua cheia pode ter menos mist\u00e9rio do que parece, e a luz noturna muda o ciclo circadiano de um jeito que passa despercebido.\" \/>\n<meta property=\"og:url\" content=\"https:\/\/www.tuasaude.com\/news\/2026\/09\/02\/dormir-mal-na-lua-cheia-e-impressao-o-que-a-ciencia-tem-observado-sobre-luz-ciclo-circadiano-e-qualidade-do-sono\/\" \/>\n<meta property=\"og:site_name\" content=\"Tua Sa\u00fade\" \/>\n<meta property=\"article:published_time\" content=\"2026-09-02T15:45:00+00:00\" \/>\n<meta property=\"og:image\" content=\"https:\/\/www.tuasaude.com\/news\/wp-content\/uploads\/2026\/09\/dormir-mal-na-lua-cheia-e-impressao-o-que-a-ciencia-tem-obse.jpg\" \/>\n\t<meta property=\"og:image:width\" content=\"1279\" \/>\n\t<meta property=\"og:image:height\" content=\"720\" \/>\n\t<meta property=\"og:image:type\" content=\"image\/jpeg\" \/>\n<meta name=\"author\" content=\"Gabriel Leme\" \/>\n<meta name=\"twitter:card\" content=\"summary_large_image\" \/>\n<meta name=\"twitter:label1\" content=\"Escrito por\" \/>\n\t<meta name=\"twitter:data1\" content=\"Gabriel Leme\" \/>\n\t<meta name=\"twitter:label2\" content=\"Est. tempo de leitura\" \/>\n\t<meta name=\"twitter:data2\" content=\"5 minutos\" \/>\n<!-- \/ Yoast SEO plugin. -->","yoast_head_json":{"title":"Dormir mal na lua cheia \u00e9 impress\u00e3o? O que a ci\u00eancia tem observado sobre luz, ciclo circadiano e qualidade do sono - Tua Sa\u00fade","description":"Dormir pior na lua cheia pode ter menos mist\u00e9rio do que parece, e a luz noturna muda o ciclo circadiano de um jeito que passa despercebido.","robots":{"index":"index","follow":"follow","max-snippet":"max-snippet:-1","max-image-preview":"max-image-preview:large","max-video-preview":"max-video-preview:-1"},"canonical":"https:\/\/www.tuasaude.com\/news\/2026\/09\/02\/dormir-mal-na-lua-cheia-e-impressao-o-que-a-ciencia-tem-observado-sobre-luz-ciclo-circadiano-e-qualidade-do-sono\/","og_locale":"pt_BR","og_type":"article","og_title":"Dormir mal na lua cheia \u00e9 impress\u00e3o? O que a ci\u00eancia tem observado sobre luz, ciclo circadiano e qualidade do sono - Tua Sa\u00fade","og_description":"Dormir pior na lua cheia pode ter menos mist\u00e9rio do que parece, e a luz noturna muda o ciclo circadiano de um jeito que passa despercebido.","og_url":"https:\/\/www.tuasaude.com\/news\/2026\/09\/02\/dormir-mal-na-lua-cheia-e-impressao-o-que-a-ciencia-tem-observado-sobre-luz-ciclo-circadiano-e-qualidade-do-sono\/","og_site_name":"Tua Sa\u00fade","article_published_time":"2026-09-02T15:45:00+00:00","og_image":[{"width":1279,"height":720,"url":"https:\/\/www.tuasaude.com\/news\/wp-content\/uploads\/2026\/09\/dormir-mal-na-lua-cheia-e-impressao-o-que-a-ciencia-tem-obse.jpg","type":"image\/jpeg"}],"author":"Gabriel Leme","twitter_card":"summary_large_image","twitter_misc":{"Escrito por":"Gabriel Leme","Est. tempo de leitura":"5 minutos"},"schema":{"@context":"https:\/\/schema.org","@graph":[{"@type":"Article","@id":"https:\/\/www.tuasaude.com\/news\/2026\/09\/02\/dormir-mal-na-lua-cheia-e-impressao-o-que-a-ciencia-tem-observado-sobre-luz-ciclo-circadiano-e-qualidade-do-sono\/#article","isPartOf":{"@id":"https:\/\/www.tuasaude.com\/news\/2026\/09\/02\/dormir-mal-na-lua-cheia-e-impressao-o-que-a-ciencia-tem-observado-sobre-luz-ciclo-circadiano-e-qualidade-do-sono\/"},"author":{"name":"Gabriel Leme","@id":"https:\/\/www.tuasaude.com\/news\/#\/schema\/person\/bf512a2e53b74f5544ff3040f496e593"},"headline":"Dormir mal na lua cheia \u00e9 impress\u00e3o? O que a ci\u00eancia tem observado sobre luz, ciclo circadiano e qualidade do sono","datePublished":"2026-09-02T15:45:00+00:00","mainEntityOfPage":{"@id":"https:\/\/www.tuasaude.com\/news\/2026\/09\/02\/dormir-mal-na-lua-cheia-e-impressao-o-que-a-ciencia-tem-observado-sobre-luz-ciclo-circadiano-e-qualidade-do-sono\/"},"wordCount":774,"commentCount":0,"image":{"@id":"https:\/\/www.tuasaude.com\/news\/2026\/09\/02\/dormir-mal-na-lua-cheia-e-impressao-o-que-a-ciencia-tem-observado-sobre-luz-ciclo-circadiano-e-qualidade-do-sono\/#primaryimage"},"thumbnailUrl":"https:\/\/www.tuasaude.com\/news\/wp-content\/uploads\/2026\/09\/dormir-mal-na-lua-cheia-e-impressao-o-que-a-ciencia-tem-obse.jpg","keywords":["ciclo circadiano","lua cheia","luz noturna","saude"],"articleSection":["Sa\u00fade"],"inLanguage":"pt-BR","potentialAction":[{"@type":"CommentAction","name":"Comment","target":["https:\/\/www.tuasaude.com\/news\/2026\/09\/02\/dormir-mal-na-lua-cheia-e-impressao-o-que-a-ciencia-tem-observado-sobre-luz-ciclo-circadiano-e-qualidade-do-sono\/#respond"]}]},{"@type":"WebPage","@id":"https:\/\/www.tuasaude.com\/news\/2026\/09\/02\/dormir-mal-na-lua-cheia-e-impressao-o-que-a-ciencia-tem-observado-sobre-luz-ciclo-circadiano-e-qualidade-do-sono\/","url":"https:\/\/www.tuasaude.com\/news\/2026\/09\/02\/dormir-mal-na-lua-cheia-e-impressao-o-que-a-ciencia-tem-observado-sobre-luz-ciclo-circadiano-e-qualidade-do-sono\/","name":"Dormir mal na lua cheia \u00e9 impress\u00e3o? O que a ci\u00eancia tem observado sobre luz, ciclo circadiano e qualidade do sono - Tua Sa\u00fade","isPartOf":{"@id":"https:\/\/www.tuasaude.com\/news\/#website"},"primaryImageOfPage":{"@id":"https:\/\/www.tuasaude.com\/news\/2026\/09\/02\/dormir-mal-na-lua-cheia-e-impressao-o-que-a-ciencia-tem-observado-sobre-luz-ciclo-circadiano-e-qualidade-do-sono\/#primaryimage"},"image":{"@id":"https:\/\/www.tuasaude.com\/news\/2026\/09\/02\/dormir-mal-na-lua-cheia-e-impressao-o-que-a-ciencia-tem-observado-sobre-luz-ciclo-circadiano-e-qualidade-do-sono\/#primaryimage"},"thumbnailUrl":"https:\/\/www.tuasaude.com\/news\/wp-content\/uploads\/2026\/09\/dormir-mal-na-lua-cheia-e-impressao-o-que-a-ciencia-tem-obse.jpg","datePublished":"2026-09-02T15:45:00+00:00","author":{"@id":"https:\/\/www.tuasaude.com\/news\/#\/schema\/person\/bf512a2e53b74f5544ff3040f496e593"},"description":"Dormir pior na lua cheia pode ter menos mist\u00e9rio do que parece, e a luz noturna muda o ciclo circadiano de um jeito que passa despercebido.","breadcrumb":{"@id":"https:\/\/www.tuasaude.com\/news\/2026\/09\/02\/dormir-mal-na-lua-cheia-e-impressao-o-que-a-ciencia-tem-observado-sobre-luz-ciclo-circadiano-e-qualidade-do-sono\/#breadcrumb"},"inLanguage":"pt-BR","potentialAction":[{"@type":"ReadAction","target":["https:\/\/www.tuasaude.com\/news\/2026\/09\/02\/dormir-mal-na-lua-cheia-e-impressao-o-que-a-ciencia-tem-observado-sobre-luz-ciclo-circadiano-e-qualidade-do-sono\/"]}]},{"@type":"ImageObject","inLanguage":"pt-BR","@id":"https:\/\/www.tuasaude.com\/news\/2026\/09\/02\/dormir-mal-na-lua-cheia-e-impressao-o-que-a-ciencia-tem-observado-sobre-luz-ciclo-circadiano-e-qualidade-do-sono\/#primaryimage","url":"https:\/\/www.tuasaude.com\/news\/wp-content\/uploads\/2026\/09\/dormir-mal-na-lua-cheia-e-impressao-o-que-a-ciencia-tem-obse.jpg","contentUrl":"https:\/\/www.tuasaude.com\/news\/wp-content\/uploads\/2026\/09\/dormir-mal-na-lua-cheia-e-impressao-o-que-a-ciencia-tem-obse.jpg","width":1279,"height":720,"caption":"A claridade noturna pode influenciar o sono em pessoas mais sens\u00edveis \u00e0 luz."},{"@type":"BreadcrumbList","@id":"https:\/\/www.tuasaude.com\/news\/2026\/09\/02\/dormir-mal-na-lua-cheia-e-impressao-o-que-a-ciencia-tem-observado-sobre-luz-ciclo-circadiano-e-qualidade-do-sono\/#breadcrumb","itemListElement":[{"@type":"ListItem","position":1,"name":"In\u00edcio","item":"https:\/\/www.tuasaude.com\/news\/"},{"@type":"ListItem","position":2,"name":"Dormir mal na lua cheia \u00e9 impress\u00e3o? O que a ci\u00eancia tem observado sobre luz, ciclo circadiano e qualidade do sono"}]},{"@type":"WebSite","@id":"https:\/\/www.tuasaude.com\/news\/#website","url":"https:\/\/www.tuasaude.com\/news\/","name":"Tua Sa\u00fade","description":"Seu site de sa\u00fade","potentialAction":[{"@type":"SearchAction","target":{"@type":"EntryPoint","urlTemplate":"https:\/\/www.tuasaude.com\/news\/?s={search_term_string}"},"query-input":{"@type":"PropertyValueSpecification","valueRequired":true,"valueName":"search_term_string"}}],"inLanguage":"pt-BR"},{"@type":"Person","@id":"https:\/\/www.tuasaude.com\/news\/#\/schema\/person\/bf512a2e53b74f5544ff3040f496e593","name":"Gabriel Leme","image":{"@type":"ImageObject","inLanguage":"pt-BR","@id":"https:\/\/www.tuasaude.com\/news\/#\/schema\/person\/image\/","url":"https:\/\/secure.gravatar.com\/avatar\/a12badc2d08e73d59b38f178ebe822eca26c0445823b05fefedea89fb346439c?s=96&d=mm&r=g","contentUrl":"https:\/\/secure.gravatar.com\/avatar\/a12badc2d08e73d59b38f178ebe822eca26c0445823b05fefedea89fb346439c?s=96&d=mm&r=g","caption":"Gabriel Leme"},"sameAs":["https:\/\/www.tuasaude.com\/news"],"url":"https:\/\/www.tuasaude.com\/news\/author\/gabrielleme\/"}]}},"_links":{"self":[{"href":"https:\/\/www.tuasaude.com\/news\/wp-json\/wp\/v2\/posts\/106795","targetHints":{"allow":["GET"]}}],"collection":[{"href":"https:\/\/www.tuasaude.com\/news\/wp-json\/wp\/v2\/posts"}],"about":[{"href":"https:\/\/www.tuasaude.com\/news\/wp-json\/wp\/v2\/types\/post"}],"author":[{"embeddable":true,"href":"https:\/\/www.tuasaude.com\/news\/wp-json\/wp\/v2\/users\/6"}],"replies":[{"embeddable":true,"href":"https:\/\/www.tuasaude.com\/news\/wp-json\/wp\/v2\/comments?post=106795"}],"version-history":[{"count":1,"href":"https:\/\/www.tuasaude.com\/news\/wp-json\/wp\/v2\/posts\/106795\/revisions"}],"predecessor-version":[{"id":106843,"href":"https:\/\/www.tuasaude.com\/news\/wp-json\/wp\/v2\/posts\/106795\/revisions\/106843"}],"wp:featuredmedia":[{"embeddable":true,"href":"https:\/\/www.tuasaude.com\/news\/wp-json\/wp\/v2\/media\/106793"}],"wp:attachment":[{"href":"https:\/\/www.tuasaude.com\/news\/wp-json\/wp\/v2\/media?parent=106795"}],"wp:term":[{"taxonomy":"category","embeddable":true,"href":"https:\/\/www.tuasaude.com\/news\/wp-json\/wp\/v2\/categories?post=106795"},{"taxonomy":"post_tag","embeddable":true,"href":"https:\/\/www.tuasaude.com\/news\/wp-json\/wp\/v2\/tags?post=106795"}],"curies":[{"name":"wp","href":"https:\/\/api.w.org\/{rel}","templated":true}]}}