{"id":106789,"date":"2026-09-02T11:35:00","date_gmt":"2026-09-02T14:35:00","guid":{"rendered":"https:\/\/www.tuasaude.com\/news\/?p=106789"},"modified":"2026-09-02T09:13:44","modified_gmt":"2026-09-02T12:13:44","slug":"falta-de-ar-ao-caminhar-no-plano-depois-dos-60-nem-sempre-e-sedentarismo-quando-pulmao-coracao-e-anemia-precisam-ser-avaliados","status":"publish","type":"post","link":"https:\/\/www.tuasaude.com\/news\/2026\/09\/02\/falta-de-ar-ao-caminhar-no-plano-depois-dos-60-nem-sempre-e-sedentarismo-quando-pulmao-coracao-e-anemia-precisam-ser-avaliados\/","title":{"rendered":"Falta de ar ao caminhar no plano depois dos 60 nem sempre \u00e9 sedentarismo: quando pulm\u00e3o, cora\u00e7\u00e3o e anemia precisam ser avaliados"},"content":{"rendered":"\n<p class=\"wp-block-paragraph\"><strong>Falta de ar<\/strong> ao caminhar no plano depois dos 60 merece aten\u00e7\u00e3o quando surge em tarefas simples, piora com o tempo ou aparece junto de cansa\u00e7o, tosse, chiado, palpita\u00e7\u00f5es ou tontura. No <strong>idoso<\/strong>, esse sintoma pode refletir altera\u00e7\u00f5es na circula\u00e7\u00e3o, nos pulm\u00f5es, na oxigena\u00e7\u00e3o do sangue ou no condicionamento f\u00edsico, e nem sempre indica apenas perda de preparo.<\/p>\n\n\n\n<h2 class=\"wp-block-heading\">Quando a falta de ar deixa de ser compat\u00edvel com o esfor\u00e7o?<\/h2>\n\n\n\n<p class=\"wp-block-paragraph\">Subir uma ladeira costuma exigir mais do f\u00f4lego do que andar em terreno plano. Por isso, sentir desconforto respirat\u00f3rio em um percurso habitual, com ritmo leve, acende um sinal de alerta. Se a pessoa precisa parar para recuperar o ar, reduz a velocidade sem perceber ou evita sair de casa por exaust\u00e3o, o quadro pede investiga\u00e7\u00e3o.<\/p>\n\n\n\n<p class=\"wp-block-paragraph\">No idoso, a percep\u00e7\u00e3o de normalidade \u00e0s vezes muda aos poucos. Muitos passam a adaptar a rotina para n\u00e3o sentir sintomas e acabam demorando para procurar ajuda. Quando a falta de ar vem acompanhada de incha\u00e7o nas pernas, dor no peito, l\u00e1bios arroxeados, suor frio ou confus\u00e3o, a avalia\u00e7\u00e3o deve ser r\u00e1pida.<\/p>\n\n\n\n<h2 class=\"wp-block-heading\">O que a pesquisa em idosos mostra sobre falta de ar ao caminhar no plano?<\/h2>\n\n\n\n<p class=\"wp-block-paragraph\">Pesquisa publicada em <strong>2022<\/strong> com idosos mostrou que esse sintoma durante caminhada em terreno plano se associa com for\u00e7a a doen\u00e7a pulmonar, obesidade e tamb\u00e9m ao <strong>cora\u00e7\u00e3o<\/strong>. Em outras palavras, n\u00e3o \u00e9 adequado assumir que tudo se explica por sedentarismo. O estudo refor\u00e7ou a <a href=\"https:\/\/pubmed.ncbi.nlm.nih.gov\/35819684\/\" target=\"_blank\" rel=\"noopener noreferrer\">associa\u00e7\u00e3o entre falta de ar no plano e doen\u00e7a pulmonar ou card\u00edaca<\/a>.<\/p>\n\n\n\n<p class=\"wp-block-paragraph\">Outra investiga\u00e7\u00e3o de <strong>2023<\/strong> descreveu a dispneia no idoso como uma condi\u00e7\u00e3o multifatorial, ligada a pulm\u00e3o, cora\u00e7\u00e3o e perda funcional, o que ajuda a explicar por que o mesmo sintoma pode ter origens diferentes em pessoas da mesma faixa et\u00e1ria.<\/p>\n\n\n<div class=\"wp-block-image wp-block-image aligncenter size-large\">\n<figure ><img decoding=\"async\" width=\"1285\" height=\"717\" src=\"https:\/\/cdnnewsimg.tuasaude.com\/wp-content\/uploads\/2026\/09\/falta-de-ar-ao-caminhar-no-plano-depois-dos-60-nem-semp-corpo.jpg\" alt=\"Cora\u00e7\u00e3o, pulm\u00e3o, anemia e condicionamento orientam a avalia\u00e7\u00e3o da dispneia no idoso.\" class=\"wp-image-106788\" srcset=\"https:\/\/www.tuasaude.com\/news\/wp-content\/uploads\/2026\/09\/falta-de-ar-ao-caminhar-no-plano-depois-dos-60-nem-semp-corpo.jpg 1285w, https:\/\/www.tuasaude.com\/news\/wp-content\/uploads\/2026\/09\/falta-de-ar-ao-caminhar-no-plano-depois-dos-60-nem-semp-corpo-300x167.jpg 300w, https:\/\/www.tuasaude.com\/news\/wp-content\/uploads\/2026\/09\/falta-de-ar-ao-caminhar-no-plano-depois-dos-60-nem-semp-corpo-1024x571.jpg 1024w, https:\/\/www.tuasaude.com\/news\/wp-content\/uploads\/2026\/09\/falta-de-ar-ao-caminhar-no-plano-depois-dos-60-nem-semp-corpo-768x429.jpg 768w, https:\/\/www.tuasaude.com\/news\/wp-content\/uploads\/2026\/09\/falta-de-ar-ao-caminhar-no-plano-depois-dos-60-nem-semp-corpo-750x418.jpg 750w, https:\/\/www.tuasaude.com\/news\/wp-content\/uploads\/2026\/09\/falta-de-ar-ao-caminhar-no-plano-depois-dos-60-nem-semp-corpo-1140x636.jpg 1140w\" sizes=\"(max-width: 1285px) 100vw, 1285px\" \/><figcaption class=\"wp-element-caption\">Cora\u00e7\u00e3o, pulm\u00e3o, anemia e condicionamento orientam a avalia\u00e7\u00e3o da dispneia no idoso.<\/figcaption><\/figure>\n<\/div>\n\n\n<h2 class=\"wp-block-heading\">Quais causas mais comuns precisam entrar na avalia\u00e7\u00e3o?<\/h2>\n\n\n\n<p class=\"wp-block-paragraph\">Os exames e a conversa cl\u00ednica tentam localizar a origem do sintoma. Entre as hip\u00f3teses mais frequentes, algumas merecem prioridade porque alteram a oxigena\u00e7\u00e3o, o d\u00e9bito card\u00edaco ou a troca gasosa.<\/p>\n\n\n\n<ul class=\"wp-block-list\">\n<li><strong>Cora\u00e7\u00e3o<\/strong> com dificuldade para bombear sangue, como ocorre na insufici\u00eancia card\u00edaca.<\/li>\n\n\n\n<li>Doen\u00e7as do pulm\u00e3o, como asma, bronquite cr\u00f4nica, enfisema ou infec\u00e7\u00f5es respirat\u00f3rias.<\/li>\n\n\n\n<li><strong>Anemia<\/strong>, que reduz o transporte de oxig\u00eanio e causa cansa\u00e7o ao esfor\u00e7o.<\/li>\n\n\n\n<li>Obesidade e perda de massa muscular, que aumentam o custo respirat\u00f3rio da caminhada.<\/li>\n\n\n\n<li>Arritmias, que podem causar falta de ar, palpita\u00e7\u00f5es e queda de rendimento.<\/li>\n<\/ul>\n\n\n\n<p class=\"wp-block-paragraph\">Para ter uma vis\u00e3o geral das <a href=\"https:\/\/www.tuasaude.com\/falta-de-ar\/\" target=\"_blank\" rel=\"noopener noreferrer\">causas de falta de ar<\/a>, vale consultar materiais que explicam quando o sintoma exige exames e quais pistas ajudam a diferenciar pulm\u00e3o, circula\u00e7\u00e3o e outros fatores.<\/p>\n\n\n\n<h2 class=\"wp-block-heading\">Como cora\u00e7\u00e3o, pulm\u00e3o e anemia costumam dar pistas diferentes?<\/h2>\n\n\n\n<p class=\"wp-block-paragraph\">Nem sempre os sinais v\u00eam em blocos perfeitos, mas alguns padr\u00f5es orientam. Problemas no <strong>cora\u00e7\u00e3o<\/strong> podem causar cansa\u00e7o aos pequenos esfor\u00e7os, incha\u00e7o nas pernas, palpita\u00e7\u00f5es e piora ao deitar. Altera\u00e7\u00f5es do pulm\u00e3o costumam se associar a tosse, chiado, catarro ou sensa\u00e7\u00e3o de aperto no peito. J\u00e1 a <strong>anemia<\/strong> pode aparecer com fraqueza, pele mais p\u00e1lida, tontura e acelera\u00e7\u00e3o dos batimentos.<\/p>\n\n\n\n<p class=\"wp-block-paragraph\">No idoso, essas causas podem coexistir. Uma pessoa com doen\u00e7a pulmonar leve pode sentir piora importante se tamb\u00e9m desenvolver anemia ou reten\u00e7\u00e3o de l\u00edquido. Por isso, a an\u00e1lise cl\u00ednica precisa juntar ausculta, press\u00e3o arterial, frequ\u00eancia card\u00edaca, oxigena\u00e7\u00e3o e hist\u00f3rico de doen\u00e7as pr\u00e9vias.<\/p>\n\n\n\n<h2 class=\"wp-block-heading\">Quais exames o m\u00e9dico pode pedir?<\/h2>\n\n\n\n<p class=\"wp-block-paragraph\">A escolha depende da hist\u00f3ria e do exame f\u00edsico, mas alguns testes aparecem com frequ\u00eancia quando a queixa \u00e9 falta de ar ao caminhar no plano.<\/p>\n\n\n\n<ul class=\"wp-block-list\">\n<li>Hemograma, para investigar <strong>anemia<\/strong> e sinais indiretos de infec\u00e7\u00e3o.<\/li>\n\n\n\n<li>Radiografia de t\u00f3rax, \u00fatil para avaliar pulm\u00e3o, congest\u00e3o e outras altera\u00e7\u00f5es.<\/li>\n\n\n\n<li>Eletrocardiograma, para identificar arritmias e pistas de sobrecarga card\u00edaca.<\/li>\n\n\n\n<li>Ecocardiograma, quando h\u00e1 suspeita de insufici\u00eancia card\u00edaca ou altera\u00e7\u00e3o valvar.<\/li>\n\n\n\n<li>Espirometria e oximetria, para analisar fun\u00e7\u00e3o respirat\u00f3ria e oxigena\u00e7\u00e3o.<\/li>\n<\/ul>\n\n\n\n<p class=\"wp-block-paragraph\">Em alguns casos, o m\u00e9dico tamb\u00e9m pode pedir testes de esfor\u00e7o, exames laboratoriais adicionais ou tomografia. O objetivo \u00e9 medir se a queixa \u00e9 proporcional \u00e0 atividade ou se h\u00e1 limita\u00e7\u00e3o respirat\u00f3ria, card\u00edaca ou hematol\u00f3gica por tr\u00e1s do sintoma.<\/p>\n\n\n\n<h2 class=\"wp-block-heading\">Quando procurar ajuda sem esperar?<\/h2>\n\n\n\n<p class=\"wp-block-paragraph\">Se a falta de ar come\u00e7ou de forma s\u00fabita, aparece em repouso, impede frases completas ou vem com dor no peito, desmaio, febre alta, confus\u00e3o mental ou colora\u00e7\u00e3o arroxeada, n\u00e3o \u00e9 hora de observar em casa. Esses sinais podem indicar queda importante da oxigena\u00e7\u00e3o, sobrecarga circulat\u00f3ria, infec\u00e7\u00e3o ou evento card\u00edaco agudo.<\/p>\n\n\n\n<p class=\"wp-block-paragraph\">No acompanhamento do idoso, notar o padr\u00e3o faz diferen\u00e7a. Redu\u00e7\u00e3o do f\u00f4lego para caminhar no plano, pausa frequente para respirar, piora do edema, perda de rendimento e cansa\u00e7o fora do habitual s\u00e3o pistas cl\u00ednicas que ajudam a decidir o momento de investigar pulm\u00e3o, cora\u00e7\u00e3o e anemia com mais precis\u00e3o.<\/p>\n\n\n\n<p class=\"wp-block-paragraph\">Este conte\u00fado tem car\u00e1ter exclusivamente informativo e <strong>n\u00e3o substitui a avalia\u00e7\u00e3o<\/strong>, o diagn\u00f3stico ou o acompanhamento de um profissional de sa\u00fade. Se houver sintomas persistentes ou d\u00favidas sobre a condi\u00e7\u00e3o, procure orienta\u00e7\u00e3o m\u00e9dica.<\/p>\n","protected":false},"excerpt":{"rendered":"<p>Falta de ar ao caminhar no plano depois dos 60 merece aten\u00e7\u00e3o quando surge em tarefas simples, piora com o tempo ou aparece junto de cansa\u00e7o, tosse, chiado, palpita\u00e7\u00f5es ou tontura. No idoso, esse sintoma pode refletir altera\u00e7\u00f5es na circula\u00e7\u00e3o, nos pulm\u00f5es, na oxigena\u00e7\u00e3o do sangue ou no condicionamento f\u00edsico, e nem sempre indica apenas [&hellip;]<\/p>\n","protected":false},"author":6,"featured_media":106787,"comment_status":"open","ping_status":"open","sticky":false,"template":"","format":"standard","meta":{"_yoast_wpseo_focuskw":"falta de ar","_yoast_wpseo_title":"","_yoast_wpseo_metadesc":"Falta de ar ao caminhar no plano ap\u00f3s os 60 pode sinalizar mais do que perda de preparo, com pistas que envolvem pulm\u00e3o, cora\u00e7\u00e3o e anemia.","jnews-multi-image_gallery":[],"jnews_single_post":{"format":"standard"},"jnews_primary_category":[],"jnews_social_meta":[],"jnews_override_counter":[],"footnotes":""},"categories":[111],"tags":[227,2060,447,7624,1796],"class_list":["post-106789","post","type-post","status-publish","format-standard","has-post-thumbnail","hentry","category-saude","tag-anemia","tag-coracao","tag-falta-de-ar","tag-idoso","tag-saude-2"],"yoast_head":"<!-- This site is optimized with the Yoast SEO plugin v26.7 - https:\/\/yoast.com\/wordpress\/plugins\/seo\/ -->\n<title>Falta de ar ao caminhar no plano depois dos 60 nem sempre \u00e9 sedentarismo: quando pulm\u00e3o, cora\u00e7\u00e3o e anemia precisam ser avaliados - Tua Sa\u00fade<\/title>\n<meta name=\"description\" content=\"Falta de ar ao caminhar no plano ap\u00f3s os 60 pode sinalizar mais do que perda de preparo, com pistas que envolvem pulm\u00e3o, cora\u00e7\u00e3o e anemia.\" \/>\n<meta name=\"robots\" content=\"index, follow, max-snippet:-1, max-image-preview:large, max-video-preview:-1\" \/>\n<link rel=\"canonical\" href=\"https:\/\/www.tuasaude.com\/news\/2026\/09\/02\/falta-de-ar-ao-caminhar-no-plano-depois-dos-60-nem-sempre-e-sedentarismo-quando-pulmao-coracao-e-anemia-precisam-ser-avaliados\/\" \/>\n<meta property=\"og:locale\" content=\"pt_BR\" \/>\n<meta property=\"og:type\" content=\"article\" \/>\n<meta property=\"og:title\" content=\"Falta de ar ao caminhar no plano depois dos 60 nem sempre \u00e9 sedentarismo: quando pulm\u00e3o, cora\u00e7\u00e3o e anemia precisam ser avaliados - Tua Sa\u00fade\" \/>\n<meta property=\"og:description\" content=\"Falta de ar ao caminhar no plano ap\u00f3s os 60 pode sinalizar mais do que perda de preparo, com pistas que envolvem pulm\u00e3o, cora\u00e7\u00e3o e anemia.\" \/>\n<meta property=\"og:url\" content=\"https:\/\/www.tuasaude.com\/news\/2026\/09\/02\/falta-de-ar-ao-caminhar-no-plano-depois-dos-60-nem-sempre-e-sedentarismo-quando-pulmao-coracao-e-anemia-precisam-ser-avaliados\/\" \/>\n<meta property=\"og:site_name\" content=\"Tua Sa\u00fade\" \/>\n<meta property=\"article:published_time\" content=\"2026-09-02T14:35:00+00:00\" \/>\n<meta property=\"og:image\" content=\"https:\/\/www.tuasaude.com\/news\/wp-content\/uploads\/2026\/09\/falta-de-ar-ao-caminhar-no-plano-depois-dos-60-nem-sempre-e-.jpg\" \/>\n\t<meta property=\"og:image:width\" content=\"1279\" \/>\n\t<meta property=\"og:image:height\" content=\"720\" \/>\n\t<meta property=\"og:image:type\" content=\"image\/jpeg\" \/>\n<meta name=\"author\" content=\"Gabriel Leme\" \/>\n<meta name=\"twitter:card\" content=\"summary_large_image\" \/>\n<meta name=\"twitter:label1\" content=\"Escrito por\" \/>\n\t<meta name=\"twitter:data1\" content=\"Gabriel Leme\" \/>\n\t<meta name=\"twitter:label2\" content=\"Est. tempo de leitura\" \/>\n\t<meta name=\"twitter:data2\" content=\"5 minutos\" \/>\n<!-- \/ Yoast SEO plugin. -->","yoast_head_json":{"title":"Falta de ar ao caminhar no plano depois dos 60 nem sempre \u00e9 sedentarismo: quando pulm\u00e3o, cora\u00e7\u00e3o e anemia precisam ser avaliados - Tua Sa\u00fade","description":"Falta de ar ao caminhar no plano ap\u00f3s os 60 pode sinalizar mais do que perda de preparo, com pistas que envolvem pulm\u00e3o, cora\u00e7\u00e3o e anemia.","robots":{"index":"index","follow":"follow","max-snippet":"max-snippet:-1","max-image-preview":"max-image-preview:large","max-video-preview":"max-video-preview:-1"},"canonical":"https:\/\/www.tuasaude.com\/news\/2026\/09\/02\/falta-de-ar-ao-caminhar-no-plano-depois-dos-60-nem-sempre-e-sedentarismo-quando-pulmao-coracao-e-anemia-precisam-ser-avaliados\/","og_locale":"pt_BR","og_type":"article","og_title":"Falta de ar ao caminhar no plano depois dos 60 nem sempre \u00e9 sedentarismo: quando pulm\u00e3o, cora\u00e7\u00e3o e anemia precisam ser avaliados - Tua Sa\u00fade","og_description":"Falta de ar ao caminhar no plano ap\u00f3s os 60 pode sinalizar mais do que perda de preparo, com pistas que envolvem pulm\u00e3o, cora\u00e7\u00e3o e anemia.","og_url":"https:\/\/www.tuasaude.com\/news\/2026\/09\/02\/falta-de-ar-ao-caminhar-no-plano-depois-dos-60-nem-sempre-e-sedentarismo-quando-pulmao-coracao-e-anemia-precisam-ser-avaliados\/","og_site_name":"Tua Sa\u00fade","article_published_time":"2026-09-02T14:35:00+00:00","og_image":[{"width":1279,"height":720,"url":"https:\/\/www.tuasaude.com\/news\/wp-content\/uploads\/2026\/09\/falta-de-ar-ao-caminhar-no-plano-depois-dos-60-nem-sempre-e-.jpg","type":"image\/jpeg"}],"author":"Gabriel Leme","twitter_card":"summary_large_image","twitter_misc":{"Escrito por":"Gabriel Leme","Est. tempo de leitura":"5 minutos"},"schema":{"@context":"https:\/\/schema.org","@graph":[{"@type":"Article","@id":"https:\/\/www.tuasaude.com\/news\/2026\/09\/02\/falta-de-ar-ao-caminhar-no-plano-depois-dos-60-nem-sempre-e-sedentarismo-quando-pulmao-coracao-e-anemia-precisam-ser-avaliados\/#article","isPartOf":{"@id":"https:\/\/www.tuasaude.com\/news\/2026\/09\/02\/falta-de-ar-ao-caminhar-no-plano-depois-dos-60-nem-sempre-e-sedentarismo-quando-pulmao-coracao-e-anemia-precisam-ser-avaliados\/"},"author":{"name":"Gabriel Leme","@id":"https:\/\/www.tuasaude.com\/news\/#\/schema\/person\/bf512a2e53b74f5544ff3040f496e593"},"headline":"Falta de ar ao caminhar no plano depois dos 60 nem sempre \u00e9 sedentarismo: quando pulm\u00e3o, cora\u00e7\u00e3o e anemia precisam ser avaliados","datePublished":"2026-09-02T14:35:00+00:00","mainEntityOfPage":{"@id":"https:\/\/www.tuasaude.com\/news\/2026\/09\/02\/falta-de-ar-ao-caminhar-no-plano-depois-dos-60-nem-sempre-e-sedentarismo-quando-pulmao-coracao-e-anemia-precisam-ser-avaliados\/"},"wordCount":952,"commentCount":0,"image":{"@id":"https:\/\/www.tuasaude.com\/news\/2026\/09\/02\/falta-de-ar-ao-caminhar-no-plano-depois-dos-60-nem-sempre-e-sedentarismo-quando-pulmao-coracao-e-anemia-precisam-ser-avaliados\/#primaryimage"},"thumbnailUrl":"https:\/\/www.tuasaude.com\/news\/wp-content\/uploads\/2026\/09\/falta-de-ar-ao-caminhar-no-plano-depois-dos-60-nem-sempre-e-.jpg","keywords":["anemia","cora\u00e7\u00e3o","falta de ar","idoso","saude"],"articleSection":["Sa\u00fade"],"inLanguage":"pt-BR","potentialAction":[{"@type":"CommentAction","name":"Comment","target":["https:\/\/www.tuasaude.com\/news\/2026\/09\/02\/falta-de-ar-ao-caminhar-no-plano-depois-dos-60-nem-sempre-e-sedentarismo-quando-pulmao-coracao-e-anemia-precisam-ser-avaliados\/#respond"]}]},{"@type":"WebPage","@id":"https:\/\/www.tuasaude.com\/news\/2026\/09\/02\/falta-de-ar-ao-caminhar-no-plano-depois-dos-60-nem-sempre-e-sedentarismo-quando-pulmao-coracao-e-anemia-precisam-ser-avaliados\/","url":"https:\/\/www.tuasaude.com\/news\/2026\/09\/02\/falta-de-ar-ao-caminhar-no-plano-depois-dos-60-nem-sempre-e-sedentarismo-quando-pulmao-coracao-e-anemia-precisam-ser-avaliados\/","name":"Falta de ar ao caminhar no plano depois dos 60 nem sempre \u00e9 sedentarismo: quando pulm\u00e3o, cora\u00e7\u00e3o e anemia precisam ser avaliados - Tua Sa\u00fade","isPartOf":{"@id":"https:\/\/www.tuasaude.com\/news\/#website"},"primaryImageOfPage":{"@id":"https:\/\/www.tuasaude.com\/news\/2026\/09\/02\/falta-de-ar-ao-caminhar-no-plano-depois-dos-60-nem-sempre-e-sedentarismo-quando-pulmao-coracao-e-anemia-precisam-ser-avaliados\/#primaryimage"},"image":{"@id":"https:\/\/www.tuasaude.com\/news\/2026\/09\/02\/falta-de-ar-ao-caminhar-no-plano-depois-dos-60-nem-sempre-e-sedentarismo-quando-pulmao-coracao-e-anemia-precisam-ser-avaliados\/#primaryimage"},"thumbnailUrl":"https:\/\/www.tuasaude.com\/news\/wp-content\/uploads\/2026\/09\/falta-de-ar-ao-caminhar-no-plano-depois-dos-60-nem-sempre-e-.jpg","datePublished":"2026-09-02T14:35:00+00:00","author":{"@id":"https:\/\/www.tuasaude.com\/news\/#\/schema\/person\/bf512a2e53b74f5544ff3040f496e593"},"description":"Falta de ar ao caminhar no plano ap\u00f3s os 60 pode sinalizar mais do que perda de preparo, com pistas que envolvem pulm\u00e3o, cora\u00e7\u00e3o e anemia.","breadcrumb":{"@id":"https:\/\/www.tuasaude.com\/news\/2026\/09\/02\/falta-de-ar-ao-caminhar-no-plano-depois-dos-60-nem-sempre-e-sedentarismo-quando-pulmao-coracao-e-anemia-precisam-ser-avaliados\/#breadcrumb"},"inLanguage":"pt-BR","potentialAction":[{"@type":"ReadAction","target":["https:\/\/www.tuasaude.com\/news\/2026\/09\/02\/falta-de-ar-ao-caminhar-no-plano-depois-dos-60-nem-sempre-e-sedentarismo-quando-pulmao-coracao-e-anemia-precisam-ser-avaliados\/"]}]},{"@type":"ImageObject","inLanguage":"pt-BR","@id":"https:\/\/www.tuasaude.com\/news\/2026\/09\/02\/falta-de-ar-ao-caminhar-no-plano-depois-dos-60-nem-sempre-e-sedentarismo-quando-pulmao-coracao-e-anemia-precisam-ser-avaliados\/#primaryimage","url":"https:\/\/www.tuasaude.com\/news\/wp-content\/uploads\/2026\/09\/falta-de-ar-ao-caminhar-no-plano-depois-dos-60-nem-sempre-e-.jpg","contentUrl":"https:\/\/www.tuasaude.com\/news\/wp-content\/uploads\/2026\/09\/falta-de-ar-ao-caminhar-no-plano-depois-dos-60-nem-sempre-e-.jpg","width":1279,"height":720,"caption":"Falta de ar ao caminhar no plano ap\u00f3s os 60 exige aten\u00e7\u00e3o cl\u00ednica."},{"@type":"BreadcrumbList","@id":"https:\/\/www.tuasaude.com\/news\/2026\/09\/02\/falta-de-ar-ao-caminhar-no-plano-depois-dos-60-nem-sempre-e-sedentarismo-quando-pulmao-coracao-e-anemia-precisam-ser-avaliados\/#breadcrumb","itemListElement":[{"@type":"ListItem","position":1,"name":"In\u00edcio","item":"https:\/\/www.tuasaude.com\/news\/"},{"@type":"ListItem","position":2,"name":"Falta de ar ao caminhar no plano depois dos 60 nem sempre \u00e9 sedentarismo: quando pulm\u00e3o, cora\u00e7\u00e3o e anemia precisam ser avaliados"}]},{"@type":"WebSite","@id":"https:\/\/www.tuasaude.com\/news\/#website","url":"https:\/\/www.tuasaude.com\/news\/","name":"Tua Sa\u00fade","description":"Seu site de sa\u00fade","potentialAction":[{"@type":"SearchAction","target":{"@type":"EntryPoint","urlTemplate":"https:\/\/www.tuasaude.com\/news\/?s={search_term_string}"},"query-input":{"@type":"PropertyValueSpecification","valueRequired":true,"valueName":"search_term_string"}}],"inLanguage":"pt-BR"},{"@type":"Person","@id":"https:\/\/www.tuasaude.com\/news\/#\/schema\/person\/bf512a2e53b74f5544ff3040f496e593","name":"Gabriel Leme","image":{"@type":"ImageObject","inLanguage":"pt-BR","@id":"https:\/\/www.tuasaude.com\/news\/#\/schema\/person\/image\/","url":"https:\/\/secure.gravatar.com\/avatar\/a12badc2d08e73d59b38f178ebe822eca26c0445823b05fefedea89fb346439c?s=96&d=mm&r=g","contentUrl":"https:\/\/secure.gravatar.com\/avatar\/a12badc2d08e73d59b38f178ebe822eca26c0445823b05fefedea89fb346439c?s=96&d=mm&r=g","caption":"Gabriel Leme"},"sameAs":["https:\/\/www.tuasaude.com\/news"],"url":"https:\/\/www.tuasaude.com\/news\/author\/gabrielleme\/"}]}},"_links":{"self":[{"href":"https:\/\/www.tuasaude.com\/news\/wp-json\/wp\/v2\/posts\/106789","targetHints":{"allow":["GET"]}}],"collection":[{"href":"https:\/\/www.tuasaude.com\/news\/wp-json\/wp\/v2\/posts"}],"about":[{"href":"https:\/\/www.tuasaude.com\/news\/wp-json\/wp\/v2\/types\/post"}],"author":[{"embeddable":true,"href":"https:\/\/www.tuasaude.com\/news\/wp-json\/wp\/v2\/users\/6"}],"replies":[{"embeddable":true,"href":"https:\/\/www.tuasaude.com\/news\/wp-json\/wp\/v2\/comments?post=106789"}],"version-history":[{"count":1,"href":"https:\/\/www.tuasaude.com\/news\/wp-json\/wp\/v2\/posts\/106789\/revisions"}],"predecessor-version":[{"id":106841,"href":"https:\/\/www.tuasaude.com\/news\/wp-json\/wp\/v2\/posts\/106789\/revisions\/106841"}],"wp:featuredmedia":[{"embeddable":true,"href":"https:\/\/www.tuasaude.com\/news\/wp-json\/wp\/v2\/media\/106787"}],"wp:attachment":[{"href":"https:\/\/www.tuasaude.com\/news\/wp-json\/wp\/v2\/media?parent=106789"}],"wp:term":[{"taxonomy":"category","embeddable":true,"href":"https:\/\/www.tuasaude.com\/news\/wp-json\/wp\/v2\/categories?post=106789"},{"taxonomy":"post_tag","embeddable":true,"href":"https:\/\/www.tuasaude.com\/news\/wp-json\/wp\/v2\/tags?post=106789"}],"curies":[{"name":"wp","href":"https:\/\/api.w.org\/{rel}","templated":true}]}}