{"id":106786,"date":"2026-09-02T11:00:00","date_gmt":"2026-09-02T14:00:00","guid":{"rendered":"https:\/\/www.tuasaude.com\/news\/?p=106786"},"modified":"2026-09-02T09:12:58","modified_gmt":"2026-09-02T12:12:58","slug":"tomar-vitamina-d-sem-calcio-e-sem-magnesio-pode-nao-resolver-por-que-o-exame-normaliza-mas-os-sintomas-continuam","status":"publish","type":"post","link":"https:\/\/www.tuasaude.com\/news\/2026\/09\/02\/tomar-vitamina-d-sem-calcio-e-sem-magnesio-pode-nao-resolver-por-que-o-exame-normaliza-mas-os-sintomas-continuam\/","title":{"rendered":"Tomar vitamina D sem c\u00e1lcio e sem magn\u00e9sio pode n\u00e3o resolver: por que o exame normaliza mas os sintomas continuam"},"content":{"rendered":"\n<p class=\"wp-block-paragraph\"><strong>Vitamina D<\/strong> baixa costuma entrar no radar quando aparecem cansa\u00e7o, dor muscular, fraqueza ou desconforto \u00f3sseo. O problema \u00e9 que a suplementa\u00e7\u00e3o, sozinha, nem sempre fecha essa conta no organismo. Em parte dos casos, o exame melhora, mas sintomas persistem porque <strong>c\u00e1lcio<\/strong>, <strong>magn\u00e9sio<\/strong> e a pr\u00f3pria regula\u00e7\u00e3o do metabolismo mineral seguem desalinhados.<\/p>\n\n\n\n<h2 class=\"wp-block-heading\">Por que a vitamina D pode subir no exame sem aliviar os sintomas?<\/h2>\n\n\n\n<p class=\"wp-block-paragraph\">A dosagem sangu\u00ednea mostra um peda\u00e7o da hist\u00f3ria. A vitamina D participa da absor\u00e7\u00e3o intestinal de c\u00e1lcio, do equil\u00edbrio \u00f3sseo, da contra\u00e7\u00e3o muscular e de vias hormonais que dependem de ativa\u00e7\u00e3o adequada. Se falta magn\u00e9sio, essa ativa\u00e7\u00e3o pode ficar menos eficiente. Se o c\u00e1lcio da dieta \u00e9 insuficiente, o corpo continua sem mat\u00e9ria-prima para fun\u00e7\u00f5es b\u00e1sicas.<\/p>\n\n\n\n<p class=\"wp-block-paragraph\">Suplementa\u00e7\u00e3o tamb\u00e9m n\u00e3o corrige, por si s\u00f3, causas paralelas de mal-estar. Sono ruim, anemia, altera\u00e7\u00f5es da tireoide, uso irregular do suplemento, dose inadequada e baixa exposi\u00e7\u00e3o solar podem manter fadiga, dores e fraqueza. Por isso, <strong>normalizar o laborat\u00f3rio<\/strong> n\u00e3o significa, automaticamente, recuperar fun\u00e7\u00e3o muscular, disposi\u00e7\u00e3o e conforto corporal.<\/p>\n\n\n\n<h2 class=\"wp-block-heading\">O que a pesquisa recente mostra sobre magn\u00e9sio e resposta cl\u00ednica?<\/h2>\n\n\n\n<p class=\"wp-block-paragraph\">Uma investiga\u00e7\u00e3o cient\u00edfica de 2024 discutiu a intera\u00e7\u00e3o entre vitamina D, magn\u00e9sio e outros cofatores e destacou que, em alguns contextos cl\u00ednicos, corrigir apenas a vitamina D n\u00e3o basta para otimizar sua a\u00e7\u00e3o biol\u00f3gica. O artigo refor\u00e7a a ideia de que <a href=\"https:\/\/pubmed.ncbi.nlm.nih.gov\/38542745\/\" target=\"_blank\" rel=\"noopener noreferrer\">a corre\u00e7\u00e3o isolada da vitamina D pode ser insuficiente em alguns pacientes<\/a>, mesmo quando o exame parece satisfat\u00f3rio.<\/p>\n\n\n\n<p class=\"wp-block-paragraph\">Na pr\u00e1tica, isso ajuda a explicar por que a suplementa\u00e7\u00e3o melhora o n\u00famero no laudo, mas n\u00e3o resolve dor muscular, c\u00e2imbras ou sensa\u00e7\u00e3o de fraqueza. Outra pesquisa cl\u00ednica apontou resultado semelhante ao observar que magn\u00e9sio junto com vitamina D pode influenciar marcadores sist\u00eamicos al\u00e9m do valor laboratorial, sugerindo efeito mais amplo sobre a resposta do organismo.<\/p>\n\n\n<div class=\"wp-block-image wp-block-image aligncenter size-large\">\n<figure ><img decoding=\"async\" width=\"1279\" height=\"720\" src=\"https:\/\/cdnnewsimg.tuasaude.com\/wp-content\/uploads\/2026\/09\/tomar-vitamina-d-sem-calcio-e-sem-magnesio-pode-nao-res-corpo.jpg\" alt=\"Infogr\u00e1fico resume magn\u00e9sio, c\u00e1lcio, sol e reavalia\u00e7\u00e3o dos sintomas persistentes.\" class=\"wp-image-106785\" srcset=\"https:\/\/www.tuasaude.com\/news\/wp-content\/uploads\/2026\/09\/tomar-vitamina-d-sem-calcio-e-sem-magnesio-pode-nao-res-corpo.jpg 1279w, https:\/\/www.tuasaude.com\/news\/wp-content\/uploads\/2026\/09\/tomar-vitamina-d-sem-calcio-e-sem-magnesio-pode-nao-res-corpo-300x169.jpg 300w, https:\/\/www.tuasaude.com\/news\/wp-content\/uploads\/2026\/09\/tomar-vitamina-d-sem-calcio-e-sem-magnesio-pode-nao-res-corpo-1024x576.jpg 1024w, https:\/\/www.tuasaude.com\/news\/wp-content\/uploads\/2026\/09\/tomar-vitamina-d-sem-calcio-e-sem-magnesio-pode-nao-res-corpo-768x432.jpg 768w, https:\/\/www.tuasaude.com\/news\/wp-content\/uploads\/2026\/09\/tomar-vitamina-d-sem-calcio-e-sem-magnesio-pode-nao-res-corpo-750x422.jpg 750w, https:\/\/www.tuasaude.com\/news\/wp-content\/uploads\/2026\/09\/tomar-vitamina-d-sem-calcio-e-sem-magnesio-pode-nao-res-corpo-1140x642.jpg 1140w\" sizes=\"(max-width: 1279px) 100vw, 1279px\" \/><figcaption class=\"wp-element-caption\">Infogr\u00e1fico resume magn\u00e9sio, c\u00e1lcio, sol e reavalia\u00e7\u00e3o dos sintomas persistentes.<\/figcaption><\/figure>\n<\/div>\n\n\n<h2 class=\"wp-block-heading\">Quais sinais levantam suspeita de falta de c\u00e1lcio ou magn\u00e9sio junto com vitamina D?<\/h2>\n\n\n\n<p class=\"wp-block-paragraph\">Quando c\u00e1lcio e magn\u00e9sio est\u00e3o baixos, os sintomas podem se misturar com os da defici\u00eancia de vitamina D. Isso dificulta a leitura do quadro, principalmente em quem j\u00e1 iniciou suplementa\u00e7\u00e3o e espera melhora r\u00e1pida.<\/p>\n\n\n\n<ul class=\"wp-block-list\">\n<li><strong>C\u00e3ibras<\/strong> frequentes, sobretudo \u00e0 noite<\/li>\n\n\n\n<li>Contra\u00e7\u00f5es musculares involunt\u00e1rias ou tremores<\/li>\n\n\n\n<li>Dor muscular persistente<\/li>\n\n\n\n<li>Formigamento em m\u00e3os, p\u00e9s ou ao redor da boca<\/li>\n\n\n\n<li>Fraqueza, fadiga e pior recupera\u00e7\u00e3o ap\u00f3s esfor\u00e7o<\/li>\n\n\n\n<li>Maior sensibilidade \u00f3ssea ou desconforto difuso<\/li>\n<\/ul>\n\n\n\n<p class=\"wp-block-paragraph\">Esses sinais n\u00e3o fecham diagn\u00f3stico sozinhos. Ainda assim, ajudam a orientar a conversa cl\u00ednica e a revis\u00e3o da ingest\u00e3o alimentar, da dose usada e do momento certo do suplemento. Para entender melhor <a href=\"https:\/\/www.tuasaude.com\/vitamina-d\/\" target=\"_blank\" rel=\"noopener noreferrer\">quando usar vitamina D<\/a>, vale revisar indica\u00e7\u00e3o, doses e cuidados pr\u00e1ticos de uso.<\/p>\n\n\n\n<h2 class=\"wp-block-heading\">Como c\u00e1lcio e magn\u00e9sio entram nessa conta do metabolismo mineral?<\/h2>\n\n\n\n<p class=\"wp-block-paragraph\">O <strong>magn\u00e9sio<\/strong> participa das etapas de ativa\u00e7\u00e3o da vitamina D e de v\u00e1rias rea\u00e7\u00f5es enzim\u00e1ticas ligadas ao m\u00fasculo e ao sistema nervoso. J\u00e1 o <strong>c\u00e1lcio<\/strong> \u00e9 central para contra\u00e7\u00e3o muscular, transmiss\u00e3o nervosa e manuten\u00e7\u00e3o \u00f3ssea. Se um desses pontos falha, o corpo pode continuar emitindo sinais, mesmo com a 25-hidroxivitamina D em faixa considerada adequada.<\/p>\n\n\n\n<p class=\"wp-block-paragraph\">Esse descompasso aparece com mais frequ\u00eancia em dietas restritivas, m\u00e1 absor\u00e7\u00e3o intestinal, uso de certos medicamentos e baixa ingest\u00e3o de latic\u00ednios, folhas verde-escuras, leguminosas, sementes e oleaginosas. Em outras palavras, a suplementa\u00e7\u00e3o isolada n\u00e3o substitui avalia\u00e7\u00e3o do padr\u00e3o alimentar nem corrige, sozinha, o equil\u00edbrio entre minerais e horm\u00f4nios.<\/p>\n\n\n\n<h2 class=\"wp-block-heading\">O que avaliar antes de aumentar a dose por conta pr\u00f3pria?<\/h2>\n\n\n\n<p class=\"wp-block-paragraph\">Quando os sintomas continuam, a sa\u00edda n\u00e3o \u00e9 subir a dose sem crit\u00e9rio. Excesso de vitamina D pode aumentar a absor\u00e7\u00e3o de c\u00e1lcio e favorecer complica\u00e7\u00f5es, inclusive altera\u00e7\u00f5es renais e gastrointestinais, dependendo da dose e do tempo de uso.<\/p>\n\n\n\n<ul class=\"wp-block-list\">\n<li>Revisar a dose real da suplementa\u00e7\u00e3o<\/li>\n\n\n\n<li>Confirmar ades\u00e3o e tempo de uso<\/li>\n\n\n\n<li>Avaliar ingest\u00e3o de c\u00e1lcio e magn\u00e9sio na rotina<\/li>\n\n\n\n<li>Investigar exames complementares quando indicados<\/li>\n\n\n\n<li>Considerar outras causas para fadiga e dor<\/li>\n\n\n\n<li>Checar uso de medicamentos que interferem na absor\u00e7\u00e3o<\/li>\n<\/ul>\n\n\n\n<p class=\"wp-block-paragraph\">Em alguns quadros, vale discutir c\u00e1lcio, magn\u00e9sio, fun\u00e7\u00e3o renal, paratorm\u00f4nio e contexto cl\u00ednico geral. Esse racioc\u00ednio evita tratar apenas um n\u00famero do exame e melhora a chance de alinhar metabolismo \u00f3sseo, fun\u00e7\u00e3o muscular e resposta \u00e0 suplementa\u00e7\u00e3o de forma mais coerente.<\/p>\n\n\n\n<h2 class=\"wp-block-heading\">Quando faz sentido reavaliar sintomas e estrat\u00e9gia de suplementa\u00e7\u00e3o?<\/h2>\n\n\n\n<p class=\"wp-block-paragraph\">Se a vitamina D normalizou, mas persistem fraqueza, dor muscular, c\u00e3ibras, formigamento ou desconforto \u00f3sseo, \u00e9 razo\u00e1vel reavaliar o caso. O alvo n\u00e3o \u00e9 apenas corrigir o laudo, mas recuperar fun\u00e7\u00e3o, bem-estar f\u00edsico e equil\u00edbrio mineral com base em sintomas, alimenta\u00e7\u00e3o, exposi\u00e7\u00e3o solar e exames complementares quando necess\u00e1rios.<\/p>\n\n\n\n<p class=\"wp-block-paragraph\">Este conte\u00fado tem car\u00e1ter exclusivamente informativo e <strong>n\u00e3o substitui a avalia\u00e7\u00e3o<\/strong>, o diagn\u00f3stico ou o acompanhamento de um profissional de sa\u00fade. Se voc\u00ea apresenta sintomas ou tem d\u00favidas sobre sua condi\u00e7\u00e3o, procure orienta\u00e7\u00e3o m\u00e9dica.<\/p>\n","protected":false},"excerpt":{"rendered":"<p>Vitamina D baixa costuma entrar no radar quando aparecem cansa\u00e7o, dor muscular, fraqueza ou desconforto \u00f3sseo. O problema \u00e9 que a suplementa\u00e7\u00e3o, sozinha, nem sempre fecha essa conta no organismo. Em parte dos casos, o exame melhora, mas sintomas persistem porque c\u00e1lcio, magn\u00e9sio e a pr\u00f3pria regula\u00e7\u00e3o do metabolismo mineral seguem desalinhados. Por que a [&hellip;]<\/p>\n","protected":false},"author":6,"featured_media":106784,"comment_status":"open","ping_status":"open","sticky":false,"template":"","format":"standard","meta":{"_yoast_wpseo_focuskw":"vitamina d","_yoast_wpseo_title":"","_yoast_wpseo_metadesc":"Vitamina D pode normalizar no exame e ainda deixar sintomas para tr\u00e1s. Um detalhe sobre c\u00e1lcio e magn\u00e9sio muda a leitura desse resultado.","jnews-multi-image_gallery":[],"jnews_single_post":{"format":"standard"},"jnews_primary_category":[],"jnews_social_meta":[],"jnews_override_counter":[],"footnotes":""},"categories":[111],"tags":[635,189,1796,1325,114],"class_list":["post-106786","post","type-post","status-publish","format-standard","has-post-thumbnail","hentry","category-saude","tag-calcio","tag-magnesio","tag-saude-2","tag-suplementacao","tag-vitamina-d"],"yoast_head":"<!-- This site is optimized with the Yoast SEO plugin v26.7 - https:\/\/yoast.com\/wordpress\/plugins\/seo\/ -->\n<title>Tomar vitamina D sem c\u00e1lcio e sem magn\u00e9sio pode n\u00e3o resolver: por que o exame normaliza mas os sintomas continuam - Tua Sa\u00fade<\/title>\n<meta name=\"description\" content=\"Vitamina D pode normalizar no exame e ainda deixar sintomas para tr\u00e1s. Um detalhe sobre c\u00e1lcio e magn\u00e9sio muda a leitura desse resultado.\" \/>\n<meta name=\"robots\" content=\"index, follow, max-snippet:-1, max-image-preview:large, max-video-preview:-1\" \/>\n<link rel=\"canonical\" href=\"https:\/\/www.tuasaude.com\/news\/2026\/09\/02\/tomar-vitamina-d-sem-calcio-e-sem-magnesio-pode-nao-resolver-por-que-o-exame-normaliza-mas-os-sintomas-continuam\/\" \/>\n<meta property=\"og:locale\" content=\"pt_BR\" \/>\n<meta property=\"og:type\" content=\"article\" \/>\n<meta property=\"og:title\" content=\"Tomar vitamina D sem c\u00e1lcio e sem magn\u00e9sio pode n\u00e3o resolver: por que o exame normaliza mas os sintomas continuam - Tua Sa\u00fade\" \/>\n<meta property=\"og:description\" content=\"Vitamina D pode normalizar no exame e ainda deixar sintomas para tr\u00e1s. Um detalhe sobre c\u00e1lcio e magn\u00e9sio muda a leitura desse resultado.\" \/>\n<meta property=\"og:url\" content=\"https:\/\/www.tuasaude.com\/news\/2026\/09\/02\/tomar-vitamina-d-sem-calcio-e-sem-magnesio-pode-nao-resolver-por-que-o-exame-normaliza-mas-os-sintomas-continuam\/\" \/>\n<meta property=\"og:site_name\" content=\"Tua Sa\u00fade\" \/>\n<meta property=\"article:published_time\" content=\"2026-09-02T14:00:00+00:00\" \/>\n<meta property=\"og:image\" content=\"https:\/\/www.tuasaude.com\/news\/wp-content\/uploads\/2026\/09\/tomar-vitamina-d-sem-calcio-e-sem-magnesio-pode-nao-resolver.jpg\" \/>\n\t<meta property=\"og:image:width\" content=\"1285\" \/>\n\t<meta property=\"og:image:height\" content=\"717\" \/>\n\t<meta property=\"og:image:type\" content=\"image\/jpeg\" \/>\n<meta name=\"author\" content=\"Gabriel Leme\" \/>\n<meta name=\"twitter:card\" content=\"summary_large_image\" \/>\n<meta name=\"twitter:label1\" content=\"Escrito por\" \/>\n\t<meta name=\"twitter:data1\" content=\"Gabriel Leme\" \/>\n\t<meta name=\"twitter:label2\" content=\"Est. tempo de leitura\" \/>\n\t<meta name=\"twitter:data2\" content=\"5 minutos\" \/>\n<!-- \/ Yoast SEO plugin. -->","yoast_head_json":{"title":"Tomar vitamina D sem c\u00e1lcio e sem magn\u00e9sio pode n\u00e3o resolver: por que o exame normaliza mas os sintomas continuam - Tua Sa\u00fade","description":"Vitamina D pode normalizar no exame e ainda deixar sintomas para tr\u00e1s. Um detalhe sobre c\u00e1lcio e magn\u00e9sio muda a leitura desse resultado.","robots":{"index":"index","follow":"follow","max-snippet":"max-snippet:-1","max-image-preview":"max-image-preview:large","max-video-preview":"max-video-preview:-1"},"canonical":"https:\/\/www.tuasaude.com\/news\/2026\/09\/02\/tomar-vitamina-d-sem-calcio-e-sem-magnesio-pode-nao-resolver-por-que-o-exame-normaliza-mas-os-sintomas-continuam\/","og_locale":"pt_BR","og_type":"article","og_title":"Tomar vitamina D sem c\u00e1lcio e sem magn\u00e9sio pode n\u00e3o resolver: por que o exame normaliza mas os sintomas continuam - Tua Sa\u00fade","og_description":"Vitamina D pode normalizar no exame e ainda deixar sintomas para tr\u00e1s. Um detalhe sobre c\u00e1lcio e magn\u00e9sio muda a leitura desse resultado.","og_url":"https:\/\/www.tuasaude.com\/news\/2026\/09\/02\/tomar-vitamina-d-sem-calcio-e-sem-magnesio-pode-nao-resolver-por-que-o-exame-normaliza-mas-os-sintomas-continuam\/","og_site_name":"Tua Sa\u00fade","article_published_time":"2026-09-02T14:00:00+00:00","og_image":[{"width":1285,"height":717,"url":"https:\/\/www.tuasaude.com\/news\/wp-content\/uploads\/2026\/09\/tomar-vitamina-d-sem-calcio-e-sem-magnesio-pode-nao-resolver.jpg","type":"image\/jpeg"}],"author":"Gabriel Leme","twitter_card":"summary_large_image","twitter_misc":{"Escrito por":"Gabriel Leme","Est. tempo de leitura":"5 minutos"},"schema":{"@context":"https:\/\/schema.org","@graph":[{"@type":"Article","@id":"https:\/\/www.tuasaude.com\/news\/2026\/09\/02\/tomar-vitamina-d-sem-calcio-e-sem-magnesio-pode-nao-resolver-por-que-o-exame-normaliza-mas-os-sintomas-continuam\/#article","isPartOf":{"@id":"https:\/\/www.tuasaude.com\/news\/2026\/09\/02\/tomar-vitamina-d-sem-calcio-e-sem-magnesio-pode-nao-resolver-por-que-o-exame-normaliza-mas-os-sintomas-continuam\/"},"author":{"name":"Gabriel Leme","@id":"https:\/\/www.tuasaude.com\/news\/#\/schema\/person\/bf512a2e53b74f5544ff3040f496e593"},"headline":"Tomar vitamina D sem c\u00e1lcio e sem magn\u00e9sio pode n\u00e3o resolver: por que o exame normaliza mas os sintomas continuam","datePublished":"2026-09-02T14:00:00+00:00","mainEntityOfPage":{"@id":"https:\/\/www.tuasaude.com\/news\/2026\/09\/02\/tomar-vitamina-d-sem-calcio-e-sem-magnesio-pode-nao-resolver-por-que-o-exame-normaliza-mas-os-sintomas-continuam\/"},"wordCount":927,"commentCount":0,"image":{"@id":"https:\/\/www.tuasaude.com\/news\/2026\/09\/02\/tomar-vitamina-d-sem-calcio-e-sem-magnesio-pode-nao-resolver-por-que-o-exame-normaliza-mas-os-sintomas-continuam\/#primaryimage"},"thumbnailUrl":"https:\/\/www.tuasaude.com\/news\/wp-content\/uploads\/2026\/09\/tomar-vitamina-d-sem-calcio-e-sem-magnesio-pode-nao-resolver.jpg","keywords":["c\u00e1lcio","magn\u00e9sio","saude","suplementa\u00e7\u00e3o","vitamina d"],"articleSection":["Sa\u00fade"],"inLanguage":"pt-BR","potentialAction":[{"@type":"CommentAction","name":"Comment","target":["https:\/\/www.tuasaude.com\/news\/2026\/09\/02\/tomar-vitamina-d-sem-calcio-e-sem-magnesio-pode-nao-resolver-por-que-o-exame-normaliza-mas-os-sintomas-continuam\/#respond"]}]},{"@type":"WebPage","@id":"https:\/\/www.tuasaude.com\/news\/2026\/09\/02\/tomar-vitamina-d-sem-calcio-e-sem-magnesio-pode-nao-resolver-por-que-o-exame-normaliza-mas-os-sintomas-continuam\/","url":"https:\/\/www.tuasaude.com\/news\/2026\/09\/02\/tomar-vitamina-d-sem-calcio-e-sem-magnesio-pode-nao-resolver-por-que-o-exame-normaliza-mas-os-sintomas-continuam\/","name":"Tomar vitamina D sem c\u00e1lcio e sem magn\u00e9sio pode n\u00e3o resolver: por que o exame normaliza mas os sintomas continuam - Tua Sa\u00fade","isPartOf":{"@id":"https:\/\/www.tuasaude.com\/news\/#website"},"primaryImageOfPage":{"@id":"https:\/\/www.tuasaude.com\/news\/2026\/09\/02\/tomar-vitamina-d-sem-calcio-e-sem-magnesio-pode-nao-resolver-por-que-o-exame-normaliza-mas-os-sintomas-continuam\/#primaryimage"},"image":{"@id":"https:\/\/www.tuasaude.com\/news\/2026\/09\/02\/tomar-vitamina-d-sem-calcio-e-sem-magnesio-pode-nao-resolver-por-que-o-exame-normaliza-mas-os-sintomas-continuam\/#primaryimage"},"thumbnailUrl":"https:\/\/www.tuasaude.com\/news\/wp-content\/uploads\/2026\/09\/tomar-vitamina-d-sem-calcio-e-sem-magnesio-pode-nao-resolver.jpg","datePublished":"2026-09-02T14:00:00+00:00","author":{"@id":"https:\/\/www.tuasaude.com\/news\/#\/schema\/person\/bf512a2e53b74f5544ff3040f496e593"},"description":"Vitamina D pode normalizar no exame e ainda deixar sintomas para tr\u00e1s. Um detalhe sobre c\u00e1lcio e magn\u00e9sio muda a leitura desse resultado.","breadcrumb":{"@id":"https:\/\/www.tuasaude.com\/news\/2026\/09\/02\/tomar-vitamina-d-sem-calcio-e-sem-magnesio-pode-nao-resolver-por-que-o-exame-normaliza-mas-os-sintomas-continuam\/#breadcrumb"},"inLanguage":"pt-BR","potentialAction":[{"@type":"ReadAction","target":["https:\/\/www.tuasaude.com\/news\/2026\/09\/02\/tomar-vitamina-d-sem-calcio-e-sem-magnesio-pode-nao-resolver-por-que-o-exame-normaliza-mas-os-sintomas-continuam\/"]}]},{"@type":"ImageObject","inLanguage":"pt-BR","@id":"https:\/\/www.tuasaude.com\/news\/2026\/09\/02\/tomar-vitamina-d-sem-calcio-e-sem-magnesio-pode-nao-resolver-por-que-o-exame-normaliza-mas-os-sintomas-continuam\/#primaryimage","url":"https:\/\/www.tuasaude.com\/news\/wp-content\/uploads\/2026\/09\/tomar-vitamina-d-sem-calcio-e-sem-magnesio-pode-nao-resolver.jpg","contentUrl":"https:\/\/www.tuasaude.com\/news\/wp-content\/uploads\/2026\/09\/tomar-vitamina-d-sem-calcio-e-sem-magnesio-pode-nao-resolver.jpg","width":1285,"height":717,"caption":"Vitamina D isolada pode n\u00e3o aliviar sintomas sem c\u00e1lcio e magn\u00e9sio adequados."},{"@type":"BreadcrumbList","@id":"https:\/\/www.tuasaude.com\/news\/2026\/09\/02\/tomar-vitamina-d-sem-calcio-e-sem-magnesio-pode-nao-resolver-por-que-o-exame-normaliza-mas-os-sintomas-continuam\/#breadcrumb","itemListElement":[{"@type":"ListItem","position":1,"name":"In\u00edcio","item":"https:\/\/www.tuasaude.com\/news\/"},{"@type":"ListItem","position":2,"name":"Tomar vitamina D sem c\u00e1lcio e sem magn\u00e9sio pode n\u00e3o resolver: por que o exame normaliza mas os sintomas continuam"}]},{"@type":"WebSite","@id":"https:\/\/www.tuasaude.com\/news\/#website","url":"https:\/\/www.tuasaude.com\/news\/","name":"Tua Sa\u00fade","description":"Seu site de sa\u00fade","potentialAction":[{"@type":"SearchAction","target":{"@type":"EntryPoint","urlTemplate":"https:\/\/www.tuasaude.com\/news\/?s={search_term_string}"},"query-input":{"@type":"PropertyValueSpecification","valueRequired":true,"valueName":"search_term_string"}}],"inLanguage":"pt-BR"},{"@type":"Person","@id":"https:\/\/www.tuasaude.com\/news\/#\/schema\/person\/bf512a2e53b74f5544ff3040f496e593","name":"Gabriel Leme","image":{"@type":"ImageObject","inLanguage":"pt-BR","@id":"https:\/\/www.tuasaude.com\/news\/#\/schema\/person\/image\/","url":"https:\/\/secure.gravatar.com\/avatar\/a12badc2d08e73d59b38f178ebe822eca26c0445823b05fefedea89fb346439c?s=96&d=mm&r=g","contentUrl":"https:\/\/secure.gravatar.com\/avatar\/a12badc2d08e73d59b38f178ebe822eca26c0445823b05fefedea89fb346439c?s=96&d=mm&r=g","caption":"Gabriel Leme"},"sameAs":["https:\/\/www.tuasaude.com\/news"],"url":"https:\/\/www.tuasaude.com\/news\/author\/gabrielleme\/"}]}},"_links":{"self":[{"href":"https:\/\/www.tuasaude.com\/news\/wp-json\/wp\/v2\/posts\/106786","targetHints":{"allow":["GET"]}}],"collection":[{"href":"https:\/\/www.tuasaude.com\/news\/wp-json\/wp\/v2\/posts"}],"about":[{"href":"https:\/\/www.tuasaude.com\/news\/wp-json\/wp\/v2\/types\/post"}],"author":[{"embeddable":true,"href":"https:\/\/www.tuasaude.com\/news\/wp-json\/wp\/v2\/users\/6"}],"replies":[{"embeddable":true,"href":"https:\/\/www.tuasaude.com\/news\/wp-json\/wp\/v2\/comments?post=106786"}],"version-history":[{"count":1,"href":"https:\/\/www.tuasaude.com\/news\/wp-json\/wp\/v2\/posts\/106786\/revisions"}],"predecessor-version":[{"id":106840,"href":"https:\/\/www.tuasaude.com\/news\/wp-json\/wp\/v2\/posts\/106786\/revisions\/106840"}],"wp:featuredmedia":[{"embeddable":true,"href":"https:\/\/www.tuasaude.com\/news\/wp-json\/wp\/v2\/media\/106784"}],"wp:attachment":[{"href":"https:\/\/www.tuasaude.com\/news\/wp-json\/wp\/v2\/media?parent=106786"}],"wp:term":[{"taxonomy":"category","embeddable":true,"href":"https:\/\/www.tuasaude.com\/news\/wp-json\/wp\/v2\/categories?post=106786"},{"taxonomy":"post_tag","embeddable":true,"href":"https:\/\/www.tuasaude.com\/news\/wp-json\/wp\/v2\/tags?post=106786"}],"curies":[{"name":"wp","href":"https:\/\/api.w.org\/{rel}","templated":true}]}}