{"id":106780,"date":"2026-09-02T09:55:00","date_gmt":"2026-09-02T12:55:00","guid":{"rendered":"https:\/\/www.tuasaude.com\/news\/?p=106780"},"modified":"2026-09-02T09:12:34","modified_gmt":"2026-09-02T12:12:34","slug":"a-partir-de-que-idade-fazer-a-primeira-mamografia-e-com-que-frequencia-repetir-o-exame-segundo-as-recomendacoes-atuais","status":"publish","type":"post","link":"https:\/\/www.tuasaude.com\/news\/2026\/09\/02\/a-partir-de-que-idade-fazer-a-primeira-mamografia-e-com-que-frequencia-repetir-o-exame-segundo-as-recomendacoes-atuais\/","title":{"rendered":"A partir de que idade fazer a primeira mamografia e com que frequ\u00eancia repetir o exame, segundo as recomenda\u00e7\u00f5es atuais"},"content":{"rendered":"\n<p class=\"wp-block-paragraph\"><strong>Mamografia<\/strong> \u00e9 um dos principais exames usados no <strong>rastreamento<\/strong> do <strong>c\u00e2ncer de mama<\/strong>, especialmente quando a meta \u00e9 identificar altera\u00e7\u00f5es antes do surgimento de sintomas. A idade para come\u00e7ar e o intervalo entre os exames n\u00e3o s\u00e3o iguais para todas as mulheres, porque hist\u00f3rico familiar, risco individual e faixa et\u00e1ria mudam a conduta cl\u00ednica.<\/p>\n\n\n\n<h2 class=\"wp-block-heading\">Quando a primeira mamografia costuma ser indicada?<\/h2>\n\n\n\n<p class=\"wp-block-paragraph\">A recomenda\u00e7\u00e3o mais citada hoje para mulheres com risco habitual \u00e9 iniciar a mamografia aos <strong>40 anos<\/strong>. Em geral, o exame segue at\u00e9 os 74 anos, desde que haja condi\u00e7\u00e3o cl\u00ednica para investiga\u00e7\u00e3o e tratamento, caso apare\u00e7a alguma altera\u00e7\u00e3o na mama.<\/p>\n\n\n\n<p class=\"wp-block-paragraph\">Esse ponto de partida n\u00e3o vale da mesma forma para quem tem risco aumentado. Entram nesse grupo mulheres com parentes de primeiro grau com c\u00e2ncer de mama, muta\u00e7\u00f5es gen\u00e9ticas conhecidas, radioterapia pr\u00e9via na regi\u00e3o tor\u00e1cica ou hist\u00f3rico pessoal de les\u00f5es mam\u00e1rias espec\u00edficas. Nesses casos, a idade de in\u00edcio pode ser antecipada e a estrat\u00e9gia deve ser definida em consulta.<\/p>\n\n\n\n<h2 class=\"wp-block-heading\">O que as evid\u00eancias atuais dizem sobre a idade e a frequ\u00eancia?<\/h2>\n\n\n\n<p class=\"wp-block-paragraph\">Pesquisa publicada em 2024 reuniu dados sobre in\u00edcio, interrup\u00e7\u00e3o e intervalo do rastreamento mamogr\u00e1fico. O conjunto das evid\u00eancias sustentou benef\u00edcio moderado para o esquema bienal entre 40 e 74 anos, com mais incerteza fora dessa faixa et\u00e1ria. O resumo pode ser lido em <a href=\"https:\/\/pubmed.ncbi.nlm.nih.gov\/38687490\/\" target=\"_blank\" rel=\"noopener noreferrer\">benef\u00edcio moderado do rastreamento bienal entre 40 e 74 anos<\/a>.<\/p>\n\n\n\n<p class=\"wp-block-paragraph\">Na pr\u00e1tica, isso ajuda a explicar por que recomenda\u00e7\u00f5es atuais se concentram nessa janela de <strong>idade<\/strong>. Outra revis\u00e3o, de 2021, tamb\u00e9m apontou que o rastreamento anual em mulheres de 50 a 69 anos pode trazer ganho pequeno, mas com aumento importante de falso-positivo, o que pesa na decis\u00e3o cl\u00ednica sobre repetir o exame todo ano ou a cada dois anos.<\/p>\n\n\n<div class=\"wp-block-image wp-block-image aligncenter size-large\">\n<figure ><img decoding=\"async\" width=\"1279\" height=\"720\" src=\"https:\/\/cdnnewsimg.tuasaude.com\/wp-content\/uploads\/2026\/09\/a-partir-de-que-idade-fazer-a-primeira-mamografia-e-com-corpo.jpg\" alt=\"Idade, frequ\u00eancia, risco e sintomas orientam a mamografia e o seguimento.\" class=\"wp-image-106779\" srcset=\"https:\/\/www.tuasaude.com\/news\/wp-content\/uploads\/2026\/09\/a-partir-de-que-idade-fazer-a-primeira-mamografia-e-com-corpo.jpg 1279w, https:\/\/www.tuasaude.com\/news\/wp-content\/uploads\/2026\/09\/a-partir-de-que-idade-fazer-a-primeira-mamografia-e-com-corpo-300x169.jpg 300w, https:\/\/www.tuasaude.com\/news\/wp-content\/uploads\/2026\/09\/a-partir-de-que-idade-fazer-a-primeira-mamografia-e-com-corpo-1024x576.jpg 1024w, https:\/\/www.tuasaude.com\/news\/wp-content\/uploads\/2026\/09\/a-partir-de-que-idade-fazer-a-primeira-mamografia-e-com-corpo-768x432.jpg 768w, https:\/\/www.tuasaude.com\/news\/wp-content\/uploads\/2026\/09\/a-partir-de-que-idade-fazer-a-primeira-mamografia-e-com-corpo-750x422.jpg 750w, https:\/\/www.tuasaude.com\/news\/wp-content\/uploads\/2026\/09\/a-partir-de-que-idade-fazer-a-primeira-mamografia-e-com-corpo-1140x642.jpg 1140w\" sizes=\"(max-width: 1279px) 100vw, 1279px\" \/><figcaption class=\"wp-element-caption\">Idade, frequ\u00eancia, risco e sintomas orientam a mamografia e o seguimento.<\/figcaption><\/figure>\n<\/div>\n\n\n<h2 class=\"wp-block-heading\">Repetir todo ano ou a cada dois anos?<\/h2>\n\n\n\n<p class=\"wp-block-paragraph\">A resposta depende do risco individual e da diretriz usada pelo servi\u00e7o de sa\u00fade. Para muitas mulheres com risco habitual, o intervalo de dois anos aparece como equil\u00edbrio razo\u00e1vel entre benef\u00edcio e menor chance de exames adicionais desnecess\u00e1rios. J\u00e1 o controle anual pode ser indicado em cen\u00e1rios espec\u00edficos, ap\u00f3s avalia\u00e7\u00e3o m\u00e9dica.<\/p>\n\n\n\n<p class=\"wp-block-paragraph\">Na decis\u00e3o sobre frequ\u00eancia, costumam entrar estes fatores:<\/p>\n\n\n\n<ul class=\"wp-block-list\">\n<li>idade e densidade mam\u00e1ria<\/li>\n\n\n\n<li>hist\u00f3rico familiar de c\u00e2ncer de mama ou ov\u00e1rio<\/li>\n\n\n\n<li>resultados anteriores da mamografia<\/li>\n\n\n\n<li>presen\u00e7a de muta\u00e7\u00f5es gen\u00e9ticas associadas a maior risco<\/li>\n\n\n\n<li>condi\u00e7\u00f5es cl\u00ednicas que alteram o seguimento<\/li>\n<\/ul>\n\n\n\n<h2 class=\"wp-block-heading\">Quando o rastreamento precisa ser individualizado?<\/h2>\n\n\n\n<p class=\"wp-block-paragraph\">Mulheres com risco elevado raramente seguem uma regra \u00fanica baseada s\u00f3 na idade. Nesses casos, o plano pode combinar in\u00edcio mais cedo, menor intervalo entre exames e associa\u00e7\u00e3o com outros m\u00e9todos de imagem. Para entender melhor <a href=\"https:\/\/www.tuasaude.com\/mamografia\/\" target=\"_blank\" rel=\"noopener noreferrer\">como a mamografia \u00e9 feita<\/a> e quando ela costuma ser indicada, vale observar crit\u00e9rios de preparo, objetivo do exame e leitura dos resultados.<\/p>\n\n\n\n<p class=\"wp-block-paragraph\">Os sinais de alerta tamb\u00e9m mudam a l\u00f3gica do cuidado. Caro\u00e7o palp\u00e1vel, retra\u00e7\u00e3o da pele, sa\u00edda de secre\u00e7\u00e3o pelo mamilo, altera\u00e7\u00e3o persistente no formato da mama ou linfonodos aumentados pedem investiga\u00e7\u00e3o diagn\u00f3stica, e n\u00e3o apenas rastreamento de rotina.<\/p>\n\n\n\n<h2 class=\"wp-block-heading\">Em quais situa\u00e7\u00f5es a recomenda\u00e7\u00e3o muda?<\/h2>\n\n\n\n<p class=\"wp-block-paragraph\">H\u00e1 situa\u00e7\u00f5es em que a mamografia pode come\u00e7ar antes dos 40 anos ou ser complementada por outros exames. Isso ocorre quando o risco de <strong>c\u00e2ncer de mama<\/strong> \u00e9 maior do que o esperado para a popula\u00e7\u00e3o geral ou quando j\u00e1 existe achado anterior que exige seguimento mais pr\u00f3ximo.<\/p>\n\n\n\n<p class=\"wp-block-paragraph\">Entre os cen\u00e1rios mais comuns est\u00e3o:<\/p>\n\n\n\n<ul class=\"wp-block-list\">\n<li>m\u00e3e, irm\u00e3 ou filha com diagn\u00f3stico em idade precoce<\/li>\n\n\n\n<li>muta\u00e7\u00f5es como BRCA1 e BRCA2<\/li>\n\n\n\n<li>hist\u00f3rico pessoal de c\u00e2ncer de mama<\/li>\n\n\n\n<li>bi\u00f3psias pr\u00e9vias com les\u00f5es de alto risco<\/li>\n\n\n\n<li>radioterapia no t\u00f3rax em fases anteriores da vida<\/li>\n<\/ul>\n\n\n\n<h2 class=\"wp-block-heading\">Qual \u00e9 a orienta\u00e7\u00e3o mais segura hoje?<\/h2>\n\n\n\n<p class=\"wp-block-paragraph\">Para a maioria das mulheres sem fatores adicionais de risco, a primeira mamografia aos 40 anos e a repeti\u00e7\u00e3o peri\u00f3dica entre 40 e 74 anos formam a base do rastreamento atual. O intervalo exato, anual ou bienal, deve considerar chance de benef\u00edcio, falso-positivo, necessidade de bi\u00f3psia e contexto cl\u00ednico de cada paciente.<\/p>\n\n\n\n<p class=\"wp-block-paragraph\">Na preven\u00e7\u00e3o, o mais importante \u00e9 n\u00e3o separar exame de avalia\u00e7\u00e3o m\u00e9dica, hist\u00f3rico familiar, sintomas e seguimento regular. A boa conduta depende de contexto, leitura correta da imagem e defini\u00e7\u00e3o individual da melhor frequ\u00eancia para proteger a mama ao longo dos anos.<\/p>\n\n\n\n<p class=\"wp-block-paragraph\">Este conte\u00fado tem car\u00e1ter exclusivamente informativo e <strong>n\u00e3o substitui a avalia\u00e7\u00e3o<\/strong>, o diagn\u00f3stico ou o acompanhamento de um profissional de sa\u00fade. Se voc\u00ea apresenta sintomas ou tem d\u00favidas sobre sua condi\u00e7\u00e3o, procure orienta\u00e7\u00e3o m\u00e9dica.<\/p>\n","protected":false},"excerpt":{"rendered":"<p>Mamografia \u00e9 um dos principais exames usados no rastreamento do c\u00e2ncer de mama, especialmente quando a meta \u00e9 identificar altera\u00e7\u00f5es antes do surgimento de sintomas. A idade para come\u00e7ar e o intervalo entre os exames n\u00e3o s\u00e3o iguais para todas as mulheres, porque hist\u00f3rico familiar, risco individual e faixa et\u00e1ria mudam a conduta cl\u00ednica. Quando [&hellip;]<\/p>\n","protected":false},"author":6,"featured_media":106778,"comment_status":"open","ping_status":"open","sticky":false,"template":"","format":"standard","meta":{"_yoast_wpseo_focuskw":"mamografia","_yoast_wpseo_title":"","_yoast_wpseo_metadesc":"Mamografia aos 40 ou mais tarde? Um detalhe sobre idade e frequ\u00eancia muda a forma de encarar o rastreamento do c\u00e2ncer de mama.","jnews-multi-image_gallery":[],"jnews_single_post":{"format":"standard"},"jnews_primary_category":[],"jnews_social_meta":[],"jnews_override_counter":[],"footnotes":""},"categories":[111],"tags":[7334,2076,7746,1796],"class_list":["post-106780","post","type-post","status-publish","format-standard","has-post-thumbnail","hentry","category-saude","tag-cancer-de-mama","tag-mamografia","tag-rastreamento","tag-saude-2"],"yoast_head":"<!-- This site is optimized with the Yoast SEO plugin v26.7 - https:\/\/yoast.com\/wordpress\/plugins\/seo\/ -->\n<title>A partir de que idade fazer a primeira mamografia e com que frequ\u00eancia repetir o exame, segundo as recomenda\u00e7\u00f5es atuais - Tua Sa\u00fade<\/title>\n<meta name=\"description\" content=\"Mamografia aos 40 ou mais tarde? Um detalhe sobre idade e frequ\u00eancia muda a forma de encarar o rastreamento do c\u00e2ncer de mama.\" \/>\n<meta name=\"robots\" content=\"index, follow, max-snippet:-1, max-image-preview:large, max-video-preview:-1\" \/>\n<link rel=\"canonical\" href=\"https:\/\/www.tuasaude.com\/news\/2026\/09\/02\/a-partir-de-que-idade-fazer-a-primeira-mamografia-e-com-que-frequencia-repetir-o-exame-segundo-as-recomendacoes-atuais\/\" \/>\n<meta property=\"og:locale\" content=\"pt_BR\" \/>\n<meta property=\"og:type\" content=\"article\" \/>\n<meta property=\"og:title\" content=\"A partir de que idade fazer a primeira mamografia e com que frequ\u00eancia repetir o exame, segundo as recomenda\u00e7\u00f5es atuais - Tua Sa\u00fade\" \/>\n<meta property=\"og:description\" content=\"Mamografia aos 40 ou mais tarde? Um detalhe sobre idade e frequ\u00eancia muda a forma de encarar o rastreamento do c\u00e2ncer de mama.\" \/>\n<meta property=\"og:url\" content=\"https:\/\/www.tuasaude.com\/news\/2026\/09\/02\/a-partir-de-que-idade-fazer-a-primeira-mamografia-e-com-que-frequencia-repetir-o-exame-segundo-as-recomendacoes-atuais\/\" \/>\n<meta property=\"og:site_name\" content=\"Tua Sa\u00fade\" \/>\n<meta property=\"article:published_time\" content=\"2026-09-02T12:55:00+00:00\" \/>\n<meta property=\"og:image\" content=\"https:\/\/www.tuasaude.com\/news\/wp-content\/uploads\/2026\/09\/a-partir-de-que-idade-fazer-a-primeira-mamografia-e-com-que-.jpg\" \/>\n\t<meta property=\"og:image:width\" content=\"1280\" \/>\n\t<meta property=\"og:image:height\" content=\"720\" \/>\n\t<meta property=\"og:image:type\" content=\"image\/jpeg\" \/>\n<meta name=\"author\" content=\"Gabriel Leme\" \/>\n<meta name=\"twitter:card\" content=\"summary_large_image\" \/>\n<meta name=\"twitter:label1\" content=\"Escrito por\" \/>\n\t<meta name=\"twitter:data1\" content=\"Gabriel Leme\" \/>\n\t<meta name=\"twitter:label2\" content=\"Est. tempo de leitura\" \/>\n\t<meta name=\"twitter:data2\" content=\"5 minutos\" \/>\n<!-- \/ Yoast SEO plugin. -->","yoast_head_json":{"title":"A partir de que idade fazer a primeira mamografia e com que frequ\u00eancia repetir o exame, segundo as recomenda\u00e7\u00f5es atuais - Tua Sa\u00fade","description":"Mamografia aos 40 ou mais tarde? Um detalhe sobre idade e frequ\u00eancia muda a forma de encarar o rastreamento do c\u00e2ncer de mama.","robots":{"index":"index","follow":"follow","max-snippet":"max-snippet:-1","max-image-preview":"max-image-preview:large","max-video-preview":"max-video-preview:-1"},"canonical":"https:\/\/www.tuasaude.com\/news\/2026\/09\/02\/a-partir-de-que-idade-fazer-a-primeira-mamografia-e-com-que-frequencia-repetir-o-exame-segundo-as-recomendacoes-atuais\/","og_locale":"pt_BR","og_type":"article","og_title":"A partir de que idade fazer a primeira mamografia e com que frequ\u00eancia repetir o exame, segundo as recomenda\u00e7\u00f5es atuais - Tua Sa\u00fade","og_description":"Mamografia aos 40 ou mais tarde? Um detalhe sobre idade e frequ\u00eancia muda a forma de encarar o rastreamento do c\u00e2ncer de mama.","og_url":"https:\/\/www.tuasaude.com\/news\/2026\/09\/02\/a-partir-de-que-idade-fazer-a-primeira-mamografia-e-com-que-frequencia-repetir-o-exame-segundo-as-recomendacoes-atuais\/","og_site_name":"Tua Sa\u00fade","article_published_time":"2026-09-02T12:55:00+00:00","og_image":[{"width":1280,"height":720,"url":"https:\/\/www.tuasaude.com\/news\/wp-content\/uploads\/2026\/09\/a-partir-de-que-idade-fazer-a-primeira-mamografia-e-com-que-.jpg","type":"image\/jpeg"}],"author":"Gabriel Leme","twitter_card":"summary_large_image","twitter_misc":{"Escrito por":"Gabriel Leme","Est. tempo de leitura":"5 minutos"},"schema":{"@context":"https:\/\/schema.org","@graph":[{"@type":"Article","@id":"https:\/\/www.tuasaude.com\/news\/2026\/09\/02\/a-partir-de-que-idade-fazer-a-primeira-mamografia-e-com-que-frequencia-repetir-o-exame-segundo-as-recomendacoes-atuais\/#article","isPartOf":{"@id":"https:\/\/www.tuasaude.com\/news\/2026\/09\/02\/a-partir-de-que-idade-fazer-a-primeira-mamografia-e-com-que-frequencia-repetir-o-exame-segundo-as-recomendacoes-atuais\/"},"author":{"name":"Gabriel Leme","@id":"https:\/\/www.tuasaude.com\/news\/#\/schema\/person\/bf512a2e53b74f5544ff3040f496e593"},"headline":"A partir de que idade fazer a primeira mamografia e com que frequ\u00eancia repetir o exame, segundo as recomenda\u00e7\u00f5es atuais","datePublished":"2026-09-02T12:55:00+00:00","mainEntityOfPage":{"@id":"https:\/\/www.tuasaude.com\/news\/2026\/09\/02\/a-partir-de-que-idade-fazer-a-primeira-mamografia-e-com-que-frequencia-repetir-o-exame-segundo-as-recomendacoes-atuais\/"},"wordCount":849,"commentCount":0,"image":{"@id":"https:\/\/www.tuasaude.com\/news\/2026\/09\/02\/a-partir-de-que-idade-fazer-a-primeira-mamografia-e-com-que-frequencia-repetir-o-exame-segundo-as-recomendacoes-atuais\/#primaryimage"},"thumbnailUrl":"https:\/\/www.tuasaude.com\/news\/wp-content\/uploads\/2026\/09\/a-partir-de-que-idade-fazer-a-primeira-mamografia-e-com-que-.jpg","keywords":["c\u00e2ncer de mama","mamografia","rastreamento","saude"],"articleSection":["Sa\u00fade"],"inLanguage":"pt-BR","potentialAction":[{"@type":"CommentAction","name":"Comment","target":["https:\/\/www.tuasaude.com\/news\/2026\/09\/02\/a-partir-de-que-idade-fazer-a-primeira-mamografia-e-com-que-frequencia-repetir-o-exame-segundo-as-recomendacoes-atuais\/#respond"]}]},{"@type":"WebPage","@id":"https:\/\/www.tuasaude.com\/news\/2026\/09\/02\/a-partir-de-que-idade-fazer-a-primeira-mamografia-e-com-que-frequencia-repetir-o-exame-segundo-as-recomendacoes-atuais\/","url":"https:\/\/www.tuasaude.com\/news\/2026\/09\/02\/a-partir-de-que-idade-fazer-a-primeira-mamografia-e-com-que-frequencia-repetir-o-exame-segundo-as-recomendacoes-atuais\/","name":"A partir de que idade fazer a primeira mamografia e com que frequ\u00eancia repetir o exame, segundo as recomenda\u00e7\u00f5es atuais - Tua Sa\u00fade","isPartOf":{"@id":"https:\/\/www.tuasaude.com\/news\/#website"},"primaryImageOfPage":{"@id":"https:\/\/www.tuasaude.com\/news\/2026\/09\/02\/a-partir-de-que-idade-fazer-a-primeira-mamografia-e-com-que-frequencia-repetir-o-exame-segundo-as-recomendacoes-atuais\/#primaryimage"},"image":{"@id":"https:\/\/www.tuasaude.com\/news\/2026\/09\/02\/a-partir-de-que-idade-fazer-a-primeira-mamografia-e-com-que-frequencia-repetir-o-exame-segundo-as-recomendacoes-atuais\/#primaryimage"},"thumbnailUrl":"https:\/\/www.tuasaude.com\/news\/wp-content\/uploads\/2026\/09\/a-partir-de-que-idade-fazer-a-primeira-mamografia-e-com-que-.jpg","datePublished":"2026-09-02T12:55:00+00:00","author":{"@id":"https:\/\/www.tuasaude.com\/news\/#\/schema\/person\/bf512a2e53b74f5544ff3040f496e593"},"description":"Mamografia aos 40 ou mais tarde? Um detalhe sobre idade e frequ\u00eancia muda a forma de encarar o rastreamento do c\u00e2ncer de mama.","breadcrumb":{"@id":"https:\/\/www.tuasaude.com\/news\/2026\/09\/02\/a-partir-de-que-idade-fazer-a-primeira-mamografia-e-com-que-frequencia-repetir-o-exame-segundo-as-recomendacoes-atuais\/#breadcrumb"},"inLanguage":"pt-BR","potentialAction":[{"@type":"ReadAction","target":["https:\/\/www.tuasaude.com\/news\/2026\/09\/02\/a-partir-de-que-idade-fazer-a-primeira-mamografia-e-com-que-frequencia-repetir-o-exame-segundo-as-recomendacoes-atuais\/"]}]},{"@type":"ImageObject","inLanguage":"pt-BR","@id":"https:\/\/www.tuasaude.com\/news\/2026\/09\/02\/a-partir-de-que-idade-fazer-a-primeira-mamografia-e-com-que-frequencia-repetir-o-exame-segundo-as-recomendacoes-atuais\/#primaryimage","url":"https:\/\/www.tuasaude.com\/news\/wp-content\/uploads\/2026\/09\/a-partir-de-que-idade-fazer-a-primeira-mamografia-e-com-que-.jpg","contentUrl":"https:\/\/www.tuasaude.com\/news\/wp-content\/uploads\/2026\/09\/a-partir-de-que-idade-fazer-a-primeira-mamografia-e-com-que-.jpg","width":1280,"height":720,"caption":"Mamografia aos 40 anos marca o in\u00edcio do rastreamento para muitas mulheres."},{"@type":"BreadcrumbList","@id":"https:\/\/www.tuasaude.com\/news\/2026\/09\/02\/a-partir-de-que-idade-fazer-a-primeira-mamografia-e-com-que-frequencia-repetir-o-exame-segundo-as-recomendacoes-atuais\/#breadcrumb","itemListElement":[{"@type":"ListItem","position":1,"name":"In\u00edcio","item":"https:\/\/www.tuasaude.com\/news\/"},{"@type":"ListItem","position":2,"name":"A partir de que idade fazer a primeira mamografia e com que frequ\u00eancia repetir o exame, segundo as recomenda\u00e7\u00f5es atuais"}]},{"@type":"WebSite","@id":"https:\/\/www.tuasaude.com\/news\/#website","url":"https:\/\/www.tuasaude.com\/news\/","name":"Tua Sa\u00fade","description":"Seu site de sa\u00fade","potentialAction":[{"@type":"SearchAction","target":{"@type":"EntryPoint","urlTemplate":"https:\/\/www.tuasaude.com\/news\/?s={search_term_string}"},"query-input":{"@type":"PropertyValueSpecification","valueRequired":true,"valueName":"search_term_string"}}],"inLanguage":"pt-BR"},{"@type":"Person","@id":"https:\/\/www.tuasaude.com\/news\/#\/schema\/person\/bf512a2e53b74f5544ff3040f496e593","name":"Gabriel Leme","image":{"@type":"ImageObject","inLanguage":"pt-BR","@id":"https:\/\/www.tuasaude.com\/news\/#\/schema\/person\/image\/","url":"https:\/\/secure.gravatar.com\/avatar\/a12badc2d08e73d59b38f178ebe822eca26c0445823b05fefedea89fb346439c?s=96&d=mm&r=g","contentUrl":"https:\/\/secure.gravatar.com\/avatar\/a12badc2d08e73d59b38f178ebe822eca26c0445823b05fefedea89fb346439c?s=96&d=mm&r=g","caption":"Gabriel Leme"},"sameAs":["https:\/\/www.tuasaude.com\/news"],"url":"https:\/\/www.tuasaude.com\/news\/author\/gabrielleme\/"}]}},"_links":{"self":[{"href":"https:\/\/www.tuasaude.com\/news\/wp-json\/wp\/v2\/posts\/106780","targetHints":{"allow":["GET"]}}],"collection":[{"href":"https:\/\/www.tuasaude.com\/news\/wp-json\/wp\/v2\/posts"}],"about":[{"href":"https:\/\/www.tuasaude.com\/news\/wp-json\/wp\/v2\/types\/post"}],"author":[{"embeddable":true,"href":"https:\/\/www.tuasaude.com\/news\/wp-json\/wp\/v2\/users\/6"}],"replies":[{"embeddable":true,"href":"https:\/\/www.tuasaude.com\/news\/wp-json\/wp\/v2\/comments?post=106780"}],"version-history":[{"count":1,"href":"https:\/\/www.tuasaude.com\/news\/wp-json\/wp\/v2\/posts\/106780\/revisions"}],"predecessor-version":[{"id":106838,"href":"https:\/\/www.tuasaude.com\/news\/wp-json\/wp\/v2\/posts\/106780\/revisions\/106838"}],"wp:featuredmedia":[{"embeddable":true,"href":"https:\/\/www.tuasaude.com\/news\/wp-json\/wp\/v2\/media\/106778"}],"wp:attachment":[{"href":"https:\/\/www.tuasaude.com\/news\/wp-json\/wp\/v2\/media?parent=106780"}],"wp:term":[{"taxonomy":"category","embeddable":true,"href":"https:\/\/www.tuasaude.com\/news\/wp-json\/wp\/v2\/categories?post=106780"},{"taxonomy":"post_tag","embeddable":true,"href":"https:\/\/www.tuasaude.com\/news\/wp-json\/wp\/v2\/tags?post=106780"}],"curies":[{"name":"wp","href":"https:\/\/api.w.org\/{rel}","templated":true}]}}