{"id":106717,"date":"2026-09-02T17:05:00","date_gmt":"2026-09-02T20:05:00","guid":{"rendered":"https:\/\/www.tuasaude.com\/news\/?p=106717"},"modified":"2026-09-02T12:10:34","modified_gmt":"2026-09-02T15:10:34","slug":"nem-toda-coceira-nas-pernas-e-pele-seca-figado-rins-e-tireoide-tambem-podem-estar-envolvidos","status":"publish","type":"post","link":"https:\/\/www.tuasaude.com\/news\/2026\/09\/02\/nem-toda-coceira-nas-pernas-e-pele-seca-figado-rins-e-tireoide-tambem-podem-estar-envolvidos\/","title":{"rendered":"Nem toda coceira nas pernas \u00e9 pele seca: f\u00edgado, rins e tireoide tamb\u00e9m podem estar envolvidos"},"content":{"rendered":"\n<p class=\"wp-block-paragraph\">A coceira nas pernas \u00e9 frequentemente atribu\u00edda \u00e0 pele ressecada, ao clima frio ou a produtos irritantes, mas nem sempre a causa \u00e9 t\u00e3o simples. Quando o inc\u00f4modo persiste por semanas, piora \u00e0 noite e n\u00e3o melhora com hidrata\u00e7\u00e3o, pode ter origem interna, ligada a altera\u00e7\u00f5es no f\u00edgado, nos rins ou na tireoide. Esse tipo de prurido costuma se apresentar sem manchas vis\u00edveis e vem acompanhado de outros sinais discretos, que ajudam a orientar a investiga\u00e7\u00e3o m\u00e9dica. Reconhecer esse padr\u00e3o \u00e9 essencial para diferenciar quadros benignos de condi\u00e7\u00f5es que merecem avalia\u00e7\u00e3o laboratorial.<\/p>\n\n\n\n<h2 class=\"wp-block-heading\">Por que \u00f3rg\u00e3os internos podem provocar coceira?<\/h2>\n\n\n\n<p class=\"wp-block-paragraph\">A pele possui termina\u00e7\u00f5es nervosas sens\u00edveis a subst\u00e2ncias que circulam no sangue. Quando o f\u00edgado, os rins ou a tireoide n\u00e3o funcionam adequadamente, essas subst\u00e2ncias, como \u00e1cidos biliares, ureia ou horm\u00f4nios em desequil\u00edbrio, se acumulam e estimulam esses receptores, provocando a sensa\u00e7\u00e3o de coceira.<\/p>\n\n\n\n<p class=\"wp-block-paragraph\">Diferente da coceira causada por pele seca ou alergia, o prurido de origem interna costuma ser difuso, atinge v\u00e1rias regi\u00f5es do corpo e persiste mesmo com o uso de hidratantes ou cremes calmantes. Tamb\u00e9m tende a piorar \u00e0 noite e ap\u00f3s o banho quente, caracter\u00edsticas que ajudam a diferenciar as causas.<\/p>\n\n\n\n<h2 class=\"wp-block-heading\">Quais condi\u00e7\u00f5es internas mais provocam esse sintoma?<\/h2>\n\n\n\n<p class=\"wp-block-paragraph\">Algumas doen\u00e7as sist\u00eamicas se manifestam inicialmente apenas pela coceira, antes mesmo de outros sinais mais evidentes. Identificar essas possibilidades ajuda a valorizar o sintoma como uma pista cl\u00ednica importante. Entre as causas internas mais frequentes est\u00e3o:<\/p>\n\n\n\n<ul class=\"wp-block-list\">\n<li><strong>Colestase hep\u00e1tica<\/strong>, com reten\u00e7\u00e3o de \u00e1cidos biliares no organismo<\/li>\n\n\n\n<li><strong>Doen\u00e7a renal cr\u00f4nica<\/strong>, com ac\u00famulo de toxinas no sangue, chamado prurido ur\u00eamico<\/li>\n\n\n\n<li><strong>Altera\u00e7\u00f5es da tireoide<\/strong>, tanto no hipotireoidismo quanto no hipertireoidismo<\/li>\n\n\n\n<li><strong>Diabetes descompensado<\/strong>, que interfere na hidrata\u00e7\u00e3o e na circula\u00e7\u00e3o da pele<\/li>\n\n\n\n<li><strong>Anemia por defici\u00eancia de ferro<\/strong>, associada a coceira sem les\u00f5es<\/li>\n\n\n\n<li><strong>Doen\u00e7as hematol\u00f3gicas<\/strong>, como linfomas, em casos mais raros<\/li>\n<\/ul>\n\n\n\n<p class=\"wp-block-paragraph\">Cada uma dessas condi\u00e7\u00f5es costuma vir acompanhada de outros sinais, como cansa\u00e7o, mudan\u00e7as de peso, incha\u00e7o ou altera\u00e7\u00f5es no volume urin\u00e1rio, que ajudam o m\u00e9dico a direcionar a investiga\u00e7\u00e3o.<\/p>\n\n\n<div class=\"wp-block-image\">\n<figure class=\"aligncenter size-large\"><img decoding=\"async\" width=\"1024\" height=\"571\" src=\"https:\/\/www.tuasaude.com\/news\/wp-content\/uploads\/2026\/09\/Medical_infographic_on_persisten\u2026_202609011502-1024x571.jpg\" alt=\"F\u00edgado, rins, tireoide e exames ajudam a investigar coceira persistente sem les\u00f5es.\" class=\"wp-image-106723\" srcset=\"https:\/\/www.tuasaude.com\/news\/wp-content\/uploads\/2026\/09\/Medical_infographic_on_persisten\u2026_202609011502-1024x571.jpg 1024w, https:\/\/www.tuasaude.com\/news\/wp-content\/uploads\/2026\/09\/Medical_infographic_on_persisten\u2026_202609011502-300x167.jpg 300w, https:\/\/www.tuasaude.com\/news\/wp-content\/uploads\/2026\/09\/Medical_infographic_on_persisten\u2026_202609011502-768x428.jpg 768w, https:\/\/www.tuasaude.com\/news\/wp-content\/uploads\/2026\/09\/Medical_infographic_on_persisten\u2026_202609011502-750x418.jpg 750w, https:\/\/www.tuasaude.com\/news\/wp-content\/uploads\/2026\/09\/Medical_infographic_on_persisten\u2026_202609011502-1140x636.jpg 1140w, https:\/\/www.tuasaude.com\/news\/wp-content\/uploads\/2026\/09\/Medical_infographic_on_persisten\u2026_202609011502.jpg 1280w\" sizes=\"(max-width: 1024px) 100vw, 1024px\" \/><figcaption class=\"wp-element-caption\">F\u00edgado, rins, tireoide e exames ajudam a investigar coceira persistente sem les\u00f5es.<\/figcaption><\/figure>\n<\/div>\n\n\n<h2 class=\"wp-block-heading\">Quais sinais acompanham cada causa poss\u00edvel?<\/h2>\n\n\n\n<p class=\"wp-block-paragraph\">Observar o conjunto de sintomas \u00e9 mais importante do que a coceira isolada. Nas altera\u00e7\u00f5es hep\u00e1ticas, o prurido costuma vir com pele amarelada, urina escura, fezes claras e cansa\u00e7o. J\u00e1 na <a href=\"https:\/\/www.tuasaude.com\/insuficiencia-renal-cronica\/\" target=\"_blank\" rel=\"noreferrer noopener\">insufici\u00eancia renal cr\u00f4nica<\/a>, a coceira aparece junto de incha\u00e7o nas pernas, press\u00e3o alta, mudan\u00e7a no volume urin\u00e1rio e palidez.<\/p>\n\n\n\n<p class=\"wp-block-paragraph\">Nas disfun\u00e7\u00f5es da tireoide, o sintoma pode se somar a ganho ou perda de peso, altera\u00e7\u00f5es intestinais, queda de cabelo e sensibilidade ao frio ou ao calor, dependendo do quadro. Consultar os principais <a href=\"https:\/\/www.tuasaude.com\/hipotireoidismo-sintomas\/\" target=\"_blank\" rel=\"noreferrer noopener\">sintomas de hipotireoidismo<\/a> ajuda a diferenciar essas manifesta\u00e7\u00f5es.<\/p>\n\n\n\n<h2 class=\"wp-block-heading\">O que uma revis\u00e3o cient\u00edfica revela sobre o prurido cr\u00f4nico?<\/h2>\n\n\n\n<p class=\"wp-block-paragraph\">A rela\u00e7\u00e3o entre coceira persistente e doen\u00e7as sist\u00eamicas \u00e9 bem documentada na literatura m\u00e9dica. Segundo a revis\u00e3o <a href=\"https:\/\/pubmed.ncbi.nlm.nih.gov\/38809527\/\" target=\"_blank\" rel=\"noreferrer noopener\">Chronic Pruritus: A Review<\/a>, publicada na revista JAMA, o prurido cr\u00f4nico afeta cerca de 22% das pessoas ao longo da vida e pode ter origem inflamat\u00f3ria, neurop\u00e1tica ou mista, com participa\u00e7\u00e3o frequente de condi\u00e7\u00f5es sist\u00eamicas como doen\u00e7a renal, colestase hep\u00e1tica e disfun\u00e7\u00f5es da tireoide.<\/p>\n\n\n\n<p class=\"wp-block-paragraph\">Os autores destacam que, quando o sintoma dura mais de seis semanas, \u00e9 generalizado ou piora \u00e0 noite, a investiga\u00e7\u00e3o m\u00e9dica \u00e9 essencial, incluindo exames laboratoriais capazes de identificar a causa e direcionar o tratamento adequado.<\/p>\n\n\n\n<figure class=\"wp-block-image size-large\"><img decoding=\"async\" width=\"1024\" height=\"571\" src=\"https:\/\/www.tuasaude.com\/news\/wp-content\/uploads\/2026\/09\/Physician_examines_patient_durin\u2026_202609011502-1024x571.jpg\" alt=\"Prurido noturno que n\u00e3o melhora com hidratante pode justificar investiga\u00e7\u00e3o sist\u00eamica.\" class=\"wp-image-106724\" srcset=\"https:\/\/www.tuasaude.com\/news\/wp-content\/uploads\/2026\/09\/Physician_examines_patient_durin\u2026_202609011502-1024x571.jpg 1024w, https:\/\/www.tuasaude.com\/news\/wp-content\/uploads\/2026\/09\/Physician_examines_patient_durin\u2026_202609011502-300x167.jpg 300w, https:\/\/www.tuasaude.com\/news\/wp-content\/uploads\/2026\/09\/Physician_examines_patient_durin\u2026_202609011502-768x428.jpg 768w, https:\/\/www.tuasaude.com\/news\/wp-content\/uploads\/2026\/09\/Physician_examines_patient_durin\u2026_202609011502-750x418.jpg 750w, https:\/\/www.tuasaude.com\/news\/wp-content\/uploads\/2026\/09\/Physician_examines_patient_durin\u2026_202609011502-1140x636.jpg 1140w, https:\/\/www.tuasaude.com\/news\/wp-content\/uploads\/2026\/09\/Physician_examines_patient_durin\u2026_202609011502.jpg 1280w\" sizes=\"(max-width: 1024px) 100vw, 1024px\" \/><figcaption class=\"wp-element-caption\">Prurido noturno que n\u00e3o melhora com hidratante pode justificar investiga\u00e7\u00e3o sist\u00eamica.<\/figcaption><\/figure>\n\n\n\n<h2 class=\"wp-block-heading\">Quando \u00e9 preciso procurar avalia\u00e7\u00e3o m\u00e9dica?<\/h2>\n\n\n\n<p class=\"wp-block-paragraph\">Nem toda coceira exige investiga\u00e7\u00e3o, mas alguns padr\u00f5es pedem consulta com cl\u00ednico geral, dermatologista ou especialista, dependendo da suspeita. Exames de sangue simples ajudam a orientar o diagn\u00f3stico e a diferenciar causas cut\u00e2neas de causas internas. Devem procurar avalia\u00e7\u00e3o, especialmente:<\/p>\n\n\n\n<ol class=\"wp-block-list\">\n<li>Pessoas com <strong>coceira que persiste por mais de seis semanas<\/strong><\/li>\n\n\n\n<li>Quem apresenta <strong>prurido difuso<\/strong>, sem les\u00f5es vis\u00edveis na pele<\/li>\n\n\n\n<li>Indiv\u00edduos com <strong>coceira que piora \u00e0 noite<\/strong> e interfere no sono<\/li>\n\n\n\n<li>Pessoas com <strong>sintomas associados<\/strong>, como cansa\u00e7o, incha\u00e7o ou icter\u00edcia<\/li>\n\n\n\n<li>Quem tem <strong>hist\u00f3rico de doen\u00e7as hep\u00e1ticas, renais ou da tireoide<\/strong><\/li>\n\n\n\n<li>Pessoas com <strong>perda de peso inexplicada<\/strong> ou altera\u00e7\u00f5es no funcionamento intestinal<\/li>\n<\/ol>\n\n\n\n<p class=\"wp-block-paragraph\">A investiga\u00e7\u00e3o costuma incluir hemograma, fun\u00e7\u00e3o renal com creatinina e ureia, enzimas hep\u00e1ticas, bilirrubinas e dosagem de TSH. Essa avalia\u00e7\u00e3o combinada permite identificar precocemente causas sist\u00eamicas e direcionar o tratamento adequado, evitando o uso prolongado de cremes sem resolver a origem real do problema.<\/p>\n\n\n\n<p class=\"wp-block-paragraph\"><em>Este conte\u00fado tem car\u00e1ter apenas informativo e n\u00e3o substitui a avalia\u00e7\u00e3o, o diagn\u00f3stico ou o tratamento realizado por um profissional de sa\u00fade qualificado. Em caso de sintomas ou d\u00favidas, procure orienta\u00e7\u00e3o m\u00e9dica.<\/em><\/p>\n","protected":false},"excerpt":{"rendered":"<p>A coceira nas pernas \u00e9 frequentemente atribu\u00edda \u00e0 pele ressecada, ao clima frio ou a produtos irritantes, mas nem sempre a causa \u00e9 t\u00e3o simples. Quando o inc\u00f4modo persiste por semanas, piora \u00e0 noite e n\u00e3o melhora com hidrata\u00e7\u00e3o, pode ter origem interna, ligada a altera\u00e7\u00f5es no f\u00edgado, nos rins ou na tireoide. Esse tipo [&hellip;]<\/p>\n","protected":false},"author":11,"featured_media":106722,"comment_status":"open","ping_status":"open","sticky":false,"template":"","format":"standard","meta":{"_yoast_wpseo_focuskw":"coceira nas pernas","_yoast_wpseo_title":"","_yoast_wpseo_metadesc":"Coceira nas pernas sem manchas vis\u00edveis pode ter origem interna. Entenda quais sinais podem apontar para altera\u00e7\u00f5es no f\u00edgado, nos rins ou na tireoide.","jnews-multi-image_gallery":[],"jnews_single_post":{"format":"standard"},"jnews_primary_category":[],"jnews_social_meta":[],"jnews_override_counter":[],"footnotes":""},"categories":[111],"tags":[153,800,1611,1061,136],"class_list":["post-106717","post","type-post","status-publish","format-standard","has-post-thumbnail","hentry","category-saude","tag-coceira","tag-figado","tag-pele-seca","tag-rins","tag-saude"],"yoast_head":"<!-- This site is optimized with the Yoast SEO plugin v26.7 - https:\/\/yoast.com\/wordpress\/plugins\/seo\/ -->\n<title>Nem toda coceira nas pernas \u00e9 pele seca: f\u00edgado, rins e tireoide tamb\u00e9m podem estar envolvidos - Tua Sa\u00fade<\/title>\n<meta name=\"description\" content=\"Coceira nas pernas sem manchas vis\u00edveis pode ter origem interna. Entenda quais sinais podem apontar para altera\u00e7\u00f5es no f\u00edgado, nos rins ou na tireoide.\" \/>\n<meta name=\"robots\" content=\"index, follow, max-snippet:-1, max-image-preview:large, max-video-preview:-1\" \/>\n<link rel=\"canonical\" href=\"https:\/\/www.tuasaude.com\/news\/2026\/09\/02\/nem-toda-coceira-nas-pernas-e-pele-seca-figado-rins-e-tireoide-tambem-podem-estar-envolvidos\/\" \/>\n<meta property=\"og:locale\" content=\"pt_BR\" \/>\n<meta property=\"og:type\" content=\"article\" \/>\n<meta property=\"og:title\" content=\"Nem toda coceira nas pernas \u00e9 pele seca: f\u00edgado, rins e tireoide tamb\u00e9m podem estar envolvidos - Tua Sa\u00fade\" \/>\n<meta property=\"og:description\" content=\"Coceira nas pernas sem manchas vis\u00edveis pode ter origem interna. Entenda quais sinais podem apontar para altera\u00e7\u00f5es no f\u00edgado, nos rins ou na tireoide.\" \/>\n<meta property=\"og:url\" content=\"https:\/\/www.tuasaude.com\/news\/2026\/09\/02\/nem-toda-coceira-nas-pernas-e-pele-seca-figado-rins-e-tireoide-tambem-podem-estar-envolvidos\/\" \/>\n<meta property=\"og:site_name\" content=\"Tua Sa\u00fade\" \/>\n<meta property=\"article:published_time\" content=\"2026-09-02T20:05:00+00:00\" \/>\n<meta property=\"og:image\" content=\"https:\/\/www.tuasaude.com\/news\/wp-content\/uploads\/2026\/09\/Woman_scratching_leg_on_bed_202609011502.jpg\" \/>\n\t<meta property=\"og:image:width\" content=\"1280\" \/>\n\t<meta property=\"og:image:height\" content=\"714\" \/>\n\t<meta property=\"og:image:type\" content=\"image\/jpeg\" \/>\n<meta name=\"author\" content=\"Gessika Julia Carvalho\" \/>\n<meta name=\"twitter:card\" content=\"summary_large_image\" \/>\n<meta name=\"twitter:label1\" content=\"Escrito por\" \/>\n\t<meta name=\"twitter:data1\" content=\"Gessika Julia Carvalho\" \/>\n\t<meta name=\"twitter:label2\" content=\"Est. tempo de leitura\" \/>\n\t<meta name=\"twitter:data2\" content=\"5 minutos\" \/>\n<!-- \/ Yoast SEO plugin. -->","yoast_head_json":{"title":"Nem toda coceira nas pernas \u00e9 pele seca: f\u00edgado, rins e tireoide tamb\u00e9m podem estar envolvidos - Tua Sa\u00fade","description":"Coceira nas pernas sem manchas vis\u00edveis pode ter origem interna. Entenda quais sinais podem apontar para altera\u00e7\u00f5es no f\u00edgado, nos rins ou na tireoide.","robots":{"index":"index","follow":"follow","max-snippet":"max-snippet:-1","max-image-preview":"max-image-preview:large","max-video-preview":"max-video-preview:-1"},"canonical":"https:\/\/www.tuasaude.com\/news\/2026\/09\/02\/nem-toda-coceira-nas-pernas-e-pele-seca-figado-rins-e-tireoide-tambem-podem-estar-envolvidos\/","og_locale":"pt_BR","og_type":"article","og_title":"Nem toda coceira nas pernas \u00e9 pele seca: f\u00edgado, rins e tireoide tamb\u00e9m podem estar envolvidos - Tua Sa\u00fade","og_description":"Coceira nas pernas sem manchas vis\u00edveis pode ter origem interna. Entenda quais sinais podem apontar para altera\u00e7\u00f5es no f\u00edgado, nos rins ou na tireoide.","og_url":"https:\/\/www.tuasaude.com\/news\/2026\/09\/02\/nem-toda-coceira-nas-pernas-e-pele-seca-figado-rins-e-tireoide-tambem-podem-estar-envolvidos\/","og_site_name":"Tua Sa\u00fade","article_published_time":"2026-09-02T20:05:00+00:00","og_image":[{"width":1280,"height":714,"url":"https:\/\/www.tuasaude.com\/news\/wp-content\/uploads\/2026\/09\/Woman_scratching_leg_on_bed_202609011502.jpg","type":"image\/jpeg"}],"author":"Gessika Julia Carvalho","twitter_card":"summary_large_image","twitter_misc":{"Escrito por":"Gessika Julia Carvalho","Est. tempo de leitura":"5 minutos"},"schema":{"@context":"https:\/\/schema.org","@graph":[{"@type":"Article","@id":"https:\/\/www.tuasaude.com\/news\/2026\/09\/02\/nem-toda-coceira-nas-pernas-e-pele-seca-figado-rins-e-tireoide-tambem-podem-estar-envolvidos\/#article","isPartOf":{"@id":"https:\/\/www.tuasaude.com\/news\/2026\/09\/02\/nem-toda-coceira-nas-pernas-e-pele-seca-figado-rins-e-tireoide-tambem-podem-estar-envolvidos\/"},"author":{"name":"Gessika Julia Carvalho","@id":"https:\/\/www.tuasaude.com\/news\/#\/schema\/person\/2e9df841be69ec84f5d20ddb8d273ac2"},"headline":"Nem toda coceira nas pernas \u00e9 pele seca: f\u00edgado, rins e tireoide tamb\u00e9m podem estar envolvidos","datePublished":"2026-09-02T20:05:00+00:00","mainEntityOfPage":{"@id":"https:\/\/www.tuasaude.com\/news\/2026\/09\/02\/nem-toda-coceira-nas-pernas-e-pele-seca-figado-rins-e-tireoide-tambem-podem-estar-envolvidos\/"},"wordCount":860,"commentCount":0,"image":{"@id":"https:\/\/www.tuasaude.com\/news\/2026\/09\/02\/nem-toda-coceira-nas-pernas-e-pele-seca-figado-rins-e-tireoide-tambem-podem-estar-envolvidos\/#primaryimage"},"thumbnailUrl":"https:\/\/www.tuasaude.com\/news\/wp-content\/uploads\/2026\/09\/Woman_scratching_leg_on_bed_202609011502.jpg","keywords":["coceira","f\u00edgado","pele seca","rins","sa\u00fade"],"articleSection":["Sa\u00fade"],"inLanguage":"pt-BR","potentialAction":[{"@type":"CommentAction","name":"Comment","target":["https:\/\/www.tuasaude.com\/news\/2026\/09\/02\/nem-toda-coceira-nas-pernas-e-pele-seca-figado-rins-e-tireoide-tambem-podem-estar-envolvidos\/#respond"]}]},{"@type":"WebPage","@id":"https:\/\/www.tuasaude.com\/news\/2026\/09\/02\/nem-toda-coceira-nas-pernas-e-pele-seca-figado-rins-e-tireoide-tambem-podem-estar-envolvidos\/","url":"https:\/\/www.tuasaude.com\/news\/2026\/09\/02\/nem-toda-coceira-nas-pernas-e-pele-seca-figado-rins-e-tireoide-tambem-podem-estar-envolvidos\/","name":"Nem toda coceira nas pernas \u00e9 pele seca: f\u00edgado, rins e tireoide tamb\u00e9m podem estar envolvidos - Tua Sa\u00fade","isPartOf":{"@id":"https:\/\/www.tuasaude.com\/news\/#website"},"primaryImageOfPage":{"@id":"https:\/\/www.tuasaude.com\/news\/2026\/09\/02\/nem-toda-coceira-nas-pernas-e-pele-seca-figado-rins-e-tireoide-tambem-podem-estar-envolvidos\/#primaryimage"},"image":{"@id":"https:\/\/www.tuasaude.com\/news\/2026\/09\/02\/nem-toda-coceira-nas-pernas-e-pele-seca-figado-rins-e-tireoide-tambem-podem-estar-envolvidos\/#primaryimage"},"thumbnailUrl":"https:\/\/www.tuasaude.com\/news\/wp-content\/uploads\/2026\/09\/Woman_scratching_leg_on_bed_202609011502.jpg","datePublished":"2026-09-02T20:05:00+00:00","author":{"@id":"https:\/\/www.tuasaude.com\/news\/#\/schema\/person\/2e9df841be69ec84f5d20ddb8d273ac2"},"description":"Coceira nas pernas sem manchas vis\u00edveis pode ter origem interna. Entenda quais sinais podem apontar para altera\u00e7\u00f5es no f\u00edgado, nos rins ou na tireoide.","breadcrumb":{"@id":"https:\/\/www.tuasaude.com\/news\/2026\/09\/02\/nem-toda-coceira-nas-pernas-e-pele-seca-figado-rins-e-tireoide-tambem-podem-estar-envolvidos\/#breadcrumb"},"inLanguage":"pt-BR","potentialAction":[{"@type":"ReadAction","target":["https:\/\/www.tuasaude.com\/news\/2026\/09\/02\/nem-toda-coceira-nas-pernas-e-pele-seca-figado-rins-e-tireoide-tambem-podem-estar-envolvidos\/"]}]},{"@type":"ImageObject","inLanguage":"pt-BR","@id":"https:\/\/www.tuasaude.com\/news\/2026\/09\/02\/nem-toda-coceira-nas-pernas-e-pele-seca-figado-rins-e-tireoide-tambem-podem-estar-envolvidos\/#primaryimage","url":"https:\/\/www.tuasaude.com\/news\/wp-content\/uploads\/2026\/09\/Woman_scratching_leg_on_bed_202609011502.jpg","contentUrl":"https:\/\/www.tuasaude.com\/news\/wp-content\/uploads\/2026\/09\/Woman_scratching_leg_on_bed_202609011502.jpg","width":1280,"height":714,"caption":"Nem toda coceira nas pernas \u00e9 pele seca: f\u00edgado, rins e tireoide tamb\u00e9m podem estar envolvidos"},{"@type":"BreadcrumbList","@id":"https:\/\/www.tuasaude.com\/news\/2026\/09\/02\/nem-toda-coceira-nas-pernas-e-pele-seca-figado-rins-e-tireoide-tambem-podem-estar-envolvidos\/#breadcrumb","itemListElement":[{"@type":"ListItem","position":1,"name":"In\u00edcio","item":"https:\/\/www.tuasaude.com\/news\/"},{"@type":"ListItem","position":2,"name":"Nem toda coceira nas pernas \u00e9 pele seca: f\u00edgado, rins e tireoide tamb\u00e9m podem estar envolvidos"}]},{"@type":"WebSite","@id":"https:\/\/www.tuasaude.com\/news\/#website","url":"https:\/\/www.tuasaude.com\/news\/","name":"Tua Sa\u00fade","description":"Seu site de sa\u00fade","potentialAction":[{"@type":"SearchAction","target":{"@type":"EntryPoint","urlTemplate":"https:\/\/www.tuasaude.com\/news\/?s={search_term_string}"},"query-input":{"@type":"PropertyValueSpecification","valueRequired":true,"valueName":"search_term_string"}}],"inLanguage":"pt-BR"},{"@type":"Person","@id":"https:\/\/www.tuasaude.com\/news\/#\/schema\/person\/2e9df841be69ec84f5d20ddb8d273ac2","name":"Gessika Julia Carvalho","image":{"@type":"ImageObject","inLanguage":"pt-BR","@id":"https:\/\/www.tuasaude.com\/news\/#\/schema\/person\/image\/","url":"https:\/\/secure.gravatar.com\/avatar\/0fcc8769024577fd0bc6a8b766055690f76a8e8f29dfb2a2f89cf04db8d0f2d2?s=96&d=mm&r=g","contentUrl":"https:\/\/secure.gravatar.com\/avatar\/0fcc8769024577fd0bc6a8b766055690f76a8e8f29dfb2a2f89cf04db8d0f2d2?s=96&d=mm&r=g","caption":"Gessika Julia Carvalho"},"sameAs":["https:\/\/www.tuasaude.com\/news\/"],"url":"https:\/\/www.tuasaude.com\/news\/author\/gessika-julia\/"}]}},"_links":{"self":[{"href":"https:\/\/www.tuasaude.com\/news\/wp-json\/wp\/v2\/posts\/106717","targetHints":{"allow":["GET"]}}],"collection":[{"href":"https:\/\/www.tuasaude.com\/news\/wp-json\/wp\/v2\/posts"}],"about":[{"href":"https:\/\/www.tuasaude.com\/news\/wp-json\/wp\/v2\/types\/post"}],"author":[{"embeddable":true,"href":"https:\/\/www.tuasaude.com\/news\/wp-json\/wp\/v2\/users\/11"}],"replies":[{"embeddable":true,"href":"https:\/\/www.tuasaude.com\/news\/wp-json\/wp\/v2\/comments?post=106717"}],"version-history":[{"count":1,"href":"https:\/\/www.tuasaude.com\/news\/wp-json\/wp\/v2\/posts\/106717\/revisions"}],"predecessor-version":[{"id":106725,"href":"https:\/\/www.tuasaude.com\/news\/wp-json\/wp\/v2\/posts\/106717\/revisions\/106725"}],"wp:featuredmedia":[{"embeddable":true,"href":"https:\/\/www.tuasaude.com\/news\/wp-json\/wp\/v2\/media\/106722"}],"wp:attachment":[{"href":"https:\/\/www.tuasaude.com\/news\/wp-json\/wp\/v2\/media?parent=106717"}],"wp:term":[{"taxonomy":"category","embeddable":true,"href":"https:\/\/www.tuasaude.com\/news\/wp-json\/wp\/v2\/categories?post=106717"},{"taxonomy":"post_tag","embeddable":true,"href":"https:\/\/www.tuasaude.com\/news\/wp-json\/wp\/v2\/tags?post=106717"}],"curies":[{"name":"wp","href":"https:\/\/api.w.org\/{rel}","templated":true}]}}