{"id":106716,"date":"2026-09-02T16:15:00","date_gmt":"2026-09-02T19:15:00","guid":{"rendered":"https:\/\/www.tuasaude.com\/news\/?p=106716"},"modified":"2026-09-01T15:00:13","modified_gmt":"2026-09-01T18:00:13","slug":"as-caimbras-noturnas-nas-pernas-nao-tem-uma-causa-unica-e-nem-sempre-estao-ligadas-a-desidratacao-ou-a-falta-de-minerais","status":"publish","type":"post","link":"https:\/\/www.tuasaude.com\/news\/2026\/09\/02\/as-caimbras-noturnas-nas-pernas-nao-tem-uma-causa-unica-e-nem-sempre-estao-ligadas-a-desidratacao-ou-a-falta-de-minerais\/","title":{"rendered":"As c\u00e2imbras noturnas nas pernas n\u00e3o t\u00eam uma causa \u00fanica e nem sempre est\u00e3o ligadas \u00e0 desidrata\u00e7\u00e3o ou \u00e0 falta de minerais"},"content":{"rendered":"\n<p class=\"wp-block-paragraph\">Acordar no meio da noite com uma c\u00e2imbra dolorosa na panturrilha \u00e9 uma experi\u00eancia comum, especialmente ap\u00f3s os 50 anos, e costuma ser rapidamente associada \u00e0 falta de \u00e1gua ou de minerais. A ci\u00eancia, no entanto, mostra um cen\u00e1rio mais complexo. A maioria das c\u00e2imbras noturnas em adultos \u00e9 classificada como idiop\u00e1tica, ou seja, sem causa \u00fanica identificada, e envolve fatores como fadiga muscular, postura ao dormir, envelhecimento neuromuscular e uso de certos medicamentos. Entender essa multiplicidade ajuda a evitar suplementos desnecess\u00e1rios e a valorizar h\u00e1bitos que realmente fazem diferen\u00e7a.<\/p>\n\n\n\n<h2 class=\"wp-block-heading\">Por que a c\u00e2imbra noturna n\u00e3o tem uma causa \u00fanica?<\/h2>\n\n\n\n<p class=\"wp-block-paragraph\">A c\u00e2imbra noturna \u00e9 uma contra\u00e7\u00e3o muscular involunt\u00e1ria, s\u00fabita e dolorosa, que atinge principalmente as panturrilhas e os p\u00e9s. Diferente do que muitos imaginam, seu mecanismo exato ainda n\u00e3o est\u00e1 totalmente esclarecido pela ci\u00eancia, e v\u00e1rios fatores costumam se somar em cada epis\u00f3dio.<\/p>\n\n\n\n<p class=\"wp-block-paragraph\">Estudos mostram que a maioria dos casos em adultos \u00e9 idiop\u00e1tica, sem uma origem bem definida. Isso significa que reduzir o problema a uma \u00fanica explica\u00e7\u00e3o, como falta de pot\u00e1ssio, pode levar a interven\u00e7\u00f5es ineficazes. A investiga\u00e7\u00e3o correta considera diferentes elementos que agem em conjunto ao longo do dia.<\/p>\n\n\n\n<h2 class=\"wp-block-heading\">Por que desidrata\u00e7\u00e3o e falta de minerais n\u00e3o explicam tudo?<\/h2>\n\n\n\n<p class=\"wp-block-paragraph\">Defici\u00eancias graves de eletr\u00f3litos como pot\u00e1ssio, magn\u00e9sio ou c\u00e1lcio podem realmente causar c\u00e2imbras, mas essas situa\u00e7\u00f5es s\u00e3o relativamente raras na popula\u00e7\u00e3o saud\u00e1vel. A cren\u00e7a de que a maioria dos epis\u00f3dios se deve a essas car\u00eancias n\u00e3o se sustenta nos estudos mais recentes.<\/p>\n\n\n\n<p class=\"wp-block-paragraph\">A ingest\u00e3o de \u00e1gua em excesso ou o uso de suplementos minerais sem indica\u00e7\u00e3o n\u00e3o costumam resolver o problema em quem n\u00e3o apresenta defici\u00eancia real. O foco correto est\u00e1 em investigar padr\u00f5es de rotina, medicamentos em uso e condi\u00e7\u00f5es cl\u00ednicas associadas ao surgimento das <a href=\"https:\/\/www.tuasaude.com\/caimbra-na-panturrilha\/\" target=\"_blank\" rel=\"noreferrer noopener\">c\u00e2imbras na panturrilha<\/a>.<\/p>\n\n\n<div class=\"wp-block-image\">\n<figure class=\"aligncenter size-large\"><img decoding=\"async\" width=\"1024\" height=\"571\" src=\"https:\/\/www.tuasaude.com\/news\/wp-content\/uploads\/2026\/09\/Caibras_noturnas_causas_e_fatores_202609011459-1024x571.jpg\" alt=\"Fadiga, postura, envelhecimento e medicamentos explicam melhor a natureza multifatorial das c\u00e2imbras.\" class=\"wp-image-106719\" srcset=\"https:\/\/www.tuasaude.com\/news\/wp-content\/uploads\/2026\/09\/Caibras_noturnas_causas_e_fatores_202609011459-1024x571.jpg 1024w, https:\/\/www.tuasaude.com\/news\/wp-content\/uploads\/2026\/09\/Caibras_noturnas_causas_e_fatores_202609011459-300x167.jpg 300w, https:\/\/www.tuasaude.com\/news\/wp-content\/uploads\/2026\/09\/Caibras_noturnas_causas_e_fatores_202609011459-768x428.jpg 768w, https:\/\/www.tuasaude.com\/news\/wp-content\/uploads\/2026\/09\/Caibras_noturnas_causas_e_fatores_202609011459-750x418.jpg 750w, https:\/\/www.tuasaude.com\/news\/wp-content\/uploads\/2026\/09\/Caibras_noturnas_causas_e_fatores_202609011459-1140x636.jpg 1140w, https:\/\/www.tuasaude.com\/news\/wp-content\/uploads\/2026\/09\/Caibras_noturnas_causas_e_fatores_202609011459.jpg 1280w\" sizes=\"(max-width: 1024px) 100vw, 1024px\" \/><figcaption class=\"wp-element-caption\">Fadiga, postura, envelhecimento e medicamentos explicam melhor a natureza multifatorial das c\u00e2imbras.<\/figcaption><\/figure>\n<\/div>\n\n\n<h2 class=\"wp-block-heading\">Quais fatores mais influenciam as c\u00e2imbras nas pernas?<\/h2>\n\n\n\n<p class=\"wp-block-paragraph\">A literatura m\u00e9dica aponta uma combina\u00e7\u00e3o de causas que ajudam a explicar por que o epis\u00f3dio surge durante o sono. Conhe\u00e7a os principais fatores envolvidos.<\/p>\n\n\n\n<ul class=\"wp-block-list\">\n<li><strong>Fadiga muscular<\/strong>: excesso de esfor\u00e7o f\u00edsico, longas caminhadas ou perman\u00eancia prolongada em p\u00e9 favorecem o aparecimento de <a href=\"https:\/\/www.tuasaude.com\/caimbra\/\" target=\"_blank\" rel=\"noreferrer noopener\">c\u00e2imbras<\/a>.<\/li>\n\n\n\n<li><strong>Postura ao dormir<\/strong>: ficar com o p\u00e9 em flex\u00e3o plantar por muito tempo encurta os m\u00fasculos da panturrilha e aumenta o risco.<\/li>\n\n\n\n<li><strong>Envelhecimento neuromuscular<\/strong>: com o passar dos anos, os nervos e m\u00fasculos perdem efici\u00eancia, o que favorece contra\u00e7\u00f5es involunt\u00e1rias.<\/li>\n\n\n\n<li><strong>Uso de certos medicamentos<\/strong>: diur\u00e9ticos, estatinas, corticoides e alguns anti-hipertensivos podem estar associados ao surgimento das c\u00e2imbras.<\/li>\n\n\n\n<li><strong>Sedentarismo<\/strong>: passar muitas horas sentado durante o dia favorece a rigidez muscular \u00e0 noite.<\/li>\n\n\n\n<li><strong>Altera\u00e7\u00f5es vasculares<\/strong>: insufici\u00eancia venosa, varizes e m\u00e1 circula\u00e7\u00e3o podem contribuir para epis\u00f3dios repetidos.<\/li>\n<\/ul>\n\n\n\n<h2 class=\"wp-block-heading\">O que os estudos cient\u00edficos mostram sobre as c\u00e2imbras noturnas?<\/h2>\n\n\n\n<p class=\"wp-block-paragraph\">A pesquisa vem mapeando a origem multifatorial do problema. Segundo o estudo caso-controle <a href=\"https:\/\/pmc.ncbi.nlm.nih.gov\/articles\/PMC7021766\/\" target=\"_blank\" rel=\"noreferrer noopener\">Association between physical activity and Nocturnal Leg Cramps in patients over 60 years old<\/a>, publicado em 2020 na revista cient\u00edfica Scientific Reports, do grupo Nature, a maioria das c\u00e2imbras noturnas em adultos acima de 60 anos \u00e9 idiop\u00e1tica e envolve fadiga muscular, postura prolongada e encurtamento de m\u00fasculos e tend\u00f5es, em vez de defici\u00eancias nutricionais isoladas.<\/p>\n\n\n\n<p class=\"wp-block-paragraph\">Os autores destacam que estrat\u00e9gias baseadas em alongamento e adequa\u00e7\u00e3o da atividade f\u00edsica parecem mais promissoras que a suplementa\u00e7\u00e3o de minerais, embora ainda faltem estudos com metodologia robusta. A conclus\u00e3o refor\u00e7a a import\u00e2ncia de uma abordagem individualizada, sempre com avalia\u00e7\u00e3o m\u00e9dica.<\/p>\n\n\n<div class=\"wp-block-image\">\n<figure class=\"aligncenter size-large\"><img decoding=\"async\" width=\"1024\" height=\"571\" src=\"https:\/\/www.tuasaude.com\/news\/wp-content\/uploads\/2026\/09\/Woman_stretching_leg_after_cramp_202609011458-1024x571.jpg\" alt=\"Fadiga, postura, idade e medicamentos podem contribuir para c\u00e2imbras durante o sono.\" class=\"wp-image-106720\" srcset=\"https:\/\/www.tuasaude.com\/news\/wp-content\/uploads\/2026\/09\/Woman_stretching_leg_after_cramp_202609011458-1024x571.jpg 1024w, https:\/\/www.tuasaude.com\/news\/wp-content\/uploads\/2026\/09\/Woman_stretching_leg_after_cramp_202609011458-300x167.jpg 300w, https:\/\/www.tuasaude.com\/news\/wp-content\/uploads\/2026\/09\/Woman_stretching_leg_after_cramp_202609011458-768x428.jpg 768w, https:\/\/www.tuasaude.com\/news\/wp-content\/uploads\/2026\/09\/Woman_stretching_leg_after_cramp_202609011458-750x418.jpg 750w, https:\/\/www.tuasaude.com\/news\/wp-content\/uploads\/2026\/09\/Woman_stretching_leg_after_cramp_202609011458-1140x636.jpg 1140w, https:\/\/www.tuasaude.com\/news\/wp-content\/uploads\/2026\/09\/Woman_stretching_leg_after_cramp_202609011458.jpg 1280w\" sizes=\"(max-width: 1024px) 100vw, 1024px\" \/><figcaption class=\"wp-element-caption\">Fadiga, postura, idade e medicamentos podem contribuir para c\u00e2imbras durante o sono.<\/figcaption><\/figure>\n<\/div>\n\n\n<h2 class=\"wp-block-heading\">Quando as c\u00e2imbras noturnas exigem avalia\u00e7\u00e3o m\u00e9dica?<\/h2>\n\n\n\n<p class=\"wp-block-paragraph\">Nem toda c\u00e2imbra ocasional precisa de investiga\u00e7\u00e3o, mas alguns cen\u00e1rios indicam necessidade de avalia\u00e7\u00e3o profissional para descartar condi\u00e7\u00f5es associadas.<\/p>\n\n\n\n<ul class=\"wp-block-list\">\n<li>Epis\u00f3dios frequentes que atrapalham o sono por v\u00e1rias noites na semana.<\/li>\n\n\n\n<li>C\u00e2imbras acompanhadas de dor persistente, incha\u00e7o ou vermelhid\u00e3o na perna.<\/li>\n\n\n\n<li>Aparecimento s\u00fabito ap\u00f3s o in\u00edcio de um novo medicamento.<\/li>\n\n\n\n<li>Fraqueza muscular, formigamento ou dorm\u00eancia associados \u00e0s contra\u00e7\u00f5es.<\/li>\n\n\n\n<li>C\u00e2imbras em jovens sem hist\u00f3rico pr\u00e9vio ou em gr\u00e1vidas com sintomas intensos.<\/li>\n\n\n\n<li>Presen\u00e7a de doen\u00e7as como diabetes, insufici\u00eancia renal, altera\u00e7\u00f5es da tireoide ou <a href=\"https:\/\/www.tuasaude.com\/caimbra-nas-pernas\/\" target=\"_blank\" rel=\"noreferrer noopener\">causas mais graves de c\u00e2imbra nas pernas<\/a>.<\/li>\n<\/ul>\n\n\n\n<p class=\"wp-block-paragraph\">Diante desses sinais, procurar um cl\u00ednico geral, neurologista ou geriatra permite investigar causas espec\u00edficas, revisar medicamentos e orientar medidas adequadas. O uso de suplementos ou rem\u00e9dios por conta pr\u00f3pria pode mascarar problemas e atrasar o diagn\u00f3stico correto de condi\u00e7\u00f5es que respondem melhor quando identificadas cedo.<\/p>\n\n\n\n<p class=\"wp-block-paragraph\"><em>Este conte\u00fado tem car\u00e1ter apenas informativo e n\u00e3o substitui a avalia\u00e7\u00e3o, o diagn\u00f3stico ou o tratamento realizados por um profissional de sa\u00fade qualificado. Procure sempre orienta\u00e7\u00e3o m\u00e9dica diante de qualquer sintoma.<\/em><\/p>\n","protected":false},"excerpt":{"rendered":"<p>Acordar no meio da noite com uma c\u00e2imbra dolorosa na panturrilha \u00e9 uma experi\u00eancia comum, especialmente ap\u00f3s os 50 anos, e costuma ser rapidamente associada \u00e0 falta de \u00e1gua ou de minerais. A ci\u00eancia, no entanto, mostra um cen\u00e1rio mais complexo. A maioria das c\u00e2imbras noturnas em adultos \u00e9 classificada como idiop\u00e1tica, ou seja, sem [&hellip;]<\/p>\n","protected":false},"author":11,"featured_media":106718,"comment_status":"open","ping_status":"open","sticky":false,"template":"","format":"standard","meta":{"_yoast_wpseo_focuskw":"c\u00e2imbras","_yoast_wpseo_title":"","_yoast_wpseo_metadesc":"C\u00e2imbras noturnas podem envolver fadiga, postura ao dormir, envelhecimento e medicamentos. Entenda por que falta de pot\u00e1ssio n\u00e3o explica todos os casos.","jnews-multi-image_gallery":[],"jnews_single_post":{"format":"standard"},"jnews_primary_category":[],"jnews_social_meta":[],"jnews_override_counter":[],"footnotes":""},"categories":[111],"tags":[145,2548,941,136],"class_list":["post-106716","post","type-post","status-publish","format-standard","has-post-thumbnail","hentry","category-saude","tag-bem-estar","tag-caimbras","tag-desidratacao","tag-saude"],"yoast_head":"<!-- This site is optimized with the Yoast SEO plugin v26.7 - https:\/\/yoast.com\/wordpress\/plugins\/seo\/ -->\n<title>As c\u00e2imbras noturnas nas pernas n\u00e3o t\u00eam uma causa \u00fanica e nem sempre est\u00e3o ligadas \u00e0 desidrata\u00e7\u00e3o ou \u00e0 falta de minerais - Tua Sa\u00fade<\/title>\n<meta name=\"description\" content=\"C\u00e2imbras noturnas podem envolver fadiga, postura ao dormir, envelhecimento e medicamentos. Entenda por que falta de pot\u00e1ssio n\u00e3o explica todos os casos.\" \/>\n<meta name=\"robots\" content=\"index, follow, max-snippet:-1, max-image-preview:large, max-video-preview:-1\" \/>\n<link rel=\"canonical\" href=\"https:\/\/www.tuasaude.com\/news\/2026\/09\/02\/as-caimbras-noturnas-nas-pernas-nao-tem-uma-causa-unica-e-nem-sempre-estao-ligadas-a-desidratacao-ou-a-falta-de-minerais\/\" \/>\n<meta property=\"og:locale\" content=\"pt_BR\" \/>\n<meta property=\"og:type\" content=\"article\" \/>\n<meta property=\"og:title\" content=\"As c\u00e2imbras noturnas nas pernas n\u00e3o t\u00eam uma causa \u00fanica e nem sempre est\u00e3o ligadas \u00e0 desidrata\u00e7\u00e3o ou \u00e0 falta de minerais - Tua Sa\u00fade\" \/>\n<meta property=\"og:description\" content=\"C\u00e2imbras noturnas podem envolver fadiga, postura ao dormir, envelhecimento e medicamentos. Entenda por que falta de pot\u00e1ssio n\u00e3o explica todos os casos.\" \/>\n<meta property=\"og:url\" content=\"https:\/\/www.tuasaude.com\/news\/2026\/09\/02\/as-caimbras-noturnas-nas-pernas-nao-tem-uma-causa-unica-e-nem-sempre-estao-ligadas-a-desidratacao-ou-a-falta-de-minerais\/\" \/>\n<meta property=\"og:site_name\" content=\"Tua Sa\u00fade\" \/>\n<meta property=\"article:published_time\" content=\"2026-09-02T19:15:00+00:00\" \/>\n<meta property=\"og:image\" content=\"https:\/\/www.tuasaude.com\/news\/wp-content\/uploads\/2026\/09\/Man_stretching_calf_in_bed_202609011458.jpg\" \/>\n\t<meta property=\"og:image:width\" content=\"1280\" \/>\n\t<meta property=\"og:image:height\" content=\"714\" \/>\n\t<meta property=\"og:image:type\" content=\"image\/jpeg\" \/>\n<meta name=\"author\" content=\"Gessika Julia Carvalho\" \/>\n<meta name=\"twitter:card\" content=\"summary_large_image\" \/>\n<meta name=\"twitter:label1\" content=\"Escrito por\" \/>\n\t<meta name=\"twitter:data1\" content=\"Gessika Julia Carvalho\" \/>\n\t<meta name=\"twitter:label2\" content=\"Est. tempo de leitura\" \/>\n\t<meta name=\"twitter:data2\" content=\"5 minutos\" \/>\n<!-- \/ Yoast SEO plugin. -->","yoast_head_json":{"title":"As c\u00e2imbras noturnas nas pernas n\u00e3o t\u00eam uma causa \u00fanica e nem sempre est\u00e3o ligadas \u00e0 desidrata\u00e7\u00e3o ou \u00e0 falta de minerais - Tua Sa\u00fade","description":"C\u00e2imbras noturnas podem envolver fadiga, postura ao dormir, envelhecimento e medicamentos. Entenda por que falta de pot\u00e1ssio n\u00e3o explica todos os casos.","robots":{"index":"index","follow":"follow","max-snippet":"max-snippet:-1","max-image-preview":"max-image-preview:large","max-video-preview":"max-video-preview:-1"},"canonical":"https:\/\/www.tuasaude.com\/news\/2026\/09\/02\/as-caimbras-noturnas-nas-pernas-nao-tem-uma-causa-unica-e-nem-sempre-estao-ligadas-a-desidratacao-ou-a-falta-de-minerais\/","og_locale":"pt_BR","og_type":"article","og_title":"As c\u00e2imbras noturnas nas pernas n\u00e3o t\u00eam uma causa \u00fanica e nem sempre est\u00e3o ligadas \u00e0 desidrata\u00e7\u00e3o ou \u00e0 falta de minerais - Tua Sa\u00fade","og_description":"C\u00e2imbras noturnas podem envolver fadiga, postura ao dormir, envelhecimento e medicamentos. Entenda por que falta de pot\u00e1ssio n\u00e3o explica todos os casos.","og_url":"https:\/\/www.tuasaude.com\/news\/2026\/09\/02\/as-caimbras-noturnas-nas-pernas-nao-tem-uma-causa-unica-e-nem-sempre-estao-ligadas-a-desidratacao-ou-a-falta-de-minerais\/","og_site_name":"Tua Sa\u00fade","article_published_time":"2026-09-02T19:15:00+00:00","og_image":[{"width":1280,"height":714,"url":"https:\/\/www.tuasaude.com\/news\/wp-content\/uploads\/2026\/09\/Man_stretching_calf_in_bed_202609011458.jpg","type":"image\/jpeg"}],"author":"Gessika Julia Carvalho","twitter_card":"summary_large_image","twitter_misc":{"Escrito por":"Gessika Julia Carvalho","Est. tempo de leitura":"5 minutos"},"schema":{"@context":"https:\/\/schema.org","@graph":[{"@type":"Article","@id":"https:\/\/www.tuasaude.com\/news\/2026\/09\/02\/as-caimbras-noturnas-nas-pernas-nao-tem-uma-causa-unica-e-nem-sempre-estao-ligadas-a-desidratacao-ou-a-falta-de-minerais\/#article","isPartOf":{"@id":"https:\/\/www.tuasaude.com\/news\/2026\/09\/02\/as-caimbras-noturnas-nas-pernas-nao-tem-uma-causa-unica-e-nem-sempre-estao-ligadas-a-desidratacao-ou-a-falta-de-minerais\/"},"author":{"name":"Gessika Julia Carvalho","@id":"https:\/\/www.tuasaude.com\/news\/#\/schema\/person\/2e9df841be69ec84f5d20ddb8d273ac2"},"headline":"As c\u00e2imbras noturnas nas pernas n\u00e3o t\u00eam uma causa \u00fanica e nem sempre est\u00e3o ligadas \u00e0 desidrata\u00e7\u00e3o ou \u00e0 falta de minerais","datePublished":"2026-09-02T19:15:00+00:00","mainEntityOfPage":{"@id":"https:\/\/www.tuasaude.com\/news\/2026\/09\/02\/as-caimbras-noturnas-nas-pernas-nao-tem-uma-causa-unica-e-nem-sempre-estao-ligadas-a-desidratacao-ou-a-falta-de-minerais\/"},"wordCount":886,"commentCount":0,"image":{"@id":"https:\/\/www.tuasaude.com\/news\/2026\/09\/02\/as-caimbras-noturnas-nas-pernas-nao-tem-uma-causa-unica-e-nem-sempre-estao-ligadas-a-desidratacao-ou-a-falta-de-minerais\/#primaryimage"},"thumbnailUrl":"https:\/\/www.tuasaude.com\/news\/wp-content\/uploads\/2026\/09\/Man_stretching_calf_in_bed_202609011458.jpg","keywords":["bem-estar","C\u00e2imbras","desidrata\u00e7\u00e3o","sa\u00fade"],"articleSection":["Sa\u00fade"],"inLanguage":"pt-BR","potentialAction":[{"@type":"CommentAction","name":"Comment","target":["https:\/\/www.tuasaude.com\/news\/2026\/09\/02\/as-caimbras-noturnas-nas-pernas-nao-tem-uma-causa-unica-e-nem-sempre-estao-ligadas-a-desidratacao-ou-a-falta-de-minerais\/#respond"]}]},{"@type":"WebPage","@id":"https:\/\/www.tuasaude.com\/news\/2026\/09\/02\/as-caimbras-noturnas-nas-pernas-nao-tem-uma-causa-unica-e-nem-sempre-estao-ligadas-a-desidratacao-ou-a-falta-de-minerais\/","url":"https:\/\/www.tuasaude.com\/news\/2026\/09\/02\/as-caimbras-noturnas-nas-pernas-nao-tem-uma-causa-unica-e-nem-sempre-estao-ligadas-a-desidratacao-ou-a-falta-de-minerais\/","name":"As c\u00e2imbras noturnas nas pernas n\u00e3o t\u00eam uma causa \u00fanica e nem sempre est\u00e3o ligadas \u00e0 desidrata\u00e7\u00e3o ou \u00e0 falta de minerais - Tua Sa\u00fade","isPartOf":{"@id":"https:\/\/www.tuasaude.com\/news\/#website"},"primaryImageOfPage":{"@id":"https:\/\/www.tuasaude.com\/news\/2026\/09\/02\/as-caimbras-noturnas-nas-pernas-nao-tem-uma-causa-unica-e-nem-sempre-estao-ligadas-a-desidratacao-ou-a-falta-de-minerais\/#primaryimage"},"image":{"@id":"https:\/\/www.tuasaude.com\/news\/2026\/09\/02\/as-caimbras-noturnas-nas-pernas-nao-tem-uma-causa-unica-e-nem-sempre-estao-ligadas-a-desidratacao-ou-a-falta-de-minerais\/#primaryimage"},"thumbnailUrl":"https:\/\/www.tuasaude.com\/news\/wp-content\/uploads\/2026\/09\/Man_stretching_calf_in_bed_202609011458.jpg","datePublished":"2026-09-02T19:15:00+00:00","author":{"@id":"https:\/\/www.tuasaude.com\/news\/#\/schema\/person\/2e9df841be69ec84f5d20ddb8d273ac2"},"description":"C\u00e2imbras noturnas podem envolver fadiga, postura ao dormir, envelhecimento e medicamentos. Entenda por que falta de pot\u00e1ssio n\u00e3o explica todos os casos.","breadcrumb":{"@id":"https:\/\/www.tuasaude.com\/news\/2026\/09\/02\/as-caimbras-noturnas-nas-pernas-nao-tem-uma-causa-unica-e-nem-sempre-estao-ligadas-a-desidratacao-ou-a-falta-de-minerais\/#breadcrumb"},"inLanguage":"pt-BR","potentialAction":[{"@type":"ReadAction","target":["https:\/\/www.tuasaude.com\/news\/2026\/09\/02\/as-caimbras-noturnas-nas-pernas-nao-tem-uma-causa-unica-e-nem-sempre-estao-ligadas-a-desidratacao-ou-a-falta-de-minerais\/"]}]},{"@type":"ImageObject","inLanguage":"pt-BR","@id":"https:\/\/www.tuasaude.com\/news\/2026\/09\/02\/as-caimbras-noturnas-nas-pernas-nao-tem-uma-causa-unica-e-nem-sempre-estao-ligadas-a-desidratacao-ou-a-falta-de-minerais\/#primaryimage","url":"https:\/\/www.tuasaude.com\/news\/wp-content\/uploads\/2026\/09\/Man_stretching_calf_in_bed_202609011458.jpg","contentUrl":"https:\/\/www.tuasaude.com\/news\/wp-content\/uploads\/2026\/09\/Man_stretching_calf_in_bed_202609011458.jpg","width":1280,"height":714,"caption":"As c\u00e2imbras noturnas nas pernas n\u00e3o t\u00eam uma causa \u00fanica e nem sempre est\u00e3o ligadas \u00e0 desidrata\u00e7\u00e3o ou \u00e0 falta de minerais"},{"@type":"BreadcrumbList","@id":"https:\/\/www.tuasaude.com\/news\/2026\/09\/02\/as-caimbras-noturnas-nas-pernas-nao-tem-uma-causa-unica-e-nem-sempre-estao-ligadas-a-desidratacao-ou-a-falta-de-minerais\/#breadcrumb","itemListElement":[{"@type":"ListItem","position":1,"name":"In\u00edcio","item":"https:\/\/www.tuasaude.com\/news\/"},{"@type":"ListItem","position":2,"name":"As c\u00e2imbras noturnas nas pernas n\u00e3o t\u00eam uma causa \u00fanica e nem sempre est\u00e3o ligadas \u00e0 desidrata\u00e7\u00e3o ou \u00e0 falta de minerais"}]},{"@type":"WebSite","@id":"https:\/\/www.tuasaude.com\/news\/#website","url":"https:\/\/www.tuasaude.com\/news\/","name":"Tua Sa\u00fade","description":"Seu site de sa\u00fade","potentialAction":[{"@type":"SearchAction","target":{"@type":"EntryPoint","urlTemplate":"https:\/\/www.tuasaude.com\/news\/?s={search_term_string}"},"query-input":{"@type":"PropertyValueSpecification","valueRequired":true,"valueName":"search_term_string"}}],"inLanguage":"pt-BR"},{"@type":"Person","@id":"https:\/\/www.tuasaude.com\/news\/#\/schema\/person\/2e9df841be69ec84f5d20ddb8d273ac2","name":"Gessika Julia Carvalho","image":{"@type":"ImageObject","inLanguage":"pt-BR","@id":"https:\/\/www.tuasaude.com\/news\/#\/schema\/person\/image\/","url":"https:\/\/secure.gravatar.com\/avatar\/0fcc8769024577fd0bc6a8b766055690f76a8e8f29dfb2a2f89cf04db8d0f2d2?s=96&d=mm&r=g","contentUrl":"https:\/\/secure.gravatar.com\/avatar\/0fcc8769024577fd0bc6a8b766055690f76a8e8f29dfb2a2f89cf04db8d0f2d2?s=96&d=mm&r=g","caption":"Gessika Julia Carvalho"},"sameAs":["https:\/\/www.tuasaude.com\/news\/"],"url":"https:\/\/www.tuasaude.com\/news\/author\/gessika-julia\/"}]}},"_links":{"self":[{"href":"https:\/\/www.tuasaude.com\/news\/wp-json\/wp\/v2\/posts\/106716","targetHints":{"allow":["GET"]}}],"collection":[{"href":"https:\/\/www.tuasaude.com\/news\/wp-json\/wp\/v2\/posts"}],"about":[{"href":"https:\/\/www.tuasaude.com\/news\/wp-json\/wp\/v2\/types\/post"}],"author":[{"embeddable":true,"href":"https:\/\/www.tuasaude.com\/news\/wp-json\/wp\/v2\/users\/11"}],"replies":[{"embeddable":true,"href":"https:\/\/www.tuasaude.com\/news\/wp-json\/wp\/v2\/comments?post=106716"}],"version-history":[{"count":1,"href":"https:\/\/www.tuasaude.com\/news\/wp-json\/wp\/v2\/posts\/106716\/revisions"}],"predecessor-version":[{"id":106721,"href":"https:\/\/www.tuasaude.com\/news\/wp-json\/wp\/v2\/posts\/106716\/revisions\/106721"}],"wp:featuredmedia":[{"embeddable":true,"href":"https:\/\/www.tuasaude.com\/news\/wp-json\/wp\/v2\/media\/106718"}],"wp:attachment":[{"href":"https:\/\/www.tuasaude.com\/news\/wp-json\/wp\/v2\/media?parent=106716"}],"wp:term":[{"taxonomy":"category","embeddable":true,"href":"https:\/\/www.tuasaude.com\/news\/wp-json\/wp\/v2\/categories?post=106716"},{"taxonomy":"post_tag","embeddable":true,"href":"https:\/\/www.tuasaude.com\/news\/wp-json\/wp\/v2\/tags?post=106716"}],"curies":[{"name":"wp","href":"https:\/\/api.w.org\/{rel}","templated":true}]}}