{"id":106707,"date":"2026-09-02T15:25:00","date_gmt":"2026-09-02T18:25:00","guid":{"rendered":"https:\/\/www.tuasaude.com\/news\/?p=106707"},"modified":"2026-09-01T14:36:58","modified_gmt":"2026-09-01T17:36:58","slug":"as-dores-de-cabeca-frequentes-ao-acordar-nao-se-devem-apenas-ao-estresse-mas-sim-na-maioria-a-deficiencia-silenciosa-de-magnesio-e-vitamina-b2-no-organismo","status":"publish","type":"post","link":"https:\/\/www.tuasaude.com\/news\/2026\/09\/02\/as-dores-de-cabeca-frequentes-ao-acordar-nao-se-devem-apenas-ao-estresse-mas-sim-na-maioria-a-deficiencia-silenciosa-de-magnesio-e-vitamina-b2-no-organismo\/","title":{"rendered":"As dores de cabe\u00e7a frequentes ao acordar n\u00e3o se devem apenas ao estresse, mas sim na maioria \u00e0 defici\u00eancia silenciosa de magn\u00e9sio e vitamina B2 no organismo"},"content":{"rendered":"\n<p class=\"wp-block-paragraph\">Acordar com dor de cabe\u00e7a frequente costuma ser atribu\u00eddo ao estresse ou a uma noite mal dormida, mas outras causas merecem aten\u00e7\u00e3o. Estudos mostram que defici\u00eancias silenciosas de magn\u00e9sio e de vitamina B2, tamb\u00e9m conhecida como riboflavina, est\u00e3o associadas a maior frequ\u00eancia de crises de enxaqueca e podem contribuir para esse tipo de dor matinal. Reconhecer esse poss\u00edvel componente nutricional, aliado ao sono, \u00e0 hidrata\u00e7\u00e3o e ao estilo de vida, ajuda a entender por que algumas pessoas apresentam epis\u00f3dios recorrentes mesmo sem gatilhos aparentes.<\/p>\n\n\n\n<h2 class=\"wp-block-heading\">Por que essas defici\u00eancias influenciam a dor de cabe\u00e7a?<\/h2>\n\n\n\n<p class=\"wp-block-paragraph\">O magn\u00e9sio participa da regula\u00e7\u00e3o da excitabilidade dos neur\u00f4nios, do t\u00f4nus dos vasos sangu\u00edneos e da libera\u00e7\u00e3o de neurotransmissores envolvidos na percep\u00e7\u00e3o da dor. Quando os n\u00edveis caem, os vasos ficam mais reativos e o c\u00e9rebro mais sens\u00edvel a est\u00edmulos, o que favorece o surgimento de crises.<\/p>\n\n\n\n<p class=\"wp-block-paragraph\">J\u00e1 a riboflavina, ou vitamina B2, atua na produ\u00e7\u00e3o de energia nas c\u00e9lulas do sistema nervoso. Defici\u00eancias prolongadas podem comprometer o funcionamento das mitoc\u00f4ndrias dos neur\u00f4nios, mecanismo hoje reconhecido como uma das explica\u00e7\u00f5es para a maior vulnerabilidade a epis\u00f3dios de enxaqueca cr\u00f4nica.<\/p>\n\n\n\n<h2 class=\"wp-block-heading\">Quais alimentos ajudam a repor esses nutrientes?<\/h2>\n\n\n\n<p class=\"wp-block-paragraph\">Boa parte dessas defici\u00eancias pode ser corrigida com escolhas alimentares acess\u00edveis e presentes na rotina brasileira. Variar as fontes ao longo do dia costuma ser mais eficaz do que depender de um \u00fanico alimento. Entre as principais op\u00e7\u00f5es est\u00e3o:<\/p>\n\n\n\n<ul class=\"wp-block-list\">\n<li><strong>Folhas verde-escuras<\/strong>, como espinafre, couve e r\u00facula, ricas em magn\u00e9sio<\/li>\n\n\n\n<li><strong>Oleaginosas<\/strong>, como castanha-do-par\u00e1, am\u00eandoas e nozes<\/li>\n\n\n\n<li><strong>Sementes de ab\u00f3bora e girassol<\/strong>, boas fontes de magn\u00e9sio e minerais<\/li>\n\n\n\n<li><strong>Feij\u00e3o, lentilha e gr\u00e3o-de-bico<\/strong>, que combinam magn\u00e9sio, fibras e prote\u00ednas<\/li>\n\n\n\n<li><strong>Ovos, queijos e iogurte natural<\/strong>, importantes fontes de vitamina B2<\/li>\n\n\n\n<li><strong>Cereais integrais<\/strong>, como aveia, arroz integral e quinoa<\/li>\n<\/ul>\n\n\n\n<p class=\"wp-block-paragraph\">Uma alimenta\u00e7\u00e3o variada geralmente supre a maior parte das necessidades di\u00e1rias desses nutrientes, mas h\u00e1bitos como dietas restritivas, uso cont\u00ednuo de diur\u00e9ticos, inibidores de bomba de pr\u00f3tons ou consumo elevado de \u00e1lcool podem aumentar o risco de <a href=\"https:\/\/www.tuasaude.com\/hipomagnesemia\/\" target=\"_blank\" rel=\"noreferrer noopener\">hipomagnesemia<\/a>.<\/p>\n\n\n<div class=\"wp-block-image\">\n<figure class=\"aligncenter size-large\"><img decoding=\"async\" width=\"1024\" height=\"571\" src=\"https:\/\/www.tuasaude.com\/news\/wp-content\/uploads\/2026\/09\/Infographic_about_morning_headaches_202609011436-1024x571.jpg\" alt=\"Magn\u00e9sio, vitamina B2, sono e hidrata\u00e7\u00e3o est\u00e3o entre fatores que merecem investiga\u00e7\u00e3o.\" class=\"wp-image-106713\" srcset=\"https:\/\/www.tuasaude.com\/news\/wp-content\/uploads\/2026\/09\/Infographic_about_morning_headaches_202609011436-1024x571.jpg 1024w, https:\/\/www.tuasaude.com\/news\/wp-content\/uploads\/2026\/09\/Infographic_about_morning_headaches_202609011436-300x167.jpg 300w, https:\/\/www.tuasaude.com\/news\/wp-content\/uploads\/2026\/09\/Infographic_about_morning_headaches_202609011436-768x428.jpg 768w, https:\/\/www.tuasaude.com\/news\/wp-content\/uploads\/2026\/09\/Infographic_about_morning_headaches_202609011436-750x418.jpg 750w, https:\/\/www.tuasaude.com\/news\/wp-content\/uploads\/2026\/09\/Infographic_about_morning_headaches_202609011436-1140x636.jpg 1140w, https:\/\/www.tuasaude.com\/news\/wp-content\/uploads\/2026\/09\/Infographic_about_morning_headaches_202609011436.jpg 1280w\" sizes=\"(max-width: 1024px) 100vw, 1024px\" \/><figcaption class=\"wp-element-caption\">Magn\u00e9sio, vitamina B2, sono e hidrata\u00e7\u00e3o est\u00e3o entre fatores que merecem investiga\u00e7\u00e3o.<\/figcaption><\/figure>\n<\/div>\n\n\n<h2 class=\"wp-block-heading\">Como o sono e a hidrata\u00e7\u00e3o influenciam esse quadro?<\/h2>\n\n\n\n<p class=\"wp-block-paragraph\">A dor de cabe\u00e7a matinal tamb\u00e9m est\u00e1 fortemente ligada a fatores externos que se somam ao componente nutricional. Sono irregular, apneia do sono, ranger de dentes durante a noite e travesseiros inadequados podem desencadear crises logo ao acordar.<\/p>\n\n\n\n<p class=\"wp-block-paragraph\">A desidrata\u00e7\u00e3o, principalmente ap\u00f3s v\u00e1rias horas sem ingerir l\u00edquidos, \u00e9 outra causa comum. Beber \u00e1gua ao longo do dia, manter hor\u00e1rios regulares de sono e evitar cafe\u00edna e \u00e1lcool \u00e0 noite ajudam a reduzir a frequ\u00eancia das dores e a diferenciar quadros passageiros de poss\u00edveis <a href=\"https:\/\/www.tuasaude.com\/causas-da-enxaqueca\/\" target=\"_blank\" rel=\"noreferrer noopener\">causas da enxaqueca<\/a>.<\/p>\n\n\n\n<h2 class=\"wp-block-heading\">O que uma revis\u00e3o cient\u00edfica revela sobre esses nutrientes?<\/h2>\n\n\n\n<p class=\"wp-block-paragraph\">A rela\u00e7\u00e3o entre a suplementa\u00e7\u00e3o de magn\u00e9sio e riboflavina e a redu\u00e7\u00e3o das crises de enxaqueca vem sendo estudada h\u00e1 d\u00e9cadas. Segundo o ensaio cl\u00ednico <a href=\"https:\/\/pubmed.ncbi.nlm.nih.gov\/25916335\/\" target=\"_blank\" rel=\"noreferrer noopener\">Improvement of migraine symptoms with a proprietary supplement containing riboflavin, magnesium and Q10<\/a>, publicado no The Journal of Headache and Pain, o uso combinado desses nutrientes reduziu de forma significativa a intensidade e a carga dos sintomas em pacientes com enxaqueca, com efeito superior ao do placebo.<\/p>\n\n\n\n<p class=\"wp-block-paragraph\">Os autores destacam que, embora a suplementa\u00e7\u00e3o possa auxiliar a preven\u00e7\u00e3o, os resultados refor\u00e7am o papel do magn\u00e9sio e da vitamina B2 na fisiopatologia da doen\u00e7a, o que justifica investigar defici\u00eancias nutricionais em pessoas com dores de cabe\u00e7a frequentes.<\/p>\n\n\n<div class=\"wp-block-image\">\n<figure class=\"aligncenter size-large\"><img decoding=\"async\" width=\"1024\" height=\"571\" src=\"https:\/\/www.tuasaude.com\/news\/wp-content\/uploads\/2026\/09\/Man_during_medical_consultation_\u2026_202609011436-1024x571.jpg\" alt=\"Cefaleias matinais recorrentes merecem avalia\u00e7\u00e3o de h\u00e1bitos, sono e poss\u00edveis car\u00eancias nutricionais.\" class=\"wp-image-106714\" srcset=\"https:\/\/www.tuasaude.com\/news\/wp-content\/uploads\/2026\/09\/Man_during_medical_consultation_\u2026_202609011436-1024x571.jpg 1024w, https:\/\/www.tuasaude.com\/news\/wp-content\/uploads\/2026\/09\/Man_during_medical_consultation_\u2026_202609011436-300x167.jpg 300w, https:\/\/www.tuasaude.com\/news\/wp-content\/uploads\/2026\/09\/Man_during_medical_consultation_\u2026_202609011436-768x428.jpg 768w, https:\/\/www.tuasaude.com\/news\/wp-content\/uploads\/2026\/09\/Man_during_medical_consultation_\u2026_202609011436-750x418.jpg 750w, https:\/\/www.tuasaude.com\/news\/wp-content\/uploads\/2026\/09\/Man_during_medical_consultation_\u2026_202609011436-1140x636.jpg 1140w, https:\/\/www.tuasaude.com\/news\/wp-content\/uploads\/2026\/09\/Man_during_medical_consultation_\u2026_202609011436.jpg 1280w\" sizes=\"(max-width: 1024px) 100vw, 1024px\" \/><figcaption class=\"wp-element-caption\">Cefaleias matinais recorrentes merecem avalia\u00e7\u00e3o de h\u00e1bitos, sono e poss\u00edveis car\u00eancias nutricionais.<\/figcaption><\/figure>\n<\/div>\n\n\n<h2 class=\"wp-block-heading\">Quando \u00e9 preciso procurar avalia\u00e7\u00e3o m\u00e9dica?<\/h2>\n\n\n\n<p class=\"wp-block-paragraph\">Nem toda dor de cabe\u00e7a matinal indica defici\u00eancia nutricional, e alguns sinais pedem investiga\u00e7\u00e3o neurol\u00f3gica mais detalhada. O acompanhamento com cl\u00ednico geral ou neurologista permite descartar causas mais complexas e definir o melhor caminho. Devem procurar avalia\u00e7\u00e3o, especialmente:<\/p>\n\n\n\n<ol class=\"wp-block-list\">\n<li>Pessoas com <strong>dor de cabe\u00e7a matinal em mais de dois dias por semana<\/strong><\/li>\n\n\n\n<li>Quem apresenta <strong>enxaqueca cr\u00f4nica<\/strong>, com crises frequentes e prolongadas<\/li>\n\n\n\n<li>Indiv\u00edduos com <strong>dor associada a n\u00e1useas, sensibilidade \u00e0 luz ou aura visual<\/strong><\/li>\n\n\n\n<li>Pessoas com <strong>dor s\u00fabita, muito intensa ou diferente do habitual<\/strong><\/li>\n\n\n\n<li>Quem tem <strong>altera\u00e7\u00f5es neurol\u00f3gicas<\/strong>, como fraqueza, vis\u00e3o dupla ou dificuldade de fala<\/li>\n\n\n\n<li>Pessoas com <strong>hist\u00f3rico de dieta restritiva, uso cont\u00ednuo de medicamentos ou doen\u00e7as intestinais<\/strong><\/li>\n<\/ol>\n\n\n\n<p class=\"wp-block-paragraph\">Al\u00e9m de investigar poss\u00edveis defici\u00eancias, o m\u00e9dico pode avaliar sono, press\u00e3o arterial, sa\u00fade bucal e fun\u00e7\u00e3o tireoidiana, todos capazes de contribuir para a dor de cabe\u00e7a. A reposi\u00e7\u00e3o de <a href=\"https:\/\/www.tuasaude.com\/magnesio\/\" target=\"_blank\" rel=\"noreferrer noopener\">magn\u00e9sio<\/a> ou de vitamina B2 deve ser feita apenas com orienta\u00e7\u00e3o profissional, com base em avalia\u00e7\u00e3o individualizada.<\/p>\n\n\n\n<p class=\"wp-block-paragraph\"><em>Este conte\u00fado tem car\u00e1ter apenas informativo e n\u00e3o substitui a avalia\u00e7\u00e3o, o diagn\u00f3stico ou o tratamento realizado por um profissional de sa\u00fade qualificado. Em caso de sintomas ou d\u00favidas, procure orienta\u00e7\u00e3o m\u00e9dica.<\/em><\/p>\n","protected":false},"excerpt":{"rendered":"<p>Acordar com dor de cabe\u00e7a frequente costuma ser atribu\u00eddo ao estresse ou a uma noite mal dormida, mas outras causas merecem aten\u00e7\u00e3o. Estudos mostram que defici\u00eancias silenciosas de magn\u00e9sio e de vitamina B2, tamb\u00e9m conhecida como riboflavina, est\u00e3o associadas a maior frequ\u00eancia de crises de enxaqueca e podem contribuir para esse tipo de dor matinal. [&hellip;]<\/p>\n","protected":false},"author":11,"featured_media":106712,"comment_status":"open","ping_status":"open","sticky":false,"template":"","format":"standard","meta":{"_yoast_wpseo_focuskw":"dor de cabe\u00e7a ao acordar","_yoast_wpseo_title":"","_yoast_wpseo_metadesc":"Dor de cabe\u00e7a ao acordar pode ter rela\u00e7\u00e3o com magn\u00e9sio e vitamina B2. Entenda como esses nutrientes, o sono e a hidrata\u00e7\u00e3o podem influenciar as crises.","jnews-multi-image_gallery":[],"jnews_single_post":{"format":"standard"},"jnews_primary_category":[],"jnews_social_meta":[],"jnews_override_counter":[],"footnotes":""},"categories":[111],"tags":[145,1948,189,136,7564],"class_list":["post-106707","post","type-post","status-publish","format-standard","has-post-thumbnail","hentry","category-saude","tag-bem-estar","tag-dores-de-cabeca","tag-magnesio","tag-saude","tag-vitamina-b2"],"yoast_head":"<!-- This site is optimized with the Yoast SEO plugin v26.7 - https:\/\/yoast.com\/wordpress\/plugins\/seo\/ -->\n<title>As dores de cabe\u00e7a frequentes ao acordar n\u00e3o se devem apenas ao estresse, mas sim na maioria \u00e0 defici\u00eancia silenciosa de magn\u00e9sio e vitamina B2 no organismo - Tua Sa\u00fade<\/title>\n<meta name=\"description\" content=\"Dor de cabe\u00e7a ao acordar pode ter rela\u00e7\u00e3o com magn\u00e9sio e vitamina B2. Entenda como esses nutrientes, o sono e a hidrata\u00e7\u00e3o podem influenciar as crises.\" \/>\n<meta name=\"robots\" content=\"index, follow, max-snippet:-1, max-image-preview:large, max-video-preview:-1\" \/>\n<link rel=\"canonical\" href=\"https:\/\/www.tuasaude.com\/news\/2026\/09\/02\/as-dores-de-cabeca-frequentes-ao-acordar-nao-se-devem-apenas-ao-estresse-mas-sim-na-maioria-a-deficiencia-silenciosa-de-magnesio-e-vitamina-b2-no-organismo\/\" \/>\n<meta property=\"og:locale\" content=\"pt_BR\" \/>\n<meta property=\"og:type\" content=\"article\" \/>\n<meta property=\"og:title\" content=\"As dores de cabe\u00e7a frequentes ao acordar n\u00e3o se devem apenas ao estresse, mas sim na maioria \u00e0 defici\u00eancia silenciosa de magn\u00e9sio e vitamina B2 no organismo - Tua Sa\u00fade\" \/>\n<meta property=\"og:description\" content=\"Dor de cabe\u00e7a ao acordar pode ter rela\u00e7\u00e3o com magn\u00e9sio e vitamina B2. Entenda como esses nutrientes, o sono e a hidrata\u00e7\u00e3o podem influenciar as crises.\" \/>\n<meta property=\"og:url\" content=\"https:\/\/www.tuasaude.com\/news\/2026\/09\/02\/as-dores-de-cabeca-frequentes-ao-acordar-nao-se-devem-apenas-ao-estresse-mas-sim-na-maioria-a-deficiencia-silenciosa-de-magnesio-e-vitamina-b2-no-organismo\/\" \/>\n<meta property=\"og:site_name\" content=\"Tua Sa\u00fade\" \/>\n<meta property=\"article:published_time\" content=\"2026-09-02T18:25:00+00:00\" \/>\n<meta property=\"og:image\" content=\"https:\/\/www.tuasaude.com\/news\/wp-content\/uploads\/2026\/09\/Woman_experiencing_morning_heada\u2026_202609011436.jpg\" \/>\n\t<meta property=\"og:image:width\" content=\"1280\" \/>\n\t<meta property=\"og:image:height\" content=\"714\" \/>\n\t<meta property=\"og:image:type\" content=\"image\/jpeg\" \/>\n<meta name=\"author\" content=\"Gessika Julia Carvalho\" \/>\n<meta name=\"twitter:card\" content=\"summary_large_image\" \/>\n<meta name=\"twitter:label1\" content=\"Escrito por\" \/>\n\t<meta name=\"twitter:data1\" content=\"Gessika Julia Carvalho\" \/>\n\t<meta name=\"twitter:label2\" content=\"Est. tempo de leitura\" \/>\n\t<meta name=\"twitter:data2\" content=\"5 minutos\" \/>\n<!-- \/ Yoast SEO plugin. -->","yoast_head_json":{"title":"As dores de cabe\u00e7a frequentes ao acordar n\u00e3o se devem apenas ao estresse, mas sim na maioria \u00e0 defici\u00eancia silenciosa de magn\u00e9sio e vitamina B2 no organismo - Tua Sa\u00fade","description":"Dor de cabe\u00e7a ao acordar pode ter rela\u00e7\u00e3o com magn\u00e9sio e vitamina B2. Entenda como esses nutrientes, o sono e a hidrata\u00e7\u00e3o podem influenciar as crises.","robots":{"index":"index","follow":"follow","max-snippet":"max-snippet:-1","max-image-preview":"max-image-preview:large","max-video-preview":"max-video-preview:-1"},"canonical":"https:\/\/www.tuasaude.com\/news\/2026\/09\/02\/as-dores-de-cabeca-frequentes-ao-acordar-nao-se-devem-apenas-ao-estresse-mas-sim-na-maioria-a-deficiencia-silenciosa-de-magnesio-e-vitamina-b2-no-organismo\/","og_locale":"pt_BR","og_type":"article","og_title":"As dores de cabe\u00e7a frequentes ao acordar n\u00e3o se devem apenas ao estresse, mas sim na maioria \u00e0 defici\u00eancia silenciosa de magn\u00e9sio e vitamina B2 no organismo - Tua Sa\u00fade","og_description":"Dor de cabe\u00e7a ao acordar pode ter rela\u00e7\u00e3o com magn\u00e9sio e vitamina B2. Entenda como esses nutrientes, o sono e a hidrata\u00e7\u00e3o podem influenciar as crises.","og_url":"https:\/\/www.tuasaude.com\/news\/2026\/09\/02\/as-dores-de-cabeca-frequentes-ao-acordar-nao-se-devem-apenas-ao-estresse-mas-sim-na-maioria-a-deficiencia-silenciosa-de-magnesio-e-vitamina-b2-no-organismo\/","og_site_name":"Tua Sa\u00fade","article_published_time":"2026-09-02T18:25:00+00:00","og_image":[{"width":1280,"height":714,"url":"https:\/\/www.tuasaude.com\/news\/wp-content\/uploads\/2026\/09\/Woman_experiencing_morning_heada\u2026_202609011436.jpg","type":"image\/jpeg"}],"author":"Gessika Julia Carvalho","twitter_card":"summary_large_image","twitter_misc":{"Escrito por":"Gessika Julia Carvalho","Est. tempo de leitura":"5 minutos"},"schema":{"@context":"https:\/\/schema.org","@graph":[{"@type":"Article","@id":"https:\/\/www.tuasaude.com\/news\/2026\/09\/02\/as-dores-de-cabeca-frequentes-ao-acordar-nao-se-devem-apenas-ao-estresse-mas-sim-na-maioria-a-deficiencia-silenciosa-de-magnesio-e-vitamina-b2-no-organismo\/#article","isPartOf":{"@id":"https:\/\/www.tuasaude.com\/news\/2026\/09\/02\/as-dores-de-cabeca-frequentes-ao-acordar-nao-se-devem-apenas-ao-estresse-mas-sim-na-maioria-a-deficiencia-silenciosa-de-magnesio-e-vitamina-b2-no-organismo\/"},"author":{"name":"Gessika Julia Carvalho","@id":"https:\/\/www.tuasaude.com\/news\/#\/schema\/person\/2e9df841be69ec84f5d20ddb8d273ac2"},"headline":"As dores de cabe\u00e7a frequentes ao acordar n\u00e3o se devem apenas ao estresse, mas sim na maioria \u00e0 defici\u00eancia silenciosa de magn\u00e9sio e vitamina B2 no organismo","datePublished":"2026-09-02T18:25:00+00:00","mainEntityOfPage":{"@id":"https:\/\/www.tuasaude.com\/news\/2026\/09\/02\/as-dores-de-cabeca-frequentes-ao-acordar-nao-se-devem-apenas-ao-estresse-mas-sim-na-maioria-a-deficiencia-silenciosa-de-magnesio-e-vitamina-b2-no-organismo\/"},"wordCount":901,"commentCount":0,"image":{"@id":"https:\/\/www.tuasaude.com\/news\/2026\/09\/02\/as-dores-de-cabeca-frequentes-ao-acordar-nao-se-devem-apenas-ao-estresse-mas-sim-na-maioria-a-deficiencia-silenciosa-de-magnesio-e-vitamina-b2-no-organismo\/#primaryimage"},"thumbnailUrl":"https:\/\/www.tuasaude.com\/news\/wp-content\/uploads\/2026\/09\/Woman_experiencing_morning_heada\u2026_202609011436.jpg","keywords":["bem-estar","dores de cabe\u00e7a","magn\u00e9sio","sa\u00fade","vitamina B2"],"articleSection":["Sa\u00fade"],"inLanguage":"pt-BR","potentialAction":[{"@type":"CommentAction","name":"Comment","target":["https:\/\/www.tuasaude.com\/news\/2026\/09\/02\/as-dores-de-cabeca-frequentes-ao-acordar-nao-se-devem-apenas-ao-estresse-mas-sim-na-maioria-a-deficiencia-silenciosa-de-magnesio-e-vitamina-b2-no-organismo\/#respond"]}]},{"@type":"WebPage","@id":"https:\/\/www.tuasaude.com\/news\/2026\/09\/02\/as-dores-de-cabeca-frequentes-ao-acordar-nao-se-devem-apenas-ao-estresse-mas-sim-na-maioria-a-deficiencia-silenciosa-de-magnesio-e-vitamina-b2-no-organismo\/","url":"https:\/\/www.tuasaude.com\/news\/2026\/09\/02\/as-dores-de-cabeca-frequentes-ao-acordar-nao-se-devem-apenas-ao-estresse-mas-sim-na-maioria-a-deficiencia-silenciosa-de-magnesio-e-vitamina-b2-no-organismo\/","name":"As dores de cabe\u00e7a frequentes ao acordar n\u00e3o se devem apenas ao estresse, mas sim na maioria \u00e0 defici\u00eancia silenciosa de magn\u00e9sio e vitamina B2 no organismo - Tua Sa\u00fade","isPartOf":{"@id":"https:\/\/www.tuasaude.com\/news\/#website"},"primaryImageOfPage":{"@id":"https:\/\/www.tuasaude.com\/news\/2026\/09\/02\/as-dores-de-cabeca-frequentes-ao-acordar-nao-se-devem-apenas-ao-estresse-mas-sim-na-maioria-a-deficiencia-silenciosa-de-magnesio-e-vitamina-b2-no-organismo\/#primaryimage"},"image":{"@id":"https:\/\/www.tuasaude.com\/news\/2026\/09\/02\/as-dores-de-cabeca-frequentes-ao-acordar-nao-se-devem-apenas-ao-estresse-mas-sim-na-maioria-a-deficiencia-silenciosa-de-magnesio-e-vitamina-b2-no-organismo\/#primaryimage"},"thumbnailUrl":"https:\/\/www.tuasaude.com\/news\/wp-content\/uploads\/2026\/09\/Woman_experiencing_morning_heada\u2026_202609011436.jpg","datePublished":"2026-09-02T18:25:00+00:00","author":{"@id":"https:\/\/www.tuasaude.com\/news\/#\/schema\/person\/2e9df841be69ec84f5d20ddb8d273ac2"},"description":"Dor de cabe\u00e7a ao acordar pode ter rela\u00e7\u00e3o com magn\u00e9sio e vitamina B2. Entenda como esses nutrientes, o sono e a hidrata\u00e7\u00e3o podem influenciar as crises.","breadcrumb":{"@id":"https:\/\/www.tuasaude.com\/news\/2026\/09\/02\/as-dores-de-cabeca-frequentes-ao-acordar-nao-se-devem-apenas-ao-estresse-mas-sim-na-maioria-a-deficiencia-silenciosa-de-magnesio-e-vitamina-b2-no-organismo\/#breadcrumb"},"inLanguage":"pt-BR","potentialAction":[{"@type":"ReadAction","target":["https:\/\/www.tuasaude.com\/news\/2026\/09\/02\/as-dores-de-cabeca-frequentes-ao-acordar-nao-se-devem-apenas-ao-estresse-mas-sim-na-maioria-a-deficiencia-silenciosa-de-magnesio-e-vitamina-b2-no-organismo\/"]}]},{"@type":"ImageObject","inLanguage":"pt-BR","@id":"https:\/\/www.tuasaude.com\/news\/2026\/09\/02\/as-dores-de-cabeca-frequentes-ao-acordar-nao-se-devem-apenas-ao-estresse-mas-sim-na-maioria-a-deficiencia-silenciosa-de-magnesio-e-vitamina-b2-no-organismo\/#primaryimage","url":"https:\/\/www.tuasaude.com\/news\/wp-content\/uploads\/2026\/09\/Woman_experiencing_morning_heada\u2026_202609011436.jpg","contentUrl":"https:\/\/www.tuasaude.com\/news\/wp-content\/uploads\/2026\/09\/Woman_experiencing_morning_heada\u2026_202609011436.jpg","width":1280,"height":714,"caption":"As dores de cabe\u00e7a frequentes ao acordar n\u00e3o se devem apenas ao estresse, mas sim na maioria \u00e0 defici\u00eancia silenciosa de magn\u00e9sio e vitamina B2 no organismo"},{"@type":"BreadcrumbList","@id":"https:\/\/www.tuasaude.com\/news\/2026\/09\/02\/as-dores-de-cabeca-frequentes-ao-acordar-nao-se-devem-apenas-ao-estresse-mas-sim-na-maioria-a-deficiencia-silenciosa-de-magnesio-e-vitamina-b2-no-organismo\/#breadcrumb","itemListElement":[{"@type":"ListItem","position":1,"name":"In\u00edcio","item":"https:\/\/www.tuasaude.com\/news\/"},{"@type":"ListItem","position":2,"name":"As dores de cabe\u00e7a frequentes ao acordar n\u00e3o se devem apenas ao estresse, mas sim na maioria \u00e0 defici\u00eancia silenciosa de magn\u00e9sio e vitamina B2 no organismo"}]},{"@type":"WebSite","@id":"https:\/\/www.tuasaude.com\/news\/#website","url":"https:\/\/www.tuasaude.com\/news\/","name":"Tua Sa\u00fade","description":"Seu site de sa\u00fade","potentialAction":[{"@type":"SearchAction","target":{"@type":"EntryPoint","urlTemplate":"https:\/\/www.tuasaude.com\/news\/?s={search_term_string}"},"query-input":{"@type":"PropertyValueSpecification","valueRequired":true,"valueName":"search_term_string"}}],"inLanguage":"pt-BR"},{"@type":"Person","@id":"https:\/\/www.tuasaude.com\/news\/#\/schema\/person\/2e9df841be69ec84f5d20ddb8d273ac2","name":"Gessika Julia Carvalho","image":{"@type":"ImageObject","inLanguage":"pt-BR","@id":"https:\/\/www.tuasaude.com\/news\/#\/schema\/person\/image\/","url":"https:\/\/secure.gravatar.com\/avatar\/0fcc8769024577fd0bc6a8b766055690f76a8e8f29dfb2a2f89cf04db8d0f2d2?s=96&d=mm&r=g","contentUrl":"https:\/\/secure.gravatar.com\/avatar\/0fcc8769024577fd0bc6a8b766055690f76a8e8f29dfb2a2f89cf04db8d0f2d2?s=96&d=mm&r=g","caption":"Gessika Julia Carvalho"},"sameAs":["https:\/\/www.tuasaude.com\/news\/"],"url":"https:\/\/www.tuasaude.com\/news\/author\/gessika-julia\/"}]}},"_links":{"self":[{"href":"https:\/\/www.tuasaude.com\/news\/wp-json\/wp\/v2\/posts\/106707","targetHints":{"allow":["GET"]}}],"collection":[{"href":"https:\/\/www.tuasaude.com\/news\/wp-json\/wp\/v2\/posts"}],"about":[{"href":"https:\/\/www.tuasaude.com\/news\/wp-json\/wp\/v2\/types\/post"}],"author":[{"embeddable":true,"href":"https:\/\/www.tuasaude.com\/news\/wp-json\/wp\/v2\/users\/11"}],"replies":[{"embeddable":true,"href":"https:\/\/www.tuasaude.com\/news\/wp-json\/wp\/v2\/comments?post=106707"}],"version-history":[{"count":1,"href":"https:\/\/www.tuasaude.com\/news\/wp-json\/wp\/v2\/posts\/106707\/revisions"}],"predecessor-version":[{"id":106715,"href":"https:\/\/www.tuasaude.com\/news\/wp-json\/wp\/v2\/posts\/106707\/revisions\/106715"}],"wp:featuredmedia":[{"embeddable":true,"href":"https:\/\/www.tuasaude.com\/news\/wp-json\/wp\/v2\/media\/106712"}],"wp:attachment":[{"href":"https:\/\/www.tuasaude.com\/news\/wp-json\/wp\/v2\/media?parent=106707"}],"wp:term":[{"taxonomy":"category","embeddable":true,"href":"https:\/\/www.tuasaude.com\/news\/wp-json\/wp\/v2\/categories?post=106707"},{"taxonomy":"post_tag","embeddable":true,"href":"https:\/\/www.tuasaude.com\/news\/wp-json\/wp\/v2\/tags?post=106707"}],"curies":[{"name":"wp","href":"https:\/\/api.w.org\/{rel}","templated":true}]}}