{"id":106661,"date":"2026-09-02T09:10:00","date_gmt":"2026-09-02T12:10:00","guid":{"rendered":"https:\/\/www.tuasaude.com\/news\/?p=106661"},"modified":"2026-09-01T13:35:33","modified_gmt":"2026-09-01T16:35:33","slug":"deficiencia-de-magnesio-ou-potassio-pode-se-manifestar-nas-palpebras-antes-de-aparecer-nos-sintomas-mais-conhecidos","status":"publish","type":"post","link":"https:\/\/www.tuasaude.com\/news\/2026\/09\/02\/deficiencia-de-magnesio-ou-potassio-pode-se-manifestar-nas-palpebras-antes-de-aparecer-nos-sintomas-mais-conhecidos\/","title":{"rendered":"Defici\u00eancia de magn\u00e9sio ou pot\u00e1ssio pode se manifestar nas p\u00e1lpebras antes de aparecer nos sintomas mais conhecidos"},"content":{"rendered":"\n<p class=\"wp-block-paragraph\">Aquele tremor discreto na p\u00e1lpebra que aparece do nada e some sozinho \u00e9 bem mais comum do que se imagina. Na maioria das vezes, \u00e9 passageiro e sem gravidade, mas quando se repete com frequ\u00eancia pode ser um sinal precoce de desequil\u00edbrio de minerais como magn\u00e9sio e pot\u00e1ssio, antes mesmo do surgimento de c\u00e3ibras, fraqueza ou palpita\u00e7\u00f5es. Reconhecer esse pequeno espasmo, chamado de miocimia palpebral, ajuda a identificar car\u00eancias nutricionais em fase inicial e a investigar h\u00e1bitos, medicamentos e condi\u00e7\u00f5es que podem estar por tr\u00e1s do sintoma.<\/p>\n\n\n\n<h2 class=\"wp-block-heading\">Por que as p\u00e1lpebras reagem \u00e0 falta desses minerais?<\/h2>\n\n\n\n<p class=\"wp-block-paragraph\">Magn\u00e9sio e pot\u00e1ssio participam diretamente da condu\u00e7\u00e3o dos impulsos nervosos e da contra\u00e7\u00e3o muscular. Quando os n\u00edveis caem, mesmo que discretamente, algumas fibras musculares ficam mais excit\u00e1veis e disparam contra\u00e7\u00f5es involunt\u00e1rias, mais percept\u00edveis em regi\u00f5es de m\u00fasculos finos, como as p\u00e1lpebras.<\/p>\n\n\n\n<p class=\"wp-block-paragraph\">Esses tremores costumam ser leves, r\u00edtmicos e restritos a um dos olhos, sem dor ou altera\u00e7\u00e3o visual. Podem durar segundos ou horas e, em geral, desaparecem sozinhos quando o desequil\u00edbrio \u00e9 corrigido ou os fatores desencadeantes s\u00e3o afastados.<\/p>\n\n\n\n<h2 class=\"wp-block-heading\">Quando o tique na p\u00e1lpebra \u00e9 passageiro?<\/h2>\n\n\n\n<p class=\"wp-block-paragraph\">Nem todo tremor palpebral indica car\u00eancia de minerais. Muitas vezes, o sintoma aparece ap\u00f3s noites mal dormidas, uso excessivo de telas ou consumo elevado de cafe\u00edna. Reconhecer os fatores mais comuns ajuda a diferenciar situa\u00e7\u00f5es benignas de quadros que merecem investiga\u00e7\u00e3o. Entre as causas passageiras mais frequentes est\u00e3o:<\/p>\n\n\n\n<ul class=\"wp-block-list\">\n<li><strong>Cansa\u00e7o acumulado<\/strong> e falta de sono adequado<\/li>\n\n\n\n<li><strong>Uso prolongado de telas<\/strong>, como computador e celular<\/li>\n\n\n\n<li><strong>Consumo elevado de cafe\u00edna<\/strong> ou bebidas energ\u00e9ticas<\/li>\n\n\n\n<li><strong>Estresse e ansiedade<\/strong> em per\u00edodos de maior demanda<\/li>\n\n\n\n<li><strong>Olho seco<\/strong> ou irrita\u00e7\u00e3o ocular por ambiente com ar-condicionado<\/li>\n\n\n\n<li><strong>Consumo de \u00e1lcool<\/strong> em quantidades significativas<\/li>\n<\/ul>\n\n\n\n<p class=\"wp-block-paragraph\">Nesses casos, o tremor costuma desaparecer em poucos dias com repouso, hidrata\u00e7\u00e3o e redu\u00e7\u00e3o dos gatilhos. Se persistir ou se repetir com frequ\u00eancia, \u00e9 hora de avaliar outras possibilidades.<\/p>\n\n\n<div class=\"wp-block-image\">\n<figure class=\"aligncenter size-large\"><img decoding=\"async\" width=\"1024\" height=\"571\" src=\"https:\/\/www.tuasaude.com\/news\/wp-content\/uploads\/2026\/09\/Infographic_explaining_eyelid_tw\u2026_202609011334-1024x571.jpg\" alt=\"Sono, telas, cafe\u00edna e eletr\u00f3litos est\u00e3o entre fatores ligados ao tremor palpebral.\" class=\"wp-image-106667\" srcset=\"https:\/\/www.tuasaude.com\/news\/wp-content\/uploads\/2026\/09\/Infographic_explaining_eyelid_tw\u2026_202609011334-1024x571.jpg 1024w, https:\/\/www.tuasaude.com\/news\/wp-content\/uploads\/2026\/09\/Infographic_explaining_eyelid_tw\u2026_202609011334-300x167.jpg 300w, https:\/\/www.tuasaude.com\/news\/wp-content\/uploads\/2026\/09\/Infographic_explaining_eyelid_tw\u2026_202609011334-768x428.jpg 768w, https:\/\/www.tuasaude.com\/news\/wp-content\/uploads\/2026\/09\/Infographic_explaining_eyelid_tw\u2026_202609011334-750x418.jpg 750w, https:\/\/www.tuasaude.com\/news\/wp-content\/uploads\/2026\/09\/Infographic_explaining_eyelid_tw\u2026_202609011334-1140x636.jpg 1140w, https:\/\/www.tuasaude.com\/news\/wp-content\/uploads\/2026\/09\/Infographic_explaining_eyelid_tw\u2026_202609011334.jpg 1280w\" sizes=\"(max-width: 1024px) 100vw, 1024px\" \/><figcaption class=\"wp-element-caption\">Sono, telas, cafe\u00edna e eletr\u00f3litos est\u00e3o entre fatores ligados ao tremor palpebral.<\/figcaption><\/figure>\n<\/div>\n\n\n<h2 class=\"wp-block-heading\">Quais outros sinais indicam falta de magn\u00e9sio ou pot\u00e1ssio?<\/h2>\n\n\n\n<p class=\"wp-block-paragraph\">Quando o desequil\u00edbrio de minerais \u00e9 a causa, os tremores nas p\u00e1lpebras costumam vir acompanhados de outros sintomas discretos. A soma desses sinais \u00e9 mais importante do que qualquer um deles isoladamente e sugere a necessidade de avalia\u00e7\u00e3o m\u00e9dica. Vale observar se aparecem em conjunto:<\/p>\n\n\n\n<ol class=\"wp-block-list\">\n<li><strong>C\u00e3ibras musculares<\/strong>, principalmente nas panturrilhas durante a madrugada<\/li>\n\n\n\n<li><strong>Fadiga persistente<\/strong>, mesmo ap\u00f3s noites bem dormidas<\/li>\n\n\n\n<li><strong>Formigamento nas m\u00e3os e nos p\u00e9s<\/strong>, sem causa aparente<\/li>\n\n\n\n<li><strong>Fraqueza muscular<\/strong> em pequenas atividades do dia a dia<\/li>\n\n\n\n<li><strong>Palpita\u00e7\u00f5es ou sensa\u00e7\u00e3o de cora\u00e7\u00e3o acelerado<\/strong><\/li>\n\n\n\n<li><strong>Altera\u00e7\u00f5es de humor<\/strong>, como irritabilidade e ansiedade<\/li>\n<\/ol>\n\n\n\n<p class=\"wp-block-paragraph\">Esses sintomas ganham ainda mais relev\u00e2ncia em pessoas que fazem uso cont\u00ednuo de diur\u00e9ticos, laxantes ou inibidores de bomba de pr\u00f3tons, situa\u00e7\u00f5es associadas \u00e0 <a href=\"https:\/\/www.tuasaude.com\/hipomagnesemia\/\" target=\"_blank\" rel=\"noreferrer noopener\">hipomagnesemia<\/a> e \u00e0 <a href=\"https:\/\/www.tuasaude.com\/hipocalemia\/\" target=\"_blank\" rel=\"noreferrer noopener\">hipocalemia<\/a>.<\/p>\n\n\n\n<h2 class=\"wp-block-heading\">O que uma revis\u00e3o cient\u00edfica revela sobre a miocimia palpebral?<\/h2>\n\n\n\n<p class=\"wp-block-paragraph\">Embora a associa\u00e7\u00e3o entre tremor de p\u00e1lpebra e falta de minerais seja bastante difundida, a literatura m\u00e9dica pede cautela. Segundo a revis\u00e3o <a href=\"https:\/\/pubmed.ncbi.nlm.nih.gov\/32809430\/\" target=\"_blank\" rel=\"noreferrer noopener\">Eyelid Myokymia<\/a>, publicada no StatPearls e indexada no PubMed, a miocimia palpebral \u00e9, na maioria dos casos, uma condi\u00e7\u00e3o benigna e autolimitada, associada principalmente ao estresse, \u00e0 fadiga, ao consumo excessivo de cafe\u00edna e ao uso prolongado de telas.<\/p>\n\n\n\n<p class=\"wp-block-paragraph\">Os autores destacam que o desequil\u00edbrio eletrol\u00edtico pode contribuir em alguns casos, mas raramente \u00e9 a \u00fanica causa, o que refor\u00e7a a import\u00e2ncia de considerar h\u00e1bitos, sono, uso de medicamentos e condi\u00e7\u00f5es cl\u00ednicas associadas na hora de investigar o sintoma.<\/p>\n\n\n<div class=\"wp-block-image\">\n<figure class=\"aligncenter size-large\"><img decoding=\"async\" width=\"1024\" height=\"571\" src=\"https:\/\/www.tuasaude.com\/news\/wp-content\/uploads\/2026\/09\/Man_describing_eyelid_twitch_dur\u2026_202609011334-1024x571.jpg\" alt=\"Miocimia palpebral costuma ser benigna, mas epis\u00f3dios persistentes merecem avalia\u00e7\u00e3o cl\u00ednica.\" class=\"wp-image-106668\" srcset=\"https:\/\/www.tuasaude.com\/news\/wp-content\/uploads\/2026\/09\/Man_describing_eyelid_twitch_dur\u2026_202609011334-1024x571.jpg 1024w, https:\/\/www.tuasaude.com\/news\/wp-content\/uploads\/2026\/09\/Man_describing_eyelid_twitch_dur\u2026_202609011334-300x167.jpg 300w, https:\/\/www.tuasaude.com\/news\/wp-content\/uploads\/2026\/09\/Man_describing_eyelid_twitch_dur\u2026_202609011334-768x428.jpg 768w, https:\/\/www.tuasaude.com\/news\/wp-content\/uploads\/2026\/09\/Man_describing_eyelid_twitch_dur\u2026_202609011334-750x418.jpg 750w, https:\/\/www.tuasaude.com\/news\/wp-content\/uploads\/2026\/09\/Man_describing_eyelid_twitch_dur\u2026_202609011334-1140x636.jpg 1140w, https:\/\/www.tuasaude.com\/news\/wp-content\/uploads\/2026\/09\/Man_describing_eyelid_twitch_dur\u2026_202609011334.jpg 1280w\" sizes=\"(max-width: 1024px) 100vw, 1024px\" \/><figcaption class=\"wp-element-caption\">Miocimia palpebral costuma ser benigna, mas epis\u00f3dios persistentes merecem avalia\u00e7\u00e3o cl\u00ednica.<\/figcaption><\/figure>\n<\/div>\n\n\n<h2 class=\"wp-block-heading\">Quando \u00e9 preciso procurar avalia\u00e7\u00e3o m\u00e9dica?<\/h2>\n\n\n\n<p class=\"wp-block-paragraph\">A maior parte dos epis\u00f3dios de tremor nas p\u00e1lpebras n\u00e3o \u00e9 preocupante, mas alguns sinais indicam que a investiga\u00e7\u00e3o m\u00e9dica \u00e9 necess\u00e1ria. O acompanhamento com cl\u00ednico geral, nutr\u00f3logo ou neurologista permite descartar defici\u00eancias nutricionais e outras causas mais complexas. Deve-se procurar avalia\u00e7\u00e3o, especialmente, quando:<\/p>\n\n\n\n<p class=\"wp-block-paragraph\">O tremor persiste por mais de duas semanas, atinge os dois lados do rosto ou se estende para outras regi\u00f5es, ou quando surge junto de c\u00e3ibras frequentes, fraqueza importante, palpita\u00e7\u00f5es e altera\u00e7\u00f5es no funcionamento intestinal. Ajustar a alimenta\u00e7\u00e3o com fontes naturais de <a href=\"https:\/\/www.tuasaude.com\/magnesio\/\" target=\"_blank\" rel=\"noreferrer noopener\">magn\u00e9sio<\/a>, como castanhas, sementes, feij\u00f5es e vegetais verde-escuros, pode ajudar, mas a suplementa\u00e7\u00e3o s\u00f3 deve ser feita com orienta\u00e7\u00e3o profissional, ap\u00f3s avalia\u00e7\u00e3o individualizada.<\/p>\n\n\n\n<p class=\"wp-block-paragraph\"><em>Este conte\u00fado tem car\u00e1ter apenas informativo e n\u00e3o substitui a avalia\u00e7\u00e3o, o diagn\u00f3stico ou o tratamento realizado por um profissional de sa\u00fade qualificado. Em caso de sintomas ou d\u00favidas, procure orienta\u00e7\u00e3o m\u00e9dica.<\/em><\/p>\n","protected":false},"excerpt":{"rendered":"<p>Aquele tremor discreto na p\u00e1lpebra que aparece do nada e some sozinho \u00e9 bem mais comum do que se imagina. Na maioria das vezes, \u00e9 passageiro e sem gravidade, mas quando se repete com frequ\u00eancia pode ser um sinal precoce de desequil\u00edbrio de minerais como magn\u00e9sio e pot\u00e1ssio, antes mesmo do surgimento de c\u00e3ibras, fraqueza [&hellip;]<\/p>\n","protected":false},"author":11,"featured_media":106666,"comment_status":"open","ping_status":"open","sticky":false,"template":"","format":"standard","meta":{"_yoast_wpseo_focuskw":"p\u00e1lpebra","_yoast_wpseo_title":"","_yoast_wpseo_metadesc":"Tremor na p\u00e1lpebra costuma ser passageiro, mas pode aparecer com desequil\u00edbrios de magn\u00e9sio ou pot\u00e1ssio. Entenda quais outros sinais merecem aten\u00e7\u00e3o.","jnews-multi-image_gallery":[],"jnews_single_post":{"format":"standard"},"jnews_primary_category":[],"jnews_social_meta":[],"jnews_override_counter":[],"footnotes":""},"categories":[111],"tags":[189,239,1167,136],"class_list":["post-106661","post","type-post","status-publish","format-standard","has-post-thumbnail","hentry","category-saude","tag-magnesio","tag-palpebras","tag-potassio","tag-saude"],"yoast_head":"<!-- This site is optimized with the Yoast SEO plugin v26.7 - https:\/\/yoast.com\/wordpress\/plugins\/seo\/ -->\n<title>Defici\u00eancia de magn\u00e9sio ou pot\u00e1ssio pode se manifestar nas p\u00e1lpebras antes de aparecer nos sintomas mais conhecidos - Tua Sa\u00fade<\/title>\n<meta name=\"description\" content=\"Tremor na p\u00e1lpebra costuma ser passageiro, mas pode aparecer com desequil\u00edbrios de magn\u00e9sio ou pot\u00e1ssio. Entenda quais outros sinais merecem aten\u00e7\u00e3o.\" \/>\n<meta name=\"robots\" content=\"index, follow, max-snippet:-1, max-image-preview:large, max-video-preview:-1\" \/>\n<link rel=\"canonical\" href=\"https:\/\/www.tuasaude.com\/news\/2026\/09\/02\/deficiencia-de-magnesio-ou-potassio-pode-se-manifestar-nas-palpebras-antes-de-aparecer-nos-sintomas-mais-conhecidos\/\" \/>\n<meta property=\"og:locale\" content=\"pt_BR\" \/>\n<meta property=\"og:type\" content=\"article\" \/>\n<meta property=\"og:title\" content=\"Defici\u00eancia de magn\u00e9sio ou pot\u00e1ssio pode se manifestar nas p\u00e1lpebras antes de aparecer nos sintomas mais conhecidos - Tua Sa\u00fade\" \/>\n<meta property=\"og:description\" content=\"Tremor na p\u00e1lpebra costuma ser passageiro, mas pode aparecer com desequil\u00edbrios de magn\u00e9sio ou pot\u00e1ssio. Entenda quais outros sinais merecem aten\u00e7\u00e3o.\" \/>\n<meta property=\"og:url\" content=\"https:\/\/www.tuasaude.com\/news\/2026\/09\/02\/deficiencia-de-magnesio-ou-potassio-pode-se-manifestar-nas-palpebras-antes-de-aparecer-nos-sintomas-mais-conhecidos\/\" \/>\n<meta property=\"og:site_name\" content=\"Tua Sa\u00fade\" \/>\n<meta property=\"article:published_time\" content=\"2026-09-02T12:10:00+00:00\" \/>\n<meta property=\"og:image\" content=\"https:\/\/www.tuasaude.com\/news\/wp-content\/uploads\/2026\/09\/Woman_experiencing_eye_twitch_at\u2026_202609011334.jpg\" \/>\n\t<meta property=\"og:image:width\" content=\"1280\" \/>\n\t<meta property=\"og:image:height\" content=\"714\" \/>\n\t<meta property=\"og:image:type\" content=\"image\/jpeg\" \/>\n<meta name=\"author\" content=\"Gessika Julia Carvalho\" \/>\n<meta name=\"twitter:card\" content=\"summary_large_image\" \/>\n<meta name=\"twitter:label1\" content=\"Escrito por\" \/>\n\t<meta name=\"twitter:data1\" content=\"Gessika Julia Carvalho\" \/>\n\t<meta name=\"twitter:label2\" content=\"Est. tempo de leitura\" \/>\n\t<meta name=\"twitter:data2\" content=\"5 minutos\" \/>\n<!-- \/ Yoast SEO plugin. -->","yoast_head_json":{"title":"Defici\u00eancia de magn\u00e9sio ou pot\u00e1ssio pode se manifestar nas p\u00e1lpebras antes de aparecer nos sintomas mais conhecidos - Tua Sa\u00fade","description":"Tremor na p\u00e1lpebra costuma ser passageiro, mas pode aparecer com desequil\u00edbrios de magn\u00e9sio ou pot\u00e1ssio. Entenda quais outros sinais merecem aten\u00e7\u00e3o.","robots":{"index":"index","follow":"follow","max-snippet":"max-snippet:-1","max-image-preview":"max-image-preview:large","max-video-preview":"max-video-preview:-1"},"canonical":"https:\/\/www.tuasaude.com\/news\/2026\/09\/02\/deficiencia-de-magnesio-ou-potassio-pode-se-manifestar-nas-palpebras-antes-de-aparecer-nos-sintomas-mais-conhecidos\/","og_locale":"pt_BR","og_type":"article","og_title":"Defici\u00eancia de magn\u00e9sio ou pot\u00e1ssio pode se manifestar nas p\u00e1lpebras antes de aparecer nos sintomas mais conhecidos - Tua Sa\u00fade","og_description":"Tremor na p\u00e1lpebra costuma ser passageiro, mas pode aparecer com desequil\u00edbrios de magn\u00e9sio ou pot\u00e1ssio. Entenda quais outros sinais merecem aten\u00e7\u00e3o.","og_url":"https:\/\/www.tuasaude.com\/news\/2026\/09\/02\/deficiencia-de-magnesio-ou-potassio-pode-se-manifestar-nas-palpebras-antes-de-aparecer-nos-sintomas-mais-conhecidos\/","og_site_name":"Tua Sa\u00fade","article_published_time":"2026-09-02T12:10:00+00:00","og_image":[{"width":1280,"height":714,"url":"https:\/\/www.tuasaude.com\/news\/wp-content\/uploads\/2026\/09\/Woman_experiencing_eye_twitch_at\u2026_202609011334.jpg","type":"image\/jpeg"}],"author":"Gessika Julia Carvalho","twitter_card":"summary_large_image","twitter_misc":{"Escrito por":"Gessika Julia Carvalho","Est. tempo de leitura":"5 minutos"},"schema":{"@context":"https:\/\/schema.org","@graph":[{"@type":"Article","@id":"https:\/\/www.tuasaude.com\/news\/2026\/09\/02\/deficiencia-de-magnesio-ou-potassio-pode-se-manifestar-nas-palpebras-antes-de-aparecer-nos-sintomas-mais-conhecidos\/#article","isPartOf":{"@id":"https:\/\/www.tuasaude.com\/news\/2026\/09\/02\/deficiencia-de-magnesio-ou-potassio-pode-se-manifestar-nas-palpebras-antes-de-aparecer-nos-sintomas-mais-conhecidos\/"},"author":{"name":"Gessika Julia Carvalho","@id":"https:\/\/www.tuasaude.com\/news\/#\/schema\/person\/2e9df841be69ec84f5d20ddb8d273ac2"},"headline":"Defici\u00eancia de magn\u00e9sio ou pot\u00e1ssio pode se manifestar nas p\u00e1lpebras antes de aparecer nos sintomas mais conhecidos","datePublished":"2026-09-02T12:10:00+00:00","mainEntityOfPage":{"@id":"https:\/\/www.tuasaude.com\/news\/2026\/09\/02\/deficiencia-de-magnesio-ou-potassio-pode-se-manifestar-nas-palpebras-antes-de-aparecer-nos-sintomas-mais-conhecidos\/"},"wordCount":833,"commentCount":0,"image":{"@id":"https:\/\/www.tuasaude.com\/news\/2026\/09\/02\/deficiencia-de-magnesio-ou-potassio-pode-se-manifestar-nas-palpebras-antes-de-aparecer-nos-sintomas-mais-conhecidos\/#primaryimage"},"thumbnailUrl":"https:\/\/www.tuasaude.com\/news\/wp-content\/uploads\/2026\/09\/Woman_experiencing_eye_twitch_at\u2026_202609011334.jpg","keywords":["magn\u00e9sio","p\u00e1lpebras","pot\u00e1ssio","sa\u00fade"],"articleSection":["Sa\u00fade"],"inLanguage":"pt-BR","potentialAction":[{"@type":"CommentAction","name":"Comment","target":["https:\/\/www.tuasaude.com\/news\/2026\/09\/02\/deficiencia-de-magnesio-ou-potassio-pode-se-manifestar-nas-palpebras-antes-de-aparecer-nos-sintomas-mais-conhecidos\/#respond"]}]},{"@type":"WebPage","@id":"https:\/\/www.tuasaude.com\/news\/2026\/09\/02\/deficiencia-de-magnesio-ou-potassio-pode-se-manifestar-nas-palpebras-antes-de-aparecer-nos-sintomas-mais-conhecidos\/","url":"https:\/\/www.tuasaude.com\/news\/2026\/09\/02\/deficiencia-de-magnesio-ou-potassio-pode-se-manifestar-nas-palpebras-antes-de-aparecer-nos-sintomas-mais-conhecidos\/","name":"Defici\u00eancia de magn\u00e9sio ou pot\u00e1ssio pode se manifestar nas p\u00e1lpebras antes de aparecer nos sintomas mais conhecidos - Tua Sa\u00fade","isPartOf":{"@id":"https:\/\/www.tuasaude.com\/news\/#website"},"primaryImageOfPage":{"@id":"https:\/\/www.tuasaude.com\/news\/2026\/09\/02\/deficiencia-de-magnesio-ou-potassio-pode-se-manifestar-nas-palpebras-antes-de-aparecer-nos-sintomas-mais-conhecidos\/#primaryimage"},"image":{"@id":"https:\/\/www.tuasaude.com\/news\/2026\/09\/02\/deficiencia-de-magnesio-ou-potassio-pode-se-manifestar-nas-palpebras-antes-de-aparecer-nos-sintomas-mais-conhecidos\/#primaryimage"},"thumbnailUrl":"https:\/\/www.tuasaude.com\/news\/wp-content\/uploads\/2026\/09\/Woman_experiencing_eye_twitch_at\u2026_202609011334.jpg","datePublished":"2026-09-02T12:10:00+00:00","author":{"@id":"https:\/\/www.tuasaude.com\/news\/#\/schema\/person\/2e9df841be69ec84f5d20ddb8d273ac2"},"description":"Tremor na p\u00e1lpebra costuma ser passageiro, mas pode aparecer com desequil\u00edbrios de magn\u00e9sio ou pot\u00e1ssio. Entenda quais outros sinais merecem aten\u00e7\u00e3o.","breadcrumb":{"@id":"https:\/\/www.tuasaude.com\/news\/2026\/09\/02\/deficiencia-de-magnesio-ou-potassio-pode-se-manifestar-nas-palpebras-antes-de-aparecer-nos-sintomas-mais-conhecidos\/#breadcrumb"},"inLanguage":"pt-BR","potentialAction":[{"@type":"ReadAction","target":["https:\/\/www.tuasaude.com\/news\/2026\/09\/02\/deficiencia-de-magnesio-ou-potassio-pode-se-manifestar-nas-palpebras-antes-de-aparecer-nos-sintomas-mais-conhecidos\/"]}]},{"@type":"ImageObject","inLanguage":"pt-BR","@id":"https:\/\/www.tuasaude.com\/news\/2026\/09\/02\/deficiencia-de-magnesio-ou-potassio-pode-se-manifestar-nas-palpebras-antes-de-aparecer-nos-sintomas-mais-conhecidos\/#primaryimage","url":"https:\/\/www.tuasaude.com\/news\/wp-content\/uploads\/2026\/09\/Woman_experiencing_eye_twitch_at\u2026_202609011334.jpg","contentUrl":"https:\/\/www.tuasaude.com\/news\/wp-content\/uploads\/2026\/09\/Woman_experiencing_eye_twitch_at\u2026_202609011334.jpg","width":1280,"height":714,"caption":"Defici\u00eancia de magn\u00e9sio ou pot\u00e1ssio pode se manifestar nas p\u00e1lpebras antes de aparecer nos sintomas mais conhecidos"},{"@type":"BreadcrumbList","@id":"https:\/\/www.tuasaude.com\/news\/2026\/09\/02\/deficiencia-de-magnesio-ou-potassio-pode-se-manifestar-nas-palpebras-antes-de-aparecer-nos-sintomas-mais-conhecidos\/#breadcrumb","itemListElement":[{"@type":"ListItem","position":1,"name":"In\u00edcio","item":"https:\/\/www.tuasaude.com\/news\/"},{"@type":"ListItem","position":2,"name":"Defici\u00eancia de magn\u00e9sio ou pot\u00e1ssio pode se manifestar nas p\u00e1lpebras antes de aparecer nos sintomas mais conhecidos"}]},{"@type":"WebSite","@id":"https:\/\/www.tuasaude.com\/news\/#website","url":"https:\/\/www.tuasaude.com\/news\/","name":"Tua Sa\u00fade","description":"Seu site de sa\u00fade","potentialAction":[{"@type":"SearchAction","target":{"@type":"EntryPoint","urlTemplate":"https:\/\/www.tuasaude.com\/news\/?s={search_term_string}"},"query-input":{"@type":"PropertyValueSpecification","valueRequired":true,"valueName":"search_term_string"}}],"inLanguage":"pt-BR"},{"@type":"Person","@id":"https:\/\/www.tuasaude.com\/news\/#\/schema\/person\/2e9df841be69ec84f5d20ddb8d273ac2","name":"Gessika Julia Carvalho","image":{"@type":"ImageObject","inLanguage":"pt-BR","@id":"https:\/\/www.tuasaude.com\/news\/#\/schema\/person\/image\/","url":"https:\/\/secure.gravatar.com\/avatar\/0fcc8769024577fd0bc6a8b766055690f76a8e8f29dfb2a2f89cf04db8d0f2d2?s=96&d=mm&r=g","contentUrl":"https:\/\/secure.gravatar.com\/avatar\/0fcc8769024577fd0bc6a8b766055690f76a8e8f29dfb2a2f89cf04db8d0f2d2?s=96&d=mm&r=g","caption":"Gessika Julia Carvalho"},"sameAs":["https:\/\/www.tuasaude.com\/news\/"],"url":"https:\/\/www.tuasaude.com\/news\/author\/gessika-julia\/"}]}},"_links":{"self":[{"href":"https:\/\/www.tuasaude.com\/news\/wp-json\/wp\/v2\/posts\/106661","targetHints":{"allow":["GET"]}}],"collection":[{"href":"https:\/\/www.tuasaude.com\/news\/wp-json\/wp\/v2\/posts"}],"about":[{"href":"https:\/\/www.tuasaude.com\/news\/wp-json\/wp\/v2\/types\/post"}],"author":[{"embeddable":true,"href":"https:\/\/www.tuasaude.com\/news\/wp-json\/wp\/v2\/users\/11"}],"replies":[{"embeddable":true,"href":"https:\/\/www.tuasaude.com\/news\/wp-json\/wp\/v2\/comments?post=106661"}],"version-history":[{"count":1,"href":"https:\/\/www.tuasaude.com\/news\/wp-json\/wp\/v2\/posts\/106661\/revisions"}],"predecessor-version":[{"id":106669,"href":"https:\/\/www.tuasaude.com\/news\/wp-json\/wp\/v2\/posts\/106661\/revisions\/106669"}],"wp:featuredmedia":[{"embeddable":true,"href":"https:\/\/www.tuasaude.com\/news\/wp-json\/wp\/v2\/media\/106666"}],"wp:attachment":[{"href":"https:\/\/www.tuasaude.com\/news\/wp-json\/wp\/v2\/media?parent=106661"}],"wp:term":[{"taxonomy":"category","embeddable":true,"href":"https:\/\/www.tuasaude.com\/news\/wp-json\/wp\/v2\/categories?post=106661"},{"taxonomy":"post_tag","embeddable":true,"href":"https:\/\/www.tuasaude.com\/news\/wp-json\/wp\/v2\/tags?post=106661"}],"curies":[{"name":"wp","href":"https:\/\/api.w.org\/{rel}","templated":true}]}}