{"id":106660,"date":"2026-09-02T08:20:00","date_gmt":"2026-09-02T11:20:00","guid":{"rendered":"https:\/\/www.tuasaude.com\/news\/?p=106660"},"modified":"2026-09-01T13:32:47","modified_gmt":"2026-09-01T16:32:47","slug":"por-que-o-dentista-pode-ser-um-dos-primeiros-a-suspeitar-de-anemia-ou-deficiencia-de-b12","status":"publish","type":"post","link":"https:\/\/www.tuasaude.com\/news\/2026\/09\/02\/por-que-o-dentista-pode-ser-um-dos-primeiros-a-suspeitar-de-anemia-ou-deficiencia-de-b12\/","title":{"rendered":"Por que o dentista pode ser um dos primeiros a suspeitar de anemia ou defici\u00eancia de B12"},"content":{"rendered":"\n<p class=\"wp-block-paragraph\">A boca \u00e9 uma das regi\u00f5es do corpo com renova\u00e7\u00e3o celular mais r\u00e1pida e por isso costuma dar sinais precoces quando o organismo enfrenta car\u00eancias nutricionais. Altera\u00e7\u00f5es como gengivas p\u00e1lidas, l\u00edngua lisa e avermelhada, feridas nos cantos dos l\u00e1bios e aftas de repeti\u00e7\u00e3o podem ser identificadas pelo dentista em uma consulta de rotina, muitas vezes antes do pr\u00f3prio paciente perceber sintomas gerais. Esse olhar treinado torna o profissional de odontologia um aliado importante na suspeita precoce de anemia e defici\u00eancia de vitamina B12. A seguir, entenda como essa detec\u00e7\u00e3o acontece e o que observar.<\/p>\n\n\n\n<h2 class=\"wp-block-heading\">Por que a boca reflete cedo car\u00eancias nutricionais?<\/h2>\n\n\n\n<p class=\"wp-block-paragraph\">A mucosa oral, as papilas da l\u00edngua e as gengivas se renovam a cada poucos dias e dependem de um fornecimento constante de ferro, vitamina B12, folato e outros nutrientes para manter estrutura e colora\u00e7\u00e3o normais. Quando algum desses elementos falta, os tecidos perdem qualidade rapidamente.<\/p>\n\n\n\n<p class=\"wp-block-paragraph\">Essa velocidade de renova\u00e7\u00e3o faz com que altera\u00e7\u00f5es discretas apare\u00e7am na boca antes de sintomas gerais como cansa\u00e7o, palidez ou falta de ar. Por isso, o exame cl\u00ednico da cavidade oral funciona como uma janela sens\u00edvel para detectar mudan\u00e7as que ainda n\u00e3o se manifestaram em outras partes do corpo.<\/p>\n\n\n\n<h2 class=\"wp-block-heading\">Como a defici\u00eancia de vitamina B12 se manifesta na cavidade oral?<\/h2>\n\n\n\n<p class=\"wp-block-paragraph\">A vitamina B12 participa da forma\u00e7\u00e3o das c\u00e9lulas sangu\u00edneas e da renova\u00e7\u00e3o dos tecidos de crescimento r\u00e1pido, como a mucosa da boca. Quando seus n\u00edveis caem de forma significativa, a superf\u00edcie da l\u00edngua perde papilas e ganha aspecto liso, brilhante e sens\u00edvel.<\/p>\n\n\n\n<p class=\"wp-block-paragraph\">Esse quadro, conhecido como glossite de Hunter, pode surgir antes das manifesta\u00e7\u00f5es neurol\u00f3gicas cl\u00e1ssicas, como formigamento e altera\u00e7\u00f5es de mem\u00f3ria. A identifica\u00e7\u00e3o precoce durante o exame odontol\u00f3gico permite encaminhar o paciente para investiga\u00e7\u00e3o laboratorial dos n\u00edveis de <a href=\"https:\/\/www.tuasaude.com\/vitamina-b12-cobalamina\/\" target=\"_blank\" rel=\"noreferrer noopener\">vitamina B12<\/a> e evitar complica\u00e7\u00f5es que podem se tornar permanentes.<\/p>\n\n\n<div class=\"wp-block-image\">\n<figure class=\"aligncenter size-large\"><img decoding=\"async\" width=\"1024\" height=\"571\" src=\"https:\/\/www.tuasaude.com\/news\/wp-content\/uploads\/2026\/09\/Sinais_na_boca_anemia_B12_202609011331-1024x571.jpg\" alt=\"Palidez, glossite, les\u00f5es e exames conectam sa\u00fade bucal \u00e0 investiga\u00e7\u00e3o de anemia.\" class=\"wp-image-106663\" srcset=\"https:\/\/www.tuasaude.com\/news\/wp-content\/uploads\/2026\/09\/Sinais_na_boca_anemia_B12_202609011331-1024x571.jpg 1024w, https:\/\/www.tuasaude.com\/news\/wp-content\/uploads\/2026\/09\/Sinais_na_boca_anemia_B12_202609011331-300x167.jpg 300w, https:\/\/www.tuasaude.com\/news\/wp-content\/uploads\/2026\/09\/Sinais_na_boca_anemia_B12_202609011331-768x428.jpg 768w, https:\/\/www.tuasaude.com\/news\/wp-content\/uploads\/2026\/09\/Sinais_na_boca_anemia_B12_202609011331-750x418.jpg 750w, https:\/\/www.tuasaude.com\/news\/wp-content\/uploads\/2026\/09\/Sinais_na_boca_anemia_B12_202609011331-1140x636.jpg 1140w, https:\/\/www.tuasaude.com\/news\/wp-content\/uploads\/2026\/09\/Sinais_na_boca_anemia_B12_202609011331.jpg 1280w\" sizes=\"(max-width: 1024px) 100vw, 1024px\" \/><figcaption class=\"wp-element-caption\">Palidez, glossite, les\u00f5es e exames conectam sa\u00fade bucal \u00e0 investiga\u00e7\u00e3o de anemia.<\/figcaption><\/figure>\n<\/div>\n\n\n<h2 class=\"wp-block-heading\">Quais sinais o dentista observa que podem indicar anemia?<\/h2>\n\n\n\n<p class=\"wp-block-paragraph\">Durante uma consulta odontol\u00f3gica de rotina, o profissional avalia diversos aspectos da mucosa que ajudam a identificar sinais compat\u00edveis com anemia. Os principais achados est\u00e3o descritos abaixo.<\/p>\n\n\n\n<ul class=\"wp-block-list\">\n<li><strong>Palidez das gengivas e mucosas<\/strong>: colora\u00e7\u00e3o mais clara que o esperado, especialmente na parte interna dos l\u00e1bios e bochechas.<\/li>\n\n\n\n<li><strong>L\u00edngua lisa e brilhante<\/strong>: chamada de glossite atr\u00f3fica, com perda de papilas e aspecto avermelhado, sugere car\u00eancia de ferro ou vitaminas do complexo B.<\/li>\n\n\n\n<li><strong>Queilite angular<\/strong>: rachaduras dolorosas nos cantos da boca, frequentemente ligadas \u00e0 falta de ferro e vitaminas.<\/li>\n\n\n\n<li><strong>Sensa\u00e7\u00e3o de queima\u00e7\u00e3o bucal<\/strong>: relato de ardor sem les\u00e3o vis\u00edvel, comum em defici\u00eancias prolongadas.<\/li>\n\n\n\n<li><strong>Aftas de repeti\u00e7\u00e3o<\/strong>: \u00falceras que voltam v\u00e1rias vezes ao ano podem indicar car\u00eancias nutricionais associadas.<\/li>\n\n\n\n<li><strong>Altera\u00e7\u00f5es no paladar<\/strong>: percep\u00e7\u00e3o alterada de sabores ou perda parcial do gosto, tamb\u00e9m associada \u00e0 falta de B12.<\/li>\n<\/ul>\n\n\n\n<h2 class=\"wp-block-heading\">O que os estudos cient\u00edficos mostram sobre boca e defici\u00eancia de ferro?<\/h2>\n\n\n\n<p class=\"wp-block-paragraph\">A literatura odontol\u00f3gica refor\u00e7a o valor do exame bucal como pista para diagn\u00f3sticos sist\u00eamicos. Segundo a revis\u00e3o de literatura <a href=\"https:\/\/pmc.ncbi.nlm.nih.gov\/articles\/PMC11202564\/\" target=\"_blank\" rel=\"noreferrer noopener\">Iron Deficiency Anemia and Its Impact on Oral Health<\/a>, publicada em 2024 na revista cient\u00edfica Dentistry Journal, a defici\u00eancia de ferro est\u00e1 associada a um amplo espectro de manifesta\u00e7\u00f5es orais, incluindo palidez das mucosas, glossite atr\u00f3fica, queilite angular, aftas recorrentes e sensa\u00e7\u00e3o de queima\u00e7\u00e3o na boca.<\/p>\n\n\n\n<p class=\"wp-block-paragraph\">Os autores destacam que essas altera\u00e7\u00f5es podem surgir antes de a anemia ser confirmada em exames de sangue, o que valoriza o exame cl\u00ednico odontol\u00f3gico como ferramenta de rastreamento precoce. A revis\u00e3o refor\u00e7a a import\u00e2ncia da comunica\u00e7\u00e3o entre dentistas e m\u00e9dicos para investiga\u00e7\u00e3o conjunta de anemia por falta de ferro e outras car\u00eancias nutricionais.<\/p>\n\n\n<div class=\"wp-block-image\">\n<figure class=\"aligncenter size-large\"><img decoding=\"async\" width=\"1024\" height=\"571\" src=\"https:\/\/www.tuasaude.com\/news\/wp-content\/uploads\/2026\/09\/Dentist_examining_patient_oral_h\u2026_202609011331-1024x571.jpg\" alt=\"O exame odontol\u00f3gico pode revelar pistas sist\u00eamicas antes de sintomas gerais aparecerem.\" class=\"wp-image-106664\" srcset=\"https:\/\/www.tuasaude.com\/news\/wp-content\/uploads\/2026\/09\/Dentist_examining_patient_oral_h\u2026_202609011331-1024x571.jpg 1024w, https:\/\/www.tuasaude.com\/news\/wp-content\/uploads\/2026\/09\/Dentist_examining_patient_oral_h\u2026_202609011331-300x167.jpg 300w, https:\/\/www.tuasaude.com\/news\/wp-content\/uploads\/2026\/09\/Dentist_examining_patient_oral_h\u2026_202609011331-768x428.jpg 768w, https:\/\/www.tuasaude.com\/news\/wp-content\/uploads\/2026\/09\/Dentist_examining_patient_oral_h\u2026_202609011331-750x418.jpg 750w, https:\/\/www.tuasaude.com\/news\/wp-content\/uploads\/2026\/09\/Dentist_examining_patient_oral_h\u2026_202609011331-1140x636.jpg 1140w, https:\/\/www.tuasaude.com\/news\/wp-content\/uploads\/2026\/09\/Dentist_examining_patient_oral_h\u2026_202609011331.jpg 1280w\" sizes=\"(max-width: 1024px) 100vw, 1024px\" \/><figcaption class=\"wp-element-caption\">O exame odontol\u00f3gico pode revelar pistas sist\u00eamicas antes de sintomas gerais aparecerem.<\/figcaption><\/figure>\n<\/div>\n\n\n<h2 class=\"wp-block-heading\">Por que manter o acompanhamento odontol\u00f3gico regular faz diferen\u00e7a?<\/h2>\n\n\n\n<p class=\"wp-block-paragraph\">Consultas odontol\u00f3gicas peri\u00f3dicas trazem benef\u00edcios que v\u00e3o muito al\u00e9m da limpeza e do controle de c\u00e1ries. Alguns motivos refor\u00e7am a import\u00e2ncia dessa rotina.<\/p>\n\n\n\n<ul class=\"wp-block-list\">\n<li>Exame completo da cavidade oral, incluindo l\u00edngua, gengivas, bochechas, palato e assoalho da boca.<\/li>\n\n\n\n<li>Identifica\u00e7\u00e3o precoce de sinais compat\u00edveis com anemia, car\u00eancias vitam\u00ednicas e outras doen\u00e7as sist\u00eamicas.<\/li>\n\n\n\n<li>Detec\u00e7\u00e3o de les\u00f5es suspeitas, como \u00falceras persistentes, manchas ou altera\u00e7\u00f5es de textura.<\/li>\n\n\n\n<li>Orienta\u00e7\u00e3o sobre higiene bucal, alimenta\u00e7\u00e3o e cuidados para prevenir c\u00e1rie, gengivite e periodontite.<\/li>\n\n\n\n<li>Encaminhamento para cl\u00ednico geral, hematologista ou nutr\u00f3logo quando surgem sinais que exigem investiga\u00e7\u00e3o.<\/li>\n\n\n\n<li>Acompanhamento de pessoas com maior risco, como gestantes, idosos, vegetarianos e pacientes com doen\u00e7as intestinais.<\/li>\n<\/ul>\n\n\n\n<p class=\"wp-block-paragraph\">Quando o dentista identifica altera\u00e7\u00f5es compat\u00edveis com defici\u00eancias nutricionais, orienta o paciente a procurar avalia\u00e7\u00e3o m\u00e9dica para exames como hemograma, dosagem de ferro, ferritina, vitamina B12 e folato. Esse trabalho integrado entre odontologia e medicina permite diagn\u00f3sticos mais r\u00e1pidos e tratamentos mais eficazes, especialmente diante de sintomas que passariam despercebidos por longos per\u00edodos.<\/p>\n\n\n\n<p class=\"wp-block-paragraph\"><em>Este conte\u00fado tem car\u00e1ter apenas informativo e n\u00e3o substitui a avalia\u00e7\u00e3o, o diagn\u00f3stico ou o tratamento realizados por um profissional de sa\u00fade qualificado. Procure sempre orienta\u00e7\u00e3o m\u00e9dica e odontol\u00f3gica diante de qualquer sintoma.<\/em><\/p>\n","protected":false},"excerpt":{"rendered":"<p>A boca \u00e9 uma das regi\u00f5es do corpo com renova\u00e7\u00e3o celular mais r\u00e1pida e por isso costuma dar sinais precoces quando o organismo enfrenta car\u00eancias nutricionais. Altera\u00e7\u00f5es como gengivas p\u00e1lidas, l\u00edngua lisa e avermelhada, feridas nos cantos dos l\u00e1bios e aftas de repeti\u00e7\u00e3o podem ser identificadas pelo dentista em uma consulta de rotina, muitas vezes [&hellip;]<\/p>\n","protected":false},"author":11,"featured_media":106662,"comment_status":"open","ping_status":"open","sticky":false,"template":"","format":"standard","meta":{"_yoast_wpseo_focuskw":"defici\u00eancia de B12","_yoast_wpseo_title":"","_yoast_wpseo_metadesc":"Dentista pode suspeitar de anemia ou defici\u00eancia de B12 ao observar altera\u00e7\u00f5es na boca. Entenda quais sinais podem aparecer antes de outros sintomas.","jnews-multi-image_gallery":[],"jnews_single_post":{"format":"standard"},"jnews_primary_category":[],"jnews_social_meta":[],"jnews_override_counter":[],"footnotes":""},"categories":[111],"tags":[227,1182,12943,136],"class_list":["post-106660","post","type-post","status-publish","format-standard","has-post-thumbnail","hentry","category-saude","tag-anemia","tag-deficiencia-de-b12","tag-dentista","tag-saude"],"yoast_head":"<!-- This site is optimized with the Yoast SEO plugin v26.7 - https:\/\/yoast.com\/wordpress\/plugins\/seo\/ -->\n<title>Por que o dentista pode ser um dos primeiros a suspeitar de anemia ou defici\u00eancia de B12 - Tua Sa\u00fade<\/title>\n<meta name=\"description\" content=\"Dentista pode suspeitar de anemia ou defici\u00eancia de B12 ao observar altera\u00e7\u00f5es na boca. Entenda quais sinais podem aparecer antes de outros sintomas.\" \/>\n<meta name=\"robots\" content=\"index, follow, max-snippet:-1, max-image-preview:large, max-video-preview:-1\" \/>\n<link rel=\"canonical\" href=\"https:\/\/www.tuasaude.com\/news\/2026\/09\/02\/por-que-o-dentista-pode-ser-um-dos-primeiros-a-suspeitar-de-anemia-ou-deficiencia-de-b12\/\" \/>\n<meta property=\"og:locale\" content=\"pt_BR\" \/>\n<meta property=\"og:type\" content=\"article\" \/>\n<meta property=\"og:title\" content=\"Por que o dentista pode ser um dos primeiros a suspeitar de anemia ou defici\u00eancia de B12 - Tua Sa\u00fade\" \/>\n<meta property=\"og:description\" content=\"Dentista pode suspeitar de anemia ou defici\u00eancia de B12 ao observar altera\u00e7\u00f5es na boca. Entenda quais sinais podem aparecer antes de outros sintomas.\" \/>\n<meta property=\"og:url\" content=\"https:\/\/www.tuasaude.com\/news\/2026\/09\/02\/por-que-o-dentista-pode-ser-um-dos-primeiros-a-suspeitar-de-anemia-ou-deficiencia-de-b12\/\" \/>\n<meta property=\"og:site_name\" content=\"Tua Sa\u00fade\" \/>\n<meta property=\"article:published_time\" content=\"2026-09-02T11:20:00+00:00\" \/>\n<meta property=\"og:image\" content=\"https:\/\/www.tuasaude.com\/news\/wp-content\/uploads\/2026\/09\/Dentist_examining_woman_in_chair_202609011331.jpg\" \/>\n\t<meta property=\"og:image:width\" content=\"1280\" \/>\n\t<meta property=\"og:image:height\" content=\"714\" \/>\n\t<meta property=\"og:image:type\" content=\"image\/jpeg\" \/>\n<meta name=\"author\" content=\"Gessika Julia Carvalho\" \/>\n<meta name=\"twitter:card\" content=\"summary_large_image\" \/>\n<meta name=\"twitter:label1\" content=\"Escrito por\" \/>\n\t<meta name=\"twitter:data1\" content=\"Gessika Julia Carvalho\" \/>\n\t<meta name=\"twitter:label2\" content=\"Est. tempo de leitura\" \/>\n\t<meta name=\"twitter:data2\" content=\"5 minutos\" \/>\n<!-- \/ Yoast SEO plugin. -->","yoast_head_json":{"title":"Por que o dentista pode ser um dos primeiros a suspeitar de anemia ou defici\u00eancia de B12 - Tua Sa\u00fade","description":"Dentista pode suspeitar de anemia ou defici\u00eancia de B12 ao observar altera\u00e7\u00f5es na boca. Entenda quais sinais podem aparecer antes de outros sintomas.","robots":{"index":"index","follow":"follow","max-snippet":"max-snippet:-1","max-image-preview":"max-image-preview:large","max-video-preview":"max-video-preview:-1"},"canonical":"https:\/\/www.tuasaude.com\/news\/2026\/09\/02\/por-que-o-dentista-pode-ser-um-dos-primeiros-a-suspeitar-de-anemia-ou-deficiencia-de-b12\/","og_locale":"pt_BR","og_type":"article","og_title":"Por que o dentista pode ser um dos primeiros a suspeitar de anemia ou defici\u00eancia de B12 - Tua Sa\u00fade","og_description":"Dentista pode suspeitar de anemia ou defici\u00eancia de B12 ao observar altera\u00e7\u00f5es na boca. Entenda quais sinais podem aparecer antes de outros sintomas.","og_url":"https:\/\/www.tuasaude.com\/news\/2026\/09\/02\/por-que-o-dentista-pode-ser-um-dos-primeiros-a-suspeitar-de-anemia-ou-deficiencia-de-b12\/","og_site_name":"Tua Sa\u00fade","article_published_time":"2026-09-02T11:20:00+00:00","og_image":[{"width":1280,"height":714,"url":"https:\/\/www.tuasaude.com\/news\/wp-content\/uploads\/2026\/09\/Dentist_examining_woman_in_chair_202609011331.jpg","type":"image\/jpeg"}],"author":"Gessika Julia Carvalho","twitter_card":"summary_large_image","twitter_misc":{"Escrito por":"Gessika Julia Carvalho","Est. tempo de leitura":"5 minutos"},"schema":{"@context":"https:\/\/schema.org","@graph":[{"@type":"Article","@id":"https:\/\/www.tuasaude.com\/news\/2026\/09\/02\/por-que-o-dentista-pode-ser-um-dos-primeiros-a-suspeitar-de-anemia-ou-deficiencia-de-b12\/#article","isPartOf":{"@id":"https:\/\/www.tuasaude.com\/news\/2026\/09\/02\/por-que-o-dentista-pode-ser-um-dos-primeiros-a-suspeitar-de-anemia-ou-deficiencia-de-b12\/"},"author":{"name":"Gessika Julia Carvalho","@id":"https:\/\/www.tuasaude.com\/news\/#\/schema\/person\/2e9df841be69ec84f5d20ddb8d273ac2"},"headline":"Por que o dentista pode ser um dos primeiros a suspeitar de anemia ou defici\u00eancia de B12","datePublished":"2026-09-02T11:20:00+00:00","mainEntityOfPage":{"@id":"https:\/\/www.tuasaude.com\/news\/2026\/09\/02\/por-que-o-dentista-pode-ser-um-dos-primeiros-a-suspeitar-de-anemia-ou-deficiencia-de-b12\/"},"wordCount":939,"commentCount":0,"image":{"@id":"https:\/\/www.tuasaude.com\/news\/2026\/09\/02\/por-que-o-dentista-pode-ser-um-dos-primeiros-a-suspeitar-de-anemia-ou-deficiencia-de-b12\/#primaryimage"},"thumbnailUrl":"https:\/\/www.tuasaude.com\/news\/wp-content\/uploads\/2026\/09\/Dentist_examining_woman_in_chair_202609011331.jpg","keywords":["anemia","defici\u00eancia de B12","dentista","sa\u00fade"],"articleSection":["Sa\u00fade"],"inLanguage":"pt-BR","potentialAction":[{"@type":"CommentAction","name":"Comment","target":["https:\/\/www.tuasaude.com\/news\/2026\/09\/02\/por-que-o-dentista-pode-ser-um-dos-primeiros-a-suspeitar-de-anemia-ou-deficiencia-de-b12\/#respond"]}]},{"@type":"WebPage","@id":"https:\/\/www.tuasaude.com\/news\/2026\/09\/02\/por-que-o-dentista-pode-ser-um-dos-primeiros-a-suspeitar-de-anemia-ou-deficiencia-de-b12\/","url":"https:\/\/www.tuasaude.com\/news\/2026\/09\/02\/por-que-o-dentista-pode-ser-um-dos-primeiros-a-suspeitar-de-anemia-ou-deficiencia-de-b12\/","name":"Por que o dentista pode ser um dos primeiros a suspeitar de anemia ou defici\u00eancia de B12 - Tua Sa\u00fade","isPartOf":{"@id":"https:\/\/www.tuasaude.com\/news\/#website"},"primaryImageOfPage":{"@id":"https:\/\/www.tuasaude.com\/news\/2026\/09\/02\/por-que-o-dentista-pode-ser-um-dos-primeiros-a-suspeitar-de-anemia-ou-deficiencia-de-b12\/#primaryimage"},"image":{"@id":"https:\/\/www.tuasaude.com\/news\/2026\/09\/02\/por-que-o-dentista-pode-ser-um-dos-primeiros-a-suspeitar-de-anemia-ou-deficiencia-de-b12\/#primaryimage"},"thumbnailUrl":"https:\/\/www.tuasaude.com\/news\/wp-content\/uploads\/2026\/09\/Dentist_examining_woman_in_chair_202609011331.jpg","datePublished":"2026-09-02T11:20:00+00:00","author":{"@id":"https:\/\/www.tuasaude.com\/news\/#\/schema\/person\/2e9df841be69ec84f5d20ddb8d273ac2"},"description":"Dentista pode suspeitar de anemia ou defici\u00eancia de B12 ao observar altera\u00e7\u00f5es na boca. Entenda quais sinais podem aparecer antes de outros sintomas.","breadcrumb":{"@id":"https:\/\/www.tuasaude.com\/news\/2026\/09\/02\/por-que-o-dentista-pode-ser-um-dos-primeiros-a-suspeitar-de-anemia-ou-deficiencia-de-b12\/#breadcrumb"},"inLanguage":"pt-BR","potentialAction":[{"@type":"ReadAction","target":["https:\/\/www.tuasaude.com\/news\/2026\/09\/02\/por-que-o-dentista-pode-ser-um-dos-primeiros-a-suspeitar-de-anemia-ou-deficiencia-de-b12\/"]}]},{"@type":"ImageObject","inLanguage":"pt-BR","@id":"https:\/\/www.tuasaude.com\/news\/2026\/09\/02\/por-que-o-dentista-pode-ser-um-dos-primeiros-a-suspeitar-de-anemia-ou-deficiencia-de-b12\/#primaryimage","url":"https:\/\/www.tuasaude.com\/news\/wp-content\/uploads\/2026\/09\/Dentist_examining_woman_in_chair_202609011331.jpg","contentUrl":"https:\/\/www.tuasaude.com\/news\/wp-content\/uploads\/2026\/09\/Dentist_examining_woman_in_chair_202609011331.jpg","width":1280,"height":714,"caption":"Por que o dentista pode ser um dos primeiros a suspeitar de anemia ou defici\u00eancia de B12"},{"@type":"BreadcrumbList","@id":"https:\/\/www.tuasaude.com\/news\/2026\/09\/02\/por-que-o-dentista-pode-ser-um-dos-primeiros-a-suspeitar-de-anemia-ou-deficiencia-de-b12\/#breadcrumb","itemListElement":[{"@type":"ListItem","position":1,"name":"In\u00edcio","item":"https:\/\/www.tuasaude.com\/news\/"},{"@type":"ListItem","position":2,"name":"Por que o dentista pode ser um dos primeiros a suspeitar de anemia ou defici\u00eancia de B12"}]},{"@type":"WebSite","@id":"https:\/\/www.tuasaude.com\/news\/#website","url":"https:\/\/www.tuasaude.com\/news\/","name":"Tua Sa\u00fade","description":"Seu site de sa\u00fade","potentialAction":[{"@type":"SearchAction","target":{"@type":"EntryPoint","urlTemplate":"https:\/\/www.tuasaude.com\/news\/?s={search_term_string}"},"query-input":{"@type":"PropertyValueSpecification","valueRequired":true,"valueName":"search_term_string"}}],"inLanguage":"pt-BR"},{"@type":"Person","@id":"https:\/\/www.tuasaude.com\/news\/#\/schema\/person\/2e9df841be69ec84f5d20ddb8d273ac2","name":"Gessika Julia Carvalho","image":{"@type":"ImageObject","inLanguage":"pt-BR","@id":"https:\/\/www.tuasaude.com\/news\/#\/schema\/person\/image\/","url":"https:\/\/secure.gravatar.com\/avatar\/0fcc8769024577fd0bc6a8b766055690f76a8e8f29dfb2a2f89cf04db8d0f2d2?s=96&d=mm&r=g","contentUrl":"https:\/\/secure.gravatar.com\/avatar\/0fcc8769024577fd0bc6a8b766055690f76a8e8f29dfb2a2f89cf04db8d0f2d2?s=96&d=mm&r=g","caption":"Gessika Julia Carvalho"},"sameAs":["https:\/\/www.tuasaude.com\/news\/"],"url":"https:\/\/www.tuasaude.com\/news\/author\/gessika-julia\/"}]}},"_links":{"self":[{"href":"https:\/\/www.tuasaude.com\/news\/wp-json\/wp\/v2\/posts\/106660","targetHints":{"allow":["GET"]}}],"collection":[{"href":"https:\/\/www.tuasaude.com\/news\/wp-json\/wp\/v2\/posts"}],"about":[{"href":"https:\/\/www.tuasaude.com\/news\/wp-json\/wp\/v2\/types\/post"}],"author":[{"embeddable":true,"href":"https:\/\/www.tuasaude.com\/news\/wp-json\/wp\/v2\/users\/11"}],"replies":[{"embeddable":true,"href":"https:\/\/www.tuasaude.com\/news\/wp-json\/wp\/v2\/comments?post=106660"}],"version-history":[{"count":1,"href":"https:\/\/www.tuasaude.com\/news\/wp-json\/wp\/v2\/posts\/106660\/revisions"}],"predecessor-version":[{"id":106665,"href":"https:\/\/www.tuasaude.com\/news\/wp-json\/wp\/v2\/posts\/106660\/revisions\/106665"}],"wp:featuredmedia":[{"embeddable":true,"href":"https:\/\/www.tuasaude.com\/news\/wp-json\/wp\/v2\/media\/106662"}],"wp:attachment":[{"href":"https:\/\/www.tuasaude.com\/news\/wp-json\/wp\/v2\/media?parent=106660"}],"wp:term":[{"taxonomy":"category","embeddable":true,"href":"https:\/\/www.tuasaude.com\/news\/wp-json\/wp\/v2\/categories?post=106660"},{"taxonomy":"post_tag","embeddable":true,"href":"https:\/\/www.tuasaude.com\/news\/wp-json\/wp\/v2\/tags?post=106660"}],"curies":[{"name":"wp","href":"https:\/\/api.w.org\/{rel}","templated":true}]}}