{"id":106641,"date":"2026-09-02T06:50:00","date_gmt":"2026-09-02T09:50:00","guid":{"rendered":"https:\/\/www.tuasaude.com\/news\/?p=106641"},"modified":"2026-09-01T13:19:37","modified_gmt":"2026-09-01T16:19:37","slug":"gengivas-mais-palidas-do-que-o-normal-podem-indicar-niveis-baixos-de-hemoglobina-antes-de-outros-sintomas-de-anemia","status":"publish","type":"post","link":"https:\/\/www.tuasaude.com\/news\/2026\/09\/02\/gengivas-mais-palidas-do-que-o-normal-podem-indicar-niveis-baixos-de-hemoglobina-antes-de-outros-sintomas-de-anemia\/","title":{"rendered":"Gengivas mais p\u00e1lidas do que o normal podem indicar n\u00edveis baixos de hemoglobina antes de outros sintomas de anemia"},"content":{"rendered":"\n<p class=\"wp-block-paragraph\">A colora\u00e7\u00e3o das gengivas e da mucosa interna da boca reflete diretamente a irriga\u00e7\u00e3o sangu\u00ednea e a quantidade de hemoglobina no organismo. Quando os n\u00edveis dessa prote\u00edna caem, essas regi\u00f5es costumam ficar mais claras do que o habitual, muitas vezes antes do surgimento de cansa\u00e7o, falta de ar ou queda de cabelo. Reconhecer essa mudan\u00e7a sutil pode ajudar a suspeitar da anemia em fase inicial, embora a cor isolada nunca feche diagn\u00f3stico. A confirma\u00e7\u00e3o depende sempre do hemograma, exame de refer\u00eancia para avaliar as c\u00e9lulas do sangue.<\/p>\n\n\n\n<h2 class=\"wp-block-heading\">Por que a cor das gengivas reflete a hemoglobina?<\/h2>\n\n\n\n<p class=\"wp-block-paragraph\">A hemoglobina \u00e9 a prote\u00edna dos gl\u00f3bulos vermelhos respons\u00e1vel pelo transporte de oxig\u00eanio e pela cor avermelhada do sangue. Quando seus n\u00edveis diminuem, a irriga\u00e7\u00e3o da mucosa da boca fica menos intensa e a tonalidade natural, rosada e viva, tende a ficar mais clara.<\/p>\n\n\n\n<p class=\"wp-block-paragraph\">Esse mecanismo explica por que as gengivas, os l\u00e1bios, a face interna das bochechas e a parte interna das p\u00e1lpebras costumam ser \u00e1reas de observa\u00e7\u00e3o cl\u00ednica. A avalia\u00e7\u00e3o \u00e9 simples, mas apenas complementar, sempre associada ao contexto e aos sintomas do paciente.<\/p>\n\n\n\n<h2 class=\"wp-block-heading\">Quais sinais podem preceder o cansa\u00e7o da anemia?<\/h2>\n\n\n\n<p class=\"wp-block-paragraph\">A anemia costuma se instalar de forma silenciosa e alguns sinais discretos podem aparecer antes dos sintomas mais conhecidos, como fadiga intensa e falta de ar. Ficar atento a esses detalhes ajuda a buscar avalia\u00e7\u00e3o m\u00e9dica mais cedo. Entre os primeiros sinais que merecem aten\u00e7\u00e3o est\u00e3o:<\/p>\n\n\n\n<ul class=\"wp-block-list\">\n<li><strong>Gengivas mais p\u00e1lidas<\/strong> do que o habitual<\/li>\n\n\n\n<li><strong>L\u00e1bios com colora\u00e7\u00e3o menos viva<\/strong>, sem estar rachados<\/li>\n\n\n\n<li><strong>Mucosa interna das bochechas esbranqui\u00e7ada<\/strong><\/li>\n\n\n\n<li><strong>Parte interna das p\u00e1lpebras clara<\/strong>, sem tom rosado<\/li>\n\n\n\n<li><strong>Palma das m\u00e3os com aspecto descorado<\/strong>, principalmente nas linhas<\/li>\n\n\n\n<li><strong>Unhas quebradi\u00e7as<\/strong>, finas ou com aspecto opaco<\/li>\n<\/ul>\n\n\n\n<p class=\"wp-block-paragraph\">Esses sinais podem surgir semanas antes da fadiga, da tontura ou da queda de cabelo, especialmente em quem tem hist\u00f3rico de menstrua\u00e7\u00e3o intensa, alimenta\u00e7\u00e3o restritiva ou doen\u00e7as que afetam a absor\u00e7\u00e3o de nutrientes.<\/p>\n\n\n<div class=\"wp-block-image\">\n<figure class=\"aligncenter size-large\"><img decoding=\"async\" width=\"1024\" height=\"571\" src=\"https:\/\/www.tuasaude.com\/news\/wp-content\/uploads\/2026\/09\/Gengivas_palidas_e_hemoglobina_202609011318-1024x571.jpg\" alt=\"Hemoglobina, palidez das mucosas e hemograma ajudam a investigar poss\u00edveis quadros de anemia.\" class=\"wp-image-106647\" srcset=\"https:\/\/www.tuasaude.com\/news\/wp-content\/uploads\/2026\/09\/Gengivas_palidas_e_hemoglobina_202609011318-1024x571.jpg 1024w, https:\/\/www.tuasaude.com\/news\/wp-content\/uploads\/2026\/09\/Gengivas_palidas_e_hemoglobina_202609011318-300x167.jpg 300w, https:\/\/www.tuasaude.com\/news\/wp-content\/uploads\/2026\/09\/Gengivas_palidas_e_hemoglobina_202609011318-768x428.jpg 768w, https:\/\/www.tuasaude.com\/news\/wp-content\/uploads\/2026\/09\/Gengivas_palidas_e_hemoglobina_202609011318-750x418.jpg 750w, https:\/\/www.tuasaude.com\/news\/wp-content\/uploads\/2026\/09\/Gengivas_palidas_e_hemoglobina_202609011318-1140x636.jpg 1140w, https:\/\/www.tuasaude.com\/news\/wp-content\/uploads\/2026\/09\/Gengivas_palidas_e_hemoglobina_202609011318.jpg 1280w\" sizes=\"(max-width: 1024px) 100vw, 1024px\" \/><figcaption class=\"wp-element-caption\">Hemoglobina, palidez das mucosas e hemograma ajudam a investigar poss\u00edveis quadros de anemia.<\/figcaption><\/figure>\n<\/div>\n\n\n<h2 class=\"wp-block-heading\">Como \u00e9 feito o diagn\u00f3stico correto da anemia?<\/h2>\n\n\n\n<p class=\"wp-block-paragraph\">A observa\u00e7\u00e3o da palidez \u00e9 apenas o primeiro passo. A confirma\u00e7\u00e3o depende de exames laboratoriais que medem a quantidade e as caracter\u00edsticas das c\u00e9lulas vermelhas. O <a href=\"https:\/\/www.tuasaude.com\/hemograma\/\" target=\"_blank\" rel=\"noreferrer noopener\">hemograma<\/a> \u00e9 o exame de refer\u00eancia, capaz de identificar a redu\u00e7\u00e3o da hemoglobina, dos gl\u00f3bulos vermelhos e do hemat\u00f3crito.<\/p>\n\n\n\n<p class=\"wp-block-paragraph\">Em muitos casos, o m\u00e9dico tamb\u00e9m solicita a dosagem de ferritina, ferro s\u00e9rico, vitamina B12 e \u00e1cido f\u00f3lico, o que ajuda a identificar a causa da <a href=\"https:\/\/www.tuasaude.com\/anemia\/\" target=\"_blank\" rel=\"noreferrer noopener\">anemia<\/a> e direcionar o tratamento adequado.<\/p>\n\n\n\n<h2 class=\"wp-block-heading\">O que um estudo cient\u00edfico revela sobre a palidez das mucosas?<\/h2>\n\n\n\n<p class=\"wp-block-paragraph\">A avalia\u00e7\u00e3o da colora\u00e7\u00e3o das mucosas como sinal de anemia \u00e9 uma t\u00e9cnica cl\u00ednica antiga e ainda validada por pesquisas. Segundo o estudo <a href=\"https:\/\/pubmed.ncbi.nlm.nih.gov\/9051559\/\" target=\"_blank\" rel=\"noreferrer noopener\">The relation of conjunctival pallor to the presence of anemia<\/a>, publicado no Journal of General Internal Medicine, a presen\u00e7a de palidez na mucosa ocular aumentou significativamente a probabilidade de anemia grave em pacientes avaliados clinicamente.<\/p>\n\n\n\n<p class=\"wp-block-paragraph\">Os autores conclu\u00edram que a identifica\u00e7\u00e3o desse sinal, mesmo sem outros ind\u00edcios evidentes, j\u00e1 \u00e9 motivo suficiente para solicitar a dosagem de hemoglobina, refor\u00e7ando o valor da inspe\u00e7\u00e3o das mucosas como ferramenta inicial de triagem, complementar ao exame laboratorial.<\/p>\n\n\n<div class=\"wp-block-image\">\n<figure class=\"aligncenter size-large\"><img decoding=\"async\" width=\"1024\" height=\"571\" src=\"https:\/\/www.tuasaude.com\/news\/wp-content\/uploads\/2026\/09\/Man_undergoing_medical_consultation_202609011318-1024x571.jpg\" alt=\"Palidez em gengivas e p\u00e1lpebras pode ser uma pista cl\u00ednica para investigar anemia.\" class=\"wp-image-106648\" srcset=\"https:\/\/www.tuasaude.com\/news\/wp-content\/uploads\/2026\/09\/Man_undergoing_medical_consultation_202609011318-1024x571.jpg 1024w, https:\/\/www.tuasaude.com\/news\/wp-content\/uploads\/2026\/09\/Man_undergoing_medical_consultation_202609011318-300x167.jpg 300w, https:\/\/www.tuasaude.com\/news\/wp-content\/uploads\/2026\/09\/Man_undergoing_medical_consultation_202609011318-768x428.jpg 768w, https:\/\/www.tuasaude.com\/news\/wp-content\/uploads\/2026\/09\/Man_undergoing_medical_consultation_202609011318-750x418.jpg 750w, https:\/\/www.tuasaude.com\/news\/wp-content\/uploads\/2026\/09\/Man_undergoing_medical_consultation_202609011318-1140x636.jpg 1140w, https:\/\/www.tuasaude.com\/news\/wp-content\/uploads\/2026\/09\/Man_undergoing_medical_consultation_202609011318.jpg 1280w\" sizes=\"(max-width: 1024px) 100vw, 1024px\" \/><figcaption class=\"wp-element-caption\">Palidez em gengivas e p\u00e1lpebras pode ser uma pista cl\u00ednica para investigar anemia.<\/figcaption><\/figure>\n<\/div>\n\n\n<h2 class=\"wp-block-heading\">Quando \u00e9 preciso procurar avalia\u00e7\u00e3o m\u00e9dica?<\/h2>\n\n\n\n<p class=\"wp-block-paragraph\">Nem toda palidez indica anemia, mas alguns padr\u00f5es merecem investiga\u00e7\u00e3o com cl\u00ednico geral ou hematologista. A avalia\u00e7\u00e3o profissional \u00e9 essencial para diferenciar varia\u00e7\u00f5es normais da colora\u00e7\u00e3o de sinais reais de baixa hemoglobina. Devem procurar avalia\u00e7\u00e3o, especialmente:<\/p>\n\n\n\n<ol class=\"wp-block-list\">\n<li>Pessoas com <strong>palidez persistente<\/strong> em gengivas, l\u00e1bios ou p\u00e1lpebras<\/li>\n\n\n\n<li>Quem sente <strong>cansa\u00e7o fora do habitual<\/strong>, mesmo ap\u00f3s descanso<\/li>\n\n\n\n<li>Indiv\u00edduos com <strong>falta de ar aos pequenos esfor\u00e7os<\/strong><\/li>\n\n\n\n<li>Mulheres com <strong>menstrua\u00e7\u00e3o intensa<\/strong> ou fluxo prolongado<\/li>\n\n\n\n<li>Pessoas com <strong>queda de cabelo<\/strong>, unhas fr\u00e1geis ou vontade de comer gelo<\/li>\n\n\n\n<li>Quem tem <strong>hist\u00f3rico de cirurgia bari\u00e1trica<\/strong>, doen\u00e7a cel\u00edaca ou dieta restritiva<\/li>\n<\/ol>\n\n\n\n<p class=\"wp-block-paragraph\">O acompanhamento m\u00e9dico permite identificar o tipo espec\u00edfico de anemia e evitar tratamentos inadequados, como a reposi\u00e7\u00e3o isolada de ferro em quadros causados por outras defici\u00eancias, como as de <a href=\"https:\/\/www.tuasaude.com\/vitamina-b12\/\" target=\"_blank\" rel=\"noreferrer noopener\">vitamina B12<\/a> ou \u00e1cido f\u00f3lico.<\/p>\n\n\n\n<p class=\"wp-block-paragraph\"><em>Este conte\u00fado tem car\u00e1ter apenas informativo e n\u00e3o substitui a avalia\u00e7\u00e3o, o diagn\u00f3stico ou o tratamento realizado por um profissional de sa\u00fade qualificado. Em caso de sintomas ou d\u00favidas, procure orienta\u00e7\u00e3o m\u00e9dica.<\/em><\/p>\n","protected":false},"excerpt":{"rendered":"<p>A colora\u00e7\u00e3o das gengivas e da mucosa interna da boca reflete diretamente a irriga\u00e7\u00e3o sangu\u00ednea e a quantidade de hemoglobina no organismo. Quando os n\u00edveis dessa prote\u00edna caem, essas regi\u00f5es costumam ficar mais claras do que o habitual, muitas vezes antes do surgimento de cansa\u00e7o, falta de ar ou queda de cabelo. Reconhecer essa mudan\u00e7a [&hellip;]<\/p>\n","protected":false},"author":11,"featured_media":106646,"comment_status":"open","ping_status":"open","sticky":false,"template":"","format":"standard","meta":{"_yoast_wpseo_focuskw":"gengivas p\u00e1lidas","_yoast_wpseo_title":"","_yoast_wpseo_metadesc":"Gengivas p\u00e1lidas podem indicar n\u00edveis baixos de hemoglobina antes do cansa\u00e7o. Entenda quais outros sinais de anemia merecem aten\u00e7\u00e3o e como confirmar.","jnews-multi-image_gallery":[],"jnews_single_post":{"format":"standard"},"jnews_primary_category":[],"jnews_social_meta":[],"jnews_override_counter":[],"footnotes":""},"categories":[111],"tags":[227,5261,6500,136],"class_list":["post-106641","post","type-post","status-publish","format-standard","has-post-thumbnail","hentry","category-saude","tag-anemia","tag-gengivas","tag-hemoglobina","tag-saude"],"yoast_head":"<!-- This site is optimized with the Yoast SEO plugin v26.7 - https:\/\/yoast.com\/wordpress\/plugins\/seo\/ -->\n<title>Gengivas mais p\u00e1lidas do que o normal podem indicar n\u00edveis baixos de hemoglobina antes de outros sintomas de anemia - Tua Sa\u00fade<\/title>\n<meta name=\"description\" content=\"Gengivas p\u00e1lidas podem indicar n\u00edveis baixos de hemoglobina antes do cansa\u00e7o. Entenda quais outros sinais de anemia merecem aten\u00e7\u00e3o e como confirmar.\" \/>\n<meta name=\"robots\" content=\"index, follow, max-snippet:-1, max-image-preview:large, max-video-preview:-1\" \/>\n<link rel=\"canonical\" href=\"https:\/\/www.tuasaude.com\/news\/2026\/09\/02\/gengivas-mais-palidas-do-que-o-normal-podem-indicar-niveis-baixos-de-hemoglobina-antes-de-outros-sintomas-de-anemia\/\" \/>\n<meta property=\"og:locale\" content=\"pt_BR\" \/>\n<meta property=\"og:type\" content=\"article\" \/>\n<meta property=\"og:title\" content=\"Gengivas mais p\u00e1lidas do que o normal podem indicar n\u00edveis baixos de hemoglobina antes de outros sintomas de anemia - Tua Sa\u00fade\" \/>\n<meta property=\"og:description\" content=\"Gengivas p\u00e1lidas podem indicar n\u00edveis baixos de hemoglobina antes do cansa\u00e7o. Entenda quais outros sinais de anemia merecem aten\u00e7\u00e3o e como confirmar.\" \/>\n<meta property=\"og:url\" content=\"https:\/\/www.tuasaude.com\/news\/2026\/09\/02\/gengivas-mais-palidas-do-que-o-normal-podem-indicar-niveis-baixos-de-hemoglobina-antes-de-outros-sintomas-de-anemia\/\" \/>\n<meta property=\"og:site_name\" content=\"Tua Sa\u00fade\" \/>\n<meta property=\"article:published_time\" content=\"2026-09-02T09:50:00+00:00\" \/>\n<meta property=\"og:image\" content=\"https:\/\/www.tuasaude.com\/news\/wp-content\/uploads\/2026\/09\/Woman_checking_gum_color_in_202609011318.jpg\" \/>\n\t<meta property=\"og:image:width\" content=\"1280\" \/>\n\t<meta property=\"og:image:height\" content=\"714\" \/>\n\t<meta property=\"og:image:type\" content=\"image\/jpeg\" \/>\n<meta name=\"author\" content=\"Gessika Julia Carvalho\" \/>\n<meta name=\"twitter:card\" content=\"summary_large_image\" \/>\n<meta name=\"twitter:label1\" content=\"Escrito por\" \/>\n\t<meta name=\"twitter:data1\" content=\"Gessika Julia Carvalho\" \/>\n\t<meta name=\"twitter:label2\" content=\"Est. tempo de leitura\" \/>\n\t<meta name=\"twitter:data2\" content=\"5 minutos\" \/>\n<!-- \/ Yoast SEO plugin. -->","yoast_head_json":{"title":"Gengivas mais p\u00e1lidas do que o normal podem indicar n\u00edveis baixos de hemoglobina antes de outros sintomas de anemia - Tua Sa\u00fade","description":"Gengivas p\u00e1lidas podem indicar n\u00edveis baixos de hemoglobina antes do cansa\u00e7o. Entenda quais outros sinais de anemia merecem aten\u00e7\u00e3o e como confirmar.","robots":{"index":"index","follow":"follow","max-snippet":"max-snippet:-1","max-image-preview":"max-image-preview:large","max-video-preview":"max-video-preview:-1"},"canonical":"https:\/\/www.tuasaude.com\/news\/2026\/09\/02\/gengivas-mais-palidas-do-que-o-normal-podem-indicar-niveis-baixos-de-hemoglobina-antes-de-outros-sintomas-de-anemia\/","og_locale":"pt_BR","og_type":"article","og_title":"Gengivas mais p\u00e1lidas do que o normal podem indicar n\u00edveis baixos de hemoglobina antes de outros sintomas de anemia - Tua Sa\u00fade","og_description":"Gengivas p\u00e1lidas podem indicar n\u00edveis baixos de hemoglobina antes do cansa\u00e7o. Entenda quais outros sinais de anemia merecem aten\u00e7\u00e3o e como confirmar.","og_url":"https:\/\/www.tuasaude.com\/news\/2026\/09\/02\/gengivas-mais-palidas-do-que-o-normal-podem-indicar-niveis-baixos-de-hemoglobina-antes-de-outros-sintomas-de-anemia\/","og_site_name":"Tua Sa\u00fade","article_published_time":"2026-09-02T09:50:00+00:00","og_image":[{"width":1280,"height":714,"url":"https:\/\/www.tuasaude.com\/news\/wp-content\/uploads\/2026\/09\/Woman_checking_gum_color_in_202609011318.jpg","type":"image\/jpeg"}],"author":"Gessika Julia Carvalho","twitter_card":"summary_large_image","twitter_misc":{"Escrito por":"Gessika Julia Carvalho","Est. tempo de leitura":"5 minutos"},"schema":{"@context":"https:\/\/schema.org","@graph":[{"@type":"Article","@id":"https:\/\/www.tuasaude.com\/news\/2026\/09\/02\/gengivas-mais-palidas-do-que-o-normal-podem-indicar-niveis-baixos-de-hemoglobina-antes-de-outros-sintomas-de-anemia\/#article","isPartOf":{"@id":"https:\/\/www.tuasaude.com\/news\/2026\/09\/02\/gengivas-mais-palidas-do-que-o-normal-podem-indicar-niveis-baixos-de-hemoglobina-antes-de-outros-sintomas-de-anemia\/"},"author":{"name":"Gessika Julia Carvalho","@id":"https:\/\/www.tuasaude.com\/news\/#\/schema\/person\/2e9df841be69ec84f5d20ddb8d273ac2"},"headline":"Gengivas mais p\u00e1lidas do que o normal podem indicar n\u00edveis baixos de hemoglobina antes de outros sintomas de anemia","datePublished":"2026-09-02T09:50:00+00:00","mainEntityOfPage":{"@id":"https:\/\/www.tuasaude.com\/news\/2026\/09\/02\/gengivas-mais-palidas-do-que-o-normal-podem-indicar-niveis-baixos-de-hemoglobina-antes-de-outros-sintomas-de-anemia\/"},"wordCount":810,"commentCount":0,"image":{"@id":"https:\/\/www.tuasaude.com\/news\/2026\/09\/02\/gengivas-mais-palidas-do-que-o-normal-podem-indicar-niveis-baixos-de-hemoglobina-antes-de-outros-sintomas-de-anemia\/#primaryimage"},"thumbnailUrl":"https:\/\/www.tuasaude.com\/news\/wp-content\/uploads\/2026\/09\/Woman_checking_gum_color_in_202609011318.jpg","keywords":["anemia","gengivas","hemoglobina","sa\u00fade"],"articleSection":["Sa\u00fade"],"inLanguage":"pt-BR","potentialAction":[{"@type":"CommentAction","name":"Comment","target":["https:\/\/www.tuasaude.com\/news\/2026\/09\/02\/gengivas-mais-palidas-do-que-o-normal-podem-indicar-niveis-baixos-de-hemoglobina-antes-de-outros-sintomas-de-anemia\/#respond"]}]},{"@type":"WebPage","@id":"https:\/\/www.tuasaude.com\/news\/2026\/09\/02\/gengivas-mais-palidas-do-que-o-normal-podem-indicar-niveis-baixos-de-hemoglobina-antes-de-outros-sintomas-de-anemia\/","url":"https:\/\/www.tuasaude.com\/news\/2026\/09\/02\/gengivas-mais-palidas-do-que-o-normal-podem-indicar-niveis-baixos-de-hemoglobina-antes-de-outros-sintomas-de-anemia\/","name":"Gengivas mais p\u00e1lidas do que o normal podem indicar n\u00edveis baixos de hemoglobina antes de outros sintomas de anemia - Tua Sa\u00fade","isPartOf":{"@id":"https:\/\/www.tuasaude.com\/news\/#website"},"primaryImageOfPage":{"@id":"https:\/\/www.tuasaude.com\/news\/2026\/09\/02\/gengivas-mais-palidas-do-que-o-normal-podem-indicar-niveis-baixos-de-hemoglobina-antes-de-outros-sintomas-de-anemia\/#primaryimage"},"image":{"@id":"https:\/\/www.tuasaude.com\/news\/2026\/09\/02\/gengivas-mais-palidas-do-que-o-normal-podem-indicar-niveis-baixos-de-hemoglobina-antes-de-outros-sintomas-de-anemia\/#primaryimage"},"thumbnailUrl":"https:\/\/www.tuasaude.com\/news\/wp-content\/uploads\/2026\/09\/Woman_checking_gum_color_in_202609011318.jpg","datePublished":"2026-09-02T09:50:00+00:00","author":{"@id":"https:\/\/www.tuasaude.com\/news\/#\/schema\/person\/2e9df841be69ec84f5d20ddb8d273ac2"},"description":"Gengivas p\u00e1lidas podem indicar n\u00edveis baixos de hemoglobina antes do cansa\u00e7o. Entenda quais outros sinais de anemia merecem aten\u00e7\u00e3o e como confirmar.","breadcrumb":{"@id":"https:\/\/www.tuasaude.com\/news\/2026\/09\/02\/gengivas-mais-palidas-do-que-o-normal-podem-indicar-niveis-baixos-de-hemoglobina-antes-de-outros-sintomas-de-anemia\/#breadcrumb"},"inLanguage":"pt-BR","potentialAction":[{"@type":"ReadAction","target":["https:\/\/www.tuasaude.com\/news\/2026\/09\/02\/gengivas-mais-palidas-do-que-o-normal-podem-indicar-niveis-baixos-de-hemoglobina-antes-de-outros-sintomas-de-anemia\/"]}]},{"@type":"ImageObject","inLanguage":"pt-BR","@id":"https:\/\/www.tuasaude.com\/news\/2026\/09\/02\/gengivas-mais-palidas-do-que-o-normal-podem-indicar-niveis-baixos-de-hemoglobina-antes-de-outros-sintomas-de-anemia\/#primaryimage","url":"https:\/\/www.tuasaude.com\/news\/wp-content\/uploads\/2026\/09\/Woman_checking_gum_color_in_202609011318.jpg","contentUrl":"https:\/\/www.tuasaude.com\/news\/wp-content\/uploads\/2026\/09\/Woman_checking_gum_color_in_202609011318.jpg","width":1280,"height":714,"caption":"Gengivas mais p\u00e1lidas do que o normal podem indicar n\u00edveis baixos de hemoglobina antes de outros sintomas de anemia"},{"@type":"BreadcrumbList","@id":"https:\/\/www.tuasaude.com\/news\/2026\/09\/02\/gengivas-mais-palidas-do-que-o-normal-podem-indicar-niveis-baixos-de-hemoglobina-antes-de-outros-sintomas-de-anemia\/#breadcrumb","itemListElement":[{"@type":"ListItem","position":1,"name":"In\u00edcio","item":"https:\/\/www.tuasaude.com\/news\/"},{"@type":"ListItem","position":2,"name":"Gengivas mais p\u00e1lidas do que o normal podem indicar n\u00edveis baixos de hemoglobina antes de outros sintomas de anemia"}]},{"@type":"WebSite","@id":"https:\/\/www.tuasaude.com\/news\/#website","url":"https:\/\/www.tuasaude.com\/news\/","name":"Tua Sa\u00fade","description":"Seu site de sa\u00fade","potentialAction":[{"@type":"SearchAction","target":{"@type":"EntryPoint","urlTemplate":"https:\/\/www.tuasaude.com\/news\/?s={search_term_string}"},"query-input":{"@type":"PropertyValueSpecification","valueRequired":true,"valueName":"search_term_string"}}],"inLanguage":"pt-BR"},{"@type":"Person","@id":"https:\/\/www.tuasaude.com\/news\/#\/schema\/person\/2e9df841be69ec84f5d20ddb8d273ac2","name":"Gessika Julia Carvalho","image":{"@type":"ImageObject","inLanguage":"pt-BR","@id":"https:\/\/www.tuasaude.com\/news\/#\/schema\/person\/image\/","url":"https:\/\/secure.gravatar.com\/avatar\/0fcc8769024577fd0bc6a8b766055690f76a8e8f29dfb2a2f89cf04db8d0f2d2?s=96&d=mm&r=g","contentUrl":"https:\/\/secure.gravatar.com\/avatar\/0fcc8769024577fd0bc6a8b766055690f76a8e8f29dfb2a2f89cf04db8d0f2d2?s=96&d=mm&r=g","caption":"Gessika Julia Carvalho"},"sameAs":["https:\/\/www.tuasaude.com\/news\/"],"url":"https:\/\/www.tuasaude.com\/news\/author\/gessika-julia\/"}]}},"_links":{"self":[{"href":"https:\/\/www.tuasaude.com\/news\/wp-json\/wp\/v2\/posts\/106641","targetHints":{"allow":["GET"]}}],"collection":[{"href":"https:\/\/www.tuasaude.com\/news\/wp-json\/wp\/v2\/posts"}],"about":[{"href":"https:\/\/www.tuasaude.com\/news\/wp-json\/wp\/v2\/types\/post"}],"author":[{"embeddable":true,"href":"https:\/\/www.tuasaude.com\/news\/wp-json\/wp\/v2\/users\/11"}],"replies":[{"embeddable":true,"href":"https:\/\/www.tuasaude.com\/news\/wp-json\/wp\/v2\/comments?post=106641"}],"version-history":[{"count":1,"href":"https:\/\/www.tuasaude.com\/news\/wp-json\/wp\/v2\/posts\/106641\/revisions"}],"predecessor-version":[{"id":106649,"href":"https:\/\/www.tuasaude.com\/news\/wp-json\/wp\/v2\/posts\/106641\/revisions\/106649"}],"wp:featuredmedia":[{"embeddable":true,"href":"https:\/\/www.tuasaude.com\/news\/wp-json\/wp\/v2\/media\/106646"}],"wp:attachment":[{"href":"https:\/\/www.tuasaude.com\/news\/wp-json\/wp\/v2\/media?parent=106641"}],"wp:term":[{"taxonomy":"category","embeddable":true,"href":"https:\/\/www.tuasaude.com\/news\/wp-json\/wp\/v2\/categories?post=106641"},{"taxonomy":"post_tag","embeddable":true,"href":"https:\/\/www.tuasaude.com\/news\/wp-json\/wp\/v2\/tags?post=106641"}],"curies":[{"name":"wp","href":"https:\/\/api.w.org\/{rel}","templated":true}]}}