{"id":106579,"date":"2026-09-01T12:16:00","date_gmt":"2026-09-01T15:16:00","guid":{"rendered":"https:\/\/www.tuasaude.com\/news\/?p=106579"},"modified":"2026-09-01T11:15:08","modified_gmt":"2026-09-01T14:15:08","slug":"aftas-frequentes-que-voltam-sempre-no-mesmo-padrao-merecem-investigacao-alem-do-estresse-e-da-alimentacao","status":"publish","type":"post","link":"https:\/\/www.tuasaude.com\/news\/2026\/09\/01\/aftas-frequentes-que-voltam-sempre-no-mesmo-padrao-merecem-investigacao-alem-do-estresse-e-da-alimentacao\/","title":{"rendered":"Aftas frequentes que voltam sempre no mesmo padr\u00e3o merecem investiga\u00e7\u00e3o al\u00e9m do estresse e da alimenta\u00e7\u00e3o"},"content":{"rendered":"\n<p class=\"wp-block-paragraph\">Aftas isoladas s\u00e3o comuns e costumam desaparecer em poucos dias sem grande preocupa\u00e7\u00e3o, mas quando voltam sempre no mesmo padr\u00e3o, com localiza\u00e7\u00e3o parecida e epis\u00f3dios repetidos ao longo dos meses, o quadro deixa de ser apenas inc\u00f4modo local. Aftas recorrentes podem sinalizar defici\u00eancias nutricionais, altera\u00e7\u00f5es intestinais ou condi\u00e7\u00f5es autoimunes que passam despercebidas por anos. Entender o que essa repeti\u00e7\u00e3o pode revelar ajuda a decidir quando procurar avalia\u00e7\u00e3o m\u00e9dica e quais exames costumam esclarecer o problema.<\/p>\n\n\n\n<h2 class=\"wp-block-heading\">O que diferencia uma afta comum de uma afta recorrente?<\/h2>\n\n\n\n<p class=\"wp-block-paragraph\">A afta comum \u00e9 uma \u00falcera pequena, dolorida e que cicatriza sozinha em 7 a 14 dias. Ela costuma aparecer ap\u00f3s pequenas mordidas, uso de escovas duras, contato com alimentos \u00e1cidos ou momentos de estresse pontual, sem indicar doen\u00e7a de fundo.<\/p>\n\n\n\n<p class=\"wp-block-paragraph\">J\u00e1 a afta recorrente, chamada de estomatite aftosa recorrente, se repete v\u00e1rias vezes ao ano, muitas vezes em locais parecidos e com aspecto semelhante. Esse padr\u00e3o insistente merece aten\u00e7\u00e3o porque pode refletir altera\u00e7\u00f5es sist\u00eamicas que precisam ser investigadas por um profissional.<\/p>\n\n\n\n<h2 class=\"wp-block-heading\">Como defici\u00eancias de ferro, B12, folato e zinco se relacionam com as aftas?<\/h2>\n\n\n\n<p class=\"wp-block-paragraph\">A mucosa da boca renova as c\u00e9lulas rapidamente e depende de nutrientes espec\u00edficos para manter sua integridade. Quando faltam ferro, vitamina B12, \u00e1cido f\u00f3lico ou zinco, o revestimento fica mais fino e vulner\u00e1vel, o que favorece o surgimento repetido de \u00falceras.<\/p>\n\n\n\n<p class=\"wp-block-paragraph\">Essas defici\u00eancias nem sempre causam anemia evidente e podem passar despercebidas em consultas de rotina. Um hemograma completo, associado \u00e0 dosagem s\u00e9rica dessas vitaminas e minerais, ajuda a identificar car\u00eancias que, quando corrigidas, reduzem de forma significativa a frequ\u00eancia das les\u00f5es.<\/p>\n\n\n<div class=\"wp-block-image\">\n<figure class=\"aligncenter size-large\"><img decoding=\"async\" width=\"1024\" height=\"571\" src=\"https:\/\/www.tuasaude.com\/news\/wp-content\/uploads\/2026\/09\/Aftas_recorrentes_o_que_investigar_202609011113-1024x571.jpg\" alt=\"Nutrientes, intestino, imunidade e exames ajudam a investigar aftas recorrentes.\" class=\"wp-image-106582\" srcset=\"https:\/\/www.tuasaude.com\/news\/wp-content\/uploads\/2026\/09\/Aftas_recorrentes_o_que_investigar_202609011113-1024x571.jpg 1024w, https:\/\/www.tuasaude.com\/news\/wp-content\/uploads\/2026\/09\/Aftas_recorrentes_o_que_investigar_202609011113-300x167.jpg 300w, https:\/\/www.tuasaude.com\/news\/wp-content\/uploads\/2026\/09\/Aftas_recorrentes_o_que_investigar_202609011113-768x428.jpg 768w, https:\/\/www.tuasaude.com\/news\/wp-content\/uploads\/2026\/09\/Aftas_recorrentes_o_que_investigar_202609011113-750x418.jpg 750w, https:\/\/www.tuasaude.com\/news\/wp-content\/uploads\/2026\/09\/Aftas_recorrentes_o_que_investigar_202609011113-1140x636.jpg 1140w, https:\/\/www.tuasaude.com\/news\/wp-content\/uploads\/2026\/09\/Aftas_recorrentes_o_que_investigar_202609011113.jpg 1280w\" sizes=\"(max-width: 1024px) 100vw, 1024px\" \/><figcaption class=\"wp-element-caption\">Nutrientes, intestino, imunidade e exames ajudam a investigar aftas recorrentes.<\/figcaption><\/figure>\n<\/div>\n\n\n<h2 class=\"wp-block-heading\">O que dizem os estudos cient\u00edficos sobre aftas recorrentes e altera\u00e7\u00f5es no sangue?<\/h2>\n\n\n\n<p class=\"wp-block-paragraph\">A ci\u00eancia oferece dados concretos sobre a rela\u00e7\u00e3o entre aftas recorrentes e defici\u00eancias nutricionais. Segundo a revis\u00e3o sistem\u00e1tica e meta-an\u00e1lise <a href=\"https:\/\/pmc.ncbi.nlm.nih.gov\/articles\/PMC10943797\/\" target=\"_blank\" rel=\"noreferrer noopener\">Hematological parameters in patients with recurrent Aphthous Stomatitis<\/a>, publicada em 2024 na revista cient\u00edfica BMC Oral Health, pacientes com aftas recorrentes apresentam risco cerca de 2,93 vezes maior de defici\u00eancia de vitamina B12, 2,5 vezes maior de defici\u00eancia de ferritina e 2,14 vezes maior de redu\u00e7\u00e3o da hemoglobina em compara\u00e7\u00e3o com pessoas sem a condi\u00e7\u00e3o.<\/p>\n\n\n\n<p class=\"wp-block-paragraph\">Os autores refor\u00e7am que a investiga\u00e7\u00e3o laboratorial deveria fazer parte da avalia\u00e7\u00e3o de quem sofre com epis\u00f3dios repetidos, j\u00e1 que a reposi\u00e7\u00e3o orientada dos nutrientes deficientes pode reduzir de forma expressiva a frequ\u00eancia e a intensidade das les\u00f5es bucais.<\/p>\n\n\n\n<h2 class=\"wp-block-heading\">Quais condi\u00e7\u00f5es autoimunes e intestinais podem estar por tr\u00e1s das aftas?<\/h2>\n\n\n\n<p class=\"wp-block-paragraph\">Al\u00e9m das defici\u00eancias nutricionais, algumas doen\u00e7as sist\u00eamicas se manifestam com aftas recorrentes como um dos primeiros sinais. Reconhecer essa possibilidade ajuda a acelerar o diagn\u00f3stico correto.<\/p>\n\n\n\n<ul class=\"wp-block-list\">\n<li><strong>Doen\u00e7a cel\u00edaca<\/strong>: a rea\u00e7\u00e3o autoimune ao gl\u00faten pode causar m\u00e1 absor\u00e7\u00e3o de nutrientes e aftas repetidas, muitas vezes antes dos sintomas intestinais cl\u00e1ssicos da <a href=\"https:\/\/www.tuasaude.com\/doenca-celiaca\/\" target=\"_blank\" rel=\"noreferrer noopener\">doen\u00e7a cel\u00edaca<\/a>.<\/li>\n\n\n\n<li><strong>Doen\u00e7a de Crohn e retocolite ulcerativa<\/strong>: as doen\u00e7as inflamat\u00f3rias intestinais podem se manifestar com \u00falceras orais associadas a dor abdominal e altera\u00e7\u00e3o no ritmo das evacua\u00e7\u00f5es.<\/li>\n\n\n\n<li><strong>Doen\u00e7a de Beh\u00e7et<\/strong>: condi\u00e7\u00e3o autoimune que combina aftas orais frequentes com les\u00f5es genitais e altera\u00e7\u00f5es oculares.<\/li>\n\n\n\n<li><strong>L\u00fapus e outras doen\u00e7as autoimunes<\/strong>: podem provocar \u00falceras na boca junto de dores articulares, cansa\u00e7o e manchas na pele.<\/li>\n\n\n\n<li><strong>Imunodefici\u00eancias<\/strong>: quando o sistema imune est\u00e1 enfraquecido, as feridas bucais tendem a ser mais frequentes, mais profundas e demoram para cicatrizar.<\/li>\n<\/ul>\n\n\n<div class=\"wp-block-image\">\n<figure class=\"aligncenter size-large\"><img decoding=\"async\" width=\"1024\" height=\"571\" src=\"https:\/\/www.tuasaude.com\/news\/wp-content\/uploads\/2026\/09\/Woman_examining_lip_ulcer_202609011114-1024x571.jpg\" alt=\"O padr\u00e3o repetitivo das aftas pode revelar car\u00eancias ou altera\u00e7\u00f5es sist\u00eamicas.\" class=\"wp-image-106583\" srcset=\"https:\/\/www.tuasaude.com\/news\/wp-content\/uploads\/2026\/09\/Woman_examining_lip_ulcer_202609011114-1024x571.jpg 1024w, https:\/\/www.tuasaude.com\/news\/wp-content\/uploads\/2026\/09\/Woman_examining_lip_ulcer_202609011114-300x167.jpg 300w, https:\/\/www.tuasaude.com\/news\/wp-content\/uploads\/2026\/09\/Woman_examining_lip_ulcer_202609011114-768x428.jpg 768w, https:\/\/www.tuasaude.com\/news\/wp-content\/uploads\/2026\/09\/Woman_examining_lip_ulcer_202609011114-750x418.jpg 750w, https:\/\/www.tuasaude.com\/news\/wp-content\/uploads\/2026\/09\/Woman_examining_lip_ulcer_202609011114-1140x636.jpg 1140w, https:\/\/www.tuasaude.com\/news\/wp-content\/uploads\/2026\/09\/Woman_examining_lip_ulcer_202609011114.jpg 1280w\" sizes=\"(max-width: 1024px) 100vw, 1024px\" \/><figcaption class=\"wp-element-caption\">O padr\u00e3o repetitivo das aftas pode revelar car\u00eancias ou altera\u00e7\u00f5es sist\u00eamicas.<\/figcaption><\/figure>\n<\/div>\n\n\n<h2 class=\"wp-block-heading\">Quando as aftas recorrentes exigem avalia\u00e7\u00e3o m\u00e9dica mais aprofundada?<\/h2>\n\n\n\n<p class=\"wp-block-paragraph\">Nem toda afta precisa de investiga\u00e7\u00e3o, mas alguns sinais indicam que a repeti\u00e7\u00e3o pode esconder algo al\u00e9m do estresse ou de fatores locais. Fique atento especialmente \u00e0s situa\u00e7\u00f5es listadas abaixo.<\/p>\n\n\n\n<ul class=\"wp-block-list\">\n<li>Mais de tr\u00eas a seis epis\u00f3dios de aftas por ano, sempre com padr\u00e3o semelhante.<\/li>\n\n\n\n<li>Les\u00f5es grandes, profundas ou que demoram mais de duas semanas para cicatrizar.<\/li>\n\n\n\n<li>Aftas acompanhadas de diarreia, gases, perda de peso ou cansa\u00e7o sem explica\u00e7\u00e3o.<\/li>\n\n\n\n<li>Presen\u00e7a de \u00falceras em outras regi\u00f5es, como genitais, ou altera\u00e7\u00f5es oculares.<\/li>\n\n\n\n<li>Hist\u00f3rico familiar de doen\u00e7a cel\u00edaca, anemia, doen\u00e7as autoimunes ou inflamat\u00f3rias intestinais.<\/li>\n\n\n\n<li>Piora progressiva das les\u00f5es, mesmo com cuidados locais e mudan\u00e7as alimentares.<\/li>\n<\/ul>\n\n\n\n<p class=\"wp-block-paragraph\">Diante de qualquer um desses sinais, a avalia\u00e7\u00e3o por um cl\u00ednico geral, gastroenterologista, estomatologista ou dermatologista \u00e9 indispens\u00e1vel. Exames de sangue, testes sorol\u00f3gicos para doen\u00e7a cel\u00edaca e, em alguns casos, endoscopia podem ser solicitados para identificar a causa e definir o melhor tratamento, incluindo o controle de casos de <a href=\"https:\/\/www.tuasaude.com\/estomatite-aftosa\/\" target=\"_blank\" rel=\"noreferrer noopener\">estomatite aftosa<\/a> mais persistentes e a orienta\u00e7\u00e3o sobre a <a href=\"https:\/\/www.tuasaude.com\/afta-na-gengiva\/\" target=\"_blank\" rel=\"noreferrer noopener\">afta na gengiva<\/a> ou em outras \u00e1reas da boca.<\/p>\n\n\n\n<p class=\"wp-block-paragraph\"><em>Este conte\u00fado tem car\u00e1ter apenas informativo e n\u00e3o substitui a avalia\u00e7\u00e3o, o diagn\u00f3stico ou o tratamento realizados por um profissional de sa\u00fade qualificado. Procure sempre orienta\u00e7\u00e3o m\u00e9dica diante de qualquer sintoma.<\/em><\/p>\n","protected":false},"excerpt":{"rendered":"<p>Aftas isoladas s\u00e3o comuns e costumam desaparecer em poucos dias sem grande preocupa\u00e7\u00e3o, mas quando voltam sempre no mesmo padr\u00e3o, com localiza\u00e7\u00e3o parecida e epis\u00f3dios repetidos ao longo dos meses, o quadro deixa de ser apenas inc\u00f4modo local. Aftas recorrentes podem sinalizar defici\u00eancias nutricionais, altera\u00e7\u00f5es intestinais ou condi\u00e7\u00f5es autoimunes que passam despercebidas por anos. Entender [&hellip;]<\/p>\n","protected":false},"author":11,"featured_media":106581,"comment_status":"open","ping_status":"open","sticky":false,"template":"","format":"standard","meta":{"_yoast_wpseo_focuskw":"aftas recorrentes","_yoast_wpseo_title":"","_yoast_wpseo_metadesc":"Aftas recorrentes podem estar ligadas \u00e0 falta de nutrientes e altera\u00e7\u00f5es intestinais ou autoimunes. Entenda quando a repeti\u00e7\u00e3o das les\u00f5es merece investiga\u00e7\u00e3o.","jnews-multi-image_gallery":[],"jnews_single_post":{"format":"standard"},"jnews_primary_category":[],"jnews_social_meta":[],"jnews_override_counter":[],"footnotes":""},"categories":[111],"tags":[485,220,177,136],"class_list":["post-106579","post","type-post","status-publish","format-standard","has-post-thumbnail","hentry","category-saude","tag-aftas","tag-alimentacao","tag-estresse","tag-saude"],"yoast_head":"<!-- This site is optimized with the Yoast SEO plugin v26.7 - https:\/\/yoast.com\/wordpress\/plugins\/seo\/ -->\n<title>Aftas frequentes que voltam sempre no mesmo padr\u00e3o merecem investiga\u00e7\u00e3o al\u00e9m do estresse e da alimenta\u00e7\u00e3o - Tua Sa\u00fade<\/title>\n<meta name=\"description\" content=\"Aftas recorrentes podem estar ligadas \u00e0 falta de nutrientes e altera\u00e7\u00f5es intestinais ou autoimunes. Entenda quando a repeti\u00e7\u00e3o das les\u00f5es merece investiga\u00e7\u00e3o.\" \/>\n<meta name=\"robots\" content=\"index, follow, max-snippet:-1, max-image-preview:large, max-video-preview:-1\" \/>\n<link rel=\"canonical\" href=\"https:\/\/www.tuasaude.com\/news\/2026\/09\/01\/aftas-frequentes-que-voltam-sempre-no-mesmo-padrao-merecem-investigacao-alem-do-estresse-e-da-alimentacao\/\" \/>\n<meta property=\"og:locale\" content=\"pt_BR\" \/>\n<meta property=\"og:type\" content=\"article\" \/>\n<meta property=\"og:title\" content=\"Aftas frequentes que voltam sempre no mesmo padr\u00e3o merecem investiga\u00e7\u00e3o al\u00e9m do estresse e da alimenta\u00e7\u00e3o - Tua Sa\u00fade\" \/>\n<meta property=\"og:description\" content=\"Aftas recorrentes podem estar ligadas \u00e0 falta de nutrientes e altera\u00e7\u00f5es intestinais ou autoimunes. Entenda quando a repeti\u00e7\u00e3o das les\u00f5es merece investiga\u00e7\u00e3o.\" \/>\n<meta property=\"og:url\" content=\"https:\/\/www.tuasaude.com\/news\/2026\/09\/01\/aftas-frequentes-que-voltam-sempre-no-mesmo-padrao-merecem-investigacao-alem-do-estresse-e-da-alimentacao\/\" \/>\n<meta property=\"og:site_name\" content=\"Tua Sa\u00fade\" \/>\n<meta property=\"article:published_time\" content=\"2026-09-01T15:16:00+00:00\" \/>\n<meta property=\"og:image\" content=\"https:\/\/www.tuasaude.com\/news\/wp-content\/uploads\/2026\/09\/Man_touching_cheek_with_ulcer_202609011114.jpg\" \/>\n\t<meta property=\"og:image:width\" content=\"1280\" \/>\n\t<meta property=\"og:image:height\" content=\"714\" \/>\n\t<meta property=\"og:image:type\" content=\"image\/jpeg\" \/>\n<meta name=\"author\" content=\"Gessika Julia Carvalho\" \/>\n<meta name=\"twitter:card\" content=\"summary_large_image\" \/>\n<meta name=\"twitter:label1\" content=\"Escrito por\" \/>\n\t<meta name=\"twitter:data1\" content=\"Gessika Julia Carvalho\" \/>\n\t<meta name=\"twitter:label2\" content=\"Est. tempo de leitura\" \/>\n\t<meta name=\"twitter:data2\" content=\"5 minutos\" \/>\n<!-- \/ Yoast SEO plugin. -->","yoast_head_json":{"title":"Aftas frequentes que voltam sempre no mesmo padr\u00e3o merecem investiga\u00e7\u00e3o al\u00e9m do estresse e da alimenta\u00e7\u00e3o - Tua Sa\u00fade","description":"Aftas recorrentes podem estar ligadas \u00e0 falta de nutrientes e altera\u00e7\u00f5es intestinais ou autoimunes. Entenda quando a repeti\u00e7\u00e3o das les\u00f5es merece investiga\u00e7\u00e3o.","robots":{"index":"index","follow":"follow","max-snippet":"max-snippet:-1","max-image-preview":"max-image-preview:large","max-video-preview":"max-video-preview:-1"},"canonical":"https:\/\/www.tuasaude.com\/news\/2026\/09\/01\/aftas-frequentes-que-voltam-sempre-no-mesmo-padrao-merecem-investigacao-alem-do-estresse-e-da-alimentacao\/","og_locale":"pt_BR","og_type":"article","og_title":"Aftas frequentes que voltam sempre no mesmo padr\u00e3o merecem investiga\u00e7\u00e3o al\u00e9m do estresse e da alimenta\u00e7\u00e3o - Tua Sa\u00fade","og_description":"Aftas recorrentes podem estar ligadas \u00e0 falta de nutrientes e altera\u00e7\u00f5es intestinais ou autoimunes. Entenda quando a repeti\u00e7\u00e3o das les\u00f5es merece investiga\u00e7\u00e3o.","og_url":"https:\/\/www.tuasaude.com\/news\/2026\/09\/01\/aftas-frequentes-que-voltam-sempre-no-mesmo-padrao-merecem-investigacao-alem-do-estresse-e-da-alimentacao\/","og_site_name":"Tua Sa\u00fade","article_published_time":"2026-09-01T15:16:00+00:00","og_image":[{"width":1280,"height":714,"url":"https:\/\/www.tuasaude.com\/news\/wp-content\/uploads\/2026\/09\/Man_touching_cheek_with_ulcer_202609011114.jpg","type":"image\/jpeg"}],"author":"Gessika Julia Carvalho","twitter_card":"summary_large_image","twitter_misc":{"Escrito por":"Gessika Julia Carvalho","Est. tempo de leitura":"5 minutos"},"schema":{"@context":"https:\/\/schema.org","@graph":[{"@type":"Article","@id":"https:\/\/www.tuasaude.com\/news\/2026\/09\/01\/aftas-frequentes-que-voltam-sempre-no-mesmo-padrao-merecem-investigacao-alem-do-estresse-e-da-alimentacao\/#article","isPartOf":{"@id":"https:\/\/www.tuasaude.com\/news\/2026\/09\/01\/aftas-frequentes-que-voltam-sempre-no-mesmo-padrao-merecem-investigacao-alem-do-estresse-e-da-alimentacao\/"},"author":{"name":"Gessika Julia Carvalho","@id":"https:\/\/www.tuasaude.com\/news\/#\/schema\/person\/2e9df841be69ec84f5d20ddb8d273ac2"},"headline":"Aftas frequentes que voltam sempre no mesmo padr\u00e3o merecem investiga\u00e7\u00e3o al\u00e9m do estresse e da alimenta\u00e7\u00e3o","datePublished":"2026-09-01T15:16:00+00:00","mainEntityOfPage":{"@id":"https:\/\/www.tuasaude.com\/news\/2026\/09\/01\/aftas-frequentes-que-voltam-sempre-no-mesmo-padrao-merecem-investigacao-alem-do-estresse-e-da-alimentacao\/"},"wordCount":894,"commentCount":0,"image":{"@id":"https:\/\/www.tuasaude.com\/news\/2026\/09\/01\/aftas-frequentes-que-voltam-sempre-no-mesmo-padrao-merecem-investigacao-alem-do-estresse-e-da-alimentacao\/#primaryimage"},"thumbnailUrl":"https:\/\/www.tuasaude.com\/news\/wp-content\/uploads\/2026\/09\/Man_touching_cheek_with_ulcer_202609011114.jpg","keywords":["aftas","Alimenta\u00e7\u00e3o","estresse","sa\u00fade"],"articleSection":["Sa\u00fade"],"inLanguage":"pt-BR","potentialAction":[{"@type":"CommentAction","name":"Comment","target":["https:\/\/www.tuasaude.com\/news\/2026\/09\/01\/aftas-frequentes-que-voltam-sempre-no-mesmo-padrao-merecem-investigacao-alem-do-estresse-e-da-alimentacao\/#respond"]}]},{"@type":"WebPage","@id":"https:\/\/www.tuasaude.com\/news\/2026\/09\/01\/aftas-frequentes-que-voltam-sempre-no-mesmo-padrao-merecem-investigacao-alem-do-estresse-e-da-alimentacao\/","url":"https:\/\/www.tuasaude.com\/news\/2026\/09\/01\/aftas-frequentes-que-voltam-sempre-no-mesmo-padrao-merecem-investigacao-alem-do-estresse-e-da-alimentacao\/","name":"Aftas frequentes que voltam sempre no mesmo padr\u00e3o merecem investiga\u00e7\u00e3o al\u00e9m do estresse e da alimenta\u00e7\u00e3o - Tua Sa\u00fade","isPartOf":{"@id":"https:\/\/www.tuasaude.com\/news\/#website"},"primaryImageOfPage":{"@id":"https:\/\/www.tuasaude.com\/news\/2026\/09\/01\/aftas-frequentes-que-voltam-sempre-no-mesmo-padrao-merecem-investigacao-alem-do-estresse-e-da-alimentacao\/#primaryimage"},"image":{"@id":"https:\/\/www.tuasaude.com\/news\/2026\/09\/01\/aftas-frequentes-que-voltam-sempre-no-mesmo-padrao-merecem-investigacao-alem-do-estresse-e-da-alimentacao\/#primaryimage"},"thumbnailUrl":"https:\/\/www.tuasaude.com\/news\/wp-content\/uploads\/2026\/09\/Man_touching_cheek_with_ulcer_202609011114.jpg","datePublished":"2026-09-01T15:16:00+00:00","author":{"@id":"https:\/\/www.tuasaude.com\/news\/#\/schema\/person\/2e9df841be69ec84f5d20ddb8d273ac2"},"description":"Aftas recorrentes podem estar ligadas \u00e0 falta de nutrientes e altera\u00e7\u00f5es intestinais ou autoimunes. Entenda quando a repeti\u00e7\u00e3o das les\u00f5es merece investiga\u00e7\u00e3o.","breadcrumb":{"@id":"https:\/\/www.tuasaude.com\/news\/2026\/09\/01\/aftas-frequentes-que-voltam-sempre-no-mesmo-padrao-merecem-investigacao-alem-do-estresse-e-da-alimentacao\/#breadcrumb"},"inLanguage":"pt-BR","potentialAction":[{"@type":"ReadAction","target":["https:\/\/www.tuasaude.com\/news\/2026\/09\/01\/aftas-frequentes-que-voltam-sempre-no-mesmo-padrao-merecem-investigacao-alem-do-estresse-e-da-alimentacao\/"]}]},{"@type":"ImageObject","inLanguage":"pt-BR","@id":"https:\/\/www.tuasaude.com\/news\/2026\/09\/01\/aftas-frequentes-que-voltam-sempre-no-mesmo-padrao-merecem-investigacao-alem-do-estresse-e-da-alimentacao\/#primaryimage","url":"https:\/\/www.tuasaude.com\/news\/wp-content\/uploads\/2026\/09\/Man_touching_cheek_with_ulcer_202609011114.jpg","contentUrl":"https:\/\/www.tuasaude.com\/news\/wp-content\/uploads\/2026\/09\/Man_touching_cheek_with_ulcer_202609011114.jpg","width":1280,"height":714,"caption":"Aftas frequentes que voltam sempre no mesmo padr\u00e3o merecem investiga\u00e7\u00e3o al\u00e9m do estresse e da alimenta\u00e7\u00e3o"},{"@type":"BreadcrumbList","@id":"https:\/\/www.tuasaude.com\/news\/2026\/09\/01\/aftas-frequentes-que-voltam-sempre-no-mesmo-padrao-merecem-investigacao-alem-do-estresse-e-da-alimentacao\/#breadcrumb","itemListElement":[{"@type":"ListItem","position":1,"name":"In\u00edcio","item":"https:\/\/www.tuasaude.com\/news\/"},{"@type":"ListItem","position":2,"name":"Aftas frequentes que voltam sempre no mesmo padr\u00e3o merecem investiga\u00e7\u00e3o al\u00e9m do estresse e da alimenta\u00e7\u00e3o"}]},{"@type":"WebSite","@id":"https:\/\/www.tuasaude.com\/news\/#website","url":"https:\/\/www.tuasaude.com\/news\/","name":"Tua Sa\u00fade","description":"Seu site de sa\u00fade","potentialAction":[{"@type":"SearchAction","target":{"@type":"EntryPoint","urlTemplate":"https:\/\/www.tuasaude.com\/news\/?s={search_term_string}"},"query-input":{"@type":"PropertyValueSpecification","valueRequired":true,"valueName":"search_term_string"}}],"inLanguage":"pt-BR"},{"@type":"Person","@id":"https:\/\/www.tuasaude.com\/news\/#\/schema\/person\/2e9df841be69ec84f5d20ddb8d273ac2","name":"Gessika Julia Carvalho","image":{"@type":"ImageObject","inLanguage":"pt-BR","@id":"https:\/\/www.tuasaude.com\/news\/#\/schema\/person\/image\/","url":"https:\/\/secure.gravatar.com\/avatar\/0fcc8769024577fd0bc6a8b766055690f76a8e8f29dfb2a2f89cf04db8d0f2d2?s=96&d=mm&r=g","contentUrl":"https:\/\/secure.gravatar.com\/avatar\/0fcc8769024577fd0bc6a8b766055690f76a8e8f29dfb2a2f89cf04db8d0f2d2?s=96&d=mm&r=g","caption":"Gessika Julia Carvalho"},"sameAs":["https:\/\/www.tuasaude.com\/news\/"],"url":"https:\/\/www.tuasaude.com\/news\/author\/gessika-julia\/"}]}},"_links":{"self":[{"href":"https:\/\/www.tuasaude.com\/news\/wp-json\/wp\/v2\/posts\/106579","targetHints":{"allow":["GET"]}}],"collection":[{"href":"https:\/\/www.tuasaude.com\/news\/wp-json\/wp\/v2\/posts"}],"about":[{"href":"https:\/\/www.tuasaude.com\/news\/wp-json\/wp\/v2\/types\/post"}],"author":[{"embeddable":true,"href":"https:\/\/www.tuasaude.com\/news\/wp-json\/wp\/v2\/users\/11"}],"replies":[{"embeddable":true,"href":"https:\/\/www.tuasaude.com\/news\/wp-json\/wp\/v2\/comments?post=106579"}],"version-history":[{"count":1,"href":"https:\/\/www.tuasaude.com\/news\/wp-json\/wp\/v2\/posts\/106579\/revisions"}],"predecessor-version":[{"id":106584,"href":"https:\/\/www.tuasaude.com\/news\/wp-json\/wp\/v2\/posts\/106579\/revisions\/106584"}],"wp:featuredmedia":[{"embeddable":true,"href":"https:\/\/www.tuasaude.com\/news\/wp-json\/wp\/v2\/media\/106581"}],"wp:attachment":[{"href":"https:\/\/www.tuasaude.com\/news\/wp-json\/wp\/v2\/media?parent=106579"}],"wp:term":[{"taxonomy":"category","embeddable":true,"href":"https:\/\/www.tuasaude.com\/news\/wp-json\/wp\/v2\/categories?post=106579"},{"taxonomy":"post_tag","embeddable":true,"href":"https:\/\/www.tuasaude.com\/news\/wp-json\/wp\/v2\/tags?post=106579"}],"curies":[{"name":"wp","href":"https:\/\/api.w.org\/{rel}","templated":true}]}}