{"id":106531,"date":"2026-09-02T18:45:00","date_gmt":"2026-09-02T21:45:00","guid":{"rendered":"https:\/\/www.tuasaude.com\/news\/?p=106531"},"modified":"2026-09-01T03:43:29","modified_gmt":"2026-09-01T06:43:29","slug":"coracao-acelera-depois-do-cafe-quando-observar-e-quando-nao-culpar-so-a-cafeina","status":"publish","type":"post","link":"https:\/\/www.tuasaude.com\/news\/2026\/09\/02\/coracao-acelera-depois-do-cafe-quando-observar-e-quando-nao-culpar-so-a-cafeina\/","title":{"rendered":"Cora\u00e7\u00e3o acelera depois do caf\u00e9: quando observar e quando n\u00e3o culpar s\u00f3 a cafe\u00edna"},"content":{"rendered":"\n<p class=\"wp-block-paragraph\">Sentir o cora\u00e7\u00e3o acelerar depois de tomar caf\u00e9 pode acontecer porque a cafe\u00edna estimula temporariamente o sistema cardiovascular. A rela\u00e7\u00e3o entre <strong>caf\u00e9 e palpita\u00e7\u00e3o<\/strong>, por\u00e9m, varia bastante entre as pessoas, e quantidades moderadas n\u00e3o provocam arritmia em todo mundo. Quando o sintoma \u00e9 novo, frequente ou aparece sem rela\u00e7\u00e3o clara com a bebida, outras causas precisam ser consideradas.<\/p>\n\n\n\n<h2 class=\"wp-block-heading\">Por que o caf\u00e9 pode acelerar o cora\u00e7\u00e3o<\/h2>\n\n\n\n<p class=\"wp-block-paragraph\">A cafe\u00edna estimula o sistema nervoso e pode provocar aumento tempor\u00e1rio da frequ\u00eancia card\u00edaca, da press\u00e3o arterial e do estado de alerta. Algumas pessoas s\u00e3o mais sens\u00edveis e percebem <strong>batimentos fortes, r\u00e1pidos ou irregulares<\/strong> mesmo ap\u00f3s quantidades relativamente pequenas.<\/p>\n\n\n\n<p class=\"wp-block-paragraph\">Segundo a <a href=\"https:\/\/www.heart.org\/en\/news\/2026\/07\/29\/is-coffee-bad-for-your-heart-heres-the-latest-science\" target=\"_blank\" rel=\"noopener noreferrer\">American Heart Association<\/a>, a resposta \u00e0 cafe\u00edna varia conforme fatores como gen\u00e9tica, idade, condi\u00e7\u00f5es de sa\u00fade e consumo habitual. Para a maioria dos adultos, at\u00e9 400 mg de cafe\u00edna por dia \u00e9 considerada uma quantidade geralmente segura.<\/p>\n\n\n\n<h2 class=\"wp-block-heading\">O que observar quando surge a palpita\u00e7\u00e3o<\/h2>\n\n\n<div class=\"wp-block-image wp-block-image size-large\">\n<figure class=\"aligncenter\"><img decoding=\"async\" width=\"1280\" height=\"714\" src=\"https:\/\/www.tuasaude.com\/news\/wp-content\/uploads\/2026\/09\/106531_coracao-acelera-depois-do-cafe-quando-observar-e-quando-nao-_corpo.jpg\" alt=\"A cafe\u00edna pode aumentar temporariamente a frequ\u00eancia card\u00edaca e provocar sensa\u00e7\u00e3o de batimentos fortes ou r\u00e1pidos.\" class=\"wp-image-106533\" srcset=\"https:\/\/www.tuasaude.com\/news\/wp-content\/uploads\/2026\/09\/106531_coracao-acelera-depois-do-cafe-quando-observar-e-quando-nao-_corpo.jpg 1280w, https:\/\/www.tuasaude.com\/news\/wp-content\/uploads\/2026\/09\/106531_coracao-acelera-depois-do-cafe-quando-observar-e-quando-nao-_corpo-300x167.jpg 300w, https:\/\/www.tuasaude.com\/news\/wp-content\/uploads\/2026\/09\/106531_coracao-acelera-depois-do-cafe-quando-observar-e-quando-nao-_corpo-1024x571.jpg 1024w, https:\/\/www.tuasaude.com\/news\/wp-content\/uploads\/2026\/09\/106531_coracao-acelera-depois-do-cafe-quando-observar-e-quando-nao-_corpo-768x428.jpg 768w, https:\/\/www.tuasaude.com\/news\/wp-content\/uploads\/2026\/09\/106531_coracao-acelera-depois-do-cafe-quando-observar-e-quando-nao-_corpo-750x418.jpg 750w, https:\/\/www.tuasaude.com\/news\/wp-content\/uploads\/2026\/09\/106531_coracao-acelera-depois-do-cafe-quando-observar-e-quando-nao-_corpo-1140x636.jpg 1140w\" sizes=\"(max-width: 1280px) 100vw, 1280px\" \/><figcaption class=\"wp-element-caption\">A cafe\u00edna pode aumentar temporariamente a frequ\u00eancia card\u00edaca e provocar sensa\u00e7\u00e3o de batimentos fortes ou r\u00e1pidos.<\/figcaption><\/figure>\n<\/div>\n\n\n<p class=\"wp-block-paragraph\">Antes de concluir que o caf\u00e9 \u00e9 o respons\u00e1vel, vale observar o padr\u00e3o dos epis\u00f3dios por alguns dias. Essas informa\u00e7\u00f5es tamb\u00e9m podem ser \u00fateis se for necess\u00e1ria uma avalia\u00e7\u00e3o m\u00e9dica.<\/p>\n\n\n\n<ul class=\"wp-block-list\">\n<li>quantidade de caf\u00e9 consumida antes do sintoma;<\/li>\n<li>tempo entre o consumo e o in\u00edcio da <strong>palpita\u00e7\u00e3o<\/strong>;<\/li>\n<li>dura\u00e7\u00e3o e frequ\u00eancia dos epis\u00f3dios;<\/li>\n<li>uso de energ\u00e9ticos, suplementos ou outros estimulantes;<\/li>\n<li>presen\u00e7a de tontura, falta de ar ou dor no peito.<\/li>\n<\/ul>\n\n\n\n<h2 class=\"wp-block-heading\">O que um estudo mostra sobre caf\u00e9 e arritmias<\/h2>\n\n\n\n<p class=\"wp-block-paragraph\">Segundo o ensaio cl\u00ednico <a href=\"https:\/\/pubmed.ncbi.nlm.nih.gov\/36947466\/\" target=\"_blank\" rel=\"noopener noreferrer\"><em>Acute Effects of Coffee Consumption on Health among Ambulatory Adults<\/em><\/a>, publicado no <em>New England Journal of Medicine<\/em> em 2023, tomar caf\u00e9 com cafe\u00edna n\u00e3o aumentou significativamente as contra\u00e7\u00f5es atriais prematuras em compara\u00e7\u00e3o com os per\u00edodos sem cafe\u00edna.<\/p>\n\n\n\n<p class=\"wp-block-paragraph\">O estudo encontrou, por\u00e9m, mais contra\u00e7\u00f5es ventriculares prematuras nos dias de consumo. Os resultados refor\u00e7am que <strong>caf\u00e9 e palpita\u00e7\u00e3o n\u00e3o t\u00eam uma rela\u00e7\u00e3o igual para todas as pessoas<\/strong> e que perceber batimentos diferentes n\u00e3o significa automaticamente ter uma arritmia perigosa.<\/p>\n\n\n\n<h2 class=\"wp-block-heading\">Como descobrir se a cafe\u00edna \u00e9 um gatilho<\/h2>\n\n\n\n<p class=\"wp-block-paragraph\">Reduzir temporariamente a quantidade consumida pode ajudar a perceber se existe uma rela\u00e7\u00e3o consistente entre caf\u00e9 e sintomas. N\u00e3o \u00e9 necess\u00e1rio eliminar a bebida definitivamente sem antes entender o padr\u00e3o individual.<\/p>\n\n\n\n<ul class=\"wp-block-list\">\n<li>reduza a quantidade de caf\u00e9 por alguns dias;<\/li>\n<li>evite concentrar v\u00e1rias doses em pouco tempo;<\/li>\n<li>observe tamb\u00e9m cafe\u00edna presente em ch\u00e1s, energ\u00e9ticos e suplementos;<\/li>\n<li>registre quando os epis\u00f3dios come\u00e7am e quanto duram;<\/li>\n<li>evite aumentar ou suspender medicamentos por conta pr\u00f3pria.<\/li>\n<\/ul>\n\n\n<div class=\"wp-block-image wp-block-image size-large\">\n<figure class=\"aligncenter\"><img decoding=\"async\" width=\"1280\" height=\"575\" src=\"https:\/\/www.tuasaude.com\/news\/wp-content\/uploads\/2026\/09\/106531_coracao-acelera-depois-do-cafe-quando-observar-e-quando-nao-_tabela.jpg\" alt=\"Cora\u00e7\u00e3o acelerado depois do caf\u00e9: quando a cafe\u00edna pode ser o gatilho e quando investigar\" class=\"wp-image-106534\" srcset=\"https:\/\/www.tuasaude.com\/news\/wp-content\/uploads\/2026\/09\/106531_coracao-acelera-depois-do-cafe-quando-observar-e-quando-nao-_tabela.jpg 1280w, https:\/\/www.tuasaude.com\/news\/wp-content\/uploads\/2026\/09\/106531_coracao-acelera-depois-do-cafe-quando-observar-e-quando-nao-_tabela-300x135.jpg 300w, https:\/\/www.tuasaude.com\/news\/wp-content\/uploads\/2026\/09\/106531_coracao-acelera-depois-do-cafe-quando-observar-e-quando-nao-_tabela-1024x460.jpg 1024w, https:\/\/www.tuasaude.com\/news\/wp-content\/uploads\/2026\/09\/106531_coracao-acelera-depois-do-cafe-quando-observar-e-quando-nao-_tabela-768x345.jpg 768w, https:\/\/www.tuasaude.com\/news\/wp-content\/uploads\/2026\/09\/106531_coracao-acelera-depois-do-cafe-quando-observar-e-quando-nao-_tabela-750x337.jpg 750w, https:\/\/www.tuasaude.com\/news\/wp-content\/uploads\/2026\/09\/106531_coracao-acelera-depois-do-cafe-quando-observar-e-quando-nao-_tabela-1140x512.jpg 1140w\" sizes=\"(max-width: 1280px) 100vw, 1280px\" \/><figcaption class=\"wp-element-caption\">Cora\u00e7\u00e3o acelerado depois do caf\u00e9: quando a cafe\u00edna pode ser o gatilho e quando investigar<\/figcaption><\/figure>\n<\/div>\n\n\n<h2 class=\"wp-block-heading\">Quando a palpita\u00e7\u00e3o precisa ser avaliada<\/h2>\n\n\n\n<p class=\"wp-block-paragraph\">Procure um m\u00e9dico se a <a href=\"https:\/\/www.tuasaude.com\/coracao-acelerado\/\" target=\"_blank\" rel=\"noopener noreferrer\">cora\u00e7\u00e3o<\/a> for frequente, prolongada, estiver piorando ou acontecer mesmo sem consumo de cafe\u00edna. Altera\u00e7\u00f5es da tireoide, anemia, medicamentos, ansiedade e diferentes arritmias tamb\u00e9m podem provocar sensa\u00e7\u00e3o de cora\u00e7\u00e3o acelerado.<\/p>\n\n\n\n<p class=\"wp-block-paragraph\"><strong>Palpita\u00e7\u00e3o acompanhada de dor no peito, falta de ar importante, tontura intensa ou desmaio<\/strong> exige atendimento r\u00e1pido. Nesses casos, n\u00e3o \u00e9 adequado atribuir o sintoma apenas ao caf\u00e9.<\/p>\n\n\n\n<p class=\"wp-block-paragraph\"><strong>Este conte\u00fado \u00e9 apenas informativo e n\u00e3o substitui a avalia\u00e7\u00e3o, o diagn\u00f3stico ou o tratamento indicado por um m\u00e9dico.<\/strong><\/p>\n","protected":false},"excerpt":{"rendered":"<p>Sentir o cora\u00e7\u00e3o acelerar depois de tomar caf\u00e9 pode acontecer porque a cafe\u00edna estimula temporariamente o sistema cardiovascular. A rela\u00e7\u00e3o entre caf\u00e9 e palpita\u00e7\u00e3o, por\u00e9m, varia bastante entre as pessoas, e quantidades moderadas n\u00e3o provocam arritmia em todo mundo. Quando o sintoma \u00e9 novo, frequente ou aparece sem rela\u00e7\u00e3o clara com a bebida, outras causas [&hellip;]<\/p>\n","protected":false},"author":12,"featured_media":106532,"comment_status":"open","ping_status":"open","sticky":false,"template":"","format":"standard","meta":{"_yoast_wpseo_focuskw":"caf\u00e9 e palpita\u00e7\u00e3o","_yoast_wpseo_title":"","_yoast_wpseo_metadesc":"Caf\u00e9 e palpita\u00e7\u00e3o podem estar relacionados \u00e0 cafe\u00edna. Entenda o que observar, quando reduzir o consumo e quais sinais exigem avalia\u00e7\u00e3o m\u00e9dica.","jnews-multi-image_gallery":[],"jnews_single_post":[],"jnews_primary_category":[],"jnews_social_meta":[],"jnews_override_counter":[],"footnotes":""},"categories":[111],"tags":[869,1826,12835],"class_list":["post-106531","post","type-post","status-publish","format-standard","has-post-thumbnail","hentry","category-saude","tag-cafeina","tag-coracao-acelerado","tag-palpitacao-cardiaca"],"yoast_head":"<!-- This site is optimized with the Yoast SEO plugin v26.7 - https:\/\/yoast.com\/wordpress\/plugins\/seo\/ -->\n<title>Cora\u00e7\u00e3o acelera depois do caf\u00e9: quando observar e quando n\u00e3o culpar s\u00f3 a cafe\u00edna - Tua Sa\u00fade<\/title>\n<meta name=\"description\" content=\"Caf\u00e9 e palpita\u00e7\u00e3o podem estar relacionados \u00e0 cafe\u00edna. Entenda o que observar, quando reduzir o consumo e quais sinais exigem avalia\u00e7\u00e3o m\u00e9dica.\" \/>\n<meta name=\"robots\" content=\"index, follow, max-snippet:-1, max-image-preview:large, max-video-preview:-1\" \/>\n<link rel=\"canonical\" href=\"https:\/\/www.tuasaude.com\/news\/2026\/09\/02\/coracao-acelera-depois-do-cafe-quando-observar-e-quando-nao-culpar-so-a-cafeina\/\" \/>\n<meta property=\"og:locale\" content=\"pt_BR\" \/>\n<meta property=\"og:type\" content=\"article\" \/>\n<meta property=\"og:title\" content=\"Cora\u00e7\u00e3o acelera depois do caf\u00e9: quando observar e quando n\u00e3o culpar s\u00f3 a cafe\u00edna - Tua Sa\u00fade\" \/>\n<meta property=\"og:description\" content=\"Caf\u00e9 e palpita\u00e7\u00e3o podem estar relacionados \u00e0 cafe\u00edna. Entenda o que observar, quando reduzir o consumo e quais sinais exigem avalia\u00e7\u00e3o m\u00e9dica.\" \/>\n<meta property=\"og:url\" content=\"https:\/\/www.tuasaude.com\/news\/2026\/09\/02\/coracao-acelera-depois-do-cafe-quando-observar-e-quando-nao-culpar-so-a-cafeina\/\" \/>\n<meta property=\"og:site_name\" content=\"Tua Sa\u00fade\" \/>\n<meta property=\"article:published_time\" content=\"2026-09-02T21:45:00+00:00\" \/>\n<meta property=\"og:image\" content=\"https:\/\/www.tuasaude.com\/news\/wp-content\/uploads\/2026\/09\/106531_coracao-acelera-depois-do-cafe-quando-observar-e-quando-nao-_destaque.jpg\" \/>\n\t<meta property=\"og:image:width\" content=\"1280\" \/>\n\t<meta property=\"og:image:height\" content=\"714\" \/>\n\t<meta property=\"og:image:type\" content=\"image\/jpeg\" \/>\n<meta name=\"author\" content=\"Jeferson Henrique\" \/>\n<meta name=\"twitter:card\" content=\"summary_large_image\" \/>\n<meta name=\"twitter:label1\" content=\"Escrito por\" \/>\n\t<meta name=\"twitter:data1\" content=\"Jeferson Henrique\" \/>\n\t<meta name=\"twitter:label2\" content=\"Est. tempo de leitura\" \/>\n\t<meta name=\"twitter:data2\" content=\"3 minutos\" \/>\n<!-- \/ Yoast SEO plugin. -->","yoast_head_json":{"title":"Cora\u00e7\u00e3o acelera depois do caf\u00e9: quando observar e quando n\u00e3o culpar s\u00f3 a cafe\u00edna - Tua Sa\u00fade","description":"Caf\u00e9 e palpita\u00e7\u00e3o podem estar relacionados \u00e0 cafe\u00edna. Entenda o que observar, quando reduzir o consumo e quais sinais exigem avalia\u00e7\u00e3o m\u00e9dica.","robots":{"index":"index","follow":"follow","max-snippet":"max-snippet:-1","max-image-preview":"max-image-preview:large","max-video-preview":"max-video-preview:-1"},"canonical":"https:\/\/www.tuasaude.com\/news\/2026\/09\/02\/coracao-acelera-depois-do-cafe-quando-observar-e-quando-nao-culpar-so-a-cafeina\/","og_locale":"pt_BR","og_type":"article","og_title":"Cora\u00e7\u00e3o acelera depois do caf\u00e9: quando observar e quando n\u00e3o culpar s\u00f3 a cafe\u00edna - Tua Sa\u00fade","og_description":"Caf\u00e9 e palpita\u00e7\u00e3o podem estar relacionados \u00e0 cafe\u00edna. Entenda o que observar, quando reduzir o consumo e quais sinais exigem avalia\u00e7\u00e3o m\u00e9dica.","og_url":"https:\/\/www.tuasaude.com\/news\/2026\/09\/02\/coracao-acelera-depois-do-cafe-quando-observar-e-quando-nao-culpar-so-a-cafeina\/","og_site_name":"Tua Sa\u00fade","article_published_time":"2026-09-02T21:45:00+00:00","og_image":[{"width":1280,"height":714,"url":"https:\/\/www.tuasaude.com\/news\/wp-content\/uploads\/2026\/09\/106531_coracao-acelera-depois-do-cafe-quando-observar-e-quando-nao-_destaque.jpg","type":"image\/jpeg"}],"author":"Jeferson Henrique","twitter_card":"summary_large_image","twitter_misc":{"Escrito por":"Jeferson Henrique","Est. tempo de leitura":"3 minutos"},"schema":{"@context":"https:\/\/schema.org","@graph":[{"@type":"Article","@id":"https:\/\/www.tuasaude.com\/news\/2026\/09\/02\/coracao-acelera-depois-do-cafe-quando-observar-e-quando-nao-culpar-so-a-cafeina\/#article","isPartOf":{"@id":"https:\/\/www.tuasaude.com\/news\/2026\/09\/02\/coracao-acelera-depois-do-cafe-quando-observar-e-quando-nao-culpar-so-a-cafeina\/"},"author":{"name":"Jeferson Henrique","@id":"https:\/\/www.tuasaude.com\/news\/#\/schema\/person\/963d63d4e1f0c81f5f3a70ba4bcb0ef7"},"headline":"Cora\u00e7\u00e3o acelera depois do caf\u00e9: quando observar e quando n\u00e3o culpar s\u00f3 a cafe\u00edna","datePublished":"2026-09-02T21:45:00+00:00","mainEntityOfPage":{"@id":"https:\/\/www.tuasaude.com\/news\/2026\/09\/02\/coracao-acelera-depois-do-cafe-quando-observar-e-quando-nao-culpar-so-a-cafeina\/"},"wordCount":602,"commentCount":0,"image":{"@id":"https:\/\/www.tuasaude.com\/news\/2026\/09\/02\/coracao-acelera-depois-do-cafe-quando-observar-e-quando-nao-culpar-so-a-cafeina\/#primaryimage"},"thumbnailUrl":"https:\/\/www.tuasaude.com\/news\/wp-content\/uploads\/2026\/09\/106531_coracao-acelera-depois-do-cafe-quando-observar-e-quando-nao-_destaque.jpg","keywords":["cafe\u00edna","cora\u00e7\u00e3o acelerado","palpita\u00e7\u00e3o card\u00edaca"],"articleSection":["Sa\u00fade"],"inLanguage":"pt-BR","potentialAction":[{"@type":"CommentAction","name":"Comment","target":["https:\/\/www.tuasaude.com\/news\/2026\/09\/02\/coracao-acelera-depois-do-cafe-quando-observar-e-quando-nao-culpar-so-a-cafeina\/#respond"]}]},{"@type":"WebPage","@id":"https:\/\/www.tuasaude.com\/news\/2026\/09\/02\/coracao-acelera-depois-do-cafe-quando-observar-e-quando-nao-culpar-so-a-cafeina\/","url":"https:\/\/www.tuasaude.com\/news\/2026\/09\/02\/coracao-acelera-depois-do-cafe-quando-observar-e-quando-nao-culpar-so-a-cafeina\/","name":"Cora\u00e7\u00e3o acelera depois do caf\u00e9: quando observar e quando n\u00e3o culpar s\u00f3 a cafe\u00edna - Tua Sa\u00fade","isPartOf":{"@id":"https:\/\/www.tuasaude.com\/news\/#website"},"primaryImageOfPage":{"@id":"https:\/\/www.tuasaude.com\/news\/2026\/09\/02\/coracao-acelera-depois-do-cafe-quando-observar-e-quando-nao-culpar-so-a-cafeina\/#primaryimage"},"image":{"@id":"https:\/\/www.tuasaude.com\/news\/2026\/09\/02\/coracao-acelera-depois-do-cafe-quando-observar-e-quando-nao-culpar-so-a-cafeina\/#primaryimage"},"thumbnailUrl":"https:\/\/www.tuasaude.com\/news\/wp-content\/uploads\/2026\/09\/106531_coracao-acelera-depois-do-cafe-quando-observar-e-quando-nao-_destaque.jpg","datePublished":"2026-09-02T21:45:00+00:00","author":{"@id":"https:\/\/www.tuasaude.com\/news\/#\/schema\/person\/963d63d4e1f0c81f5f3a70ba4bcb0ef7"},"description":"Caf\u00e9 e palpita\u00e7\u00e3o podem estar relacionados \u00e0 cafe\u00edna. Entenda o que observar, quando reduzir o consumo e quais sinais exigem avalia\u00e7\u00e3o m\u00e9dica.","breadcrumb":{"@id":"https:\/\/www.tuasaude.com\/news\/2026\/09\/02\/coracao-acelera-depois-do-cafe-quando-observar-e-quando-nao-culpar-so-a-cafeina\/#breadcrumb"},"inLanguage":"pt-BR","potentialAction":[{"@type":"ReadAction","target":["https:\/\/www.tuasaude.com\/news\/2026\/09\/02\/coracao-acelera-depois-do-cafe-quando-observar-e-quando-nao-culpar-so-a-cafeina\/"]}]},{"@type":"ImageObject","inLanguage":"pt-BR","@id":"https:\/\/www.tuasaude.com\/news\/2026\/09\/02\/coracao-acelera-depois-do-cafe-quando-observar-e-quando-nao-culpar-so-a-cafeina\/#primaryimage","url":"https:\/\/www.tuasaude.com\/news\/wp-content\/uploads\/2026\/09\/106531_coracao-acelera-depois-do-cafe-quando-observar-e-quando-nao-_destaque.jpg","contentUrl":"https:\/\/www.tuasaude.com\/news\/wp-content\/uploads\/2026\/09\/106531_coracao-acelera-depois-do-cafe-quando-observar-e-quando-nao-_destaque.jpg","width":1280,"height":714,"caption":"Palpita\u00e7\u00e3o ap\u00f3s o caf\u00e9 pode estar ligada \u00e0 cafe\u00edna, mas epis\u00f3dios frequentes merecem investiga\u00e7\u00e3o."},{"@type":"BreadcrumbList","@id":"https:\/\/www.tuasaude.com\/news\/2026\/09\/02\/coracao-acelera-depois-do-cafe-quando-observar-e-quando-nao-culpar-so-a-cafeina\/#breadcrumb","itemListElement":[{"@type":"ListItem","position":1,"name":"In\u00edcio","item":"https:\/\/www.tuasaude.com\/news\/"},{"@type":"ListItem","position":2,"name":"Cora\u00e7\u00e3o acelera depois do caf\u00e9: quando observar e quando n\u00e3o culpar s\u00f3 a cafe\u00edna"}]},{"@type":"WebSite","@id":"https:\/\/www.tuasaude.com\/news\/#website","url":"https:\/\/www.tuasaude.com\/news\/","name":"Tua Sa\u00fade","description":"Seu site de sa\u00fade","potentialAction":[{"@type":"SearchAction","target":{"@type":"EntryPoint","urlTemplate":"https:\/\/www.tuasaude.com\/news\/?s={search_term_string}"},"query-input":{"@type":"PropertyValueSpecification","valueRequired":true,"valueName":"search_term_string"}}],"inLanguage":"pt-BR"},{"@type":"Person","@id":"https:\/\/www.tuasaude.com\/news\/#\/schema\/person\/963d63d4e1f0c81f5f3a70ba4bcb0ef7","name":"Jeferson Henrique","image":{"@type":"ImageObject","inLanguage":"pt-BR","@id":"https:\/\/www.tuasaude.com\/news\/#\/schema\/person\/image\/","url":"https:\/\/secure.gravatar.com\/avatar\/1a476a54a48eb3cdea5dd2f016708263892c6b9f5e54b641df7c65e980fd6f69?s=96&d=mm&r=g","contentUrl":"https:\/\/secure.gravatar.com\/avatar\/1a476a54a48eb3cdea5dd2f016708263892c6b9f5e54b641df7c65e980fd6f69?s=96&d=mm&r=g","caption":"Jeferson Henrique"},"sameAs":["https:\/\/www.tuasaude.com\/news\/"],"url":"https:\/\/www.tuasaude.com\/news\/author\/jeferson-henrique\/"}]}},"_links":{"self":[{"href":"https:\/\/www.tuasaude.com\/news\/wp-json\/wp\/v2\/posts\/106531","targetHints":{"allow":["GET"]}}],"collection":[{"href":"https:\/\/www.tuasaude.com\/news\/wp-json\/wp\/v2\/posts"}],"about":[{"href":"https:\/\/www.tuasaude.com\/news\/wp-json\/wp\/v2\/types\/post"}],"author":[{"embeddable":true,"href":"https:\/\/www.tuasaude.com\/news\/wp-json\/wp\/v2\/users\/12"}],"replies":[{"embeddable":true,"href":"https:\/\/www.tuasaude.com\/news\/wp-json\/wp\/v2\/comments?post=106531"}],"version-history":[{"count":2,"href":"https:\/\/www.tuasaude.com\/news\/wp-json\/wp\/v2\/posts\/106531\/revisions"}],"predecessor-version":[{"id":106536,"href":"https:\/\/www.tuasaude.com\/news\/wp-json\/wp\/v2\/posts\/106531\/revisions\/106536"}],"wp:featuredmedia":[{"embeddable":true,"href":"https:\/\/www.tuasaude.com\/news\/wp-json\/wp\/v2\/media\/106532"}],"wp:attachment":[{"href":"https:\/\/www.tuasaude.com\/news\/wp-json\/wp\/v2\/media?parent=106531"}],"wp:term":[{"taxonomy":"category","embeddable":true,"href":"https:\/\/www.tuasaude.com\/news\/wp-json\/wp\/v2\/categories?post=106531"},{"taxonomy":"post_tag","embeddable":true,"href":"https:\/\/www.tuasaude.com\/news\/wp-json\/wp\/v2\/tags?post=106531"}],"curies":[{"name":"wp","href":"https:\/\/api.w.org\/{rel}","templated":true}]}}