{"id":106526,"date":"2026-09-02T18:20:00","date_gmt":"2026-09-02T21:20:00","guid":{"rendered":"https:\/\/www.tuasaude.com\/news\/?p=106526"},"modified":"2026-09-01T03:40:21","modified_gmt":"2026-09-01T06:40:21","slug":"falta-de-ar-ao-deitar-por-que-precisar-de-mais-travesseiros-merece-atencao","status":"publish","type":"post","link":"https:\/\/www.tuasaude.com\/news\/2026\/09\/02\/falta-de-ar-ao-deitar-por-que-precisar-de-mais-travesseiros-merece-atencao\/","title":{"rendered":"Falta de ar ao deitar: por que precisar de mais travesseiros merece aten\u00e7\u00e3o"},"content":{"rendered":"\n<p class=\"wp-block-paragraph\">A <strong>falta de ar deitado<\/strong>, que melhora ao elevar o tronco ou usar mais travesseiros, \u00e9 chamada de ortopneia e merece aten\u00e7\u00e3o quando aparece de forma nova ou progressiva. Problemas do cora\u00e7\u00e3o e dos pulm\u00f5es est\u00e3o entre as poss\u00edveis causas, mas esse sintoma sozinho n\u00e3o permite identificar o diagn\u00f3stico.<\/p>\n\n\n\n<h2 class=\"wp-block-heading\">Por que respirar pode ficar mais dif\u00edcil ao deitar<\/h2>\n\n\n\n<p class=\"wp-block-paragraph\">Quando a pessoa se deita, ocorre uma redistribui\u00e7\u00e3o do sangue e dos l\u00edquidos pelo corpo. Em algumas doen\u00e7as, essa mudan\u00e7a pode aumentar a press\u00e3o nos vasos dos pulm\u00f5es e favorecer <strong>falta de ar, tosse ou sensa\u00e7\u00e3o de sufocamento<\/strong>.<\/p>\n\n\n\n<p class=\"wp-block-paragraph\">Segundo o <a href=\"https:\/\/www.nhlbi.nih.gov\/health\/heart-failure\/symptoms\" target=\"_blank\" rel=\"noopener noreferrer\">National Heart, Lung, and Blood Institute<\/a>, pessoas com insufici\u00eancia card\u00edaca podem apresentar falta de ar ao ficar totalmente deitadas. A condi\u00e7\u00e3o tamb\u00e9m pode provocar ac\u00famulo de l\u00edquido nos pulm\u00f5es e incha\u00e7o em outras partes do corpo.<\/p>\n\n\n\n<h2 class=\"wp-block-heading\">Quais sinais podem aparecer junto da falta de ar<\/h2>\n\n\n<div class=\"wp-block-image wp-block-image size-large\">\n<figure class=\"aligncenter\"><img decoding=\"async\" width=\"1280\" height=\"714\" src=\"https:\/\/www.tuasaude.com\/news\/wp-content\/uploads\/2026\/09\/106526_falta-de-ar-ao-deitar-por-que-precisar-de-mais-travesseiros-_corpo.jpg\" alt=\"Ao deitar, altera\u00e7\u00f5es na circula\u00e7\u00e3o podem favorecer falta de ar em algumas doen\u00e7as card\u00edacas e pulmonares.\" class=\"wp-image-106528\" srcset=\"https:\/\/www.tuasaude.com\/news\/wp-content\/uploads\/2026\/09\/106526_falta-de-ar-ao-deitar-por-que-precisar-de-mais-travesseiros-_corpo.jpg 1280w, https:\/\/www.tuasaude.com\/news\/wp-content\/uploads\/2026\/09\/106526_falta-de-ar-ao-deitar-por-que-precisar-de-mais-travesseiros-_corpo-300x167.jpg 300w, https:\/\/www.tuasaude.com\/news\/wp-content\/uploads\/2026\/09\/106526_falta-de-ar-ao-deitar-por-que-precisar-de-mais-travesseiros-_corpo-1024x571.jpg 1024w, https:\/\/www.tuasaude.com\/news\/wp-content\/uploads\/2026\/09\/106526_falta-de-ar-ao-deitar-por-que-precisar-de-mais-travesseiros-_corpo-768x428.jpg 768w, https:\/\/www.tuasaude.com\/news\/wp-content\/uploads\/2026\/09\/106526_falta-de-ar-ao-deitar-por-que-precisar-de-mais-travesseiros-_corpo-750x418.jpg 750w, https:\/\/www.tuasaude.com\/news\/wp-content\/uploads\/2026\/09\/106526_falta-de-ar-ao-deitar-por-que-precisar-de-mais-travesseiros-_corpo-1140x636.jpg 1140w\" sizes=\"(max-width: 1280px) 100vw, 1280px\" \/><figcaption class=\"wp-element-caption\">Ao deitar, altera\u00e7\u00f5es na circula\u00e7\u00e3o podem favorecer falta de ar em algumas doen\u00e7as card\u00edacas e pulmonares.<\/figcaption><\/figure>\n<\/div>\n\n\n<p class=\"wp-block-paragraph\">A necessidade de acrescentar travesseiros pode ser uma pista importante, principalmente quando representa uma mudan\u00e7a em rela\u00e7\u00e3o ao modo habitual de dormir. Outros sinais que merecem ser relatados ao m\u00e9dico incluem:<\/p>\n\n\n\n<ul class=\"wp-block-list\">\n<li><strong>falta de ar ao deitar<\/strong> que melhora ao sentar;<\/li>\n<li>acordar durante a noite com sensa\u00e7\u00e3o de sufocamento;<\/li>\n<li>incha\u00e7o nos p\u00e9s, tornozelos ou pernas;<\/li>\n<li>cansa\u00e7o crescente em atividades habituais;<\/li>\n<li>necessidade progressiva de dormir mais sentado.<\/li>\n<\/ul>\n\n\n\n<h2 class=\"wp-block-heading\">O que um estudo mostra sobre a ortopneia<\/h2>\n\n\n\n<p class=\"wp-block-paragraph\">Segundo o estudo <a href=\"https:\/\/pubmed.ncbi.nlm.nih.gov\/19576357\/\" target=\"_blank\" rel=\"noopener noreferrer\"><em>Value of orthopnea, paroxysmal nocturnal dyspnea, and medications in prospective population studies of incident heart failure<\/em><\/a>, publicado no <em>American Journal of Cardiology<\/em> em 2009, a ortopneia e a falta de ar noturna foram avaliadas em 5.771 adultos com 65 anos ou mais.<\/p>\n\n\n\n<p class=\"wp-block-paragraph\">Menos de 20% das pessoas que apresentavam um desses sintomas tinham insufici\u00eancia card\u00edaca confirmada no estudo. Isso refor\u00e7a que a <strong>ortopneia \u00e9 um sinal importante, mas n\u00e3o confirma insufici\u00eancia card\u00edaca sozinha<\/strong> e precisa ser interpretada junto com exame cl\u00ednico e outros achados.<\/p>\n\n\n\n<h2 class=\"wp-block-heading\">O que observar antes da consulta<\/h2>\n\n\n\n<p class=\"wp-block-paragraph\">Elevar o tronco pode aliviar temporariamente o desconforto, mas n\u00e3o deve ser a \u00fanica medida diante de um sintoma novo. Observar o padr\u00e3o da respira\u00e7\u00e3o pode fornecer informa\u00e7\u00f5es \u00fateis para a investiga\u00e7\u00e3o.<\/p>\n\n\n\n<ul class=\"wp-block-list\">\n<li>anote quando a dificuldade come\u00e7ou e se est\u00e1 piorando;<\/li>\n<li>observe quantos travesseiros passaram a ser necess\u00e1rios;<\/li>\n<li>perceba se existe falta de ar tamb\u00e9m durante esfor\u00e7os;<\/li>\n<li>observe incha\u00e7o, tosse, chiado ou ganho r\u00e1pido de peso;<\/li>\n<li>n\u00e3o atribua automaticamente o sintoma \u00e0 idade ou ao condicionamento f\u00edsico.<\/li>\n<\/ul>\n\n\n<div class=\"wp-block-image wp-block-image size-large\">\n<figure class=\"aligncenter\"><img decoding=\"async\" width=\"1280\" height=\"575\" src=\"https:\/\/www.tuasaude.com\/news\/wp-content\/uploads\/2026\/09\/106526_falta-de-ar-ao-deitar-por-que-precisar-de-mais-travesseiros-_tabela.jpg\" alt=\"Falta de ar ao deitar: quando precisar de mais travesseiros merece aten\u00e7\u00e3o\" class=\"wp-image-106529\" srcset=\"https:\/\/www.tuasaude.com\/news\/wp-content\/uploads\/2026\/09\/106526_falta-de-ar-ao-deitar-por-que-precisar-de-mais-travesseiros-_tabela.jpg 1280w, https:\/\/www.tuasaude.com\/news\/wp-content\/uploads\/2026\/09\/106526_falta-de-ar-ao-deitar-por-que-precisar-de-mais-travesseiros-_tabela-300x135.jpg 300w, https:\/\/www.tuasaude.com\/news\/wp-content\/uploads\/2026\/09\/106526_falta-de-ar-ao-deitar-por-que-precisar-de-mais-travesseiros-_tabela-1024x460.jpg 1024w, https:\/\/www.tuasaude.com\/news\/wp-content\/uploads\/2026\/09\/106526_falta-de-ar-ao-deitar-por-que-precisar-de-mais-travesseiros-_tabela-768x345.jpg 768w, https:\/\/www.tuasaude.com\/news\/wp-content\/uploads\/2026\/09\/106526_falta-de-ar-ao-deitar-por-que-precisar-de-mais-travesseiros-_tabela-750x337.jpg 750w, https:\/\/www.tuasaude.com\/news\/wp-content\/uploads\/2026\/09\/106526_falta-de-ar-ao-deitar-por-que-precisar-de-mais-travesseiros-_tabela-1140x512.jpg 1140w\" sizes=\"(max-width: 1280px) 100vw, 1280px\" \/><figcaption class=\"wp-element-caption\">Falta de ar ao deitar: quando precisar de mais travesseiros merece aten\u00e7\u00e3o<\/figcaption><\/figure>\n<\/div>\n\n\n<h2 class=\"wp-block-heading\">Quando procurar atendimento<\/h2>\n\n\n\n<p class=\"wp-block-paragraph\">Uma <a href=\"https:\/\/www.tuasaude.com\/falta-de-ar\/\" target=\"_blank\" rel=\"noopener noreferrer\">falta de ar<\/a> nova, persistente ou sem explica\u00e7\u00e3o deve ser avaliada por um m\u00e9dico. Doen\u00e7as card\u00edacas, pulmonares e outras condi\u00e7\u00f5es podem causar esse padr\u00e3o, e a investiga\u00e7\u00e3o pode incluir exame f\u00edsico e testes direcionados \u00e0 suspeita cl\u00ednica.<\/p>\n\n\n\n<p class=\"wp-block-paragraph\"><strong>Falta de ar intensa ou que surge subitamente exige atendimento imediato<\/strong>, especialmente quando h\u00e1 dor no peito, desmaio, confus\u00e3o, l\u00e1bios arroxeados ou grande dificuldade para respirar mesmo sentado.<\/p>\n\n\n\n<p class=\"wp-block-paragraph\"><strong>Este conte\u00fado \u00e9 apenas informativo e n\u00e3o substitui a avalia\u00e7\u00e3o, o diagn\u00f3stico ou o tratamento indicado por um m\u00e9dico.<\/strong><\/p>\n","protected":false},"excerpt":{"rendered":"<p>A falta de ar deitado, que melhora ao elevar o tronco ou usar mais travesseiros, \u00e9 chamada de ortopneia e merece aten\u00e7\u00e3o quando aparece de forma nova ou progressiva. Problemas do cora\u00e7\u00e3o e dos pulm\u00f5es est\u00e3o entre as poss\u00edveis causas, mas esse sintoma sozinho n\u00e3o permite identificar o diagn\u00f3stico. Por que respirar pode ficar mais [&hellip;]<\/p>\n","protected":false},"author":12,"featured_media":106527,"comment_status":"open","ping_status":"open","sticky":false,"template":"","format":"standard","meta":{"_yoast_wpseo_focuskw":"falta de ar deitado","_yoast_wpseo_title":"","_yoast_wpseo_metadesc":"Falta de ar deitado pode ser ortopneia e merece avalia\u00e7\u00e3o. Entenda causas poss\u00edveis, sinais associados e quando procurar atendimento m\u00e9dico.","jnews-multi-image_gallery":[],"jnews_single_post":[],"jnews_primary_category":[],"jnews_social_meta":[],"jnews_override_counter":[],"footnotes":""},"categories":[111],"tags":[11146,1084,9912],"class_list":["post-106526","post","type-post","status-publish","format-standard","has-post-thumbnail","hentry","category-saude","tag-falta-de-ar-noturna","tag-insuficiencia-cardiaca","tag-ortopneia"],"yoast_head":"<!-- This site is optimized with the Yoast SEO plugin v26.7 - https:\/\/yoast.com\/wordpress\/plugins\/seo\/ -->\n<title>Falta de ar ao deitar: por que precisar de mais travesseiros merece aten\u00e7\u00e3o - Tua Sa\u00fade<\/title>\n<meta name=\"description\" content=\"Falta de ar deitado pode ser ortopneia e merece avalia\u00e7\u00e3o. Entenda causas poss\u00edveis, sinais associados e quando procurar atendimento m\u00e9dico.\" \/>\n<meta name=\"robots\" content=\"index, follow, max-snippet:-1, max-image-preview:large, max-video-preview:-1\" \/>\n<link rel=\"canonical\" href=\"https:\/\/www.tuasaude.com\/news\/2026\/09\/02\/falta-de-ar-ao-deitar-por-que-precisar-de-mais-travesseiros-merece-atencao\/\" \/>\n<meta property=\"og:locale\" content=\"pt_BR\" \/>\n<meta property=\"og:type\" content=\"article\" \/>\n<meta property=\"og:title\" content=\"Falta de ar ao deitar: por que precisar de mais travesseiros merece aten\u00e7\u00e3o - Tua Sa\u00fade\" \/>\n<meta property=\"og:description\" content=\"Falta de ar deitado pode ser ortopneia e merece avalia\u00e7\u00e3o. Entenda causas poss\u00edveis, sinais associados e quando procurar atendimento m\u00e9dico.\" \/>\n<meta property=\"og:url\" content=\"https:\/\/www.tuasaude.com\/news\/2026\/09\/02\/falta-de-ar-ao-deitar-por-que-precisar-de-mais-travesseiros-merece-atencao\/\" \/>\n<meta property=\"og:site_name\" content=\"Tua Sa\u00fade\" \/>\n<meta property=\"article:published_time\" content=\"2026-09-02T21:20:00+00:00\" \/>\n<meta property=\"og:image\" content=\"https:\/\/www.tuasaude.com\/news\/wp-content\/uploads\/2026\/09\/106526_falta-de-ar-ao-deitar-por-que-precisar-de-mais-travesseiros-_destaque.jpg\" \/>\n\t<meta property=\"og:image:width\" content=\"1280\" \/>\n\t<meta property=\"og:image:height\" content=\"714\" \/>\n\t<meta property=\"og:image:type\" content=\"image\/jpeg\" \/>\n<meta name=\"author\" content=\"Jeferson Henrique\" \/>\n<meta name=\"twitter:card\" content=\"summary_large_image\" \/>\n<meta name=\"twitter:label1\" content=\"Escrito por\" \/>\n\t<meta name=\"twitter:data1\" content=\"Jeferson Henrique\" \/>\n\t<meta name=\"twitter:label2\" content=\"Est. tempo de leitura\" \/>\n\t<meta name=\"twitter:data2\" content=\"3 minutos\" \/>\n<!-- \/ Yoast SEO plugin. -->","yoast_head_json":{"title":"Falta de ar ao deitar: por que precisar de mais travesseiros merece aten\u00e7\u00e3o - Tua Sa\u00fade","description":"Falta de ar deitado pode ser ortopneia e merece avalia\u00e7\u00e3o. Entenda causas poss\u00edveis, sinais associados e quando procurar atendimento m\u00e9dico.","robots":{"index":"index","follow":"follow","max-snippet":"max-snippet:-1","max-image-preview":"max-image-preview:large","max-video-preview":"max-video-preview:-1"},"canonical":"https:\/\/www.tuasaude.com\/news\/2026\/09\/02\/falta-de-ar-ao-deitar-por-que-precisar-de-mais-travesseiros-merece-atencao\/","og_locale":"pt_BR","og_type":"article","og_title":"Falta de ar ao deitar: por que precisar de mais travesseiros merece aten\u00e7\u00e3o - Tua Sa\u00fade","og_description":"Falta de ar deitado pode ser ortopneia e merece avalia\u00e7\u00e3o. Entenda causas poss\u00edveis, sinais associados e quando procurar atendimento m\u00e9dico.","og_url":"https:\/\/www.tuasaude.com\/news\/2026\/09\/02\/falta-de-ar-ao-deitar-por-que-precisar-de-mais-travesseiros-merece-atencao\/","og_site_name":"Tua Sa\u00fade","article_published_time":"2026-09-02T21:20:00+00:00","og_image":[{"width":1280,"height":714,"url":"https:\/\/www.tuasaude.com\/news\/wp-content\/uploads\/2026\/09\/106526_falta-de-ar-ao-deitar-por-que-precisar-de-mais-travesseiros-_destaque.jpg","type":"image\/jpeg"}],"author":"Jeferson Henrique","twitter_card":"summary_large_image","twitter_misc":{"Escrito por":"Jeferson Henrique","Est. tempo de leitura":"3 minutos"},"schema":{"@context":"https:\/\/schema.org","@graph":[{"@type":"Article","@id":"https:\/\/www.tuasaude.com\/news\/2026\/09\/02\/falta-de-ar-ao-deitar-por-que-precisar-de-mais-travesseiros-merece-atencao\/#article","isPartOf":{"@id":"https:\/\/www.tuasaude.com\/news\/2026\/09\/02\/falta-de-ar-ao-deitar-por-que-precisar-de-mais-travesseiros-merece-atencao\/"},"author":{"name":"Jeferson Henrique","@id":"https:\/\/www.tuasaude.com\/news\/#\/schema\/person\/963d63d4e1f0c81f5f3a70ba4bcb0ef7"},"headline":"Falta de ar ao deitar: por que precisar de mais travesseiros merece aten\u00e7\u00e3o","datePublished":"2026-09-02T21:20:00+00:00","mainEntityOfPage":{"@id":"https:\/\/www.tuasaude.com\/news\/2026\/09\/02\/falta-de-ar-ao-deitar-por-que-precisar-de-mais-travesseiros-merece-atencao\/"},"wordCount":578,"commentCount":0,"image":{"@id":"https:\/\/www.tuasaude.com\/news\/2026\/09\/02\/falta-de-ar-ao-deitar-por-que-precisar-de-mais-travesseiros-merece-atencao\/#primaryimage"},"thumbnailUrl":"https:\/\/www.tuasaude.com\/news\/wp-content\/uploads\/2026\/09\/106526_falta-de-ar-ao-deitar-por-que-precisar-de-mais-travesseiros-_destaque.jpg","keywords":["falta de ar noturna","insufici\u00eancia card\u00edaca","ortopneia"],"articleSection":["Sa\u00fade"],"inLanguage":"pt-BR","potentialAction":[{"@type":"CommentAction","name":"Comment","target":["https:\/\/www.tuasaude.com\/news\/2026\/09\/02\/falta-de-ar-ao-deitar-por-que-precisar-de-mais-travesseiros-merece-atencao\/#respond"]}]},{"@type":"WebPage","@id":"https:\/\/www.tuasaude.com\/news\/2026\/09\/02\/falta-de-ar-ao-deitar-por-que-precisar-de-mais-travesseiros-merece-atencao\/","url":"https:\/\/www.tuasaude.com\/news\/2026\/09\/02\/falta-de-ar-ao-deitar-por-que-precisar-de-mais-travesseiros-merece-atencao\/","name":"Falta de ar ao deitar: por que precisar de mais travesseiros merece aten\u00e7\u00e3o - Tua Sa\u00fade","isPartOf":{"@id":"https:\/\/www.tuasaude.com\/news\/#website"},"primaryImageOfPage":{"@id":"https:\/\/www.tuasaude.com\/news\/2026\/09\/02\/falta-de-ar-ao-deitar-por-que-precisar-de-mais-travesseiros-merece-atencao\/#primaryimage"},"image":{"@id":"https:\/\/www.tuasaude.com\/news\/2026\/09\/02\/falta-de-ar-ao-deitar-por-que-precisar-de-mais-travesseiros-merece-atencao\/#primaryimage"},"thumbnailUrl":"https:\/\/www.tuasaude.com\/news\/wp-content\/uploads\/2026\/09\/106526_falta-de-ar-ao-deitar-por-que-precisar-de-mais-travesseiros-_destaque.jpg","datePublished":"2026-09-02T21:20:00+00:00","author":{"@id":"https:\/\/www.tuasaude.com\/news\/#\/schema\/person\/963d63d4e1f0c81f5f3a70ba4bcb0ef7"},"description":"Falta de ar deitado pode ser ortopneia e merece avalia\u00e7\u00e3o. Entenda causas poss\u00edveis, sinais associados e quando procurar atendimento m\u00e9dico.","breadcrumb":{"@id":"https:\/\/www.tuasaude.com\/news\/2026\/09\/02\/falta-de-ar-ao-deitar-por-que-precisar-de-mais-travesseiros-merece-atencao\/#breadcrumb"},"inLanguage":"pt-BR","potentialAction":[{"@type":"ReadAction","target":["https:\/\/www.tuasaude.com\/news\/2026\/09\/02\/falta-de-ar-ao-deitar-por-que-precisar-de-mais-travesseiros-merece-atencao\/"]}]},{"@type":"ImageObject","inLanguage":"pt-BR","@id":"https:\/\/www.tuasaude.com\/news\/2026\/09\/02\/falta-de-ar-ao-deitar-por-que-precisar-de-mais-travesseiros-merece-atencao\/#primaryimage","url":"https:\/\/www.tuasaude.com\/news\/wp-content\/uploads\/2026\/09\/106526_falta-de-ar-ao-deitar-por-que-precisar-de-mais-travesseiros-_destaque.jpg","contentUrl":"https:\/\/www.tuasaude.com\/news\/wp-content\/uploads\/2026\/09\/106526_falta-de-ar-ao-deitar-por-que-precisar-de-mais-travesseiros-_destaque.jpg","width":1280,"height":714,"caption":"Falta de ar ao deitar que melhora com o tronco elevado pode indicar ortopneia e merece avalia\u00e7\u00e3o."},{"@type":"BreadcrumbList","@id":"https:\/\/www.tuasaude.com\/news\/2026\/09\/02\/falta-de-ar-ao-deitar-por-que-precisar-de-mais-travesseiros-merece-atencao\/#breadcrumb","itemListElement":[{"@type":"ListItem","position":1,"name":"In\u00edcio","item":"https:\/\/www.tuasaude.com\/news\/"},{"@type":"ListItem","position":2,"name":"Falta de ar ao deitar: por que precisar de mais travesseiros merece aten\u00e7\u00e3o"}]},{"@type":"WebSite","@id":"https:\/\/www.tuasaude.com\/news\/#website","url":"https:\/\/www.tuasaude.com\/news\/","name":"Tua Sa\u00fade","description":"Seu site de sa\u00fade","potentialAction":[{"@type":"SearchAction","target":{"@type":"EntryPoint","urlTemplate":"https:\/\/www.tuasaude.com\/news\/?s={search_term_string}"},"query-input":{"@type":"PropertyValueSpecification","valueRequired":true,"valueName":"search_term_string"}}],"inLanguage":"pt-BR"},{"@type":"Person","@id":"https:\/\/www.tuasaude.com\/news\/#\/schema\/person\/963d63d4e1f0c81f5f3a70ba4bcb0ef7","name":"Jeferson Henrique","image":{"@type":"ImageObject","inLanguage":"pt-BR","@id":"https:\/\/www.tuasaude.com\/news\/#\/schema\/person\/image\/","url":"https:\/\/secure.gravatar.com\/avatar\/1a476a54a48eb3cdea5dd2f016708263892c6b9f5e54b641df7c65e980fd6f69?s=96&d=mm&r=g","contentUrl":"https:\/\/secure.gravatar.com\/avatar\/1a476a54a48eb3cdea5dd2f016708263892c6b9f5e54b641df7c65e980fd6f69?s=96&d=mm&r=g","caption":"Jeferson Henrique"},"sameAs":["https:\/\/www.tuasaude.com\/news\/"],"url":"https:\/\/www.tuasaude.com\/news\/author\/jeferson-henrique\/"}]}},"_links":{"self":[{"href":"https:\/\/www.tuasaude.com\/news\/wp-json\/wp\/v2\/posts\/106526","targetHints":{"allow":["GET"]}}],"collection":[{"href":"https:\/\/www.tuasaude.com\/news\/wp-json\/wp\/v2\/posts"}],"about":[{"href":"https:\/\/www.tuasaude.com\/news\/wp-json\/wp\/v2\/types\/post"}],"author":[{"embeddable":true,"href":"https:\/\/www.tuasaude.com\/news\/wp-json\/wp\/v2\/users\/12"}],"replies":[{"embeddable":true,"href":"https:\/\/www.tuasaude.com\/news\/wp-json\/wp\/v2\/comments?post=106526"}],"version-history":[{"count":1,"href":"https:\/\/www.tuasaude.com\/news\/wp-json\/wp\/v2\/posts\/106526\/revisions"}],"predecessor-version":[{"id":106530,"href":"https:\/\/www.tuasaude.com\/news\/wp-json\/wp\/v2\/posts\/106526\/revisions\/106530"}],"wp:featuredmedia":[{"embeddable":true,"href":"https:\/\/www.tuasaude.com\/news\/wp-json\/wp\/v2\/media\/106527"}],"wp:attachment":[{"href":"https:\/\/www.tuasaude.com\/news\/wp-json\/wp\/v2\/media?parent=106526"}],"wp:term":[{"taxonomy":"category","embeddable":true,"href":"https:\/\/www.tuasaude.com\/news\/wp-json\/wp\/v2\/categories?post=106526"},{"taxonomy":"post_tag","embeddable":true,"href":"https:\/\/www.tuasaude.com\/news\/wp-json\/wp\/v2\/tags?post=106526"}],"curies":[{"name":"wp","href":"https:\/\/api.w.org\/{rel}","templated":true}]}}