{"id":106500,"date":"2026-09-02T15:00:00","date_gmt":"2026-09-02T18:00:00","guid":{"rendered":"https:\/\/www.tuasaude.com\/news\/?p=106500"},"modified":"2026-09-01T03:28:26","modified_gmt":"2026-09-01T06:28:26","slug":"esquecer-uma-palavra-de-vez-em-quando-quando-isso-faz-parte-da-idade-e-quando-preocupa","status":"publish","type":"post","link":"https:\/\/www.tuasaude.com\/news\/2026\/09\/02\/esquecer-uma-palavra-de-vez-em-quando-quando-isso-faz-parte-da-idade-e-quando-preocupa\/","title":{"rendered":"Esquecer uma palavra de vez em quando: quando isso faz parte da idade e quando preocupa"},"content":{"rendered":"\n<p class=\"wp-block-paragraph\">Demorar um pouco para lembrar uma palavra ou esquecer onde deixou um objeto pode fazer parte do <strong>esquecimento normal<\/strong> associado ao envelhecimento, principalmente quando a informa\u00e7\u00e3o \u00e9 lembrada depois e a rotina continua preservada. O sinal merece mais aten\u00e7\u00e3o quando os lapsos se tornam frequentes, progressivos ou come\u00e7am a atrapalhar tarefas que antes eram realizadas sem dificuldade.<\/p>\n\n\n\n<h2 class=\"wp-block-heading\">Como \u00e9 o esquecimento normal com a idade<\/h2>\n\n\n\n<p class=\"wp-block-paragraph\">Com o envelhecimento, algumas informa\u00e7\u00f5es podem levar mais tempo para serem recuperadas, sem que isso represente necessariamente uma doen\u00e7a. A pessoa continua independente e geralmente consegue lembrar depois ou com alguma pista.<\/p>\n\n\n\n<p class=\"wp-block-paragraph\">Segundo o <a href=\"https:\/\/www.nia.nih.gov\/health\/memory-loss-and-forgetfulness\" target=\"_blank\" rel=\"noopener noreferrer\">National Institute on Aging<\/a>, esquecer coisas ocasionalmente pode fazer parte do envelhecimento, enquanto dificuldades que interferem nas atividades di\u00e1rias merecem investiga\u00e7\u00e3o.<\/p>\n\n\n\n<h2 class=\"wp-block-heading\">Quais situa\u00e7\u00f5es costumam ser menos preocupantes<\/h2>\n\n\n<div class=\"wp-block-image wp-block-image size-large\">\n<figure class=\"aligncenter\"><img decoding=\"async\" width=\"1280\" height=\"714\" src=\"https:\/\/www.tuasaude.com\/news\/wp-content\/uploads\/2026\/09\/106500_esquecer-uma-palavra-de-vez-em-quando-quando-isso-faz-parte-_corpo.jpg\" alt=\"Lapsos ocasionais podem ser menos preocupantes quando a mem\u00f3ria retorna e a autonomia permanece preservada.\" class=\"wp-image-106502\" srcset=\"https:\/\/www.tuasaude.com\/news\/wp-content\/uploads\/2026\/09\/106500_esquecer-uma-palavra-de-vez-em-quando-quando-isso-faz-parte-_corpo.jpg 1280w, https:\/\/www.tuasaude.com\/news\/wp-content\/uploads\/2026\/09\/106500_esquecer-uma-palavra-de-vez-em-quando-quando-isso-faz-parte-_corpo-300x167.jpg 300w, https:\/\/www.tuasaude.com\/news\/wp-content\/uploads\/2026\/09\/106500_esquecer-uma-palavra-de-vez-em-quando-quando-isso-faz-parte-_corpo-1024x571.jpg 1024w, https:\/\/www.tuasaude.com\/news\/wp-content\/uploads\/2026\/09\/106500_esquecer-uma-palavra-de-vez-em-quando-quando-isso-faz-parte-_corpo-768x428.jpg 768w, https:\/\/www.tuasaude.com\/news\/wp-content\/uploads\/2026\/09\/106500_esquecer-uma-palavra-de-vez-em-quando-quando-isso-faz-parte-_corpo-750x418.jpg 750w, https:\/\/www.tuasaude.com\/news\/wp-content\/uploads\/2026\/09\/106500_esquecer-uma-palavra-de-vez-em-quando-quando-isso-faz-parte-_corpo-1140x636.jpg 1140w\" sizes=\"(max-width: 1280px) 100vw, 1280px\" \/><figcaption class=\"wp-element-caption\">Lapsos ocasionais podem ser menos preocupantes quando a mem\u00f3ria retorna e a autonomia permanece preservada.<\/figcaption><\/figure>\n<\/div>\n\n\n<p class=\"wp-block-paragraph\">Pequenos lapsos isolados s\u00e3o diferentes de uma perda progressiva da capacidade de lidar com informa\u00e7\u00f5es. Entre os exemplos que podem acontecer no cotidiano est\u00e3o:<\/p>\n\n\n\n<ul class=\"wp-block-list\">\n<li>demorar para <strong>lembrar uma palavra ou nome<\/strong> e recordar depois;<\/li>\n<li>esquecer ocasionalmente onde colocou as chaves ou os \u00f3culos;<\/li>\n<li>confundir uma data e perceber o erro posteriormente;<\/li>\n<li>precisar de mais tempo para aprender uma tarefa nova;<\/li>\n<li>usar anota\u00e7\u00f5es ou lembretes sem perder a autonomia.<\/li>\n<\/ul>\n\n\n\n<h2 class=\"wp-block-heading\">O que um estudo mostra sobre mem\u00f3ria e envelhecimento<\/h2>\n\n\n\n<p class=\"wp-block-paragraph\">Segundo a revis\u00e3o <a href=\"https:\/\/pubmed.ncbi.nlm.nih.gov\/24094294\/\" target=\"_blank\" rel=\"noopener noreferrer\"><em>Normal cognitive aging<\/em><\/a>, publicada na <em>Clinics in Geriatric Medicine<\/em> em 2013, o envelhecimento normal pode provocar mudan\u00e7as sutis na velocidade de processamento, aten\u00e7\u00e3o e recupera\u00e7\u00e3o de informa\u00e7\u00f5es, mesmo em pessoas sem dem\u00eancia ou comprometimento cognitivo leve.<\/p>\n\n\n\n<p class=\"wp-block-paragraph\">A revis\u00e3o destaca que essas altera\u00e7\u00f5es precisam ser diferenciadas de mudan\u00e7as que comprometem o funcionamento cotidiano. Na pr\u00e1tica, o impacto sobre a independ\u00eancia \u00e9 um dos pontos importantes para distinguir um <strong>esquecimento normal<\/strong> de um problema que exige investiga\u00e7\u00e3o.<\/p>\n\n\n\n<h2 class=\"wp-block-heading\">Quais sinais merecem avalia\u00e7\u00e3o m\u00e9dica<\/h2>\n\n\n\n<p class=\"wp-block-paragraph\">A preocupa\u00e7\u00e3o aumenta quando os esquecimentos passam a interferir em tarefas habituais ou s\u00e3o percebidos com frequ\u00eancia pela pr\u00f3pria pessoa e pelos familiares. Alguns sinais importantes incluem:<\/p>\n\n\n\n<ul class=\"wp-block-list\">\n<li><strong>repetir as mesmas perguntas<\/strong> em pouco tempo;<\/li>\n<li>se perder em lugares conhecidos;<\/li>\n<li>n\u00e3o conseguir realizar tarefas que antes eram familiares;<\/li>\n<li>esquecer compromissos ou informa\u00e7\u00f5es recentes repetidamente;<\/li>\n<li>ter dificuldade crescente para organizar pagamentos, medicamentos ou compromissos.<\/li>\n<\/ul>\n\n\n<div class=\"wp-block-image wp-block-image size-large\">\n<figure class=\"aligncenter\"><img decoding=\"async\" width=\"1280\" height=\"575\" src=\"https:\/\/www.tuasaude.com\/news\/wp-content\/uploads\/2026\/09\/106500_esquecer-uma-palavra-de-vez-em-quando-quando-isso-faz-parte-_tabela.jpg\" alt=\"Esquecimento com a idade: sinais normais e quando a mem\u00f3ria merece avalia\u00e7\u00e3o\" class=\"wp-image-106503\" srcset=\"https:\/\/www.tuasaude.com\/news\/wp-content\/uploads\/2026\/09\/106500_esquecer-uma-palavra-de-vez-em-quando-quando-isso-faz-parte-_tabela.jpg 1280w, https:\/\/www.tuasaude.com\/news\/wp-content\/uploads\/2026\/09\/106500_esquecer-uma-palavra-de-vez-em-quando-quando-isso-faz-parte-_tabela-300x135.jpg 300w, https:\/\/www.tuasaude.com\/news\/wp-content\/uploads\/2026\/09\/106500_esquecer-uma-palavra-de-vez-em-quando-quando-isso-faz-parte-_tabela-1024x460.jpg 1024w, https:\/\/www.tuasaude.com\/news\/wp-content\/uploads\/2026\/09\/106500_esquecer-uma-palavra-de-vez-em-quando-quando-isso-faz-parte-_tabela-768x345.jpg 768w, https:\/\/www.tuasaude.com\/news\/wp-content\/uploads\/2026\/09\/106500_esquecer-uma-palavra-de-vez-em-quando-quando-isso-faz-parte-_tabela-750x337.jpg 750w, https:\/\/www.tuasaude.com\/news\/wp-content\/uploads\/2026\/09\/106500_esquecer-uma-palavra-de-vez-em-quando-quando-isso-faz-parte-_tabela-1140x512.jpg 1140w\" sizes=\"(max-width: 1280px) 100vw, 1280px\" \/><figcaption class=\"wp-element-caption\">Esquecimento com a idade: sinais normais e quando a mem\u00f3ria merece avalia\u00e7\u00e3o<\/figcaption><\/figure>\n<\/div>\n\n\n<h2 class=\"wp-block-heading\">Quando procurar ajuda para investigar a mem\u00f3ria<\/h2>\n\n\n\n<p class=\"wp-block-paragraph\">Uma avalia\u00e7\u00e3o m\u00e9dica \u00e9 indicada quando os lapsos est\u00e3o piorando, prejudicam a autonomia ou aparecem junto com mudan\u00e7as de comportamento, linguagem ou orienta\u00e7\u00e3o. Existem diferentes causas para <a href=\"https:\/\/www.tuasaude.com\/causas-da-perda-de-memoria\/\" target=\"_blank\" rel=\"noopener noreferrer\">perda de mem\u00f3ria<\/a>, incluindo condi\u00e7\u00f5es que podem ser trat\u00e1veis, como altera\u00e7\u00f5es do sono, efeitos de medicamentos, defici\u00eancia de vitaminas e problemas da tireoide.<\/p>\n\n\n\n<p class=\"wp-block-paragraph\">O m\u00e9dico pode avaliar a hist\u00f3ria dos sintomas, os medicamentos em uso e o desempenho cognitivo e, quando necess\u00e1rio, solicitar exames para investigar a causa. Procurar ajuda n\u00e3o significa necessariamente que exista dem\u00eancia, mas permite diferenciar mudan\u00e7as esperadas da idade de altera\u00e7\u00f5es que precisam de acompanhamento.<\/p>\n\n\n\n<p class=\"wp-block-paragraph\"><strong>Este conte\u00fado \u00e9 apenas informativo e n\u00e3o substitui a avalia\u00e7\u00e3o, o diagn\u00f3stico ou o tratamento indicado por um m\u00e9dico.<\/strong><\/p>\n","protected":false},"excerpt":{"rendered":"<p>Demorar um pouco para lembrar uma palavra ou esquecer onde deixou um objeto pode fazer parte do esquecimento normal associado ao envelhecimento, principalmente quando a informa\u00e7\u00e3o \u00e9 lembrada depois e a rotina continua preservada. O sinal merece mais aten\u00e7\u00e3o quando os lapsos se tornam frequentes, progressivos ou come\u00e7am a atrapalhar tarefas que antes eram realizadas [&hellip;]<\/p>\n","protected":false},"author":12,"featured_media":106501,"comment_status":"open","ping_status":"open","sticky":false,"template":"","format":"standard","meta":{"_yoast_wpseo_focuskw":"esquecimento normal","_yoast_wpseo_title":"","_yoast_wpseo_metadesc":"Esquecimento normal pode ocorrer com a idade. Entenda quais lapsos s\u00e3o esperados, quais sinais preocupam e quando procurar avalia\u00e7\u00e3o m\u00e9dica.","jnews-multi-image_gallery":[],"jnews_single_post":[],"jnews_primary_category":[],"jnews_social_meta":[],"jnews_override_counter":[],"footnotes":""},"categories":[111],"tags":[12935,1551,389],"class_list":["post-106500","post","type-post","status-publish","format-standard","has-post-thumbnail","hentry","category-saude","tag-envelhecimento-cognitivo","tag-lapsos-de-memoria","tag-perda-de-memoria"],"yoast_head":"<!-- This site is optimized with the Yoast SEO plugin v26.7 - https:\/\/yoast.com\/wordpress\/plugins\/seo\/ -->\n<title>Esquecer uma palavra de vez em quando: quando isso faz parte da idade e quando preocupa - Tua Sa\u00fade<\/title>\n<meta name=\"description\" content=\"Esquecimento normal pode ocorrer com a idade. Entenda quais lapsos s\u00e3o esperados, quais sinais preocupam e quando procurar avalia\u00e7\u00e3o m\u00e9dica.\" \/>\n<meta name=\"robots\" content=\"index, follow, max-snippet:-1, max-image-preview:large, max-video-preview:-1\" \/>\n<link rel=\"canonical\" href=\"https:\/\/www.tuasaude.com\/news\/2026\/09\/02\/esquecer-uma-palavra-de-vez-em-quando-quando-isso-faz-parte-da-idade-e-quando-preocupa\/\" \/>\n<meta property=\"og:locale\" content=\"pt_BR\" \/>\n<meta property=\"og:type\" content=\"article\" \/>\n<meta property=\"og:title\" content=\"Esquecer uma palavra de vez em quando: quando isso faz parte da idade e quando preocupa - Tua Sa\u00fade\" \/>\n<meta property=\"og:description\" content=\"Esquecimento normal pode ocorrer com a idade. Entenda quais lapsos s\u00e3o esperados, quais sinais preocupam e quando procurar avalia\u00e7\u00e3o m\u00e9dica.\" \/>\n<meta property=\"og:url\" content=\"https:\/\/www.tuasaude.com\/news\/2026\/09\/02\/esquecer-uma-palavra-de-vez-em-quando-quando-isso-faz-parte-da-idade-e-quando-preocupa\/\" \/>\n<meta property=\"og:site_name\" content=\"Tua Sa\u00fade\" \/>\n<meta property=\"article:published_time\" content=\"2026-09-02T18:00:00+00:00\" \/>\n<meta property=\"og:image\" content=\"https:\/\/www.tuasaude.com\/news\/wp-content\/uploads\/2026\/09\/106500_esquecer-uma-palavra-de-vez-em-quando-quando-isso-faz-parte-_destaque.jpg\" \/>\n\t<meta property=\"og:image:width\" content=\"1280\" \/>\n\t<meta property=\"og:image:height\" content=\"714\" \/>\n\t<meta property=\"og:image:type\" content=\"image\/jpeg\" \/>\n<meta name=\"author\" content=\"Jeferson Henrique\" \/>\n<meta name=\"twitter:card\" content=\"summary_large_image\" \/>\n<meta name=\"twitter:label1\" content=\"Escrito por\" \/>\n\t<meta name=\"twitter:data1\" content=\"Jeferson Henrique\" \/>\n\t<meta name=\"twitter:label2\" content=\"Est. tempo de leitura\" \/>\n\t<meta name=\"twitter:data2\" content=\"3 minutos\" \/>\n<!-- \/ Yoast SEO plugin. -->","yoast_head_json":{"title":"Esquecer uma palavra de vez em quando: quando isso faz parte da idade e quando preocupa - Tua Sa\u00fade","description":"Esquecimento normal pode ocorrer com a idade. Entenda quais lapsos s\u00e3o esperados, quais sinais preocupam e quando procurar avalia\u00e7\u00e3o m\u00e9dica.","robots":{"index":"index","follow":"follow","max-snippet":"max-snippet:-1","max-image-preview":"max-image-preview:large","max-video-preview":"max-video-preview:-1"},"canonical":"https:\/\/www.tuasaude.com\/news\/2026\/09\/02\/esquecer-uma-palavra-de-vez-em-quando-quando-isso-faz-parte-da-idade-e-quando-preocupa\/","og_locale":"pt_BR","og_type":"article","og_title":"Esquecer uma palavra de vez em quando: quando isso faz parte da idade e quando preocupa - Tua Sa\u00fade","og_description":"Esquecimento normal pode ocorrer com a idade. Entenda quais lapsos s\u00e3o esperados, quais sinais preocupam e quando procurar avalia\u00e7\u00e3o m\u00e9dica.","og_url":"https:\/\/www.tuasaude.com\/news\/2026\/09\/02\/esquecer-uma-palavra-de-vez-em-quando-quando-isso-faz-parte-da-idade-e-quando-preocupa\/","og_site_name":"Tua Sa\u00fade","article_published_time":"2026-09-02T18:00:00+00:00","og_image":[{"width":1280,"height":714,"url":"https:\/\/www.tuasaude.com\/news\/wp-content\/uploads\/2026\/09\/106500_esquecer-uma-palavra-de-vez-em-quando-quando-isso-faz-parte-_destaque.jpg","type":"image\/jpeg"}],"author":"Jeferson Henrique","twitter_card":"summary_large_image","twitter_misc":{"Escrito por":"Jeferson Henrique","Est. tempo de leitura":"3 minutos"},"schema":{"@context":"https:\/\/schema.org","@graph":[{"@type":"Article","@id":"https:\/\/www.tuasaude.com\/news\/2026\/09\/02\/esquecer-uma-palavra-de-vez-em-quando-quando-isso-faz-parte-da-idade-e-quando-preocupa\/#article","isPartOf":{"@id":"https:\/\/www.tuasaude.com\/news\/2026\/09\/02\/esquecer-uma-palavra-de-vez-em-quando-quando-isso-faz-parte-da-idade-e-quando-preocupa\/"},"author":{"name":"Jeferson Henrique","@id":"https:\/\/www.tuasaude.com\/news\/#\/schema\/person\/963d63d4e1f0c81f5f3a70ba4bcb0ef7"},"headline":"Esquecer uma palavra de vez em quando: quando isso faz parte da idade e quando preocupa","datePublished":"2026-09-02T18:00:00+00:00","mainEntityOfPage":{"@id":"https:\/\/www.tuasaude.com\/news\/2026\/09\/02\/esquecer-uma-palavra-de-vez-em-quando-quando-isso-faz-parte-da-idade-e-quando-preocupa\/"},"wordCount":566,"commentCount":0,"image":{"@id":"https:\/\/www.tuasaude.com\/news\/2026\/09\/02\/esquecer-uma-palavra-de-vez-em-quando-quando-isso-faz-parte-da-idade-e-quando-preocupa\/#primaryimage"},"thumbnailUrl":"https:\/\/www.tuasaude.com\/news\/wp-content\/uploads\/2026\/09\/106500_esquecer-uma-palavra-de-vez-em-quando-quando-isso-faz-parte-_destaque.jpg","keywords":["envelhecimento cognitivo","lapsos de mem\u00f3ria","perda de mem\u00f3ria"],"articleSection":["Sa\u00fade"],"inLanguage":"pt-BR","potentialAction":[{"@type":"CommentAction","name":"Comment","target":["https:\/\/www.tuasaude.com\/news\/2026\/09\/02\/esquecer-uma-palavra-de-vez-em-quando-quando-isso-faz-parte-da-idade-e-quando-preocupa\/#respond"]}]},{"@type":"WebPage","@id":"https:\/\/www.tuasaude.com\/news\/2026\/09\/02\/esquecer-uma-palavra-de-vez-em-quando-quando-isso-faz-parte-da-idade-e-quando-preocupa\/","url":"https:\/\/www.tuasaude.com\/news\/2026\/09\/02\/esquecer-uma-palavra-de-vez-em-quando-quando-isso-faz-parte-da-idade-e-quando-preocupa\/","name":"Esquecer uma palavra de vez em quando: quando isso faz parte da idade e quando preocupa - Tua Sa\u00fade","isPartOf":{"@id":"https:\/\/www.tuasaude.com\/news\/#website"},"primaryImageOfPage":{"@id":"https:\/\/www.tuasaude.com\/news\/2026\/09\/02\/esquecer-uma-palavra-de-vez-em-quando-quando-isso-faz-parte-da-idade-e-quando-preocupa\/#primaryimage"},"image":{"@id":"https:\/\/www.tuasaude.com\/news\/2026\/09\/02\/esquecer-uma-palavra-de-vez-em-quando-quando-isso-faz-parte-da-idade-e-quando-preocupa\/#primaryimage"},"thumbnailUrl":"https:\/\/www.tuasaude.com\/news\/wp-content\/uploads\/2026\/09\/106500_esquecer-uma-palavra-de-vez-em-quando-quando-isso-faz-parte-_destaque.jpg","datePublished":"2026-09-02T18:00:00+00:00","author":{"@id":"https:\/\/www.tuasaude.com\/news\/#\/schema\/person\/963d63d4e1f0c81f5f3a70ba4bcb0ef7"},"description":"Esquecimento normal pode ocorrer com a idade. Entenda quais lapsos s\u00e3o esperados, quais sinais preocupam e quando procurar avalia\u00e7\u00e3o m\u00e9dica.","breadcrumb":{"@id":"https:\/\/www.tuasaude.com\/news\/2026\/09\/02\/esquecer-uma-palavra-de-vez-em-quando-quando-isso-faz-parte-da-idade-e-quando-preocupa\/#breadcrumb"},"inLanguage":"pt-BR","potentialAction":[{"@type":"ReadAction","target":["https:\/\/www.tuasaude.com\/news\/2026\/09\/02\/esquecer-uma-palavra-de-vez-em-quando-quando-isso-faz-parte-da-idade-e-quando-preocupa\/"]}]},{"@type":"ImageObject","inLanguage":"pt-BR","@id":"https:\/\/www.tuasaude.com\/news\/2026\/09\/02\/esquecer-uma-palavra-de-vez-em-quando-quando-isso-faz-parte-da-idade-e-quando-preocupa\/#primaryimage","url":"https:\/\/www.tuasaude.com\/news\/wp-content\/uploads\/2026\/09\/106500_esquecer-uma-palavra-de-vez-em-quando-quando-isso-faz-parte-_destaque.jpg","contentUrl":"https:\/\/www.tuasaude.com\/news\/wp-content\/uploads\/2026\/09\/106500_esquecer-uma-palavra-de-vez-em-quando-quando-isso-faz-parte-_destaque.jpg","width":1280,"height":714,"caption":"Demorar para lembrar uma palavra ocasionalmente pode fazer parte do envelhecimento normal."},{"@type":"BreadcrumbList","@id":"https:\/\/www.tuasaude.com\/news\/2026\/09\/02\/esquecer-uma-palavra-de-vez-em-quando-quando-isso-faz-parte-da-idade-e-quando-preocupa\/#breadcrumb","itemListElement":[{"@type":"ListItem","position":1,"name":"In\u00edcio","item":"https:\/\/www.tuasaude.com\/news\/"},{"@type":"ListItem","position":2,"name":"Esquecer uma palavra de vez em quando: quando isso faz parte da idade e quando preocupa"}]},{"@type":"WebSite","@id":"https:\/\/www.tuasaude.com\/news\/#website","url":"https:\/\/www.tuasaude.com\/news\/","name":"Tua Sa\u00fade","description":"Seu site de sa\u00fade","potentialAction":[{"@type":"SearchAction","target":{"@type":"EntryPoint","urlTemplate":"https:\/\/www.tuasaude.com\/news\/?s={search_term_string}"},"query-input":{"@type":"PropertyValueSpecification","valueRequired":true,"valueName":"search_term_string"}}],"inLanguage":"pt-BR"},{"@type":"Person","@id":"https:\/\/www.tuasaude.com\/news\/#\/schema\/person\/963d63d4e1f0c81f5f3a70ba4bcb0ef7","name":"Jeferson Henrique","image":{"@type":"ImageObject","inLanguage":"pt-BR","@id":"https:\/\/www.tuasaude.com\/news\/#\/schema\/person\/image\/","url":"https:\/\/secure.gravatar.com\/avatar\/1a476a54a48eb3cdea5dd2f016708263892c6b9f5e54b641df7c65e980fd6f69?s=96&d=mm&r=g","contentUrl":"https:\/\/secure.gravatar.com\/avatar\/1a476a54a48eb3cdea5dd2f016708263892c6b9f5e54b641df7c65e980fd6f69?s=96&d=mm&r=g","caption":"Jeferson Henrique"},"sameAs":["https:\/\/www.tuasaude.com\/news\/"],"url":"https:\/\/www.tuasaude.com\/news\/author\/jeferson-henrique\/"}]}},"_links":{"self":[{"href":"https:\/\/www.tuasaude.com\/news\/wp-json\/wp\/v2\/posts\/106500","targetHints":{"allow":["GET"]}}],"collection":[{"href":"https:\/\/www.tuasaude.com\/news\/wp-json\/wp\/v2\/posts"}],"about":[{"href":"https:\/\/www.tuasaude.com\/news\/wp-json\/wp\/v2\/types\/post"}],"author":[{"embeddable":true,"href":"https:\/\/www.tuasaude.com\/news\/wp-json\/wp\/v2\/users\/12"}],"replies":[{"embeddable":true,"href":"https:\/\/www.tuasaude.com\/news\/wp-json\/wp\/v2\/comments?post=106500"}],"version-history":[{"count":2,"href":"https:\/\/www.tuasaude.com\/news\/wp-json\/wp\/v2\/posts\/106500\/revisions"}],"predecessor-version":[{"id":106505,"href":"https:\/\/www.tuasaude.com\/news\/wp-json\/wp\/v2\/posts\/106500\/revisions\/106505"}],"wp:featuredmedia":[{"embeddable":true,"href":"https:\/\/www.tuasaude.com\/news\/wp-json\/wp\/v2\/media\/106501"}],"wp:attachment":[{"href":"https:\/\/www.tuasaude.com\/news\/wp-json\/wp\/v2\/media?parent=106500"}],"wp:term":[{"taxonomy":"category","embeddable":true,"href":"https:\/\/www.tuasaude.com\/news\/wp-json\/wp\/v2\/categories?post=106500"},{"taxonomy":"post_tag","embeddable":true,"href":"https:\/\/www.tuasaude.com\/news\/wp-json\/wp\/v2\/tags?post=106500"}],"curies":[{"name":"wp","href":"https:\/\/api.w.org\/{rel}","templated":true}]}}