{"id":106485,"date":"2026-09-02T12:55:00","date_gmt":"2026-09-02T15:55:00","guid":{"rendered":"https:\/\/www.tuasaude.com\/news\/?p=106485"},"modified":"2026-09-01T03:20:29","modified_gmt":"2026-09-01T06:20:29","slug":"olhos-ardendo-no-fim-do-dia-por-que-tela-e-ar-condicionado-podem-piorar","status":"publish","type":"post","link":"https:\/\/www.tuasaude.com\/news\/2026\/09\/02\/olhos-ardendo-no-fim-do-dia-por-que-tela-e-ar-condicionado-podem-piorar\/","title":{"rendered":"Olhos ardendo no fim do dia: por que tela e ar-condicionado podem piorar"},"content":{"rendered":"\n<p class=\"wp-block-paragraph\">Olhos ardendo, sensa\u00e7\u00e3o de areia, vermelhid\u00e3o ou vis\u00e3o emba\u00e7ada no fim do dia podem estar relacionados a <strong>olhos secos<\/strong>. O desconforto tende a aumentar ap\u00f3s muitas horas diante de telas ou em ambientes com ar-condicionado, porque esses fatores favorecem a evapora\u00e7\u00e3o das l\u00e1grimas e reduzem a lubrifica\u00e7\u00e3o da superf\u00edcie ocular.<\/p>\n\n\n\n<h2 class=\"wp-block-heading\">Por que os olhos secos ardem mais no fim do dia<\/h2>\n\n\n\n<p class=\"wp-block-paragraph\">As l\u00e1grimas formam uma pel\u00edcula que mant\u00e9m a superf\u00edcie dos olhos \u00famida e protegida. Quando s\u00e3o produzidas em quantidade insuficiente ou evaporam r\u00e1pido demais, podem surgir <strong>ardor, vermelhid\u00e3o, sensa\u00e7\u00e3o de areia e vis\u00e3o emba\u00e7ada<\/strong>.<\/p>\n\n\n\n<p class=\"wp-block-paragraph\">Segundo o <a href=\"https:\/\/www.nei.nih.gov\/eye-health-information\/eye-conditions-and-diseases\/dry-eye\" target=\"_blank\" rel=\"noopener noreferrer\">National Eye Institute<\/a>, o olho seco se torna mais comum a partir dos 50 anos. O instituto tamb\u00e9m destaca que longos per\u00edodos diante de computadores, tablets e celulares podem favorecer o problema.<\/p>\n\n\n\n<h2 class=\"wp-block-heading\">Como tela e ar-condicionado pioram o desconforto<\/h2>\n\n\n<div class=\"wp-block-image wp-block-image size-large\">\n<figure class=\"aligncenter\"><img decoding=\"async\" width=\"1280\" height=\"714\" src=\"https:\/\/www.tuasaude.com\/news\/wp-content\/uploads\/2026\/09\/106485_olhos-ardendo-no-fim-do-dia-por-que-tela-e-ar-condicionado-p_corpo.jpg\" alt=\"Menos piscadas e maior evapora\u00e7\u00e3o das l\u00e1grimas podem favorecer ardor, ressecamento e vis\u00e3o emba\u00e7ada.\" class=\"wp-image-106487\" srcset=\"https:\/\/www.tuasaude.com\/news\/wp-content\/uploads\/2026\/09\/106485_olhos-ardendo-no-fim-do-dia-por-que-tela-e-ar-condicionado-p_corpo.jpg 1280w, https:\/\/www.tuasaude.com\/news\/wp-content\/uploads\/2026\/09\/106485_olhos-ardendo-no-fim-do-dia-por-que-tela-e-ar-condicionado-p_corpo-300x167.jpg 300w, https:\/\/www.tuasaude.com\/news\/wp-content\/uploads\/2026\/09\/106485_olhos-ardendo-no-fim-do-dia-por-que-tela-e-ar-condicionado-p_corpo-1024x571.jpg 1024w, https:\/\/www.tuasaude.com\/news\/wp-content\/uploads\/2026\/09\/106485_olhos-ardendo-no-fim-do-dia-por-que-tela-e-ar-condicionado-p_corpo-768x428.jpg 768w, https:\/\/www.tuasaude.com\/news\/wp-content\/uploads\/2026\/09\/106485_olhos-ardendo-no-fim-do-dia-por-que-tela-e-ar-condicionado-p_corpo-750x418.jpg 750w, https:\/\/www.tuasaude.com\/news\/wp-content\/uploads\/2026\/09\/106485_olhos-ardendo-no-fim-do-dia-por-que-tela-e-ar-condicionado-p_corpo-1140x636.jpg 1140w\" sizes=\"(max-width: 1280px) 100vw, 1280px\" \/><figcaption class=\"wp-element-caption\">Menos piscadas e maior evapora\u00e7\u00e3o das l\u00e1grimas podem favorecer ardor, ressecamento e vis\u00e3o emba\u00e7ada.<\/figcaption><\/figure>\n<\/div>\n\n\n<p class=\"wp-block-paragraph\">Ao prestar aten\u00e7\u00e3o em uma tela, \u00e9 comum piscar menos ou n\u00e3o completar totalmente algumas piscadas. Isso reduz a redistribui\u00e7\u00e3o das l\u00e1grimas sobre o olho, enquanto o ar seco e climatizado acelera sua evapora\u00e7\u00e3o.<\/p>\n\n\n\n<ul class=\"wp-block-list\">\n<li>uso prolongado de computador, celular ou tablet;<\/li>\n<li><strong>piscadas menos frequentes ou incompletas<\/strong>;<\/li>\n<li>ar-condicionado direcionado para o rosto;<\/li>\n<li>ambientes com baixa umidade;<\/li>\n<li>vento, fuma\u00e7a e outros irritantes.<\/li>\n<\/ul>\n\n\n\n<h2 class=\"wp-block-heading\">O que um estudo cient\u00edfico mostra sobre as telas<\/h2>\n\n\n\n<p class=\"wp-block-paragraph\">Segundo a revis\u00e3o <a href=\"https:\/\/pubmed.ncbi.nlm.nih.gov\/33181547\/\" target=\"_blank\" rel=\"noopener noreferrer\"><em>Digital Screen Use and Dry Eye: A Review<\/em><\/a>, publicada no <em>Asia-Pacific Journal of Ophthalmology<\/em> em 2020, o uso prolongado de telas est\u00e1 associado a sintomas como <strong>ressecamento, ardor e vis\u00e3o emba\u00e7ada<\/strong>, e altera\u00e7\u00f5es na frequ\u00eancia e na qualidade das piscadas est\u00e3o entre os mecanismos envolvidos.<\/p>\n\n\n\n<p class=\"wp-block-paragraph\">A revis\u00e3o ajuda a explicar por que o inc\u00f4modo pode aumentar ap\u00f3s v\u00e1rias horas de trabalho ou lazer diante de dispositivos digitais. Quem j\u00e1 apresenta olho seco pode perceber os sintomas ainda mais facilmente nesses ambientes.<\/p>\n\n\n\n<h2 class=\"wp-block-heading\">O que pode aliviar os olhos no dia a dia<\/h2>\n\n\n\n<p class=\"wp-block-paragraph\">Diminuir a evapora\u00e7\u00e3o das l\u00e1grimas e permitir que os olhos pisquem normalmente pode aliviar quadros leves. Esses cuidados tamb\u00e9m s\u00e3o \u00fateis para quem j\u00e1 apresenta sintomas de <a href=\"https:\/\/www.tuasaude.com\/sindrome-do-olho-seco\/\" target=\"_blank\" rel=\"noopener noreferrer\">s\u00edndrome do olho seco<\/a>.<\/p>\n\n\n\n<ul class=\"wp-block-list\">\n<li>fa\u00e7a pausas regulares durante o uso de telas;<\/li>\n<li>lembre-se de piscar completamente durante atividades prolongadas;<\/li>\n<li>evite deixar o fluxo do ar-condicionado diretamente nos olhos;<\/li>\n<li>aumente a umidade do ambiente quando o ar estiver muito seco;<\/li>\n<li>procure orienta\u00e7\u00e3o antes de usar col\u00edrios repetidamente por conta pr\u00f3pria.<\/li>\n<\/ul>\n\n\n<div class=\"wp-block-image wp-block-image size-large\">\n<figure class=\"aligncenter\"><img decoding=\"async\" width=\"1280\" height=\"575\" src=\"https:\/\/www.tuasaude.com\/news\/wp-content\/uploads\/2026\/09\/106485_olhos-ardendo-no-fim-do-dia-por-que-tela-e-ar-condicionado-p_tabela.jpg\" alt=\"Olhos ardendo no fim do dia: como telas e ar-condicionado podem piorar o olho seco\" class=\"wp-image-106488\" srcset=\"https:\/\/www.tuasaude.com\/news\/wp-content\/uploads\/2026\/09\/106485_olhos-ardendo-no-fim-do-dia-por-que-tela-e-ar-condicionado-p_tabela.jpg 1280w, https:\/\/www.tuasaude.com\/news\/wp-content\/uploads\/2026\/09\/106485_olhos-ardendo-no-fim-do-dia-por-que-tela-e-ar-condicionado-p_tabela-300x135.jpg 300w, https:\/\/www.tuasaude.com\/news\/wp-content\/uploads\/2026\/09\/106485_olhos-ardendo-no-fim-do-dia-por-que-tela-e-ar-condicionado-p_tabela-1024x460.jpg 1024w, https:\/\/www.tuasaude.com\/news\/wp-content\/uploads\/2026\/09\/106485_olhos-ardendo-no-fim-do-dia-por-que-tela-e-ar-condicionado-p_tabela-768x345.jpg 768w, https:\/\/www.tuasaude.com\/news\/wp-content\/uploads\/2026\/09\/106485_olhos-ardendo-no-fim-do-dia-por-que-tela-e-ar-condicionado-p_tabela-750x337.jpg 750w, https:\/\/www.tuasaude.com\/news\/wp-content\/uploads\/2026\/09\/106485_olhos-ardendo-no-fim-do-dia-por-que-tela-e-ar-condicionado-p_tabela-1140x512.jpg 1140w\" sizes=\"(max-width: 1280px) 100vw, 1280px\" \/><figcaption class=\"wp-element-caption\">Olhos ardendo no fim do dia: como telas e ar-condicionado podem piorar o olho seco<\/figcaption><\/figure>\n<\/div>\n\n\n<h2 class=\"wp-block-heading\">Quando procurar um oftalmologista<\/h2>\n\n\n\n<p class=\"wp-block-paragraph\">\u00c9 recomend\u00e1vel realizar um exame oftalmol\u00f3gico quando o <strong>ardor persiste, acontece com frequ\u00eancia ou interfere na leitura e no trabalho<\/strong>. Outras condi\u00e7\u00f5es oculares tamb\u00e9m podem causar vermelhid\u00e3o, desconforto e vis\u00e3o emba\u00e7ada e precisam ser diferenciadas.<\/p>\n\n\n\n<p class=\"wp-block-paragraph\"><strong>Dor ocular forte, piora importante ou s\u00fabita da vis\u00e3o, olho muito vermelho ou sintomas ap\u00f3s trauma<\/strong> justificam avalia\u00e7\u00e3o r\u00e1pida. Esses sinais n\u00e3o devem ser atribu\u00eddos apenas ao cansa\u00e7o das telas.<\/p>\n\n\n\n<p class=\"wp-block-paragraph\"><strong>Este conte\u00fado \u00e9 apenas informativo e n\u00e3o substitui a avalia\u00e7\u00e3o, o diagn\u00f3stico ou o tratamento indicado por um m\u00e9dico.<\/strong><\/p>\n","protected":false},"excerpt":{"rendered":"<p>Olhos ardendo, sensa\u00e7\u00e3o de areia, vermelhid\u00e3o ou vis\u00e3o emba\u00e7ada no fim do dia podem estar relacionados a olhos secos. O desconforto tende a aumentar ap\u00f3s muitas horas diante de telas ou em ambientes com ar-condicionado, porque esses fatores favorecem a evapora\u00e7\u00e3o das l\u00e1grimas e reduzem a lubrifica\u00e7\u00e3o da superf\u00edcie ocular. Por que os olhos secos [&hellip;]<\/p>\n","protected":false},"author":12,"featured_media":106486,"comment_status":"open","ping_status":"open","sticky":false,"template":"","format":"standard","meta":{"_yoast_wpseo_focuskw":"olhos secos","_yoast_wpseo_title":"","_yoast_wpseo_metadesc":"Olhos secos podem causar ardor no fim do dia. Entenda como telas e ar-condicionado pioram o ressecamento e quando procurar um oftalmologista.","jnews-multi-image_gallery":[],"jnews_single_post":[],"jnews_primary_category":[],"jnews_social_meta":[],"jnews_override_counter":[],"footnotes":""},"categories":[111],"tags":[11150,1123,12934],"class_list":["post-106485","post","type-post","status-publish","format-standard","has-post-thumbnail","hentry","category-saude","tag-ardor-nos-olhos","tag-olho-seco","tag-uso-de-telas"],"yoast_head":"<!-- This site is optimized with the Yoast SEO plugin v26.7 - https:\/\/yoast.com\/wordpress\/plugins\/seo\/ -->\n<title>Olhos ardendo no fim do dia: por que tela e ar-condicionado podem piorar - Tua Sa\u00fade<\/title>\n<meta name=\"description\" content=\"Olhos secos podem causar ardor no fim do dia. Entenda como telas e ar-condicionado pioram o ressecamento e quando procurar um oftalmologista.\" \/>\n<meta name=\"robots\" content=\"index, follow, max-snippet:-1, max-image-preview:large, max-video-preview:-1\" \/>\n<link rel=\"canonical\" href=\"https:\/\/www.tuasaude.com\/news\/2026\/09\/02\/olhos-ardendo-no-fim-do-dia-por-que-tela-e-ar-condicionado-podem-piorar\/\" \/>\n<meta property=\"og:locale\" content=\"pt_BR\" \/>\n<meta property=\"og:type\" content=\"article\" \/>\n<meta property=\"og:title\" content=\"Olhos ardendo no fim do dia: por que tela e ar-condicionado podem piorar - Tua Sa\u00fade\" \/>\n<meta property=\"og:description\" content=\"Olhos secos podem causar ardor no fim do dia. Entenda como telas e ar-condicionado pioram o ressecamento e quando procurar um oftalmologista.\" \/>\n<meta property=\"og:url\" content=\"https:\/\/www.tuasaude.com\/news\/2026\/09\/02\/olhos-ardendo-no-fim-do-dia-por-que-tela-e-ar-condicionado-podem-piorar\/\" \/>\n<meta property=\"og:site_name\" content=\"Tua Sa\u00fade\" \/>\n<meta property=\"article:published_time\" content=\"2026-09-02T15:55:00+00:00\" \/>\n<meta property=\"og:image\" content=\"https:\/\/www.tuasaude.com\/news\/wp-content\/uploads\/2026\/09\/106485_olhos-ardendo-no-fim-do-dia-por-que-tela-e-ar-condicionado-p_destaque.jpg\" \/>\n\t<meta property=\"og:image:width\" content=\"1280\" \/>\n\t<meta property=\"og:image:height\" content=\"714\" \/>\n\t<meta property=\"og:image:type\" content=\"image\/jpeg\" \/>\n<meta name=\"author\" content=\"Jeferson Henrique\" \/>\n<meta name=\"twitter:card\" content=\"summary_large_image\" \/>\n<meta name=\"twitter:label1\" content=\"Escrito por\" \/>\n\t<meta name=\"twitter:data1\" content=\"Jeferson Henrique\" \/>\n\t<meta name=\"twitter:label2\" content=\"Est. tempo de leitura\" \/>\n\t<meta name=\"twitter:data2\" content=\"3 minutos\" \/>\n<!-- \/ Yoast SEO plugin. -->","yoast_head_json":{"title":"Olhos ardendo no fim do dia: por que tela e ar-condicionado podem piorar - Tua Sa\u00fade","description":"Olhos secos podem causar ardor no fim do dia. Entenda como telas e ar-condicionado pioram o ressecamento e quando procurar um oftalmologista.","robots":{"index":"index","follow":"follow","max-snippet":"max-snippet:-1","max-image-preview":"max-image-preview:large","max-video-preview":"max-video-preview:-1"},"canonical":"https:\/\/www.tuasaude.com\/news\/2026\/09\/02\/olhos-ardendo-no-fim-do-dia-por-que-tela-e-ar-condicionado-podem-piorar\/","og_locale":"pt_BR","og_type":"article","og_title":"Olhos ardendo no fim do dia: por que tela e ar-condicionado podem piorar - Tua Sa\u00fade","og_description":"Olhos secos podem causar ardor no fim do dia. Entenda como telas e ar-condicionado pioram o ressecamento e quando procurar um oftalmologista.","og_url":"https:\/\/www.tuasaude.com\/news\/2026\/09\/02\/olhos-ardendo-no-fim-do-dia-por-que-tela-e-ar-condicionado-podem-piorar\/","og_site_name":"Tua Sa\u00fade","article_published_time":"2026-09-02T15:55:00+00:00","og_image":[{"width":1280,"height":714,"url":"https:\/\/www.tuasaude.com\/news\/wp-content\/uploads\/2026\/09\/106485_olhos-ardendo-no-fim-do-dia-por-que-tela-e-ar-condicionado-p_destaque.jpg","type":"image\/jpeg"}],"author":"Jeferson Henrique","twitter_card":"summary_large_image","twitter_misc":{"Escrito por":"Jeferson Henrique","Est. tempo de leitura":"3 minutos"},"schema":{"@context":"https:\/\/schema.org","@graph":[{"@type":"Article","@id":"https:\/\/www.tuasaude.com\/news\/2026\/09\/02\/olhos-ardendo-no-fim-do-dia-por-que-tela-e-ar-condicionado-podem-piorar\/#article","isPartOf":{"@id":"https:\/\/www.tuasaude.com\/news\/2026\/09\/02\/olhos-ardendo-no-fim-do-dia-por-que-tela-e-ar-condicionado-podem-piorar\/"},"author":{"name":"Jeferson Henrique","@id":"https:\/\/www.tuasaude.com\/news\/#\/schema\/person\/963d63d4e1f0c81f5f3a70ba4bcb0ef7"},"headline":"Olhos ardendo no fim do dia: por que tela e ar-condicionado podem piorar","datePublished":"2026-09-02T15:55:00+00:00","mainEntityOfPage":{"@id":"https:\/\/www.tuasaude.com\/news\/2026\/09\/02\/olhos-ardendo-no-fim-do-dia-por-que-tela-e-ar-condicionado-podem-piorar\/"},"wordCount":572,"commentCount":0,"image":{"@id":"https:\/\/www.tuasaude.com\/news\/2026\/09\/02\/olhos-ardendo-no-fim-do-dia-por-que-tela-e-ar-condicionado-podem-piorar\/#primaryimage"},"thumbnailUrl":"https:\/\/www.tuasaude.com\/news\/wp-content\/uploads\/2026\/09\/106485_olhos-ardendo-no-fim-do-dia-por-que-tela-e-ar-condicionado-p_destaque.jpg","keywords":["ardor nos olhos","olho seco","uso de telas"],"articleSection":["Sa\u00fade"],"inLanguage":"pt-BR","potentialAction":[{"@type":"CommentAction","name":"Comment","target":["https:\/\/www.tuasaude.com\/news\/2026\/09\/02\/olhos-ardendo-no-fim-do-dia-por-que-tela-e-ar-condicionado-podem-piorar\/#respond"]}]},{"@type":"WebPage","@id":"https:\/\/www.tuasaude.com\/news\/2026\/09\/02\/olhos-ardendo-no-fim-do-dia-por-que-tela-e-ar-condicionado-podem-piorar\/","url":"https:\/\/www.tuasaude.com\/news\/2026\/09\/02\/olhos-ardendo-no-fim-do-dia-por-que-tela-e-ar-condicionado-podem-piorar\/","name":"Olhos ardendo no fim do dia: por que tela e ar-condicionado podem piorar - Tua Sa\u00fade","isPartOf":{"@id":"https:\/\/www.tuasaude.com\/news\/#website"},"primaryImageOfPage":{"@id":"https:\/\/www.tuasaude.com\/news\/2026\/09\/02\/olhos-ardendo-no-fim-do-dia-por-que-tela-e-ar-condicionado-podem-piorar\/#primaryimage"},"image":{"@id":"https:\/\/www.tuasaude.com\/news\/2026\/09\/02\/olhos-ardendo-no-fim-do-dia-por-que-tela-e-ar-condicionado-podem-piorar\/#primaryimage"},"thumbnailUrl":"https:\/\/www.tuasaude.com\/news\/wp-content\/uploads\/2026\/09\/106485_olhos-ardendo-no-fim-do-dia-por-que-tela-e-ar-condicionado-p_destaque.jpg","datePublished":"2026-09-02T15:55:00+00:00","author":{"@id":"https:\/\/www.tuasaude.com\/news\/#\/schema\/person\/963d63d4e1f0c81f5f3a70ba4bcb0ef7"},"description":"Olhos secos podem causar ardor no fim do dia. Entenda como telas e ar-condicionado pioram o ressecamento e quando procurar um oftalmologista.","breadcrumb":{"@id":"https:\/\/www.tuasaude.com\/news\/2026\/09\/02\/olhos-ardendo-no-fim-do-dia-por-que-tela-e-ar-condicionado-podem-piorar\/#breadcrumb"},"inLanguage":"pt-BR","potentialAction":[{"@type":"ReadAction","target":["https:\/\/www.tuasaude.com\/news\/2026\/09\/02\/olhos-ardendo-no-fim-do-dia-por-que-tela-e-ar-condicionado-podem-piorar\/"]}]},{"@type":"ImageObject","inLanguage":"pt-BR","@id":"https:\/\/www.tuasaude.com\/news\/2026\/09\/02\/olhos-ardendo-no-fim-do-dia-por-que-tela-e-ar-condicionado-podem-piorar\/#primaryimage","url":"https:\/\/www.tuasaude.com\/news\/wp-content\/uploads\/2026\/09\/106485_olhos-ardendo-no-fim-do-dia-por-que-tela-e-ar-condicionado-p_destaque.jpg","contentUrl":"https:\/\/www.tuasaude.com\/news\/wp-content\/uploads\/2026\/09\/106485_olhos-ardendo-no-fim-do-dia-por-que-tela-e-ar-condicionado-p_destaque.jpg","width":1280,"height":714,"caption":"Olhos ardendo no fim do dia podem estar relacionados ao ressecamento provocado por telas e ar-condicionado."},{"@type":"BreadcrumbList","@id":"https:\/\/www.tuasaude.com\/news\/2026\/09\/02\/olhos-ardendo-no-fim-do-dia-por-que-tela-e-ar-condicionado-podem-piorar\/#breadcrumb","itemListElement":[{"@type":"ListItem","position":1,"name":"In\u00edcio","item":"https:\/\/www.tuasaude.com\/news\/"},{"@type":"ListItem","position":2,"name":"Olhos ardendo no fim do dia: por que tela e ar-condicionado podem piorar"}]},{"@type":"WebSite","@id":"https:\/\/www.tuasaude.com\/news\/#website","url":"https:\/\/www.tuasaude.com\/news\/","name":"Tua Sa\u00fade","description":"Seu site de sa\u00fade","potentialAction":[{"@type":"SearchAction","target":{"@type":"EntryPoint","urlTemplate":"https:\/\/www.tuasaude.com\/news\/?s={search_term_string}"},"query-input":{"@type":"PropertyValueSpecification","valueRequired":true,"valueName":"search_term_string"}}],"inLanguage":"pt-BR"},{"@type":"Person","@id":"https:\/\/www.tuasaude.com\/news\/#\/schema\/person\/963d63d4e1f0c81f5f3a70ba4bcb0ef7","name":"Jeferson Henrique","image":{"@type":"ImageObject","inLanguage":"pt-BR","@id":"https:\/\/www.tuasaude.com\/news\/#\/schema\/person\/image\/","url":"https:\/\/secure.gravatar.com\/avatar\/1a476a54a48eb3cdea5dd2f016708263892c6b9f5e54b641df7c65e980fd6f69?s=96&d=mm&r=g","contentUrl":"https:\/\/secure.gravatar.com\/avatar\/1a476a54a48eb3cdea5dd2f016708263892c6b9f5e54b641df7c65e980fd6f69?s=96&d=mm&r=g","caption":"Jeferson Henrique"},"sameAs":["https:\/\/www.tuasaude.com\/news\/"],"url":"https:\/\/www.tuasaude.com\/news\/author\/jeferson-henrique\/"}]}},"_links":{"self":[{"href":"https:\/\/www.tuasaude.com\/news\/wp-json\/wp\/v2\/posts\/106485","targetHints":{"allow":["GET"]}}],"collection":[{"href":"https:\/\/www.tuasaude.com\/news\/wp-json\/wp\/v2\/posts"}],"about":[{"href":"https:\/\/www.tuasaude.com\/news\/wp-json\/wp\/v2\/types\/post"}],"author":[{"embeddable":true,"href":"https:\/\/www.tuasaude.com\/news\/wp-json\/wp\/v2\/users\/12"}],"replies":[{"embeddable":true,"href":"https:\/\/www.tuasaude.com\/news\/wp-json\/wp\/v2\/comments?post=106485"}],"version-history":[{"count":1,"href":"https:\/\/www.tuasaude.com\/news\/wp-json\/wp\/v2\/posts\/106485\/revisions"}],"predecessor-version":[{"id":106489,"href":"https:\/\/www.tuasaude.com\/news\/wp-json\/wp\/v2\/posts\/106485\/revisions\/106489"}],"wp:featuredmedia":[{"embeddable":true,"href":"https:\/\/www.tuasaude.com\/news\/wp-json\/wp\/v2\/media\/106486"}],"wp:attachment":[{"href":"https:\/\/www.tuasaude.com\/news\/wp-json\/wp\/v2\/media?parent=106485"}],"wp:term":[{"taxonomy":"category","embeddable":true,"href":"https:\/\/www.tuasaude.com\/news\/wp-json\/wp\/v2\/categories?post=106485"},{"taxonomy":"post_tag","embeddable":true,"href":"https:\/\/www.tuasaude.com\/news\/wp-json\/wp\/v2\/tags?post=106485"}],"curies":[{"name":"wp","href":"https:\/\/api.w.org\/{rel}","templated":true}]}}