{"id":106465,"date":"2026-09-02T10:48:00","date_gmt":"2026-09-02T13:48:00","guid":{"rendered":"https:\/\/www.tuasaude.com\/news\/?p=106465"},"modified":"2026-09-01T03:10:26","modified_gmt":"2026-09-01T06:10:26","slug":"dedao-do-pe-vermelho-e-dolorido-de-madrugada-por-que-a-crise-pode-comecar-de-repente","status":"publish","type":"post","link":"https:\/\/www.tuasaude.com\/news\/2026\/09\/02\/dedao-do-pe-vermelho-e-dolorido-de-madrugada-por-que-a-crise-pode-comecar-de-repente\/","title":{"rendered":"Ded\u00e3o do p\u00e9 vermelho e dolorido de madrugada: por que a crise pode come\u00e7ar de repente"},"content":{"rendered":"\n<p class=\"wp-block-paragraph\">A <strong>dor no ded\u00e3o<\/strong> que surge de repente durante a madrugada, acompanhada de vermelhid\u00e3o, calor e incha\u00e7o, pode ser um sinal de crise de gota. A inflama\u00e7\u00e3o costuma come\u00e7ar rapidamente e pode ficar t\u00e3o intensa que at\u00e9 o contato do len\u00e7ol incomoda, embora outras doen\u00e7as articulares possam produzir sintomas semelhantes.<\/p>\n\n\n\n<h2 class=\"wp-block-heading\">Por que a gota atinge tanto o ded\u00e3o<\/h2>\n\n\n\n<p class=\"wp-block-paragraph\">A gota acontece quando cristais de urato se acumulam dentro ou ao redor de uma articula\u00e7\u00e3o e desencadeiam uma resposta inflamat\u00f3ria. O ded\u00e3o do p\u00e9 \u00e9 um dos locais mais frequentemente afetados, mas tornozelos, joelhos e outras articula\u00e7\u00f5es tamb\u00e9m podem apresentar crises.<\/p>\n\n\n\n<p class=\"wp-block-paragraph\">Segundo o <a href=\"https:\/\/www.niams.nih.gov\/health-topics\/gout\" target=\"_blank\" rel=\"noopener noreferrer\">National Institute of Arthritis and Musculoskeletal and Skin Diseases<\/a>, as crises de gota frequentemente come\u00e7am de forma s\u00fabita durante a noite e podem causar <strong>dor intensa, incha\u00e7o, vermelhid\u00e3o e aumento da temperatura<\/strong> da articula\u00e7\u00e3o.<\/p>\n\n\n\n<h2 class=\"wp-block-heading\">Quais sinais s\u00e3o comuns durante uma crise<\/h2>\n\n\n<div class=\"wp-block-image wp-block-image size-large\">\n<figure class=\"aligncenter\"><img decoding=\"async\" width=\"1280\" height=\"714\" src=\"https:\/\/www.tuasaude.com\/news\/wp-content\/uploads\/2026\/09\/106465_dedao-do-pe-vermelho-e-dolorido-de-madrugada-por-que-a-crise_corpo.jpg\" alt=\"Na gota, cristais de urato podem provocar inflama\u00e7\u00e3o intensa, dor, calor e incha\u00e7o na articula\u00e7\u00e3o do ded\u00e3o.\" class=\"wp-image-106467\" srcset=\"https:\/\/www.tuasaude.com\/news\/wp-content\/uploads\/2026\/09\/106465_dedao-do-pe-vermelho-e-dolorido-de-madrugada-por-que-a-crise_corpo.jpg 1280w, https:\/\/www.tuasaude.com\/news\/wp-content\/uploads\/2026\/09\/106465_dedao-do-pe-vermelho-e-dolorido-de-madrugada-por-que-a-crise_corpo-300x167.jpg 300w, https:\/\/www.tuasaude.com\/news\/wp-content\/uploads\/2026\/09\/106465_dedao-do-pe-vermelho-e-dolorido-de-madrugada-por-que-a-crise_corpo-1024x571.jpg 1024w, https:\/\/www.tuasaude.com\/news\/wp-content\/uploads\/2026\/09\/106465_dedao-do-pe-vermelho-e-dolorido-de-madrugada-por-que-a-crise_corpo-768x428.jpg 768w, https:\/\/www.tuasaude.com\/news\/wp-content\/uploads\/2026\/09\/106465_dedao-do-pe-vermelho-e-dolorido-de-madrugada-por-que-a-crise_corpo-750x418.jpg 750w, https:\/\/www.tuasaude.com\/news\/wp-content\/uploads\/2026\/09\/106465_dedao-do-pe-vermelho-e-dolorido-de-madrugada-por-que-a-crise_corpo-1140x636.jpg 1140w\" sizes=\"(max-width: 1280px) 100vw, 1280px\" \/><figcaption class=\"wp-element-caption\">Na gota, cristais de urato podem provocar inflama\u00e7\u00e3o intensa, dor, calor e incha\u00e7o na articula\u00e7\u00e3o do ded\u00e3o.<\/figcaption><\/figure>\n<\/div>\n\n\n<p class=\"wp-block-paragraph\">Os sintomas podem aumentar rapidamente ao longo de algumas horas. Al\u00e9m da dor no ded\u00e3o, algumas caracter\u00edsticas ajudam a reconhecer o padr\u00e3o t\u00edpico de uma crise inflamat\u00f3ria:<\/p>\n\n\n\n<ul class=\"wp-block-list\">\n<li><strong>dor muito intensa e de in\u00edcio repentino<\/strong>;<\/li>\n<li>incha\u00e7o ao redor da articula\u00e7\u00e3o;<\/li>\n<li>pele avermelhada e quente;<\/li>\n<li>grande sensibilidade ao toque;<\/li>\n<li>dificuldade para caminhar ou movimentar o dedo.<\/li>\n<\/ul>\n\n\n\n<h2 class=\"wp-block-heading\">O que um estudo mostra sobre as crises noturnas<\/h2>\n\n\n\n<p class=\"wp-block-paragraph\">Segundo o estudo prospectivo <a href=\"https:\/\/pubmed.ncbi.nlm.nih.gov\/25504842\/\" target=\"_blank\" rel=\"noopener noreferrer\"><em>Nocturnal risk of gout attacks<\/em><\/a>, publicado na revista <em>Arthritis &amp; Rheumatology<\/em> em 2015, o risco de uma crise de gota entre meia-noite e 7h59 foi cerca de <strong>2,4 vezes maior<\/strong> do que durante o per\u00edodo diurno analisado.<\/p>\n\n\n\n<p class=\"wp-block-paragraph\">O estudo acompanhou 724 pessoas com gota e registrou 1.433 crises ao longo de um ano. Os resultados ajudam a explicar por que algumas pessoas s\u00e3o acordadas por uma dor articular intensa mesmo depois de terem ido dormir sem desconforto.<\/p>\n\n\n\n<h2 class=\"wp-block-heading\">O que fazer quando o ded\u00e3o come\u00e7a a doer<\/h2>\n\n\n\n<p class=\"wp-block-paragraph\">Uma crise suspeita n\u00e3o deve ser tratada apenas com mudan\u00e7as na alimenta\u00e7\u00e3o ou rem\u00e9dios usados por conta pr\u00f3pria. At\u00e9 receber orienta\u00e7\u00e3o, algumas medidas podem diminuir a sobrecarga sobre a articula\u00e7\u00e3o.<\/p>\n\n\n\n<ul class=\"wp-block-list\">\n<li>Descanse o p\u00e9 e evite atividades que aumentem a dor;<\/li>\n<li>evite apertar ou massagear intensamente a articula\u00e7\u00e3o;<\/li>\n<li>mantenha a hidrata\u00e7\u00e3o habitual;<\/li>\n<li>observe se aparecem febre ou piora r\u00e1pida do incha\u00e7o;<\/li>\n<li>procure avalia\u00e7\u00e3o para confirmar se realmente se trata de <a href=\"https:\/\/www.tuasaude.com\/gota\/\" target=\"_blank\" rel=\"noopener noreferrer\">gota<\/a>.<\/li>\n<\/ul>\n\n\n<div class=\"wp-block-image wp-block-image size-large\">\n<figure class=\"aligncenter\"><img decoding=\"async\" width=\"1280\" height=\"575\" src=\"https:\/\/www.tuasaude.com\/news\/wp-content\/uploads\/2026\/09\/106465_dedao-do-pe-vermelho-e-dolorido-de-madrugada-por-que-a-crise_tabela.jpg\" alt=\"Ded\u00e3o vermelho e dolorido de madrugada: sinais que podem indicar crise de gota\" class=\"wp-image-106468\" srcset=\"https:\/\/www.tuasaude.com\/news\/wp-content\/uploads\/2026\/09\/106465_dedao-do-pe-vermelho-e-dolorido-de-madrugada-por-que-a-crise_tabela.jpg 1280w, https:\/\/www.tuasaude.com\/news\/wp-content\/uploads\/2026\/09\/106465_dedao-do-pe-vermelho-e-dolorido-de-madrugada-por-que-a-crise_tabela-300x135.jpg 300w, https:\/\/www.tuasaude.com\/news\/wp-content\/uploads\/2026\/09\/106465_dedao-do-pe-vermelho-e-dolorido-de-madrugada-por-que-a-crise_tabela-1024x460.jpg 1024w, https:\/\/www.tuasaude.com\/news\/wp-content\/uploads\/2026\/09\/106465_dedao-do-pe-vermelho-e-dolorido-de-madrugada-por-que-a-crise_tabela-768x345.jpg 768w, https:\/\/www.tuasaude.com\/news\/wp-content\/uploads\/2026\/09\/106465_dedao-do-pe-vermelho-e-dolorido-de-madrugada-por-que-a-crise_tabela-750x337.jpg 750w, https:\/\/www.tuasaude.com\/news\/wp-content\/uploads\/2026\/09\/106465_dedao-do-pe-vermelho-e-dolorido-de-madrugada-por-que-a-crise_tabela-1140x512.jpg 1140w\" sizes=\"(max-width: 1280px) 100vw, 1280px\" \/><figcaption class=\"wp-element-caption\">Ded\u00e3o vermelho e dolorido de madrugada: sinais que podem indicar crise de gota<\/figcaption><\/figure>\n<\/div>\n\n\n<h2 class=\"wp-block-heading\">Quando a dor no ded\u00e3o precisa de avalia\u00e7\u00e3o r\u00e1pida<\/h2>\n\n\n\n<p class=\"wp-block-paragraph\">Uma <strong>dor muito intensa pela primeira vez<\/strong> deve ser avaliada, principalmente porque infec\u00e7\u00f5es e outros tipos de artrite podem se parecer com uma crise de gota. O diagn\u00f3stico pode exigir exame da articula\u00e7\u00e3o, exames de sangue e, em alguns casos, an\u00e1lise do l\u00edquido articular.<\/p>\n\n\n\n<p class=\"wp-block-paragraph\">Procure atendimento rapidamente se houver <strong>febre, mal-estar ou uma articula\u00e7\u00e3o muito quente, vermelha e inchada<\/strong>, especialmente quando o diagn\u00f3stico de gota nunca foi confirmado. Uma infec\u00e7\u00e3o articular precisa ser descartada com rapidez.<\/p>\n\n\n\n<p class=\"wp-block-paragraph\"><strong>Este conte\u00fado \u00e9 apenas informativo e n\u00e3o substitui a avalia\u00e7\u00e3o, o diagn\u00f3stico ou o tratamento indicado por um m\u00e9dico.<\/strong><\/p>\n","protected":false},"excerpt":{"rendered":"<p>A dor no ded\u00e3o que surge de repente durante a madrugada, acompanhada de vermelhid\u00e3o, calor e incha\u00e7o, pode ser um sinal de crise de gota. A inflama\u00e7\u00e3o costuma come\u00e7ar rapidamente e pode ficar t\u00e3o intensa que at\u00e9 o contato do len\u00e7ol incomoda, embora outras doen\u00e7as articulares possam produzir sintomas semelhantes. Por que a gota atinge [&hellip;]<\/p>\n","protected":false},"author":12,"featured_media":106466,"comment_status":"open","ping_status":"open","sticky":false,"template":"","format":"standard","meta":{"_yoast_wpseo_focuskw":"dor no ded\u00e3o","_yoast_wpseo_title":"","_yoast_wpseo_metadesc":"Dor no ded\u00e3o com vermelhid\u00e3o, calor e incha\u00e7o pode indicar gota. Entenda por que as crises surgem \u00e0 noite e quando procurar avalia\u00e7\u00e3o m\u00e9dica.","jnews-multi-image_gallery":[],"jnews_single_post":[],"jnews_primary_category":[],"jnews_social_meta":[],"jnews_override_counter":[],"footnotes":""},"categories":[111],"tags":[8455,9253,12932],"class_list":["post-106465","post","type-post","status-publish","format-standard","has-post-thumbnail","hentry","category-saude","tag-acido-urico-2","tag-crise-de-gota","tag-dedao-inchado"],"yoast_head":"<!-- This site is optimized with the Yoast SEO plugin v26.7 - https:\/\/yoast.com\/wordpress\/plugins\/seo\/ -->\n<title>Ded\u00e3o do p\u00e9 vermelho e dolorido de madrugada: por que a crise pode come\u00e7ar de repente - Tua Sa\u00fade<\/title>\n<meta name=\"description\" content=\"Dor no ded\u00e3o com vermelhid\u00e3o, calor e incha\u00e7o pode indicar gota. Entenda por que as crises surgem \u00e0 noite e quando procurar avalia\u00e7\u00e3o m\u00e9dica.\" \/>\n<meta name=\"robots\" content=\"index, follow, max-snippet:-1, max-image-preview:large, max-video-preview:-1\" \/>\n<link rel=\"canonical\" href=\"https:\/\/www.tuasaude.com\/news\/2026\/09\/02\/dedao-do-pe-vermelho-e-dolorido-de-madrugada-por-que-a-crise-pode-comecar-de-repente\/\" \/>\n<meta property=\"og:locale\" content=\"pt_BR\" \/>\n<meta property=\"og:type\" content=\"article\" \/>\n<meta property=\"og:title\" content=\"Ded\u00e3o do p\u00e9 vermelho e dolorido de madrugada: por que a crise pode come\u00e7ar de repente - Tua Sa\u00fade\" \/>\n<meta property=\"og:description\" content=\"Dor no ded\u00e3o com vermelhid\u00e3o, calor e incha\u00e7o pode indicar gota. Entenda por que as crises surgem \u00e0 noite e quando procurar avalia\u00e7\u00e3o m\u00e9dica.\" \/>\n<meta property=\"og:url\" content=\"https:\/\/www.tuasaude.com\/news\/2026\/09\/02\/dedao-do-pe-vermelho-e-dolorido-de-madrugada-por-que-a-crise-pode-comecar-de-repente\/\" \/>\n<meta property=\"og:site_name\" content=\"Tua Sa\u00fade\" \/>\n<meta property=\"article:published_time\" content=\"2026-09-02T13:48:00+00:00\" \/>\n<meta property=\"og:image\" content=\"https:\/\/www.tuasaude.com\/news\/wp-content\/uploads\/2026\/09\/106465_dedao-do-pe-vermelho-e-dolorido-de-madrugada-por-que-a-crise_destaque.jpg\" \/>\n\t<meta property=\"og:image:width\" content=\"1280\" \/>\n\t<meta property=\"og:image:height\" content=\"714\" \/>\n\t<meta property=\"og:image:type\" content=\"image\/jpeg\" \/>\n<meta name=\"author\" content=\"Jeferson Henrique\" \/>\n<meta name=\"twitter:card\" content=\"summary_large_image\" \/>\n<meta name=\"twitter:label1\" content=\"Escrito por\" \/>\n\t<meta name=\"twitter:data1\" content=\"Jeferson Henrique\" \/>\n\t<meta name=\"twitter:label2\" content=\"Est. tempo de leitura\" \/>\n\t<meta name=\"twitter:data2\" content=\"3 minutos\" \/>\n<!-- \/ Yoast SEO plugin. -->","yoast_head_json":{"title":"Ded\u00e3o do p\u00e9 vermelho e dolorido de madrugada: por que a crise pode come\u00e7ar de repente - Tua Sa\u00fade","description":"Dor no ded\u00e3o com vermelhid\u00e3o, calor e incha\u00e7o pode indicar gota. Entenda por que as crises surgem \u00e0 noite e quando procurar avalia\u00e7\u00e3o m\u00e9dica.","robots":{"index":"index","follow":"follow","max-snippet":"max-snippet:-1","max-image-preview":"max-image-preview:large","max-video-preview":"max-video-preview:-1"},"canonical":"https:\/\/www.tuasaude.com\/news\/2026\/09\/02\/dedao-do-pe-vermelho-e-dolorido-de-madrugada-por-que-a-crise-pode-comecar-de-repente\/","og_locale":"pt_BR","og_type":"article","og_title":"Ded\u00e3o do p\u00e9 vermelho e dolorido de madrugada: por que a crise pode come\u00e7ar de repente - Tua Sa\u00fade","og_description":"Dor no ded\u00e3o com vermelhid\u00e3o, calor e incha\u00e7o pode indicar gota. Entenda por que as crises surgem \u00e0 noite e quando procurar avalia\u00e7\u00e3o m\u00e9dica.","og_url":"https:\/\/www.tuasaude.com\/news\/2026\/09\/02\/dedao-do-pe-vermelho-e-dolorido-de-madrugada-por-que-a-crise-pode-comecar-de-repente\/","og_site_name":"Tua Sa\u00fade","article_published_time":"2026-09-02T13:48:00+00:00","og_image":[{"width":1280,"height":714,"url":"https:\/\/www.tuasaude.com\/news\/wp-content\/uploads\/2026\/09\/106465_dedao-do-pe-vermelho-e-dolorido-de-madrugada-por-que-a-crise_destaque.jpg","type":"image\/jpeg"}],"author":"Jeferson Henrique","twitter_card":"summary_large_image","twitter_misc":{"Escrito por":"Jeferson Henrique","Est. tempo de leitura":"3 minutos"},"schema":{"@context":"https:\/\/schema.org","@graph":[{"@type":"Article","@id":"https:\/\/www.tuasaude.com\/news\/2026\/09\/02\/dedao-do-pe-vermelho-e-dolorido-de-madrugada-por-que-a-crise-pode-comecar-de-repente\/#article","isPartOf":{"@id":"https:\/\/www.tuasaude.com\/news\/2026\/09\/02\/dedao-do-pe-vermelho-e-dolorido-de-madrugada-por-que-a-crise-pode-comecar-de-repente\/"},"author":{"name":"Jeferson Henrique","@id":"https:\/\/www.tuasaude.com\/news\/#\/schema\/person\/963d63d4e1f0c81f5f3a70ba4bcb0ef7"},"headline":"Ded\u00e3o do p\u00e9 vermelho e dolorido de madrugada: por que a crise pode come\u00e7ar de repente","datePublished":"2026-09-02T13:48:00+00:00","mainEntityOfPage":{"@id":"https:\/\/www.tuasaude.com\/news\/2026\/09\/02\/dedao-do-pe-vermelho-e-dolorido-de-madrugada-por-que-a-crise-pode-comecar-de-repente\/"},"wordCount":578,"commentCount":0,"image":{"@id":"https:\/\/www.tuasaude.com\/news\/2026\/09\/02\/dedao-do-pe-vermelho-e-dolorido-de-madrugada-por-que-a-crise-pode-comecar-de-repente\/#primaryimage"},"thumbnailUrl":"https:\/\/www.tuasaude.com\/news\/wp-content\/uploads\/2026\/09\/106465_dedao-do-pe-vermelho-e-dolorido-de-madrugada-por-que-a-crise_destaque.jpg","keywords":["\u00c1cido \u00farico","crise de gota","ded\u00e3o inchado"],"articleSection":["Sa\u00fade"],"inLanguage":"pt-BR","potentialAction":[{"@type":"CommentAction","name":"Comment","target":["https:\/\/www.tuasaude.com\/news\/2026\/09\/02\/dedao-do-pe-vermelho-e-dolorido-de-madrugada-por-que-a-crise-pode-comecar-de-repente\/#respond"]}]},{"@type":"WebPage","@id":"https:\/\/www.tuasaude.com\/news\/2026\/09\/02\/dedao-do-pe-vermelho-e-dolorido-de-madrugada-por-que-a-crise-pode-comecar-de-repente\/","url":"https:\/\/www.tuasaude.com\/news\/2026\/09\/02\/dedao-do-pe-vermelho-e-dolorido-de-madrugada-por-que-a-crise-pode-comecar-de-repente\/","name":"Ded\u00e3o do p\u00e9 vermelho e dolorido de madrugada: por que a crise pode come\u00e7ar de repente - Tua Sa\u00fade","isPartOf":{"@id":"https:\/\/www.tuasaude.com\/news\/#website"},"primaryImageOfPage":{"@id":"https:\/\/www.tuasaude.com\/news\/2026\/09\/02\/dedao-do-pe-vermelho-e-dolorido-de-madrugada-por-que-a-crise-pode-comecar-de-repente\/#primaryimage"},"image":{"@id":"https:\/\/www.tuasaude.com\/news\/2026\/09\/02\/dedao-do-pe-vermelho-e-dolorido-de-madrugada-por-que-a-crise-pode-comecar-de-repente\/#primaryimage"},"thumbnailUrl":"https:\/\/www.tuasaude.com\/news\/wp-content\/uploads\/2026\/09\/106465_dedao-do-pe-vermelho-e-dolorido-de-madrugada-por-que-a-crise_destaque.jpg","datePublished":"2026-09-02T13:48:00+00:00","author":{"@id":"https:\/\/www.tuasaude.com\/news\/#\/schema\/person\/963d63d4e1f0c81f5f3a70ba4bcb0ef7"},"description":"Dor no ded\u00e3o com vermelhid\u00e3o, calor e incha\u00e7o pode indicar gota. Entenda por que as crises surgem \u00e0 noite e quando procurar avalia\u00e7\u00e3o m\u00e9dica.","breadcrumb":{"@id":"https:\/\/www.tuasaude.com\/news\/2026\/09\/02\/dedao-do-pe-vermelho-e-dolorido-de-madrugada-por-que-a-crise-pode-comecar-de-repente\/#breadcrumb"},"inLanguage":"pt-BR","potentialAction":[{"@type":"ReadAction","target":["https:\/\/www.tuasaude.com\/news\/2026\/09\/02\/dedao-do-pe-vermelho-e-dolorido-de-madrugada-por-que-a-crise-pode-comecar-de-repente\/"]}]},{"@type":"ImageObject","inLanguage":"pt-BR","@id":"https:\/\/www.tuasaude.com\/news\/2026\/09\/02\/dedao-do-pe-vermelho-e-dolorido-de-madrugada-por-que-a-crise-pode-comecar-de-repente\/#primaryimage","url":"https:\/\/www.tuasaude.com\/news\/wp-content\/uploads\/2026\/09\/106465_dedao-do-pe-vermelho-e-dolorido-de-madrugada-por-que-a-crise_destaque.jpg","contentUrl":"https:\/\/www.tuasaude.com\/news\/wp-content\/uploads\/2026\/09\/106465_dedao-do-pe-vermelho-e-dolorido-de-madrugada-por-que-a-crise_destaque.jpg","width":1280,"height":714,"caption":"Dor s\u00fabita, vermelhid\u00e3o e incha\u00e7o no ded\u00e3o do p\u00e9 durante a madrugada podem indicar uma crise de gota."},{"@type":"BreadcrumbList","@id":"https:\/\/www.tuasaude.com\/news\/2026\/09\/02\/dedao-do-pe-vermelho-e-dolorido-de-madrugada-por-que-a-crise-pode-comecar-de-repente\/#breadcrumb","itemListElement":[{"@type":"ListItem","position":1,"name":"In\u00edcio","item":"https:\/\/www.tuasaude.com\/news\/"},{"@type":"ListItem","position":2,"name":"Ded\u00e3o do p\u00e9 vermelho e dolorido de madrugada: por que a crise pode come\u00e7ar de repente"}]},{"@type":"WebSite","@id":"https:\/\/www.tuasaude.com\/news\/#website","url":"https:\/\/www.tuasaude.com\/news\/","name":"Tua Sa\u00fade","description":"Seu site de sa\u00fade","potentialAction":[{"@type":"SearchAction","target":{"@type":"EntryPoint","urlTemplate":"https:\/\/www.tuasaude.com\/news\/?s={search_term_string}"},"query-input":{"@type":"PropertyValueSpecification","valueRequired":true,"valueName":"search_term_string"}}],"inLanguage":"pt-BR"},{"@type":"Person","@id":"https:\/\/www.tuasaude.com\/news\/#\/schema\/person\/963d63d4e1f0c81f5f3a70ba4bcb0ef7","name":"Jeferson Henrique","image":{"@type":"ImageObject","inLanguage":"pt-BR","@id":"https:\/\/www.tuasaude.com\/news\/#\/schema\/person\/image\/","url":"https:\/\/secure.gravatar.com\/avatar\/1a476a54a48eb3cdea5dd2f016708263892c6b9f5e54b641df7c65e980fd6f69?s=96&d=mm&r=g","contentUrl":"https:\/\/secure.gravatar.com\/avatar\/1a476a54a48eb3cdea5dd2f016708263892c6b9f5e54b641df7c65e980fd6f69?s=96&d=mm&r=g","caption":"Jeferson Henrique"},"sameAs":["https:\/\/www.tuasaude.com\/news\/"],"url":"https:\/\/www.tuasaude.com\/news\/author\/jeferson-henrique\/"}]}},"_links":{"self":[{"href":"https:\/\/www.tuasaude.com\/news\/wp-json\/wp\/v2\/posts\/106465","targetHints":{"allow":["GET"]}}],"collection":[{"href":"https:\/\/www.tuasaude.com\/news\/wp-json\/wp\/v2\/posts"}],"about":[{"href":"https:\/\/www.tuasaude.com\/news\/wp-json\/wp\/v2\/types\/post"}],"author":[{"embeddable":true,"href":"https:\/\/www.tuasaude.com\/news\/wp-json\/wp\/v2\/users\/12"}],"replies":[{"embeddable":true,"href":"https:\/\/www.tuasaude.com\/news\/wp-json\/wp\/v2\/comments?post=106465"}],"version-history":[{"count":1,"href":"https:\/\/www.tuasaude.com\/news\/wp-json\/wp\/v2\/posts\/106465\/revisions"}],"predecessor-version":[{"id":106469,"href":"https:\/\/www.tuasaude.com\/news\/wp-json\/wp\/v2\/posts\/106465\/revisions\/106469"}],"wp:featuredmedia":[{"embeddable":true,"href":"https:\/\/www.tuasaude.com\/news\/wp-json\/wp\/v2\/media\/106466"}],"wp:attachment":[{"href":"https:\/\/www.tuasaude.com\/news\/wp-json\/wp\/v2\/media?parent=106465"}],"wp:term":[{"taxonomy":"category","embeddable":true,"href":"https:\/\/www.tuasaude.com\/news\/wp-json\/wp\/v2\/categories?post=106465"},{"taxonomy":"post_tag","embeddable":true,"href":"https:\/\/www.tuasaude.com\/news\/wp-json\/wp\/v2\/tags?post=106465"}],"curies":[{"name":"wp","href":"https:\/\/api.w.org\/{rel}","templated":true}]}}